{"id":2381,"date":"2024-06-19T09:02:58","date_gmt":"2024-06-19T12:02:58","guid":{"rendered":"https:\/\/ninamartinelli.com.br\/blog2\/?p=2381"},"modified":"2024-06-19T09:02:58","modified_gmt":"2024-06-19T12:02:58","slug":"mix-modernista-brasileiro-e-heranca-italiana-da-nina-martinelli-num-so-revestimento","status":"publish","type":"post","link":"https:\/\/ninamartinelli.com.br\/blog2\/mix-modernista-brasileiro-e-heranca-italiana-da-nina-martinelli-num-so-revestimento\/","title":{"rendered":"Mix modernista brasileiro e heran\u00e7a italiana da Nina Martinelli num s\u00f3 revestimento"},"content":{"rendered":"<p>Mix modernista brasileiro e heran\u00e7a italiana &#8211; O charme do estilo Modernista brasileiro e seu impacto na arquitetura e no design de ambientes se mostram resistentes ao passar das d\u00e9cadas. Se nos anos 1930, 1940 e 1950 esse estilo provocava saud\u00e1veis inova\u00e7\u00f5es nos espa\u00e7os privados e p\u00fablicos, com pain\u00e9is de azulejos al\u00e7ados a elementos de destaque visual nos projetos, hoje ele ainda reflete modernidade, bom gosto, ousadia e eleg\u00e2ncia. E ressurge, renovado por cria\u00e7\u00f5es que exploram mat\u00e9rias primas de diferentes origens e com variadas caracter\u00edsticas.<\/p>\n<p>A Nina Martinelli foi buscar na genialidade da azulejaria modernista brasileira e em sua pr\u00f3pria origem italiana, de tanta tradi\u00e7\u00e3o no design cer\u00e2mico de pegada extremamente natural, as inspira\u00e7\u00f5es para criar o <a href=\"https:\/\/ninamartinelli.com.br\/produtos\/modernista-mix\/\">Modernista<\/a>, um revestimento que \u00e9 um verdadeiro presente para os olhos, al\u00e9m de ser uma solu\u00e7\u00e3o de grande valor agregado, sustentabilidade e praticidade para os ambientes.<\/p>\n<p>Produzido em cer\u00e2mica, o revestimento mede 29,5&#215;29,5cm, mas seu visual e estampa geom\u00e9trica remetem aos azulejos dos consagrados pain\u00e9is de <a href=\"https:\/\/fundathos.org.br\/galeriavirtual\">Athos Bulc\u00e3o<\/a> e sua imensa afinidade com as refer\u00eancias criativas dos g\u00eanios <a href=\"https:\/\/www.oscarniemeyer.org.br\/\">Oscar Niemeyer<\/a> e L\u00facio Costa, por exemplo.<\/p>\n<p>O padr\u00e3o visual obtido com a geometria das estampas e o jogo de tons do Modernista da Nina Martinelli oferecem um rico material para enriquecer projetos nos quais o produto pode ser aplicado para revestir completamente paredes internas ou externas, ou tamb\u00e9m para a cria\u00e7\u00e3o de pain\u00e9is, faixas, p\u00f3rticos e outros elementos de destaque verdadeiramente decorativos.<\/p>\n<p>Nina disponibiliza o Modernista nos tons Rosso, Paglia e Nero. Mas um dos grandes diferenciais desse modelo \u00e9 que ele tamb\u00e9m funciona com impacto visual surpreendente quando se usa um mix de todos os tons.<\/p>\n<p>Navegue pelo nosso site e veja todas as vers\u00f5es desse revestimento cheio de personalidade, hist\u00f3ria e possibilidades!<\/p>\n<p><strong>Servi\u00e7o:<\/strong><\/p>\n<p><strong>Mix modernista brasileiro e heran\u00e7a italiana<\/strong><\/p>\n<p>Revestimento Modernista 29,5&#215;29,5<\/p>\n<p>Paredes internas e externas<\/p>\n<p>Tons: Rosso, Paglia e Nero<\/p>\n<p>&nbsp;<\/p>\n","protected":false},"excerpt":{"rendered":"<p>Mix modernista brasileiro e heran\u00e7a italiana &#8211; O charme do estilo Modernista brasileiro e seu<\/p>\n","protected":false},"author":2,"featured_media":2382,"comment_status":"open","ping_status":"open","sticky":false,"template":"","format":"standard","meta":{"footnotes":""},"categories":[59,165,26,129],"tags":[39,40,100,37,46,131],"class_list":["post-2381","post","type-post","status-publish","format-standard","has-post-thumbnail","hentry","category-ceramica","category-lancamentos-2024","category-revestimentos","category-sustentabilidade","tag-area-externa","tag-area-interna","tag-lancamentos","tag-parede","tag-revestimento","tag-sustentabilidade"],"yoast_head":"<!-- This site is optimized with the Yoast SEO plugin v26.8 - https:\/\/yoast.com\/product\/yoast-seo-wordpress\/ -->\n<title>Mix modernista brasileiro e heran\u00e7a italiana da Nina Martinelli num s\u00f3 revestimento<\/title>\n<meta name=\"description\" content=\"Mix modernista brasileiro e heran\u00e7a italiana se fundem no processo criativo da Nina Martinelli que resultou num revestimento surpreendente\" \/>\n<meta name=\"robots\" content=\"index, follow, max-snippet:-1, max-image-preview:large, max-video-preview:-1\" \/>\n<link rel=\"canonical\" href=\"https:\/\/ninamartinelli.com.br\/blog2\/mix-modernista-brasileiro-e-heranca-italiana-da-nina-martinelli-num-so-revestimento\/\" \/>\n<meta property=\"og:locale\" content=\"pt_BR\" \/>\n<meta property=\"og:type\" content=\"article\" \/>\n<meta property=\"og:title\" content=\"Mix modernista brasileiro e heran\u00e7a italiana da Nina Martinelli num s\u00f3 revestimento\" \/>\n<meta property=\"og:description\" content=\"Mix modernista brasileiro e heran\u00e7a italiana se fundem no processo criativo da Nina Martinelli que resultou num revestimento surpreendente\" \/>\n<meta property=\"og:url\" content=\"https:\/\/ninamartinelli.com.br\/blog2\/mix-modernista-brasileiro-e-heranca-italiana-da-nina-martinelli-num-so-revestimento\/\" \/>\n<meta property=\"og:site_name\" content=\"Blog Nina\" \/>\n<meta property=\"article:published_time\" content=\"2024-06-19T12:02:58+00:00\" \/>\n<meta property=\"og:image\" content=\"https:\/\/ninamartinelli.com.br\/blog2\/wp-content\/uploads\/2024\/06\/Modernista-foto-para-post.png\" \/>\n\t<meta property=\"og:image:width\" content=\"1080\" \/>\n\t<meta property=\"og:image:height\" content=\"1080\" \/>\n\t<meta property=\"og:image:type\" content=\"image\/png\" \/>\n<meta name=\"author\" content=\"Ana Maria Devides\" \/>\n<meta name=\"twitter:card\" content=\"summary_large_image\" \/>\n<meta name=\"twitter:label1\" content=\"Escrito por\" \/>\n\t<meta name=\"twitter:data1\" content=\"Ana Maria Devides\" \/>\n\t<meta name=\"twitter:label2\" content=\"Est. tempo de leitura\" \/>\n\t<meta name=\"twitter:data2\" content=\"2 minutos\" \/>\n<script type=\"application\/ld+json\" class=\"yoast-schema-graph\">{\"@context\":\"https:\/\/schema.org\",\"@graph\":[{\"@type\":\"Article\",\"@id\":\"https:\/\/ninamartinelli.com.br\/blog2\/mix-modernista-brasileiro-e-heranca-italiana-da-nina-martinelli-num-so-revestimento\/#article\",\"isPartOf\":{\"@id\":\"https:\/\/ninamartinelli.com.br\/blog2\/mix-modernista-brasileiro-e-heranca-italiana-da-nina-martinelli-num-so-revestimento\/\"},\"author\":{\"name\":\"Ana Maria Devides\",\"@id\":\"https:\/\/ninamartinelli.com.br\/blog2\/#\/schema\/person\/43fbfb1d4cbe3b472995206b2bb06df5\"},\"headline\":\"Mix modernista brasileiro e heran\u00e7a italiana da Nina Martinelli num s\u00f3 revestimento\",\"datePublished\":\"2024-06-19T12:02:58+00:00\",\"mainEntityOfPage\":{\"@id\":\"https:\/\/ninamartinelli.com.br\/blog2\/mix-modernista-brasileiro-e-heranca-italiana-da-nina-martinelli-num-so-revestimento\/\"},\"wordCount\":354,\"commentCount\":0,\"publisher\":{\"@id\":\"https:\/\/ninamartinelli.com.br\/blog2\/#organization\"},\"image\":{\"@id\":\"https:\/\/ninamartinelli.com.br\/blog2\/mix-modernista-brasileiro-e-heranca-italiana-da-nina-martinelli-num-so-revestimento\/#primaryimage\"},\"thumbnailUrl\":\"https:\/\/ninamartinelli.com.br\/blog2\/wp-content\/uploads\/2024\/06\/Modernista-foto-para-post.png\",\"keywords\":[\"area externa\",\"area interna\",\"lan\u00e7amentos\",\"parede\",\"revestimento\",\"Sustentabilidade\"],\"articleSection\":[\"Cer\u00e2mica\",\"LAN\u00c7AMENTOS 2024\",\"Revestimentos\",\"Sustentabilidade\"],\"inLanguage\":\"pt-BR\",\"potentialAction\":[{\"@type\":\"CommentAction\",\"name\":\"Comment\",\"target\":[\"https:\/\/ninamartinelli.com.br\/blog2\/mix-modernista-brasileiro-e-heranca-italiana-da-nina-martinelli-num-so-revestimento\/#respond\"]}]},{\"@type\":\"WebPage\",\"@id\":\"https:\/\/ninamartinelli.com.br\/blog2\/mix-modernista-brasileiro-e-heranca-italiana-da-nina-martinelli-num-so-revestimento\/\",\"url\":\"https:\/\/ninamartinelli.com.br\/blog2\/mix-modernista-brasileiro-e-heranca-italiana-da-nina-martinelli-num-so-revestimento\/\",\"name\":\"Mix modernista brasileiro e heran\u00e7a italiana da Nina Martinelli num s\u00f3 revestimento\",\"isPartOf\":{\"@id\":\"https:\/\/ninamartinelli.com.br\/blog2\/#website\"},\"primaryImageOfPage\":{\"@id\":\"https:\/\/ninamartinelli.com.br\/blog2\/mix-modernista-brasileiro-e-heranca-italiana-da-nina-martinelli-num-so-revestimento\/#primaryimage\"},\"image\":{\"@id\":\"https:\/\/ninamartinelli.com.br\/blog2\/mix-modernista-brasileiro-e-heranca-italiana-da-nina-martinelli-num-so-revestimento\/#primaryimage\"},\"thumbnailUrl\":\"https:\/\/ninamartinelli.com.br\/blog2\/wp-content\/uploads\/2024\/06\/Modernista-foto-para-post.png\",\"datePublished\":\"2024-06-19T12:02:58+00:00\",\"description\":\"Mix modernista brasileiro e heran\u00e7a italiana se fundem no processo criativo da Nina Martinelli que resultou num revestimento surpreendente\",\"breadcrumb\":{\"@id\":\"https:\/\/ninamartinelli.com.br\/blog2\/mix-modernista-brasileiro-e-heranca-italiana-da-nina-martinelli-num-so-revestimento\/#breadcrumb\"},\"inLanguage\":\"pt-BR\",\"potentialAction\":[{\"@type\":\"ReadAction\",\"target\":[\"https:\/\/ninamartinelli.com.br\/blog2\/mix-modernista-brasileiro-e-heranca-italiana-da-nina-martinelli-num-so-revestimento\/\"]}]},{\"@type\":\"ImageObject\",\"inLanguage\":\"pt-BR\",\"@id\":\"https:\/\/ninamartinelli.com.br\/blog2\/mix-modernista-brasileiro-e-heranca-italiana-da-nina-martinelli-num-so-revestimento\/#primaryimage\",\"url\":\"https:\/\/ninamartinelli.com.br\/blog2\/wp-content\/uploads\/2024\/06\/Modernista-foto-para-post.png\",\"contentUrl\":\"https:\/\/ninamartinelli.com.br\/blog2\/wp-content\/uploads\/2024\/06\/Modernista-foto-para-post.png\",\"width\":1080,\"height\":1080},{\"@type\":\"BreadcrumbList\",\"@id\":\"https:\/\/ninamartinelli.com.br\/blog2\/mix-modernista-brasileiro-e-heranca-italiana-da-nina-martinelli-num-so-revestimento\/#breadcrumb\",\"itemListElement\":[{\"@type\":\"ListItem\",\"position\":1,\"name\":\"In\u00edcio\",\"item\":\"https:\/\/ninamartinelli.com.br\/blog2\/\"},{\"@type\":\"ListItem\",\"position\":2,\"name\":\"Mix modernista brasileiro e heran\u00e7a italiana da Nina Martinelli num s\u00f3 revestimento\"}]},{\"@type\":\"WebSite\",\"@id\":\"https:\/\/ninamartinelli.com.br\/blog2\/#website\",\"url\":\"https:\/\/ninamartinelli.com.br\/blog2\/\",\"name\":\"Nina Martinelli\",\"description\":\"#Nina_Martinelli\",\"publisher\":{\"@id\":\"https:\/\/ninamartinelli.com.br\/blog2\/#organization\"},\"potentialAction\":[{\"@type\":\"SearchAction\",\"target\":{\"@type\":\"EntryPoint\",\"urlTemplate\":\"https:\/\/ninamartinelli.com.br\/blog2\/?s={search_term_string}\"},\"query-input\":{\"@type\":\"PropertyValueSpecification\",\"valueRequired\":true,\"valueName\":\"search_term_string\"}}],\"inLanguage\":\"pt-BR\"},{\"@type\":\"Organization\",\"@id\":\"https:\/\/ninamartinelli.com.br\/blog2\/#organization\",\"name\":\"Blog Novidades\",\"url\":\"https:\/\/ninamartinelli.com.br\/blog2\/\",\"logo\":{\"@type\":\"ImageObject\",\"inLanguage\":\"pt-BR\",\"@id\":\"https:\/\/ninamartinelli.com.br\/blog2\/#\/schema\/logo\/image\/\",\"url\":\"http:\/\/blog.ninamartinelli.com.br\/wp-content\/uploads\/2022\/03\/logo_nina_blog.png\",\"contentUrl\":\"http:\/\/blog.ninamartinelli.com.br\/wp-content\/uploads\/2022\/03\/logo_nina_blog.png\",\"width\":500,\"height\":104,\"caption\":\"Blog Novidades\"},\"image\":{\"@id\":\"https:\/\/ninamartinelli.com.br\/blog2\/#\/schema\/logo\/image\/\"}},{\"@type\":\"Person\",\"@id\":\"https:\/\/ninamartinelli.com.br\/blog2\/#\/schema\/person\/43fbfb1d4cbe3b472995206b2bb06df5\",\"name\":\"Ana Maria Devides\",\"image\":{\"@type\":\"ImageObject\",\"inLanguage\":\"pt-BR\",\"@id\":\"https:\/\/ninamartinelli.com.br\/blog2\/#\/schema\/person\/image\/\",\"url\":\"https:\/\/secure.gravatar.com\/avatar\/a03a82675d8bb3da8e5c5a6872db97be?s=96&d=mm&r=g\",\"contentUrl\":\"https:\/\/secure.gravatar.com\/avatar\/a03a82675d8bb3da8e5c5a6872db97be?s=96&d=mm&r=g\",\"caption\":\"Ana Maria Devides\"},\"url\":\"https:\/\/ninamartinelli.com.br\/blog2\/author\/assessoria-nina-martinelli\/\"}]}<\/script>\n<!-- \/ Yoast SEO plugin. -->","yoast_head_json":{"title":"Mix modernista brasileiro e heran\u00e7a italiana da Nina Martinelli num s\u00f3 revestimento","description":"Mix modernista brasileiro e heran\u00e7a italiana se fundem no processo criativo da Nina Martinelli que resultou num revestimento surpreendente","robots":{"index":"index","follow":"follow","max-snippet":"max-snippet:-1","max-image-preview":"max-image-preview:large","max-video-preview":"max-video-preview:-1"},"canonical":"https:\/\/ninamartinelli.com.br\/blog2\/mix-modernista-brasileiro-e-heranca-italiana-da-nina-martinelli-num-so-revestimento\/","og_locale":"pt_BR","og_type":"article","og_title":"Mix modernista brasileiro e heran\u00e7a italiana da Nina Martinelli num s\u00f3 revestimento","og_description":"Mix modernista brasileiro e heran\u00e7a italiana se fundem no processo criativo da Nina Martinelli que resultou num revestimento surpreendente","og_url":"https:\/\/ninamartinelli.com.br\/blog2\/mix-modernista-brasileiro-e-heranca-italiana-da-nina-martinelli-num-so-revestimento\/","og_site_name":"Blog Nina","article_published_time":"2024-06-19T12:02:58+00:00","og_image":[{"width":1080,"height":1080,"url":"https:\/\/ninamartinelli.com.br\/blog2\/wp-content\/uploads\/2024\/06\/Modernista-foto-para-post.png","type":"image\/png"}],"author":"Ana Maria Devides","twitter_card":"summary_large_image","twitter_misc":{"Escrito por":"Ana Maria Devides","Est. tempo de leitura":"2 minutos"},"schema":{"@context":"https:\/\/schema.org","@graph":[{"@type":"Article","@id":"https:\/\/ninamartinelli.com.br\/blog2\/mix-modernista-brasileiro-e-heranca-italiana-da-nina-martinelli-num-so-revestimento\/#article","isPartOf":{"@id":"https:\/\/ninamartinelli.com.br\/blog2\/mix-modernista-brasileiro-e-heranca-italiana-da-nina-martinelli-num-so-revestimento\/"},"author":{"name":"Ana Maria Devides","@id":"https:\/\/ninamartinelli.com.br\/blog2\/#\/schema\/person\/43fbfb1d4cbe3b472995206b2bb06df5"},"headline":"Mix modernista brasileiro e heran\u00e7a italiana da Nina Martinelli num s\u00f3 revestimento","datePublished":"2024-06-19T12:02:58+00:00","mainEntityOfPage":{"@id":"https:\/\/ninamartinelli.com.br\/blog2\/mix-modernista-brasileiro-e-heranca-italiana-da-nina-martinelli-num-so-revestimento\/"},"wordCount":354,"commentCount":0,"publisher":{"@id":"https:\/\/ninamartinelli.com.br\/blog2\/#organization"},"image":{"@id":"https:\/\/ninamartinelli.com.br\/blog2\/mix-modernista-brasileiro-e-heranca-italiana-da-nina-martinelli-num-so-revestimento\/#primaryimage"},"thumbnailUrl":"https:\/\/ninamartinelli.com.br\/blog2\/wp-content\/uploads\/2024\/06\/Modernista-foto-para-post.png","keywords":["area externa","area interna","lan\u00e7amentos","parede","revestimento","Sustentabilidade"],"articleSection":["Cer\u00e2mica","LAN\u00c7AMENTOS 2024","Revestimentos","Sustentabilidade"],"inLanguage":"pt-BR","potentialAction":[{"@type":"CommentAction","name":"Comment","target":["https:\/\/ninamartinelli.com.br\/blog2\/mix-modernista-brasileiro-e-heranca-italiana-da-nina-martinelli-num-so-revestimento\/#respond"]}]},{"@type":"WebPage","@id":"https:\/\/ninamartinelli.com.br\/blog2\/mix-modernista-brasileiro-e-heranca-italiana-da-nina-martinelli-num-so-revestimento\/","url":"https:\/\/ninamartinelli.com.br\/blog2\/mix-modernista-brasileiro-e-heranca-italiana-da-nina-martinelli-num-so-revestimento\/","name":"Mix modernista brasileiro e heran\u00e7a italiana da Nina Martinelli num s\u00f3 revestimento","isPartOf":{"@id":"https:\/\/ninamartinelli.com.br\/blog2\/#website"},"primaryImageOfPage":{"@id":"https:\/\/ninamartinelli.com.br\/blog2\/mix-modernista-brasileiro-e-heranca-italiana-da-nina-martinelli-num-so-revestimento\/#primaryimage"},"image":{"@id":"https:\/\/ninamartinelli.com.br\/blog2\/mix-modernista-brasileiro-e-heranca-italiana-da-nina-martinelli-num-so-revestimento\/#primaryimage"},"thumbnailUrl":"https:\/\/ninamartinelli.com.br\/blog2\/wp-content\/uploads\/2024\/06\/Modernista-foto-para-post.png","datePublished":"2024-06-19T12:02:58+00:00","description":"Mix modernista brasileiro e heran\u00e7a italiana se fundem no processo criativo da Nina Martinelli que resultou num revestimento surpreendente","breadcrumb":{"@id":"https:\/\/ninamartinelli.com.br\/blog2\/mix-modernista-brasileiro-e-heranca-italiana-da-nina-martinelli-num-so-revestimento\/#breadcrumb"},"inLanguage":"pt-BR","potentialAction":[{"@type":"ReadAction","target":["https:\/\/ninamartinelli.com.br\/blog2\/mix-modernista-brasileiro-e-heranca-italiana-da-nina-martinelli-num-so-revestimento\/"]}]},{"@type":"ImageObject","inLanguage":"pt-BR","@id":"https:\/\/ninamartinelli.com.br\/blog2\/mix-modernista-brasileiro-e-heranca-italiana-da-nina-martinelli-num-so-revestimento\/#primaryimage","url":"https:\/\/ninamartinelli.com.br\/blog2\/wp-content\/uploads\/2024\/06\/Modernista-foto-para-post.png","contentUrl":"https:\/\/ninamartinelli.com.br\/blog2\/wp-content\/uploads\/2024\/06\/Modernista-foto-para-post.png","width":1080,"height":1080},{"@type":"BreadcrumbList","@id":"https:\/\/ninamartinelli.com.br\/blog2\/mix-modernista-brasileiro-e-heranca-italiana-da-nina-martinelli-num-so-revestimento\/#breadcrumb","itemListElement":[{"@type":"ListItem","position":1,"name":"In\u00edcio","item":"https:\/\/ninamartinelli.com.br\/blog2\/"},{"@type":"ListItem","position":2,"name":"Mix modernista brasileiro e heran\u00e7a italiana da Nina Martinelli num s\u00f3 revestimento"}]},{"@type":"WebSite","@id":"https:\/\/ninamartinelli.com.br\/blog2\/#website","url":"https:\/\/ninamartinelli.com.br\/blog2\/","name":"Nina Martinelli","description":"#Nina_Martinelli","publisher":{"@id":"https:\/\/ninamartinelli.com.br\/blog2\/#organization"},"potentialAction":[{"@type":"SearchAction","target":{"@type":"EntryPoint","urlTemplate":"https:\/\/ninamartinelli.com.br\/blog2\/?s={search_term_string}"},"query-input":{"@type":"PropertyValueSpecification","valueRequired":true,"valueName":"search_term_string"}}],"inLanguage":"pt-BR"},{"@type":"Organization","@id":"https:\/\/ninamartinelli.com.br\/blog2\/#organization","name":"Blog Novidades","url":"https:\/\/ninamartinelli.com.br\/blog2\/","logo":{"@type":"ImageObject","inLanguage":"pt-BR","@id":"https:\/\/ninamartinelli.com.br\/blog2\/#\/schema\/logo\/image\/","url":"http:\/\/blog.ninamartinelli.com.br\/wp-content\/uploads\/2022\/03\/logo_nina_blog.png","contentUrl":"http:\/\/blog.ninamartinelli.com.br\/wp-content\/uploads\/2022\/03\/logo_nina_blog.png","width":500,"height":104,"caption":"Blog Novidades"},"image":{"@id":"https:\/\/ninamartinelli.com.br\/blog2\/#\/schema\/logo\/image\/"}},{"@type":"Person","@id":"https:\/\/ninamartinelli.com.br\/blog2\/#\/schema\/person\/43fbfb1d4cbe3b472995206b2bb06df5","name":"Ana Maria Devides","image":{"@type":"ImageObject","inLanguage":"pt-BR","@id":"https:\/\/ninamartinelli.com.br\/blog2\/#\/schema\/person\/image\/","url":"https:\/\/secure.gravatar.com\/avatar\/a03a82675d8bb3da8e5c5a6872db97be?s=96&d=mm&r=g","contentUrl":"https:\/\/secure.gravatar.com\/avatar\/a03a82675d8bb3da8e5c5a6872db97be?s=96&d=mm&r=g","caption":"Ana Maria Devides"},"url":"https:\/\/ninamartinelli.com.br\/blog2\/author\/assessoria-nina-martinelli\/"}]}},"_links":{"self":[{"href":"https:\/\/ninamartinelli.com.br\/blog2\/wp-json\/wp\/v2\/posts\/2381","targetHints":{"allow":["GET"]}}],"collection":[{"href":"https:\/\/ninamartinelli.com.br\/blog2\/wp-json\/wp\/v2\/posts"}],"about":[{"href":"https:\/\/ninamartinelli.com.br\/blog2\/wp-json\/wp\/v2\/types\/post"}],"author":[{"embeddable":true,"href":"https:\/\/ninamartinelli.com.br\/blog2\/wp-json\/wp\/v2\/users\/2"}],"replies":[{"embeddable":true,"href":"https:\/\/ninamartinelli.com.br\/blog2\/wp-json\/wp\/v2\/comments?post=2381"}],"version-history":[{"count":2,"href":"https:\/\/ninamartinelli.com.br\/blog2\/wp-json\/wp\/v2\/posts\/2381\/revisions"}],"predecessor-version":[{"id":2384,"href":"https:\/\/ninamartinelli.com.br\/blog2\/wp-json\/wp\/v2\/posts\/2381\/revisions\/2384"}],"wp:featuredmedia":[{"embeddable":true,"href":"https:\/\/ninamartinelli.com.br\/blog2\/wp-json\/wp\/v2\/media\/2382"}],"wp:attachment":[{"href":"https:\/\/ninamartinelli.com.br\/blog2\/wp-json\/wp\/v2\/media?parent=2381"}],"wp:term":[{"taxonomy":"category","embeddable":true,"href":"https:\/\/ninamartinelli.com.br\/blog2\/wp-json\/wp\/v2\/categories?post=2381"},{"taxonomy":"post_tag","embeddable":true,"href":"https:\/\/ninamartinelli.com.br\/blog2\/wp-json\/wp\/v2\/tags?post=2381"}],"curies":[{"name":"wp","href":"https:\/\/api.w.org\/{rel}","templated":true}]}}