{"id":2378,"date":"2024-06-12T10:53:31","date_gmt":"2024-06-12T13:53:31","guid":{"rendered":"https:\/\/ninamartinelli.com.br\/blog2\/?p=2378"},"modified":"2024-06-12T10:53:31","modified_gmt":"2024-06-12T13:53:31","slug":"gardenia-o-revestimento-da-nina-martinelli-com-inspiracao-na-majolica-italiana","status":"publish","type":"post","link":"https:\/\/ninamartinelli.com.br\/blog2\/gardenia-o-revestimento-da-nina-martinelli-com-inspiracao-na-majolica-italiana\/","title":{"rendered":"Gard\u00eania, o revestimento da Nina Martinelli com inspira\u00e7\u00e3o na Maj\u00f3lica Italiana"},"content":{"rendered":"<p>Gard\u00eania, um dos lan\u00e7amentos da Nina Martinelli em 2024 foi destaque na \u00faltima edi\u00e7\u00e3o da <a href=\"https:\/\/www.exporevestir.com.br\/\">Revestir<\/a> e \u00e9 um revestimento que j\u00e1 nasceu especial.<\/p>\n<p>Sua inspira\u00e7\u00e3o vem da <a href=\"https:\/\/run.unl.pt\/handle\/10362\/131135\">Maj\u00f3lica Italiana,<\/a> uma arte ceramista origin\u00e1ria da tradi\u00e7\u00e3o hispano-mourisca, conhecida por suas cores diferenciadas e formatos surpreendentes e harm\u00f4nicos, e que foi introduzida na It\u00e1lia a partir da ilha espanhola de Maiorca, localizada no Mar Mediterr\u00e2neo e relativamente pr\u00f3xima da ilha italiana da Sardenha.<\/p>\n<p>Os primeiros registros de sua produ\u00e7\u00e3o na It\u00e1lia datam do s\u00e9culo XV, em cidades como Faenza, Urbino, Floren\u00e7a e Savona, tendo sido estabelecida como estilo de <a href=\"https:\/\/www.thatsarte.com\/blog\/highlights\/collecting-italian-majolica-floor-tiles\/\">cer\u00e2mica caracter\u00edstica do Renascimento.<\/a><\/p>\n<p>Vem sendo produzida por s\u00e9culos como parte da tradi\u00e7\u00e3o art\u00edstica de diversas cidades italianas. E Nina Martinelli, evocando nesse caso suas origens, inspira-se nesse \u00edcone para produzir o <a href=\"https:\/\/ninamartinelli.com.br\/produtos\/gardenia-grigio-escuro\/\">Gard\u00eania<\/a>.<\/p>\n<p>O Revestimento Gard\u00eania tem pe\u00e7as em elaborada composi\u00e7\u00e3o com formatos distintos \u2013 centro em forma de cruz estilizada, agregando no entorno quatro formas florais, compondo um padr\u00e3o visual sofisticado e ao mesmo tempo delicado. E totalmente atemporal.<\/p>\n<p>O padr\u00e3o visual composto por essas pe\u00e7as at\u00e9 hoje serve de inspira\u00e7\u00e3o para cria\u00e7\u00f5es em diversos tipos de arte \u2013 da tape\u00e7aria a estamparias de tecidos para decora\u00e7\u00e3o e papel de parede.<\/p>\n<p>Gard\u00eania \u2013 cores e tons &#8211; Nina Martinelli disponibiliza o Gard\u00eania em conjuntos de pe\u00e7as que cobrem, juntas, 0,867m\u00b2, podendo ser utilizada em ambientes internos e externos.<\/p>\n<p>As cores nas quais o produto \u00e9 oferecido tamb\u00e9m provocam e estimulam a criatividade dos especificadores e abrem um leque variado de possibilidades:\u00a0 Beige, Bianco, Grigio, Grigio Escuro e Rosso.<\/p>\n<p>E para tornar o produto ainda mais estimulante e rico, \u00e9 poss\u00edvel aplic\u00e1-lo combinando, por exemplo, dois diferentes tons, o que possibilita resultados visuais absolutamente deslumbrantes.<\/p>\n<p>Navegue pelo nosso site e conhe\u00e7a melhor esse e outros lan\u00e7amentos 2024 da Nina Martinelli!<\/p>\n<p>&nbsp;<\/p>\n<p>&nbsp;<\/p>\n","protected":false},"excerpt":{"rendered":"<p>Gard\u00eania, um dos lan\u00e7amentos da Nina Martinelli em 2024 foi destaque na \u00faltima edi\u00e7\u00e3o da<\/p>\n","protected":false},"author":2,"featured_media":2379,"comment_status":"open","ping_status":"open","sticky":false,"template":"","format":"standard","meta":{"footnotes":""},"categories":[165,26],"tags":[170,46],"class_list":["post-2378","post","type-post","status-publish","format-standard","has-post-thumbnail","hentry","category-lancamentos-2024","category-revestimentos","tag-design-italiano-lancamento-expo-revestir","tag-revestimento"],"yoast_head":"<!-- This site is optimized with the Yoast SEO plugin v26.8 - https:\/\/yoast.com\/product\/yoast-seo-wordpress\/ -->\n<title>Gard\u00eania, o revestimento da Nina Martinelli com inspira\u00e7\u00e3o na Maj\u00f3lica Italiana<\/title>\n<meta name=\"description\" content=\"Gard\u00eania, o revestimento da Nina Martinelli que remete \u00e0 antiqu\u00edssima arte da Maj\u00f3lica Italiana, o estilo de cer\u00e2mica do Renascimento\" \/>\n<meta name=\"robots\" content=\"index, follow, max-snippet:-1, max-image-preview:large, max-video-preview:-1\" \/>\n<link rel=\"canonical\" href=\"https:\/\/ninamartinelli.com.br\/blog2\/gardenia-o-revestimento-da-nina-martinelli-com-inspiracao-na-majolica-italiana\/\" \/>\n<meta property=\"og:locale\" content=\"pt_BR\" \/>\n<meta property=\"og:type\" content=\"article\" \/>\n<meta property=\"og:title\" content=\"Gard\u00eania, o revestimento da Nina Martinelli com inspira\u00e7\u00e3o na Maj\u00f3lica Italiana\" \/>\n<meta property=\"og:description\" content=\"Gard\u00eania, o revestimento da Nina Martinelli que remete \u00e0 antiqu\u00edssima arte da Maj\u00f3lica Italiana, o estilo de cer\u00e2mica do Renascimento\" \/>\n<meta property=\"og:url\" content=\"https:\/\/ninamartinelli.com.br\/blog2\/gardenia-o-revestimento-da-nina-martinelli-com-inspiracao-na-majolica-italiana\/\" \/>\n<meta property=\"og:site_name\" content=\"Blog Nina\" \/>\n<meta property=\"article:published_time\" content=\"2024-06-12T13:53:31+00:00\" \/>\n<meta property=\"og:image\" content=\"https:\/\/ninamartinelli.com.br\/blog2\/wp-content\/uploads\/2024\/06\/gardenia-copia1.jpg\" \/>\n\t<meta property=\"og:image:width\" content=\"551\" \/>\n\t<meta property=\"og:image:height\" content=\"372\" \/>\n\t<meta property=\"og:image:type\" content=\"image\/jpeg\" \/>\n<meta name=\"author\" content=\"Ana Maria Devides\" \/>\n<meta name=\"twitter:card\" content=\"summary_large_image\" \/>\n<meta name=\"twitter:label1\" content=\"Escrito por\" \/>\n\t<meta name=\"twitter:data1\" content=\"Ana Maria Devides\" \/>\n\t<meta name=\"twitter:label2\" content=\"Est. tempo de leitura\" \/>\n\t<meta name=\"twitter:data2\" content=\"2 minutos\" \/>\n<script type=\"application\/ld+json\" class=\"yoast-schema-graph\">{\"@context\":\"https:\/\/schema.org\",\"@graph\":[{\"@type\":\"Article\",\"@id\":\"https:\/\/ninamartinelli.com.br\/blog2\/gardenia-o-revestimento-da-nina-martinelli-com-inspiracao-na-majolica-italiana\/#article\",\"isPartOf\":{\"@id\":\"https:\/\/ninamartinelli.com.br\/blog2\/gardenia-o-revestimento-da-nina-martinelli-com-inspiracao-na-majolica-italiana\/\"},\"author\":{\"name\":\"Ana Maria Devides\",\"@id\":\"https:\/\/ninamartinelli.com.br\/blog2\/#\/schema\/person\/43fbfb1d4cbe3b472995206b2bb06df5\"},\"headline\":\"Gard\u00eania, o revestimento da Nina Martinelli com inspira\u00e7\u00e3o na Maj\u00f3lica Italiana\",\"datePublished\":\"2024-06-12T13:53:31+00:00\",\"mainEntityOfPage\":{\"@id\":\"https:\/\/ninamartinelli.com.br\/blog2\/gardenia-o-revestimento-da-nina-martinelli-com-inspiracao-na-majolica-italiana\/\"},\"wordCount\":345,\"commentCount\":0,\"publisher\":{\"@id\":\"https:\/\/ninamartinelli.com.br\/blog2\/#organization\"},\"image\":{\"@id\":\"https:\/\/ninamartinelli.com.br\/blog2\/gardenia-o-revestimento-da-nina-martinelli-com-inspiracao-na-majolica-italiana\/#primaryimage\"},\"thumbnailUrl\":\"https:\/\/ninamartinelli.com.br\/blog2\/wp-content\/uploads\/2024\/06\/gardenia-copia1.jpg\",\"keywords\":[\"design italiano; lancamento; Expo Revestir\",\"revestimento\"],\"articleSection\":[\"LAN\u00c7AMENTOS 2024\",\"Revestimentos\"],\"inLanguage\":\"pt-BR\",\"potentialAction\":[{\"@type\":\"CommentAction\",\"name\":\"Comment\",\"target\":[\"https:\/\/ninamartinelli.com.br\/blog2\/gardenia-o-revestimento-da-nina-martinelli-com-inspiracao-na-majolica-italiana\/#respond\"]}]},{\"@type\":\"WebPage\",\"@id\":\"https:\/\/ninamartinelli.com.br\/blog2\/gardenia-o-revestimento-da-nina-martinelli-com-inspiracao-na-majolica-italiana\/\",\"url\":\"https:\/\/ninamartinelli.com.br\/blog2\/gardenia-o-revestimento-da-nina-martinelli-com-inspiracao-na-majolica-italiana\/\",\"name\":\"Gard\u00eania, o revestimento da Nina Martinelli com inspira\u00e7\u00e3o na Maj\u00f3lica Italiana\",\"isPartOf\":{\"@id\":\"https:\/\/ninamartinelli.com.br\/blog2\/#website\"},\"primaryImageOfPage\":{\"@id\":\"https:\/\/ninamartinelli.com.br\/blog2\/gardenia-o-revestimento-da-nina-martinelli-com-inspiracao-na-majolica-italiana\/#primaryimage\"},\"image\":{\"@id\":\"https:\/\/ninamartinelli.com.br\/blog2\/gardenia-o-revestimento-da-nina-martinelli-com-inspiracao-na-majolica-italiana\/#primaryimage\"},\"thumbnailUrl\":\"https:\/\/ninamartinelli.com.br\/blog2\/wp-content\/uploads\/2024\/06\/gardenia-copia1.jpg\",\"datePublished\":\"2024-06-12T13:53:31+00:00\",\"description\":\"Gard\u00eania, o revestimento da Nina Martinelli que remete \u00e0 antiqu\u00edssima arte da Maj\u00f3lica Italiana, o estilo de cer\u00e2mica do Renascimento\",\"breadcrumb\":{\"@id\":\"https:\/\/ninamartinelli.com.br\/blog2\/gardenia-o-revestimento-da-nina-martinelli-com-inspiracao-na-majolica-italiana\/#breadcrumb\"},\"inLanguage\":\"pt-BR\",\"potentialAction\":[{\"@type\":\"ReadAction\",\"target\":[\"https:\/\/ninamartinelli.com.br\/blog2\/gardenia-o-revestimento-da-nina-martinelli-com-inspiracao-na-majolica-italiana\/\"]}]},{\"@type\":\"ImageObject\",\"inLanguage\":\"pt-BR\",\"@id\":\"https:\/\/ninamartinelli.com.br\/blog2\/gardenia-o-revestimento-da-nina-martinelli-com-inspiracao-na-majolica-italiana\/#primaryimage\",\"url\":\"https:\/\/ninamartinelli.com.br\/blog2\/wp-content\/uploads\/2024\/06\/gardenia-copia1.jpg\",\"contentUrl\":\"https:\/\/ninamartinelli.com.br\/blog2\/wp-content\/uploads\/2024\/06\/gardenia-copia1.jpg\",\"width\":551,\"height\":372},{\"@type\":\"BreadcrumbList\",\"@id\":\"https:\/\/ninamartinelli.com.br\/blog2\/gardenia-o-revestimento-da-nina-martinelli-com-inspiracao-na-majolica-italiana\/#breadcrumb\",\"itemListElement\":[{\"@type\":\"ListItem\",\"position\":1,\"name\":\"In\u00edcio\",\"item\":\"https:\/\/ninamartinelli.com.br\/blog2\/\"},{\"@type\":\"ListItem\",\"position\":2,\"name\":\"Gard\u00eania, o revestimento da Nina Martinelli com inspira\u00e7\u00e3o na Maj\u00f3lica Italiana\"}]},{\"@type\":\"WebSite\",\"@id\":\"https:\/\/ninamartinelli.com.br\/blog2\/#website\",\"url\":\"https:\/\/ninamartinelli.com.br\/blog2\/\",\"name\":\"Nina Martinelli\",\"description\":\"#Nina_Martinelli\",\"publisher\":{\"@id\":\"https:\/\/ninamartinelli.com.br\/blog2\/#organization\"},\"potentialAction\":[{\"@type\":\"SearchAction\",\"target\":{\"@type\":\"EntryPoint\",\"urlTemplate\":\"https:\/\/ninamartinelli.com.br\/blog2\/?s={search_term_string}\"},\"query-input\":{\"@type\":\"PropertyValueSpecification\",\"valueRequired\":true,\"valueName\":\"search_term_string\"}}],\"inLanguage\":\"pt-BR\"},{\"@type\":\"Organization\",\"@id\":\"https:\/\/ninamartinelli.com.br\/blog2\/#organization\",\"name\":\"Blog Novidades\",\"url\":\"https:\/\/ninamartinelli.com.br\/blog2\/\",\"logo\":{\"@type\":\"ImageObject\",\"inLanguage\":\"pt-BR\",\"@id\":\"https:\/\/ninamartinelli.com.br\/blog2\/#\/schema\/logo\/image\/\",\"url\":\"http:\/\/blog.ninamartinelli.com.br\/wp-content\/uploads\/2022\/03\/logo_nina_blog.png\",\"contentUrl\":\"http:\/\/blog.ninamartinelli.com.br\/wp-content\/uploads\/2022\/03\/logo_nina_blog.png\",\"width\":500,\"height\":104,\"caption\":\"Blog Novidades\"},\"image\":{\"@id\":\"https:\/\/ninamartinelli.com.br\/blog2\/#\/schema\/logo\/image\/\"}},{\"@type\":\"Person\",\"@id\":\"https:\/\/ninamartinelli.com.br\/blog2\/#\/schema\/person\/43fbfb1d4cbe3b472995206b2bb06df5\",\"name\":\"Ana Maria Devides\",\"image\":{\"@type\":\"ImageObject\",\"inLanguage\":\"pt-BR\",\"@id\":\"https:\/\/ninamartinelli.com.br\/blog2\/#\/schema\/person\/image\/\",\"url\":\"https:\/\/secure.gravatar.com\/avatar\/a03a82675d8bb3da8e5c5a6872db97be?s=96&d=mm&r=g\",\"contentUrl\":\"https:\/\/secure.gravatar.com\/avatar\/a03a82675d8bb3da8e5c5a6872db97be?s=96&d=mm&r=g\",\"caption\":\"Ana Maria Devides\"},\"url\":\"https:\/\/ninamartinelli.com.br\/blog2\/author\/assessoria-nina-martinelli\/\"}]}<\/script>\n<!-- \/ Yoast SEO plugin. -->","yoast_head_json":{"title":"Gard\u00eania, o revestimento da Nina Martinelli com inspira\u00e7\u00e3o na Maj\u00f3lica Italiana","description":"Gard\u00eania, o revestimento da Nina Martinelli que remete \u00e0 antiqu\u00edssima arte da Maj\u00f3lica Italiana, o estilo de cer\u00e2mica do Renascimento","robots":{"index":"index","follow":"follow","max-snippet":"max-snippet:-1","max-image-preview":"max-image-preview:large","max-video-preview":"max-video-preview:-1"},"canonical":"https:\/\/ninamartinelli.com.br\/blog2\/gardenia-o-revestimento-da-nina-martinelli-com-inspiracao-na-majolica-italiana\/","og_locale":"pt_BR","og_type":"article","og_title":"Gard\u00eania, o revestimento da Nina Martinelli com inspira\u00e7\u00e3o na Maj\u00f3lica Italiana","og_description":"Gard\u00eania, o revestimento da Nina Martinelli que remete \u00e0 antiqu\u00edssima arte da Maj\u00f3lica Italiana, o estilo de cer\u00e2mica do Renascimento","og_url":"https:\/\/ninamartinelli.com.br\/blog2\/gardenia-o-revestimento-da-nina-martinelli-com-inspiracao-na-majolica-italiana\/","og_site_name":"Blog Nina","article_published_time":"2024-06-12T13:53:31+00:00","og_image":[{"width":551,"height":372,"url":"https:\/\/ninamartinelli.com.br\/blog2\/wp-content\/uploads\/2024\/06\/gardenia-copia1.jpg","type":"image\/jpeg"}],"author":"Ana Maria Devides","twitter_card":"summary_large_image","twitter_misc":{"Escrito por":"Ana Maria Devides","Est. tempo de leitura":"2 minutos"},"schema":{"@context":"https:\/\/schema.org","@graph":[{"@type":"Article","@id":"https:\/\/ninamartinelli.com.br\/blog2\/gardenia-o-revestimento-da-nina-martinelli-com-inspiracao-na-majolica-italiana\/#article","isPartOf":{"@id":"https:\/\/ninamartinelli.com.br\/blog2\/gardenia-o-revestimento-da-nina-martinelli-com-inspiracao-na-majolica-italiana\/"},"author":{"name":"Ana Maria Devides","@id":"https:\/\/ninamartinelli.com.br\/blog2\/#\/schema\/person\/43fbfb1d4cbe3b472995206b2bb06df5"},"headline":"Gard\u00eania, o revestimento da Nina Martinelli com inspira\u00e7\u00e3o na Maj\u00f3lica Italiana","datePublished":"2024-06-12T13:53:31+00:00","mainEntityOfPage":{"@id":"https:\/\/ninamartinelli.com.br\/blog2\/gardenia-o-revestimento-da-nina-martinelli-com-inspiracao-na-majolica-italiana\/"},"wordCount":345,"commentCount":0,"publisher":{"@id":"https:\/\/ninamartinelli.com.br\/blog2\/#organization"},"image":{"@id":"https:\/\/ninamartinelli.com.br\/blog2\/gardenia-o-revestimento-da-nina-martinelli-com-inspiracao-na-majolica-italiana\/#primaryimage"},"thumbnailUrl":"https:\/\/ninamartinelli.com.br\/blog2\/wp-content\/uploads\/2024\/06\/gardenia-copia1.jpg","keywords":["design italiano; lancamento; Expo Revestir","revestimento"],"articleSection":["LAN\u00c7AMENTOS 2024","Revestimentos"],"inLanguage":"pt-BR","potentialAction":[{"@type":"CommentAction","name":"Comment","target":["https:\/\/ninamartinelli.com.br\/blog2\/gardenia-o-revestimento-da-nina-martinelli-com-inspiracao-na-majolica-italiana\/#respond"]}]},{"@type":"WebPage","@id":"https:\/\/ninamartinelli.com.br\/blog2\/gardenia-o-revestimento-da-nina-martinelli-com-inspiracao-na-majolica-italiana\/","url":"https:\/\/ninamartinelli.com.br\/blog2\/gardenia-o-revestimento-da-nina-martinelli-com-inspiracao-na-majolica-italiana\/","name":"Gard\u00eania, o revestimento da Nina Martinelli com inspira\u00e7\u00e3o na Maj\u00f3lica Italiana","isPartOf":{"@id":"https:\/\/ninamartinelli.com.br\/blog2\/#website"},"primaryImageOfPage":{"@id":"https:\/\/ninamartinelli.com.br\/blog2\/gardenia-o-revestimento-da-nina-martinelli-com-inspiracao-na-majolica-italiana\/#primaryimage"},"image":{"@id":"https:\/\/ninamartinelli.com.br\/blog2\/gardenia-o-revestimento-da-nina-martinelli-com-inspiracao-na-majolica-italiana\/#primaryimage"},"thumbnailUrl":"https:\/\/ninamartinelli.com.br\/blog2\/wp-content\/uploads\/2024\/06\/gardenia-copia1.jpg","datePublished":"2024-06-12T13:53:31+00:00","description":"Gard\u00eania, o revestimento da Nina Martinelli que remete \u00e0 antiqu\u00edssima arte da Maj\u00f3lica Italiana, o estilo de cer\u00e2mica do Renascimento","breadcrumb":{"@id":"https:\/\/ninamartinelli.com.br\/blog2\/gardenia-o-revestimento-da-nina-martinelli-com-inspiracao-na-majolica-italiana\/#breadcrumb"},"inLanguage":"pt-BR","potentialAction":[{"@type":"ReadAction","target":["https:\/\/ninamartinelli.com.br\/blog2\/gardenia-o-revestimento-da-nina-martinelli-com-inspiracao-na-majolica-italiana\/"]}]},{"@type":"ImageObject","inLanguage":"pt-BR","@id":"https:\/\/ninamartinelli.com.br\/blog2\/gardenia-o-revestimento-da-nina-martinelli-com-inspiracao-na-majolica-italiana\/#primaryimage","url":"https:\/\/ninamartinelli.com.br\/blog2\/wp-content\/uploads\/2024\/06\/gardenia-copia1.jpg","contentUrl":"https:\/\/ninamartinelli.com.br\/blog2\/wp-content\/uploads\/2024\/06\/gardenia-copia1.jpg","width":551,"height":372},{"@type":"BreadcrumbList","@id":"https:\/\/ninamartinelli.com.br\/blog2\/gardenia-o-revestimento-da-nina-martinelli-com-inspiracao-na-majolica-italiana\/#breadcrumb","itemListElement":[{"@type":"ListItem","position":1,"name":"In\u00edcio","item":"https:\/\/ninamartinelli.com.br\/blog2\/"},{"@type":"ListItem","position":2,"name":"Gard\u00eania, o revestimento da Nina Martinelli com inspira\u00e7\u00e3o na Maj\u00f3lica Italiana"}]},{"@type":"WebSite","@id":"https:\/\/ninamartinelli.com.br\/blog2\/#website","url":"https:\/\/ninamartinelli.com.br\/blog2\/","name":"Nina Martinelli","description":"#Nina_Martinelli","publisher":{"@id":"https:\/\/ninamartinelli.com.br\/blog2\/#organization"},"potentialAction":[{"@type":"SearchAction","target":{"@type":"EntryPoint","urlTemplate":"https:\/\/ninamartinelli.com.br\/blog2\/?s={search_term_string}"},"query-input":{"@type":"PropertyValueSpecification","valueRequired":true,"valueName":"search_term_string"}}],"inLanguage":"pt-BR"},{"@type":"Organization","@id":"https:\/\/ninamartinelli.com.br\/blog2\/#organization","name":"Blog Novidades","url":"https:\/\/ninamartinelli.com.br\/blog2\/","logo":{"@type":"ImageObject","inLanguage":"pt-BR","@id":"https:\/\/ninamartinelli.com.br\/blog2\/#\/schema\/logo\/image\/","url":"http:\/\/blog.ninamartinelli.com.br\/wp-content\/uploads\/2022\/03\/logo_nina_blog.png","contentUrl":"http:\/\/blog.ninamartinelli.com.br\/wp-content\/uploads\/2022\/03\/logo_nina_blog.png","width":500,"height":104,"caption":"Blog Novidades"},"image":{"@id":"https:\/\/ninamartinelli.com.br\/blog2\/#\/schema\/logo\/image\/"}},{"@type":"Person","@id":"https:\/\/ninamartinelli.com.br\/blog2\/#\/schema\/person\/43fbfb1d4cbe3b472995206b2bb06df5","name":"Ana Maria Devides","image":{"@type":"ImageObject","inLanguage":"pt-BR","@id":"https:\/\/ninamartinelli.com.br\/blog2\/#\/schema\/person\/image\/","url":"https:\/\/secure.gravatar.com\/avatar\/a03a82675d8bb3da8e5c5a6872db97be?s=96&d=mm&r=g","contentUrl":"https:\/\/secure.gravatar.com\/avatar\/a03a82675d8bb3da8e5c5a6872db97be?s=96&d=mm&r=g","caption":"Ana Maria Devides"},"url":"https:\/\/ninamartinelli.com.br\/blog2\/author\/assessoria-nina-martinelli\/"}]}},"_links":{"self":[{"href":"https:\/\/ninamartinelli.com.br\/blog2\/wp-json\/wp\/v2\/posts\/2378","targetHints":{"allow":["GET"]}}],"collection":[{"href":"https:\/\/ninamartinelli.com.br\/blog2\/wp-json\/wp\/v2\/posts"}],"about":[{"href":"https:\/\/ninamartinelli.com.br\/blog2\/wp-json\/wp\/v2\/types\/post"}],"author":[{"embeddable":true,"href":"https:\/\/ninamartinelli.com.br\/blog2\/wp-json\/wp\/v2\/users\/2"}],"replies":[{"embeddable":true,"href":"https:\/\/ninamartinelli.com.br\/blog2\/wp-json\/wp\/v2\/comments?post=2378"}],"version-history":[{"count":1,"href":"https:\/\/ninamartinelli.com.br\/blog2\/wp-json\/wp\/v2\/posts\/2378\/revisions"}],"predecessor-version":[{"id":2380,"href":"https:\/\/ninamartinelli.com.br\/blog2\/wp-json\/wp\/v2\/posts\/2378\/revisions\/2380"}],"wp:featuredmedia":[{"embeddable":true,"href":"https:\/\/ninamartinelli.com.br\/blog2\/wp-json\/wp\/v2\/media\/2379"}],"wp:attachment":[{"href":"https:\/\/ninamartinelli.com.br\/blog2\/wp-json\/wp\/v2\/media?parent=2378"}],"wp:term":[{"taxonomy":"category","embeddable":true,"href":"https:\/\/ninamartinelli.com.br\/blog2\/wp-json\/wp\/v2\/categories?post=2378"},{"taxonomy":"post_tag","embeddable":true,"href":"https:\/\/ninamartinelli.com.br\/blog2\/wp-json\/wp\/v2\/tags?post=2378"}],"curies":[{"name":"wp","href":"https:\/\/api.w.org\/{rel}","templated":true}]}}