{"id":2369,"date":"2024-06-05T09:24:06","date_gmt":"2024-06-05T12:24:06","guid":{"rendered":"https:\/\/ninamartinelli.com.br\/blog2\/?p=2369"},"modified":"2024-06-05T09:24:06","modified_gmt":"2024-06-05T12:24:06","slug":"dia-do-meio-ambiente-produzimos-artesanalmente-e-com-sustentabilidade","status":"publish","type":"post","link":"https:\/\/ninamartinelli.com.br\/blog2\/dia-do-meio-ambiente-produzimos-artesanalmente-e-com-sustentabilidade\/","title":{"rendered":"Dia do Meio Ambiente \u2013 produzimos artesanalmente e com sustentabilidade"},"content":{"rendered":"<p><strong>Dia do Meio Ambiente \u2013 <\/strong>a data internacionalmente comemorada hoje nos oferece oportunidade de reflex\u00e3o sobre nosso papel na preserva\u00e7\u00e3o ambiental e no combate \u00e0s mudan\u00e7as clim\u00e1ticas.<\/p>\n<p>E, para a Nina Martinelli, \u00e9 tamb\u00e9m um momento de relembrar aos especificadores e ao mercado que sustentabilidade n\u00e3o \u00e9 apenas um conceito ou um elemento na nossa estrat\u00e9gia de comunica\u00e7\u00e3o. \u00c9 uma premissa que embasa v\u00e1rias pr\u00e1ticas nas nossas cria\u00e7\u00f5es e na forma com as produzimos!<\/p>\n<p><img loading=\"lazy\" decoding=\"async\" class=\"alignnone  wp-image-2372\" src=\"https:\/\/ninamartinelli.com.br\/blog2\/wp-content\/uploads\/2024\/06\/dia-meio-ambiente-4-ceramica-245x300.jpeg\" alt=\"\" width=\"303\" height=\"371\" srcset=\"https:\/\/ninamartinelli.com.br\/blog2\/wp-content\/uploads\/2024\/06\/dia-meio-ambiente-4-ceramica-245x300.jpeg 245w, https:\/\/ninamartinelli.com.br\/blog2\/wp-content\/uploads\/2024\/06\/dia-meio-ambiente-4-ceramica-837x1024.jpeg 837w, https:\/\/ninamartinelli.com.br\/blog2\/wp-content\/uploads\/2024\/06\/dia-meio-ambiente-4-ceramica-768x939.jpeg 768w, https:\/\/ninamartinelli.com.br\/blog2\/wp-content\/uploads\/2024\/06\/dia-meio-ambiente-4-ceramica.jpeg 851w\" sizes=\"auto, (max-width: 303px) 100vw, 303px\" \/> <img loading=\"lazy\" decoding=\"async\" class=\"alignnone  wp-image-2373\" src=\"https:\/\/ninamartinelli.com.br\/blog2\/wp-content\/uploads\/2024\/06\/dia-meio-ambiente-3-montagem-mosaico-225x300.jpeg\" alt=\"\" width=\"278\" height=\"371\" srcset=\"https:\/\/ninamartinelli.com.br\/blog2\/wp-content\/uploads\/2024\/06\/dia-meio-ambiente-3-montagem-mosaico-225x300.jpeg 225w, https:\/\/ninamartinelli.com.br\/blog2\/wp-content\/uploads\/2024\/06\/dia-meio-ambiente-3-montagem-mosaico-768x1024.jpeg 768w, https:\/\/ninamartinelli.com.br\/blog2\/wp-content\/uploads\/2024\/06\/dia-meio-ambiente-3-montagem-mosaico-1152x1536.jpeg 1152w, https:\/\/ninamartinelli.com.br\/blog2\/wp-content\/uploads\/2024\/06\/dia-meio-ambiente-3-montagem-mosaico-1024x1365.jpeg 1024w, https:\/\/ninamartinelli.com.br\/blog2\/wp-content\/uploads\/2024\/06\/dia-meio-ambiente-3-montagem-mosaico.jpeg 1200w\" sizes=\"auto, (max-width: 278px) 100vw, 278px\" \/><\/p>\n<p>Para come\u00e7ar, nossa produ\u00e7\u00e3o \u00e9 inteiramente artesanal, ou seja, feita n\u00e3o por m\u00e1quinas, mas, por m\u00e3os humanas. Por gente. Que tem hist\u00f3ria, sonhos, t\u00e9cnica e muito conhecimento para manusear nossas mat\u00e9rias primas originadas na Natureza e dar a elas as muitas e variadas formas dos acabamentos que disponibilizamos.<\/p>\n<p>Nesses processos, utilizamos o m\u00e1ximo de mat\u00e9rias primas extra\u00eddas por meios corretos e adquiridas num raio bem pr\u00f3ximo \u00e0 f\u00e1brica, justamente para minimizar drasticamente os impactos decorrentes da log\u00edstica de grandes dist\u00e2ncias.<\/p>\n<p>O uso da \u00e1gua, na nossa f\u00e1brica, \u00e9 extremamente respons\u00e1vel, passando por processos de reutiliza\u00e7\u00e3o e reaproveitamento de grande impacto na economia desse precioso recurso.<\/p>\n<p>Utilizamos, em v\u00e1rios modelos, diversos res\u00edduos provenientes de reciclagem, fazendo com que o que antes poderia virar lixo realmente se incorpore a produtos finais que unem luxo, sofistica\u00e7\u00e3o e responsabilidade ambiental.<\/p>\n<p>Por exemplo, adicionamos res\u00edduos de vidro em alguns modelos dos nossos bricks, os famosos tijolinhos. E filetes de cer\u00e2mica resultantes de processos de refile de pe\u00e7as, ou mesmo cacos brutos, s\u00e3o novamente incorporados \u00e0 produ\u00e7\u00e3o.<\/p>\n<p><img loading=\"lazy\" decoding=\"async\" class=\"wp-image-2374 alignleft\" src=\"https:\/\/ninamartinelli.com.br\/blog2\/wp-content\/uploads\/2024\/06\/dia-meio-ambiente-6-drenante-detalhe-225x300.jpeg\" alt=\"\" width=\"266\" height=\"355\" srcset=\"https:\/\/ninamartinelli.com.br\/blog2\/wp-content\/uploads\/2024\/06\/dia-meio-ambiente-6-drenante-detalhe-225x300.jpeg 225w, https:\/\/ninamartinelli.com.br\/blog2\/wp-content\/uploads\/2024\/06\/dia-meio-ambiente-6-drenante-detalhe.jpeg 663w\" sizes=\"auto, (max-width: 266px) 100vw, 266px\" \/><\/p>\n<p>Vale ressaltar que nosso vasto portif\u00f3lio inclui os famosos pisos drenantes, grandes amigos do meio ambiente, por possibilitarem o feito de pavimentos que t\u00eam alt\u00edssima permeabilidade.<\/p>\n<p>Dessa forma, p\u00e1tios privados e p\u00fablicos, alamedas, jardins, boulevards, cal\u00e7adas, tanto de resid\u00eancias quanto de empresas, quando recebem esses produtos, al\u00e9m de agregarem beleza e ergonomia, absorvem a \u00e1gua das chuvas, o que evita danos e transtornos e favorece nossos len\u00e7\u00f3is fre\u00e1ticos.<\/p>\n<p>Por fim, neste Dia do Meio Ambiente, ressaltamos que estamos sempre pesquisando e buscando formas de produzir mais e melhor, economizando recursos naturais e extraindo o m\u00e1ximo de cada insumo, aprimorando processos e ganhando efici\u00eancia.<\/p>\n<p>Com muito orgulho, somos reconhecidos por arquitetos e designers que t\u00eam tamb\u00e9m grande preocupa\u00e7\u00e3o ambiental em seus projetos e com frequ\u00eancia especificam produtos nossos, pois sabem que trabalhamos com profissionalismo, excel\u00eancia e amor ao nosso Planeta.<\/p>\n<p>Para saber mais, navegue pelo nosso site, na aba Produtos e conhe\u00e7a detalhes de cada um.<\/p>\n<p><strong>Servi\u00e7o:<\/strong><\/p>\n<p><strong>Dia do Meio Ambiente<\/strong><\/p>\n<p><strong>Produto: <\/strong><a href=\"https:\/\/ninamartinelli.com.br\/produtos\/drenante-45x45-grigio-escuro\/\">Drenante 45&#215;45<\/a><\/p>\n<p><strong>Caminho Consciente &#8211; <a href=\"https:\/\/casacor.abril.com.br\/tudo-sobre\/casacor-ribeirao-preto-2023\/\">CASACOR Ribeir\u00e3o Preto 2019<\/a><\/strong><\/p>\n<p><strong>Projeto: <\/strong><a href=\"https:\/\/www.instagram.com\/fiorellaqueiroz\/\">Fiorella Queiroz Arquitetura e Interiores<\/a><\/p>\n<p><strong>Instagram: @fiorellaqueiroz<\/strong><\/p>\n<p><strong>Imagem da cal\u00e7ada com piso drenante: <\/strong>@guingamarcola<\/p>\n<p><strong>\u00a0<\/strong><\/p>\n<p><strong>\u00a0<\/strong><\/p>\n","protected":false},"excerpt":{"rendered":"<p>Dia do Meio Ambiente \u2013 a data internacionalmente comemorada hoje nos oferece oportunidade de reflex\u00e3o<\/p>\n","protected":false},"author":2,"featured_media":2371,"comment_status":"open","ping_status":"open","sticky":false,"template":"","format":"standard","meta":{"footnotes":""},"categories":[1,129],"tags":[169,157,131],"class_list":["post-2369","post","type-post","status-publish","format-standard","has-post-thumbnail","hentry","category-nina-martinelli","category-sustentabilidade","tag-dia-do-meio-ambiente-producao-artesanal","tag-drenante","tag-sustentabilidade"],"yoast_head":"<!-- This site is optimized with the Yoast SEO plugin v26.8 - https:\/\/yoast.com\/product\/yoast-seo-wordpress\/ -->\n<title>Dia do Meio Ambiente \u2013 produzimos artesanalmente e com sustentabilidade<\/title>\n<meta name=\"description\" content=\"Dia do Meio Ambiente - Saiba as raz\u00f5es que fazem dessa data algo muito mais significativo para a nossa marca!\" \/>\n<meta name=\"robots\" content=\"index, follow, max-snippet:-1, max-image-preview:large, max-video-preview:-1\" \/>\n<link rel=\"canonical\" href=\"https:\/\/ninamartinelli.com.br\/blog2\/dia-do-meio-ambiente-produzimos-artesanalmente-e-com-sustentabilidade\/\" \/>\n<meta property=\"og:locale\" content=\"pt_BR\" \/>\n<meta property=\"og:type\" content=\"article\" \/>\n<meta property=\"og:title\" content=\"Dia do Meio Ambiente \u2013 produzimos artesanalmente e com sustentabilidade\" \/>\n<meta property=\"og:description\" content=\"Dia do Meio Ambiente - Saiba as raz\u00f5es que fazem dessa data algo muito mais significativo para a nossa marca!\" \/>\n<meta property=\"og:url\" content=\"https:\/\/ninamartinelli.com.br\/blog2\/dia-do-meio-ambiente-produzimos-artesanalmente-e-com-sustentabilidade\/\" \/>\n<meta property=\"og:site_name\" content=\"Blog Nina\" \/>\n<meta property=\"article:published_time\" content=\"2024-06-05T12:24:06+00:00\" \/>\n<meta property=\"og:image\" content=\"https:\/\/ninamartinelli.com.br\/blog2\/wp-content\/uploads\/2024\/06\/dia-meio-ambiente-2-drenante-@guingamarcola-projeto-Fiorella-Queiros-Arquitetura-e-Interiores.jpg\" \/>\n\t<meta property=\"og:image:width\" content=\"1000\" \/>\n\t<meta property=\"og:image:height\" content=\"500\" \/>\n\t<meta property=\"og:image:type\" content=\"image\/jpeg\" \/>\n<meta name=\"author\" content=\"Ana Maria Devides\" \/>\n<meta name=\"twitter:card\" content=\"summary_large_image\" \/>\n<meta name=\"twitter:label1\" content=\"Escrito por\" \/>\n\t<meta name=\"twitter:data1\" content=\"Ana Maria Devides\" \/>\n\t<meta name=\"twitter:label2\" content=\"Est. tempo de leitura\" \/>\n\t<meta name=\"twitter:data2\" content=\"3 minutos\" \/>\n<script type=\"application\/ld+json\" class=\"yoast-schema-graph\">{\"@context\":\"https:\/\/schema.org\",\"@graph\":[{\"@type\":\"Article\",\"@id\":\"https:\/\/ninamartinelli.com.br\/blog2\/dia-do-meio-ambiente-produzimos-artesanalmente-e-com-sustentabilidade\/#article\",\"isPartOf\":{\"@id\":\"https:\/\/ninamartinelli.com.br\/blog2\/dia-do-meio-ambiente-produzimos-artesanalmente-e-com-sustentabilidade\/\"},\"author\":{\"name\":\"Ana Maria Devides\",\"@id\":\"https:\/\/ninamartinelli.com.br\/blog2\/#\/schema\/person\/43fbfb1d4cbe3b472995206b2bb06df5\"},\"headline\":\"Dia do Meio Ambiente \u2013 produzimos artesanalmente e com sustentabilidade\",\"datePublished\":\"2024-06-05T12:24:06+00:00\",\"mainEntityOfPage\":{\"@id\":\"https:\/\/ninamartinelli.com.br\/blog2\/dia-do-meio-ambiente-produzimos-artesanalmente-e-com-sustentabilidade\/\"},\"wordCount\":488,\"commentCount\":0,\"publisher\":{\"@id\":\"https:\/\/ninamartinelli.com.br\/blog2\/#organization\"},\"image\":{\"@id\":\"https:\/\/ninamartinelli.com.br\/blog2\/dia-do-meio-ambiente-produzimos-artesanalmente-e-com-sustentabilidade\/#primaryimage\"},\"thumbnailUrl\":\"https:\/\/ninamartinelli.com.br\/blog2\/wp-content\/uploads\/2024\/06\/dia-meio-ambiente-2-drenante-@guingamarcola-projeto-Fiorella-Queiros-Arquitetura-e-Interiores.jpg\",\"keywords\":[\"Dia do Meio Ambiente; producao artesanal\",\"drenante\",\"Sustentabilidade\"],\"articleSection\":[\"Nina Martinelli\",\"Sustentabilidade\"],\"inLanguage\":\"pt-BR\",\"potentialAction\":[{\"@type\":\"CommentAction\",\"name\":\"Comment\",\"target\":[\"https:\/\/ninamartinelli.com.br\/blog2\/dia-do-meio-ambiente-produzimos-artesanalmente-e-com-sustentabilidade\/#respond\"]}]},{\"@type\":\"WebPage\",\"@id\":\"https:\/\/ninamartinelli.com.br\/blog2\/dia-do-meio-ambiente-produzimos-artesanalmente-e-com-sustentabilidade\/\",\"url\":\"https:\/\/ninamartinelli.com.br\/blog2\/dia-do-meio-ambiente-produzimos-artesanalmente-e-com-sustentabilidade\/\",\"name\":\"Dia do Meio Ambiente \u2013 produzimos artesanalmente e com sustentabilidade\",\"isPartOf\":{\"@id\":\"https:\/\/ninamartinelli.com.br\/blog2\/#website\"},\"primaryImageOfPage\":{\"@id\":\"https:\/\/ninamartinelli.com.br\/blog2\/dia-do-meio-ambiente-produzimos-artesanalmente-e-com-sustentabilidade\/#primaryimage\"},\"image\":{\"@id\":\"https:\/\/ninamartinelli.com.br\/blog2\/dia-do-meio-ambiente-produzimos-artesanalmente-e-com-sustentabilidade\/#primaryimage\"},\"thumbnailUrl\":\"https:\/\/ninamartinelli.com.br\/blog2\/wp-content\/uploads\/2024\/06\/dia-meio-ambiente-2-drenante-@guingamarcola-projeto-Fiorella-Queiros-Arquitetura-e-Interiores.jpg\",\"datePublished\":\"2024-06-05T12:24:06+00:00\",\"description\":\"Dia do Meio Ambiente - Saiba as raz\u00f5es que fazem dessa data algo muito mais significativo para a nossa marca!\",\"breadcrumb\":{\"@id\":\"https:\/\/ninamartinelli.com.br\/blog2\/dia-do-meio-ambiente-produzimos-artesanalmente-e-com-sustentabilidade\/#breadcrumb\"},\"inLanguage\":\"pt-BR\",\"potentialAction\":[{\"@type\":\"ReadAction\",\"target\":[\"https:\/\/ninamartinelli.com.br\/blog2\/dia-do-meio-ambiente-produzimos-artesanalmente-e-com-sustentabilidade\/\"]}]},{\"@type\":\"ImageObject\",\"inLanguage\":\"pt-BR\",\"@id\":\"https:\/\/ninamartinelli.com.br\/blog2\/dia-do-meio-ambiente-produzimos-artesanalmente-e-com-sustentabilidade\/#primaryimage\",\"url\":\"https:\/\/ninamartinelli.com.br\/blog2\/wp-content\/uploads\/2024\/06\/dia-meio-ambiente-2-drenante-@guingamarcola-projeto-Fiorella-Queiros-Arquitetura-e-Interiores.jpg\",\"contentUrl\":\"https:\/\/ninamartinelli.com.br\/blog2\/wp-content\/uploads\/2024\/06\/dia-meio-ambiente-2-drenante-@guingamarcola-projeto-Fiorella-Queiros-Arquitetura-e-Interiores.jpg\",\"width\":1000,\"height\":500},{\"@type\":\"BreadcrumbList\",\"@id\":\"https:\/\/ninamartinelli.com.br\/blog2\/dia-do-meio-ambiente-produzimos-artesanalmente-e-com-sustentabilidade\/#breadcrumb\",\"itemListElement\":[{\"@type\":\"ListItem\",\"position\":1,\"name\":\"In\u00edcio\",\"item\":\"https:\/\/ninamartinelli.com.br\/blog2\/\"},{\"@type\":\"ListItem\",\"position\":2,\"name\":\"Dia do Meio Ambiente \u2013 produzimos artesanalmente e com sustentabilidade\"}]},{\"@type\":\"WebSite\",\"@id\":\"https:\/\/ninamartinelli.com.br\/blog2\/#website\",\"url\":\"https:\/\/ninamartinelli.com.br\/blog2\/\",\"name\":\"Nina Martinelli\",\"description\":\"#Nina_Martinelli\",\"publisher\":{\"@id\":\"https:\/\/ninamartinelli.com.br\/blog2\/#organization\"},\"potentialAction\":[{\"@type\":\"SearchAction\",\"target\":{\"@type\":\"EntryPoint\",\"urlTemplate\":\"https:\/\/ninamartinelli.com.br\/blog2\/?s={search_term_string}\"},\"query-input\":{\"@type\":\"PropertyValueSpecification\",\"valueRequired\":true,\"valueName\":\"search_term_string\"}}],\"inLanguage\":\"pt-BR\"},{\"@type\":\"Organization\",\"@id\":\"https:\/\/ninamartinelli.com.br\/blog2\/#organization\",\"name\":\"Blog Novidades\",\"url\":\"https:\/\/ninamartinelli.com.br\/blog2\/\",\"logo\":{\"@type\":\"ImageObject\",\"inLanguage\":\"pt-BR\",\"@id\":\"https:\/\/ninamartinelli.com.br\/blog2\/#\/schema\/logo\/image\/\",\"url\":\"http:\/\/blog.ninamartinelli.com.br\/wp-content\/uploads\/2022\/03\/logo_nina_blog.png\",\"contentUrl\":\"http:\/\/blog.ninamartinelli.com.br\/wp-content\/uploads\/2022\/03\/logo_nina_blog.png\",\"width\":500,\"height\":104,\"caption\":\"Blog Novidades\"},\"image\":{\"@id\":\"https:\/\/ninamartinelli.com.br\/blog2\/#\/schema\/logo\/image\/\"}},{\"@type\":\"Person\",\"@id\":\"https:\/\/ninamartinelli.com.br\/blog2\/#\/schema\/person\/43fbfb1d4cbe3b472995206b2bb06df5\",\"name\":\"Ana Maria Devides\",\"image\":{\"@type\":\"ImageObject\",\"inLanguage\":\"pt-BR\",\"@id\":\"https:\/\/ninamartinelli.com.br\/blog2\/#\/schema\/person\/image\/\",\"url\":\"https:\/\/secure.gravatar.com\/avatar\/a03a82675d8bb3da8e5c5a6872db97be?s=96&d=mm&r=g\",\"contentUrl\":\"https:\/\/secure.gravatar.com\/avatar\/a03a82675d8bb3da8e5c5a6872db97be?s=96&d=mm&r=g\",\"caption\":\"Ana Maria Devides\"},\"url\":\"https:\/\/ninamartinelli.com.br\/blog2\/author\/assessoria-nina-martinelli\/\"}]}<\/script>\n<!-- \/ Yoast SEO plugin. -->","yoast_head_json":{"title":"Dia do Meio Ambiente \u2013 produzimos artesanalmente e com sustentabilidade","description":"Dia do Meio Ambiente - Saiba as raz\u00f5es que fazem dessa data algo muito mais significativo para a nossa marca!","robots":{"index":"index","follow":"follow","max-snippet":"max-snippet:-1","max-image-preview":"max-image-preview:large","max-video-preview":"max-video-preview:-1"},"canonical":"https:\/\/ninamartinelli.com.br\/blog2\/dia-do-meio-ambiente-produzimos-artesanalmente-e-com-sustentabilidade\/","og_locale":"pt_BR","og_type":"article","og_title":"Dia do Meio Ambiente \u2013 produzimos artesanalmente e com sustentabilidade","og_description":"Dia do Meio Ambiente - Saiba as raz\u00f5es que fazem dessa data algo muito mais significativo para a nossa marca!","og_url":"https:\/\/ninamartinelli.com.br\/blog2\/dia-do-meio-ambiente-produzimos-artesanalmente-e-com-sustentabilidade\/","og_site_name":"Blog Nina","article_published_time":"2024-06-05T12:24:06+00:00","og_image":[{"width":1000,"height":500,"url":"https:\/\/ninamartinelli.com.br\/blog2\/wp-content\/uploads\/2024\/06\/dia-meio-ambiente-2-drenante-@guingamarcola-projeto-Fiorella-Queiros-Arquitetura-e-Interiores.jpg","type":"image\/jpeg"}],"author":"Ana Maria Devides","twitter_card":"summary_large_image","twitter_misc":{"Escrito por":"Ana Maria Devides","Est. tempo de leitura":"3 minutos"},"schema":{"@context":"https:\/\/schema.org","@graph":[{"@type":"Article","@id":"https:\/\/ninamartinelli.com.br\/blog2\/dia-do-meio-ambiente-produzimos-artesanalmente-e-com-sustentabilidade\/#article","isPartOf":{"@id":"https:\/\/ninamartinelli.com.br\/blog2\/dia-do-meio-ambiente-produzimos-artesanalmente-e-com-sustentabilidade\/"},"author":{"name":"Ana Maria Devides","@id":"https:\/\/ninamartinelli.com.br\/blog2\/#\/schema\/person\/43fbfb1d4cbe3b472995206b2bb06df5"},"headline":"Dia do Meio Ambiente \u2013 produzimos artesanalmente e com sustentabilidade","datePublished":"2024-06-05T12:24:06+00:00","mainEntityOfPage":{"@id":"https:\/\/ninamartinelli.com.br\/blog2\/dia-do-meio-ambiente-produzimos-artesanalmente-e-com-sustentabilidade\/"},"wordCount":488,"commentCount":0,"publisher":{"@id":"https:\/\/ninamartinelli.com.br\/blog2\/#organization"},"image":{"@id":"https:\/\/ninamartinelli.com.br\/blog2\/dia-do-meio-ambiente-produzimos-artesanalmente-e-com-sustentabilidade\/#primaryimage"},"thumbnailUrl":"https:\/\/ninamartinelli.com.br\/blog2\/wp-content\/uploads\/2024\/06\/dia-meio-ambiente-2-drenante-@guingamarcola-projeto-Fiorella-Queiros-Arquitetura-e-Interiores.jpg","keywords":["Dia do Meio Ambiente; producao artesanal","drenante","Sustentabilidade"],"articleSection":["Nina Martinelli","Sustentabilidade"],"inLanguage":"pt-BR","potentialAction":[{"@type":"CommentAction","name":"Comment","target":["https:\/\/ninamartinelli.com.br\/blog2\/dia-do-meio-ambiente-produzimos-artesanalmente-e-com-sustentabilidade\/#respond"]}]},{"@type":"WebPage","@id":"https:\/\/ninamartinelli.com.br\/blog2\/dia-do-meio-ambiente-produzimos-artesanalmente-e-com-sustentabilidade\/","url":"https:\/\/ninamartinelli.com.br\/blog2\/dia-do-meio-ambiente-produzimos-artesanalmente-e-com-sustentabilidade\/","name":"Dia do Meio Ambiente \u2013 produzimos artesanalmente e com sustentabilidade","isPartOf":{"@id":"https:\/\/ninamartinelli.com.br\/blog2\/#website"},"primaryImageOfPage":{"@id":"https:\/\/ninamartinelli.com.br\/blog2\/dia-do-meio-ambiente-produzimos-artesanalmente-e-com-sustentabilidade\/#primaryimage"},"image":{"@id":"https:\/\/ninamartinelli.com.br\/blog2\/dia-do-meio-ambiente-produzimos-artesanalmente-e-com-sustentabilidade\/#primaryimage"},"thumbnailUrl":"https:\/\/ninamartinelli.com.br\/blog2\/wp-content\/uploads\/2024\/06\/dia-meio-ambiente-2-drenante-@guingamarcola-projeto-Fiorella-Queiros-Arquitetura-e-Interiores.jpg","datePublished":"2024-06-05T12:24:06+00:00","description":"Dia do Meio Ambiente - Saiba as raz\u00f5es que fazem dessa data algo muito mais significativo para a nossa marca!","breadcrumb":{"@id":"https:\/\/ninamartinelli.com.br\/blog2\/dia-do-meio-ambiente-produzimos-artesanalmente-e-com-sustentabilidade\/#breadcrumb"},"inLanguage":"pt-BR","potentialAction":[{"@type":"ReadAction","target":["https:\/\/ninamartinelli.com.br\/blog2\/dia-do-meio-ambiente-produzimos-artesanalmente-e-com-sustentabilidade\/"]}]},{"@type":"ImageObject","inLanguage":"pt-BR","@id":"https:\/\/ninamartinelli.com.br\/blog2\/dia-do-meio-ambiente-produzimos-artesanalmente-e-com-sustentabilidade\/#primaryimage","url":"https:\/\/ninamartinelli.com.br\/blog2\/wp-content\/uploads\/2024\/06\/dia-meio-ambiente-2-drenante-@guingamarcola-projeto-Fiorella-Queiros-Arquitetura-e-Interiores.jpg","contentUrl":"https:\/\/ninamartinelli.com.br\/blog2\/wp-content\/uploads\/2024\/06\/dia-meio-ambiente-2-drenante-@guingamarcola-projeto-Fiorella-Queiros-Arquitetura-e-Interiores.jpg","width":1000,"height":500},{"@type":"BreadcrumbList","@id":"https:\/\/ninamartinelli.com.br\/blog2\/dia-do-meio-ambiente-produzimos-artesanalmente-e-com-sustentabilidade\/#breadcrumb","itemListElement":[{"@type":"ListItem","position":1,"name":"In\u00edcio","item":"https:\/\/ninamartinelli.com.br\/blog2\/"},{"@type":"ListItem","position":2,"name":"Dia do Meio Ambiente \u2013 produzimos artesanalmente e com sustentabilidade"}]},{"@type":"WebSite","@id":"https:\/\/ninamartinelli.com.br\/blog2\/#website","url":"https:\/\/ninamartinelli.com.br\/blog2\/","name":"Nina Martinelli","description":"#Nina_Martinelli","publisher":{"@id":"https:\/\/ninamartinelli.com.br\/blog2\/#organization"},"potentialAction":[{"@type":"SearchAction","target":{"@type":"EntryPoint","urlTemplate":"https:\/\/ninamartinelli.com.br\/blog2\/?s={search_term_string}"},"query-input":{"@type":"PropertyValueSpecification","valueRequired":true,"valueName":"search_term_string"}}],"inLanguage":"pt-BR"},{"@type":"Organization","@id":"https:\/\/ninamartinelli.com.br\/blog2\/#organization","name":"Blog Novidades","url":"https:\/\/ninamartinelli.com.br\/blog2\/","logo":{"@type":"ImageObject","inLanguage":"pt-BR","@id":"https:\/\/ninamartinelli.com.br\/blog2\/#\/schema\/logo\/image\/","url":"http:\/\/blog.ninamartinelli.com.br\/wp-content\/uploads\/2022\/03\/logo_nina_blog.png","contentUrl":"http:\/\/blog.ninamartinelli.com.br\/wp-content\/uploads\/2022\/03\/logo_nina_blog.png","width":500,"height":104,"caption":"Blog Novidades"},"image":{"@id":"https:\/\/ninamartinelli.com.br\/blog2\/#\/schema\/logo\/image\/"}},{"@type":"Person","@id":"https:\/\/ninamartinelli.com.br\/blog2\/#\/schema\/person\/43fbfb1d4cbe3b472995206b2bb06df5","name":"Ana Maria Devides","image":{"@type":"ImageObject","inLanguage":"pt-BR","@id":"https:\/\/ninamartinelli.com.br\/blog2\/#\/schema\/person\/image\/","url":"https:\/\/secure.gravatar.com\/avatar\/a03a82675d8bb3da8e5c5a6872db97be?s=96&d=mm&r=g","contentUrl":"https:\/\/secure.gravatar.com\/avatar\/a03a82675d8bb3da8e5c5a6872db97be?s=96&d=mm&r=g","caption":"Ana Maria Devides"},"url":"https:\/\/ninamartinelli.com.br\/blog2\/author\/assessoria-nina-martinelli\/"}]}},"_links":{"self":[{"href":"https:\/\/ninamartinelli.com.br\/blog2\/wp-json\/wp\/v2\/posts\/2369","targetHints":{"allow":["GET"]}}],"collection":[{"href":"https:\/\/ninamartinelli.com.br\/blog2\/wp-json\/wp\/v2\/posts"}],"about":[{"href":"https:\/\/ninamartinelli.com.br\/blog2\/wp-json\/wp\/v2\/types\/post"}],"author":[{"embeddable":true,"href":"https:\/\/ninamartinelli.com.br\/blog2\/wp-json\/wp\/v2\/users\/2"}],"replies":[{"embeddable":true,"href":"https:\/\/ninamartinelli.com.br\/blog2\/wp-json\/wp\/v2\/comments?post=2369"}],"version-history":[{"count":2,"href":"https:\/\/ninamartinelli.com.br\/blog2\/wp-json\/wp\/v2\/posts\/2369\/revisions"}],"predecessor-version":[{"id":2376,"href":"https:\/\/ninamartinelli.com.br\/blog2\/wp-json\/wp\/v2\/posts\/2369\/revisions\/2376"}],"wp:featuredmedia":[{"embeddable":true,"href":"https:\/\/ninamartinelli.com.br\/blog2\/wp-json\/wp\/v2\/media\/2371"}],"wp:attachment":[{"href":"https:\/\/ninamartinelli.com.br\/blog2\/wp-json\/wp\/v2\/media?parent=2369"}],"wp:term":[{"taxonomy":"category","embeddable":true,"href":"https:\/\/ninamartinelli.com.br\/blog2\/wp-json\/wp\/v2\/categories?post=2369"},{"taxonomy":"post_tag","embeddable":true,"href":"https:\/\/ninamartinelli.com.br\/blog2\/wp-json\/wp\/v2\/tags?post=2369"}],"curies":[{"name":"wp","href":"https:\/\/api.w.org\/{rel}","templated":true}]}}