{"id":2357,"date":"2024-05-22T09:03:16","date_gmt":"2024-05-22T12:03:16","guid":{"rendered":"https:\/\/ninamartinelli.com.br\/blog2\/?p=2357"},"modified":"2024-11-13T14:34:06","modified_gmt":"2024-11-13T17:34:06","slug":"a-mesa-que-e-uma-obra-de-arte-e-a-ceramica-scortese-paglia-a-moldura-perfeita","status":"publish","type":"post","link":"https:\/\/ninamartinelli.com.br\/blog2\/a-mesa-que-e-uma-obra-de-arte-e-a-ceramica-scortese-paglia-a-moldura-perfeita\/","title":{"rendered":"A mesa que \u00e9 uma obra de arte \u2013 e a cer\u00e2mica Scortese Paglia, a moldura perfeita"},"content":{"rendered":"<p><strong>A mesa que \u00e9 uma obra de arte \u2013 <\/strong>Prestes a ser lan\u00e7ada e em vias de ser comercializada atrav\u00e9s de um renomado site de design brasileiro, a mesa Metade da Laranja, assinada pela designer Erica Gon\u00e7alves, do escrit\u00f3rio <a href=\"https:\/\/www.instagram.com\/volarinteriores\/\">Volar Interiores,<\/a> \u00e9 uma verdadeira obra de arte.<\/p>\n<p>Inspirada nas bases medievais, a pe\u00e7a \u00e9 na verdade uma meia mesa, inspirada nesse tipo de mobili\u00e1rio de antigamente, com linhas cuidadosamente pensadas para evocar conforto e acolhimento.<\/p>\n<p>A meia mesa tem curvas anat\u00f4micas, apoio, propor\u00e7\u00e3o e se torna ainda mais convidativa ao acomodar confortavelmente duas cadeiras, num espa\u00e7o inferior onde se pode movimentar as pernas sem \u2018trombar\u2019 com nenhuma quina ou aresta. Um conforto s\u00f3.<\/p>\n<p><img loading=\"lazy\" decoding=\"async\" class=\"alignnone wp-image-2359\" src=\"https:\/\/ninamartinelli.com.br\/blog2\/wp-content\/uploads\/2024\/05\/mesa-volar-1-219x300.jpeg\" alt=\"\" width=\"276\" height=\"378\" srcset=\"https:\/\/ninamartinelli.com.br\/blog2\/wp-content\/uploads\/2024\/05\/mesa-volar-1-219x300.jpeg 219w, https:\/\/ninamartinelli.com.br\/blog2\/wp-content\/uploads\/2024\/05\/mesa-volar-1-747x1024.jpeg 747w, https:\/\/ninamartinelli.com.br\/blog2\/wp-content\/uploads\/2024\/05\/mesa-volar-1-768x1053.jpeg 768w, https:\/\/ninamartinelli.com.br\/blog2\/wp-content\/uploads\/2024\/05\/mesa-volar-1.jpeg 934w\" sizes=\"auto, (max-width: 276px) 100vw, 276px\" \/> <img loading=\"lazy\" decoding=\"async\" class=\"alignnone wp-image-2360\" src=\"https:\/\/ninamartinelli.com.br\/blog2\/wp-content\/uploads\/2024\/05\/mesa-volar-3-221x300.jpeg\" alt=\"\" width=\"278\" height=\"377\" srcset=\"https:\/\/ninamartinelli.com.br\/blog2\/wp-content\/uploads\/2024\/05\/mesa-volar-3-221x300.jpeg 221w, https:\/\/ninamartinelli.com.br\/blog2\/wp-content\/uploads\/2024\/05\/mesa-volar-3-755x1024.jpeg 755w, https:\/\/ninamartinelli.com.br\/blog2\/wp-content\/uploads\/2024\/05\/mesa-volar-3-768x1041.jpeg 768w, https:\/\/ninamartinelli.com.br\/blog2\/wp-content\/uploads\/2024\/05\/mesa-volar-3.jpeg 944w\" sizes=\"auto, (max-width: 278px) 100vw, 278px\" \/><\/p>\n<p><img loading=\"lazy\" decoding=\"async\" class=\"alignnone wp-image-2361\" src=\"https:\/\/ninamartinelli.com.br\/blog2\/wp-content\/uploads\/2024\/05\/mesa-volar-4-203x300.jpeg\" alt=\"\" width=\"278\" height=\"410\" srcset=\"https:\/\/ninamartinelli.com.br\/blog2\/wp-content\/uploads\/2024\/05\/mesa-volar-4-203x300.jpeg 203w, https:\/\/ninamartinelli.com.br\/blog2\/wp-content\/uploads\/2024\/05\/mesa-volar-4-694x1024.jpeg 694w, https:\/\/ninamartinelli.com.br\/blog2\/wp-content\/uploads\/2024\/05\/mesa-volar-4-768x1133.jpeg 768w, https:\/\/ninamartinelli.com.br\/blog2\/wp-content\/uploads\/2024\/05\/mesa-volar-4.jpeg 868w\" sizes=\"auto, (max-width: 278px) 100vw, 278px\" \/> <img loading=\"lazy\" decoding=\"async\" class=\"alignnone wp-image-2362\" src=\"https:\/\/ninamartinelli.com.br\/blog2\/wp-content\/uploads\/2024\/05\/mesa-volar-detalhe-200x300.jpeg\" alt=\"\" width=\"275\" height=\"413\" srcset=\"https:\/\/ninamartinelli.com.br\/blog2\/wp-content\/uploads\/2024\/05\/mesa-volar-detalhe-200x300.jpeg 200w, https:\/\/ninamartinelli.com.br\/blog2\/wp-content\/uploads\/2024\/05\/mesa-volar-detalhe-682x1024.jpeg 682w, https:\/\/ninamartinelli.com.br\/blog2\/wp-content\/uploads\/2024\/05\/mesa-volar-detalhe-768x1153.jpeg 768w, https:\/\/ninamartinelli.com.br\/blog2\/wp-content\/uploads\/2024\/05\/mesa-volar-detalhe-1023x1536.jpeg 1023w, https:\/\/ninamartinelli.com.br\/blog2\/wp-content\/uploads\/2024\/05\/mesa-volar-detalhe-1024x1537.jpeg 1024w, https:\/\/ninamartinelli.com.br\/blog2\/wp-content\/uploads\/2024\/05\/mesa-volar-detalhe.jpeg 1066w\" sizes=\"auto, (max-width: 275px) 100vw, 275px\" \/><\/p>\n<p>Outro charme extra da pe\u00e7a \u00e9 uma frase, que segundo Erica Gon\u00e7alves, \u00e9 como um mantra para o escrit\u00f3rio: \u201cMorar \u00e9 existir\u201d, impressa pr\u00f3ximo \u00e0 borda da mesa, e, como diz a designer, <em>\u201cse torna um detalhe com muita pot\u00eancia, que enriquece e ecoa<\/em>\u201d as premissas dos profissionais da equipe. \u201c<em>N\u00f3s acreditamos que tudo \u00e9 muito c\u00edclico e para criar inova\u00e7\u00e3o \u00e9 importante olhar para dentro, valorizar nossa hist\u00f3ria, nosso enredo\u201d<\/em>, diz ela.<\/p>\n<p>O ensaio fotogr\u00e1fico para ilustrar o lan\u00e7amento da pe\u00e7a foi feito pelo fot\u00f3grafo <a href=\"https:\/\/www.instagram.com\/favarojrfotografia\/\">F\u00e1varo Jr.<\/a>, de quem a Volar Interiores \u00e9 cliente fiel e evidencia outra obra-prima no ambiente da mesa, a cer\u00e2mica <a href=\"https:\/\/ninamartinelli.com.br\/produtos\/piso-linea-scortese-paglia\/\">Scortese Paglia 11,5&#215;11,5<\/a>, da Nina Martinelli Pisos e Revestimentos.<\/p>\n<p>O produto foi escolhido por Erica para revestir o ch\u00e3o e uma esp\u00e9cie de \u2018mureta\u2019 que abra\u00e7a o pequeno lounge do pr\u00f3prio escrit\u00f3rio da Volar Interiores, onde as fotos foram feitas.<\/p>\n<p>A famosa \u201clajotinha\u201d da Nina Martinelli, \u00e9 feita em cer\u00e2mica, conjugando beleza, versatilidade e resist\u00eancia. Confere aos ambientes aquele charme dos terra\u00e7os, quintais e varandas de antigamente, mas com a modernidade dos espa\u00e7os acolhedores, r\u00fasticos e marcantes.<\/p>\n<p>A design que assina a bel\u00edssima mesa explica a escolha do Scortese Paglia para compor o espa\u00e7o onde a mesa foi fotografada. <em>&#8220;A gente escolheu esse produto porque ele significa terra, essa cer\u00e2mica crua, simboliza ch\u00e3o, tudo que tem de mais s\u00f3lido, tem tudo a ver com o que a gente busca no design, no que a gente acredita e tem como valor. A gente presa muito por esse respeito ancestral, e valorizar nossa hist\u00f3ria e ra\u00edzes. E a terra, esse processo artesanal tem muito a ver com o que a gente acredita como profissionais. Fez o cen\u00e1rio perfeito para a mesa, traz esse ar afetivo e toda essa simbologia da terra, que \u00e9 nossa pot\u00eancia, de onde a gente nasce&#8221;<\/em>, diz Erica.<\/p>\n<p>&nbsp;<\/p>\n<p><strong>Servi\u00e7o:<\/strong><\/p>\n<p><strong>A mesa que \u00e9 uma obra de arte \u2013 lan\u00e7amento de pe\u00e7a de design brasileiro \u2013 meia Mesa\u00a0 &#8211; \u201cMetade da Laranja\u201d<\/strong><\/p>\n<p><strong>Produto: <\/strong>Scortese Paglia 11,5&#215;11,5<\/p>\n<p><strong>Design: <\/strong>Erica Gon\u00e7alves \u2013 Volar Interiores<\/p>\n<p><strong>Fotos: <\/strong>@favarojrfotografia<\/p>\n<p>&nbsp;<\/p>\n","protected":false},"excerpt":{"rendered":"<p>A mesa que \u00e9 uma obra de arte \u2013 Prestes a ser lan\u00e7ada e em<\/p>\n","protected":false},"author":2,"featured_media":2358,"comment_status":"open","ping_status":"open","sticky":false,"template":"","format":"standard","meta":{"footnotes":""},"categories":[59,1,21,26,129],"tags":[45,37,24,168,131],"class_list":["post-2357","post","type-post","status-publish","format-standard","has-post-thumbnail","hentry","category-ceramica","category-nina-martinelli","category-pisos","category-revestimentos","category-sustentabilidade","tag-ceramica","tag-parede","tag-piso","tag-producao-artesanal","tag-sustentabilidade"],"yoast_head":"<!-- This site is optimized with the Yoast SEO plugin v26.8 - https:\/\/yoast.com\/product\/yoast-seo-wordpress\/ -->\n<title>A mesa que \u00e9 uma obra de arte \u2013 e a cer\u00e2mica Scortese Paglia, a moldura perfeita<\/title>\n<meta name=\"description\" content=\"A mesa que \u00e9 uma obra de arte, prestes a ser lan\u00e7ada sob cria\u00e7\u00e3o da designer Erica Gomes, da Volar Interiores, emoldurada pela cer\u00e2mica da Nina\" \/>\n<meta name=\"robots\" content=\"index, follow, max-snippet:-1, max-image-preview:large, max-video-preview:-1\" \/>\n<link rel=\"canonical\" href=\"https:\/\/ninamartinelli.com.br\/blog2\/a-mesa-que-e-uma-obra-de-arte-e-a-ceramica-scortese-paglia-a-moldura-perfeita\/\" \/>\n<meta property=\"og:locale\" content=\"pt_BR\" \/>\n<meta property=\"og:type\" content=\"article\" \/>\n<meta property=\"og:title\" content=\"A mesa que \u00e9 uma obra de arte \u2013 e a cer\u00e2mica Scortese Paglia, a moldura perfeita\" \/>\n<meta property=\"og:description\" content=\"A mesa que \u00e9 uma obra de arte, prestes a ser lan\u00e7ada sob cria\u00e7\u00e3o da designer Erica Gomes, da Volar Interiores, emoldurada pela cer\u00e2mica da Nina\" \/>\n<meta property=\"og:url\" content=\"https:\/\/ninamartinelli.com.br\/blog2\/a-mesa-que-e-uma-obra-de-arte-e-a-ceramica-scortese-paglia-a-moldura-perfeita\/\" \/>\n<meta property=\"og:site_name\" content=\"Blog Nina\" \/>\n<meta property=\"article:published_time\" content=\"2024-05-22T12:03:16+00:00\" \/>\n<meta property=\"article:modified_time\" content=\"2024-11-13T17:34:06+00:00\" \/>\n<meta property=\"og:image\" content=\"https:\/\/ninamartinelli.com.br\/blog2\/wp-content\/uploads\/2024\/05\/mesa-volar-2-capa.jpeg\" \/>\n\t<meta property=\"og:image:width\" content=\"1280\" \/>\n\t<meta property=\"og:image:height\" content=\"826\" \/>\n\t<meta property=\"og:image:type\" content=\"image\/jpeg\" \/>\n<meta name=\"author\" content=\"Ana Maria Devides\" \/>\n<meta name=\"twitter:card\" content=\"summary_large_image\" \/>\n<meta name=\"twitter:label1\" content=\"Escrito por\" \/>\n\t<meta name=\"twitter:data1\" content=\"Ana Maria Devides\" \/>\n\t<meta name=\"twitter:label2\" content=\"Est. tempo de leitura\" \/>\n\t<meta name=\"twitter:data2\" content=\"4 minutos\" \/>\n<script type=\"application\/ld+json\" class=\"yoast-schema-graph\">{\"@context\":\"https:\/\/schema.org\",\"@graph\":[{\"@type\":\"Article\",\"@id\":\"https:\/\/ninamartinelli.com.br\/blog2\/a-mesa-que-e-uma-obra-de-arte-e-a-ceramica-scortese-paglia-a-moldura-perfeita\/#article\",\"isPartOf\":{\"@id\":\"https:\/\/ninamartinelli.com.br\/blog2\/a-mesa-que-e-uma-obra-de-arte-e-a-ceramica-scortese-paglia-a-moldura-perfeita\/\"},\"author\":{\"name\":\"Ana Maria Devides\",\"@id\":\"https:\/\/ninamartinelli.com.br\/blog2\/#\/schema\/person\/43fbfb1d4cbe3b472995206b2bb06df5\"},\"headline\":\"A mesa que \u00e9 uma obra de arte \u2013 e a cer\u00e2mica Scortese Paglia, a moldura perfeita\",\"datePublished\":\"2024-05-22T12:03:16+00:00\",\"dateModified\":\"2024-11-13T17:34:06+00:00\",\"mainEntityOfPage\":{\"@id\":\"https:\/\/ninamartinelli.com.br\/blog2\/a-mesa-que-e-uma-obra-de-arte-e-a-ceramica-scortese-paglia-a-moldura-perfeita\/\"},\"wordCount\":502,\"commentCount\":0,\"publisher\":{\"@id\":\"https:\/\/ninamartinelli.com.br\/blog2\/#organization\"},\"image\":{\"@id\":\"https:\/\/ninamartinelli.com.br\/blog2\/a-mesa-que-e-uma-obra-de-arte-e-a-ceramica-scortese-paglia-a-moldura-perfeita\/#primaryimage\"},\"thumbnailUrl\":\"https:\/\/ninamartinelli.com.br\/blog2\/wp-content\/uploads\/2024\/05\/mesa-volar-2-capa.jpeg\",\"keywords\":[\"ceramica\",\"parede\",\"piso\",\"produ\u00e7\u00e3o artesanal\",\"Sustentabilidade\"],\"articleSection\":[\"Cer\u00e2mica\",\"Nina Martinelli\",\"Pisos\",\"Revestimentos\",\"Sustentabilidade\"],\"inLanguage\":\"pt-BR\",\"potentialAction\":[{\"@type\":\"CommentAction\",\"name\":\"Comment\",\"target\":[\"https:\/\/ninamartinelli.com.br\/blog2\/a-mesa-que-e-uma-obra-de-arte-e-a-ceramica-scortese-paglia-a-moldura-perfeita\/#respond\"]}]},{\"@type\":\"WebPage\",\"@id\":\"https:\/\/ninamartinelli.com.br\/blog2\/a-mesa-que-e-uma-obra-de-arte-e-a-ceramica-scortese-paglia-a-moldura-perfeita\/\",\"url\":\"https:\/\/ninamartinelli.com.br\/blog2\/a-mesa-que-e-uma-obra-de-arte-e-a-ceramica-scortese-paglia-a-moldura-perfeita\/\",\"name\":\"A mesa que \u00e9 uma obra de arte \u2013 e a cer\u00e2mica Scortese Paglia, a moldura perfeita\",\"isPartOf\":{\"@id\":\"https:\/\/ninamartinelli.com.br\/blog2\/#website\"},\"primaryImageOfPage\":{\"@id\":\"https:\/\/ninamartinelli.com.br\/blog2\/a-mesa-que-e-uma-obra-de-arte-e-a-ceramica-scortese-paglia-a-moldura-perfeita\/#primaryimage\"},\"image\":{\"@id\":\"https:\/\/ninamartinelli.com.br\/blog2\/a-mesa-que-e-uma-obra-de-arte-e-a-ceramica-scortese-paglia-a-moldura-perfeita\/#primaryimage\"},\"thumbnailUrl\":\"https:\/\/ninamartinelli.com.br\/blog2\/wp-content\/uploads\/2024\/05\/mesa-volar-2-capa.jpeg\",\"datePublished\":\"2024-05-22T12:03:16+00:00\",\"dateModified\":\"2024-11-13T17:34:06+00:00\",\"description\":\"A mesa que \u00e9 uma obra de arte, prestes a ser lan\u00e7ada sob cria\u00e7\u00e3o da designer Erica Gomes, da Volar Interiores, emoldurada pela cer\u00e2mica da Nina\",\"breadcrumb\":{\"@id\":\"https:\/\/ninamartinelli.com.br\/blog2\/a-mesa-que-e-uma-obra-de-arte-e-a-ceramica-scortese-paglia-a-moldura-perfeita\/#breadcrumb\"},\"inLanguage\":\"pt-BR\",\"potentialAction\":[{\"@type\":\"ReadAction\",\"target\":[\"https:\/\/ninamartinelli.com.br\/blog2\/a-mesa-que-e-uma-obra-de-arte-e-a-ceramica-scortese-paglia-a-moldura-perfeita\/\"]}]},{\"@type\":\"ImageObject\",\"inLanguage\":\"pt-BR\",\"@id\":\"https:\/\/ninamartinelli.com.br\/blog2\/a-mesa-que-e-uma-obra-de-arte-e-a-ceramica-scortese-paglia-a-moldura-perfeita\/#primaryimage\",\"url\":\"https:\/\/ninamartinelli.com.br\/blog2\/wp-content\/uploads\/2024\/05\/mesa-volar-2-capa.jpeg\",\"contentUrl\":\"https:\/\/ninamartinelli.com.br\/blog2\/wp-content\/uploads\/2024\/05\/mesa-volar-2-capa.jpeg\",\"width\":1280,\"height\":826},{\"@type\":\"BreadcrumbList\",\"@id\":\"https:\/\/ninamartinelli.com.br\/blog2\/a-mesa-que-e-uma-obra-de-arte-e-a-ceramica-scortese-paglia-a-moldura-perfeita\/#breadcrumb\",\"itemListElement\":[{\"@type\":\"ListItem\",\"position\":1,\"name\":\"In\u00edcio\",\"item\":\"https:\/\/ninamartinelli.com.br\/blog2\/\"},{\"@type\":\"ListItem\",\"position\":2,\"name\":\"A mesa que \u00e9 uma obra de arte \u2013 e a cer\u00e2mica Scortese Paglia, a moldura perfeita\"}]},{\"@type\":\"WebSite\",\"@id\":\"https:\/\/ninamartinelli.com.br\/blog2\/#website\",\"url\":\"https:\/\/ninamartinelli.com.br\/blog2\/\",\"name\":\"Nina Martinelli\",\"description\":\"#Nina_Martinelli\",\"publisher\":{\"@id\":\"https:\/\/ninamartinelli.com.br\/blog2\/#organization\"},\"potentialAction\":[{\"@type\":\"SearchAction\",\"target\":{\"@type\":\"EntryPoint\",\"urlTemplate\":\"https:\/\/ninamartinelli.com.br\/blog2\/?s={search_term_string}\"},\"query-input\":{\"@type\":\"PropertyValueSpecification\",\"valueRequired\":true,\"valueName\":\"search_term_string\"}}],\"inLanguage\":\"pt-BR\"},{\"@type\":\"Organization\",\"@id\":\"https:\/\/ninamartinelli.com.br\/blog2\/#organization\",\"name\":\"Blog Novidades\",\"url\":\"https:\/\/ninamartinelli.com.br\/blog2\/\",\"logo\":{\"@type\":\"ImageObject\",\"inLanguage\":\"pt-BR\",\"@id\":\"https:\/\/ninamartinelli.com.br\/blog2\/#\/schema\/logo\/image\/\",\"url\":\"http:\/\/blog.ninamartinelli.com.br\/wp-content\/uploads\/2022\/03\/logo_nina_blog.png\",\"contentUrl\":\"http:\/\/blog.ninamartinelli.com.br\/wp-content\/uploads\/2022\/03\/logo_nina_blog.png\",\"width\":500,\"height\":104,\"caption\":\"Blog Novidades\"},\"image\":{\"@id\":\"https:\/\/ninamartinelli.com.br\/blog2\/#\/schema\/logo\/image\/\"}},{\"@type\":\"Person\",\"@id\":\"https:\/\/ninamartinelli.com.br\/blog2\/#\/schema\/person\/43fbfb1d4cbe3b472995206b2bb06df5\",\"name\":\"Ana Maria Devides\",\"image\":{\"@type\":\"ImageObject\",\"inLanguage\":\"pt-BR\",\"@id\":\"https:\/\/ninamartinelli.com.br\/blog2\/#\/schema\/person\/image\/\",\"url\":\"https:\/\/secure.gravatar.com\/avatar\/a03a82675d8bb3da8e5c5a6872db97be?s=96&d=mm&r=g\",\"contentUrl\":\"https:\/\/secure.gravatar.com\/avatar\/a03a82675d8bb3da8e5c5a6872db97be?s=96&d=mm&r=g\",\"caption\":\"Ana Maria Devides\"},\"url\":\"https:\/\/ninamartinelli.com.br\/blog2\/author\/assessoria-nina-martinelli\/\"}]}<\/script>\n<!-- \/ Yoast SEO plugin. -->","yoast_head_json":{"title":"A mesa que \u00e9 uma obra de arte \u2013 e a cer\u00e2mica Scortese Paglia, a moldura perfeita","description":"A mesa que \u00e9 uma obra de arte, prestes a ser lan\u00e7ada sob cria\u00e7\u00e3o da designer Erica Gomes, da Volar Interiores, emoldurada pela cer\u00e2mica da Nina","robots":{"index":"index","follow":"follow","max-snippet":"max-snippet:-1","max-image-preview":"max-image-preview:large","max-video-preview":"max-video-preview:-1"},"canonical":"https:\/\/ninamartinelli.com.br\/blog2\/a-mesa-que-e-uma-obra-de-arte-e-a-ceramica-scortese-paglia-a-moldura-perfeita\/","og_locale":"pt_BR","og_type":"article","og_title":"A mesa que \u00e9 uma obra de arte \u2013 e a cer\u00e2mica Scortese Paglia, a moldura perfeita","og_description":"A mesa que \u00e9 uma obra de arte, prestes a ser lan\u00e7ada sob cria\u00e7\u00e3o da designer Erica Gomes, da Volar Interiores, emoldurada pela cer\u00e2mica da Nina","og_url":"https:\/\/ninamartinelli.com.br\/blog2\/a-mesa-que-e-uma-obra-de-arte-e-a-ceramica-scortese-paglia-a-moldura-perfeita\/","og_site_name":"Blog Nina","article_published_time":"2024-05-22T12:03:16+00:00","article_modified_time":"2024-11-13T17:34:06+00:00","og_image":[{"width":1280,"height":826,"url":"https:\/\/ninamartinelli.com.br\/blog2\/wp-content\/uploads\/2024\/05\/mesa-volar-2-capa.jpeg","type":"image\/jpeg"}],"author":"Ana Maria Devides","twitter_card":"summary_large_image","twitter_misc":{"Escrito por":"Ana Maria Devides","Est. tempo de leitura":"4 minutos"},"schema":{"@context":"https:\/\/schema.org","@graph":[{"@type":"Article","@id":"https:\/\/ninamartinelli.com.br\/blog2\/a-mesa-que-e-uma-obra-de-arte-e-a-ceramica-scortese-paglia-a-moldura-perfeita\/#article","isPartOf":{"@id":"https:\/\/ninamartinelli.com.br\/blog2\/a-mesa-que-e-uma-obra-de-arte-e-a-ceramica-scortese-paglia-a-moldura-perfeita\/"},"author":{"name":"Ana Maria Devides","@id":"https:\/\/ninamartinelli.com.br\/blog2\/#\/schema\/person\/43fbfb1d4cbe3b472995206b2bb06df5"},"headline":"A mesa que \u00e9 uma obra de arte \u2013 e a cer\u00e2mica Scortese Paglia, a moldura perfeita","datePublished":"2024-05-22T12:03:16+00:00","dateModified":"2024-11-13T17:34:06+00:00","mainEntityOfPage":{"@id":"https:\/\/ninamartinelli.com.br\/blog2\/a-mesa-que-e-uma-obra-de-arte-e-a-ceramica-scortese-paglia-a-moldura-perfeita\/"},"wordCount":502,"commentCount":0,"publisher":{"@id":"https:\/\/ninamartinelli.com.br\/blog2\/#organization"},"image":{"@id":"https:\/\/ninamartinelli.com.br\/blog2\/a-mesa-que-e-uma-obra-de-arte-e-a-ceramica-scortese-paglia-a-moldura-perfeita\/#primaryimage"},"thumbnailUrl":"https:\/\/ninamartinelli.com.br\/blog2\/wp-content\/uploads\/2024\/05\/mesa-volar-2-capa.jpeg","keywords":["ceramica","parede","piso","produ\u00e7\u00e3o artesanal","Sustentabilidade"],"articleSection":["Cer\u00e2mica","Nina Martinelli","Pisos","Revestimentos","Sustentabilidade"],"inLanguage":"pt-BR","potentialAction":[{"@type":"CommentAction","name":"Comment","target":["https:\/\/ninamartinelli.com.br\/blog2\/a-mesa-que-e-uma-obra-de-arte-e-a-ceramica-scortese-paglia-a-moldura-perfeita\/#respond"]}]},{"@type":"WebPage","@id":"https:\/\/ninamartinelli.com.br\/blog2\/a-mesa-que-e-uma-obra-de-arte-e-a-ceramica-scortese-paglia-a-moldura-perfeita\/","url":"https:\/\/ninamartinelli.com.br\/blog2\/a-mesa-que-e-uma-obra-de-arte-e-a-ceramica-scortese-paglia-a-moldura-perfeita\/","name":"A mesa que \u00e9 uma obra de arte \u2013 e a cer\u00e2mica Scortese Paglia, a moldura perfeita","isPartOf":{"@id":"https:\/\/ninamartinelli.com.br\/blog2\/#website"},"primaryImageOfPage":{"@id":"https:\/\/ninamartinelli.com.br\/blog2\/a-mesa-que-e-uma-obra-de-arte-e-a-ceramica-scortese-paglia-a-moldura-perfeita\/#primaryimage"},"image":{"@id":"https:\/\/ninamartinelli.com.br\/blog2\/a-mesa-que-e-uma-obra-de-arte-e-a-ceramica-scortese-paglia-a-moldura-perfeita\/#primaryimage"},"thumbnailUrl":"https:\/\/ninamartinelli.com.br\/blog2\/wp-content\/uploads\/2024\/05\/mesa-volar-2-capa.jpeg","datePublished":"2024-05-22T12:03:16+00:00","dateModified":"2024-11-13T17:34:06+00:00","description":"A mesa que \u00e9 uma obra de arte, prestes a ser lan\u00e7ada sob cria\u00e7\u00e3o da designer Erica Gomes, da Volar Interiores, emoldurada pela cer\u00e2mica da Nina","breadcrumb":{"@id":"https:\/\/ninamartinelli.com.br\/blog2\/a-mesa-que-e-uma-obra-de-arte-e-a-ceramica-scortese-paglia-a-moldura-perfeita\/#breadcrumb"},"inLanguage":"pt-BR","potentialAction":[{"@type":"ReadAction","target":["https:\/\/ninamartinelli.com.br\/blog2\/a-mesa-que-e-uma-obra-de-arte-e-a-ceramica-scortese-paglia-a-moldura-perfeita\/"]}]},{"@type":"ImageObject","inLanguage":"pt-BR","@id":"https:\/\/ninamartinelli.com.br\/blog2\/a-mesa-que-e-uma-obra-de-arte-e-a-ceramica-scortese-paglia-a-moldura-perfeita\/#primaryimage","url":"https:\/\/ninamartinelli.com.br\/blog2\/wp-content\/uploads\/2024\/05\/mesa-volar-2-capa.jpeg","contentUrl":"https:\/\/ninamartinelli.com.br\/blog2\/wp-content\/uploads\/2024\/05\/mesa-volar-2-capa.jpeg","width":1280,"height":826},{"@type":"BreadcrumbList","@id":"https:\/\/ninamartinelli.com.br\/blog2\/a-mesa-que-e-uma-obra-de-arte-e-a-ceramica-scortese-paglia-a-moldura-perfeita\/#breadcrumb","itemListElement":[{"@type":"ListItem","position":1,"name":"In\u00edcio","item":"https:\/\/ninamartinelli.com.br\/blog2\/"},{"@type":"ListItem","position":2,"name":"A mesa que \u00e9 uma obra de arte \u2013 e a cer\u00e2mica Scortese Paglia, a moldura perfeita"}]},{"@type":"WebSite","@id":"https:\/\/ninamartinelli.com.br\/blog2\/#website","url":"https:\/\/ninamartinelli.com.br\/blog2\/","name":"Nina Martinelli","description":"#Nina_Martinelli","publisher":{"@id":"https:\/\/ninamartinelli.com.br\/blog2\/#organization"},"potentialAction":[{"@type":"SearchAction","target":{"@type":"EntryPoint","urlTemplate":"https:\/\/ninamartinelli.com.br\/blog2\/?s={search_term_string}"},"query-input":{"@type":"PropertyValueSpecification","valueRequired":true,"valueName":"search_term_string"}}],"inLanguage":"pt-BR"},{"@type":"Organization","@id":"https:\/\/ninamartinelli.com.br\/blog2\/#organization","name":"Blog Novidades","url":"https:\/\/ninamartinelli.com.br\/blog2\/","logo":{"@type":"ImageObject","inLanguage":"pt-BR","@id":"https:\/\/ninamartinelli.com.br\/blog2\/#\/schema\/logo\/image\/","url":"http:\/\/blog.ninamartinelli.com.br\/wp-content\/uploads\/2022\/03\/logo_nina_blog.png","contentUrl":"http:\/\/blog.ninamartinelli.com.br\/wp-content\/uploads\/2022\/03\/logo_nina_blog.png","width":500,"height":104,"caption":"Blog Novidades"},"image":{"@id":"https:\/\/ninamartinelli.com.br\/blog2\/#\/schema\/logo\/image\/"}},{"@type":"Person","@id":"https:\/\/ninamartinelli.com.br\/blog2\/#\/schema\/person\/43fbfb1d4cbe3b472995206b2bb06df5","name":"Ana Maria Devides","image":{"@type":"ImageObject","inLanguage":"pt-BR","@id":"https:\/\/ninamartinelli.com.br\/blog2\/#\/schema\/person\/image\/","url":"https:\/\/secure.gravatar.com\/avatar\/a03a82675d8bb3da8e5c5a6872db97be?s=96&d=mm&r=g","contentUrl":"https:\/\/secure.gravatar.com\/avatar\/a03a82675d8bb3da8e5c5a6872db97be?s=96&d=mm&r=g","caption":"Ana Maria Devides"},"url":"https:\/\/ninamartinelli.com.br\/blog2\/author\/assessoria-nina-martinelli\/"}]}},"_links":{"self":[{"href":"https:\/\/ninamartinelli.com.br\/blog2\/wp-json\/wp\/v2\/posts\/2357","targetHints":{"allow":["GET"]}}],"collection":[{"href":"https:\/\/ninamartinelli.com.br\/blog2\/wp-json\/wp\/v2\/posts"}],"about":[{"href":"https:\/\/ninamartinelli.com.br\/blog2\/wp-json\/wp\/v2\/types\/post"}],"author":[{"embeddable":true,"href":"https:\/\/ninamartinelli.com.br\/blog2\/wp-json\/wp\/v2\/users\/2"}],"replies":[{"embeddable":true,"href":"https:\/\/ninamartinelli.com.br\/blog2\/wp-json\/wp\/v2\/comments?post=2357"}],"version-history":[{"count":2,"href":"https:\/\/ninamartinelli.com.br\/blog2\/wp-json\/wp\/v2\/posts\/2357\/revisions"}],"predecessor-version":[{"id":2549,"href":"https:\/\/ninamartinelli.com.br\/blog2\/wp-json\/wp\/v2\/posts\/2357\/revisions\/2549"}],"wp:featuredmedia":[{"embeddable":true,"href":"https:\/\/ninamartinelli.com.br\/blog2\/wp-json\/wp\/v2\/media\/2358"}],"wp:attachment":[{"href":"https:\/\/ninamartinelli.com.br\/blog2\/wp-json\/wp\/v2\/media?parent=2357"}],"wp:term":[{"taxonomy":"category","embeddable":true,"href":"https:\/\/ninamartinelli.com.br\/blog2\/wp-json\/wp\/v2\/categories?post=2357"},{"taxonomy":"post_tag","embeddable":true,"href":"https:\/\/ninamartinelli.com.br\/blog2\/wp-json\/wp\/v2\/tags?post=2357"}],"curies":[{"name":"wp","href":"https:\/\/api.w.org\/{rel}","templated":true}]}}