{"id":2353,"date":"2024-05-15T08:57:57","date_gmt":"2024-05-15T11:57:57","guid":{"rendered":"https:\/\/ninamartinelli.com.br\/blog2\/?p=2353"},"modified":"2024-05-15T10:13:36","modified_gmt":"2024-05-15T13:13:36","slug":"lavabo-que-esbanja-charme-e-personalidade-com-quadratto-naturalle","status":"publish","type":"post","link":"https:\/\/ninamartinelli.com.br\/blog2\/lavabo-que-esbanja-charme-e-personalidade-com-quadratto-naturalle\/","title":{"rendered":"Lavabo que esbanja charme e personalidade, com Quadratto Naturalle"},"content":{"rendered":"<p>Lavabo que esbanja charme \u2013 J\u00e1 faz tempo que os lavabos deixaram de ser um espa\u00e7o meramente funcional para atender as necessidades b\u00e1sicas de quem visita a casa, sem que precise, necessariamente, percorrer as \u00e1reas mais \u00edntimas da resid\u00eancia.<\/p>\n<p>Os lavabos foram al\u00e7ados \u00e0 posi\u00e7\u00e3o de destaque, merecendo aten\u00e7\u00e3o cada vez mais especial de engenheiros, arquitetos e designers, alcan\u00e7ando o verdadeiro estrelato quando se deseja um im\u00f3vel que realmente d\u00ea um show de personalidade e charme \u2013 sem abdicar da funcionalidade.<\/p>\n<p>Na \u00faltima edi\u00e7\u00e3o da <a href=\"https:\/\/www.exporevestir.com.br\/\">Revestir<\/a>, o lavabo foi um dos ambientes criados dentro do estande da Nina Martinelli Pisos e Revestimentos, como forma de inspirar os visitantes a explorar, nesse espa\u00e7o compacto, por\u00e9m estrat\u00e9gico, as infinitas possibilidades de acabamentos r\u00fasticos despojados e elegantes.<\/p>\n<p>E n\u00e3o \u00e9 que o ambiente, juntamente com outros que foram planejados e produzidos no estante, foi um absoluto sucesso?<\/p>\n<p>Destaque total para o revestimento da parede onde foram acomodadas a bancada com pia e espelho. Essa parede recebeu um dos mais badalados lan\u00e7amentos da Nina para o evento \u2013 o <a href=\"https:\/\/ninamartinelli.com.br\/produtos\/quadratto-naturalle-beige-mix-2\/\">Quadratto Naturalle Beige Mix.<\/a><\/p>\n<p>S\u00e3o pe\u00e7as medindo 9x9cm, feitas uma a uma, com bordas regulares e superf\u00edcie irregular que remete \u00e0s paredes rochosas ou trilhas de rocha natural, com varia\u00e7\u00f5es de relevos esculpidas pela passagem do tempo, ou pela fragmenta\u00e7\u00e3o natural dos elementos.<\/p>\n<p>O resultado \u00e9 a combina\u00e7\u00e3o perfeita entre beleza, for\u00e7a e naturalidade. E a pagina\u00e7\u00e3o sim\u00e9trica \u00e9 \u00f3tima para ampliar a sensa\u00e7\u00e3o visual e o aspecto org\u00e2nico.<\/p>\n<p>E por falar em org\u00e2nico, esse foi o formato escolhido para o espelho, emoldurado em couro, dialogando perfeitamente com os metais e acess\u00f3rios na cor preto fosco.<\/p>\n<p>No piso do Lavabo que esbanja charme, o consagrado Cotto Vecchio Nero 24x24cm muito bem arrematado com a Borda Plana\/Pingadeira Vecchio Nero 11,5x24cm, que proporcionou um acabamento perfeito e igualmente cheio de naturalidade.<\/p>\n<p>Fica a contribui\u00e7\u00e3o inspiradora desse ambiente para provocar a criatividade dos especificadores e f\u00e3s da nossa marca, que busca sempre surpreender o olhar dos que nos escolhem para integrar seus espa\u00e7os<strong>.<\/strong><\/p>\n<p><strong>Servi\u00e7o:<\/strong><\/p>\n<p><strong>Lavabo que esbanja charme \u2013 ambiente criado no estande Nina Martinelli na Revestir 2024<\/strong><\/p>\n<p><strong>Produto: <\/strong>Quadratto Naturalle Beige Mix 9x9cm<\/p>\n<p><strong>Projeto: <\/strong>Nina Martinelli Pisos e Revestimentos<\/p>\n<p><strong>Fotos: <\/strong>Divulga\u00e7\u00e3o<\/p>\n<p><strong>\u00a0<\/strong><\/p>\n","protected":false},"excerpt":{"rendered":"<p>Lavabo que esbanja charme \u2013 J\u00e1 faz tempo que os lavabos deixaram de ser um<\/p>\n","protected":false},"author":2,"featured_media":2356,"comment_status":"open","ping_status":"open","sticky":false,"template":"","format":"standard","meta":{"footnotes":""},"categories":[19,26,129],"tags":[40,98,100,46],"class_list":["post-2353","post","type-post","status-publish","format-standard","has-post-thumbnail","hentry","category-mostras-e-eventos","category-revestimentos","category-sustentabilidade","tag-area-interna","tag-expo-revestir","tag-lancamentos","tag-revestimento"],"yoast_head":"<!-- This site is optimized with the Yoast SEO plugin v26.8 - https:\/\/yoast.com\/product\/yoast-seo-wordpress\/ -->\n<title>Lavabo que esbanja charme e personalidade, com Quadratto Naturalle<\/title>\n<meta name=\"description\" content=\"Lavabo que esbanja charme - o ambiente criado por Nina Martinelli no estande da marca na Revestir explorou rusticidade e eleg\u00e2ncia\" \/>\n<meta name=\"robots\" content=\"index, follow, max-snippet:-1, max-image-preview:large, max-video-preview:-1\" \/>\n<link rel=\"canonical\" href=\"https:\/\/ninamartinelli.com.br\/blog2\/lavabo-que-esbanja-charme-e-personalidade-com-quadratto-naturalle\/\" \/>\n<meta property=\"og:locale\" content=\"pt_BR\" \/>\n<meta property=\"og:type\" content=\"article\" \/>\n<meta property=\"og:title\" content=\"Lavabo que esbanja charme e personalidade, com Quadratto Naturalle\" \/>\n<meta property=\"og:description\" content=\"Lavabo que esbanja charme - o ambiente criado por Nina Martinelli no estande da marca na Revestir explorou rusticidade e eleg\u00e2ncia\" \/>\n<meta property=\"og:url\" content=\"https:\/\/ninamartinelli.com.br\/blog2\/lavabo-que-esbanja-charme-e-personalidade-com-quadratto-naturalle\/\" \/>\n<meta property=\"og:site_name\" content=\"Blog Nina\" \/>\n<meta property=\"article:published_time\" content=\"2024-05-15T11:57:57+00:00\" \/>\n<meta property=\"article:modified_time\" content=\"2024-05-15T13:13:36+00:00\" \/>\n<meta property=\"og:image\" content=\"https:\/\/ninamartinelli.com.br\/blog2\/wp-content\/uploads\/2024\/05\/lavabo-blog.jpeg\" \/>\n\t<meta property=\"og:image:width\" content=\"982\" \/>\n\t<meta property=\"og:image:height\" content=\"1280\" \/>\n\t<meta property=\"og:image:type\" content=\"image\/jpeg\" \/>\n<meta name=\"author\" content=\"Ana Maria Devides\" \/>\n<meta name=\"twitter:card\" content=\"summary_large_image\" \/>\n<meta name=\"twitter:label1\" content=\"Escrito por\" \/>\n\t<meta name=\"twitter:data1\" content=\"Ana Maria Devides\" \/>\n\t<meta name=\"twitter:label2\" content=\"Est. tempo de leitura\" \/>\n\t<meta name=\"twitter:data2\" content=\"2 minutos\" \/>\n<script type=\"application\/ld+json\" class=\"yoast-schema-graph\">{\"@context\":\"https:\/\/schema.org\",\"@graph\":[{\"@type\":\"Article\",\"@id\":\"https:\/\/ninamartinelli.com.br\/blog2\/lavabo-que-esbanja-charme-e-personalidade-com-quadratto-naturalle\/#article\",\"isPartOf\":{\"@id\":\"https:\/\/ninamartinelli.com.br\/blog2\/lavabo-que-esbanja-charme-e-personalidade-com-quadratto-naturalle\/\"},\"author\":{\"name\":\"Ana Maria Devides\",\"@id\":\"https:\/\/ninamartinelli.com.br\/blog2\/#\/schema\/person\/43fbfb1d4cbe3b472995206b2bb06df5\"},\"headline\":\"Lavabo que esbanja charme e personalidade, com Quadratto Naturalle\",\"datePublished\":\"2024-05-15T11:57:57+00:00\",\"dateModified\":\"2024-05-15T13:13:36+00:00\",\"mainEntityOfPage\":{\"@id\":\"https:\/\/ninamartinelli.com.br\/blog2\/lavabo-que-esbanja-charme-e-personalidade-com-quadratto-naturalle\/\"},\"wordCount\":402,\"commentCount\":0,\"publisher\":{\"@id\":\"https:\/\/ninamartinelli.com.br\/blog2\/#organization\"},\"image\":{\"@id\":\"https:\/\/ninamartinelli.com.br\/blog2\/lavabo-que-esbanja-charme-e-personalidade-com-quadratto-naturalle\/#primaryimage\"},\"thumbnailUrl\":\"https:\/\/ninamartinelli.com.br\/blog2\/wp-content\/uploads\/2024\/05\/lavabo-blog.jpeg\",\"keywords\":[\"area interna\",\"expo revestir\",\"lan\u00e7amentos\",\"revestimento\"],\"articleSection\":[\"Mostras e Eventos\",\"Revestimentos\",\"Sustentabilidade\"],\"inLanguage\":\"pt-BR\",\"potentialAction\":[{\"@type\":\"CommentAction\",\"name\":\"Comment\",\"target\":[\"https:\/\/ninamartinelli.com.br\/blog2\/lavabo-que-esbanja-charme-e-personalidade-com-quadratto-naturalle\/#respond\"]}]},{\"@type\":\"WebPage\",\"@id\":\"https:\/\/ninamartinelli.com.br\/blog2\/lavabo-que-esbanja-charme-e-personalidade-com-quadratto-naturalle\/\",\"url\":\"https:\/\/ninamartinelli.com.br\/blog2\/lavabo-que-esbanja-charme-e-personalidade-com-quadratto-naturalle\/\",\"name\":\"Lavabo que esbanja charme e personalidade, com Quadratto Naturalle\",\"isPartOf\":{\"@id\":\"https:\/\/ninamartinelli.com.br\/blog2\/#website\"},\"primaryImageOfPage\":{\"@id\":\"https:\/\/ninamartinelli.com.br\/blog2\/lavabo-que-esbanja-charme-e-personalidade-com-quadratto-naturalle\/#primaryimage\"},\"image\":{\"@id\":\"https:\/\/ninamartinelli.com.br\/blog2\/lavabo-que-esbanja-charme-e-personalidade-com-quadratto-naturalle\/#primaryimage\"},\"thumbnailUrl\":\"https:\/\/ninamartinelli.com.br\/blog2\/wp-content\/uploads\/2024\/05\/lavabo-blog.jpeg\",\"datePublished\":\"2024-05-15T11:57:57+00:00\",\"dateModified\":\"2024-05-15T13:13:36+00:00\",\"description\":\"Lavabo que esbanja charme - o ambiente criado por Nina Martinelli no estande da marca na Revestir explorou rusticidade e eleg\u00e2ncia\",\"breadcrumb\":{\"@id\":\"https:\/\/ninamartinelli.com.br\/blog2\/lavabo-que-esbanja-charme-e-personalidade-com-quadratto-naturalle\/#breadcrumb\"},\"inLanguage\":\"pt-BR\",\"potentialAction\":[{\"@type\":\"ReadAction\",\"target\":[\"https:\/\/ninamartinelli.com.br\/blog2\/lavabo-que-esbanja-charme-e-personalidade-com-quadratto-naturalle\/\"]}]},{\"@type\":\"ImageObject\",\"inLanguage\":\"pt-BR\",\"@id\":\"https:\/\/ninamartinelli.com.br\/blog2\/lavabo-que-esbanja-charme-e-personalidade-com-quadratto-naturalle\/#primaryimage\",\"url\":\"https:\/\/ninamartinelli.com.br\/blog2\/wp-content\/uploads\/2024\/05\/lavabo-blog.jpeg\",\"contentUrl\":\"https:\/\/ninamartinelli.com.br\/blog2\/wp-content\/uploads\/2024\/05\/lavabo-blog.jpeg\",\"width\":982,\"height\":1280},{\"@type\":\"BreadcrumbList\",\"@id\":\"https:\/\/ninamartinelli.com.br\/blog2\/lavabo-que-esbanja-charme-e-personalidade-com-quadratto-naturalle\/#breadcrumb\",\"itemListElement\":[{\"@type\":\"ListItem\",\"position\":1,\"name\":\"In\u00edcio\",\"item\":\"https:\/\/ninamartinelli.com.br\/blog2\/\"},{\"@type\":\"ListItem\",\"position\":2,\"name\":\"Lavabo que esbanja charme e personalidade, com Quadratto Naturalle\"}]},{\"@type\":\"WebSite\",\"@id\":\"https:\/\/ninamartinelli.com.br\/blog2\/#website\",\"url\":\"https:\/\/ninamartinelli.com.br\/blog2\/\",\"name\":\"Nina Martinelli\",\"description\":\"#Nina_Martinelli\",\"publisher\":{\"@id\":\"https:\/\/ninamartinelli.com.br\/blog2\/#organization\"},\"potentialAction\":[{\"@type\":\"SearchAction\",\"target\":{\"@type\":\"EntryPoint\",\"urlTemplate\":\"https:\/\/ninamartinelli.com.br\/blog2\/?s={search_term_string}\"},\"query-input\":{\"@type\":\"PropertyValueSpecification\",\"valueRequired\":true,\"valueName\":\"search_term_string\"}}],\"inLanguage\":\"pt-BR\"},{\"@type\":\"Organization\",\"@id\":\"https:\/\/ninamartinelli.com.br\/blog2\/#organization\",\"name\":\"Blog Novidades\",\"url\":\"https:\/\/ninamartinelli.com.br\/blog2\/\",\"logo\":{\"@type\":\"ImageObject\",\"inLanguage\":\"pt-BR\",\"@id\":\"https:\/\/ninamartinelli.com.br\/blog2\/#\/schema\/logo\/image\/\",\"url\":\"http:\/\/blog.ninamartinelli.com.br\/wp-content\/uploads\/2022\/03\/logo_nina_blog.png\",\"contentUrl\":\"http:\/\/blog.ninamartinelli.com.br\/wp-content\/uploads\/2022\/03\/logo_nina_blog.png\",\"width\":500,\"height\":104,\"caption\":\"Blog Novidades\"},\"image\":{\"@id\":\"https:\/\/ninamartinelli.com.br\/blog2\/#\/schema\/logo\/image\/\"}},{\"@type\":\"Person\",\"@id\":\"https:\/\/ninamartinelli.com.br\/blog2\/#\/schema\/person\/43fbfb1d4cbe3b472995206b2bb06df5\",\"name\":\"Ana Maria Devides\",\"image\":{\"@type\":\"ImageObject\",\"inLanguage\":\"pt-BR\",\"@id\":\"https:\/\/ninamartinelli.com.br\/blog2\/#\/schema\/person\/image\/\",\"url\":\"https:\/\/secure.gravatar.com\/avatar\/a03a82675d8bb3da8e5c5a6872db97be?s=96&d=mm&r=g\",\"contentUrl\":\"https:\/\/secure.gravatar.com\/avatar\/a03a82675d8bb3da8e5c5a6872db97be?s=96&d=mm&r=g\",\"caption\":\"Ana Maria Devides\"},\"url\":\"https:\/\/ninamartinelli.com.br\/blog2\/author\/assessoria-nina-martinelli\/\"}]}<\/script>\n<!-- \/ Yoast SEO plugin. -->","yoast_head_json":{"title":"Lavabo que esbanja charme e personalidade, com Quadratto Naturalle","description":"Lavabo que esbanja charme - o ambiente criado por Nina Martinelli no estande da marca na Revestir explorou rusticidade e eleg\u00e2ncia","robots":{"index":"index","follow":"follow","max-snippet":"max-snippet:-1","max-image-preview":"max-image-preview:large","max-video-preview":"max-video-preview:-1"},"canonical":"https:\/\/ninamartinelli.com.br\/blog2\/lavabo-que-esbanja-charme-e-personalidade-com-quadratto-naturalle\/","og_locale":"pt_BR","og_type":"article","og_title":"Lavabo que esbanja charme e personalidade, com Quadratto Naturalle","og_description":"Lavabo que esbanja charme - o ambiente criado por Nina Martinelli no estande da marca na Revestir explorou rusticidade e eleg\u00e2ncia","og_url":"https:\/\/ninamartinelli.com.br\/blog2\/lavabo-que-esbanja-charme-e-personalidade-com-quadratto-naturalle\/","og_site_name":"Blog Nina","article_published_time":"2024-05-15T11:57:57+00:00","article_modified_time":"2024-05-15T13:13:36+00:00","og_image":[{"width":982,"height":1280,"url":"https:\/\/ninamartinelli.com.br\/blog2\/wp-content\/uploads\/2024\/05\/lavabo-blog.jpeg","type":"image\/jpeg"}],"author":"Ana Maria Devides","twitter_card":"summary_large_image","twitter_misc":{"Escrito por":"Ana Maria Devides","Est. tempo de leitura":"2 minutos"},"schema":{"@context":"https:\/\/schema.org","@graph":[{"@type":"Article","@id":"https:\/\/ninamartinelli.com.br\/blog2\/lavabo-que-esbanja-charme-e-personalidade-com-quadratto-naturalle\/#article","isPartOf":{"@id":"https:\/\/ninamartinelli.com.br\/blog2\/lavabo-que-esbanja-charme-e-personalidade-com-quadratto-naturalle\/"},"author":{"name":"Ana Maria Devides","@id":"https:\/\/ninamartinelli.com.br\/blog2\/#\/schema\/person\/43fbfb1d4cbe3b472995206b2bb06df5"},"headline":"Lavabo que esbanja charme e personalidade, com Quadratto Naturalle","datePublished":"2024-05-15T11:57:57+00:00","dateModified":"2024-05-15T13:13:36+00:00","mainEntityOfPage":{"@id":"https:\/\/ninamartinelli.com.br\/blog2\/lavabo-que-esbanja-charme-e-personalidade-com-quadratto-naturalle\/"},"wordCount":402,"commentCount":0,"publisher":{"@id":"https:\/\/ninamartinelli.com.br\/blog2\/#organization"},"image":{"@id":"https:\/\/ninamartinelli.com.br\/blog2\/lavabo-que-esbanja-charme-e-personalidade-com-quadratto-naturalle\/#primaryimage"},"thumbnailUrl":"https:\/\/ninamartinelli.com.br\/blog2\/wp-content\/uploads\/2024\/05\/lavabo-blog.jpeg","keywords":["area interna","expo revestir","lan\u00e7amentos","revestimento"],"articleSection":["Mostras e Eventos","Revestimentos","Sustentabilidade"],"inLanguage":"pt-BR","potentialAction":[{"@type":"CommentAction","name":"Comment","target":["https:\/\/ninamartinelli.com.br\/blog2\/lavabo-que-esbanja-charme-e-personalidade-com-quadratto-naturalle\/#respond"]}]},{"@type":"WebPage","@id":"https:\/\/ninamartinelli.com.br\/blog2\/lavabo-que-esbanja-charme-e-personalidade-com-quadratto-naturalle\/","url":"https:\/\/ninamartinelli.com.br\/blog2\/lavabo-que-esbanja-charme-e-personalidade-com-quadratto-naturalle\/","name":"Lavabo que esbanja charme e personalidade, com Quadratto Naturalle","isPartOf":{"@id":"https:\/\/ninamartinelli.com.br\/blog2\/#website"},"primaryImageOfPage":{"@id":"https:\/\/ninamartinelli.com.br\/blog2\/lavabo-que-esbanja-charme-e-personalidade-com-quadratto-naturalle\/#primaryimage"},"image":{"@id":"https:\/\/ninamartinelli.com.br\/blog2\/lavabo-que-esbanja-charme-e-personalidade-com-quadratto-naturalle\/#primaryimage"},"thumbnailUrl":"https:\/\/ninamartinelli.com.br\/blog2\/wp-content\/uploads\/2024\/05\/lavabo-blog.jpeg","datePublished":"2024-05-15T11:57:57+00:00","dateModified":"2024-05-15T13:13:36+00:00","description":"Lavabo que esbanja charme - o ambiente criado por Nina Martinelli no estande da marca na Revestir explorou rusticidade e eleg\u00e2ncia","breadcrumb":{"@id":"https:\/\/ninamartinelli.com.br\/blog2\/lavabo-que-esbanja-charme-e-personalidade-com-quadratto-naturalle\/#breadcrumb"},"inLanguage":"pt-BR","potentialAction":[{"@type":"ReadAction","target":["https:\/\/ninamartinelli.com.br\/blog2\/lavabo-que-esbanja-charme-e-personalidade-com-quadratto-naturalle\/"]}]},{"@type":"ImageObject","inLanguage":"pt-BR","@id":"https:\/\/ninamartinelli.com.br\/blog2\/lavabo-que-esbanja-charme-e-personalidade-com-quadratto-naturalle\/#primaryimage","url":"https:\/\/ninamartinelli.com.br\/blog2\/wp-content\/uploads\/2024\/05\/lavabo-blog.jpeg","contentUrl":"https:\/\/ninamartinelli.com.br\/blog2\/wp-content\/uploads\/2024\/05\/lavabo-blog.jpeg","width":982,"height":1280},{"@type":"BreadcrumbList","@id":"https:\/\/ninamartinelli.com.br\/blog2\/lavabo-que-esbanja-charme-e-personalidade-com-quadratto-naturalle\/#breadcrumb","itemListElement":[{"@type":"ListItem","position":1,"name":"In\u00edcio","item":"https:\/\/ninamartinelli.com.br\/blog2\/"},{"@type":"ListItem","position":2,"name":"Lavabo que esbanja charme e personalidade, com Quadratto Naturalle"}]},{"@type":"WebSite","@id":"https:\/\/ninamartinelli.com.br\/blog2\/#website","url":"https:\/\/ninamartinelli.com.br\/blog2\/","name":"Nina Martinelli","description":"#Nina_Martinelli","publisher":{"@id":"https:\/\/ninamartinelli.com.br\/blog2\/#organization"},"potentialAction":[{"@type":"SearchAction","target":{"@type":"EntryPoint","urlTemplate":"https:\/\/ninamartinelli.com.br\/blog2\/?s={search_term_string}"},"query-input":{"@type":"PropertyValueSpecification","valueRequired":true,"valueName":"search_term_string"}}],"inLanguage":"pt-BR"},{"@type":"Organization","@id":"https:\/\/ninamartinelli.com.br\/blog2\/#organization","name":"Blog Novidades","url":"https:\/\/ninamartinelli.com.br\/blog2\/","logo":{"@type":"ImageObject","inLanguage":"pt-BR","@id":"https:\/\/ninamartinelli.com.br\/blog2\/#\/schema\/logo\/image\/","url":"http:\/\/blog.ninamartinelli.com.br\/wp-content\/uploads\/2022\/03\/logo_nina_blog.png","contentUrl":"http:\/\/blog.ninamartinelli.com.br\/wp-content\/uploads\/2022\/03\/logo_nina_blog.png","width":500,"height":104,"caption":"Blog Novidades"},"image":{"@id":"https:\/\/ninamartinelli.com.br\/blog2\/#\/schema\/logo\/image\/"}},{"@type":"Person","@id":"https:\/\/ninamartinelli.com.br\/blog2\/#\/schema\/person\/43fbfb1d4cbe3b472995206b2bb06df5","name":"Ana Maria Devides","image":{"@type":"ImageObject","inLanguage":"pt-BR","@id":"https:\/\/ninamartinelli.com.br\/blog2\/#\/schema\/person\/image\/","url":"https:\/\/secure.gravatar.com\/avatar\/a03a82675d8bb3da8e5c5a6872db97be?s=96&d=mm&r=g","contentUrl":"https:\/\/secure.gravatar.com\/avatar\/a03a82675d8bb3da8e5c5a6872db97be?s=96&d=mm&r=g","caption":"Ana Maria Devides"},"url":"https:\/\/ninamartinelli.com.br\/blog2\/author\/assessoria-nina-martinelli\/"}]}},"_links":{"self":[{"href":"https:\/\/ninamartinelli.com.br\/blog2\/wp-json\/wp\/v2\/posts\/2353","targetHints":{"allow":["GET"]}}],"collection":[{"href":"https:\/\/ninamartinelli.com.br\/blog2\/wp-json\/wp\/v2\/posts"}],"about":[{"href":"https:\/\/ninamartinelli.com.br\/blog2\/wp-json\/wp\/v2\/types\/post"}],"author":[{"embeddable":true,"href":"https:\/\/ninamartinelli.com.br\/blog2\/wp-json\/wp\/v2\/users\/2"}],"replies":[{"embeddable":true,"href":"https:\/\/ninamartinelli.com.br\/blog2\/wp-json\/wp\/v2\/comments?post=2353"}],"version-history":[{"count":1,"href":"https:\/\/ninamartinelli.com.br\/blog2\/wp-json\/wp\/v2\/posts\/2353\/revisions"}],"predecessor-version":[{"id":2355,"href":"https:\/\/ninamartinelli.com.br\/blog2\/wp-json\/wp\/v2\/posts\/2353\/revisions\/2355"}],"wp:featuredmedia":[{"embeddable":true,"href":"https:\/\/ninamartinelli.com.br\/blog2\/wp-json\/wp\/v2\/media\/2356"}],"wp:attachment":[{"href":"https:\/\/ninamartinelli.com.br\/blog2\/wp-json\/wp\/v2\/media?parent=2353"}],"wp:term":[{"taxonomy":"category","embeddable":true,"href":"https:\/\/ninamartinelli.com.br\/blog2\/wp-json\/wp\/v2\/categories?post=2353"},{"taxonomy":"post_tag","embeddable":true,"href":"https:\/\/ninamartinelli.com.br\/blog2\/wp-json\/wp\/v2\/tags?post=2353"}],"curies":[{"name":"wp","href":"https:\/\/api.w.org\/{rel}","templated":true}]}}