{"id":2333,"date":"2024-04-24T09:17:25","date_gmt":"2024-04-24T12:17:25","guid":{"rendered":"https:\/\/ninamartinelli.com.br\/blog2\/?p=2333"},"modified":"2024-04-24T09:17:25","modified_gmt":"2024-04-24T12:17:25","slug":"inspiracoes-em-alta-uma-proposta-de-cozinha-rustica-com-muita-elegancia-e-estilo","status":"publish","type":"post","link":"https:\/\/ninamartinelli.com.br\/blog2\/inspiracoes-em-alta-uma-proposta-de-cozinha-rustica-com-muita-elegancia-e-estilo\/","title":{"rendered":"Inspira\u00e7\u00f5es em alta: uma proposta de cozinha r\u00fastica com muita eleg\u00e2ncia e estilo"},"content":{"rendered":"<p><strong>Inspira\u00e7\u00f5es em alta<\/strong> \u2013 Na \u00faltima edi\u00e7\u00e3o da <a href=\"https:\/\/www.exporevestir.com.br\/\">Revestir<\/a>, realizada em mar\u00e7o deste ano em S\u00e3o Paulo, capital, Nina Martinelli Pisos e Revestimentos ousou concebendo e construindo um estande com muito realismo, criando v\u00e1rios ambientes de uma casa e explorando, neles as propostas de alguns de seus principais lan\u00e7amentos para o evento.<\/p>\n<p>O estande contava com ambientes como lavabo, \u201c\u00e1rea externa\u201d, sala de TV, sala de estar, ducha e at\u00e9 mesmo uma cozinha, o que resultou numa \u201cexposi\u00e7\u00e3o dentro da exposi\u00e7\u00e3o\u201d, que p\u00f4de ser apreciada pelos visitantes com muita funcionalidade e organiza\u00e7\u00e3o visual.<\/p>\n<p>E especificamente na cozinha a cria\u00e7\u00e3o da Nina Martinelli voou na inspira\u00e7\u00e3o de diversos produtos combinados para compor um ambiente r\u00fastico, mas com muita eleg\u00e2ncia e estilo.<\/p>\n<p>Na parede onde foram acomodadas pia, com espa\u00e7o para cuba, cooktop, bancada, e outros itens, uma marcenaria de linhas retas contrap\u00f4s as texturas e organicidade dos revestimentos <a href=\"https:\/\/ninamartinelli.com.br\/produtos\/quadratto-rosso\/\">Quadratto Cer\u00e2mica Rosso<\/a> e <a href=\"https:\/\/ninamartinelli.com.br\/produtos\/decoratto-renzo-fuocco\/\">Decoratto Renzo Fuocco.<\/a><\/p>\n<p>Vamos falar um pouquinho deles. Medindo 28x28cm, o Quadratto Rosso tem pe\u00e7as quadradas dispostas em telas que exploram a nobreza, a ancestralidade e a brasilidade da cer\u00e2mica natural, agregada com materiais reciclados, \u00e9 disponibilizado em telas que permitem pagina\u00e7\u00f5es harmoniosamente sim\u00e9tricas.<\/p>\n<p>J\u00e1 o Decoratto Renzo Fuocco convida nossos olhos para brincar, contemplando seus adornos com motivos quadril\u00e1teros que remetem \u00e0 genialidade de Renzo Eusebi, um dos artistas pl\u00e1sticos italianos ic\u00f4nicos do estilo construtivista, com suas formas geom\u00e9tricas leves e elegantes.<\/p>\n<p><img loading=\"lazy\" decoding=\"async\" class=\"wp-image-2335 alignleft\" src=\"https:\/\/ninamartinelli.com.br\/blog2\/wp-content\/uploads\/2024\/04\/cozinha-detalhe-colheres-225x300.jpeg\" alt=\"\" width=\"293\" height=\"391\" srcset=\"https:\/\/ninamartinelli.com.br\/blog2\/wp-content\/uploads\/2024\/04\/cozinha-detalhe-colheres-225x300.jpeg 225w, https:\/\/ninamartinelli.com.br\/blog2\/wp-content\/uploads\/2024\/04\/cozinha-detalhe-colheres-768x1024.jpeg 768w, https:\/\/ninamartinelli.com.br\/blog2\/wp-content\/uploads\/2024\/04\/cozinha-detalhe-colheres-1152x1536.jpeg 1152w, https:\/\/ninamartinelli.com.br\/blog2\/wp-content\/uploads\/2024\/04\/cozinha-detalhe-colheres-1024x1365.jpeg 1024w, https:\/\/ninamartinelli.com.br\/blog2\/wp-content\/uploads\/2024\/04\/cozinha-detalhe-colheres.jpeg 1200w\" sizes=\"auto, (max-width: 293px) 100vw, 293px\" \/><\/p>\n<p>Feito em cer\u00e2mica 11,5&#215;11,5cm, o jogo de tons terrosos d\u00e1 movimento, profundidade e originalidade \u00e0 superf\u00edcie onde \u00e9 aplicado.<\/p>\n<p>No piso da compacta e charmosa cozinha recriada no estande, os criadores escolheram a cer\u00e2mica Cotto Vecchio Rosso 11,5x24cm, assentada em pagina\u00e7\u00e3o alinhada, com juntas bem marcadas. Tudo arrematado pela inconfund\u00edvel Borda Plana\/Pingadeira Vecchio Rosso, pe\u00e7a complementar que proporciona um acabamento f\u00e1cil \u2013 dispensando cortes e polimentos, trazendo beleza e ergonomia.<\/p>\n<p>Foi um dos ambientes mais elogiados pelos milhares de visitantes da Revestir 2024 e, com os detalhes decorativos escolhidos com muito capricho, apresentou uma proposta de cozinha que acolhe, abra\u00e7a e convida a ficar.<\/p>\n<p>Em breve falaremos sobre os demais ambientes que foram apresentados ao p\u00fablico e os lan\u00e7amentos que os tornaram t\u00e3o especiais.<\/p>\n<p>&nbsp;<\/p>\n<p><strong>Servi\u00e7o:<\/strong><\/p>\n<p><strong>Inspira\u00e7\u00f5es em alta \u2013 cozinha reproduzida no estande Nina Martinelli na Revestir 2024<\/strong><\/p>\n<p><strong>Produtos: <\/strong><\/p>\n<p>Quadratto Cer\u00e2mica Rosso 28x28cm<\/p>\n<p>Decoratto Renzo Fuocco 11,5&#215;11,5<\/p>\n<p>Cotto Vecchio Rosso 11,5x24cm<\/p>\n<p>Borda Plana \u2013 Pingadeira Vecchio Rosso 11,5x24cm<\/p>\n<p><strong>Projeto: <\/strong>Nina Martinelli Pisos e Revestimentos<\/p>\n<p><strong>Fotos:<\/strong>Divulga\u00e7\u00e3o<\/p>\n","protected":false},"excerpt":{"rendered":"<p>Inspira\u00e7\u00f5es em alta \u2013 Na \u00faltima edi\u00e7\u00e3o da Revestir, realizada em mar\u00e7o deste ano em<\/p>\n","protected":false},"author":2,"featured_media":2334,"comment_status":"open","ping_status":"open","sticky":false,"template":"","format":"standard","meta":{"footnotes":""},"categories":[48,19,1,26,129],"tags":[40,45,154,98,46],"class_list":["post-2333","post","type-post","status-publish","format-standard","has-post-thumbnail","hentry","category-expo-revestir","category-mostras-e-eventos","category-nina-martinelli","category-revestimentos","category-sustentabilidade","tag-area-interna","tag-ceramica","tag-cozinhas","tag-expo-revestir","tag-revestimento"],"yoast_head":"<!-- This site is optimized with the Yoast SEO plugin v26.8 - https:\/\/yoast.com\/product\/yoast-seo-wordpress\/ -->\n<title>Inspira\u00e7\u00f5es em alta: uma proposta de cozinha r\u00fastica com muita eleg\u00e2ncia e estilo<\/title>\n<meta name=\"description\" content=\"Inspira\u00e7\u00f5es em alta - uma cozinha r\u00fastica e muito elegante, que fez sucesso entre os ambientes que a Nina levou para a Revestir 2024\" \/>\n<meta name=\"robots\" content=\"index, follow, max-snippet:-1, max-image-preview:large, max-video-preview:-1\" \/>\n<link rel=\"canonical\" href=\"https:\/\/ninamartinelli.com.br\/blog2\/inspiracoes-em-alta-uma-proposta-de-cozinha-rustica-com-muita-elegancia-e-estilo\/\" \/>\n<meta property=\"og:locale\" content=\"pt_BR\" \/>\n<meta property=\"og:type\" content=\"article\" \/>\n<meta property=\"og:title\" content=\"Inspira\u00e7\u00f5es em alta: uma proposta de cozinha r\u00fastica com muita eleg\u00e2ncia e estilo\" \/>\n<meta property=\"og:description\" content=\"Inspira\u00e7\u00f5es em alta - uma cozinha r\u00fastica e muito elegante, que fez sucesso entre os ambientes que a Nina levou para a Revestir 2024\" \/>\n<meta property=\"og:url\" content=\"https:\/\/ninamartinelli.com.br\/blog2\/inspiracoes-em-alta-uma-proposta-de-cozinha-rustica-com-muita-elegancia-e-estilo\/\" \/>\n<meta property=\"og:site_name\" content=\"Blog Nina\" \/>\n<meta property=\"article:published_time\" content=\"2024-04-24T12:17:25+00:00\" \/>\n<meta property=\"og:image\" content=\"https:\/\/ninamartinelli.com.br\/blog2\/wp-content\/uploads\/2024\/04\/cozinha-geral.jpeg\" \/>\n\t<meta property=\"og:image:width\" content=\"867\" \/>\n\t<meta property=\"og:image:height\" content=\"1156\" \/>\n\t<meta property=\"og:image:type\" content=\"image\/jpeg\" \/>\n<meta name=\"author\" content=\"Ana Maria Devides\" \/>\n<meta name=\"twitter:card\" content=\"summary_large_image\" \/>\n<meta name=\"twitter:label1\" content=\"Escrito por\" \/>\n\t<meta name=\"twitter:data1\" content=\"Ana Maria Devides\" \/>\n\t<meta name=\"twitter:label2\" content=\"Est. tempo de leitura\" \/>\n\t<meta name=\"twitter:data2\" content=\"3 minutos\" \/>\n<script type=\"application\/ld+json\" class=\"yoast-schema-graph\">{\"@context\":\"https:\/\/schema.org\",\"@graph\":[{\"@type\":\"Article\",\"@id\":\"https:\/\/ninamartinelli.com.br\/blog2\/inspiracoes-em-alta-uma-proposta-de-cozinha-rustica-com-muita-elegancia-e-estilo\/#article\",\"isPartOf\":{\"@id\":\"https:\/\/ninamartinelli.com.br\/blog2\/inspiracoes-em-alta-uma-proposta-de-cozinha-rustica-com-muita-elegancia-e-estilo\/\"},\"author\":{\"name\":\"Ana Maria Devides\",\"@id\":\"https:\/\/ninamartinelli.com.br\/blog2\/#\/schema\/person\/43fbfb1d4cbe3b472995206b2bb06df5\"},\"headline\":\"Inspira\u00e7\u00f5es em alta: uma proposta de cozinha r\u00fastica com muita eleg\u00e2ncia e estilo\",\"datePublished\":\"2024-04-24T12:17:25+00:00\",\"mainEntityOfPage\":{\"@id\":\"https:\/\/ninamartinelli.com.br\/blog2\/inspiracoes-em-alta-uma-proposta-de-cozinha-rustica-com-muita-elegancia-e-estilo\/\"},\"wordCount\":454,\"commentCount\":0,\"publisher\":{\"@id\":\"https:\/\/ninamartinelli.com.br\/blog2\/#organization\"},\"image\":{\"@id\":\"https:\/\/ninamartinelli.com.br\/blog2\/inspiracoes-em-alta-uma-proposta-de-cozinha-rustica-com-muita-elegancia-e-estilo\/#primaryimage\"},\"thumbnailUrl\":\"https:\/\/ninamartinelli.com.br\/blog2\/wp-content\/uploads\/2024\/04\/cozinha-geral.jpeg\",\"keywords\":[\"area interna\",\"ceramica\",\"cozinhas\",\"expo revestir\",\"revestimento\"],\"articleSection\":[\"EXPO Revestir\",\"Mostras e Eventos\",\"Nina Martinelli\",\"Revestimentos\",\"Sustentabilidade\"],\"inLanguage\":\"pt-BR\",\"potentialAction\":[{\"@type\":\"CommentAction\",\"name\":\"Comment\",\"target\":[\"https:\/\/ninamartinelli.com.br\/blog2\/inspiracoes-em-alta-uma-proposta-de-cozinha-rustica-com-muita-elegancia-e-estilo\/#respond\"]}]},{\"@type\":\"WebPage\",\"@id\":\"https:\/\/ninamartinelli.com.br\/blog2\/inspiracoes-em-alta-uma-proposta-de-cozinha-rustica-com-muita-elegancia-e-estilo\/\",\"url\":\"https:\/\/ninamartinelli.com.br\/blog2\/inspiracoes-em-alta-uma-proposta-de-cozinha-rustica-com-muita-elegancia-e-estilo\/\",\"name\":\"Inspira\u00e7\u00f5es em alta: uma proposta de cozinha r\u00fastica com muita eleg\u00e2ncia e estilo\",\"isPartOf\":{\"@id\":\"https:\/\/ninamartinelli.com.br\/blog2\/#website\"},\"primaryImageOfPage\":{\"@id\":\"https:\/\/ninamartinelli.com.br\/blog2\/inspiracoes-em-alta-uma-proposta-de-cozinha-rustica-com-muita-elegancia-e-estilo\/#primaryimage\"},\"image\":{\"@id\":\"https:\/\/ninamartinelli.com.br\/blog2\/inspiracoes-em-alta-uma-proposta-de-cozinha-rustica-com-muita-elegancia-e-estilo\/#primaryimage\"},\"thumbnailUrl\":\"https:\/\/ninamartinelli.com.br\/blog2\/wp-content\/uploads\/2024\/04\/cozinha-geral.jpeg\",\"datePublished\":\"2024-04-24T12:17:25+00:00\",\"description\":\"Inspira\u00e7\u00f5es em alta - uma cozinha r\u00fastica e muito elegante, que fez sucesso entre os ambientes que a Nina levou para a Revestir 2024\",\"breadcrumb\":{\"@id\":\"https:\/\/ninamartinelli.com.br\/blog2\/inspiracoes-em-alta-uma-proposta-de-cozinha-rustica-com-muita-elegancia-e-estilo\/#breadcrumb\"},\"inLanguage\":\"pt-BR\",\"potentialAction\":[{\"@type\":\"ReadAction\",\"target\":[\"https:\/\/ninamartinelli.com.br\/blog2\/inspiracoes-em-alta-uma-proposta-de-cozinha-rustica-com-muita-elegancia-e-estilo\/\"]}]},{\"@type\":\"ImageObject\",\"inLanguage\":\"pt-BR\",\"@id\":\"https:\/\/ninamartinelli.com.br\/blog2\/inspiracoes-em-alta-uma-proposta-de-cozinha-rustica-com-muita-elegancia-e-estilo\/#primaryimage\",\"url\":\"https:\/\/ninamartinelli.com.br\/blog2\/wp-content\/uploads\/2024\/04\/cozinha-geral.jpeg\",\"contentUrl\":\"https:\/\/ninamartinelli.com.br\/blog2\/wp-content\/uploads\/2024\/04\/cozinha-geral.jpeg\",\"width\":867,\"height\":1156},{\"@type\":\"BreadcrumbList\",\"@id\":\"https:\/\/ninamartinelli.com.br\/blog2\/inspiracoes-em-alta-uma-proposta-de-cozinha-rustica-com-muita-elegancia-e-estilo\/#breadcrumb\",\"itemListElement\":[{\"@type\":\"ListItem\",\"position\":1,\"name\":\"In\u00edcio\",\"item\":\"https:\/\/ninamartinelli.com.br\/blog2\/\"},{\"@type\":\"ListItem\",\"position\":2,\"name\":\"Inspira\u00e7\u00f5es em alta: uma proposta de cozinha r\u00fastica com muita eleg\u00e2ncia e estilo\"}]},{\"@type\":\"WebSite\",\"@id\":\"https:\/\/ninamartinelli.com.br\/blog2\/#website\",\"url\":\"https:\/\/ninamartinelli.com.br\/blog2\/\",\"name\":\"Nina Martinelli\",\"description\":\"#Nina_Martinelli\",\"publisher\":{\"@id\":\"https:\/\/ninamartinelli.com.br\/blog2\/#organization\"},\"potentialAction\":[{\"@type\":\"SearchAction\",\"target\":{\"@type\":\"EntryPoint\",\"urlTemplate\":\"https:\/\/ninamartinelli.com.br\/blog2\/?s={search_term_string}\"},\"query-input\":{\"@type\":\"PropertyValueSpecification\",\"valueRequired\":true,\"valueName\":\"search_term_string\"}}],\"inLanguage\":\"pt-BR\"},{\"@type\":\"Organization\",\"@id\":\"https:\/\/ninamartinelli.com.br\/blog2\/#organization\",\"name\":\"Blog Novidades\",\"url\":\"https:\/\/ninamartinelli.com.br\/blog2\/\",\"logo\":{\"@type\":\"ImageObject\",\"inLanguage\":\"pt-BR\",\"@id\":\"https:\/\/ninamartinelli.com.br\/blog2\/#\/schema\/logo\/image\/\",\"url\":\"http:\/\/blog.ninamartinelli.com.br\/wp-content\/uploads\/2022\/03\/logo_nina_blog.png\",\"contentUrl\":\"http:\/\/blog.ninamartinelli.com.br\/wp-content\/uploads\/2022\/03\/logo_nina_blog.png\",\"width\":500,\"height\":104,\"caption\":\"Blog Novidades\"},\"image\":{\"@id\":\"https:\/\/ninamartinelli.com.br\/blog2\/#\/schema\/logo\/image\/\"}},{\"@type\":\"Person\",\"@id\":\"https:\/\/ninamartinelli.com.br\/blog2\/#\/schema\/person\/43fbfb1d4cbe3b472995206b2bb06df5\",\"name\":\"Ana Maria Devides\",\"image\":{\"@type\":\"ImageObject\",\"inLanguage\":\"pt-BR\",\"@id\":\"https:\/\/ninamartinelli.com.br\/blog2\/#\/schema\/person\/image\/\",\"url\":\"https:\/\/secure.gravatar.com\/avatar\/a03a82675d8bb3da8e5c5a6872db97be?s=96&d=mm&r=g\",\"contentUrl\":\"https:\/\/secure.gravatar.com\/avatar\/a03a82675d8bb3da8e5c5a6872db97be?s=96&d=mm&r=g\",\"caption\":\"Ana Maria Devides\"},\"url\":\"https:\/\/ninamartinelli.com.br\/blog2\/author\/assessoria-nina-martinelli\/\"}]}<\/script>\n<!-- \/ Yoast SEO plugin. -->","yoast_head_json":{"title":"Inspira\u00e7\u00f5es em alta: uma proposta de cozinha r\u00fastica com muita eleg\u00e2ncia e estilo","description":"Inspira\u00e7\u00f5es em alta - uma cozinha r\u00fastica e muito elegante, que fez sucesso entre os ambientes que a Nina levou para a Revestir 2024","robots":{"index":"index","follow":"follow","max-snippet":"max-snippet:-1","max-image-preview":"max-image-preview:large","max-video-preview":"max-video-preview:-1"},"canonical":"https:\/\/ninamartinelli.com.br\/blog2\/inspiracoes-em-alta-uma-proposta-de-cozinha-rustica-com-muita-elegancia-e-estilo\/","og_locale":"pt_BR","og_type":"article","og_title":"Inspira\u00e7\u00f5es em alta: uma proposta de cozinha r\u00fastica com muita eleg\u00e2ncia e estilo","og_description":"Inspira\u00e7\u00f5es em alta - uma cozinha r\u00fastica e muito elegante, que fez sucesso entre os ambientes que a Nina levou para a Revestir 2024","og_url":"https:\/\/ninamartinelli.com.br\/blog2\/inspiracoes-em-alta-uma-proposta-de-cozinha-rustica-com-muita-elegancia-e-estilo\/","og_site_name":"Blog Nina","article_published_time":"2024-04-24T12:17:25+00:00","og_image":[{"width":867,"height":1156,"url":"https:\/\/ninamartinelli.com.br\/blog2\/wp-content\/uploads\/2024\/04\/cozinha-geral.jpeg","type":"image\/jpeg"}],"author":"Ana Maria Devides","twitter_card":"summary_large_image","twitter_misc":{"Escrito por":"Ana Maria Devides","Est. tempo de leitura":"3 minutos"},"schema":{"@context":"https:\/\/schema.org","@graph":[{"@type":"Article","@id":"https:\/\/ninamartinelli.com.br\/blog2\/inspiracoes-em-alta-uma-proposta-de-cozinha-rustica-com-muita-elegancia-e-estilo\/#article","isPartOf":{"@id":"https:\/\/ninamartinelli.com.br\/blog2\/inspiracoes-em-alta-uma-proposta-de-cozinha-rustica-com-muita-elegancia-e-estilo\/"},"author":{"name":"Ana Maria Devides","@id":"https:\/\/ninamartinelli.com.br\/blog2\/#\/schema\/person\/43fbfb1d4cbe3b472995206b2bb06df5"},"headline":"Inspira\u00e7\u00f5es em alta: uma proposta de cozinha r\u00fastica com muita eleg\u00e2ncia e estilo","datePublished":"2024-04-24T12:17:25+00:00","mainEntityOfPage":{"@id":"https:\/\/ninamartinelli.com.br\/blog2\/inspiracoes-em-alta-uma-proposta-de-cozinha-rustica-com-muita-elegancia-e-estilo\/"},"wordCount":454,"commentCount":0,"publisher":{"@id":"https:\/\/ninamartinelli.com.br\/blog2\/#organization"},"image":{"@id":"https:\/\/ninamartinelli.com.br\/blog2\/inspiracoes-em-alta-uma-proposta-de-cozinha-rustica-com-muita-elegancia-e-estilo\/#primaryimage"},"thumbnailUrl":"https:\/\/ninamartinelli.com.br\/blog2\/wp-content\/uploads\/2024\/04\/cozinha-geral.jpeg","keywords":["area interna","ceramica","cozinhas","expo revestir","revestimento"],"articleSection":["EXPO Revestir","Mostras e Eventos","Nina Martinelli","Revestimentos","Sustentabilidade"],"inLanguage":"pt-BR","potentialAction":[{"@type":"CommentAction","name":"Comment","target":["https:\/\/ninamartinelli.com.br\/blog2\/inspiracoes-em-alta-uma-proposta-de-cozinha-rustica-com-muita-elegancia-e-estilo\/#respond"]}]},{"@type":"WebPage","@id":"https:\/\/ninamartinelli.com.br\/blog2\/inspiracoes-em-alta-uma-proposta-de-cozinha-rustica-com-muita-elegancia-e-estilo\/","url":"https:\/\/ninamartinelli.com.br\/blog2\/inspiracoes-em-alta-uma-proposta-de-cozinha-rustica-com-muita-elegancia-e-estilo\/","name":"Inspira\u00e7\u00f5es em alta: uma proposta de cozinha r\u00fastica com muita eleg\u00e2ncia e estilo","isPartOf":{"@id":"https:\/\/ninamartinelli.com.br\/blog2\/#website"},"primaryImageOfPage":{"@id":"https:\/\/ninamartinelli.com.br\/blog2\/inspiracoes-em-alta-uma-proposta-de-cozinha-rustica-com-muita-elegancia-e-estilo\/#primaryimage"},"image":{"@id":"https:\/\/ninamartinelli.com.br\/blog2\/inspiracoes-em-alta-uma-proposta-de-cozinha-rustica-com-muita-elegancia-e-estilo\/#primaryimage"},"thumbnailUrl":"https:\/\/ninamartinelli.com.br\/blog2\/wp-content\/uploads\/2024\/04\/cozinha-geral.jpeg","datePublished":"2024-04-24T12:17:25+00:00","description":"Inspira\u00e7\u00f5es em alta - uma cozinha r\u00fastica e muito elegante, que fez sucesso entre os ambientes que a Nina levou para a Revestir 2024","breadcrumb":{"@id":"https:\/\/ninamartinelli.com.br\/blog2\/inspiracoes-em-alta-uma-proposta-de-cozinha-rustica-com-muita-elegancia-e-estilo\/#breadcrumb"},"inLanguage":"pt-BR","potentialAction":[{"@type":"ReadAction","target":["https:\/\/ninamartinelli.com.br\/blog2\/inspiracoes-em-alta-uma-proposta-de-cozinha-rustica-com-muita-elegancia-e-estilo\/"]}]},{"@type":"ImageObject","inLanguage":"pt-BR","@id":"https:\/\/ninamartinelli.com.br\/blog2\/inspiracoes-em-alta-uma-proposta-de-cozinha-rustica-com-muita-elegancia-e-estilo\/#primaryimage","url":"https:\/\/ninamartinelli.com.br\/blog2\/wp-content\/uploads\/2024\/04\/cozinha-geral.jpeg","contentUrl":"https:\/\/ninamartinelli.com.br\/blog2\/wp-content\/uploads\/2024\/04\/cozinha-geral.jpeg","width":867,"height":1156},{"@type":"BreadcrumbList","@id":"https:\/\/ninamartinelli.com.br\/blog2\/inspiracoes-em-alta-uma-proposta-de-cozinha-rustica-com-muita-elegancia-e-estilo\/#breadcrumb","itemListElement":[{"@type":"ListItem","position":1,"name":"In\u00edcio","item":"https:\/\/ninamartinelli.com.br\/blog2\/"},{"@type":"ListItem","position":2,"name":"Inspira\u00e7\u00f5es em alta: uma proposta de cozinha r\u00fastica com muita eleg\u00e2ncia e estilo"}]},{"@type":"WebSite","@id":"https:\/\/ninamartinelli.com.br\/blog2\/#website","url":"https:\/\/ninamartinelli.com.br\/blog2\/","name":"Nina Martinelli","description":"#Nina_Martinelli","publisher":{"@id":"https:\/\/ninamartinelli.com.br\/blog2\/#organization"},"potentialAction":[{"@type":"SearchAction","target":{"@type":"EntryPoint","urlTemplate":"https:\/\/ninamartinelli.com.br\/blog2\/?s={search_term_string}"},"query-input":{"@type":"PropertyValueSpecification","valueRequired":true,"valueName":"search_term_string"}}],"inLanguage":"pt-BR"},{"@type":"Organization","@id":"https:\/\/ninamartinelli.com.br\/blog2\/#organization","name":"Blog Novidades","url":"https:\/\/ninamartinelli.com.br\/blog2\/","logo":{"@type":"ImageObject","inLanguage":"pt-BR","@id":"https:\/\/ninamartinelli.com.br\/blog2\/#\/schema\/logo\/image\/","url":"http:\/\/blog.ninamartinelli.com.br\/wp-content\/uploads\/2022\/03\/logo_nina_blog.png","contentUrl":"http:\/\/blog.ninamartinelli.com.br\/wp-content\/uploads\/2022\/03\/logo_nina_blog.png","width":500,"height":104,"caption":"Blog Novidades"},"image":{"@id":"https:\/\/ninamartinelli.com.br\/blog2\/#\/schema\/logo\/image\/"}},{"@type":"Person","@id":"https:\/\/ninamartinelli.com.br\/blog2\/#\/schema\/person\/43fbfb1d4cbe3b472995206b2bb06df5","name":"Ana Maria Devides","image":{"@type":"ImageObject","inLanguage":"pt-BR","@id":"https:\/\/ninamartinelli.com.br\/blog2\/#\/schema\/person\/image\/","url":"https:\/\/secure.gravatar.com\/avatar\/a03a82675d8bb3da8e5c5a6872db97be?s=96&d=mm&r=g","contentUrl":"https:\/\/secure.gravatar.com\/avatar\/a03a82675d8bb3da8e5c5a6872db97be?s=96&d=mm&r=g","caption":"Ana Maria Devides"},"url":"https:\/\/ninamartinelli.com.br\/blog2\/author\/assessoria-nina-martinelli\/"}]}},"_links":{"self":[{"href":"https:\/\/ninamartinelli.com.br\/blog2\/wp-json\/wp\/v2\/posts\/2333","targetHints":{"allow":["GET"]}}],"collection":[{"href":"https:\/\/ninamartinelli.com.br\/blog2\/wp-json\/wp\/v2\/posts"}],"about":[{"href":"https:\/\/ninamartinelli.com.br\/blog2\/wp-json\/wp\/v2\/types\/post"}],"author":[{"embeddable":true,"href":"https:\/\/ninamartinelli.com.br\/blog2\/wp-json\/wp\/v2\/users\/2"}],"replies":[{"embeddable":true,"href":"https:\/\/ninamartinelli.com.br\/blog2\/wp-json\/wp\/v2\/comments?post=2333"}],"version-history":[{"count":1,"href":"https:\/\/ninamartinelli.com.br\/blog2\/wp-json\/wp\/v2\/posts\/2333\/revisions"}],"predecessor-version":[{"id":2336,"href":"https:\/\/ninamartinelli.com.br\/blog2\/wp-json\/wp\/v2\/posts\/2333\/revisions\/2336"}],"wp:featuredmedia":[{"embeddable":true,"href":"https:\/\/ninamartinelli.com.br\/blog2\/wp-json\/wp\/v2\/media\/2334"}],"wp:attachment":[{"href":"https:\/\/ninamartinelli.com.br\/blog2\/wp-json\/wp\/v2\/media?parent=2333"}],"wp:term":[{"taxonomy":"category","embeddable":true,"href":"https:\/\/ninamartinelli.com.br\/blog2\/wp-json\/wp\/v2\/categories?post=2333"},{"taxonomy":"post_tag","embeddable":true,"href":"https:\/\/ninamartinelli.com.br\/blog2\/wp-json\/wp\/v2\/tags?post=2333"}],"curies":[{"name":"wp","href":"https:\/\/api.w.org\/{rel}","templated":true}]}}