{"id":2322,"date":"2024-04-17T09:11:02","date_gmt":"2024-04-17T12:11:02","guid":{"rendered":"https:\/\/ninamartinelli.com.br\/blog2\/?p=2322"},"modified":"2024-04-18T11:06:55","modified_gmt":"2024-04-18T14:06:55","slug":"refugio-de-aconchego-brick-allineato-paglia-cria-atmosfera-acolhedora-e-elegante-em-apartamento-familiar-em-campinas-sp","status":"publish","type":"post","link":"https:\/\/ninamartinelli.com.br\/blog2\/refugio-de-aconchego-brick-allineato-paglia-cria-atmosfera-acolhedora-e-elegante-em-apartamento-familiar-em-campinas-sp\/","title":{"rendered":"Ref\u00fagio de aconchego \u2013 Brick Allineato Paglia cria atmosfera acolhedora e elegante em apartamento familiar em Campinas-SP"},"content":{"rendered":"<p>Ref\u00fagio de aconchego \u2013 Um casal jovem, que empreende e trabalha no ultradin\u00e2mico segmento de Tecnologia. Com uma filha adolescente e um gato, que tamb\u00e9m \u00e9 membro da fam\u00edlia. Clientes com a vida atribulada e que desejavam um lar que fosse um respiro, um lugar para descansar e conviver, com calma, conforto e naturalidade.<\/p>\n<p>A miss\u00e3o de criar esse ref\u00fagio em Campinas-SP, foi entregue \u00e0 arquiteta \u00c9rica Gon\u00e7alves, do escrit\u00f3rio <a href=\"https:\/\/www.instagram.com\/volarinteriores\/\">Volar Interiores<\/a>, da mesma cidade.<\/p>\n<p>O trabalho foi minucioso. <em>\u201cCriamos os espa\u00e7os do zero, reconfiguramos o layout do im\u00f3vel, e nossos clientes queriam um clima org\u00e2nico, natural, com texturas\u201d<\/em>, explica Erica.<\/p>\n<p>Para criar uma atmosfera acolhedora \u00c9rica escolheu um revestimento que literalmente \u2018deu o tom\u2019 nos espa\u00e7os, que foi o <a href=\"https:\/\/ninamartinelli.com.br\/produtos\/brick-allienato-paglia\/\">Brick Allineato Paglia 7x26cm<\/a> da Nina Martinelli Pisos e Revestimentos.<\/p>\n<p>Integrante de uma linha que foi uma inova\u00e7\u00e3o em rela\u00e7\u00e3o aos modelos de brick tradicionais da marca, o Allineato Paglia, aplic\u00e1vel como revestimento exclusivamente em paredes, tem textura suave ao toque e uma cor que evoca calma e acolhimento. <em>\u201cA gente usou esse tijolinho na sala, na parede do lavabo, na varanda, cozinha e at\u00e9 na \u00e1rea de servi\u00e7o. Ele realmente abra\u00e7a os ambientes criando essa atmosfera aconchegante\u201d<\/em>, diz \u00c9rica, que se preocupou em dotar os espa\u00e7os com formas org\u00e2nicas. <em>\u201cTemos uma ilha grande na cozinha, com cantos arredondados\u201d<\/em>, exemplifica.<\/p>\n<p><img loading=\"lazy\" decoding=\"async\" class=\"wp-image-2324 aligncenter\" src=\"https:\/\/ninamartinelli.com.br\/blog2\/wp-content\/uploads\/2024\/04\/volar-lavabo-210x300.jpg\" alt=\"\" width=\"312\" height=\"445\" srcset=\"https:\/\/ninamartinelli.com.br\/blog2\/wp-content\/uploads\/2024\/04\/volar-lavabo-210x300.jpg 210w, https:\/\/ninamartinelli.com.br\/blog2\/wp-content\/uploads\/2024\/04\/volar-lavabo-718x1024.jpg 718w, https:\/\/ninamartinelli.com.br\/blog2\/wp-content\/uploads\/2024\/04\/volar-lavabo-768x1095.jpg 768w, https:\/\/ninamartinelli.com.br\/blog2\/wp-content\/uploads\/2024\/04\/volar-lavabo-1077x1536.jpg 1077w, https:\/\/ninamartinelli.com.br\/blog2\/wp-content\/uploads\/2024\/04\/volar-lavabo-1436x2048.jpg 1436w, https:\/\/ninamartinelli.com.br\/blog2\/wp-content\/uploads\/2024\/04\/volar-lavabo-1024x1460.jpg 1024w, https:\/\/ninamartinelli.com.br\/blog2\/wp-content\/uploads\/2024\/04\/volar-lavabo.jpg 1500w\" sizes=\"auto, (max-width: 312px) 100vw, 312px\" \/><\/p>\n<p>Marcenaria caprichada em tons claros, tapetes, quadros, pe\u00e7as afetivas e plantas, tudo foi escolhido e posicionado para tornar os ambientes muito convidativos e agrad\u00e1veis. \u201c<em>Posicionamos a TV de forma a poder ser vista com conforto no ambiente que integra sala e cozinha, criamos mob\u00edlia para o gato da fam\u00edlia, e buscamos, em tudo, muita sutileza e eleg\u00e2ncia\u201d<\/em>, explica.<\/p>\n<p><img loading=\"lazy\" decoding=\"async\" class=\"alignnone wp-image-2325\" src=\"https:\/\/ninamartinelli.com.br\/blog2\/wp-content\/uploads\/2024\/04\/volar-cozinha-espelho-melhor-300x200.jpg\" alt=\"\" width=\"413\" height=\"275\" srcset=\"https:\/\/ninamartinelli.com.br\/blog2\/wp-content\/uploads\/2024\/04\/volar-cozinha-espelho-melhor-300x200.jpg 300w, https:\/\/ninamartinelli.com.br\/blog2\/wp-content\/uploads\/2024\/04\/volar-cozinha-espelho-melhor-1024x683.jpg 1024w, https:\/\/ninamartinelli.com.br\/blog2\/wp-content\/uploads\/2024\/04\/volar-cozinha-espelho-melhor-768x512.jpg 768w, https:\/\/ninamartinelli.com.br\/blog2\/wp-content\/uploads\/2024\/04\/volar-cozinha-espelho-melhor-1536x1024.jpg 1536w, https:\/\/ninamartinelli.com.br\/blog2\/wp-content\/uploads\/2024\/04\/volar-cozinha-espelho-melhor-2048x1365.jpg 2048w\" sizes=\"auto, (max-width: 413px) 100vw, 413px\" \/>\u00a0 \u00a0 <img loading=\"lazy\" decoding=\"async\" class=\"alignnone wp-image-2326\" src=\"https:\/\/ninamartinelli.com.br\/blog2\/wp-content\/uploads\/2024\/04\/volar-cozinha-ilha-247x300.jpg\" alt=\"\" width=\"293\" height=\"356\" srcset=\"https:\/\/ninamartinelli.com.br\/blog2\/wp-content\/uploads\/2024\/04\/volar-cozinha-ilha-247x300.jpg 247w, https:\/\/ninamartinelli.com.br\/blog2\/wp-content\/uploads\/2024\/04\/volar-cozinha-ilha-842x1024.jpg 842w, https:\/\/ninamartinelli.com.br\/blog2\/wp-content\/uploads\/2024\/04\/volar-cozinha-ilha-768x933.jpg 768w, https:\/\/ninamartinelli.com.br\/blog2\/wp-content\/uploads\/2024\/04\/volar-cozinha-ilha-1264x1536.jpg 1264w, https:\/\/ninamartinelli.com.br\/blog2\/wp-content\/uploads\/2024\/04\/volar-cozinha-ilha-1685x2048.jpg 1685w, https:\/\/ninamartinelli.com.br\/blog2\/wp-content\/uploads\/2024\/04\/volar-cozinha-ilha-1024x1245.jpg 1024w\" sizes=\"auto, (max-width: 293px) 100vw, 293px\" \/><\/p>\n<p>&nbsp;<\/p>\n<p>O apartamento acabou ganhando o nome de \u201caurora boreal\u201d, um fen\u00f4meno que sempre fascinou os clientes, e que inspirou a arquiteta, no sentido de criar e executar algo que tivesse luz, leveza e que favorecesse o relaxamento e a contempla\u00e7\u00e3o. \u201c<em>Ficou maravilhoso, os clientes ficaram muito satisfeitos. Criamos, inclusive, um relacionamento, que coincide com a nossa proposta de fazer uma arquitetura humanizada\u201d<\/em>, conclui ela.<\/p>\n<p><img loading=\"lazy\" decoding=\"async\" class=\"wp-image-2327 aligncenter\" src=\"https:\/\/ninamartinelli.com.br\/blog2\/wp-content\/uploads\/2024\/04\/volar-sala-222x300.jpg\" alt=\"\" width=\"413\" height=\"558\" srcset=\"https:\/\/ninamartinelli.com.br\/blog2\/wp-content\/uploads\/2024\/04\/volar-sala-222x300.jpg 222w, https:\/\/ninamartinelli.com.br\/blog2\/wp-content\/uploads\/2024\/04\/volar-sala-759x1024.jpg 759w, https:\/\/ninamartinelli.com.br\/blog2\/wp-content\/uploads\/2024\/04\/volar-sala-768x1036.jpg 768w, https:\/\/ninamartinelli.com.br\/blog2\/wp-content\/uploads\/2024\/04\/volar-sala-1138x1536.jpg 1138w, https:\/\/ninamartinelli.com.br\/blog2\/wp-content\/uploads\/2024\/04\/volar-sala-1518x2048.jpg 1518w, https:\/\/ninamartinelli.com.br\/blog2\/wp-content\/uploads\/2024\/04\/volar-sala-1024x1382.jpg 1024w, https:\/\/ninamartinelli.com.br\/blog2\/wp-content\/uploads\/2024\/04\/volar-sala-scaled.jpg 1897w\" sizes=\"auto, (max-width: 413px) 100vw, 413px\" \/><\/p>\n<p>O Brick Allineato Paglia foi adquirido na loja <a href=\"https:\/\/www.instagram.com\/solorevestimentos\/\">Solo Revestimentos<\/a>, de Campinas.<\/p>\n<p><strong>\u00a0<\/strong><\/p>\n<p><strong>\u00a0<\/strong><\/p>\n<p><strong>Servi\u00e7o:<\/strong><\/p>\n<p><strong>Ref\u00fagio de Aconchego<\/strong><\/p>\n<p><strong>Apartamento em Campinas <\/strong><\/p>\n<p><strong>Produto: <\/strong><\/p>\n<p>Brick Allineato Paglia 7x26cm<\/p>\n<p><strong>Projeto \u2013 <\/strong><a href=\"https:\/\/www.instagram.com\/volarinteriores\/\">Erika Gon\u00e7alves- Volar Interiores<\/a><\/p>\n<p><strong>Instragram:<\/strong> @volarinteriores<\/p>\n<p><strong>Revenda parceira: <\/strong><a href=\"https:\/\/www.instagram.com\/solorevestimentos\/\">Solo Revestimentos \u2013 Campinas SP<\/a><\/p>\n<p><strong>Fotos:<\/strong> <a href=\"https:\/\/www.instagram.com\/favarojrfotografia\/\">@favarojrfotografia<\/a><\/p>\n<p>&nbsp;<\/p>\n","protected":false},"excerpt":{"rendered":"<p>Ref\u00fagio de aconchego \u2013 Um casal jovem, que empreende e trabalha no ultradin\u00e2mico segmento de<\/p>\n","protected":false},"author":2,"featured_media":2323,"comment_status":"open","ping_status":"open","sticky":false,"template":"","format":"standard","meta":{"footnotes":""},"categories":[16,1,26],"tags":[72,167,40,50,154,111,46,91,63],"class_list":["post-2322","post","type-post","status-publish","format-standard","has-post-thumbnail","hentry","category-colezione-brick","category-nina-martinelli","category-revestimentos","tag-apartamento","tag-area-de-servico-varanda","tag-area-interna","tag-bricks","tag-cozinhas","tag-lavabo","tag-revestimento","tag-sala","tag-tijolinho"],"yoast_head":"<!-- This site is optimized with the Yoast SEO plugin v26.8 - https:\/\/yoast.com\/product\/yoast-seo-wordpress\/ -->\n<title>Ref\u00fagio de aconchego \u2013 Brick Allineato Paglia cria atmosfera acolhedora e elegante em apartamento familiar em Campinas-SP - Blog Nina<\/title>\n<meta name=\"description\" content=\"Ref\u00fagio de aconchego - veja como o Brick Allineatto Paglia, da Nina Martinelli, abra\u00e7a todo o lindo apartamento concebido por Volar Interiores\" \/>\n<meta name=\"robots\" content=\"index, follow, max-snippet:-1, max-image-preview:large, max-video-preview:-1\" \/>\n<link rel=\"canonical\" href=\"https:\/\/ninamartinelli.com.br\/blog2\/refugio-de-aconchego-brick-allineato-paglia-cria-atmosfera-acolhedora-e-elegante-em-apartamento-familiar-em-campinas-sp\/\" \/>\n<meta property=\"og:locale\" content=\"pt_BR\" \/>\n<meta property=\"og:type\" content=\"article\" \/>\n<meta property=\"og:title\" content=\"Ref\u00fagio de aconchego \u2013 Brick Allineato Paglia cria atmosfera acolhedora e elegante em apartamento familiar em Campinas-SP - Blog Nina\" \/>\n<meta property=\"og:description\" content=\"Ref\u00fagio de aconchego - veja como o Brick Allineatto Paglia, da Nina Martinelli, abra\u00e7a todo o lindo apartamento concebido por Volar Interiores\" \/>\n<meta property=\"og:url\" content=\"https:\/\/ninamartinelli.com.br\/blog2\/refugio-de-aconchego-brick-allineato-paglia-cria-atmosfera-acolhedora-e-elegante-em-apartamento-familiar-em-campinas-sp\/\" \/>\n<meta property=\"og:site_name\" content=\"Blog Nina\" \/>\n<meta property=\"article:published_time\" content=\"2024-04-17T12:11:02+00:00\" \/>\n<meta property=\"article:modified_time\" content=\"2024-04-18T14:06:55+00:00\" \/>\n<meta property=\"og:image\" content=\"https:\/\/ninamartinelli.com.br\/blog2\/wp-content\/uploads\/2024\/04\/volar-varanda-principal-scaled.jpg\" \/>\n\t<meta property=\"og:image:width\" content=\"1874\" \/>\n\t<meta property=\"og:image:height\" content=\"2560\" \/>\n\t<meta property=\"og:image:type\" content=\"image\/jpeg\" \/>\n<meta name=\"author\" content=\"Ana Maria Devides\" \/>\n<meta name=\"twitter:card\" content=\"summary_large_image\" \/>\n<meta name=\"twitter:label1\" content=\"Escrito por\" \/>\n\t<meta name=\"twitter:data1\" content=\"Ana Maria Devides\" \/>\n\t<meta name=\"twitter:label2\" content=\"Est. tempo de leitura\" \/>\n\t<meta name=\"twitter:data2\" content=\"3 minutos\" \/>\n<script type=\"application\/ld+json\" class=\"yoast-schema-graph\">{\"@context\":\"https:\/\/schema.org\",\"@graph\":[{\"@type\":\"Article\",\"@id\":\"https:\/\/ninamartinelli.com.br\/blog2\/refugio-de-aconchego-brick-allineato-paglia-cria-atmosfera-acolhedora-e-elegante-em-apartamento-familiar-em-campinas-sp\/#article\",\"isPartOf\":{\"@id\":\"https:\/\/ninamartinelli.com.br\/blog2\/refugio-de-aconchego-brick-allineato-paglia-cria-atmosfera-acolhedora-e-elegante-em-apartamento-familiar-em-campinas-sp\/\"},\"author\":{\"name\":\"Ana Maria Devides\",\"@id\":\"https:\/\/ninamartinelli.com.br\/blog2\/#\/schema\/person\/43fbfb1d4cbe3b472995206b2bb06df5\"},\"headline\":\"Ref\u00fagio de aconchego \u2013 Brick Allineato Paglia cria atmosfera acolhedora e elegante em apartamento familiar em Campinas-SP\",\"datePublished\":\"2024-04-17T12:11:02+00:00\",\"dateModified\":\"2024-04-18T14:06:55+00:00\",\"mainEntityOfPage\":{\"@id\":\"https:\/\/ninamartinelli.com.br\/blog2\/refugio-de-aconchego-brick-allineato-paglia-cria-atmosfera-acolhedora-e-elegante-em-apartamento-familiar-em-campinas-sp\/\"},\"wordCount\":428,\"commentCount\":0,\"publisher\":{\"@id\":\"https:\/\/ninamartinelli.com.br\/blog2\/#organization\"},\"image\":{\"@id\":\"https:\/\/ninamartinelli.com.br\/blog2\/refugio-de-aconchego-brick-allineato-paglia-cria-atmosfera-acolhedora-e-elegante-em-apartamento-familiar-em-campinas-sp\/#primaryimage\"},\"thumbnailUrl\":\"https:\/\/ninamartinelli.com.br\/blog2\/wp-content\/uploads\/2024\/04\/volar-varanda-principal-scaled.jpg\",\"keywords\":[\"apartamento\",\"\u00e1rea de servi\u00e7o; varanda;\",\"area interna\",\"bricks\",\"cozinhas\",\"lavabo\",\"revestimento\",\"sala\",\"tijolinho\"],\"articleSection\":[\"Colezione Brick\",\"Nina Martinelli\",\"Revestimentos\"],\"inLanguage\":\"pt-BR\",\"potentialAction\":[{\"@type\":\"CommentAction\",\"name\":\"Comment\",\"target\":[\"https:\/\/ninamartinelli.com.br\/blog2\/refugio-de-aconchego-brick-allineato-paglia-cria-atmosfera-acolhedora-e-elegante-em-apartamento-familiar-em-campinas-sp\/#respond\"]}]},{\"@type\":\"WebPage\",\"@id\":\"https:\/\/ninamartinelli.com.br\/blog2\/refugio-de-aconchego-brick-allineato-paglia-cria-atmosfera-acolhedora-e-elegante-em-apartamento-familiar-em-campinas-sp\/\",\"url\":\"https:\/\/ninamartinelli.com.br\/blog2\/refugio-de-aconchego-brick-allineato-paglia-cria-atmosfera-acolhedora-e-elegante-em-apartamento-familiar-em-campinas-sp\/\",\"name\":\"Ref\u00fagio de aconchego \u2013 Brick Allineato Paglia cria atmosfera acolhedora e elegante em apartamento familiar em Campinas-SP - Blog Nina\",\"isPartOf\":{\"@id\":\"https:\/\/ninamartinelli.com.br\/blog2\/#website\"},\"primaryImageOfPage\":{\"@id\":\"https:\/\/ninamartinelli.com.br\/blog2\/refugio-de-aconchego-brick-allineato-paglia-cria-atmosfera-acolhedora-e-elegante-em-apartamento-familiar-em-campinas-sp\/#primaryimage\"},\"image\":{\"@id\":\"https:\/\/ninamartinelli.com.br\/blog2\/refugio-de-aconchego-brick-allineato-paglia-cria-atmosfera-acolhedora-e-elegante-em-apartamento-familiar-em-campinas-sp\/#primaryimage\"},\"thumbnailUrl\":\"https:\/\/ninamartinelli.com.br\/blog2\/wp-content\/uploads\/2024\/04\/volar-varanda-principal-scaled.jpg\",\"datePublished\":\"2024-04-17T12:11:02+00:00\",\"dateModified\":\"2024-04-18T14:06:55+00:00\",\"description\":\"Ref\u00fagio de aconchego - veja como o Brick Allineatto Paglia, da Nina Martinelli, abra\u00e7a todo o lindo apartamento concebido por Volar Interiores\",\"breadcrumb\":{\"@id\":\"https:\/\/ninamartinelli.com.br\/blog2\/refugio-de-aconchego-brick-allineato-paglia-cria-atmosfera-acolhedora-e-elegante-em-apartamento-familiar-em-campinas-sp\/#breadcrumb\"},\"inLanguage\":\"pt-BR\",\"potentialAction\":[{\"@type\":\"ReadAction\",\"target\":[\"https:\/\/ninamartinelli.com.br\/blog2\/refugio-de-aconchego-brick-allineato-paglia-cria-atmosfera-acolhedora-e-elegante-em-apartamento-familiar-em-campinas-sp\/\"]}]},{\"@type\":\"ImageObject\",\"inLanguage\":\"pt-BR\",\"@id\":\"https:\/\/ninamartinelli.com.br\/blog2\/refugio-de-aconchego-brick-allineato-paglia-cria-atmosfera-acolhedora-e-elegante-em-apartamento-familiar-em-campinas-sp\/#primaryimage\",\"url\":\"https:\/\/ninamartinelli.com.br\/blog2\/wp-content\/uploads\/2024\/04\/volar-varanda-principal-scaled.jpg\",\"contentUrl\":\"https:\/\/ninamartinelli.com.br\/blog2\/wp-content\/uploads\/2024\/04\/volar-varanda-principal-scaled.jpg\",\"width\":1874,\"height\":2560},{\"@type\":\"BreadcrumbList\",\"@id\":\"https:\/\/ninamartinelli.com.br\/blog2\/refugio-de-aconchego-brick-allineato-paglia-cria-atmosfera-acolhedora-e-elegante-em-apartamento-familiar-em-campinas-sp\/#breadcrumb\",\"itemListElement\":[{\"@type\":\"ListItem\",\"position\":1,\"name\":\"In\u00edcio\",\"item\":\"https:\/\/ninamartinelli.com.br\/blog2\/\"},{\"@type\":\"ListItem\",\"position\":2,\"name\":\"Ref\u00fagio de aconchego \u2013 Brick Allineato Paglia cria atmosfera acolhedora e elegante em apartamento familiar em Campinas-SP\"}]},{\"@type\":\"WebSite\",\"@id\":\"https:\/\/ninamartinelli.com.br\/blog2\/#website\",\"url\":\"https:\/\/ninamartinelli.com.br\/blog2\/\",\"name\":\"Nina Martinelli\",\"description\":\"#Nina_Martinelli\",\"publisher\":{\"@id\":\"https:\/\/ninamartinelli.com.br\/blog2\/#organization\"},\"potentialAction\":[{\"@type\":\"SearchAction\",\"target\":{\"@type\":\"EntryPoint\",\"urlTemplate\":\"https:\/\/ninamartinelli.com.br\/blog2\/?s={search_term_string}\"},\"query-input\":{\"@type\":\"PropertyValueSpecification\",\"valueRequired\":true,\"valueName\":\"search_term_string\"}}],\"inLanguage\":\"pt-BR\"},{\"@type\":\"Organization\",\"@id\":\"https:\/\/ninamartinelli.com.br\/blog2\/#organization\",\"name\":\"Blog Novidades\",\"url\":\"https:\/\/ninamartinelli.com.br\/blog2\/\",\"logo\":{\"@type\":\"ImageObject\",\"inLanguage\":\"pt-BR\",\"@id\":\"https:\/\/ninamartinelli.com.br\/blog2\/#\/schema\/logo\/image\/\",\"url\":\"http:\/\/blog.ninamartinelli.com.br\/wp-content\/uploads\/2022\/03\/logo_nina_blog.png\",\"contentUrl\":\"http:\/\/blog.ninamartinelli.com.br\/wp-content\/uploads\/2022\/03\/logo_nina_blog.png\",\"width\":500,\"height\":104,\"caption\":\"Blog Novidades\"},\"image\":{\"@id\":\"https:\/\/ninamartinelli.com.br\/blog2\/#\/schema\/logo\/image\/\"}},{\"@type\":\"Person\",\"@id\":\"https:\/\/ninamartinelli.com.br\/blog2\/#\/schema\/person\/43fbfb1d4cbe3b472995206b2bb06df5\",\"name\":\"Ana Maria Devides\",\"image\":{\"@type\":\"ImageObject\",\"inLanguage\":\"pt-BR\",\"@id\":\"https:\/\/ninamartinelli.com.br\/blog2\/#\/schema\/person\/image\/\",\"url\":\"https:\/\/secure.gravatar.com\/avatar\/a03a82675d8bb3da8e5c5a6872db97be?s=96&d=mm&r=g\",\"contentUrl\":\"https:\/\/secure.gravatar.com\/avatar\/a03a82675d8bb3da8e5c5a6872db97be?s=96&d=mm&r=g\",\"caption\":\"Ana Maria Devides\"},\"url\":\"https:\/\/ninamartinelli.com.br\/blog2\/author\/assessoria-nina-martinelli\/\"}]}<\/script>\n<!-- \/ Yoast SEO plugin. -->","yoast_head_json":{"title":"Ref\u00fagio de aconchego \u2013 Brick Allineato Paglia cria atmosfera acolhedora e elegante em apartamento familiar em Campinas-SP - Blog Nina","description":"Ref\u00fagio de aconchego - veja como o Brick Allineatto Paglia, da Nina Martinelli, abra\u00e7a todo o lindo apartamento concebido por Volar Interiores","robots":{"index":"index","follow":"follow","max-snippet":"max-snippet:-1","max-image-preview":"max-image-preview:large","max-video-preview":"max-video-preview:-1"},"canonical":"https:\/\/ninamartinelli.com.br\/blog2\/refugio-de-aconchego-brick-allineato-paglia-cria-atmosfera-acolhedora-e-elegante-em-apartamento-familiar-em-campinas-sp\/","og_locale":"pt_BR","og_type":"article","og_title":"Ref\u00fagio de aconchego \u2013 Brick Allineato Paglia cria atmosfera acolhedora e elegante em apartamento familiar em Campinas-SP - Blog Nina","og_description":"Ref\u00fagio de aconchego - veja como o Brick Allineatto Paglia, da Nina Martinelli, abra\u00e7a todo o lindo apartamento concebido por Volar Interiores","og_url":"https:\/\/ninamartinelli.com.br\/blog2\/refugio-de-aconchego-brick-allineato-paglia-cria-atmosfera-acolhedora-e-elegante-em-apartamento-familiar-em-campinas-sp\/","og_site_name":"Blog Nina","article_published_time":"2024-04-17T12:11:02+00:00","article_modified_time":"2024-04-18T14:06:55+00:00","og_image":[{"width":1874,"height":2560,"url":"https:\/\/ninamartinelli.com.br\/blog2\/wp-content\/uploads\/2024\/04\/volar-varanda-principal-scaled.jpg","type":"image\/jpeg"}],"author":"Ana Maria Devides","twitter_card":"summary_large_image","twitter_misc":{"Escrito por":"Ana Maria Devides","Est. tempo de leitura":"3 minutos"},"schema":{"@context":"https:\/\/schema.org","@graph":[{"@type":"Article","@id":"https:\/\/ninamartinelli.com.br\/blog2\/refugio-de-aconchego-brick-allineato-paglia-cria-atmosfera-acolhedora-e-elegante-em-apartamento-familiar-em-campinas-sp\/#article","isPartOf":{"@id":"https:\/\/ninamartinelli.com.br\/blog2\/refugio-de-aconchego-brick-allineato-paglia-cria-atmosfera-acolhedora-e-elegante-em-apartamento-familiar-em-campinas-sp\/"},"author":{"name":"Ana Maria Devides","@id":"https:\/\/ninamartinelli.com.br\/blog2\/#\/schema\/person\/43fbfb1d4cbe3b472995206b2bb06df5"},"headline":"Ref\u00fagio de aconchego \u2013 Brick Allineato Paglia cria atmosfera acolhedora e elegante em apartamento familiar em Campinas-SP","datePublished":"2024-04-17T12:11:02+00:00","dateModified":"2024-04-18T14:06:55+00:00","mainEntityOfPage":{"@id":"https:\/\/ninamartinelli.com.br\/blog2\/refugio-de-aconchego-brick-allineato-paglia-cria-atmosfera-acolhedora-e-elegante-em-apartamento-familiar-em-campinas-sp\/"},"wordCount":428,"commentCount":0,"publisher":{"@id":"https:\/\/ninamartinelli.com.br\/blog2\/#organization"},"image":{"@id":"https:\/\/ninamartinelli.com.br\/blog2\/refugio-de-aconchego-brick-allineato-paglia-cria-atmosfera-acolhedora-e-elegante-em-apartamento-familiar-em-campinas-sp\/#primaryimage"},"thumbnailUrl":"https:\/\/ninamartinelli.com.br\/blog2\/wp-content\/uploads\/2024\/04\/volar-varanda-principal-scaled.jpg","keywords":["apartamento","\u00e1rea de servi\u00e7o; varanda;","area interna","bricks","cozinhas","lavabo","revestimento","sala","tijolinho"],"articleSection":["Colezione Brick","Nina Martinelli","Revestimentos"],"inLanguage":"pt-BR","potentialAction":[{"@type":"CommentAction","name":"Comment","target":["https:\/\/ninamartinelli.com.br\/blog2\/refugio-de-aconchego-brick-allineato-paglia-cria-atmosfera-acolhedora-e-elegante-em-apartamento-familiar-em-campinas-sp\/#respond"]}]},{"@type":"WebPage","@id":"https:\/\/ninamartinelli.com.br\/blog2\/refugio-de-aconchego-brick-allineato-paglia-cria-atmosfera-acolhedora-e-elegante-em-apartamento-familiar-em-campinas-sp\/","url":"https:\/\/ninamartinelli.com.br\/blog2\/refugio-de-aconchego-brick-allineato-paglia-cria-atmosfera-acolhedora-e-elegante-em-apartamento-familiar-em-campinas-sp\/","name":"Ref\u00fagio de aconchego \u2013 Brick Allineato Paglia cria atmosfera acolhedora e elegante em apartamento familiar em Campinas-SP - Blog Nina","isPartOf":{"@id":"https:\/\/ninamartinelli.com.br\/blog2\/#website"},"primaryImageOfPage":{"@id":"https:\/\/ninamartinelli.com.br\/blog2\/refugio-de-aconchego-brick-allineato-paglia-cria-atmosfera-acolhedora-e-elegante-em-apartamento-familiar-em-campinas-sp\/#primaryimage"},"image":{"@id":"https:\/\/ninamartinelli.com.br\/blog2\/refugio-de-aconchego-brick-allineato-paglia-cria-atmosfera-acolhedora-e-elegante-em-apartamento-familiar-em-campinas-sp\/#primaryimage"},"thumbnailUrl":"https:\/\/ninamartinelli.com.br\/blog2\/wp-content\/uploads\/2024\/04\/volar-varanda-principal-scaled.jpg","datePublished":"2024-04-17T12:11:02+00:00","dateModified":"2024-04-18T14:06:55+00:00","description":"Ref\u00fagio de aconchego - veja como o Brick Allineatto Paglia, da Nina Martinelli, abra\u00e7a todo o lindo apartamento concebido por Volar Interiores","breadcrumb":{"@id":"https:\/\/ninamartinelli.com.br\/blog2\/refugio-de-aconchego-brick-allineato-paglia-cria-atmosfera-acolhedora-e-elegante-em-apartamento-familiar-em-campinas-sp\/#breadcrumb"},"inLanguage":"pt-BR","potentialAction":[{"@type":"ReadAction","target":["https:\/\/ninamartinelli.com.br\/blog2\/refugio-de-aconchego-brick-allineato-paglia-cria-atmosfera-acolhedora-e-elegante-em-apartamento-familiar-em-campinas-sp\/"]}]},{"@type":"ImageObject","inLanguage":"pt-BR","@id":"https:\/\/ninamartinelli.com.br\/blog2\/refugio-de-aconchego-brick-allineato-paglia-cria-atmosfera-acolhedora-e-elegante-em-apartamento-familiar-em-campinas-sp\/#primaryimage","url":"https:\/\/ninamartinelli.com.br\/blog2\/wp-content\/uploads\/2024\/04\/volar-varanda-principal-scaled.jpg","contentUrl":"https:\/\/ninamartinelli.com.br\/blog2\/wp-content\/uploads\/2024\/04\/volar-varanda-principal-scaled.jpg","width":1874,"height":2560},{"@type":"BreadcrumbList","@id":"https:\/\/ninamartinelli.com.br\/blog2\/refugio-de-aconchego-brick-allineato-paglia-cria-atmosfera-acolhedora-e-elegante-em-apartamento-familiar-em-campinas-sp\/#breadcrumb","itemListElement":[{"@type":"ListItem","position":1,"name":"In\u00edcio","item":"https:\/\/ninamartinelli.com.br\/blog2\/"},{"@type":"ListItem","position":2,"name":"Ref\u00fagio de aconchego \u2013 Brick Allineato Paglia cria atmosfera acolhedora e elegante em apartamento familiar em Campinas-SP"}]},{"@type":"WebSite","@id":"https:\/\/ninamartinelli.com.br\/blog2\/#website","url":"https:\/\/ninamartinelli.com.br\/blog2\/","name":"Nina Martinelli","description":"#Nina_Martinelli","publisher":{"@id":"https:\/\/ninamartinelli.com.br\/blog2\/#organization"},"potentialAction":[{"@type":"SearchAction","target":{"@type":"EntryPoint","urlTemplate":"https:\/\/ninamartinelli.com.br\/blog2\/?s={search_term_string}"},"query-input":{"@type":"PropertyValueSpecification","valueRequired":true,"valueName":"search_term_string"}}],"inLanguage":"pt-BR"},{"@type":"Organization","@id":"https:\/\/ninamartinelli.com.br\/blog2\/#organization","name":"Blog Novidades","url":"https:\/\/ninamartinelli.com.br\/blog2\/","logo":{"@type":"ImageObject","inLanguage":"pt-BR","@id":"https:\/\/ninamartinelli.com.br\/blog2\/#\/schema\/logo\/image\/","url":"http:\/\/blog.ninamartinelli.com.br\/wp-content\/uploads\/2022\/03\/logo_nina_blog.png","contentUrl":"http:\/\/blog.ninamartinelli.com.br\/wp-content\/uploads\/2022\/03\/logo_nina_blog.png","width":500,"height":104,"caption":"Blog Novidades"},"image":{"@id":"https:\/\/ninamartinelli.com.br\/blog2\/#\/schema\/logo\/image\/"}},{"@type":"Person","@id":"https:\/\/ninamartinelli.com.br\/blog2\/#\/schema\/person\/43fbfb1d4cbe3b472995206b2bb06df5","name":"Ana Maria Devides","image":{"@type":"ImageObject","inLanguage":"pt-BR","@id":"https:\/\/ninamartinelli.com.br\/blog2\/#\/schema\/person\/image\/","url":"https:\/\/secure.gravatar.com\/avatar\/a03a82675d8bb3da8e5c5a6872db97be?s=96&d=mm&r=g","contentUrl":"https:\/\/secure.gravatar.com\/avatar\/a03a82675d8bb3da8e5c5a6872db97be?s=96&d=mm&r=g","caption":"Ana Maria Devides"},"url":"https:\/\/ninamartinelli.com.br\/blog2\/author\/assessoria-nina-martinelli\/"}]}},"_links":{"self":[{"href":"https:\/\/ninamartinelli.com.br\/blog2\/wp-json\/wp\/v2\/posts\/2322","targetHints":{"allow":["GET"]}}],"collection":[{"href":"https:\/\/ninamartinelli.com.br\/blog2\/wp-json\/wp\/v2\/posts"}],"about":[{"href":"https:\/\/ninamartinelli.com.br\/blog2\/wp-json\/wp\/v2\/types\/post"}],"author":[{"embeddable":true,"href":"https:\/\/ninamartinelli.com.br\/blog2\/wp-json\/wp\/v2\/users\/2"}],"replies":[{"embeddable":true,"href":"https:\/\/ninamartinelli.com.br\/blog2\/wp-json\/wp\/v2\/comments?post=2322"}],"version-history":[{"count":3,"href":"https:\/\/ninamartinelli.com.br\/blog2\/wp-json\/wp\/v2\/posts\/2322\/revisions"}],"predecessor-version":[{"id":2330,"href":"https:\/\/ninamartinelli.com.br\/blog2\/wp-json\/wp\/v2\/posts\/2322\/revisions\/2330"}],"wp:featuredmedia":[{"embeddable":true,"href":"https:\/\/ninamartinelli.com.br\/blog2\/wp-json\/wp\/v2\/media\/2323"}],"wp:attachment":[{"href":"https:\/\/ninamartinelli.com.br\/blog2\/wp-json\/wp\/v2\/media?parent=2322"}],"wp:term":[{"taxonomy":"category","embeddable":true,"href":"https:\/\/ninamartinelli.com.br\/blog2\/wp-json\/wp\/v2\/categories?post=2322"},{"taxonomy":"post_tag","embeddable":true,"href":"https:\/\/ninamartinelli.com.br\/blog2\/wp-json\/wp\/v2\/tags?post=2322"}],"curies":[{"name":"wp","href":"https:\/\/api.w.org\/{rel}","templated":true}]}}