{"id":2310,"date":"2024-04-10T09:10:26","date_gmt":"2024-04-10T12:10:26","guid":{"rendered":"https:\/\/ninamartinelli.com.br\/blog2\/?p=2310"},"modified":"2024-04-10T09:10:26","modified_gmt":"2024-04-10T12:10:26","slug":"hospedagens-de-charme-thiago-camarao-amplia-seus-lofts-na-praia-de-juquehy-com-rusticidade-elegancia-e-produtos-nina-martinelli","status":"publish","type":"post","link":"https:\/\/ninamartinelli.com.br\/blog2\/hospedagens-de-charme-thiago-camarao-amplia-seus-lofts-na-praia-de-juquehy-com-rusticidade-elegancia-e-produtos-nina-martinelli\/","title":{"rendered":"Hospedagens de charme \u2013 Thiago Camar\u00e3o amplia seus lofts na praia de Juquehy com rusticidade, eleg\u00e2ncia e produtos Nina Martinelli"},"content":{"rendered":"<p><strong>Hospedagens de charme \u2013 <\/strong>O surfista Thiago Camar\u00e3o, conhecido no universo dessa modalidade esportiva e tamb\u00e9m por oferecer uma das mais charmosas hospedagens no litoral norte de S\u00e3o Paulo, segue aprontando das suas. E ampliando seus lofts com rusticidade, eleg\u00e2ncia e&#8230; produtos Nina Martinelli, que s\u00e3o quase que a marca registrada de seu pr\u00f3spero neg\u00f3cio, o <a href=\"https:\/\/www.instagram.com\/juquehyloft\/\">Juquehy Loft<\/a>, na praia de Juquehy, em S\u00e3o Sebasti\u00e3o.<\/p>\n<p>Recentemente Thiago concluiu mais duas unidades \u2013 os lofts River e Nilo, ambos imersos na Mata Atl\u00e2ntica, com vista para o Rio Juquehy e que perfazem aproximadamente 50 m<sup>2<\/sup>, com cada cent\u00edmetro muito bem aproveitado e equipado para o conforto de seus h\u00f3spedes \u2013 em geral, gente jovem, ligada \u00e0 Natureza, ao mar, \u00e0 simplicidade que n\u00e3o se desgarra do bom gosto de jeito nenhum.<\/p>\n<figure id=\"attachment_2313\" aria-describedby=\"caption-attachment-2313\" style=\"width: 328px\" class=\"wp-caption alignright\"><img loading=\"lazy\" decoding=\"async\" class=\"wp-image-2312\" src=\"https:\/\/ninamartinelli.com.br\/blog2\/wp-content\/uploads\/2024\/04\/juquehy-loft-brick-allineato-algodao-225x300.jpeg\" alt=\"\" width=\"328\" height=\"437\" srcset=\"https:\/\/ninamartinelli.com.br\/blog2\/wp-content\/uploads\/2024\/04\/juquehy-loft-brick-allineato-algodao-225x300.jpeg 225w, https:\/\/ninamartinelli.com.br\/blog2\/wp-content\/uploads\/2024\/04\/juquehy-loft-brick-allineato-algodao-768x1024.jpeg 768w, https:\/\/ninamartinelli.com.br\/blog2\/wp-content\/uploads\/2024\/04\/juquehy-loft-brick-allineato-algodao-1152x1536.jpeg 1152w, https:\/\/ninamartinelli.com.br\/blog2\/wp-content\/uploads\/2024\/04\/juquehy-loft-brick-allineato-algodao-1536x2048.jpeg 1536w, https:\/\/ninamartinelli.com.br\/blog2\/wp-content\/uploads\/2024\/04\/juquehy-loft-brick-allineato-algodao-1024x1365.jpeg 1024w, https:\/\/ninamartinelli.com.br\/blog2\/wp-content\/uploads\/2024\/04\/juquehy-loft-brick-allineato-algodao-scaled.jpeg 1920w\" sizes=\"auto, (max-width: 328px) 100vw, 328px\" \/><figcaption id=\"caption-attachment-2313\" class=\"wp-caption-text\"><img loading=\"lazy\" decoding=\"async\" class=\"alignnone  wp-image-2313\" style=\"font-size: 16px;\" src=\"https:\/\/ninamartinelli.com.br\/blog2\/wp-content\/uploads\/2024\/04\/juquehy-loft-tropicale-225x300.jpeg\" alt=\"\" width=\"310\" height=\"413\" data-wp-editing=\"1\" srcset=\"https:\/\/ninamartinelli.com.br\/blog2\/wp-content\/uploads\/2024\/04\/juquehy-loft-tropicale-225x300.jpeg 225w, https:\/\/ninamartinelli.com.br\/blog2\/wp-content\/uploads\/2024\/04\/juquehy-loft-tropicale-768x1024.jpeg 768w, https:\/\/ninamartinelli.com.br\/blog2\/wp-content\/uploads\/2024\/04\/juquehy-loft-tropicale-1152x1536.jpeg 1152w, https:\/\/ninamartinelli.com.br\/blog2\/wp-content\/uploads\/2024\/04\/juquehy-loft-tropicale-1536x2048.jpeg 1536w, https:\/\/ninamartinelli.com.br\/blog2\/wp-content\/uploads\/2024\/04\/juquehy-loft-tropicale-1024x1365.jpeg 1024w, https:\/\/ninamartinelli.com.br\/blog2\/wp-content\/uploads\/2024\/04\/juquehy-loft-tropicale-scaled.jpeg 1920w\" sizes=\"auto, (max-width: 310px) 100vw, 310px\" \/><\/figcaption><\/figure>\n<p>&nbsp;<\/p>\n<p><img loading=\"lazy\" decoding=\"async\" class=\"wp-image-2314 alignnone\" src=\"https:\/\/ninamartinelli.com.br\/blog2\/wp-content\/uploads\/2024\/04\/juquehy-loft-externo-1-225x300.jpeg\" alt=\"\" width=\"351\" height=\"468\" srcset=\"https:\/\/ninamartinelli.com.br\/blog2\/wp-content\/uploads\/2024\/04\/juquehy-loft-externo-1-225x300.jpeg 225w, https:\/\/ninamartinelli.com.br\/blog2\/wp-content\/uploads\/2024\/04\/juquehy-loft-externo-1-768x1024.jpeg 768w, https:\/\/ninamartinelli.com.br\/blog2\/wp-content\/uploads\/2024\/04\/juquehy-loft-externo-1-1152x1536.jpeg 1152w, https:\/\/ninamartinelli.com.br\/blog2\/wp-content\/uploads\/2024\/04\/juquehy-loft-externo-1-1536x2048.jpeg 1536w, https:\/\/ninamartinelli.com.br\/blog2\/wp-content\/uploads\/2024\/04\/juquehy-loft-externo-1-1024x1365.jpeg 1024w, https:\/\/ninamartinelli.com.br\/blog2\/wp-content\/uploads\/2024\/04\/juquehy-loft-externo-1-scaled.jpeg 1920w\" sizes=\"auto, (max-width: 351px) 100vw, 351px\" \/><\/p>\n<p>&nbsp;<\/p>\n<p>&nbsp;<\/p>\n<p>Os lofts possuem banheiros confort\u00e1veis, bem arejados e iluminados por luz natural, salas amplas, cozinhas americanas completas e decora\u00e7\u00e3o que mistura elementos que remetem \u00e0 praia e a aconchegantes fazendas.<\/p>\n<p>\u201cPor serem compactos a gente aproveitou cada espa\u00e7o equipando as unidades com \u00e1reas de armazenamento, mesas de apoio, penduradores e outros elementos que tragam praticidade e conforto. E tudo muito bem feito, com capricho e carinho, trazendo aqueles efeitos visuais que enchem os olhos de quem v\u00ea nossas fotos nas redes sociais e outros meios de reserva\u201d, comenta ele, que teve a assessoria da arquiteta e amiga Carla Cristina Orlando do escrit\u00f3rio CCO Arquitetura. \u201cEla fez toda a concep\u00e7\u00e3o do layout, das portas e janelas, e eu tamb\u00e9m imprimi meu estilo com o meu conhecimento\u201d, conta ele.<\/p>\n<p>Thiago, ali\u00e1s, h\u00e1 anos vem literalmente colocando a m\u00e3o na massa para construir seus lofts, ap\u00f3s aprender com muita humildade e respeito o of\u00edcio dos pedreiros que passaram por sua propriedade no in\u00edcio do neg\u00f3cio.<\/p>\n<p><img loading=\"lazy\" decoding=\"async\" class=\"alignnone  wp-image-2315\" src=\"https:\/\/ninamartinelli.com.br\/blog2\/wp-content\/uploads\/2024\/04\/juquehy-loft-lustre-225x300.jpeg\" alt=\"\" width=\"292\" height=\"389\" srcset=\"https:\/\/ninamartinelli.com.br\/blog2\/wp-content\/uploads\/2024\/04\/juquehy-loft-lustre-225x300.jpeg 225w, https:\/\/ninamartinelli.com.br\/blog2\/wp-content\/uploads\/2024\/04\/juquehy-loft-lustre-768x1024.jpeg 768w, https:\/\/ninamartinelli.com.br\/blog2\/wp-content\/uploads\/2024\/04\/juquehy-loft-lustre-1152x1536.jpeg 1152w, https:\/\/ninamartinelli.com.br\/blog2\/wp-content\/uploads\/2024\/04\/juquehy-loft-lustre-1536x2048.jpeg 1536w, https:\/\/ninamartinelli.com.br\/blog2\/wp-content\/uploads\/2024\/04\/juquehy-loft-lustre-1024x1365.jpeg 1024w, https:\/\/ninamartinelli.com.br\/blog2\/wp-content\/uploads\/2024\/04\/juquehy-loft-lustre-scaled.jpeg 1920w\" sizes=\"auto, (max-width: 292px) 100vw, 292px\" \/>\u00a0 \u00a0 <img loading=\"lazy\" decoding=\"async\" class=\"alignnone  wp-image-2316\" src=\"https:\/\/ninamartinelli.com.br\/blog2\/wp-content\/uploads\/2024\/04\/juquehy-loft-cozinha-225x300.jpeg\" alt=\"\" width=\"293\" height=\"391\" srcset=\"https:\/\/ninamartinelli.com.br\/blog2\/wp-content\/uploads\/2024\/04\/juquehy-loft-cozinha-225x300.jpeg 225w, https:\/\/ninamartinelli.com.br\/blog2\/wp-content\/uploads\/2024\/04\/juquehy-loft-cozinha-768x1024.jpeg 768w, https:\/\/ninamartinelli.com.br\/blog2\/wp-content\/uploads\/2024\/04\/juquehy-loft-cozinha-1152x1536.jpeg 1152w, https:\/\/ninamartinelli.com.br\/blog2\/wp-content\/uploads\/2024\/04\/juquehy-loft-cozinha-1536x2048.jpeg 1536w, https:\/\/ninamartinelli.com.br\/blog2\/wp-content\/uploads\/2024\/04\/juquehy-loft-cozinha-1024x1365.jpeg 1024w, https:\/\/ninamartinelli.com.br\/blog2\/wp-content\/uploads\/2024\/04\/juquehy-loft-cozinha-scaled.jpeg 1920w\" sizes=\"auto, (max-width: 293px) 100vw, 293px\" \/><\/p>\n<p><strong>Hospedagens de charme com produtos Nina Martinelli<\/strong><\/p>\n<p>Desta vez, para agregar beleza e pegada org\u00e2nica aos novos lofts, Thiago escolheu tr\u00eas produtos Nina Martinelli \u2013 O <a href=\"https:\/\/ninamartinelli.com.br\/produtos\/brick-allineato-algodao\/\">Brick Allineato Algod\u00e3o 7x26cm<\/a>, que ele usou para revestir e transformar uma parede em ponto focal, o <a href=\"https:\/\/ninamartinelli.com.br\/produtos\/tropicale\/\">Tropicale Paglia <\/a>organizado em telas 20x20cm e o <a href=\"https:\/\/ninamartinelli.com.br\/produtos\/muratto\/\">Muratto 30&#215;30 na cor Nero.<\/a><\/p>\n<p>O Brick Allineato Algod\u00e3o tem textura suave ao toque, trazendo a rusticidade do tijolinho com muita delicadeza e despojamento. J\u00e1 o Tropicale, tamb\u00e9m usado para destacar uma das paredes de um dos lofts, cria uma textura convidativa, org\u00e2nica e suave com seu aspecto pastilhado em diversos relevos e o Muratto que recobre paredes externas das novas unidades, brinca com o olhar com suas pe\u00e7as compostas por volumes em diversos formatos, tamanhos e profundidades. \u201cE esse tom Nero na verdade lembra um pouco o a\u00e7o Corten, na minha opini\u00e3o\u201d, comenta Thiago.<\/p>\n<p>Ele afirma que os produtos Nina Martinelli se mostram sempre escolhas certeiras nas unidades que vem construindo. \u201cTemos acabamentos da Nina em todas as nossas unidades. S\u00e3o sete at\u00e9 o momento. Eles s\u00e3o lindos, funcionam como grandes atrativos para nossa hospedagem. Quem v\u00ea os lofts com esses e outros acabamentos com tanta qualidade acaba se sentindo motivado a fazer reservas conosco\u201d, comemora ele, que pretende construir mais tr\u00eas lofts e uma piscina. \u201cE usaremos produtos da Nina prev\u00ea\u201d.<\/p>\n<p>Os acabamentos utilizados por Thiago foram adquiridos na revenda parceira que o acompanha h\u00e1 anos, a <a href=\"https:\/\/www.instagram.com\/fredrevestimentos_\/\">Fred Revestimentos, de S\u00e3o Sebasti\u00e3o.<\/a><\/p>\n<p>&nbsp;<\/p>\n<p><strong>Servi\u00e7o:<\/strong><\/p>\n<p><strong>Hospedagens de charme \u2013 novas unidades do <a href=\"https:\/\/www.instagram.com\/juquehyloft\/\">Juquehy Loft<\/a> em S\u00e3o Sebasti\u00e3o-SP<\/strong><\/p>\n<p><strong>Produtos: <\/strong><\/p>\n<p>Brick Allineato Algod\u00e3o 7x26cm<\/p>\n<p>Tropicale Paglia \u2013 20x20cm<\/p>\n<p>Muratto Nero \u2013 30&#215;30 cm<\/p>\n<p><strong>Projeto \u2013 <\/strong><a href=\"https:\/\/www.instagram.com\/cco_arquitetura\/\">Carla Cristina Orlando \u2013 CCO Arquitetura<\/a><\/p>\n<p><strong>Execu\u00e7\u00e3o \u2013 <\/strong>Thiago Camar\u00e3o<\/p>\n<p><strong>Fotos:<\/strong> Acervo &#8211; Thiago Camar\u00e3o<\/p>\n<p><strong>Revenda parceira: <\/strong><a href=\"https:\/\/www.instagram.com\/fredrevestimentos_\/\">Fred Revestimentos \u2013 S\u00e3o Sebasti\u00e3o.<\/a><\/p>\n","protected":false},"excerpt":{"rendered":"<p>Hospedagens de charme \u2013 O surfista Thiago Camar\u00e3o, conhecido no universo dessa modalidade esportiva e<\/p>\n","protected":false},"author":2,"featured_media":2311,"comment_status":"open","ping_status":"open","sticky":false,"template":"","format":"standard","meta":{"footnotes":""},"categories":[59,60,1,26,129],"tags":[72,39,36,45,46,131,63],"class_list":["post-2310","post","type-post","status-publish","format-standard","has-post-thumbnail","hentry","category-ceramica","category-cimento","category-nina-martinelli","category-revestimentos","category-sustentabilidade","tag-apartamento","tag-area-externa","tag-brick","tag-ceramica","tag-revestimento","tag-sustentabilidade","tag-tijolinho"],"yoast_head":"<!-- This site is optimized with the Yoast SEO plugin v26.8 - https:\/\/yoast.com\/product\/yoast-seo-wordpress\/ -->\n<title>Hospedagens de charme \u2013 Thiago Camar\u00e3o amplia seus lofts na praia do Juquehy com rusticidade, eleg\u00e2ncia e produtos Nina Martinelli<\/title>\n<meta name=\"description\" content=\"Hospedagens de charme - Conhe\u00e7a as mais novas unidades do Juquehy Loft no litoral norte de S\u00e3o Paulo, onde tr\u00eas produtos Nina foram usados\" \/>\n<meta name=\"robots\" content=\"index, follow, max-snippet:-1, max-image-preview:large, max-video-preview:-1\" \/>\n<link rel=\"canonical\" href=\"https:\/\/ninamartinelli.com.br\/blog2\/hospedagens-de-charme-thiago-camarao-amplia-seus-lofts-na-praia-de-juquehy-com-rusticidade-elegancia-e-produtos-nina-martinelli\/\" \/>\n<meta property=\"og:locale\" content=\"pt_BR\" \/>\n<meta property=\"og:type\" content=\"article\" \/>\n<meta property=\"og:title\" content=\"Hospedagens de charme \u2013 Thiago Camar\u00e3o amplia seus lofts na praia do Juquehy com rusticidade, eleg\u00e2ncia e produtos Nina Martinelli\" \/>\n<meta property=\"og:description\" content=\"Hospedagens de charme - Conhe\u00e7a as mais novas unidades do Juquehy Loft no litoral norte de S\u00e3o Paulo, onde tr\u00eas produtos Nina foram usados\" \/>\n<meta property=\"og:url\" content=\"https:\/\/ninamartinelli.com.br\/blog2\/hospedagens-de-charme-thiago-camarao-amplia-seus-lofts-na-praia-de-juquehy-com-rusticidade-elegancia-e-produtos-nina-martinelli\/\" \/>\n<meta property=\"og:site_name\" content=\"Blog Nina\" \/>\n<meta property=\"article:published_time\" content=\"2024-04-10T12:10:26+00:00\" \/>\n<meta property=\"og:image\" content=\"https:\/\/ninamartinelli.com.br\/blog2\/wp-content\/uploads\/2024\/04\/juquehy-loft-tropicale-capa-scaled.jpeg\" \/>\n\t<meta property=\"og:image:width\" content=\"2560\" \/>\n\t<meta property=\"og:image:height\" content=\"2261\" \/>\n\t<meta property=\"og:image:type\" content=\"image\/jpeg\" \/>\n<meta name=\"author\" content=\"Ana Maria Devides\" \/>\n<meta name=\"twitter:card\" content=\"summary_large_image\" \/>\n<meta name=\"twitter:label1\" content=\"Escrito por\" \/>\n\t<meta name=\"twitter:data1\" content=\"Ana Maria Devides\" \/>\n\t<meta name=\"twitter:label2\" content=\"Est. tempo de leitura\" \/>\n\t<meta name=\"twitter:data2\" content=\"5 minutos\" \/>\n<script type=\"application\/ld+json\" class=\"yoast-schema-graph\">{\"@context\":\"https:\/\/schema.org\",\"@graph\":[{\"@type\":\"Article\",\"@id\":\"https:\/\/ninamartinelli.com.br\/blog2\/hospedagens-de-charme-thiago-camarao-amplia-seus-lofts-na-praia-de-juquehy-com-rusticidade-elegancia-e-produtos-nina-martinelli\/#article\",\"isPartOf\":{\"@id\":\"https:\/\/ninamartinelli.com.br\/blog2\/hospedagens-de-charme-thiago-camarao-amplia-seus-lofts-na-praia-de-juquehy-com-rusticidade-elegancia-e-produtos-nina-martinelli\/\"},\"author\":{\"name\":\"Ana Maria Devides\",\"@id\":\"https:\/\/ninamartinelli.com.br\/blog2\/#\/schema\/person\/43fbfb1d4cbe3b472995206b2bb06df5\"},\"headline\":\"Hospedagens de charme \u2013 Thiago Camar\u00e3o amplia seus lofts na praia de Juquehy com rusticidade, eleg\u00e2ncia e produtos Nina Martinelli\",\"datePublished\":\"2024-04-10T12:10:26+00:00\",\"mainEntityOfPage\":{\"@id\":\"https:\/\/ninamartinelli.com.br\/blog2\/hospedagens-de-charme-thiago-camarao-amplia-seus-lofts-na-praia-de-juquehy-com-rusticidade-elegancia-e-produtos-nina-martinelli\/\"},\"wordCount\":657,\"commentCount\":0,\"publisher\":{\"@id\":\"https:\/\/ninamartinelli.com.br\/blog2\/#organization\"},\"image\":{\"@id\":\"https:\/\/ninamartinelli.com.br\/blog2\/hospedagens-de-charme-thiago-camarao-amplia-seus-lofts-na-praia-de-juquehy-com-rusticidade-elegancia-e-produtos-nina-martinelli\/#primaryimage\"},\"thumbnailUrl\":\"https:\/\/ninamartinelli.com.br\/blog2\/wp-content\/uploads\/2024\/04\/juquehy-loft-tropicale-capa-scaled.jpeg\",\"keywords\":[\"apartamento\",\"area externa\",\"brick\",\"ceramica\",\"revestimento\",\"Sustentabilidade\",\"tijolinho\"],\"articleSection\":[\"Cer\u00e2mica\",\"Cimento\",\"Nina Martinelli\",\"Revestimentos\",\"Sustentabilidade\"],\"inLanguage\":\"pt-BR\",\"potentialAction\":[{\"@type\":\"CommentAction\",\"name\":\"Comment\",\"target\":[\"https:\/\/ninamartinelli.com.br\/blog2\/hospedagens-de-charme-thiago-camarao-amplia-seus-lofts-na-praia-de-juquehy-com-rusticidade-elegancia-e-produtos-nina-martinelli\/#respond\"]}]},{\"@type\":\"WebPage\",\"@id\":\"https:\/\/ninamartinelli.com.br\/blog2\/hospedagens-de-charme-thiago-camarao-amplia-seus-lofts-na-praia-de-juquehy-com-rusticidade-elegancia-e-produtos-nina-martinelli\/\",\"url\":\"https:\/\/ninamartinelli.com.br\/blog2\/hospedagens-de-charme-thiago-camarao-amplia-seus-lofts-na-praia-de-juquehy-com-rusticidade-elegancia-e-produtos-nina-martinelli\/\",\"name\":\"Hospedagens de charme \u2013 Thiago Camar\u00e3o amplia seus lofts na praia do Juquehy com rusticidade, eleg\u00e2ncia e produtos Nina Martinelli\",\"isPartOf\":{\"@id\":\"https:\/\/ninamartinelli.com.br\/blog2\/#website\"},\"primaryImageOfPage\":{\"@id\":\"https:\/\/ninamartinelli.com.br\/blog2\/hospedagens-de-charme-thiago-camarao-amplia-seus-lofts-na-praia-de-juquehy-com-rusticidade-elegancia-e-produtos-nina-martinelli\/#primaryimage\"},\"image\":{\"@id\":\"https:\/\/ninamartinelli.com.br\/blog2\/hospedagens-de-charme-thiago-camarao-amplia-seus-lofts-na-praia-de-juquehy-com-rusticidade-elegancia-e-produtos-nina-martinelli\/#primaryimage\"},\"thumbnailUrl\":\"https:\/\/ninamartinelli.com.br\/blog2\/wp-content\/uploads\/2024\/04\/juquehy-loft-tropicale-capa-scaled.jpeg\",\"datePublished\":\"2024-04-10T12:10:26+00:00\",\"description\":\"Hospedagens de charme - Conhe\u00e7a as mais novas unidades do Juquehy Loft no litoral norte de S\u00e3o Paulo, onde tr\u00eas produtos Nina foram usados\",\"breadcrumb\":{\"@id\":\"https:\/\/ninamartinelli.com.br\/blog2\/hospedagens-de-charme-thiago-camarao-amplia-seus-lofts-na-praia-de-juquehy-com-rusticidade-elegancia-e-produtos-nina-martinelli\/#breadcrumb\"},\"inLanguage\":\"pt-BR\",\"potentialAction\":[{\"@type\":\"ReadAction\",\"target\":[\"https:\/\/ninamartinelli.com.br\/blog2\/hospedagens-de-charme-thiago-camarao-amplia-seus-lofts-na-praia-de-juquehy-com-rusticidade-elegancia-e-produtos-nina-martinelli\/\"]}]},{\"@type\":\"ImageObject\",\"inLanguage\":\"pt-BR\",\"@id\":\"https:\/\/ninamartinelli.com.br\/blog2\/hospedagens-de-charme-thiago-camarao-amplia-seus-lofts-na-praia-de-juquehy-com-rusticidade-elegancia-e-produtos-nina-martinelli\/#primaryimage\",\"url\":\"https:\/\/ninamartinelli.com.br\/blog2\/wp-content\/uploads\/2024\/04\/juquehy-loft-tropicale-capa-scaled.jpeg\",\"contentUrl\":\"https:\/\/ninamartinelli.com.br\/blog2\/wp-content\/uploads\/2024\/04\/juquehy-loft-tropicale-capa-scaled.jpeg\",\"width\":2560,\"height\":2261},{\"@type\":\"BreadcrumbList\",\"@id\":\"https:\/\/ninamartinelli.com.br\/blog2\/hospedagens-de-charme-thiago-camarao-amplia-seus-lofts-na-praia-de-juquehy-com-rusticidade-elegancia-e-produtos-nina-martinelli\/#breadcrumb\",\"itemListElement\":[{\"@type\":\"ListItem\",\"position\":1,\"name\":\"In\u00edcio\",\"item\":\"https:\/\/ninamartinelli.com.br\/blog2\/\"},{\"@type\":\"ListItem\",\"position\":2,\"name\":\"Hospedagens de charme \u2013 Thiago Camar\u00e3o amplia seus lofts na praia de Juquehy com rusticidade, eleg\u00e2ncia e produtos Nina Martinelli\"}]},{\"@type\":\"WebSite\",\"@id\":\"https:\/\/ninamartinelli.com.br\/blog2\/#website\",\"url\":\"https:\/\/ninamartinelli.com.br\/blog2\/\",\"name\":\"Nina Martinelli\",\"description\":\"#Nina_Martinelli\",\"publisher\":{\"@id\":\"https:\/\/ninamartinelli.com.br\/blog2\/#organization\"},\"potentialAction\":[{\"@type\":\"SearchAction\",\"target\":{\"@type\":\"EntryPoint\",\"urlTemplate\":\"https:\/\/ninamartinelli.com.br\/blog2\/?s={search_term_string}\"},\"query-input\":{\"@type\":\"PropertyValueSpecification\",\"valueRequired\":true,\"valueName\":\"search_term_string\"}}],\"inLanguage\":\"pt-BR\"},{\"@type\":\"Organization\",\"@id\":\"https:\/\/ninamartinelli.com.br\/blog2\/#organization\",\"name\":\"Blog Novidades\",\"url\":\"https:\/\/ninamartinelli.com.br\/blog2\/\",\"logo\":{\"@type\":\"ImageObject\",\"inLanguage\":\"pt-BR\",\"@id\":\"https:\/\/ninamartinelli.com.br\/blog2\/#\/schema\/logo\/image\/\",\"url\":\"http:\/\/blog.ninamartinelli.com.br\/wp-content\/uploads\/2022\/03\/logo_nina_blog.png\",\"contentUrl\":\"http:\/\/blog.ninamartinelli.com.br\/wp-content\/uploads\/2022\/03\/logo_nina_blog.png\",\"width\":500,\"height\":104,\"caption\":\"Blog Novidades\"},\"image\":{\"@id\":\"https:\/\/ninamartinelli.com.br\/blog2\/#\/schema\/logo\/image\/\"}},{\"@type\":\"Person\",\"@id\":\"https:\/\/ninamartinelli.com.br\/blog2\/#\/schema\/person\/43fbfb1d4cbe3b472995206b2bb06df5\",\"name\":\"Ana Maria Devides\",\"image\":{\"@type\":\"ImageObject\",\"inLanguage\":\"pt-BR\",\"@id\":\"https:\/\/ninamartinelli.com.br\/blog2\/#\/schema\/person\/image\/\",\"url\":\"https:\/\/secure.gravatar.com\/avatar\/a03a82675d8bb3da8e5c5a6872db97be?s=96&d=mm&r=g\",\"contentUrl\":\"https:\/\/secure.gravatar.com\/avatar\/a03a82675d8bb3da8e5c5a6872db97be?s=96&d=mm&r=g\",\"caption\":\"Ana Maria Devides\"},\"url\":\"https:\/\/ninamartinelli.com.br\/blog2\/author\/assessoria-nina-martinelli\/\"}]}<\/script>\n<!-- \/ Yoast SEO plugin. -->","yoast_head_json":{"title":"Hospedagens de charme \u2013 Thiago Camar\u00e3o amplia seus lofts na praia do Juquehy com rusticidade, eleg\u00e2ncia e produtos Nina Martinelli","description":"Hospedagens de charme - Conhe\u00e7a as mais novas unidades do Juquehy Loft no litoral norte de S\u00e3o Paulo, onde tr\u00eas produtos Nina foram usados","robots":{"index":"index","follow":"follow","max-snippet":"max-snippet:-1","max-image-preview":"max-image-preview:large","max-video-preview":"max-video-preview:-1"},"canonical":"https:\/\/ninamartinelli.com.br\/blog2\/hospedagens-de-charme-thiago-camarao-amplia-seus-lofts-na-praia-de-juquehy-com-rusticidade-elegancia-e-produtos-nina-martinelli\/","og_locale":"pt_BR","og_type":"article","og_title":"Hospedagens de charme \u2013 Thiago Camar\u00e3o amplia seus lofts na praia do Juquehy com rusticidade, eleg\u00e2ncia e produtos Nina Martinelli","og_description":"Hospedagens de charme - Conhe\u00e7a as mais novas unidades do Juquehy Loft no litoral norte de S\u00e3o Paulo, onde tr\u00eas produtos Nina foram usados","og_url":"https:\/\/ninamartinelli.com.br\/blog2\/hospedagens-de-charme-thiago-camarao-amplia-seus-lofts-na-praia-de-juquehy-com-rusticidade-elegancia-e-produtos-nina-martinelli\/","og_site_name":"Blog Nina","article_published_time":"2024-04-10T12:10:26+00:00","og_image":[{"width":2560,"height":2261,"url":"https:\/\/ninamartinelli.com.br\/blog2\/wp-content\/uploads\/2024\/04\/juquehy-loft-tropicale-capa-scaled.jpeg","type":"image\/jpeg"}],"author":"Ana Maria Devides","twitter_card":"summary_large_image","twitter_misc":{"Escrito por":"Ana Maria Devides","Est. tempo de leitura":"5 minutos"},"schema":{"@context":"https:\/\/schema.org","@graph":[{"@type":"Article","@id":"https:\/\/ninamartinelli.com.br\/blog2\/hospedagens-de-charme-thiago-camarao-amplia-seus-lofts-na-praia-de-juquehy-com-rusticidade-elegancia-e-produtos-nina-martinelli\/#article","isPartOf":{"@id":"https:\/\/ninamartinelli.com.br\/blog2\/hospedagens-de-charme-thiago-camarao-amplia-seus-lofts-na-praia-de-juquehy-com-rusticidade-elegancia-e-produtos-nina-martinelli\/"},"author":{"name":"Ana Maria Devides","@id":"https:\/\/ninamartinelli.com.br\/blog2\/#\/schema\/person\/43fbfb1d4cbe3b472995206b2bb06df5"},"headline":"Hospedagens de charme \u2013 Thiago Camar\u00e3o amplia seus lofts na praia de Juquehy com rusticidade, eleg\u00e2ncia e produtos Nina Martinelli","datePublished":"2024-04-10T12:10:26+00:00","mainEntityOfPage":{"@id":"https:\/\/ninamartinelli.com.br\/blog2\/hospedagens-de-charme-thiago-camarao-amplia-seus-lofts-na-praia-de-juquehy-com-rusticidade-elegancia-e-produtos-nina-martinelli\/"},"wordCount":657,"commentCount":0,"publisher":{"@id":"https:\/\/ninamartinelli.com.br\/blog2\/#organization"},"image":{"@id":"https:\/\/ninamartinelli.com.br\/blog2\/hospedagens-de-charme-thiago-camarao-amplia-seus-lofts-na-praia-de-juquehy-com-rusticidade-elegancia-e-produtos-nina-martinelli\/#primaryimage"},"thumbnailUrl":"https:\/\/ninamartinelli.com.br\/blog2\/wp-content\/uploads\/2024\/04\/juquehy-loft-tropicale-capa-scaled.jpeg","keywords":["apartamento","area externa","brick","ceramica","revestimento","Sustentabilidade","tijolinho"],"articleSection":["Cer\u00e2mica","Cimento","Nina Martinelli","Revestimentos","Sustentabilidade"],"inLanguage":"pt-BR","potentialAction":[{"@type":"CommentAction","name":"Comment","target":["https:\/\/ninamartinelli.com.br\/blog2\/hospedagens-de-charme-thiago-camarao-amplia-seus-lofts-na-praia-de-juquehy-com-rusticidade-elegancia-e-produtos-nina-martinelli\/#respond"]}]},{"@type":"WebPage","@id":"https:\/\/ninamartinelli.com.br\/blog2\/hospedagens-de-charme-thiago-camarao-amplia-seus-lofts-na-praia-de-juquehy-com-rusticidade-elegancia-e-produtos-nina-martinelli\/","url":"https:\/\/ninamartinelli.com.br\/blog2\/hospedagens-de-charme-thiago-camarao-amplia-seus-lofts-na-praia-de-juquehy-com-rusticidade-elegancia-e-produtos-nina-martinelli\/","name":"Hospedagens de charme \u2013 Thiago Camar\u00e3o amplia seus lofts na praia do Juquehy com rusticidade, eleg\u00e2ncia e produtos Nina Martinelli","isPartOf":{"@id":"https:\/\/ninamartinelli.com.br\/blog2\/#website"},"primaryImageOfPage":{"@id":"https:\/\/ninamartinelli.com.br\/blog2\/hospedagens-de-charme-thiago-camarao-amplia-seus-lofts-na-praia-de-juquehy-com-rusticidade-elegancia-e-produtos-nina-martinelli\/#primaryimage"},"image":{"@id":"https:\/\/ninamartinelli.com.br\/blog2\/hospedagens-de-charme-thiago-camarao-amplia-seus-lofts-na-praia-de-juquehy-com-rusticidade-elegancia-e-produtos-nina-martinelli\/#primaryimage"},"thumbnailUrl":"https:\/\/ninamartinelli.com.br\/blog2\/wp-content\/uploads\/2024\/04\/juquehy-loft-tropicale-capa-scaled.jpeg","datePublished":"2024-04-10T12:10:26+00:00","description":"Hospedagens de charme - Conhe\u00e7a as mais novas unidades do Juquehy Loft no litoral norte de S\u00e3o Paulo, onde tr\u00eas produtos Nina foram usados","breadcrumb":{"@id":"https:\/\/ninamartinelli.com.br\/blog2\/hospedagens-de-charme-thiago-camarao-amplia-seus-lofts-na-praia-de-juquehy-com-rusticidade-elegancia-e-produtos-nina-martinelli\/#breadcrumb"},"inLanguage":"pt-BR","potentialAction":[{"@type":"ReadAction","target":["https:\/\/ninamartinelli.com.br\/blog2\/hospedagens-de-charme-thiago-camarao-amplia-seus-lofts-na-praia-de-juquehy-com-rusticidade-elegancia-e-produtos-nina-martinelli\/"]}]},{"@type":"ImageObject","inLanguage":"pt-BR","@id":"https:\/\/ninamartinelli.com.br\/blog2\/hospedagens-de-charme-thiago-camarao-amplia-seus-lofts-na-praia-de-juquehy-com-rusticidade-elegancia-e-produtos-nina-martinelli\/#primaryimage","url":"https:\/\/ninamartinelli.com.br\/blog2\/wp-content\/uploads\/2024\/04\/juquehy-loft-tropicale-capa-scaled.jpeg","contentUrl":"https:\/\/ninamartinelli.com.br\/blog2\/wp-content\/uploads\/2024\/04\/juquehy-loft-tropicale-capa-scaled.jpeg","width":2560,"height":2261},{"@type":"BreadcrumbList","@id":"https:\/\/ninamartinelli.com.br\/blog2\/hospedagens-de-charme-thiago-camarao-amplia-seus-lofts-na-praia-de-juquehy-com-rusticidade-elegancia-e-produtos-nina-martinelli\/#breadcrumb","itemListElement":[{"@type":"ListItem","position":1,"name":"In\u00edcio","item":"https:\/\/ninamartinelli.com.br\/blog2\/"},{"@type":"ListItem","position":2,"name":"Hospedagens de charme \u2013 Thiago Camar\u00e3o amplia seus lofts na praia de Juquehy com rusticidade, eleg\u00e2ncia e produtos Nina Martinelli"}]},{"@type":"WebSite","@id":"https:\/\/ninamartinelli.com.br\/blog2\/#website","url":"https:\/\/ninamartinelli.com.br\/blog2\/","name":"Nina Martinelli","description":"#Nina_Martinelli","publisher":{"@id":"https:\/\/ninamartinelli.com.br\/blog2\/#organization"},"potentialAction":[{"@type":"SearchAction","target":{"@type":"EntryPoint","urlTemplate":"https:\/\/ninamartinelli.com.br\/blog2\/?s={search_term_string}"},"query-input":{"@type":"PropertyValueSpecification","valueRequired":true,"valueName":"search_term_string"}}],"inLanguage":"pt-BR"},{"@type":"Organization","@id":"https:\/\/ninamartinelli.com.br\/blog2\/#organization","name":"Blog Novidades","url":"https:\/\/ninamartinelli.com.br\/blog2\/","logo":{"@type":"ImageObject","inLanguage":"pt-BR","@id":"https:\/\/ninamartinelli.com.br\/blog2\/#\/schema\/logo\/image\/","url":"http:\/\/blog.ninamartinelli.com.br\/wp-content\/uploads\/2022\/03\/logo_nina_blog.png","contentUrl":"http:\/\/blog.ninamartinelli.com.br\/wp-content\/uploads\/2022\/03\/logo_nina_blog.png","width":500,"height":104,"caption":"Blog Novidades"},"image":{"@id":"https:\/\/ninamartinelli.com.br\/blog2\/#\/schema\/logo\/image\/"}},{"@type":"Person","@id":"https:\/\/ninamartinelli.com.br\/blog2\/#\/schema\/person\/43fbfb1d4cbe3b472995206b2bb06df5","name":"Ana Maria Devides","image":{"@type":"ImageObject","inLanguage":"pt-BR","@id":"https:\/\/ninamartinelli.com.br\/blog2\/#\/schema\/person\/image\/","url":"https:\/\/secure.gravatar.com\/avatar\/a03a82675d8bb3da8e5c5a6872db97be?s=96&d=mm&r=g","contentUrl":"https:\/\/secure.gravatar.com\/avatar\/a03a82675d8bb3da8e5c5a6872db97be?s=96&d=mm&r=g","caption":"Ana Maria Devides"},"url":"https:\/\/ninamartinelli.com.br\/blog2\/author\/assessoria-nina-martinelli\/"}]}},"_links":{"self":[{"href":"https:\/\/ninamartinelli.com.br\/blog2\/wp-json\/wp\/v2\/posts\/2310","targetHints":{"allow":["GET"]}}],"collection":[{"href":"https:\/\/ninamartinelli.com.br\/blog2\/wp-json\/wp\/v2\/posts"}],"about":[{"href":"https:\/\/ninamartinelli.com.br\/blog2\/wp-json\/wp\/v2\/types\/post"}],"author":[{"embeddable":true,"href":"https:\/\/ninamartinelli.com.br\/blog2\/wp-json\/wp\/v2\/users\/2"}],"replies":[{"embeddable":true,"href":"https:\/\/ninamartinelli.com.br\/blog2\/wp-json\/wp\/v2\/comments?post=2310"}],"version-history":[{"count":3,"href":"https:\/\/ninamartinelli.com.br\/blog2\/wp-json\/wp\/v2\/posts\/2310\/revisions"}],"predecessor-version":[{"id":2319,"href":"https:\/\/ninamartinelli.com.br\/blog2\/wp-json\/wp\/v2\/posts\/2310\/revisions\/2319"}],"wp:featuredmedia":[{"embeddable":true,"href":"https:\/\/ninamartinelli.com.br\/blog2\/wp-json\/wp\/v2\/media\/2311"}],"wp:attachment":[{"href":"https:\/\/ninamartinelli.com.br\/blog2\/wp-json\/wp\/v2\/media?parent=2310"}],"wp:term":[{"taxonomy":"category","embeddable":true,"href":"https:\/\/ninamartinelli.com.br\/blog2\/wp-json\/wp\/v2\/categories?post=2310"},{"taxonomy":"post_tag","embeddable":true,"href":"https:\/\/ninamartinelli.com.br\/blog2\/wp-json\/wp\/v2\/tags?post=2310"}],"curies":[{"name":"wp","href":"https:\/\/api.w.org\/{rel}","templated":true}]}}