{"id":2291,"date":"2024-03-27T08:10:11","date_gmt":"2024-03-27T11:10:11","guid":{"rendered":"https:\/\/ninamartinelli.com.br\/blog2\/?p=2291"},"modified":"2024-03-27T08:10:11","modified_gmt":"2024-03-27T11:10:11","slug":"expo-revestir-2024-nina-martinelli-fecha-participacao-no-evento-com-chave-de-ouro","status":"publish","type":"post","link":"https:\/\/ninamartinelli.com.br\/blog2\/expo-revestir-2024-nina-martinelli-fecha-participacao-no-evento-com-chave-de-ouro\/","title":{"rendered":"Expo Revestir 2024 \u2013 Nina Martinelli fecha participa\u00e7\u00e3o no evento com chave de ouro"},"content":{"rendered":"<p><a href=\"https:\/\/www.exporevestir.com.br\/\">Expo Revestir 2024<\/a>, a Nina Martinelli fez bonito e encerrou sua participa\u00e7\u00e3o no evento com chave de ouro. \u201cA feira foi um sucesso\u201d, classifica Jos\u00e9 Renato Videira, s\u00f3cio fundador e diretor da empresa. \u201c<em>Atendemos arquitetos, decoradores, paisagistas, propriet\u00e1rios de lojas, construtoras, estudantes da \u00e1rea e visitantes estrangeiros de v\u00e1rias partes do mundo\u201d<\/em>, comemora ele.<\/p>\n<p><img loading=\"lazy\" decoding=\"async\" class=\"size-medium wp-image-2294 alignleft\" src=\"https:\/\/ninamartinelli.com.br\/blog2\/wp-content\/uploads\/2024\/03\/Revestir-estande-vista-geral-vazio-240x300.jpeg\" alt=\"\" width=\"240\" height=\"300\" srcset=\"https:\/\/ninamartinelli.com.br\/blog2\/wp-content\/uploads\/2024\/03\/Revestir-estande-vista-geral-vazio-240x300.jpeg 240w, https:\/\/ninamartinelli.com.br\/blog2\/wp-content\/uploads\/2024\/03\/Revestir-estande-vista-geral-vazio-819x1024.jpeg 819w, https:\/\/ninamartinelli.com.br\/blog2\/wp-content\/uploads\/2024\/03\/Revestir-estande-vista-geral-vazio-768x960.jpeg 768w, https:\/\/ninamartinelli.com.br\/blog2\/wp-content\/uploads\/2024\/03\/Revestir-estande-vista-geral-vazio-1024x1280.jpeg 1024w, https:\/\/ninamartinelli.com.br\/blog2\/wp-content\/uploads\/2024\/03\/Revestir-estande-vista-geral-vazio.jpeg 1080w\" sizes=\"auto, (max-width: 240px) 100vw, 240px\" \/><\/p>\n<p>O estande da Nina, que este ano teve uma proposta diferente, reproduzindo v\u00e1rios ambientes \u201creais\u201d, como cozinha, sala de TV, bar, ducha, entre outros, e apresentou sua nova cole\u00e7\u00e3o <a href=\"https:\/\/ninamartinelli.com.br\/lancamentos\/\">Simmetria<\/a>, com foco em formatos inovadores e ousados, mas, tamb\u00e9m, explorando a simplicidade e a nobreza dos materiais.<\/p>\n<p>Lotado nos quatro dias do evento, ou seja, de 19 a 22 de mar\u00e7o, o estande atraiu muitos olhares dos especificadores. <em>\u201cNosso estande foi muito elogiado. Todos os ambientes, tend\u00eancias, cores dos produtos\u201d<\/em>, enumera Videira.<\/p>\n<p>Entre os especificadores que passaram pelo local est\u00e1 o arquiteto Everton Pereira, de Len\u00e7\u00f3is Paulista, interior de S\u00e3o Paulo. Ele disse ter aprovado tudo o que viu. <em>\u201cO estande estava bem lotado, mas consegui ver tudo, j\u00e1 sei at\u00e9 onde usar os produtos apresentados. Gostei muito dos lan\u00e7amentos em cer\u00e2mica na cor natural, muito interessante!\u201d<\/em>, disse ele.<\/p>\n<p>Esta edi\u00e7\u00e3o da feira foi especial, segundo os organizadores. De acordo com a organiza\u00e7\u00e3o, a grande qualifica\u00e7\u00e3o de p\u00fablico deu-se pelo aumento no n\u00famero de revendas, construtoras e representantes.<\/p>\n<p><img loading=\"lazy\" decoding=\"async\" class=\"wp-image-2295 aligncenter\" src=\"https:\/\/ninamartinelli.com.br\/blog2\/wp-content\/uploads\/2024\/03\/Revestir-2024-estande-equipe-300x196.jpeg\" alt=\"\" width=\"464\" height=\"303\" srcset=\"https:\/\/ninamartinelli.com.br\/blog2\/wp-content\/uploads\/2024\/03\/Revestir-2024-estande-equipe-300x196.jpeg 300w, https:\/\/ninamartinelli.com.br\/blog2\/wp-content\/uploads\/2024\/03\/Revestir-2024-estande-equipe-1024x669.jpeg 1024w, https:\/\/ninamartinelli.com.br\/blog2\/wp-content\/uploads\/2024\/03\/Revestir-2024-estande-equipe-768x502.jpeg 768w, https:\/\/ninamartinelli.com.br\/blog2\/wp-content\/uploads\/2024\/03\/Revestir-2024-estande-equipe.jpeg 1280w\" sizes=\"auto, (max-width: 464px) 100vw, 464px\" \/><\/p>\n<p>Com amplo apoio da Apex Brasil (Ag\u00eancia Brasileira de Promo\u00e7\u00e3o de Exporta\u00e7\u00f5es e Investimentos) e foco no fomento das exporta\u00e7\u00f5es, a Expo Revestir 2024 recebeu o primeiro Exporta Mais do ano, refor\u00e7ando a sua representatividade no cen\u00e1rio brasileiro e internacional.<\/p>\n<p>Mais de 1300 visitantes internacionais estiveram no evento, provenientes de 80 pa\u00edses, de todos os continentes.<\/p>\n<p>Os 65 mil metros quadrados, que reuniram mais de 300 marcas expositoras, tamb\u00e9m promoveram o networking entre especificadores, consolidando, mais uma vez, a Expo Revestir como o maior evento de revestimentos e acabamentos da Am\u00e9rica Latina.<\/p>\n<p>&nbsp;<\/p>\n","protected":false},"excerpt":{"rendered":"<p>Expo Revestir 2024, a Nina Martinelli fez bonito e encerrou sua participa\u00e7\u00e3o no evento com<\/p>\n","protected":false},"author":2,"featured_media":2292,"comment_status":"open","ping_status":"open","sticky":false,"template":"","format":"standard","meta":{"footnotes":""},"categories":[48,165,19,1],"tags":[98,100],"class_list":["post-2291","post","type-post","status-publish","format-standard","has-post-thumbnail","hentry","category-expo-revestir","category-lancamentos-2024","category-mostras-e-eventos","category-nina-martinelli","tag-expo-revestir","tag-lancamentos"],"yoast_head":"<!-- This site is optimized with the Yoast SEO plugin v26.8 - https:\/\/yoast.com\/product\/yoast-seo-wordpress\/ -->\n<title>Expo Revestir 2024 \u2013 Nina Martinelli fecha participa\u00e7\u00e3o no evento com chave de ouro<\/title>\n<meta name=\"description\" content=\"Expo Revestir 2024 - O balan\u00e7o final da participa\u00e7\u00e3o da Nina Martinelli neste grande evento n\u00e3o poderia ser mais positivo! Confira!\" \/>\n<meta name=\"robots\" content=\"index, follow, max-snippet:-1, max-image-preview:large, max-video-preview:-1\" \/>\n<link rel=\"canonical\" href=\"https:\/\/ninamartinelli.com.br\/blog2\/expo-revestir-2024-nina-martinelli-fecha-participacao-no-evento-com-chave-de-ouro\/\" \/>\n<meta property=\"og:locale\" content=\"pt_BR\" \/>\n<meta property=\"og:type\" content=\"article\" \/>\n<meta property=\"og:title\" content=\"Expo Revestir 2024 \u2013 Nina Martinelli fecha participa\u00e7\u00e3o no evento com chave de ouro\" \/>\n<meta property=\"og:description\" content=\"Expo Revestir 2024 - O balan\u00e7o final da participa\u00e7\u00e3o da Nina Martinelli neste grande evento n\u00e3o poderia ser mais positivo! Confira!\" \/>\n<meta property=\"og:url\" content=\"https:\/\/ninamartinelli.com.br\/blog2\/expo-revestir-2024-nina-martinelli-fecha-participacao-no-evento-com-chave-de-ouro\/\" \/>\n<meta property=\"og:site_name\" content=\"Blog Nina\" \/>\n<meta property=\"article:published_time\" content=\"2024-03-27T11:10:11+00:00\" \/>\n<meta property=\"og:image\" content=\"https:\/\/ninamartinelli.com.br\/blog2\/wp-content\/uploads\/2024\/03\/Revestir-2024-estande-publico-esta.jpeg\" \/>\n\t<meta property=\"og:image:width\" content=\"1280\" \/>\n\t<meta property=\"og:image:height\" content=\"854\" \/>\n\t<meta property=\"og:image:type\" content=\"image\/jpeg\" \/>\n<meta name=\"author\" content=\"Ana Maria Devides\" \/>\n<meta name=\"twitter:card\" content=\"summary_large_image\" \/>\n<meta name=\"twitter:label1\" content=\"Escrito por\" \/>\n\t<meta name=\"twitter:data1\" content=\"Ana Maria Devides\" \/>\n\t<meta name=\"twitter:label2\" content=\"Est. tempo de leitura\" \/>\n\t<meta name=\"twitter:data2\" content=\"3 minutos\" \/>\n<script type=\"application\/ld+json\" class=\"yoast-schema-graph\">{\"@context\":\"https:\/\/schema.org\",\"@graph\":[{\"@type\":\"Article\",\"@id\":\"https:\/\/ninamartinelli.com.br\/blog2\/expo-revestir-2024-nina-martinelli-fecha-participacao-no-evento-com-chave-de-ouro\/#article\",\"isPartOf\":{\"@id\":\"https:\/\/ninamartinelli.com.br\/blog2\/expo-revestir-2024-nina-martinelli-fecha-participacao-no-evento-com-chave-de-ouro\/\"},\"author\":{\"name\":\"Ana Maria Devides\",\"@id\":\"https:\/\/ninamartinelli.com.br\/blog2\/#\/schema\/person\/43fbfb1d4cbe3b472995206b2bb06df5\"},\"headline\":\"Expo Revestir 2024 \u2013 Nina Martinelli fecha participa\u00e7\u00e3o no evento com chave de ouro\",\"datePublished\":\"2024-03-27T11:10:11+00:00\",\"mainEntityOfPage\":{\"@id\":\"https:\/\/ninamartinelli.com.br\/blog2\/expo-revestir-2024-nina-martinelli-fecha-participacao-no-evento-com-chave-de-ouro\/\"},\"wordCount\":347,\"commentCount\":0,\"publisher\":{\"@id\":\"https:\/\/ninamartinelli.com.br\/blog2\/#organization\"},\"image\":{\"@id\":\"https:\/\/ninamartinelli.com.br\/blog2\/expo-revestir-2024-nina-martinelli-fecha-participacao-no-evento-com-chave-de-ouro\/#primaryimage\"},\"thumbnailUrl\":\"https:\/\/ninamartinelli.com.br\/blog2\/wp-content\/uploads\/2024\/03\/Revestir-2024-estande-publico-esta.jpeg\",\"keywords\":[\"expo revestir\",\"lan\u00e7amentos\"],\"articleSection\":[\"EXPO Revestir\",\"LAN\u00c7AMENTOS 2024\",\"Mostras e Eventos\",\"Nina Martinelli\"],\"inLanguage\":\"pt-BR\",\"potentialAction\":[{\"@type\":\"CommentAction\",\"name\":\"Comment\",\"target\":[\"https:\/\/ninamartinelli.com.br\/blog2\/expo-revestir-2024-nina-martinelli-fecha-participacao-no-evento-com-chave-de-ouro\/#respond\"]}]},{\"@type\":\"WebPage\",\"@id\":\"https:\/\/ninamartinelli.com.br\/blog2\/expo-revestir-2024-nina-martinelli-fecha-participacao-no-evento-com-chave-de-ouro\/\",\"url\":\"https:\/\/ninamartinelli.com.br\/blog2\/expo-revestir-2024-nina-martinelli-fecha-participacao-no-evento-com-chave-de-ouro\/\",\"name\":\"Expo Revestir 2024 \u2013 Nina Martinelli fecha participa\u00e7\u00e3o no evento com chave de ouro\",\"isPartOf\":{\"@id\":\"https:\/\/ninamartinelli.com.br\/blog2\/#website\"},\"primaryImageOfPage\":{\"@id\":\"https:\/\/ninamartinelli.com.br\/blog2\/expo-revestir-2024-nina-martinelli-fecha-participacao-no-evento-com-chave-de-ouro\/#primaryimage\"},\"image\":{\"@id\":\"https:\/\/ninamartinelli.com.br\/blog2\/expo-revestir-2024-nina-martinelli-fecha-participacao-no-evento-com-chave-de-ouro\/#primaryimage\"},\"thumbnailUrl\":\"https:\/\/ninamartinelli.com.br\/blog2\/wp-content\/uploads\/2024\/03\/Revestir-2024-estande-publico-esta.jpeg\",\"datePublished\":\"2024-03-27T11:10:11+00:00\",\"description\":\"Expo Revestir 2024 - O balan\u00e7o final da participa\u00e7\u00e3o da Nina Martinelli neste grande evento n\u00e3o poderia ser mais positivo! Confira!\",\"breadcrumb\":{\"@id\":\"https:\/\/ninamartinelli.com.br\/blog2\/expo-revestir-2024-nina-martinelli-fecha-participacao-no-evento-com-chave-de-ouro\/#breadcrumb\"},\"inLanguage\":\"pt-BR\",\"potentialAction\":[{\"@type\":\"ReadAction\",\"target\":[\"https:\/\/ninamartinelli.com.br\/blog2\/expo-revestir-2024-nina-martinelli-fecha-participacao-no-evento-com-chave-de-ouro\/\"]}]},{\"@type\":\"ImageObject\",\"inLanguage\":\"pt-BR\",\"@id\":\"https:\/\/ninamartinelli.com.br\/blog2\/expo-revestir-2024-nina-martinelli-fecha-participacao-no-evento-com-chave-de-ouro\/#primaryimage\",\"url\":\"https:\/\/ninamartinelli.com.br\/blog2\/wp-content\/uploads\/2024\/03\/Revestir-2024-estande-publico-esta.jpeg\",\"contentUrl\":\"https:\/\/ninamartinelli.com.br\/blog2\/wp-content\/uploads\/2024\/03\/Revestir-2024-estande-publico-esta.jpeg\",\"width\":1280,\"height\":854},{\"@type\":\"BreadcrumbList\",\"@id\":\"https:\/\/ninamartinelli.com.br\/blog2\/expo-revestir-2024-nina-martinelli-fecha-participacao-no-evento-com-chave-de-ouro\/#breadcrumb\",\"itemListElement\":[{\"@type\":\"ListItem\",\"position\":1,\"name\":\"In\u00edcio\",\"item\":\"https:\/\/ninamartinelli.com.br\/blog2\/\"},{\"@type\":\"ListItem\",\"position\":2,\"name\":\"Expo Revestir 2024 \u2013 Nina Martinelli fecha participa\u00e7\u00e3o no evento com chave de ouro\"}]},{\"@type\":\"WebSite\",\"@id\":\"https:\/\/ninamartinelli.com.br\/blog2\/#website\",\"url\":\"https:\/\/ninamartinelli.com.br\/blog2\/\",\"name\":\"Nina Martinelli\",\"description\":\"#Nina_Martinelli\",\"publisher\":{\"@id\":\"https:\/\/ninamartinelli.com.br\/blog2\/#organization\"},\"potentialAction\":[{\"@type\":\"SearchAction\",\"target\":{\"@type\":\"EntryPoint\",\"urlTemplate\":\"https:\/\/ninamartinelli.com.br\/blog2\/?s={search_term_string}\"},\"query-input\":{\"@type\":\"PropertyValueSpecification\",\"valueRequired\":true,\"valueName\":\"search_term_string\"}}],\"inLanguage\":\"pt-BR\"},{\"@type\":\"Organization\",\"@id\":\"https:\/\/ninamartinelli.com.br\/blog2\/#organization\",\"name\":\"Blog Novidades\",\"url\":\"https:\/\/ninamartinelli.com.br\/blog2\/\",\"logo\":{\"@type\":\"ImageObject\",\"inLanguage\":\"pt-BR\",\"@id\":\"https:\/\/ninamartinelli.com.br\/blog2\/#\/schema\/logo\/image\/\",\"url\":\"http:\/\/blog.ninamartinelli.com.br\/wp-content\/uploads\/2022\/03\/logo_nina_blog.png\",\"contentUrl\":\"http:\/\/blog.ninamartinelli.com.br\/wp-content\/uploads\/2022\/03\/logo_nina_blog.png\",\"width\":500,\"height\":104,\"caption\":\"Blog Novidades\"},\"image\":{\"@id\":\"https:\/\/ninamartinelli.com.br\/blog2\/#\/schema\/logo\/image\/\"}},{\"@type\":\"Person\",\"@id\":\"https:\/\/ninamartinelli.com.br\/blog2\/#\/schema\/person\/43fbfb1d4cbe3b472995206b2bb06df5\",\"name\":\"Ana Maria Devides\",\"image\":{\"@type\":\"ImageObject\",\"inLanguage\":\"pt-BR\",\"@id\":\"https:\/\/ninamartinelli.com.br\/blog2\/#\/schema\/person\/image\/\",\"url\":\"https:\/\/secure.gravatar.com\/avatar\/a03a82675d8bb3da8e5c5a6872db97be?s=96&d=mm&r=g\",\"contentUrl\":\"https:\/\/secure.gravatar.com\/avatar\/a03a82675d8bb3da8e5c5a6872db97be?s=96&d=mm&r=g\",\"caption\":\"Ana Maria Devides\"},\"url\":\"https:\/\/ninamartinelli.com.br\/blog2\/author\/assessoria-nina-martinelli\/\"}]}<\/script>\n<!-- \/ Yoast SEO plugin. -->","yoast_head_json":{"title":"Expo Revestir 2024 \u2013 Nina Martinelli fecha participa\u00e7\u00e3o no evento com chave de ouro","description":"Expo Revestir 2024 - O balan\u00e7o final da participa\u00e7\u00e3o da Nina Martinelli neste grande evento n\u00e3o poderia ser mais positivo! Confira!","robots":{"index":"index","follow":"follow","max-snippet":"max-snippet:-1","max-image-preview":"max-image-preview:large","max-video-preview":"max-video-preview:-1"},"canonical":"https:\/\/ninamartinelli.com.br\/blog2\/expo-revestir-2024-nina-martinelli-fecha-participacao-no-evento-com-chave-de-ouro\/","og_locale":"pt_BR","og_type":"article","og_title":"Expo Revestir 2024 \u2013 Nina Martinelli fecha participa\u00e7\u00e3o no evento com chave de ouro","og_description":"Expo Revestir 2024 - O balan\u00e7o final da participa\u00e7\u00e3o da Nina Martinelli neste grande evento n\u00e3o poderia ser mais positivo! Confira!","og_url":"https:\/\/ninamartinelli.com.br\/blog2\/expo-revestir-2024-nina-martinelli-fecha-participacao-no-evento-com-chave-de-ouro\/","og_site_name":"Blog Nina","article_published_time":"2024-03-27T11:10:11+00:00","og_image":[{"width":1280,"height":854,"url":"https:\/\/ninamartinelli.com.br\/blog2\/wp-content\/uploads\/2024\/03\/Revestir-2024-estande-publico-esta.jpeg","type":"image\/jpeg"}],"author":"Ana Maria Devides","twitter_card":"summary_large_image","twitter_misc":{"Escrito por":"Ana Maria Devides","Est. tempo de leitura":"3 minutos"},"schema":{"@context":"https:\/\/schema.org","@graph":[{"@type":"Article","@id":"https:\/\/ninamartinelli.com.br\/blog2\/expo-revestir-2024-nina-martinelli-fecha-participacao-no-evento-com-chave-de-ouro\/#article","isPartOf":{"@id":"https:\/\/ninamartinelli.com.br\/blog2\/expo-revestir-2024-nina-martinelli-fecha-participacao-no-evento-com-chave-de-ouro\/"},"author":{"name":"Ana Maria Devides","@id":"https:\/\/ninamartinelli.com.br\/blog2\/#\/schema\/person\/43fbfb1d4cbe3b472995206b2bb06df5"},"headline":"Expo Revestir 2024 \u2013 Nina Martinelli fecha participa\u00e7\u00e3o no evento com chave de ouro","datePublished":"2024-03-27T11:10:11+00:00","mainEntityOfPage":{"@id":"https:\/\/ninamartinelli.com.br\/blog2\/expo-revestir-2024-nina-martinelli-fecha-participacao-no-evento-com-chave-de-ouro\/"},"wordCount":347,"commentCount":0,"publisher":{"@id":"https:\/\/ninamartinelli.com.br\/blog2\/#organization"},"image":{"@id":"https:\/\/ninamartinelli.com.br\/blog2\/expo-revestir-2024-nina-martinelli-fecha-participacao-no-evento-com-chave-de-ouro\/#primaryimage"},"thumbnailUrl":"https:\/\/ninamartinelli.com.br\/blog2\/wp-content\/uploads\/2024\/03\/Revestir-2024-estande-publico-esta.jpeg","keywords":["expo revestir","lan\u00e7amentos"],"articleSection":["EXPO Revestir","LAN\u00c7AMENTOS 2024","Mostras e Eventos","Nina Martinelli"],"inLanguage":"pt-BR","potentialAction":[{"@type":"CommentAction","name":"Comment","target":["https:\/\/ninamartinelli.com.br\/blog2\/expo-revestir-2024-nina-martinelli-fecha-participacao-no-evento-com-chave-de-ouro\/#respond"]}]},{"@type":"WebPage","@id":"https:\/\/ninamartinelli.com.br\/blog2\/expo-revestir-2024-nina-martinelli-fecha-participacao-no-evento-com-chave-de-ouro\/","url":"https:\/\/ninamartinelli.com.br\/blog2\/expo-revestir-2024-nina-martinelli-fecha-participacao-no-evento-com-chave-de-ouro\/","name":"Expo Revestir 2024 \u2013 Nina Martinelli fecha participa\u00e7\u00e3o no evento com chave de ouro","isPartOf":{"@id":"https:\/\/ninamartinelli.com.br\/blog2\/#website"},"primaryImageOfPage":{"@id":"https:\/\/ninamartinelli.com.br\/blog2\/expo-revestir-2024-nina-martinelli-fecha-participacao-no-evento-com-chave-de-ouro\/#primaryimage"},"image":{"@id":"https:\/\/ninamartinelli.com.br\/blog2\/expo-revestir-2024-nina-martinelli-fecha-participacao-no-evento-com-chave-de-ouro\/#primaryimage"},"thumbnailUrl":"https:\/\/ninamartinelli.com.br\/blog2\/wp-content\/uploads\/2024\/03\/Revestir-2024-estande-publico-esta.jpeg","datePublished":"2024-03-27T11:10:11+00:00","description":"Expo Revestir 2024 - O balan\u00e7o final da participa\u00e7\u00e3o da Nina Martinelli neste grande evento n\u00e3o poderia ser mais positivo! Confira!","breadcrumb":{"@id":"https:\/\/ninamartinelli.com.br\/blog2\/expo-revestir-2024-nina-martinelli-fecha-participacao-no-evento-com-chave-de-ouro\/#breadcrumb"},"inLanguage":"pt-BR","potentialAction":[{"@type":"ReadAction","target":["https:\/\/ninamartinelli.com.br\/blog2\/expo-revestir-2024-nina-martinelli-fecha-participacao-no-evento-com-chave-de-ouro\/"]}]},{"@type":"ImageObject","inLanguage":"pt-BR","@id":"https:\/\/ninamartinelli.com.br\/blog2\/expo-revestir-2024-nina-martinelli-fecha-participacao-no-evento-com-chave-de-ouro\/#primaryimage","url":"https:\/\/ninamartinelli.com.br\/blog2\/wp-content\/uploads\/2024\/03\/Revestir-2024-estande-publico-esta.jpeg","contentUrl":"https:\/\/ninamartinelli.com.br\/blog2\/wp-content\/uploads\/2024\/03\/Revestir-2024-estande-publico-esta.jpeg","width":1280,"height":854},{"@type":"BreadcrumbList","@id":"https:\/\/ninamartinelli.com.br\/blog2\/expo-revestir-2024-nina-martinelli-fecha-participacao-no-evento-com-chave-de-ouro\/#breadcrumb","itemListElement":[{"@type":"ListItem","position":1,"name":"In\u00edcio","item":"https:\/\/ninamartinelli.com.br\/blog2\/"},{"@type":"ListItem","position":2,"name":"Expo Revestir 2024 \u2013 Nina Martinelli fecha participa\u00e7\u00e3o no evento com chave de ouro"}]},{"@type":"WebSite","@id":"https:\/\/ninamartinelli.com.br\/blog2\/#website","url":"https:\/\/ninamartinelli.com.br\/blog2\/","name":"Nina Martinelli","description":"#Nina_Martinelli","publisher":{"@id":"https:\/\/ninamartinelli.com.br\/blog2\/#organization"},"potentialAction":[{"@type":"SearchAction","target":{"@type":"EntryPoint","urlTemplate":"https:\/\/ninamartinelli.com.br\/blog2\/?s={search_term_string}"},"query-input":{"@type":"PropertyValueSpecification","valueRequired":true,"valueName":"search_term_string"}}],"inLanguage":"pt-BR"},{"@type":"Organization","@id":"https:\/\/ninamartinelli.com.br\/blog2\/#organization","name":"Blog Novidades","url":"https:\/\/ninamartinelli.com.br\/blog2\/","logo":{"@type":"ImageObject","inLanguage":"pt-BR","@id":"https:\/\/ninamartinelli.com.br\/blog2\/#\/schema\/logo\/image\/","url":"http:\/\/blog.ninamartinelli.com.br\/wp-content\/uploads\/2022\/03\/logo_nina_blog.png","contentUrl":"http:\/\/blog.ninamartinelli.com.br\/wp-content\/uploads\/2022\/03\/logo_nina_blog.png","width":500,"height":104,"caption":"Blog Novidades"},"image":{"@id":"https:\/\/ninamartinelli.com.br\/blog2\/#\/schema\/logo\/image\/"}},{"@type":"Person","@id":"https:\/\/ninamartinelli.com.br\/blog2\/#\/schema\/person\/43fbfb1d4cbe3b472995206b2bb06df5","name":"Ana Maria Devides","image":{"@type":"ImageObject","inLanguage":"pt-BR","@id":"https:\/\/ninamartinelli.com.br\/blog2\/#\/schema\/person\/image\/","url":"https:\/\/secure.gravatar.com\/avatar\/a03a82675d8bb3da8e5c5a6872db97be?s=96&d=mm&r=g","contentUrl":"https:\/\/secure.gravatar.com\/avatar\/a03a82675d8bb3da8e5c5a6872db97be?s=96&d=mm&r=g","caption":"Ana Maria Devides"},"url":"https:\/\/ninamartinelli.com.br\/blog2\/author\/assessoria-nina-martinelli\/"}]}},"_links":{"self":[{"href":"https:\/\/ninamartinelli.com.br\/blog2\/wp-json\/wp\/v2\/posts\/2291","targetHints":{"allow":["GET"]}}],"collection":[{"href":"https:\/\/ninamartinelli.com.br\/blog2\/wp-json\/wp\/v2\/posts"}],"about":[{"href":"https:\/\/ninamartinelli.com.br\/blog2\/wp-json\/wp\/v2\/types\/post"}],"author":[{"embeddable":true,"href":"https:\/\/ninamartinelli.com.br\/blog2\/wp-json\/wp\/v2\/users\/2"}],"replies":[{"embeddable":true,"href":"https:\/\/ninamartinelli.com.br\/blog2\/wp-json\/wp\/v2\/comments?post=2291"}],"version-history":[{"count":1,"href":"https:\/\/ninamartinelli.com.br\/blog2\/wp-json\/wp\/v2\/posts\/2291\/revisions"}],"predecessor-version":[{"id":2296,"href":"https:\/\/ninamartinelli.com.br\/blog2\/wp-json\/wp\/v2\/posts\/2291\/revisions\/2296"}],"wp:featuredmedia":[{"embeddable":true,"href":"https:\/\/ninamartinelli.com.br\/blog2\/wp-json\/wp\/v2\/media\/2292"}],"wp:attachment":[{"href":"https:\/\/ninamartinelli.com.br\/blog2\/wp-json\/wp\/v2\/media?parent=2291"}],"wp:term":[{"taxonomy":"category","embeddable":true,"href":"https:\/\/ninamartinelli.com.br\/blog2\/wp-json\/wp\/v2\/categories?post=2291"},{"taxonomy":"post_tag","embeddable":true,"href":"https:\/\/ninamartinelli.com.br\/blog2\/wp-json\/wp\/v2\/tags?post=2291"}],"curies":[{"name":"wp","href":"https:\/\/api.w.org\/{rel}","templated":true}]}}