{"id":2283,"date":"2024-03-20T10:04:20","date_gmt":"2024-03-20T13:04:20","guid":{"rendered":"https:\/\/ninamartinelli.com.br\/blog2\/?p=2283"},"modified":"2024-03-20T10:04:20","modified_gmt":"2024-03-20T13:04:20","slug":"expo-revestir-2024-nina-martinelli-chega-ao-evento-com-mais-de-50-lancamentos","status":"publish","type":"post","link":"https:\/\/ninamartinelli.com.br\/blog2\/expo-revestir-2024-nina-martinelli-chega-ao-evento-com-mais-de-50-lancamentos\/","title":{"rendered":"Expo Revestir 2024 \u2013 Nina Martinelli chega ao evento com mais de 50 lan\u00e7amentos"},"content":{"rendered":"<p>Expo Revestir 2024 \u2013 \u00a0A Nina Martinelli j\u00e1 est\u00e1 brilhando na <a href=\"https:\/\/www.exporevestir.com.br\/\">Expo Revestir 2024<\/a>, o maior evento de acabamentos da Am\u00e9rica Latina, que come\u00e7ou ontem, dia 19 e vai at\u00e9 dia 22 de mar\u00e7o, no <a href=\"https:\/\/www.saopauloexpo.com.br\/pt\/\">Pavilh\u00e3o S\u00e3o Paulo Expo<\/a>, na capital paulista.<\/p>\n<p>A empresa chega \u00e0 feira apresentando <a href=\"https:\/\/ninamartinelli.com.br\/produto\/lancamentos\/\">mais de 50 lan\u00e7amentos<\/a>, entre pisos, revestimentos, pe\u00e7as especiais e cobog\u00f3s. \u00c9 uma das maiores quantidades j\u00e1 apresentadas pela marca em uma s\u00f3 edi\u00e7\u00e3o do evento, sem se descuidar, claro, da extrema qualidade e da produ\u00e7\u00e3o inteiramente artesanal, pe\u00e7a a pe\u00e7a, com muitas preocupa\u00e7\u00f5es sustent\u00e1veis.<\/p>\n<p>Com 50m<sup>2 <\/sup>o estande \u00e9 o de n\u00famero 11 fica na Rua C, com excelente localiza\u00e7\u00e3o no recinto que recebe, com total conforto, os milhares de visitantes dos quatro dias da feira. E, para este ano, a Nina Martinelli deu asas \u00e0 imagina\u00e7\u00e3o e explorou uma inspira\u00e7\u00e3o totalmente diferente para o espa\u00e7o.<\/p>\n<p><img loading=\"lazy\" decoding=\"async\" class=\" wp-image-2285 alignleft\" src=\"https:\/\/ninamartinelli.com.br\/blog2\/wp-content\/uploads\/2024\/03\/Revestir-2024-estande-3-com-publico-vertical-225x300.jpeg\" alt=\"\" width=\"298\" height=\"397\" srcset=\"https:\/\/ninamartinelli.com.br\/blog2\/wp-content\/uploads\/2024\/03\/Revestir-2024-estande-3-com-publico-vertical-225x300.jpeg 225w, https:\/\/ninamartinelli.com.br\/blog2\/wp-content\/uploads\/2024\/03\/Revestir-2024-estande-3-com-publico-vertical-768x1024.jpeg 768w, https:\/\/ninamartinelli.com.br\/blog2\/wp-content\/uploads\/2024\/03\/Revestir-2024-estande-3-com-publico-vertical-1152x1536.jpeg 1152w, https:\/\/ninamartinelli.com.br\/blog2\/wp-content\/uploads\/2024\/03\/Revestir-2024-estande-3-com-publico-vertical-1024x1365.jpeg 1024w, https:\/\/ninamartinelli.com.br\/blog2\/wp-content\/uploads\/2024\/03\/Revestir-2024-estande-3-com-publico-vertical.jpeg 1200w\" sizes=\"auto, (max-width: 298px) 100vw, 298px\" \/><\/p>\n<p>Fruto de uma ideia colaborativa, ou seja, que surgiu dentro da pr\u00f3pria empresa e despertou interesse e paix\u00e3o de praticamente todos os setores, o estande da Nina na Expo Revestir 2024 apresenta diversos ambientes realistas, nos quais foram especificados os lan\u00e7amentos que a marca preparou com todo cuidado e inspira\u00e7\u00e3o, especialmente para a feira.<\/p>\n<p>Lavabo, cozinha, \u201c\u00e1rea externa\u201d, sala de TV, sala de estar e at\u00e9 mesmo uma ducha ocupam os m\u00f3dulos que a equipe Nina Martinelli criou, compondo uma esp\u00e9cie de \u201cexposi\u00e7\u00e3o dentro da exposi\u00e7\u00e3o\u201d, que pode ser apreciada pelos visitantes com muita funcionalidade e organiza\u00e7\u00e3o visual.<\/p>\n<p>A cole\u00e7\u00e3o Simmetria, carro chefe dos lan\u00e7amentos que a Nina apresenta na Expo Revestir deste ano, explora novos formatos, ousando propor pagina\u00e7\u00f5es que tiram partido justamente dos efeitos sim\u00e9tricos, harm\u00f4nicos e convidativos ao olhar.<\/p>\n<p>Vale a pena conferir! E aqui no blog e nas m\u00eddias sociais, vamos trazer mais detalhes sobre essa participa\u00e7\u00e3o da Nina Martinelli no evento, que promete fazer hist\u00f3ria!<\/p>\n<p><img loading=\"lazy\" decoding=\"async\" class=\"alignnone  wp-image-2286\" src=\"https:\/\/ninamartinelli.com.br\/blog2\/wp-content\/uploads\/2024\/03\/Revestir-2024-estande-5-detalhje-cobogo-225x300.jpeg\" alt=\"\" width=\"279\" height=\"372\" srcset=\"https:\/\/ninamartinelli.com.br\/blog2\/wp-content\/uploads\/2024\/03\/Revestir-2024-estande-5-detalhje-cobogo-225x300.jpeg 225w, https:\/\/ninamartinelli.com.br\/blog2\/wp-content\/uploads\/2024\/03\/Revestir-2024-estande-5-detalhje-cobogo-768x1024.jpeg 768w, https:\/\/ninamartinelli.com.br\/blog2\/wp-content\/uploads\/2024\/03\/Revestir-2024-estande-5-detalhje-cobogo.jpeg 867w\" sizes=\"auto, (max-width: 279px) 100vw, 279px\" \/><img loading=\"lazy\" decoding=\"async\" class=\"alignnone  wp-image-2287\" src=\"https:\/\/ninamartinelli.com.br\/blog2\/wp-content\/uploads\/2024\/03\/Revestir-2024-estande-9-area-estar-225x300.jpeg\" alt=\"\" width=\"278\" height=\"371\" srcset=\"https:\/\/ninamartinelli.com.br\/blog2\/wp-content\/uploads\/2024\/03\/Revestir-2024-estande-9-area-estar-225x300.jpeg 225w, https:\/\/ninamartinelli.com.br\/blog2\/wp-content\/uploads\/2024\/03\/Revestir-2024-estande-9-area-estar-768x1024.jpeg 768w, https:\/\/ninamartinelli.com.br\/blog2\/wp-content\/uploads\/2024\/03\/Revestir-2024-estande-9-area-estar.jpeg 867w\" sizes=\"auto, (max-width: 278px) 100vw, 278px\" \/> <img loading=\"lazy\" decoding=\"async\" class=\"alignnone  wp-image-2288\" src=\"https:\/\/ninamartinelli.com.br\/blog2\/wp-content\/uploads\/2024\/03\/Revestir-2024-estande-7-bar-225x300.jpeg\" alt=\"\" width=\"281\" height=\"374\" srcset=\"https:\/\/ninamartinelli.com.br\/blog2\/wp-content\/uploads\/2024\/03\/Revestir-2024-estande-7-bar-225x300.jpeg 225w, https:\/\/ninamartinelli.com.br\/blog2\/wp-content\/uploads\/2024\/03\/Revestir-2024-estande-7-bar-768x1024.jpeg 768w, https:\/\/ninamartinelli.com.br\/blog2\/wp-content\/uploads\/2024\/03\/Revestir-2024-estande-7-bar.jpeg 867w\" sizes=\"auto, (max-width: 281px) 100vw, 281px\" \/><img loading=\"lazy\" decoding=\"async\" class=\"alignnone  wp-image-2289\" src=\"https:\/\/ninamartinelli.com.br\/blog2\/wp-content\/uploads\/2024\/03\/Revestir-2024-estande-10-cozinha-225x300.jpeg\" alt=\"\" width=\"282\" height=\"376\" srcset=\"https:\/\/ninamartinelli.com.br\/blog2\/wp-content\/uploads\/2024\/03\/Revestir-2024-estande-10-cozinha-225x300.jpeg 225w, https:\/\/ninamartinelli.com.br\/blog2\/wp-content\/uploads\/2024\/03\/Revestir-2024-estande-10-cozinha-768x1024.jpeg 768w, https:\/\/ninamartinelli.com.br\/blog2\/wp-content\/uploads\/2024\/03\/Revestir-2024-estande-10-cozinha.jpeg 867w\" sizes=\"auto, (max-width: 282px) 100vw, 282px\" \/><\/p>\n<p><strong>Servi\u00e7o<\/strong><\/p>\n<p>Expo Revestir 2024<\/p>\n<p>19 a 22 de Mar\u00e7o<\/p>\n<p>Pavilh\u00e3o S\u00e3o Paulo Expo, S\u00e3o Paulo, Capital<\/p>\n<p>Nina Martinelli \u2013 Estande C11, Rua C<\/p>\n<p>&nbsp;<\/p>\n","protected":false},"excerpt":{"rendered":"<p>Expo Revestir 2024 \u2013 \u00a0A Nina Martinelli j\u00e1 est\u00e1 brilhando na Expo Revestir 2024, o<\/p>\n","protected":false},"author":2,"featured_media":2284,"comment_status":"open","ping_status":"open","sticky":false,"template":"","format":"standard","meta":{"footnotes":""},"categories":[19,1,21,26,129],"tags":[45,98,100,37,24,85,131],"class_list":["post-2283","post","type-post","status-publish","format-standard","has-post-thumbnail","hentry","category-mostras-e-eventos","category-nina-martinelli","category-pisos","category-revestimentos","category-sustentabilidade","tag-ceramica","tag-expo-revestir","tag-lancamentos","tag-parede","tag-piso","tag-piso-rustico","tag-sustentabilidade"],"yoast_head":"<!-- This site is optimized with the Yoast SEO plugin v26.8 - https:\/\/yoast.com\/product\/yoast-seo-wordpress\/ -->\n<title>Expo Revestir 2024 \u2013 Nina Martinelli chega ao evento com mais de 50 lan\u00e7amentos<\/title>\n<meta name=\"description\" content=\"Expo Revestir 2024 - Confira nesta mat\u00e9ria detalhes do estande da Nina Martinelli no evento, que est\u00e1 acontecendo em S\u00e3o Paulo!\" \/>\n<meta name=\"robots\" content=\"index, follow, max-snippet:-1, max-image-preview:large, max-video-preview:-1\" \/>\n<link rel=\"canonical\" href=\"https:\/\/ninamartinelli.com.br\/blog2\/expo-revestir-2024-nina-martinelli-chega-ao-evento-com-mais-de-50-lancamentos\/\" \/>\n<meta property=\"og:locale\" content=\"pt_BR\" \/>\n<meta property=\"og:type\" content=\"article\" \/>\n<meta property=\"og:title\" content=\"Expo Revestir 2024 \u2013 Nina Martinelli chega ao evento com mais de 50 lan\u00e7amentos\" \/>\n<meta property=\"og:description\" content=\"Expo Revestir 2024 - Confira nesta mat\u00e9ria detalhes do estande da Nina Martinelli no evento, que est\u00e1 acontecendo em S\u00e3o Paulo!\" \/>\n<meta property=\"og:url\" content=\"https:\/\/ninamartinelli.com.br\/blog2\/expo-revestir-2024-nina-martinelli-chega-ao-evento-com-mais-de-50-lancamentos\/\" \/>\n<meta property=\"og:site_name\" content=\"Blog Nina\" \/>\n<meta property=\"article:published_time\" content=\"2024-03-20T13:04:20+00:00\" \/>\n<meta property=\"og:image\" content=\"https:\/\/ninamartinelli.com.br\/blog2\/wp-content\/uploads\/2024\/03\/Revestir-2024-estande-1-com-publico.jpeg\" \/>\n\t<meta property=\"og:image:width\" content=\"1280\" \/>\n\t<meta property=\"og:image:height\" content=\"720\" \/>\n\t<meta property=\"og:image:type\" content=\"image\/jpeg\" \/>\n<meta name=\"author\" content=\"Ana Maria Devides\" \/>\n<meta name=\"twitter:card\" content=\"summary_large_image\" \/>\n<meta name=\"twitter:label1\" content=\"Escrito por\" \/>\n\t<meta name=\"twitter:data1\" content=\"Ana Maria Devides\" \/>\n\t<meta name=\"twitter:label2\" content=\"Est. tempo de leitura\" \/>\n\t<meta name=\"twitter:data2\" content=\"3 minutos\" \/>\n<script type=\"application\/ld+json\" class=\"yoast-schema-graph\">{\"@context\":\"https:\/\/schema.org\",\"@graph\":[{\"@type\":\"Article\",\"@id\":\"https:\/\/ninamartinelli.com.br\/blog2\/expo-revestir-2024-nina-martinelli-chega-ao-evento-com-mais-de-50-lancamentos\/#article\",\"isPartOf\":{\"@id\":\"https:\/\/ninamartinelli.com.br\/blog2\/expo-revestir-2024-nina-martinelli-chega-ao-evento-com-mais-de-50-lancamentos\/\"},\"author\":{\"name\":\"Ana Maria Devides\",\"@id\":\"https:\/\/ninamartinelli.com.br\/blog2\/#\/schema\/person\/43fbfb1d4cbe3b472995206b2bb06df5\"},\"headline\":\"Expo Revestir 2024 \u2013 Nina Martinelli chega ao evento com mais de 50 lan\u00e7amentos\",\"datePublished\":\"2024-03-20T13:04:20+00:00\",\"mainEntityOfPage\":{\"@id\":\"https:\/\/ninamartinelli.com.br\/blog2\/expo-revestir-2024-nina-martinelli-chega-ao-evento-com-mais-de-50-lancamentos\/\"},\"wordCount\":366,\"commentCount\":0,\"publisher\":{\"@id\":\"https:\/\/ninamartinelli.com.br\/blog2\/#organization\"},\"image\":{\"@id\":\"https:\/\/ninamartinelli.com.br\/blog2\/expo-revestir-2024-nina-martinelli-chega-ao-evento-com-mais-de-50-lancamentos\/#primaryimage\"},\"thumbnailUrl\":\"https:\/\/ninamartinelli.com.br\/blog2\/wp-content\/uploads\/2024\/03\/Revestir-2024-estande-1-com-publico.jpeg\",\"keywords\":[\"ceramica\",\"expo revestir\",\"lan\u00e7amentos\",\"parede\",\"piso\",\"piso rustico\",\"Sustentabilidade\"],\"articleSection\":[\"Mostras e Eventos\",\"Nina Martinelli\",\"Pisos\",\"Revestimentos\",\"Sustentabilidade\"],\"inLanguage\":\"pt-BR\",\"potentialAction\":[{\"@type\":\"CommentAction\",\"name\":\"Comment\",\"target\":[\"https:\/\/ninamartinelli.com.br\/blog2\/expo-revestir-2024-nina-martinelli-chega-ao-evento-com-mais-de-50-lancamentos\/#respond\"]}]},{\"@type\":\"WebPage\",\"@id\":\"https:\/\/ninamartinelli.com.br\/blog2\/expo-revestir-2024-nina-martinelli-chega-ao-evento-com-mais-de-50-lancamentos\/\",\"url\":\"https:\/\/ninamartinelli.com.br\/blog2\/expo-revestir-2024-nina-martinelli-chega-ao-evento-com-mais-de-50-lancamentos\/\",\"name\":\"Expo Revestir 2024 \u2013 Nina Martinelli chega ao evento com mais de 50 lan\u00e7amentos\",\"isPartOf\":{\"@id\":\"https:\/\/ninamartinelli.com.br\/blog2\/#website\"},\"primaryImageOfPage\":{\"@id\":\"https:\/\/ninamartinelli.com.br\/blog2\/expo-revestir-2024-nina-martinelli-chega-ao-evento-com-mais-de-50-lancamentos\/#primaryimage\"},\"image\":{\"@id\":\"https:\/\/ninamartinelli.com.br\/blog2\/expo-revestir-2024-nina-martinelli-chega-ao-evento-com-mais-de-50-lancamentos\/#primaryimage\"},\"thumbnailUrl\":\"https:\/\/ninamartinelli.com.br\/blog2\/wp-content\/uploads\/2024\/03\/Revestir-2024-estande-1-com-publico.jpeg\",\"datePublished\":\"2024-03-20T13:04:20+00:00\",\"description\":\"Expo Revestir 2024 - Confira nesta mat\u00e9ria detalhes do estande da Nina Martinelli no evento, que est\u00e1 acontecendo em S\u00e3o Paulo!\",\"breadcrumb\":{\"@id\":\"https:\/\/ninamartinelli.com.br\/blog2\/expo-revestir-2024-nina-martinelli-chega-ao-evento-com-mais-de-50-lancamentos\/#breadcrumb\"},\"inLanguage\":\"pt-BR\",\"potentialAction\":[{\"@type\":\"ReadAction\",\"target\":[\"https:\/\/ninamartinelli.com.br\/blog2\/expo-revestir-2024-nina-martinelli-chega-ao-evento-com-mais-de-50-lancamentos\/\"]}]},{\"@type\":\"ImageObject\",\"inLanguage\":\"pt-BR\",\"@id\":\"https:\/\/ninamartinelli.com.br\/blog2\/expo-revestir-2024-nina-martinelli-chega-ao-evento-com-mais-de-50-lancamentos\/#primaryimage\",\"url\":\"https:\/\/ninamartinelli.com.br\/blog2\/wp-content\/uploads\/2024\/03\/Revestir-2024-estande-1-com-publico.jpeg\",\"contentUrl\":\"https:\/\/ninamartinelli.com.br\/blog2\/wp-content\/uploads\/2024\/03\/Revestir-2024-estande-1-com-publico.jpeg\",\"width\":1280,\"height\":720},{\"@type\":\"BreadcrumbList\",\"@id\":\"https:\/\/ninamartinelli.com.br\/blog2\/expo-revestir-2024-nina-martinelli-chega-ao-evento-com-mais-de-50-lancamentos\/#breadcrumb\",\"itemListElement\":[{\"@type\":\"ListItem\",\"position\":1,\"name\":\"In\u00edcio\",\"item\":\"https:\/\/ninamartinelli.com.br\/blog2\/\"},{\"@type\":\"ListItem\",\"position\":2,\"name\":\"Expo Revestir 2024 \u2013 Nina Martinelli chega ao evento com mais de 50 lan\u00e7amentos\"}]},{\"@type\":\"WebSite\",\"@id\":\"https:\/\/ninamartinelli.com.br\/blog2\/#website\",\"url\":\"https:\/\/ninamartinelli.com.br\/blog2\/\",\"name\":\"Nina Martinelli\",\"description\":\"#Nina_Martinelli\",\"publisher\":{\"@id\":\"https:\/\/ninamartinelli.com.br\/blog2\/#organization\"},\"potentialAction\":[{\"@type\":\"SearchAction\",\"target\":{\"@type\":\"EntryPoint\",\"urlTemplate\":\"https:\/\/ninamartinelli.com.br\/blog2\/?s={search_term_string}\"},\"query-input\":{\"@type\":\"PropertyValueSpecification\",\"valueRequired\":true,\"valueName\":\"search_term_string\"}}],\"inLanguage\":\"pt-BR\"},{\"@type\":\"Organization\",\"@id\":\"https:\/\/ninamartinelli.com.br\/blog2\/#organization\",\"name\":\"Blog Novidades\",\"url\":\"https:\/\/ninamartinelli.com.br\/blog2\/\",\"logo\":{\"@type\":\"ImageObject\",\"inLanguage\":\"pt-BR\",\"@id\":\"https:\/\/ninamartinelli.com.br\/blog2\/#\/schema\/logo\/image\/\",\"url\":\"http:\/\/blog.ninamartinelli.com.br\/wp-content\/uploads\/2022\/03\/logo_nina_blog.png\",\"contentUrl\":\"http:\/\/blog.ninamartinelli.com.br\/wp-content\/uploads\/2022\/03\/logo_nina_blog.png\",\"width\":500,\"height\":104,\"caption\":\"Blog Novidades\"},\"image\":{\"@id\":\"https:\/\/ninamartinelli.com.br\/blog2\/#\/schema\/logo\/image\/\"}},{\"@type\":\"Person\",\"@id\":\"https:\/\/ninamartinelli.com.br\/blog2\/#\/schema\/person\/43fbfb1d4cbe3b472995206b2bb06df5\",\"name\":\"Ana Maria Devides\",\"image\":{\"@type\":\"ImageObject\",\"inLanguage\":\"pt-BR\",\"@id\":\"https:\/\/ninamartinelli.com.br\/blog2\/#\/schema\/person\/image\/\",\"url\":\"https:\/\/secure.gravatar.com\/avatar\/a03a82675d8bb3da8e5c5a6872db97be?s=96&d=mm&r=g\",\"contentUrl\":\"https:\/\/secure.gravatar.com\/avatar\/a03a82675d8bb3da8e5c5a6872db97be?s=96&d=mm&r=g\",\"caption\":\"Ana Maria Devides\"},\"url\":\"https:\/\/ninamartinelli.com.br\/blog2\/author\/assessoria-nina-martinelli\/\"}]}<\/script>\n<!-- \/ Yoast SEO plugin. -->","yoast_head_json":{"title":"Expo Revestir 2024 \u2013 Nina Martinelli chega ao evento com mais de 50 lan\u00e7amentos","description":"Expo Revestir 2024 - Confira nesta mat\u00e9ria detalhes do estande da Nina Martinelli no evento, que est\u00e1 acontecendo em S\u00e3o Paulo!","robots":{"index":"index","follow":"follow","max-snippet":"max-snippet:-1","max-image-preview":"max-image-preview:large","max-video-preview":"max-video-preview:-1"},"canonical":"https:\/\/ninamartinelli.com.br\/blog2\/expo-revestir-2024-nina-martinelli-chega-ao-evento-com-mais-de-50-lancamentos\/","og_locale":"pt_BR","og_type":"article","og_title":"Expo Revestir 2024 \u2013 Nina Martinelli chega ao evento com mais de 50 lan\u00e7amentos","og_description":"Expo Revestir 2024 - Confira nesta mat\u00e9ria detalhes do estande da Nina Martinelli no evento, que est\u00e1 acontecendo em S\u00e3o Paulo!","og_url":"https:\/\/ninamartinelli.com.br\/blog2\/expo-revestir-2024-nina-martinelli-chega-ao-evento-com-mais-de-50-lancamentos\/","og_site_name":"Blog Nina","article_published_time":"2024-03-20T13:04:20+00:00","og_image":[{"width":1280,"height":720,"url":"https:\/\/ninamartinelli.com.br\/blog2\/wp-content\/uploads\/2024\/03\/Revestir-2024-estande-1-com-publico.jpeg","type":"image\/jpeg"}],"author":"Ana Maria Devides","twitter_card":"summary_large_image","twitter_misc":{"Escrito por":"Ana Maria Devides","Est. tempo de leitura":"3 minutos"},"schema":{"@context":"https:\/\/schema.org","@graph":[{"@type":"Article","@id":"https:\/\/ninamartinelli.com.br\/blog2\/expo-revestir-2024-nina-martinelli-chega-ao-evento-com-mais-de-50-lancamentos\/#article","isPartOf":{"@id":"https:\/\/ninamartinelli.com.br\/blog2\/expo-revestir-2024-nina-martinelli-chega-ao-evento-com-mais-de-50-lancamentos\/"},"author":{"name":"Ana Maria Devides","@id":"https:\/\/ninamartinelli.com.br\/blog2\/#\/schema\/person\/43fbfb1d4cbe3b472995206b2bb06df5"},"headline":"Expo Revestir 2024 \u2013 Nina Martinelli chega ao evento com mais de 50 lan\u00e7amentos","datePublished":"2024-03-20T13:04:20+00:00","mainEntityOfPage":{"@id":"https:\/\/ninamartinelli.com.br\/blog2\/expo-revestir-2024-nina-martinelli-chega-ao-evento-com-mais-de-50-lancamentos\/"},"wordCount":366,"commentCount":0,"publisher":{"@id":"https:\/\/ninamartinelli.com.br\/blog2\/#organization"},"image":{"@id":"https:\/\/ninamartinelli.com.br\/blog2\/expo-revestir-2024-nina-martinelli-chega-ao-evento-com-mais-de-50-lancamentos\/#primaryimage"},"thumbnailUrl":"https:\/\/ninamartinelli.com.br\/blog2\/wp-content\/uploads\/2024\/03\/Revestir-2024-estande-1-com-publico.jpeg","keywords":["ceramica","expo revestir","lan\u00e7amentos","parede","piso","piso rustico","Sustentabilidade"],"articleSection":["Mostras e Eventos","Nina Martinelli","Pisos","Revestimentos","Sustentabilidade"],"inLanguage":"pt-BR","potentialAction":[{"@type":"CommentAction","name":"Comment","target":["https:\/\/ninamartinelli.com.br\/blog2\/expo-revestir-2024-nina-martinelli-chega-ao-evento-com-mais-de-50-lancamentos\/#respond"]}]},{"@type":"WebPage","@id":"https:\/\/ninamartinelli.com.br\/blog2\/expo-revestir-2024-nina-martinelli-chega-ao-evento-com-mais-de-50-lancamentos\/","url":"https:\/\/ninamartinelli.com.br\/blog2\/expo-revestir-2024-nina-martinelli-chega-ao-evento-com-mais-de-50-lancamentos\/","name":"Expo Revestir 2024 \u2013 Nina Martinelli chega ao evento com mais de 50 lan\u00e7amentos","isPartOf":{"@id":"https:\/\/ninamartinelli.com.br\/blog2\/#website"},"primaryImageOfPage":{"@id":"https:\/\/ninamartinelli.com.br\/blog2\/expo-revestir-2024-nina-martinelli-chega-ao-evento-com-mais-de-50-lancamentos\/#primaryimage"},"image":{"@id":"https:\/\/ninamartinelli.com.br\/blog2\/expo-revestir-2024-nina-martinelli-chega-ao-evento-com-mais-de-50-lancamentos\/#primaryimage"},"thumbnailUrl":"https:\/\/ninamartinelli.com.br\/blog2\/wp-content\/uploads\/2024\/03\/Revestir-2024-estande-1-com-publico.jpeg","datePublished":"2024-03-20T13:04:20+00:00","description":"Expo Revestir 2024 - Confira nesta mat\u00e9ria detalhes do estande da Nina Martinelli no evento, que est\u00e1 acontecendo em S\u00e3o Paulo!","breadcrumb":{"@id":"https:\/\/ninamartinelli.com.br\/blog2\/expo-revestir-2024-nina-martinelli-chega-ao-evento-com-mais-de-50-lancamentos\/#breadcrumb"},"inLanguage":"pt-BR","potentialAction":[{"@type":"ReadAction","target":["https:\/\/ninamartinelli.com.br\/blog2\/expo-revestir-2024-nina-martinelli-chega-ao-evento-com-mais-de-50-lancamentos\/"]}]},{"@type":"ImageObject","inLanguage":"pt-BR","@id":"https:\/\/ninamartinelli.com.br\/blog2\/expo-revestir-2024-nina-martinelli-chega-ao-evento-com-mais-de-50-lancamentos\/#primaryimage","url":"https:\/\/ninamartinelli.com.br\/blog2\/wp-content\/uploads\/2024\/03\/Revestir-2024-estande-1-com-publico.jpeg","contentUrl":"https:\/\/ninamartinelli.com.br\/blog2\/wp-content\/uploads\/2024\/03\/Revestir-2024-estande-1-com-publico.jpeg","width":1280,"height":720},{"@type":"BreadcrumbList","@id":"https:\/\/ninamartinelli.com.br\/blog2\/expo-revestir-2024-nina-martinelli-chega-ao-evento-com-mais-de-50-lancamentos\/#breadcrumb","itemListElement":[{"@type":"ListItem","position":1,"name":"In\u00edcio","item":"https:\/\/ninamartinelli.com.br\/blog2\/"},{"@type":"ListItem","position":2,"name":"Expo Revestir 2024 \u2013 Nina Martinelli chega ao evento com mais de 50 lan\u00e7amentos"}]},{"@type":"WebSite","@id":"https:\/\/ninamartinelli.com.br\/blog2\/#website","url":"https:\/\/ninamartinelli.com.br\/blog2\/","name":"Nina Martinelli","description":"#Nina_Martinelli","publisher":{"@id":"https:\/\/ninamartinelli.com.br\/blog2\/#organization"},"potentialAction":[{"@type":"SearchAction","target":{"@type":"EntryPoint","urlTemplate":"https:\/\/ninamartinelli.com.br\/blog2\/?s={search_term_string}"},"query-input":{"@type":"PropertyValueSpecification","valueRequired":true,"valueName":"search_term_string"}}],"inLanguage":"pt-BR"},{"@type":"Organization","@id":"https:\/\/ninamartinelli.com.br\/blog2\/#organization","name":"Blog Novidades","url":"https:\/\/ninamartinelli.com.br\/blog2\/","logo":{"@type":"ImageObject","inLanguage":"pt-BR","@id":"https:\/\/ninamartinelli.com.br\/blog2\/#\/schema\/logo\/image\/","url":"http:\/\/blog.ninamartinelli.com.br\/wp-content\/uploads\/2022\/03\/logo_nina_blog.png","contentUrl":"http:\/\/blog.ninamartinelli.com.br\/wp-content\/uploads\/2022\/03\/logo_nina_blog.png","width":500,"height":104,"caption":"Blog Novidades"},"image":{"@id":"https:\/\/ninamartinelli.com.br\/blog2\/#\/schema\/logo\/image\/"}},{"@type":"Person","@id":"https:\/\/ninamartinelli.com.br\/blog2\/#\/schema\/person\/43fbfb1d4cbe3b472995206b2bb06df5","name":"Ana Maria Devides","image":{"@type":"ImageObject","inLanguage":"pt-BR","@id":"https:\/\/ninamartinelli.com.br\/blog2\/#\/schema\/person\/image\/","url":"https:\/\/secure.gravatar.com\/avatar\/a03a82675d8bb3da8e5c5a6872db97be?s=96&d=mm&r=g","contentUrl":"https:\/\/secure.gravatar.com\/avatar\/a03a82675d8bb3da8e5c5a6872db97be?s=96&d=mm&r=g","caption":"Ana Maria Devides"},"url":"https:\/\/ninamartinelli.com.br\/blog2\/author\/assessoria-nina-martinelli\/"}]}},"_links":{"self":[{"href":"https:\/\/ninamartinelli.com.br\/blog2\/wp-json\/wp\/v2\/posts\/2283","targetHints":{"allow":["GET"]}}],"collection":[{"href":"https:\/\/ninamartinelli.com.br\/blog2\/wp-json\/wp\/v2\/posts"}],"about":[{"href":"https:\/\/ninamartinelli.com.br\/blog2\/wp-json\/wp\/v2\/types\/post"}],"author":[{"embeddable":true,"href":"https:\/\/ninamartinelli.com.br\/blog2\/wp-json\/wp\/v2\/users\/2"}],"replies":[{"embeddable":true,"href":"https:\/\/ninamartinelli.com.br\/blog2\/wp-json\/wp\/v2\/comments?post=2283"}],"version-history":[{"count":1,"href":"https:\/\/ninamartinelli.com.br\/blog2\/wp-json\/wp\/v2\/posts\/2283\/revisions"}],"predecessor-version":[{"id":2290,"href":"https:\/\/ninamartinelli.com.br\/blog2\/wp-json\/wp\/v2\/posts\/2283\/revisions\/2290"}],"wp:featuredmedia":[{"embeddable":true,"href":"https:\/\/ninamartinelli.com.br\/blog2\/wp-json\/wp\/v2\/media\/2284"}],"wp:attachment":[{"href":"https:\/\/ninamartinelli.com.br\/blog2\/wp-json\/wp\/v2\/media?parent=2283"}],"wp:term":[{"taxonomy":"category","embeddable":true,"href":"https:\/\/ninamartinelli.com.br\/blog2\/wp-json\/wp\/v2\/categories?post=2283"},{"taxonomy":"post_tag","embeddable":true,"href":"https:\/\/ninamartinelli.com.br\/blog2\/wp-json\/wp\/v2\/tags?post=2283"}],"curies":[{"name":"wp","href":"https:\/\/api.w.org\/{rel}","templated":true}]}}