{"id":2271,"date":"2024-03-06T12:02:28","date_gmt":"2024-03-06T15:02:28","guid":{"rendered":"https:\/\/ninamartinelli.com.br\/blog2\/?p=2271"},"modified":"2024-03-06T12:02:28","modified_gmt":"2024-03-06T15:02:28","slug":"decorattos-portugueses-para-trazer-memoria-arte-e-encanto-aos-ambientes","status":"publish","type":"post","link":"https:\/\/ninamartinelli.com.br\/blog2\/decorattos-portugueses-para-trazer-memoria-arte-e-encanto-aos-ambientes\/","title":{"rendered":"Decorattos portugueses, para trazer mem\u00f3ria, arte e encanto aos ambientes"},"content":{"rendered":"<p>Decorattos portugueses &#8211; Se tem uma coisa que a ancestralidade italiana da Nina Martinelli sabe reconhecer, de longe, \u00e9 a excel\u00eancia na arte da azulejaria portuguesa, com sua tradi\u00e7\u00e3o de muitos s\u00e9culos e seu estilo inconfund\u00edvel, com exalta\u00e7\u00e3o dos tons de azul sobre branco, uma combina\u00e7\u00e3o que une simplicidade, eleg\u00e2ncia, for\u00e7a e delicadeza.<\/p>\n<p><img loading=\"lazy\" decoding=\"async\" class=\"size-medium wp-image-2274 alignleft\" src=\"https:\/\/ninamartinelli.com.br\/blog2\/wp-content\/uploads\/2024\/03\/decoratto-portugues-3-300x300.png\" alt=\"\" width=\"300\" height=\"300\" srcset=\"https:\/\/ninamartinelli.com.br\/blog2\/wp-content\/uploads\/2024\/03\/decoratto-portugues-3-300x300.png 300w, https:\/\/ninamartinelli.com.br\/blog2\/wp-content\/uploads\/2024\/03\/decoratto-portugues-3-150x150.png 150w, https:\/\/ninamartinelli.com.br\/blog2\/wp-content\/uploads\/2024\/03\/decoratto-portugues-3-768x768.png 768w, https:\/\/ninamartinelli.com.br\/blog2\/wp-content\/uploads\/2024\/03\/decoratto-portugues-3-50x50.png 50w, https:\/\/ninamartinelli.com.br\/blog2\/wp-content\/uploads\/2024\/03\/decoratto-portugues-3.png 1000w\" sizes=\"auto, (max-width: 300px) 100vw, 300px\" \/><\/p>\n<p>Conta a hist\u00f3ria que a popularidade do azulejo portugu\u00eas, especialmente revestindo fachadas, aconteceu ap\u00f3s o terremoto de 1755 que atingiu e destruiu boa parte de <a href=\"https:\/\/www.lisboa.pt\/\">Lisboa<\/a>. O baixo custo, na \u00e9poca, juntamente com as propriedades de impermeabilidade e beleza colocaram os azulejos no topo da prefer\u00eancia como materiais para a reconstru\u00e7\u00e3o dessa bel\u00edssima cidade europeia.<\/p>\n<p><img loading=\"lazy\" decoding=\"async\" class=\"wp-image-2273 alignright\" src=\"https:\/\/ninamartinelli.com.br\/blog2\/wp-content\/uploads\/2024\/03\/decoratto-portugues-2-300x300.png\" alt=\"\" width=\"300\" height=\"300\" srcset=\"https:\/\/ninamartinelli.com.br\/blog2\/wp-content\/uploads\/2024\/03\/decoratto-portugues-2-300x300.png 300w, https:\/\/ninamartinelli.com.br\/blog2\/wp-content\/uploads\/2024\/03\/decoratto-portugues-2-150x150.png 150w, https:\/\/ninamartinelli.com.br\/blog2\/wp-content\/uploads\/2024\/03\/decoratto-portugues-2-768x768.png 768w, https:\/\/ninamartinelli.com.br\/blog2\/wp-content\/uploads\/2024\/03\/decoratto-portugues-2-50x50.png 50w, https:\/\/ninamartinelli.com.br\/blog2\/wp-content\/uploads\/2024\/03\/decoratto-portugues-2.png 1000w\" sizes=\"auto, (max-width: 300px) 100vw, 300px\" \/><\/p>\n<p>Os azulejos portugueses passaram ent\u00e3o a compor tamb\u00e9m pain\u00e9is com padroeiros que simbolizam os santos de prote\u00e7\u00e3o contra os desastres naturais.<\/p>\n<p>S\u00e3o contrastes encantadores e uma hist\u00f3ria que inspiraram a Nina Martinelli a criar uma cole\u00e7\u00e3o com 12 modelos dos revestimentos <a href=\"https:\/\/ninamartinelli.com.br\/#!\/pt\/produtos\/0195-decorattos-portugues-nm-3\">Decorattos portugueses<\/a>, medindo 11,5&#215;11,5.<\/p>\n<p>As estampas pintadas \u00e0 m\u00e3o, pe\u00e7a a pe\u00e7a, remetem, de fato, \u00e0 nobre tradi\u00e7\u00e3o da azulejaria lusitana, mas com a pegada artesanal, r\u00fastica e sustent\u00e1vel que Nina Martinelli imprime em todo o seu portif\u00f3lio.<\/p>\n<p>Os modelos devem ser aplicados exclusivamente em paredes, mas podem ser utilizados em ambientes internos ou externos.<\/p>\n<p>Conhe\u00e7a aqui no site da Nina Martinelli os 12 modelos do Decorattos portugueses e extraia todo o simbolismo desses produtos para os seus projetos!<\/p>\n<p>&nbsp;<\/p>\n","protected":false},"excerpt":{"rendered":"<p>Decorattos portugueses &#8211; Se tem uma coisa que a ancestralidade italiana da Nina Martinelli sabe<\/p>\n","protected":false},"author":2,"featured_media":2272,"comment_status":"open","ping_status":"open","sticky":false,"template":"","format":"standard","meta":{"footnotes":""},"categories":[26,129],"tags":[39,40,166,46],"class_list":["post-2271","post","type-post","status-publish","format-standard","has-post-thumbnail","hentry","category-revestimentos","category-sustentabilidade","tag-area-externa","tag-area-interna","tag-azulejo","tag-revestimento"],"yoast_head":"<!-- This site is optimized with the Yoast SEO plugin v26.8 - https:\/\/yoast.com\/product\/yoast-seo-wordpress\/ -->\n<title>Decorattos portugueses, para trazer mem\u00f3ria, arte e encanto aos ambientes<\/title>\n<meta name=\"description\" content=\"Decorattos portugueses - os azulejos feitos pela Nina Martinelli inspirados na arte e na tradi\u00e7\u00e3o da azulejaria lusitana, conhe\u00e7a aqui\" \/>\n<meta name=\"robots\" content=\"index, follow, max-snippet:-1, max-image-preview:large, max-video-preview:-1\" \/>\n<link rel=\"canonical\" href=\"https:\/\/ninamartinelli.com.br\/blog2\/decorattos-portugueses-para-trazer-memoria-arte-e-encanto-aos-ambientes\/\" \/>\n<meta property=\"og:locale\" content=\"pt_BR\" \/>\n<meta property=\"og:type\" content=\"article\" \/>\n<meta property=\"og:title\" content=\"Decorattos portugueses, para trazer mem\u00f3ria, arte e encanto aos ambientes\" \/>\n<meta property=\"og:description\" content=\"Decorattos portugueses - os azulejos feitos pela Nina Martinelli inspirados na arte e na tradi\u00e7\u00e3o da azulejaria lusitana, conhe\u00e7a aqui\" \/>\n<meta property=\"og:url\" content=\"https:\/\/ninamartinelli.com.br\/blog2\/decorattos-portugueses-para-trazer-memoria-arte-e-encanto-aos-ambientes\/\" \/>\n<meta property=\"og:site_name\" content=\"Blog Nina\" \/>\n<meta property=\"article:published_time\" content=\"2024-03-06T15:02:28+00:00\" \/>\n<meta property=\"og:image\" content=\"https:\/\/ninamartinelli.com.br\/blog2\/wp-content\/uploads\/2024\/03\/decoratto-portugues-1.jpg\" \/>\n\t<meta property=\"og:image:width\" content=\"1920\" \/>\n\t<meta property=\"og:image:height\" content=\"1080\" \/>\n\t<meta property=\"og:image:type\" content=\"image\/jpeg\" \/>\n<meta name=\"author\" content=\"Ana Maria Devides\" \/>\n<meta name=\"twitter:card\" content=\"summary_large_image\" \/>\n<meta name=\"twitter:label1\" content=\"Escrito por\" \/>\n\t<meta name=\"twitter:data1\" content=\"Ana Maria Devides\" \/>\n\t<meta name=\"twitter:label2\" content=\"Est. tempo de leitura\" \/>\n\t<meta name=\"twitter:data2\" content=\"2 minutos\" \/>\n<script type=\"application\/ld+json\" class=\"yoast-schema-graph\">{\"@context\":\"https:\/\/schema.org\",\"@graph\":[{\"@type\":\"Article\",\"@id\":\"https:\/\/ninamartinelli.com.br\/blog2\/decorattos-portugueses-para-trazer-memoria-arte-e-encanto-aos-ambientes\/#article\",\"isPartOf\":{\"@id\":\"https:\/\/ninamartinelli.com.br\/blog2\/decorattos-portugueses-para-trazer-memoria-arte-e-encanto-aos-ambientes\/\"},\"author\":{\"name\":\"Ana Maria Devides\",\"@id\":\"https:\/\/ninamartinelli.com.br\/blog2\/#\/schema\/person\/43fbfb1d4cbe3b472995206b2bb06df5\"},\"headline\":\"Decorattos portugueses, para trazer mem\u00f3ria, arte e encanto aos ambientes\",\"datePublished\":\"2024-03-06T15:02:28+00:00\",\"mainEntityOfPage\":{\"@id\":\"https:\/\/ninamartinelli.com.br\/blog2\/decorattos-portugueses-para-trazer-memoria-arte-e-encanto-aos-ambientes\/\"},\"wordCount\":263,\"commentCount\":0,\"publisher\":{\"@id\":\"https:\/\/ninamartinelli.com.br\/blog2\/#organization\"},\"image\":{\"@id\":\"https:\/\/ninamartinelli.com.br\/blog2\/decorattos-portugueses-para-trazer-memoria-arte-e-encanto-aos-ambientes\/#primaryimage\"},\"thumbnailUrl\":\"https:\/\/ninamartinelli.com.br\/blog2\/wp-content\/uploads\/2024\/03\/decoratto-portugues-1.jpg\",\"keywords\":[\"area externa\",\"area interna\",\"azulejo\",\"revestimento\"],\"articleSection\":[\"Revestimentos\",\"Sustentabilidade\"],\"inLanguage\":\"pt-BR\",\"potentialAction\":[{\"@type\":\"CommentAction\",\"name\":\"Comment\",\"target\":[\"https:\/\/ninamartinelli.com.br\/blog2\/decorattos-portugueses-para-trazer-memoria-arte-e-encanto-aos-ambientes\/#respond\"]}]},{\"@type\":\"WebPage\",\"@id\":\"https:\/\/ninamartinelli.com.br\/blog2\/decorattos-portugueses-para-trazer-memoria-arte-e-encanto-aos-ambientes\/\",\"url\":\"https:\/\/ninamartinelli.com.br\/blog2\/decorattos-portugueses-para-trazer-memoria-arte-e-encanto-aos-ambientes\/\",\"name\":\"Decorattos portugueses, para trazer mem\u00f3ria, arte e encanto aos ambientes\",\"isPartOf\":{\"@id\":\"https:\/\/ninamartinelli.com.br\/blog2\/#website\"},\"primaryImageOfPage\":{\"@id\":\"https:\/\/ninamartinelli.com.br\/blog2\/decorattos-portugueses-para-trazer-memoria-arte-e-encanto-aos-ambientes\/#primaryimage\"},\"image\":{\"@id\":\"https:\/\/ninamartinelli.com.br\/blog2\/decorattos-portugueses-para-trazer-memoria-arte-e-encanto-aos-ambientes\/#primaryimage\"},\"thumbnailUrl\":\"https:\/\/ninamartinelli.com.br\/blog2\/wp-content\/uploads\/2024\/03\/decoratto-portugues-1.jpg\",\"datePublished\":\"2024-03-06T15:02:28+00:00\",\"description\":\"Decorattos portugueses - os azulejos feitos pela Nina Martinelli inspirados na arte e na tradi\u00e7\u00e3o da azulejaria lusitana, conhe\u00e7a aqui\",\"breadcrumb\":{\"@id\":\"https:\/\/ninamartinelli.com.br\/blog2\/decorattos-portugueses-para-trazer-memoria-arte-e-encanto-aos-ambientes\/#breadcrumb\"},\"inLanguage\":\"pt-BR\",\"potentialAction\":[{\"@type\":\"ReadAction\",\"target\":[\"https:\/\/ninamartinelli.com.br\/blog2\/decorattos-portugueses-para-trazer-memoria-arte-e-encanto-aos-ambientes\/\"]}]},{\"@type\":\"ImageObject\",\"inLanguage\":\"pt-BR\",\"@id\":\"https:\/\/ninamartinelli.com.br\/blog2\/decorattos-portugueses-para-trazer-memoria-arte-e-encanto-aos-ambientes\/#primaryimage\",\"url\":\"https:\/\/ninamartinelli.com.br\/blog2\/wp-content\/uploads\/2024\/03\/decoratto-portugues-1.jpg\",\"contentUrl\":\"https:\/\/ninamartinelli.com.br\/blog2\/wp-content\/uploads\/2024\/03\/decoratto-portugues-1.jpg\",\"width\":1920,\"height\":1080},{\"@type\":\"BreadcrumbList\",\"@id\":\"https:\/\/ninamartinelli.com.br\/blog2\/decorattos-portugueses-para-trazer-memoria-arte-e-encanto-aos-ambientes\/#breadcrumb\",\"itemListElement\":[{\"@type\":\"ListItem\",\"position\":1,\"name\":\"In\u00edcio\",\"item\":\"https:\/\/ninamartinelli.com.br\/blog2\/\"},{\"@type\":\"ListItem\",\"position\":2,\"name\":\"Decorattos portugueses, para trazer mem\u00f3ria, arte e encanto aos ambientes\"}]},{\"@type\":\"WebSite\",\"@id\":\"https:\/\/ninamartinelli.com.br\/blog2\/#website\",\"url\":\"https:\/\/ninamartinelli.com.br\/blog2\/\",\"name\":\"Nina Martinelli\",\"description\":\"#Nina_Martinelli\",\"publisher\":{\"@id\":\"https:\/\/ninamartinelli.com.br\/blog2\/#organization\"},\"potentialAction\":[{\"@type\":\"SearchAction\",\"target\":{\"@type\":\"EntryPoint\",\"urlTemplate\":\"https:\/\/ninamartinelli.com.br\/blog2\/?s={search_term_string}\"},\"query-input\":{\"@type\":\"PropertyValueSpecification\",\"valueRequired\":true,\"valueName\":\"search_term_string\"}}],\"inLanguage\":\"pt-BR\"},{\"@type\":\"Organization\",\"@id\":\"https:\/\/ninamartinelli.com.br\/blog2\/#organization\",\"name\":\"Blog Novidades\",\"url\":\"https:\/\/ninamartinelli.com.br\/blog2\/\",\"logo\":{\"@type\":\"ImageObject\",\"inLanguage\":\"pt-BR\",\"@id\":\"https:\/\/ninamartinelli.com.br\/blog2\/#\/schema\/logo\/image\/\",\"url\":\"http:\/\/blog.ninamartinelli.com.br\/wp-content\/uploads\/2022\/03\/logo_nina_blog.png\",\"contentUrl\":\"http:\/\/blog.ninamartinelli.com.br\/wp-content\/uploads\/2022\/03\/logo_nina_blog.png\",\"width\":500,\"height\":104,\"caption\":\"Blog Novidades\"},\"image\":{\"@id\":\"https:\/\/ninamartinelli.com.br\/blog2\/#\/schema\/logo\/image\/\"}},{\"@type\":\"Person\",\"@id\":\"https:\/\/ninamartinelli.com.br\/blog2\/#\/schema\/person\/43fbfb1d4cbe3b472995206b2bb06df5\",\"name\":\"Ana Maria Devides\",\"image\":{\"@type\":\"ImageObject\",\"inLanguage\":\"pt-BR\",\"@id\":\"https:\/\/ninamartinelli.com.br\/blog2\/#\/schema\/person\/image\/\",\"url\":\"https:\/\/secure.gravatar.com\/avatar\/a03a82675d8bb3da8e5c5a6872db97be?s=96&d=mm&r=g\",\"contentUrl\":\"https:\/\/secure.gravatar.com\/avatar\/a03a82675d8bb3da8e5c5a6872db97be?s=96&d=mm&r=g\",\"caption\":\"Ana Maria Devides\"},\"url\":\"https:\/\/ninamartinelli.com.br\/blog2\/author\/assessoria-nina-martinelli\/\"}]}<\/script>\n<!-- \/ Yoast SEO plugin. -->","yoast_head_json":{"title":"Decorattos portugueses, para trazer mem\u00f3ria, arte e encanto aos ambientes","description":"Decorattos portugueses - os azulejos feitos pela Nina Martinelli inspirados na arte e na tradi\u00e7\u00e3o da azulejaria lusitana, conhe\u00e7a aqui","robots":{"index":"index","follow":"follow","max-snippet":"max-snippet:-1","max-image-preview":"max-image-preview:large","max-video-preview":"max-video-preview:-1"},"canonical":"https:\/\/ninamartinelli.com.br\/blog2\/decorattos-portugueses-para-trazer-memoria-arte-e-encanto-aos-ambientes\/","og_locale":"pt_BR","og_type":"article","og_title":"Decorattos portugueses, para trazer mem\u00f3ria, arte e encanto aos ambientes","og_description":"Decorattos portugueses - os azulejos feitos pela Nina Martinelli inspirados na arte e na tradi\u00e7\u00e3o da azulejaria lusitana, conhe\u00e7a aqui","og_url":"https:\/\/ninamartinelli.com.br\/blog2\/decorattos-portugueses-para-trazer-memoria-arte-e-encanto-aos-ambientes\/","og_site_name":"Blog Nina","article_published_time":"2024-03-06T15:02:28+00:00","og_image":[{"width":1920,"height":1080,"url":"https:\/\/ninamartinelli.com.br\/blog2\/wp-content\/uploads\/2024\/03\/decoratto-portugues-1.jpg","type":"image\/jpeg"}],"author":"Ana Maria Devides","twitter_card":"summary_large_image","twitter_misc":{"Escrito por":"Ana Maria Devides","Est. tempo de leitura":"2 minutos"},"schema":{"@context":"https:\/\/schema.org","@graph":[{"@type":"Article","@id":"https:\/\/ninamartinelli.com.br\/blog2\/decorattos-portugueses-para-trazer-memoria-arte-e-encanto-aos-ambientes\/#article","isPartOf":{"@id":"https:\/\/ninamartinelli.com.br\/blog2\/decorattos-portugueses-para-trazer-memoria-arte-e-encanto-aos-ambientes\/"},"author":{"name":"Ana Maria Devides","@id":"https:\/\/ninamartinelli.com.br\/blog2\/#\/schema\/person\/43fbfb1d4cbe3b472995206b2bb06df5"},"headline":"Decorattos portugueses, para trazer mem\u00f3ria, arte e encanto aos ambientes","datePublished":"2024-03-06T15:02:28+00:00","mainEntityOfPage":{"@id":"https:\/\/ninamartinelli.com.br\/blog2\/decorattos-portugueses-para-trazer-memoria-arte-e-encanto-aos-ambientes\/"},"wordCount":263,"commentCount":0,"publisher":{"@id":"https:\/\/ninamartinelli.com.br\/blog2\/#organization"},"image":{"@id":"https:\/\/ninamartinelli.com.br\/blog2\/decorattos-portugueses-para-trazer-memoria-arte-e-encanto-aos-ambientes\/#primaryimage"},"thumbnailUrl":"https:\/\/ninamartinelli.com.br\/blog2\/wp-content\/uploads\/2024\/03\/decoratto-portugues-1.jpg","keywords":["area externa","area interna","azulejo","revestimento"],"articleSection":["Revestimentos","Sustentabilidade"],"inLanguage":"pt-BR","potentialAction":[{"@type":"CommentAction","name":"Comment","target":["https:\/\/ninamartinelli.com.br\/blog2\/decorattos-portugueses-para-trazer-memoria-arte-e-encanto-aos-ambientes\/#respond"]}]},{"@type":"WebPage","@id":"https:\/\/ninamartinelli.com.br\/blog2\/decorattos-portugueses-para-trazer-memoria-arte-e-encanto-aos-ambientes\/","url":"https:\/\/ninamartinelli.com.br\/blog2\/decorattos-portugueses-para-trazer-memoria-arte-e-encanto-aos-ambientes\/","name":"Decorattos portugueses, para trazer mem\u00f3ria, arte e encanto aos ambientes","isPartOf":{"@id":"https:\/\/ninamartinelli.com.br\/blog2\/#website"},"primaryImageOfPage":{"@id":"https:\/\/ninamartinelli.com.br\/blog2\/decorattos-portugueses-para-trazer-memoria-arte-e-encanto-aos-ambientes\/#primaryimage"},"image":{"@id":"https:\/\/ninamartinelli.com.br\/blog2\/decorattos-portugueses-para-trazer-memoria-arte-e-encanto-aos-ambientes\/#primaryimage"},"thumbnailUrl":"https:\/\/ninamartinelli.com.br\/blog2\/wp-content\/uploads\/2024\/03\/decoratto-portugues-1.jpg","datePublished":"2024-03-06T15:02:28+00:00","description":"Decorattos portugueses - os azulejos feitos pela Nina Martinelli inspirados na arte e na tradi\u00e7\u00e3o da azulejaria lusitana, conhe\u00e7a aqui","breadcrumb":{"@id":"https:\/\/ninamartinelli.com.br\/blog2\/decorattos-portugueses-para-trazer-memoria-arte-e-encanto-aos-ambientes\/#breadcrumb"},"inLanguage":"pt-BR","potentialAction":[{"@type":"ReadAction","target":["https:\/\/ninamartinelli.com.br\/blog2\/decorattos-portugueses-para-trazer-memoria-arte-e-encanto-aos-ambientes\/"]}]},{"@type":"ImageObject","inLanguage":"pt-BR","@id":"https:\/\/ninamartinelli.com.br\/blog2\/decorattos-portugueses-para-trazer-memoria-arte-e-encanto-aos-ambientes\/#primaryimage","url":"https:\/\/ninamartinelli.com.br\/blog2\/wp-content\/uploads\/2024\/03\/decoratto-portugues-1.jpg","contentUrl":"https:\/\/ninamartinelli.com.br\/blog2\/wp-content\/uploads\/2024\/03\/decoratto-portugues-1.jpg","width":1920,"height":1080},{"@type":"BreadcrumbList","@id":"https:\/\/ninamartinelli.com.br\/blog2\/decorattos-portugueses-para-trazer-memoria-arte-e-encanto-aos-ambientes\/#breadcrumb","itemListElement":[{"@type":"ListItem","position":1,"name":"In\u00edcio","item":"https:\/\/ninamartinelli.com.br\/blog2\/"},{"@type":"ListItem","position":2,"name":"Decorattos portugueses, para trazer mem\u00f3ria, arte e encanto aos ambientes"}]},{"@type":"WebSite","@id":"https:\/\/ninamartinelli.com.br\/blog2\/#website","url":"https:\/\/ninamartinelli.com.br\/blog2\/","name":"Nina Martinelli","description":"#Nina_Martinelli","publisher":{"@id":"https:\/\/ninamartinelli.com.br\/blog2\/#organization"},"potentialAction":[{"@type":"SearchAction","target":{"@type":"EntryPoint","urlTemplate":"https:\/\/ninamartinelli.com.br\/blog2\/?s={search_term_string}"},"query-input":{"@type":"PropertyValueSpecification","valueRequired":true,"valueName":"search_term_string"}}],"inLanguage":"pt-BR"},{"@type":"Organization","@id":"https:\/\/ninamartinelli.com.br\/blog2\/#organization","name":"Blog Novidades","url":"https:\/\/ninamartinelli.com.br\/blog2\/","logo":{"@type":"ImageObject","inLanguage":"pt-BR","@id":"https:\/\/ninamartinelli.com.br\/blog2\/#\/schema\/logo\/image\/","url":"http:\/\/blog.ninamartinelli.com.br\/wp-content\/uploads\/2022\/03\/logo_nina_blog.png","contentUrl":"http:\/\/blog.ninamartinelli.com.br\/wp-content\/uploads\/2022\/03\/logo_nina_blog.png","width":500,"height":104,"caption":"Blog Novidades"},"image":{"@id":"https:\/\/ninamartinelli.com.br\/blog2\/#\/schema\/logo\/image\/"}},{"@type":"Person","@id":"https:\/\/ninamartinelli.com.br\/blog2\/#\/schema\/person\/43fbfb1d4cbe3b472995206b2bb06df5","name":"Ana Maria Devides","image":{"@type":"ImageObject","inLanguage":"pt-BR","@id":"https:\/\/ninamartinelli.com.br\/blog2\/#\/schema\/person\/image\/","url":"https:\/\/secure.gravatar.com\/avatar\/a03a82675d8bb3da8e5c5a6872db97be?s=96&d=mm&r=g","contentUrl":"https:\/\/secure.gravatar.com\/avatar\/a03a82675d8bb3da8e5c5a6872db97be?s=96&d=mm&r=g","caption":"Ana Maria Devides"},"url":"https:\/\/ninamartinelli.com.br\/blog2\/author\/assessoria-nina-martinelli\/"}]}},"_links":{"self":[{"href":"https:\/\/ninamartinelli.com.br\/blog2\/wp-json\/wp\/v2\/posts\/2271","targetHints":{"allow":["GET"]}}],"collection":[{"href":"https:\/\/ninamartinelli.com.br\/blog2\/wp-json\/wp\/v2\/posts"}],"about":[{"href":"https:\/\/ninamartinelli.com.br\/blog2\/wp-json\/wp\/v2\/types\/post"}],"author":[{"embeddable":true,"href":"https:\/\/ninamartinelli.com.br\/blog2\/wp-json\/wp\/v2\/users\/2"}],"replies":[{"embeddable":true,"href":"https:\/\/ninamartinelli.com.br\/blog2\/wp-json\/wp\/v2\/comments?post=2271"}],"version-history":[{"count":1,"href":"https:\/\/ninamartinelli.com.br\/blog2\/wp-json\/wp\/v2\/posts\/2271\/revisions"}],"predecessor-version":[{"id":2275,"href":"https:\/\/ninamartinelli.com.br\/blog2\/wp-json\/wp\/v2\/posts\/2271\/revisions\/2275"}],"wp:featuredmedia":[{"embeddable":true,"href":"https:\/\/ninamartinelli.com.br\/blog2\/wp-json\/wp\/v2\/media\/2272"}],"wp:attachment":[{"href":"https:\/\/ninamartinelli.com.br\/blog2\/wp-json\/wp\/v2\/media?parent=2271"}],"wp:term":[{"taxonomy":"category","embeddable":true,"href":"https:\/\/ninamartinelli.com.br\/blog2\/wp-json\/wp\/v2\/categories?post=2271"},{"taxonomy":"post_tag","embeddable":true,"href":"https:\/\/ninamartinelli.com.br\/blog2\/wp-json\/wp\/v2\/tags?post=2271"}],"curies":[{"name":"wp","href":"https:\/\/api.w.org\/{rel}","templated":true}]}}