{"id":2263,"date":"2024-02-21T09:36:35","date_gmt":"2024-02-21T12:36:35","guid":{"rendered":"https:\/\/ninamartinelli.com.br\/blog2\/?p=2263"},"modified":"2024-02-21T09:36:35","modified_gmt":"2024-02-21T12:36:35","slug":"expo-revestir-2024-nina-martinelli-marca-presenca-com-muitos-lancamentos","status":"publish","type":"post","link":"https:\/\/ninamartinelli.com.br\/blog2\/expo-revestir-2024-nina-martinelli-marca-presenca-com-muitos-lancamentos\/","title":{"rendered":"Expo Revestir 2024 \u2013 Nina Martinelli marca presen\u00e7a com muitos lan\u00e7amentos!"},"content":{"rendered":"<p>Expo Revestir 2024 \u2013 A Nina Martinelli Pisos e Revestimentos est\u00e1 finalizando os preparativos para a participa\u00e7\u00e3o em mais uma edi\u00e7\u00e3o da <a href=\"https:\/\/www.exporevestir.com.br\/\">Expo Revestir<\/a>, que come\u00e7a no pr\u00f3ximo dia 19 de mar\u00e7o, no <a href=\"https:\/\/www.saopauloexpo.com.br\/pt\/\">Pavilh\u00e3o S\u00e3o Paulo Expo<\/a>, em S\u00e3o Paulo \u2013 Capital.<\/p>\n<p>A participa\u00e7\u00e3o da marca este ano promete ser pontuada por algumas surpresas preparadas como lan\u00e7amentos que ser\u00e3o conhecidos durante o evento.<\/p>\n<p>Simetria, beleza e ousadia nos formatos permeiam todo o trabalho desenvolvido para a feira, que \u00e9 a maior da Am\u00e9rica Latina no segmento de acabamentos.<\/p>\n<p>O acervo a ser apresentado no evento prop\u00f5e levar o visitante a uma jornada singular, onde a tradi\u00e7\u00e3o se funde com a inova\u00e7\u00e3o em pisos e revestimentos feitos a partir de elementos naturais, meticulosamente fabricados \u00e0 m\u00e3o.<\/p>\n<p>Cores, texturas, estilos, combina\u00e7\u00f5es de materiais e t\u00e9cnicas, al\u00e9m das mais de duas d\u00e9cadas de hist\u00f3ria da marca se fundem produzir pe\u00e7as artesanais que contam hist\u00f3rias.<\/p>\n<p>Hist\u00f3rias de conex\u00e3o, ousadia e diferencia\u00e7\u00e3o, atributos que dez entre 10 especificadores buscam nos acabamentos para encantar seus clientes e tornar os ambientes \u00fanicos e atemporais.<\/p>\n<p>A preocupa\u00e7\u00e3o com a sustentabilidade, que est\u00e1 no DNA da Nina Martinelli tamb\u00e9m se consolida na apresenta\u00e7\u00e3o de produtos que s\u00e3o feitos por m\u00e3os humanas, com toda a sua carga de sentimentos, personalidade e hist\u00f3ria, trabalhando dentro de pr\u00e1ticas que respeitam e se harmonizam com o meio ambiente.<\/p>\n<p>Para se conectar com tudo isso, \u00e9 s\u00f3 visitar o estande da Nina Martinelli, no Pavilh\u00e3o 1, Rua C, estande C 11.<\/p>\n<p><em>\u201cEsperamos que tamb\u00e9m este ano nosso estande seja um ponto de refer\u00eancia para os especificadores, revendedores e outros stakeholders que potencializam e impulsionam nossa criatividade e refor\u00e7am nosso compromisso de sempre apresentar inova\u00e7\u00f5es com beleza, design e muita qualidade na Revestir\u201d<\/em>, diz Jos\u00e9 Renato Videira, um dos fundadores e diretores da empresa.<\/p>\n<p><strong>Servi\u00e7o<\/strong><\/p>\n<p>Expo Revestir 2024<\/p>\n<p>19 a 22 de Mar\u00e7o<\/p>\n<p>Pavilh\u00e3o S\u00e3o Paulo Expo, S\u00e3o Paulo, Capital<\/p>\n<p>Estande Nina Martinelli \u2013 Pavilh\u00e3o 1 rua C estande C11<\/p>\n<p>&nbsp;<\/p>\n<p>&nbsp;<\/p>\n","protected":false},"excerpt":{"rendered":"<p>Expo Revestir 2024 \u2013 A Nina Martinelli Pisos e Revestimentos est\u00e1 finalizando os preparativos para<\/p>\n","protected":false},"author":2,"featured_media":2264,"comment_status":"open","ping_status":"open","sticky":false,"template":"","format":"standard","meta":{"footnotes":""},"categories":[48,19,1,21,26,129],"tags":[98,99,100,24,46,131],"class_list":["post-2263","post","type-post","status-publish","format-standard","has-post-thumbnail","hentry","category-expo-revestir","category-mostras-e-eventos","category-nina-martinelli","category-pisos","category-revestimentos","category-sustentabilidade","tag-expo-revestir","tag-feira","tag-lancamentos","tag-piso","tag-revestimento","tag-sustentabilidade"],"yoast_head":"<!-- This site is optimized with the Yoast SEO plugin v26.8 - https:\/\/yoast.com\/product\/yoast-seo-wordpress\/ -->\n<title>Expo Revestir 2024 \u2013 Nina Martinelli marca presen\u00e7a com muitos lan\u00e7amentos!<\/title>\n<meta name=\"description\" content=\"Expo Revestir 2024 - Simetria, conex\u00e3o, ousadia nos formatos, e muito mais que a Nina Martinelli Pisos e Revestimentos vai levar este ano para o evento!\" \/>\n<meta name=\"robots\" content=\"index, follow, max-snippet:-1, max-image-preview:large, max-video-preview:-1\" \/>\n<link rel=\"canonical\" href=\"https:\/\/ninamartinelli.com.br\/blog2\/expo-revestir-2024-nina-martinelli-marca-presenca-com-muitos-lancamentos\/\" \/>\n<meta property=\"og:locale\" content=\"pt_BR\" \/>\n<meta property=\"og:type\" content=\"article\" \/>\n<meta property=\"og:title\" content=\"Expo Revestir 2024 \u2013 Nina Martinelli marca presen\u00e7a com muitos lan\u00e7amentos!\" \/>\n<meta property=\"og:description\" content=\"Expo Revestir 2024 - Simetria, conex\u00e3o, ousadia nos formatos, e muito mais que a Nina Martinelli Pisos e Revestimentos vai levar este ano para o evento!\" \/>\n<meta property=\"og:url\" content=\"https:\/\/ninamartinelli.com.br\/blog2\/expo-revestir-2024-nina-martinelli-marca-presenca-com-muitos-lancamentos\/\" \/>\n<meta property=\"og:site_name\" content=\"Blog Nina\" \/>\n<meta property=\"article:published_time\" content=\"2024-02-21T12:36:35+00:00\" \/>\n<meta property=\"og:image\" content=\"https:\/\/ninamartinelli.com.br\/blog2\/wp-content\/uploads\/2024\/02\/revestir-geral-scaled.jpg\" \/>\n\t<meta property=\"og:image:width\" content=\"2560\" \/>\n\t<meta property=\"og:image:height\" content=\"1709\" \/>\n\t<meta property=\"og:image:type\" content=\"image\/jpeg\" \/>\n<meta name=\"author\" content=\"Ana Maria Devides\" \/>\n<meta name=\"twitter:card\" content=\"summary_large_image\" \/>\n<meta name=\"twitter:label1\" content=\"Escrito por\" \/>\n\t<meta name=\"twitter:data1\" content=\"Ana Maria Devides\" \/>\n\t<meta name=\"twitter:label2\" content=\"Est. tempo de leitura\" \/>\n\t<meta name=\"twitter:data2\" content=\"2 minutos\" \/>\n<script type=\"application\/ld+json\" class=\"yoast-schema-graph\">{\"@context\":\"https:\/\/schema.org\",\"@graph\":[{\"@type\":\"Article\",\"@id\":\"https:\/\/ninamartinelli.com.br\/blog2\/expo-revestir-2024-nina-martinelli-marca-presenca-com-muitos-lancamentos\/#article\",\"isPartOf\":{\"@id\":\"https:\/\/ninamartinelli.com.br\/blog2\/expo-revestir-2024-nina-martinelli-marca-presenca-com-muitos-lancamentos\/\"},\"author\":{\"name\":\"Ana Maria Devides\",\"@id\":\"https:\/\/ninamartinelli.com.br\/blog2\/#\/schema\/person\/43fbfb1d4cbe3b472995206b2bb06df5\"},\"headline\":\"Expo Revestir 2024 \u2013 Nina Martinelli marca presen\u00e7a com muitos lan\u00e7amentos!\",\"datePublished\":\"2024-02-21T12:36:35+00:00\",\"mainEntityOfPage\":{\"@id\":\"https:\/\/ninamartinelli.com.br\/blog2\/expo-revestir-2024-nina-martinelli-marca-presenca-com-muitos-lancamentos\/\"},\"wordCount\":367,\"commentCount\":0,\"publisher\":{\"@id\":\"https:\/\/ninamartinelli.com.br\/blog2\/#organization\"},\"image\":{\"@id\":\"https:\/\/ninamartinelli.com.br\/blog2\/expo-revestir-2024-nina-martinelli-marca-presenca-com-muitos-lancamentos\/#primaryimage\"},\"thumbnailUrl\":\"https:\/\/ninamartinelli.com.br\/blog2\/wp-content\/uploads\/2024\/02\/revestir-geral-scaled.jpg\",\"keywords\":[\"expo revestir\",\"feira\",\"lan\u00e7amentos\",\"piso\",\"revestimento\",\"Sustentabilidade\"],\"articleSection\":[\"EXPO Revestir\",\"Mostras e Eventos\",\"Nina Martinelli\",\"Pisos\",\"Revestimentos\",\"Sustentabilidade\"],\"inLanguage\":\"pt-BR\",\"potentialAction\":[{\"@type\":\"CommentAction\",\"name\":\"Comment\",\"target\":[\"https:\/\/ninamartinelli.com.br\/blog2\/expo-revestir-2024-nina-martinelli-marca-presenca-com-muitos-lancamentos\/#respond\"]}]},{\"@type\":\"WebPage\",\"@id\":\"https:\/\/ninamartinelli.com.br\/blog2\/expo-revestir-2024-nina-martinelli-marca-presenca-com-muitos-lancamentos\/\",\"url\":\"https:\/\/ninamartinelli.com.br\/blog2\/expo-revestir-2024-nina-martinelli-marca-presenca-com-muitos-lancamentos\/\",\"name\":\"Expo Revestir 2024 \u2013 Nina Martinelli marca presen\u00e7a com muitos lan\u00e7amentos!\",\"isPartOf\":{\"@id\":\"https:\/\/ninamartinelli.com.br\/blog2\/#website\"},\"primaryImageOfPage\":{\"@id\":\"https:\/\/ninamartinelli.com.br\/blog2\/expo-revestir-2024-nina-martinelli-marca-presenca-com-muitos-lancamentos\/#primaryimage\"},\"image\":{\"@id\":\"https:\/\/ninamartinelli.com.br\/blog2\/expo-revestir-2024-nina-martinelli-marca-presenca-com-muitos-lancamentos\/#primaryimage\"},\"thumbnailUrl\":\"https:\/\/ninamartinelli.com.br\/blog2\/wp-content\/uploads\/2024\/02\/revestir-geral-scaled.jpg\",\"datePublished\":\"2024-02-21T12:36:35+00:00\",\"description\":\"Expo Revestir 2024 - Simetria, conex\u00e3o, ousadia nos formatos, e muito mais que a Nina Martinelli Pisos e Revestimentos vai levar este ano para o evento!\",\"breadcrumb\":{\"@id\":\"https:\/\/ninamartinelli.com.br\/blog2\/expo-revestir-2024-nina-martinelli-marca-presenca-com-muitos-lancamentos\/#breadcrumb\"},\"inLanguage\":\"pt-BR\",\"potentialAction\":[{\"@type\":\"ReadAction\",\"target\":[\"https:\/\/ninamartinelli.com.br\/blog2\/expo-revestir-2024-nina-martinelli-marca-presenca-com-muitos-lancamentos\/\"]}]},{\"@type\":\"ImageObject\",\"inLanguage\":\"pt-BR\",\"@id\":\"https:\/\/ninamartinelli.com.br\/blog2\/expo-revestir-2024-nina-martinelli-marca-presenca-com-muitos-lancamentos\/#primaryimage\",\"url\":\"https:\/\/ninamartinelli.com.br\/blog2\/wp-content\/uploads\/2024\/02\/revestir-geral-scaled.jpg\",\"contentUrl\":\"https:\/\/ninamartinelli.com.br\/blog2\/wp-content\/uploads\/2024\/02\/revestir-geral-scaled.jpg\",\"width\":2560,\"height\":1709},{\"@type\":\"BreadcrumbList\",\"@id\":\"https:\/\/ninamartinelli.com.br\/blog2\/expo-revestir-2024-nina-martinelli-marca-presenca-com-muitos-lancamentos\/#breadcrumb\",\"itemListElement\":[{\"@type\":\"ListItem\",\"position\":1,\"name\":\"In\u00edcio\",\"item\":\"https:\/\/ninamartinelli.com.br\/blog2\/\"},{\"@type\":\"ListItem\",\"position\":2,\"name\":\"Expo Revestir 2024 \u2013 Nina Martinelli marca presen\u00e7a com muitos lan\u00e7amentos!\"}]},{\"@type\":\"WebSite\",\"@id\":\"https:\/\/ninamartinelli.com.br\/blog2\/#website\",\"url\":\"https:\/\/ninamartinelli.com.br\/blog2\/\",\"name\":\"Nina Martinelli\",\"description\":\"#Nina_Martinelli\",\"publisher\":{\"@id\":\"https:\/\/ninamartinelli.com.br\/blog2\/#organization\"},\"potentialAction\":[{\"@type\":\"SearchAction\",\"target\":{\"@type\":\"EntryPoint\",\"urlTemplate\":\"https:\/\/ninamartinelli.com.br\/blog2\/?s={search_term_string}\"},\"query-input\":{\"@type\":\"PropertyValueSpecification\",\"valueRequired\":true,\"valueName\":\"search_term_string\"}}],\"inLanguage\":\"pt-BR\"},{\"@type\":\"Organization\",\"@id\":\"https:\/\/ninamartinelli.com.br\/blog2\/#organization\",\"name\":\"Blog Novidades\",\"url\":\"https:\/\/ninamartinelli.com.br\/blog2\/\",\"logo\":{\"@type\":\"ImageObject\",\"inLanguage\":\"pt-BR\",\"@id\":\"https:\/\/ninamartinelli.com.br\/blog2\/#\/schema\/logo\/image\/\",\"url\":\"http:\/\/blog.ninamartinelli.com.br\/wp-content\/uploads\/2022\/03\/logo_nina_blog.png\",\"contentUrl\":\"http:\/\/blog.ninamartinelli.com.br\/wp-content\/uploads\/2022\/03\/logo_nina_blog.png\",\"width\":500,\"height\":104,\"caption\":\"Blog Novidades\"},\"image\":{\"@id\":\"https:\/\/ninamartinelli.com.br\/blog2\/#\/schema\/logo\/image\/\"}},{\"@type\":\"Person\",\"@id\":\"https:\/\/ninamartinelli.com.br\/blog2\/#\/schema\/person\/43fbfb1d4cbe3b472995206b2bb06df5\",\"name\":\"Ana Maria Devides\",\"image\":{\"@type\":\"ImageObject\",\"inLanguage\":\"pt-BR\",\"@id\":\"https:\/\/ninamartinelli.com.br\/blog2\/#\/schema\/person\/image\/\",\"url\":\"https:\/\/secure.gravatar.com\/avatar\/a03a82675d8bb3da8e5c5a6872db97be?s=96&d=mm&r=g\",\"contentUrl\":\"https:\/\/secure.gravatar.com\/avatar\/a03a82675d8bb3da8e5c5a6872db97be?s=96&d=mm&r=g\",\"caption\":\"Ana Maria Devides\"},\"url\":\"https:\/\/ninamartinelli.com.br\/blog2\/author\/assessoria-nina-martinelli\/\"}]}<\/script>\n<!-- \/ Yoast SEO plugin. -->","yoast_head_json":{"title":"Expo Revestir 2024 \u2013 Nina Martinelli marca presen\u00e7a com muitos lan\u00e7amentos!","description":"Expo Revestir 2024 - Simetria, conex\u00e3o, ousadia nos formatos, e muito mais que a Nina Martinelli Pisos e Revestimentos vai levar este ano para o evento!","robots":{"index":"index","follow":"follow","max-snippet":"max-snippet:-1","max-image-preview":"max-image-preview:large","max-video-preview":"max-video-preview:-1"},"canonical":"https:\/\/ninamartinelli.com.br\/blog2\/expo-revestir-2024-nina-martinelli-marca-presenca-com-muitos-lancamentos\/","og_locale":"pt_BR","og_type":"article","og_title":"Expo Revestir 2024 \u2013 Nina Martinelli marca presen\u00e7a com muitos lan\u00e7amentos!","og_description":"Expo Revestir 2024 - Simetria, conex\u00e3o, ousadia nos formatos, e muito mais que a Nina Martinelli Pisos e Revestimentos vai levar este ano para o evento!","og_url":"https:\/\/ninamartinelli.com.br\/blog2\/expo-revestir-2024-nina-martinelli-marca-presenca-com-muitos-lancamentos\/","og_site_name":"Blog Nina","article_published_time":"2024-02-21T12:36:35+00:00","og_image":[{"width":2560,"height":1709,"url":"https:\/\/ninamartinelli.com.br\/blog2\/wp-content\/uploads\/2024\/02\/revestir-geral-scaled.jpg","type":"image\/jpeg"}],"author":"Ana Maria Devides","twitter_card":"summary_large_image","twitter_misc":{"Escrito por":"Ana Maria Devides","Est. tempo de leitura":"2 minutos"},"schema":{"@context":"https:\/\/schema.org","@graph":[{"@type":"Article","@id":"https:\/\/ninamartinelli.com.br\/blog2\/expo-revestir-2024-nina-martinelli-marca-presenca-com-muitos-lancamentos\/#article","isPartOf":{"@id":"https:\/\/ninamartinelli.com.br\/blog2\/expo-revestir-2024-nina-martinelli-marca-presenca-com-muitos-lancamentos\/"},"author":{"name":"Ana Maria Devides","@id":"https:\/\/ninamartinelli.com.br\/blog2\/#\/schema\/person\/43fbfb1d4cbe3b472995206b2bb06df5"},"headline":"Expo Revestir 2024 \u2013 Nina Martinelli marca presen\u00e7a com muitos lan\u00e7amentos!","datePublished":"2024-02-21T12:36:35+00:00","mainEntityOfPage":{"@id":"https:\/\/ninamartinelli.com.br\/blog2\/expo-revestir-2024-nina-martinelli-marca-presenca-com-muitos-lancamentos\/"},"wordCount":367,"commentCount":0,"publisher":{"@id":"https:\/\/ninamartinelli.com.br\/blog2\/#organization"},"image":{"@id":"https:\/\/ninamartinelli.com.br\/blog2\/expo-revestir-2024-nina-martinelli-marca-presenca-com-muitos-lancamentos\/#primaryimage"},"thumbnailUrl":"https:\/\/ninamartinelli.com.br\/blog2\/wp-content\/uploads\/2024\/02\/revestir-geral-scaled.jpg","keywords":["expo revestir","feira","lan\u00e7amentos","piso","revestimento","Sustentabilidade"],"articleSection":["EXPO Revestir","Mostras e Eventos","Nina Martinelli","Pisos","Revestimentos","Sustentabilidade"],"inLanguage":"pt-BR","potentialAction":[{"@type":"CommentAction","name":"Comment","target":["https:\/\/ninamartinelli.com.br\/blog2\/expo-revestir-2024-nina-martinelli-marca-presenca-com-muitos-lancamentos\/#respond"]}]},{"@type":"WebPage","@id":"https:\/\/ninamartinelli.com.br\/blog2\/expo-revestir-2024-nina-martinelli-marca-presenca-com-muitos-lancamentos\/","url":"https:\/\/ninamartinelli.com.br\/blog2\/expo-revestir-2024-nina-martinelli-marca-presenca-com-muitos-lancamentos\/","name":"Expo Revestir 2024 \u2013 Nina Martinelli marca presen\u00e7a com muitos lan\u00e7amentos!","isPartOf":{"@id":"https:\/\/ninamartinelli.com.br\/blog2\/#website"},"primaryImageOfPage":{"@id":"https:\/\/ninamartinelli.com.br\/blog2\/expo-revestir-2024-nina-martinelli-marca-presenca-com-muitos-lancamentos\/#primaryimage"},"image":{"@id":"https:\/\/ninamartinelli.com.br\/blog2\/expo-revestir-2024-nina-martinelli-marca-presenca-com-muitos-lancamentos\/#primaryimage"},"thumbnailUrl":"https:\/\/ninamartinelli.com.br\/blog2\/wp-content\/uploads\/2024\/02\/revestir-geral-scaled.jpg","datePublished":"2024-02-21T12:36:35+00:00","description":"Expo Revestir 2024 - Simetria, conex\u00e3o, ousadia nos formatos, e muito mais que a Nina Martinelli Pisos e Revestimentos vai levar este ano para o evento!","breadcrumb":{"@id":"https:\/\/ninamartinelli.com.br\/blog2\/expo-revestir-2024-nina-martinelli-marca-presenca-com-muitos-lancamentos\/#breadcrumb"},"inLanguage":"pt-BR","potentialAction":[{"@type":"ReadAction","target":["https:\/\/ninamartinelli.com.br\/blog2\/expo-revestir-2024-nina-martinelli-marca-presenca-com-muitos-lancamentos\/"]}]},{"@type":"ImageObject","inLanguage":"pt-BR","@id":"https:\/\/ninamartinelli.com.br\/blog2\/expo-revestir-2024-nina-martinelli-marca-presenca-com-muitos-lancamentos\/#primaryimage","url":"https:\/\/ninamartinelli.com.br\/blog2\/wp-content\/uploads\/2024\/02\/revestir-geral-scaled.jpg","contentUrl":"https:\/\/ninamartinelli.com.br\/blog2\/wp-content\/uploads\/2024\/02\/revestir-geral-scaled.jpg","width":2560,"height":1709},{"@type":"BreadcrumbList","@id":"https:\/\/ninamartinelli.com.br\/blog2\/expo-revestir-2024-nina-martinelli-marca-presenca-com-muitos-lancamentos\/#breadcrumb","itemListElement":[{"@type":"ListItem","position":1,"name":"In\u00edcio","item":"https:\/\/ninamartinelli.com.br\/blog2\/"},{"@type":"ListItem","position":2,"name":"Expo Revestir 2024 \u2013 Nina Martinelli marca presen\u00e7a com muitos lan\u00e7amentos!"}]},{"@type":"WebSite","@id":"https:\/\/ninamartinelli.com.br\/blog2\/#website","url":"https:\/\/ninamartinelli.com.br\/blog2\/","name":"Nina Martinelli","description":"#Nina_Martinelli","publisher":{"@id":"https:\/\/ninamartinelli.com.br\/blog2\/#organization"},"potentialAction":[{"@type":"SearchAction","target":{"@type":"EntryPoint","urlTemplate":"https:\/\/ninamartinelli.com.br\/blog2\/?s={search_term_string}"},"query-input":{"@type":"PropertyValueSpecification","valueRequired":true,"valueName":"search_term_string"}}],"inLanguage":"pt-BR"},{"@type":"Organization","@id":"https:\/\/ninamartinelli.com.br\/blog2\/#organization","name":"Blog Novidades","url":"https:\/\/ninamartinelli.com.br\/blog2\/","logo":{"@type":"ImageObject","inLanguage":"pt-BR","@id":"https:\/\/ninamartinelli.com.br\/blog2\/#\/schema\/logo\/image\/","url":"http:\/\/blog.ninamartinelli.com.br\/wp-content\/uploads\/2022\/03\/logo_nina_blog.png","contentUrl":"http:\/\/blog.ninamartinelli.com.br\/wp-content\/uploads\/2022\/03\/logo_nina_blog.png","width":500,"height":104,"caption":"Blog Novidades"},"image":{"@id":"https:\/\/ninamartinelli.com.br\/blog2\/#\/schema\/logo\/image\/"}},{"@type":"Person","@id":"https:\/\/ninamartinelli.com.br\/blog2\/#\/schema\/person\/43fbfb1d4cbe3b472995206b2bb06df5","name":"Ana Maria Devides","image":{"@type":"ImageObject","inLanguage":"pt-BR","@id":"https:\/\/ninamartinelli.com.br\/blog2\/#\/schema\/person\/image\/","url":"https:\/\/secure.gravatar.com\/avatar\/a03a82675d8bb3da8e5c5a6872db97be?s=96&d=mm&r=g","contentUrl":"https:\/\/secure.gravatar.com\/avatar\/a03a82675d8bb3da8e5c5a6872db97be?s=96&d=mm&r=g","caption":"Ana Maria Devides"},"url":"https:\/\/ninamartinelli.com.br\/blog2\/author\/assessoria-nina-martinelli\/"}]}},"_links":{"self":[{"href":"https:\/\/ninamartinelli.com.br\/blog2\/wp-json\/wp\/v2\/posts\/2263","targetHints":{"allow":["GET"]}}],"collection":[{"href":"https:\/\/ninamartinelli.com.br\/blog2\/wp-json\/wp\/v2\/posts"}],"about":[{"href":"https:\/\/ninamartinelli.com.br\/blog2\/wp-json\/wp\/v2\/types\/post"}],"author":[{"embeddable":true,"href":"https:\/\/ninamartinelli.com.br\/blog2\/wp-json\/wp\/v2\/users\/2"}],"replies":[{"embeddable":true,"href":"https:\/\/ninamartinelli.com.br\/blog2\/wp-json\/wp\/v2\/comments?post=2263"}],"version-history":[{"count":2,"href":"https:\/\/ninamartinelli.com.br\/blog2\/wp-json\/wp\/v2\/posts\/2263\/revisions"}],"predecessor-version":[{"id":2266,"href":"https:\/\/ninamartinelli.com.br\/blog2\/wp-json\/wp\/v2\/posts\/2263\/revisions\/2266"}],"wp:featuredmedia":[{"embeddable":true,"href":"https:\/\/ninamartinelli.com.br\/blog2\/wp-json\/wp\/v2\/media\/2264"}],"wp:attachment":[{"href":"https:\/\/ninamartinelli.com.br\/blog2\/wp-json\/wp\/v2\/media?parent=2263"}],"wp:term":[{"taxonomy":"category","embeddable":true,"href":"https:\/\/ninamartinelli.com.br\/blog2\/wp-json\/wp\/v2\/categories?post=2263"},{"taxonomy":"post_tag","embeddable":true,"href":"https:\/\/ninamartinelli.com.br\/blog2\/wp-json\/wp\/v2\/tags?post=2263"}],"curies":[{"name":"wp","href":"https:\/\/api.w.org\/{rel}","templated":true}]}}