{"id":2256,"date":"2024-02-14T14:12:46","date_gmt":"2024-02-14T17:12:46","guid":{"rendered":"https:\/\/ninamartinelli.com.br\/blog2\/?p=2256"},"modified":"2024-02-14T14:12:46","modified_gmt":"2024-02-14T17:12:46","slug":"vida-beleza-e-um-respiro-na-forma-de-area-de-descanso-com-pezzo-algodao-no-interior-paulista","status":"publish","type":"post","link":"https:\/\/ninamartinelli.com.br\/blog2\/vida-beleza-e-um-respiro-na-forma-de-area-de-descanso-com-pezzo-algodao-no-interior-paulista\/","title":{"rendered":"Vida, beleza e um respiro na forma de \u00e1rea de descanso com Pezzo Algod\u00e3o, no interior paulista"},"content":{"rendered":"<p>Vida, beleza e um respiro \u2013 uma \u00e1rea de descanso criada a partir de um espa\u00e7o sem qualquer atrativo, onde antes havia uma janela e uma cortina, quase sempre fechadas. Trazer o externo para o interno, proporcionar beleza e, assim, criar um espa\u00e7o de \u2018respiro\u2019 para um casal com uma filhinha pequena. E, de quebra, modernizar a fachada de uma resid\u00eancia de 170 m<sup>2<\/sup>, em um belo condom\u00ednio fechado, em S\u00e3o Carlos, interior de S\u00e3o Paulo.<\/p>\n<p>Miss\u00f5es importantes assumidas pelo escrit\u00f3rio <a href=\"https:\/\/www.instagram.com\/inova.arquitetura\/\">Inova Arquitetura<\/a>, pelas m\u00e3os e criatividade da arquiteta Maristela Recchia Amorim, que buscou especificar acabamentos trouxessem veracidade dos materiais aos espa\u00e7os.<\/p>\n<p><em>\u201cCome\u00e7amos essa reforma criando uma nova volumetria para a fachada e criando um espa\u00e7o de descanso junto \u00e0 sala de jantar. Para isso, criamos um acesso externo \u00e0 casa\u201d<\/em>, explica Maristela.<\/p>\n<p><em>\u201cOs clientes s\u00e3o um casal de professores universit\u00e1rios e pesquisadores, com rotina atribulada e que contam apenas com os finais de semana para curtir a filha pequena. Ent\u00e3o nossa preocupa\u00e7\u00e3o era criar de fato um espa\u00e7o para eles desfrutarem juntos\u201d<\/em>, diz a arquiteta.<\/p>\n<p>Para obter um resultado acolhedor, Maristela especificou, entre os acabamentos, o revestimento <a href=\"https:\/\/ninamartinelli.com.br\/#!\/pt\/produtos\/1.54.000.231-pezzo-algodao\">Pezzo Algod\u00e3o<\/a>, da Nina Martinelli.<\/p>\n<p><img loading=\"lazy\" decoding=\"async\" class=\"wp-image-2258 alignright\" src=\"https:\/\/ninamartinelli.com.br\/blog2\/wp-content\/uploads\/2024\/02\/pezzo-2-225x300.jpg\" alt=\"\" width=\"388\" height=\"517\" srcset=\"https:\/\/ninamartinelli.com.br\/blog2\/wp-content\/uploads\/2024\/02\/pezzo-2-225x300.jpg 225w, https:\/\/ninamartinelli.com.br\/blog2\/wp-content\/uploads\/2024\/02\/pezzo-2-768x1024.jpg 768w, https:\/\/ninamartinelli.com.br\/blog2\/wp-content\/uploads\/2024\/02\/pezzo-2-1152x1536.jpg 1152w, https:\/\/ninamartinelli.com.br\/blog2\/wp-content\/uploads\/2024\/02\/pezzo-2-1024x1365.jpg 1024w, https:\/\/ninamartinelli.com.br\/blog2\/wp-content\/uploads\/2024\/02\/pezzo-2.jpg 1200w\" sizes=\"auto, (max-width: 388px) 100vw, 388px\" \/><\/p>\n<p>Medindo 7x26cm, o Pezzo \u00e9 cortado em formato de pedra, reproduzindo as ondula\u00e7\u00f5es naturais e despojadas do elemento natural, ideal para quem quer trazer um pouco de natureza e rusticidade aos espa\u00e7os.<\/p>\n<p>O produto foi aplicado na parede total do fundo do espa\u00e7o de descanso e serviu, ainda, para enriquecer o elemento arquitet\u00f4nico que foi criado para renovar a fachada.<\/p>\n<p>De acordo com Maristella, o Pezzo dialoga harmonicamente com outros elementos, tais como o porcelanato que reproduz a madeira no piso, um paisagismo leve e delicado e uma ilumina\u00e7\u00e3o muito bem cuidada que, inclusive, traz um efeito impactante quando \u00e9 acesa, evidenciando o relevo org\u00e2nico do revestimento.<\/p>\n<p><em>\u201cO Pezzo Algod\u00e3o da Nina Martinelli entrou nessa composi\u00e7\u00e3o como a \u2018cereja do bolo\u2019, para deixar tudo ainda mais bonito para os passos apressados da semana&#8230; criando um ambiente bom para estar em casa, parar para almo\u00e7ar, por exemplo, de frente para um espa\u00e7o agrad\u00e1vel junto \u00e0 sala de jantar, utilizada todos os dias para as refei\u00e7\u00f5es. Ou, simplesmente, criando um cen\u00e1rio por onde se pode simplesmente passar e ver uma paisagem bem cuidada, onde antes havia um ambiente escondido por uma janela com cortina fechada\u201d<\/em>, descreve.<\/p>\n<p>A arquiteta diz que o resultado n\u00e3o alcan\u00e7ou, mas, sim, superou as expectativas. <em>\u201cFiquei extremamente satisfeita com o resultado e os clientes mais ainda. Na verdade, o resultado at\u00e9 superou as expectativas. O produto f\u00e1cil de trabalhar, conseguimos assentar muito r\u00e1pido, fator bem importante em uma reforma, j\u00e1 que conseguimos cumprir o prazo\u201d<\/em>, finaliza.<\/p>\n<p>O produto foi adquirido na revenda parceira <a href=\"https:\/\/www.instagram.com\/villabellaacabamentos\/\">Villa Bella Acabamentos<\/a>, em S\u00e3o Carlos.<\/p>\n<p><img loading=\"lazy\" decoding=\"async\" class=\"alignnone  wp-image-2259\" src=\"https:\/\/ninamartinelli.com.br\/blog2\/wp-content\/uploads\/2024\/02\/pezzo-3-225x300.jpg\" alt=\"\" width=\"344\" height=\"459\" srcset=\"https:\/\/ninamartinelli.com.br\/blog2\/wp-content\/uploads\/2024\/02\/pezzo-3-225x300.jpg 225w, https:\/\/ninamartinelli.com.br\/blog2\/wp-content\/uploads\/2024\/02\/pezzo-3-768x1024.jpg 768w, https:\/\/ninamartinelli.com.br\/blog2\/wp-content\/uploads\/2024\/02\/pezzo-3-1152x1536.jpg 1152w, https:\/\/ninamartinelli.com.br\/blog2\/wp-content\/uploads\/2024\/02\/pezzo-3-1024x1365.jpg 1024w, https:\/\/ninamartinelli.com.br\/blog2\/wp-content\/uploads\/2024\/02\/pezzo-3.jpg 1200w\" sizes=\"auto, (max-width: 344px) 100vw, 344px\" \/>\u00a0 \u00a0 <img loading=\"lazy\" decoding=\"async\" class=\"alignnone  wp-image-2260\" src=\"https:\/\/ninamartinelli.com.br\/blog2\/wp-content\/uploads\/2024\/02\/pezzo-1-225x300.jpg\" alt=\"\" width=\"343\" height=\"458\" srcset=\"https:\/\/ninamartinelli.com.br\/blog2\/wp-content\/uploads\/2024\/02\/pezzo-1-225x300.jpg 225w, https:\/\/ninamartinelli.com.br\/blog2\/wp-content\/uploads\/2024\/02\/pezzo-1-768x1024.jpg 768w, https:\/\/ninamartinelli.com.br\/blog2\/wp-content\/uploads\/2024\/02\/pezzo-1-1152x1536.jpg 1152w, https:\/\/ninamartinelli.com.br\/blog2\/wp-content\/uploads\/2024\/02\/pezzo-1-1024x1365.jpg 1024w, https:\/\/ninamartinelli.com.br\/blog2\/wp-content\/uploads\/2024\/02\/pezzo-1.jpg 1200w\" sizes=\"auto, (max-width: 343px) 100vw, 343px\" \/><\/p>\n<p>&nbsp;<\/p>\n<p><strong>Servi\u00e7o:<\/strong><\/p>\n<p><strong>Vida, beleza e um respiro &#8211; \u00c1rea de descanso e renova\u00e7\u00e3o de fachada \u2013 resid\u00eancia em S\u00e3o Carlos \u2013 SP<\/strong><\/p>\n<p><strong>Produto: <\/strong>Pezzo Algod\u00e3o 7x26cm<\/p>\n<p><strong>Projeto: <\/strong>Maristela Recchia Amorim<\/p>\n<p><strong>Escrit\u00f3rio \u2013 <\/strong>Inova Arquitetura<\/p>\n<p><strong>Instagram\u00a0 &#8211; <\/strong>@inova.arquitetura<\/p>\n<p><strong>Tel.: <\/strong>16. 99153 7765 \/ 3415 3284<\/p>\n<p><strong>Revenda parceira<\/strong>: Villa Bella Acabamentos \u2013 S\u00e3o Carlos<\/p>\n<p><strong>Instagram<\/strong>: @villabellaacabamentos<\/p>\n<p><strong>Imagens: <\/strong>acervo da pr\u00f3pria arquiteta<\/p>\n<p>&nbsp;<\/p>\n","protected":false},"excerpt":{"rendered":"<p>Vida, beleza e um respiro \u2013 uma \u00e1rea de descanso criada a partir de um<\/p>\n","protected":false},"author":2,"featured_media":2257,"comment_status":"open","ping_status":"open","sticky":false,"template":"","format":"standard","meta":{"footnotes":""},"categories":[1,26,129],"tags":[39,46,131],"class_list":["post-2256","post","type-post","status-publish","format-standard","has-post-thumbnail","hentry","category-nina-martinelli","category-revestimentos","category-sustentabilidade","tag-area-externa","tag-revestimento","tag-sustentabilidade"],"yoast_head":"<!-- This site is optimized with the Yoast SEO plugin v26.8 - https:\/\/yoast.com\/product\/yoast-seo-wordpress\/ -->\n<title>Vida, beleza e um respiro na forma de \u00e1rea de descanso com Pezzo Algod\u00e3o, no interior paulista<\/title>\n<meta name=\"description\" content=\"Vida, beleza e um respiro - o que antes era um espa\u00e7o que n\u00e3o agregava em est\u00e9tica ou conforto aos moradores foi transformado com Pezzo Algod\u00e3o\" \/>\n<meta name=\"robots\" content=\"index, follow, max-snippet:-1, max-image-preview:large, max-video-preview:-1\" \/>\n<link rel=\"canonical\" href=\"https:\/\/ninamartinelli.com.br\/blog2\/vida-beleza-e-um-respiro-na-forma-de-area-de-descanso-com-pezzo-algodao-no-interior-paulista\/\" \/>\n<meta property=\"og:locale\" content=\"pt_BR\" \/>\n<meta property=\"og:type\" content=\"article\" \/>\n<meta property=\"og:title\" content=\"Vida, beleza e um respiro na forma de \u00e1rea de descanso com Pezzo Algod\u00e3o, no interior paulista\" \/>\n<meta property=\"og:description\" content=\"Vida, beleza e um respiro - o que antes era um espa\u00e7o que n\u00e3o agregava em est\u00e9tica ou conforto aos moradores foi transformado com Pezzo Algod\u00e3o\" \/>\n<meta property=\"og:url\" content=\"https:\/\/ninamartinelli.com.br\/blog2\/vida-beleza-e-um-respiro-na-forma-de-area-de-descanso-com-pezzo-algodao-no-interior-paulista\/\" \/>\n<meta property=\"og:site_name\" content=\"Blog Nina\" \/>\n<meta property=\"article:published_time\" content=\"2024-02-14T17:12:46+00:00\" \/>\n<meta property=\"og:image\" content=\"https:\/\/ninamartinelli.com.br\/blog2\/wp-content\/uploads\/2024\/02\/pezzo-5.jpg\" \/>\n\t<meta property=\"og:image:width\" content=\"1280\" \/>\n\t<meta property=\"og:image:height\" content=\"720\" \/>\n\t<meta property=\"og:image:type\" content=\"image\/jpeg\" \/>\n<meta name=\"author\" content=\"Ana Maria Devides\" \/>\n<meta name=\"twitter:card\" content=\"summary_large_image\" \/>\n<meta name=\"twitter:label1\" content=\"Escrito por\" \/>\n\t<meta name=\"twitter:data1\" content=\"Ana Maria Devides\" \/>\n\t<meta name=\"twitter:label2\" content=\"Est. tempo de leitura\" \/>\n\t<meta name=\"twitter:data2\" content=\"4 minutos\" \/>\n<script type=\"application\/ld+json\" class=\"yoast-schema-graph\">{\"@context\":\"https:\/\/schema.org\",\"@graph\":[{\"@type\":\"Article\",\"@id\":\"https:\/\/ninamartinelli.com.br\/blog2\/vida-beleza-e-um-respiro-na-forma-de-area-de-descanso-com-pezzo-algodao-no-interior-paulista\/#article\",\"isPartOf\":{\"@id\":\"https:\/\/ninamartinelli.com.br\/blog2\/vida-beleza-e-um-respiro-na-forma-de-area-de-descanso-com-pezzo-algodao-no-interior-paulista\/\"},\"author\":{\"name\":\"Ana Maria Devides\",\"@id\":\"https:\/\/ninamartinelli.com.br\/blog2\/#\/schema\/person\/43fbfb1d4cbe3b472995206b2bb06df5\"},\"headline\":\"Vida, beleza e um respiro na forma de \u00e1rea de descanso com Pezzo Algod\u00e3o, no interior paulista\",\"datePublished\":\"2024-02-14T17:12:46+00:00\",\"mainEntityOfPage\":{\"@id\":\"https:\/\/ninamartinelli.com.br\/blog2\/vida-beleza-e-um-respiro-na-forma-de-area-de-descanso-com-pezzo-algodao-no-interior-paulista\/\"},\"wordCount\":562,\"commentCount\":0,\"publisher\":{\"@id\":\"https:\/\/ninamartinelli.com.br\/blog2\/#organization\"},\"image\":{\"@id\":\"https:\/\/ninamartinelli.com.br\/blog2\/vida-beleza-e-um-respiro-na-forma-de-area-de-descanso-com-pezzo-algodao-no-interior-paulista\/#primaryimage\"},\"thumbnailUrl\":\"https:\/\/ninamartinelli.com.br\/blog2\/wp-content\/uploads\/2024\/02\/pezzo-5.jpg\",\"keywords\":[\"area externa\",\"revestimento\",\"Sustentabilidade\"],\"articleSection\":[\"Nina Martinelli\",\"Revestimentos\",\"Sustentabilidade\"],\"inLanguage\":\"pt-BR\",\"potentialAction\":[{\"@type\":\"CommentAction\",\"name\":\"Comment\",\"target\":[\"https:\/\/ninamartinelli.com.br\/blog2\/vida-beleza-e-um-respiro-na-forma-de-area-de-descanso-com-pezzo-algodao-no-interior-paulista\/#respond\"]}]},{\"@type\":\"WebPage\",\"@id\":\"https:\/\/ninamartinelli.com.br\/blog2\/vida-beleza-e-um-respiro-na-forma-de-area-de-descanso-com-pezzo-algodao-no-interior-paulista\/\",\"url\":\"https:\/\/ninamartinelli.com.br\/blog2\/vida-beleza-e-um-respiro-na-forma-de-area-de-descanso-com-pezzo-algodao-no-interior-paulista\/\",\"name\":\"Vida, beleza e um respiro na forma de \u00e1rea de descanso com Pezzo Algod\u00e3o, no interior paulista\",\"isPartOf\":{\"@id\":\"https:\/\/ninamartinelli.com.br\/blog2\/#website\"},\"primaryImageOfPage\":{\"@id\":\"https:\/\/ninamartinelli.com.br\/blog2\/vida-beleza-e-um-respiro-na-forma-de-area-de-descanso-com-pezzo-algodao-no-interior-paulista\/#primaryimage\"},\"image\":{\"@id\":\"https:\/\/ninamartinelli.com.br\/blog2\/vida-beleza-e-um-respiro-na-forma-de-area-de-descanso-com-pezzo-algodao-no-interior-paulista\/#primaryimage\"},\"thumbnailUrl\":\"https:\/\/ninamartinelli.com.br\/blog2\/wp-content\/uploads\/2024\/02\/pezzo-5.jpg\",\"datePublished\":\"2024-02-14T17:12:46+00:00\",\"description\":\"Vida, beleza e um respiro - o que antes era um espa\u00e7o que n\u00e3o agregava em est\u00e9tica ou conforto aos moradores foi transformado com Pezzo Algod\u00e3o\",\"breadcrumb\":{\"@id\":\"https:\/\/ninamartinelli.com.br\/blog2\/vida-beleza-e-um-respiro-na-forma-de-area-de-descanso-com-pezzo-algodao-no-interior-paulista\/#breadcrumb\"},\"inLanguage\":\"pt-BR\",\"potentialAction\":[{\"@type\":\"ReadAction\",\"target\":[\"https:\/\/ninamartinelli.com.br\/blog2\/vida-beleza-e-um-respiro-na-forma-de-area-de-descanso-com-pezzo-algodao-no-interior-paulista\/\"]}]},{\"@type\":\"ImageObject\",\"inLanguage\":\"pt-BR\",\"@id\":\"https:\/\/ninamartinelli.com.br\/blog2\/vida-beleza-e-um-respiro-na-forma-de-area-de-descanso-com-pezzo-algodao-no-interior-paulista\/#primaryimage\",\"url\":\"https:\/\/ninamartinelli.com.br\/blog2\/wp-content\/uploads\/2024\/02\/pezzo-5.jpg\",\"contentUrl\":\"https:\/\/ninamartinelli.com.br\/blog2\/wp-content\/uploads\/2024\/02\/pezzo-5.jpg\",\"width\":1280,\"height\":720},{\"@type\":\"BreadcrumbList\",\"@id\":\"https:\/\/ninamartinelli.com.br\/blog2\/vida-beleza-e-um-respiro-na-forma-de-area-de-descanso-com-pezzo-algodao-no-interior-paulista\/#breadcrumb\",\"itemListElement\":[{\"@type\":\"ListItem\",\"position\":1,\"name\":\"In\u00edcio\",\"item\":\"https:\/\/ninamartinelli.com.br\/blog2\/\"},{\"@type\":\"ListItem\",\"position\":2,\"name\":\"Vida, beleza e um respiro na forma de \u00e1rea de descanso com Pezzo Algod\u00e3o, no interior paulista\"}]},{\"@type\":\"WebSite\",\"@id\":\"https:\/\/ninamartinelli.com.br\/blog2\/#website\",\"url\":\"https:\/\/ninamartinelli.com.br\/blog2\/\",\"name\":\"Nina Martinelli\",\"description\":\"#Nina_Martinelli\",\"publisher\":{\"@id\":\"https:\/\/ninamartinelli.com.br\/blog2\/#organization\"},\"potentialAction\":[{\"@type\":\"SearchAction\",\"target\":{\"@type\":\"EntryPoint\",\"urlTemplate\":\"https:\/\/ninamartinelli.com.br\/blog2\/?s={search_term_string}\"},\"query-input\":{\"@type\":\"PropertyValueSpecification\",\"valueRequired\":true,\"valueName\":\"search_term_string\"}}],\"inLanguage\":\"pt-BR\"},{\"@type\":\"Organization\",\"@id\":\"https:\/\/ninamartinelli.com.br\/blog2\/#organization\",\"name\":\"Blog Novidades\",\"url\":\"https:\/\/ninamartinelli.com.br\/blog2\/\",\"logo\":{\"@type\":\"ImageObject\",\"inLanguage\":\"pt-BR\",\"@id\":\"https:\/\/ninamartinelli.com.br\/blog2\/#\/schema\/logo\/image\/\",\"url\":\"http:\/\/blog.ninamartinelli.com.br\/wp-content\/uploads\/2022\/03\/logo_nina_blog.png\",\"contentUrl\":\"http:\/\/blog.ninamartinelli.com.br\/wp-content\/uploads\/2022\/03\/logo_nina_blog.png\",\"width\":500,\"height\":104,\"caption\":\"Blog Novidades\"},\"image\":{\"@id\":\"https:\/\/ninamartinelli.com.br\/blog2\/#\/schema\/logo\/image\/\"}},{\"@type\":\"Person\",\"@id\":\"https:\/\/ninamartinelli.com.br\/blog2\/#\/schema\/person\/43fbfb1d4cbe3b472995206b2bb06df5\",\"name\":\"Ana Maria Devides\",\"image\":{\"@type\":\"ImageObject\",\"inLanguage\":\"pt-BR\",\"@id\":\"https:\/\/ninamartinelli.com.br\/blog2\/#\/schema\/person\/image\/\",\"url\":\"https:\/\/secure.gravatar.com\/avatar\/a03a82675d8bb3da8e5c5a6872db97be?s=96&d=mm&r=g\",\"contentUrl\":\"https:\/\/secure.gravatar.com\/avatar\/a03a82675d8bb3da8e5c5a6872db97be?s=96&d=mm&r=g\",\"caption\":\"Ana Maria Devides\"},\"url\":\"https:\/\/ninamartinelli.com.br\/blog2\/author\/assessoria-nina-martinelli\/\"}]}<\/script>\n<!-- \/ Yoast SEO plugin. -->","yoast_head_json":{"title":"Vida, beleza e um respiro na forma de \u00e1rea de descanso com Pezzo Algod\u00e3o, no interior paulista","description":"Vida, beleza e um respiro - o que antes era um espa\u00e7o que n\u00e3o agregava em est\u00e9tica ou conforto aos moradores foi transformado com Pezzo Algod\u00e3o","robots":{"index":"index","follow":"follow","max-snippet":"max-snippet:-1","max-image-preview":"max-image-preview:large","max-video-preview":"max-video-preview:-1"},"canonical":"https:\/\/ninamartinelli.com.br\/blog2\/vida-beleza-e-um-respiro-na-forma-de-area-de-descanso-com-pezzo-algodao-no-interior-paulista\/","og_locale":"pt_BR","og_type":"article","og_title":"Vida, beleza e um respiro na forma de \u00e1rea de descanso com Pezzo Algod\u00e3o, no interior paulista","og_description":"Vida, beleza e um respiro - o que antes era um espa\u00e7o que n\u00e3o agregava em est\u00e9tica ou conforto aos moradores foi transformado com Pezzo Algod\u00e3o","og_url":"https:\/\/ninamartinelli.com.br\/blog2\/vida-beleza-e-um-respiro-na-forma-de-area-de-descanso-com-pezzo-algodao-no-interior-paulista\/","og_site_name":"Blog Nina","article_published_time":"2024-02-14T17:12:46+00:00","og_image":[{"width":1280,"height":720,"url":"https:\/\/ninamartinelli.com.br\/blog2\/wp-content\/uploads\/2024\/02\/pezzo-5.jpg","type":"image\/jpeg"}],"author":"Ana Maria Devides","twitter_card":"summary_large_image","twitter_misc":{"Escrito por":"Ana Maria Devides","Est. tempo de leitura":"4 minutos"},"schema":{"@context":"https:\/\/schema.org","@graph":[{"@type":"Article","@id":"https:\/\/ninamartinelli.com.br\/blog2\/vida-beleza-e-um-respiro-na-forma-de-area-de-descanso-com-pezzo-algodao-no-interior-paulista\/#article","isPartOf":{"@id":"https:\/\/ninamartinelli.com.br\/blog2\/vida-beleza-e-um-respiro-na-forma-de-area-de-descanso-com-pezzo-algodao-no-interior-paulista\/"},"author":{"name":"Ana Maria Devides","@id":"https:\/\/ninamartinelli.com.br\/blog2\/#\/schema\/person\/43fbfb1d4cbe3b472995206b2bb06df5"},"headline":"Vida, beleza e um respiro na forma de \u00e1rea de descanso com Pezzo Algod\u00e3o, no interior paulista","datePublished":"2024-02-14T17:12:46+00:00","mainEntityOfPage":{"@id":"https:\/\/ninamartinelli.com.br\/blog2\/vida-beleza-e-um-respiro-na-forma-de-area-de-descanso-com-pezzo-algodao-no-interior-paulista\/"},"wordCount":562,"commentCount":0,"publisher":{"@id":"https:\/\/ninamartinelli.com.br\/blog2\/#organization"},"image":{"@id":"https:\/\/ninamartinelli.com.br\/blog2\/vida-beleza-e-um-respiro-na-forma-de-area-de-descanso-com-pezzo-algodao-no-interior-paulista\/#primaryimage"},"thumbnailUrl":"https:\/\/ninamartinelli.com.br\/blog2\/wp-content\/uploads\/2024\/02\/pezzo-5.jpg","keywords":["area externa","revestimento","Sustentabilidade"],"articleSection":["Nina Martinelli","Revestimentos","Sustentabilidade"],"inLanguage":"pt-BR","potentialAction":[{"@type":"CommentAction","name":"Comment","target":["https:\/\/ninamartinelli.com.br\/blog2\/vida-beleza-e-um-respiro-na-forma-de-area-de-descanso-com-pezzo-algodao-no-interior-paulista\/#respond"]}]},{"@type":"WebPage","@id":"https:\/\/ninamartinelli.com.br\/blog2\/vida-beleza-e-um-respiro-na-forma-de-area-de-descanso-com-pezzo-algodao-no-interior-paulista\/","url":"https:\/\/ninamartinelli.com.br\/blog2\/vida-beleza-e-um-respiro-na-forma-de-area-de-descanso-com-pezzo-algodao-no-interior-paulista\/","name":"Vida, beleza e um respiro na forma de \u00e1rea de descanso com Pezzo Algod\u00e3o, no interior paulista","isPartOf":{"@id":"https:\/\/ninamartinelli.com.br\/blog2\/#website"},"primaryImageOfPage":{"@id":"https:\/\/ninamartinelli.com.br\/blog2\/vida-beleza-e-um-respiro-na-forma-de-area-de-descanso-com-pezzo-algodao-no-interior-paulista\/#primaryimage"},"image":{"@id":"https:\/\/ninamartinelli.com.br\/blog2\/vida-beleza-e-um-respiro-na-forma-de-area-de-descanso-com-pezzo-algodao-no-interior-paulista\/#primaryimage"},"thumbnailUrl":"https:\/\/ninamartinelli.com.br\/blog2\/wp-content\/uploads\/2024\/02\/pezzo-5.jpg","datePublished":"2024-02-14T17:12:46+00:00","description":"Vida, beleza e um respiro - o que antes era um espa\u00e7o que n\u00e3o agregava em est\u00e9tica ou conforto aos moradores foi transformado com Pezzo Algod\u00e3o","breadcrumb":{"@id":"https:\/\/ninamartinelli.com.br\/blog2\/vida-beleza-e-um-respiro-na-forma-de-area-de-descanso-com-pezzo-algodao-no-interior-paulista\/#breadcrumb"},"inLanguage":"pt-BR","potentialAction":[{"@type":"ReadAction","target":["https:\/\/ninamartinelli.com.br\/blog2\/vida-beleza-e-um-respiro-na-forma-de-area-de-descanso-com-pezzo-algodao-no-interior-paulista\/"]}]},{"@type":"ImageObject","inLanguage":"pt-BR","@id":"https:\/\/ninamartinelli.com.br\/blog2\/vida-beleza-e-um-respiro-na-forma-de-area-de-descanso-com-pezzo-algodao-no-interior-paulista\/#primaryimage","url":"https:\/\/ninamartinelli.com.br\/blog2\/wp-content\/uploads\/2024\/02\/pezzo-5.jpg","contentUrl":"https:\/\/ninamartinelli.com.br\/blog2\/wp-content\/uploads\/2024\/02\/pezzo-5.jpg","width":1280,"height":720},{"@type":"BreadcrumbList","@id":"https:\/\/ninamartinelli.com.br\/blog2\/vida-beleza-e-um-respiro-na-forma-de-area-de-descanso-com-pezzo-algodao-no-interior-paulista\/#breadcrumb","itemListElement":[{"@type":"ListItem","position":1,"name":"In\u00edcio","item":"https:\/\/ninamartinelli.com.br\/blog2\/"},{"@type":"ListItem","position":2,"name":"Vida, beleza e um respiro na forma de \u00e1rea de descanso com Pezzo Algod\u00e3o, no interior paulista"}]},{"@type":"WebSite","@id":"https:\/\/ninamartinelli.com.br\/blog2\/#website","url":"https:\/\/ninamartinelli.com.br\/blog2\/","name":"Nina Martinelli","description":"#Nina_Martinelli","publisher":{"@id":"https:\/\/ninamartinelli.com.br\/blog2\/#organization"},"potentialAction":[{"@type":"SearchAction","target":{"@type":"EntryPoint","urlTemplate":"https:\/\/ninamartinelli.com.br\/blog2\/?s={search_term_string}"},"query-input":{"@type":"PropertyValueSpecification","valueRequired":true,"valueName":"search_term_string"}}],"inLanguage":"pt-BR"},{"@type":"Organization","@id":"https:\/\/ninamartinelli.com.br\/blog2\/#organization","name":"Blog Novidades","url":"https:\/\/ninamartinelli.com.br\/blog2\/","logo":{"@type":"ImageObject","inLanguage":"pt-BR","@id":"https:\/\/ninamartinelli.com.br\/blog2\/#\/schema\/logo\/image\/","url":"http:\/\/blog.ninamartinelli.com.br\/wp-content\/uploads\/2022\/03\/logo_nina_blog.png","contentUrl":"http:\/\/blog.ninamartinelli.com.br\/wp-content\/uploads\/2022\/03\/logo_nina_blog.png","width":500,"height":104,"caption":"Blog Novidades"},"image":{"@id":"https:\/\/ninamartinelli.com.br\/blog2\/#\/schema\/logo\/image\/"}},{"@type":"Person","@id":"https:\/\/ninamartinelli.com.br\/blog2\/#\/schema\/person\/43fbfb1d4cbe3b472995206b2bb06df5","name":"Ana Maria Devides","image":{"@type":"ImageObject","inLanguage":"pt-BR","@id":"https:\/\/ninamartinelli.com.br\/blog2\/#\/schema\/person\/image\/","url":"https:\/\/secure.gravatar.com\/avatar\/a03a82675d8bb3da8e5c5a6872db97be?s=96&d=mm&r=g","contentUrl":"https:\/\/secure.gravatar.com\/avatar\/a03a82675d8bb3da8e5c5a6872db97be?s=96&d=mm&r=g","caption":"Ana Maria Devides"},"url":"https:\/\/ninamartinelli.com.br\/blog2\/author\/assessoria-nina-martinelli\/"}]}},"_links":{"self":[{"href":"https:\/\/ninamartinelli.com.br\/blog2\/wp-json\/wp\/v2\/posts\/2256","targetHints":{"allow":["GET"]}}],"collection":[{"href":"https:\/\/ninamartinelli.com.br\/blog2\/wp-json\/wp\/v2\/posts"}],"about":[{"href":"https:\/\/ninamartinelli.com.br\/blog2\/wp-json\/wp\/v2\/types\/post"}],"author":[{"embeddable":true,"href":"https:\/\/ninamartinelli.com.br\/blog2\/wp-json\/wp\/v2\/users\/2"}],"replies":[{"embeddable":true,"href":"https:\/\/ninamartinelli.com.br\/blog2\/wp-json\/wp\/v2\/comments?post=2256"}],"version-history":[{"count":1,"href":"https:\/\/ninamartinelli.com.br\/blog2\/wp-json\/wp\/v2\/posts\/2256\/revisions"}],"predecessor-version":[{"id":2261,"href":"https:\/\/ninamartinelli.com.br\/blog2\/wp-json\/wp\/v2\/posts\/2256\/revisions\/2261"}],"wp:featuredmedia":[{"embeddable":true,"href":"https:\/\/ninamartinelli.com.br\/blog2\/wp-json\/wp\/v2\/media\/2257"}],"wp:attachment":[{"href":"https:\/\/ninamartinelli.com.br\/blog2\/wp-json\/wp\/v2\/media?parent=2256"}],"wp:term":[{"taxonomy":"category","embeddable":true,"href":"https:\/\/ninamartinelli.com.br\/blog2\/wp-json\/wp\/v2\/categories?post=2256"},{"taxonomy":"post_tag","embeddable":true,"href":"https:\/\/ninamartinelli.com.br\/blog2\/wp-json\/wp\/v2\/tags?post=2256"}],"curies":[{"name":"wp","href":"https:\/\/api.w.org\/{rel}","templated":true}]}}