{"id":2246,"date":"2024-02-07T10:46:58","date_gmt":"2024-02-07T13:46:58","guid":{"rendered":"https:\/\/ninamartinelli.com.br\/blog2\/?p=2246"},"modified":"2024-02-07T10:46:58","modified_gmt":"2024-02-07T13:46:58","slug":"nina-martinelli-foi-patrocinadora-master-da-premiacao-do-polo-granja-viana-2023","status":"publish","type":"post","link":"https:\/\/ninamartinelli.com.br\/blog2\/nina-martinelli-foi-patrocinadora-master-da-premiacao-do-polo-granja-viana-2023\/","title":{"rendered":"Nina Martinelli foi patrocinadora master da Premia\u00e7\u00e3o do Polo Granja Viana 2023"},"content":{"rendered":"<p>Polo Granja Viana &#8211; A Nina Martinelli Pisos e Revestimentos come\u00e7ou o ano no clima dos grandes e importantes eventos do segmento de arquitetura, constru\u00e7\u00e3o, acabamentos, design e decora\u00e7\u00e3o. A marca foi a patrocinadora master da <a href=\"https:\/\/www.instagram.com\/pologranjaviana\/\">Premia\u00e7\u00e3o do Polo de Arquitetura e Decora\u00e7\u00e3o da Granja Viana<\/a>, edi\u00e7\u00e3o 2023.<\/p>\n<p>A marca foi destaque no apoio ao evento atendendo a convite de F\u00e1bio Nishi, diretor do Polo Granja Viana e propriet\u00e1rio das revendas <a href=\"https:\/\/www.instagram.com\/neovillahomedesign\/\">Neovilla Design<\/a> de Barueri e de Cotia\/SP, e aproveitou essa grande oportunidade para mostrar alguns de seus mais recentes lan\u00e7amentos em acabamentos produzidos artesanalmente, atraindo a curiosidade e a aten\u00e7\u00e3o de dezenas de especificadores e lojistas do setor.<\/p>\n<p><img loading=\"lazy\" decoding=\"async\" class=\"wp-image-2248 alignright\" src=\"https:\/\/ninamartinelli.com.br\/blog2\/wp-content\/uploads\/2024\/02\/granja-estande-300x200.jpg\" alt=\"\" width=\"335\" height=\"223\" srcset=\"https:\/\/ninamartinelli.com.br\/blog2\/wp-content\/uploads\/2024\/02\/granja-estande-300x200.jpg 300w, https:\/\/ninamartinelli.com.br\/blog2\/wp-content\/uploads\/2024\/02\/granja-estande-1024x682.jpg 1024w, https:\/\/ninamartinelli.com.br\/blog2\/wp-content\/uploads\/2024\/02\/granja-estande-768x511.jpg 768w, https:\/\/ninamartinelli.com.br\/blog2\/wp-content\/uploads\/2024\/02\/granja-estande-1536x1022.jpg 1536w, https:\/\/ninamartinelli.com.br\/blog2\/wp-content\/uploads\/2024\/02\/granja-estande-2048x1363.jpg 2048w\" sizes=\"auto, (max-width: 335px) 100vw, 335px\" \/><\/p>\n<p>O evento de premia\u00e7\u00e3o aconteceu no dia 1\u00ba de fevereiro, no espa\u00e7o vila Pau Brasil, em Cotia\/SP, e foi a 7\u00aa edi\u00e7\u00e3o dessa prestigiada iniciativa que re\u00fane os mais conceituados arquitetos, decoradores, lojistas e profissionais de arquitetura da regi\u00e3o.<\/p>\n<p>Na ocasi\u00e3o, a Nina Martinelli foi presentada pelo seu gerente comercial, Lucas Dezotti, que inclusive liderou o sorteio de vouchers e pr\u00eamios concedidos aos vencedores do ano.<\/p>\n<p>Os vencedores de cada categoria na premia\u00e7\u00e3o deste ano podem ser conferidos no perfil <a href=\"https:\/\/www.instagram.com\/pologranjaviana\/\">https:\/\/www.instagram.com\/pologranjaviana\/<\/a><\/p>\n<p><img loading=\"lazy\" decoding=\"async\" class=\"wp-image-2249 alignleft\" src=\"https:\/\/ninamartinelli.com.br\/blog2\/wp-content\/uploads\/2024\/02\/granja-estande-3-300x200.jpg\" alt=\"\" width=\"339\" height=\"226\" srcset=\"https:\/\/ninamartinelli.com.br\/blog2\/wp-content\/uploads\/2024\/02\/granja-estande-3-300x200.jpg 300w, https:\/\/ninamartinelli.com.br\/blog2\/wp-content\/uploads\/2024\/02\/granja-estande-3-1024x682.jpg 1024w, https:\/\/ninamartinelli.com.br\/blog2\/wp-content\/uploads\/2024\/02\/granja-estande-3-768x511.jpg 768w, https:\/\/ninamartinelli.com.br\/blog2\/wp-content\/uploads\/2024\/02\/granja-estande-3-1536x1022.jpg 1536w, https:\/\/ninamartinelli.com.br\/blog2\/wp-content\/uploads\/2024\/02\/granja-estande-3-2048x1363.jpg 2048w\" sizes=\"auto, (max-width: 339px) 100vw, 339px\" \/><\/p>\n<p>Para Jos\u00e9 Renato Videira, um dos fundadores e diretores da Nina Martinelli, participar e apoiar um evento desse porte e relev\u00e2ncia fortalece o compromisso da marca com as iniciativas que valorizam o segmento. \u201cAgregamos valor conjuntamente e estreitamos os nossos la\u00e7os com os profissionais que confiam na nossa marca e nos colocam nos mais diferentes e bem-sucedidos projetos idealizados com preocupa\u00e7\u00e3o est\u00e9tica, de qualidade e sustentabilidade\u201d, disse ele.<\/p>\n<p>&nbsp;<\/p>\n<p>&nbsp;<\/p>\n<p><img loading=\"lazy\" decoding=\"async\" class=\"alignnone  wp-image-2250\" src=\"https:\/\/ninamartinelli.com.br\/blog2\/wp-content\/uploads\/2024\/02\/granja-premiacao-3-300x200.jpg\" alt=\"\" width=\"362\" height=\"241\" srcset=\"https:\/\/ninamartinelli.com.br\/blog2\/wp-content\/uploads\/2024\/02\/granja-premiacao-3-300x200.jpg 300w, https:\/\/ninamartinelli.com.br\/blog2\/wp-content\/uploads\/2024\/02\/granja-premiacao-3-1024x682.jpg 1024w, https:\/\/ninamartinelli.com.br\/blog2\/wp-content\/uploads\/2024\/02\/granja-premiacao-3-768x511.jpg 768w, https:\/\/ninamartinelli.com.br\/blog2\/wp-content\/uploads\/2024\/02\/granja-premiacao-3-1536x1022.jpg 1536w, https:\/\/ninamartinelli.com.br\/blog2\/wp-content\/uploads\/2024\/02\/granja-premiacao-3-2048x1363.jpg 2048w\" sizes=\"auto, (max-width: 362px) 100vw, 362px\" \/><img loading=\"lazy\" decoding=\"async\" class=\"alignnone  wp-image-2251\" src=\"https:\/\/ninamartinelli.com.br\/blog2\/wp-content\/uploads\/2024\/02\/granja-premiacao-200x300.jpg\" alt=\"\" width=\"308\" height=\"462\" srcset=\"https:\/\/ninamartinelli.com.br\/blog2\/wp-content\/uploads\/2024\/02\/granja-premiacao-200x300.jpg 200w, https:\/\/ninamartinelli.com.br\/blog2\/wp-content\/uploads\/2024\/02\/granja-premiacao-682x1024.jpg 682w, https:\/\/ninamartinelli.com.br\/blog2\/wp-content\/uploads\/2024\/02\/granja-premiacao-768x1154.jpg 768w, https:\/\/ninamartinelli.com.br\/blog2\/wp-content\/uploads\/2024\/02\/granja-premiacao-1022x1536.jpg 1022w, https:\/\/ninamartinelli.com.br\/blog2\/wp-content\/uploads\/2024\/02\/granja-premiacao-1363x2048.jpg 1363w, https:\/\/ninamartinelli.com.br\/blog2\/wp-content\/uploads\/2024\/02\/granja-premiacao-1024x1538.jpg 1024w, https:\/\/ninamartinelli.com.br\/blog2\/wp-content\/uploads\/2024\/02\/granja-premiacao-scaled.jpg 1704w\" sizes=\"auto, (max-width: 308px) 100vw, 308px\" \/><\/p>\n<p><img loading=\"lazy\" decoding=\"async\" class=\"alignnone  wp-image-2252\" src=\"https:\/\/ninamartinelli.com.br\/blog2\/wp-content\/uploads\/2024\/02\/granja-premiacao2-300x200.jpg\" alt=\"\" width=\"465\" height=\"310\" srcset=\"https:\/\/ninamartinelli.com.br\/blog2\/wp-content\/uploads\/2024\/02\/granja-premiacao2-300x200.jpg 300w, https:\/\/ninamartinelli.com.br\/blog2\/wp-content\/uploads\/2024\/02\/granja-premiacao2-1024x682.jpg 1024w, https:\/\/ninamartinelli.com.br\/blog2\/wp-content\/uploads\/2024\/02\/granja-premiacao2-768x511.jpg 768w, https:\/\/ninamartinelli.com.br\/blog2\/wp-content\/uploads\/2024\/02\/granja-premiacao2-1536x1022.jpg 1536w, https:\/\/ninamartinelli.com.br\/blog2\/wp-content\/uploads\/2024\/02\/granja-premiacao2-2048x1363.jpg 2048w\" sizes=\"auto, (max-width: 465px) 100vw, 465px\" \/> <img loading=\"lazy\" decoding=\"async\" class=\"alignnone  wp-image-2253\" src=\"https:\/\/ninamartinelli.com.br\/blog2\/wp-content\/uploads\/2024\/02\/granja-premios-300x200.jpg\" alt=\"\" width=\"363\" height=\"242\" srcset=\"https:\/\/ninamartinelli.com.br\/blog2\/wp-content\/uploads\/2024\/02\/granja-premios-300x200.jpg 300w, https:\/\/ninamartinelli.com.br\/blog2\/wp-content\/uploads\/2024\/02\/granja-premios-1024x682.jpg 1024w, https:\/\/ninamartinelli.com.br\/blog2\/wp-content\/uploads\/2024\/02\/granja-premios-768x511.jpg 768w, https:\/\/ninamartinelli.com.br\/blog2\/wp-content\/uploads\/2024\/02\/granja-premios-1536x1022.jpg 1536w, https:\/\/ninamartinelli.com.br\/blog2\/wp-content\/uploads\/2024\/02\/granja-premios-2048x1363.jpg 2048w\" sizes=\"auto, (max-width: 363px) 100vw, 363px\" \/> <img loading=\"lazy\" decoding=\"async\" class=\"alignnone  wp-image-2254\" src=\"https:\/\/ninamartinelli.com.br\/blog2\/wp-content\/uploads\/2024\/02\/granja-publico-300x200.jpg\" alt=\"\" width=\"390\" height=\"260\" srcset=\"https:\/\/ninamartinelli.com.br\/blog2\/wp-content\/uploads\/2024\/02\/granja-publico-300x200.jpg 300w, https:\/\/ninamartinelli.com.br\/blog2\/wp-content\/uploads\/2024\/02\/granja-publico-1024x682.jpg 1024w, https:\/\/ninamartinelli.com.br\/blog2\/wp-content\/uploads\/2024\/02\/granja-publico-768x511.jpg 768w, https:\/\/ninamartinelli.com.br\/blog2\/wp-content\/uploads\/2024\/02\/granja-publico-1536x1022.jpg 1536w, https:\/\/ninamartinelli.com.br\/blog2\/wp-content\/uploads\/2024\/02\/granja-publico-2048x1363.jpg 2048w\" sizes=\"auto, (max-width: 390px) 100vw, 390px\" \/><\/p>\n","protected":false},"excerpt":{"rendered":"<p>Polo Granja Viana &#8211; A Nina Martinelli Pisos e Revestimentos come\u00e7ou o ano no clima<\/p>\n","protected":false},"author":2,"featured_media":2247,"comment_status":"open","ping_status":"open","sticky":false,"template":"","format":"standard","meta":{"footnotes":""},"categories":[19,1,26,129],"tags":[24,46,67,131],"class_list":["post-2246","post","type-post","status-publish","format-standard","has-post-thumbnail","hentry","category-mostras-e-eventos","category-nina-martinelli","category-revestimentos","category-sustentabilidade","tag-piso","tag-revestimento","tag-revestimento-3d","tag-sustentabilidade"],"yoast_head":"<!-- This site is optimized with the Yoast SEO plugin v26.8 - https:\/\/yoast.com\/product\/yoast-seo-wordpress\/ -->\n<title>Nina Martinelli foi patrocinadora master da Premia\u00e7\u00e3o do Polo Granja Viana 2023<\/title>\n<meta name=\"description\" content=\"Polo Granja Viana 2023 - Nina Martinelli apoiou e foi grande destaque no renomado evento, que aconteceu em Cotia no in\u00edcio de fevereiro\" \/>\n<meta name=\"robots\" content=\"index, follow, max-snippet:-1, max-image-preview:large, max-video-preview:-1\" \/>\n<link rel=\"canonical\" href=\"https:\/\/ninamartinelli.com.br\/blog2\/nina-martinelli-foi-patrocinadora-master-da-premiacao-do-polo-granja-viana-2023\/\" \/>\n<meta property=\"og:locale\" content=\"pt_BR\" \/>\n<meta property=\"og:type\" content=\"article\" \/>\n<meta property=\"og:title\" content=\"Nina Martinelli foi patrocinadora master da Premia\u00e7\u00e3o do Polo Granja Viana 2023\" \/>\n<meta property=\"og:description\" content=\"Polo Granja Viana 2023 - Nina Martinelli apoiou e foi grande destaque no renomado evento, que aconteceu em Cotia no in\u00edcio de fevereiro\" \/>\n<meta property=\"og:url\" content=\"https:\/\/ninamartinelli.com.br\/blog2\/nina-martinelli-foi-patrocinadora-master-da-premiacao-do-polo-granja-viana-2023\/\" \/>\n<meta property=\"og:site_name\" content=\"Blog Nina\" \/>\n<meta property=\"article:published_time\" content=\"2024-02-07T13:46:58+00:00\" \/>\n<meta property=\"og:image\" content=\"https:\/\/ninamartinelli.com.br\/blog2\/wp-content\/uploads\/2024\/02\/granja-principal-scaled.jpg\" \/>\n\t<meta property=\"og:image:width\" content=\"2560\" \/>\n\t<meta property=\"og:image:height\" content=\"1704\" \/>\n\t<meta property=\"og:image:type\" content=\"image\/jpeg\" \/>\n<meta name=\"author\" content=\"Ana Maria Devides\" \/>\n<meta name=\"twitter:card\" content=\"summary_large_image\" \/>\n<meta name=\"twitter:label1\" content=\"Escrito por\" \/>\n\t<meta name=\"twitter:data1\" content=\"Ana Maria Devides\" \/>\n\t<meta name=\"twitter:label2\" content=\"Est. tempo de leitura\" \/>\n\t<meta name=\"twitter:data2\" content=\"3 minutos\" \/>\n<script type=\"application\/ld+json\" class=\"yoast-schema-graph\">{\"@context\":\"https:\/\/schema.org\",\"@graph\":[{\"@type\":\"Article\",\"@id\":\"https:\/\/ninamartinelli.com.br\/blog2\/nina-martinelli-foi-patrocinadora-master-da-premiacao-do-polo-granja-viana-2023\/#article\",\"isPartOf\":{\"@id\":\"https:\/\/ninamartinelli.com.br\/blog2\/nina-martinelli-foi-patrocinadora-master-da-premiacao-do-polo-granja-viana-2023\/\"},\"author\":{\"name\":\"Ana Maria Devides\",\"@id\":\"https:\/\/ninamartinelli.com.br\/blog2\/#\/schema\/person\/43fbfb1d4cbe3b472995206b2bb06df5\"},\"headline\":\"Nina Martinelli foi patrocinadora master da Premia\u00e7\u00e3o do Polo Granja Viana 2023\",\"datePublished\":\"2024-02-07T13:46:58+00:00\",\"mainEntityOfPage\":{\"@id\":\"https:\/\/ninamartinelli.com.br\/blog2\/nina-martinelli-foi-patrocinadora-master-da-premiacao-do-polo-granja-viana-2023\/\"},\"wordCount\":297,\"commentCount\":0,\"publisher\":{\"@id\":\"https:\/\/ninamartinelli.com.br\/blog2\/#organization\"},\"image\":{\"@id\":\"https:\/\/ninamartinelli.com.br\/blog2\/nina-martinelli-foi-patrocinadora-master-da-premiacao-do-polo-granja-viana-2023\/#primaryimage\"},\"thumbnailUrl\":\"https:\/\/ninamartinelli.com.br\/blog2\/wp-content\/uploads\/2024\/02\/granja-principal-scaled.jpg\",\"keywords\":[\"piso\",\"revestimento\",\"revestimento 3D\",\"Sustentabilidade\"],\"articleSection\":[\"Mostras e Eventos\",\"Nina Martinelli\",\"Revestimentos\",\"Sustentabilidade\"],\"inLanguage\":\"pt-BR\",\"potentialAction\":[{\"@type\":\"CommentAction\",\"name\":\"Comment\",\"target\":[\"https:\/\/ninamartinelli.com.br\/blog2\/nina-martinelli-foi-patrocinadora-master-da-premiacao-do-polo-granja-viana-2023\/#respond\"]}]},{\"@type\":\"WebPage\",\"@id\":\"https:\/\/ninamartinelli.com.br\/blog2\/nina-martinelli-foi-patrocinadora-master-da-premiacao-do-polo-granja-viana-2023\/\",\"url\":\"https:\/\/ninamartinelli.com.br\/blog2\/nina-martinelli-foi-patrocinadora-master-da-premiacao-do-polo-granja-viana-2023\/\",\"name\":\"Nina Martinelli foi patrocinadora master da Premia\u00e7\u00e3o do Polo Granja Viana 2023\",\"isPartOf\":{\"@id\":\"https:\/\/ninamartinelli.com.br\/blog2\/#website\"},\"primaryImageOfPage\":{\"@id\":\"https:\/\/ninamartinelli.com.br\/blog2\/nina-martinelli-foi-patrocinadora-master-da-premiacao-do-polo-granja-viana-2023\/#primaryimage\"},\"image\":{\"@id\":\"https:\/\/ninamartinelli.com.br\/blog2\/nina-martinelli-foi-patrocinadora-master-da-premiacao-do-polo-granja-viana-2023\/#primaryimage\"},\"thumbnailUrl\":\"https:\/\/ninamartinelli.com.br\/blog2\/wp-content\/uploads\/2024\/02\/granja-principal-scaled.jpg\",\"datePublished\":\"2024-02-07T13:46:58+00:00\",\"description\":\"Polo Granja Viana 2023 - Nina Martinelli apoiou e foi grande destaque no renomado evento, que aconteceu em Cotia no in\u00edcio de fevereiro\",\"breadcrumb\":{\"@id\":\"https:\/\/ninamartinelli.com.br\/blog2\/nina-martinelli-foi-patrocinadora-master-da-premiacao-do-polo-granja-viana-2023\/#breadcrumb\"},\"inLanguage\":\"pt-BR\",\"potentialAction\":[{\"@type\":\"ReadAction\",\"target\":[\"https:\/\/ninamartinelli.com.br\/blog2\/nina-martinelli-foi-patrocinadora-master-da-premiacao-do-polo-granja-viana-2023\/\"]}]},{\"@type\":\"ImageObject\",\"inLanguage\":\"pt-BR\",\"@id\":\"https:\/\/ninamartinelli.com.br\/blog2\/nina-martinelli-foi-patrocinadora-master-da-premiacao-do-polo-granja-viana-2023\/#primaryimage\",\"url\":\"https:\/\/ninamartinelli.com.br\/blog2\/wp-content\/uploads\/2024\/02\/granja-principal-scaled.jpg\",\"contentUrl\":\"https:\/\/ninamartinelli.com.br\/blog2\/wp-content\/uploads\/2024\/02\/granja-principal-scaled.jpg\",\"width\":2560,\"height\":1704},{\"@type\":\"BreadcrumbList\",\"@id\":\"https:\/\/ninamartinelli.com.br\/blog2\/nina-martinelli-foi-patrocinadora-master-da-premiacao-do-polo-granja-viana-2023\/#breadcrumb\",\"itemListElement\":[{\"@type\":\"ListItem\",\"position\":1,\"name\":\"In\u00edcio\",\"item\":\"https:\/\/ninamartinelli.com.br\/blog2\/\"},{\"@type\":\"ListItem\",\"position\":2,\"name\":\"Nina Martinelli foi patrocinadora master da Premia\u00e7\u00e3o do Polo Granja Viana 2023\"}]},{\"@type\":\"WebSite\",\"@id\":\"https:\/\/ninamartinelli.com.br\/blog2\/#website\",\"url\":\"https:\/\/ninamartinelli.com.br\/blog2\/\",\"name\":\"Nina Martinelli\",\"description\":\"#Nina_Martinelli\",\"publisher\":{\"@id\":\"https:\/\/ninamartinelli.com.br\/blog2\/#organization\"},\"potentialAction\":[{\"@type\":\"SearchAction\",\"target\":{\"@type\":\"EntryPoint\",\"urlTemplate\":\"https:\/\/ninamartinelli.com.br\/blog2\/?s={search_term_string}\"},\"query-input\":{\"@type\":\"PropertyValueSpecification\",\"valueRequired\":true,\"valueName\":\"search_term_string\"}}],\"inLanguage\":\"pt-BR\"},{\"@type\":\"Organization\",\"@id\":\"https:\/\/ninamartinelli.com.br\/blog2\/#organization\",\"name\":\"Blog Novidades\",\"url\":\"https:\/\/ninamartinelli.com.br\/blog2\/\",\"logo\":{\"@type\":\"ImageObject\",\"inLanguage\":\"pt-BR\",\"@id\":\"https:\/\/ninamartinelli.com.br\/blog2\/#\/schema\/logo\/image\/\",\"url\":\"http:\/\/blog.ninamartinelli.com.br\/wp-content\/uploads\/2022\/03\/logo_nina_blog.png\",\"contentUrl\":\"http:\/\/blog.ninamartinelli.com.br\/wp-content\/uploads\/2022\/03\/logo_nina_blog.png\",\"width\":500,\"height\":104,\"caption\":\"Blog Novidades\"},\"image\":{\"@id\":\"https:\/\/ninamartinelli.com.br\/blog2\/#\/schema\/logo\/image\/\"}},{\"@type\":\"Person\",\"@id\":\"https:\/\/ninamartinelli.com.br\/blog2\/#\/schema\/person\/43fbfb1d4cbe3b472995206b2bb06df5\",\"name\":\"Ana Maria Devides\",\"image\":{\"@type\":\"ImageObject\",\"inLanguage\":\"pt-BR\",\"@id\":\"https:\/\/ninamartinelli.com.br\/blog2\/#\/schema\/person\/image\/\",\"url\":\"https:\/\/secure.gravatar.com\/avatar\/a03a82675d8bb3da8e5c5a6872db97be?s=96&d=mm&r=g\",\"contentUrl\":\"https:\/\/secure.gravatar.com\/avatar\/a03a82675d8bb3da8e5c5a6872db97be?s=96&d=mm&r=g\",\"caption\":\"Ana Maria Devides\"},\"url\":\"https:\/\/ninamartinelli.com.br\/blog2\/author\/assessoria-nina-martinelli\/\"}]}<\/script>\n<!-- \/ Yoast SEO plugin. -->","yoast_head_json":{"title":"Nina Martinelli foi patrocinadora master da Premia\u00e7\u00e3o do Polo Granja Viana 2023","description":"Polo Granja Viana 2023 - Nina Martinelli apoiou e foi grande destaque no renomado evento, que aconteceu em Cotia no in\u00edcio de fevereiro","robots":{"index":"index","follow":"follow","max-snippet":"max-snippet:-1","max-image-preview":"max-image-preview:large","max-video-preview":"max-video-preview:-1"},"canonical":"https:\/\/ninamartinelli.com.br\/blog2\/nina-martinelli-foi-patrocinadora-master-da-premiacao-do-polo-granja-viana-2023\/","og_locale":"pt_BR","og_type":"article","og_title":"Nina Martinelli foi patrocinadora master da Premia\u00e7\u00e3o do Polo Granja Viana 2023","og_description":"Polo Granja Viana 2023 - Nina Martinelli apoiou e foi grande destaque no renomado evento, que aconteceu em Cotia no in\u00edcio de fevereiro","og_url":"https:\/\/ninamartinelli.com.br\/blog2\/nina-martinelli-foi-patrocinadora-master-da-premiacao-do-polo-granja-viana-2023\/","og_site_name":"Blog Nina","article_published_time":"2024-02-07T13:46:58+00:00","og_image":[{"width":2560,"height":1704,"url":"https:\/\/ninamartinelli.com.br\/blog2\/wp-content\/uploads\/2024\/02\/granja-principal-scaled.jpg","type":"image\/jpeg"}],"author":"Ana Maria Devides","twitter_card":"summary_large_image","twitter_misc":{"Escrito por":"Ana Maria Devides","Est. tempo de leitura":"3 minutos"},"schema":{"@context":"https:\/\/schema.org","@graph":[{"@type":"Article","@id":"https:\/\/ninamartinelli.com.br\/blog2\/nina-martinelli-foi-patrocinadora-master-da-premiacao-do-polo-granja-viana-2023\/#article","isPartOf":{"@id":"https:\/\/ninamartinelli.com.br\/blog2\/nina-martinelli-foi-patrocinadora-master-da-premiacao-do-polo-granja-viana-2023\/"},"author":{"name":"Ana Maria Devides","@id":"https:\/\/ninamartinelli.com.br\/blog2\/#\/schema\/person\/43fbfb1d4cbe3b472995206b2bb06df5"},"headline":"Nina Martinelli foi patrocinadora master da Premia\u00e7\u00e3o do Polo Granja Viana 2023","datePublished":"2024-02-07T13:46:58+00:00","mainEntityOfPage":{"@id":"https:\/\/ninamartinelli.com.br\/blog2\/nina-martinelli-foi-patrocinadora-master-da-premiacao-do-polo-granja-viana-2023\/"},"wordCount":297,"commentCount":0,"publisher":{"@id":"https:\/\/ninamartinelli.com.br\/blog2\/#organization"},"image":{"@id":"https:\/\/ninamartinelli.com.br\/blog2\/nina-martinelli-foi-patrocinadora-master-da-premiacao-do-polo-granja-viana-2023\/#primaryimage"},"thumbnailUrl":"https:\/\/ninamartinelli.com.br\/blog2\/wp-content\/uploads\/2024\/02\/granja-principal-scaled.jpg","keywords":["piso","revestimento","revestimento 3D","Sustentabilidade"],"articleSection":["Mostras e Eventos","Nina Martinelli","Revestimentos","Sustentabilidade"],"inLanguage":"pt-BR","potentialAction":[{"@type":"CommentAction","name":"Comment","target":["https:\/\/ninamartinelli.com.br\/blog2\/nina-martinelli-foi-patrocinadora-master-da-premiacao-do-polo-granja-viana-2023\/#respond"]}]},{"@type":"WebPage","@id":"https:\/\/ninamartinelli.com.br\/blog2\/nina-martinelli-foi-patrocinadora-master-da-premiacao-do-polo-granja-viana-2023\/","url":"https:\/\/ninamartinelli.com.br\/blog2\/nina-martinelli-foi-patrocinadora-master-da-premiacao-do-polo-granja-viana-2023\/","name":"Nina Martinelli foi patrocinadora master da Premia\u00e7\u00e3o do Polo Granja Viana 2023","isPartOf":{"@id":"https:\/\/ninamartinelli.com.br\/blog2\/#website"},"primaryImageOfPage":{"@id":"https:\/\/ninamartinelli.com.br\/blog2\/nina-martinelli-foi-patrocinadora-master-da-premiacao-do-polo-granja-viana-2023\/#primaryimage"},"image":{"@id":"https:\/\/ninamartinelli.com.br\/blog2\/nina-martinelli-foi-patrocinadora-master-da-premiacao-do-polo-granja-viana-2023\/#primaryimage"},"thumbnailUrl":"https:\/\/ninamartinelli.com.br\/blog2\/wp-content\/uploads\/2024\/02\/granja-principal-scaled.jpg","datePublished":"2024-02-07T13:46:58+00:00","description":"Polo Granja Viana 2023 - Nina Martinelli apoiou e foi grande destaque no renomado evento, que aconteceu em Cotia no in\u00edcio de fevereiro","breadcrumb":{"@id":"https:\/\/ninamartinelli.com.br\/blog2\/nina-martinelli-foi-patrocinadora-master-da-premiacao-do-polo-granja-viana-2023\/#breadcrumb"},"inLanguage":"pt-BR","potentialAction":[{"@type":"ReadAction","target":["https:\/\/ninamartinelli.com.br\/blog2\/nina-martinelli-foi-patrocinadora-master-da-premiacao-do-polo-granja-viana-2023\/"]}]},{"@type":"ImageObject","inLanguage":"pt-BR","@id":"https:\/\/ninamartinelli.com.br\/blog2\/nina-martinelli-foi-patrocinadora-master-da-premiacao-do-polo-granja-viana-2023\/#primaryimage","url":"https:\/\/ninamartinelli.com.br\/blog2\/wp-content\/uploads\/2024\/02\/granja-principal-scaled.jpg","contentUrl":"https:\/\/ninamartinelli.com.br\/blog2\/wp-content\/uploads\/2024\/02\/granja-principal-scaled.jpg","width":2560,"height":1704},{"@type":"BreadcrumbList","@id":"https:\/\/ninamartinelli.com.br\/blog2\/nina-martinelli-foi-patrocinadora-master-da-premiacao-do-polo-granja-viana-2023\/#breadcrumb","itemListElement":[{"@type":"ListItem","position":1,"name":"In\u00edcio","item":"https:\/\/ninamartinelli.com.br\/blog2\/"},{"@type":"ListItem","position":2,"name":"Nina Martinelli foi patrocinadora master da Premia\u00e7\u00e3o do Polo Granja Viana 2023"}]},{"@type":"WebSite","@id":"https:\/\/ninamartinelli.com.br\/blog2\/#website","url":"https:\/\/ninamartinelli.com.br\/blog2\/","name":"Nina Martinelli","description":"#Nina_Martinelli","publisher":{"@id":"https:\/\/ninamartinelli.com.br\/blog2\/#organization"},"potentialAction":[{"@type":"SearchAction","target":{"@type":"EntryPoint","urlTemplate":"https:\/\/ninamartinelli.com.br\/blog2\/?s={search_term_string}"},"query-input":{"@type":"PropertyValueSpecification","valueRequired":true,"valueName":"search_term_string"}}],"inLanguage":"pt-BR"},{"@type":"Organization","@id":"https:\/\/ninamartinelli.com.br\/blog2\/#organization","name":"Blog Novidades","url":"https:\/\/ninamartinelli.com.br\/blog2\/","logo":{"@type":"ImageObject","inLanguage":"pt-BR","@id":"https:\/\/ninamartinelli.com.br\/blog2\/#\/schema\/logo\/image\/","url":"http:\/\/blog.ninamartinelli.com.br\/wp-content\/uploads\/2022\/03\/logo_nina_blog.png","contentUrl":"http:\/\/blog.ninamartinelli.com.br\/wp-content\/uploads\/2022\/03\/logo_nina_blog.png","width":500,"height":104,"caption":"Blog Novidades"},"image":{"@id":"https:\/\/ninamartinelli.com.br\/blog2\/#\/schema\/logo\/image\/"}},{"@type":"Person","@id":"https:\/\/ninamartinelli.com.br\/blog2\/#\/schema\/person\/43fbfb1d4cbe3b472995206b2bb06df5","name":"Ana Maria Devides","image":{"@type":"ImageObject","inLanguage":"pt-BR","@id":"https:\/\/ninamartinelli.com.br\/blog2\/#\/schema\/person\/image\/","url":"https:\/\/secure.gravatar.com\/avatar\/a03a82675d8bb3da8e5c5a6872db97be?s=96&d=mm&r=g","contentUrl":"https:\/\/secure.gravatar.com\/avatar\/a03a82675d8bb3da8e5c5a6872db97be?s=96&d=mm&r=g","caption":"Ana Maria Devides"},"url":"https:\/\/ninamartinelli.com.br\/blog2\/author\/assessoria-nina-martinelli\/"}]}},"_links":{"self":[{"href":"https:\/\/ninamartinelli.com.br\/blog2\/wp-json\/wp\/v2\/posts\/2246","targetHints":{"allow":["GET"]}}],"collection":[{"href":"https:\/\/ninamartinelli.com.br\/blog2\/wp-json\/wp\/v2\/posts"}],"about":[{"href":"https:\/\/ninamartinelli.com.br\/blog2\/wp-json\/wp\/v2\/types\/post"}],"author":[{"embeddable":true,"href":"https:\/\/ninamartinelli.com.br\/blog2\/wp-json\/wp\/v2\/users\/2"}],"replies":[{"embeddable":true,"href":"https:\/\/ninamartinelli.com.br\/blog2\/wp-json\/wp\/v2\/comments?post=2246"}],"version-history":[{"count":1,"href":"https:\/\/ninamartinelli.com.br\/blog2\/wp-json\/wp\/v2\/posts\/2246\/revisions"}],"predecessor-version":[{"id":2255,"href":"https:\/\/ninamartinelli.com.br\/blog2\/wp-json\/wp\/v2\/posts\/2246\/revisions\/2255"}],"wp:featuredmedia":[{"embeddable":true,"href":"https:\/\/ninamartinelli.com.br\/blog2\/wp-json\/wp\/v2\/media\/2247"}],"wp:attachment":[{"href":"https:\/\/ninamartinelli.com.br\/blog2\/wp-json\/wp\/v2\/media?parent=2246"}],"wp:term":[{"taxonomy":"category","embeddable":true,"href":"https:\/\/ninamartinelli.com.br\/blog2\/wp-json\/wp\/v2\/categories?post=2246"},{"taxonomy":"post_tag","embeddable":true,"href":"https:\/\/ninamartinelli.com.br\/blog2\/wp-json\/wp\/v2\/tags?post=2246"}],"curies":[{"name":"wp","href":"https:\/\/api.w.org\/{rel}","templated":true}]}}