{"id":2242,"date":"2024-01-31T08:33:33","date_gmt":"2024-01-31T11:33:33","guid":{"rendered":"https:\/\/ninamartinelli.com.br\/blog2\/?p=2242"},"modified":"2024-01-31T08:33:33","modified_gmt":"2024-01-31T11:33:33","slug":"revestimentos-3d-convidam-o-olhar-a-contemplar-o-belo-e-o-movimento","status":"publish","type":"post","link":"https:\/\/ninamartinelli.com.br\/blog2\/revestimentos-3d-convidam-o-olhar-a-contemplar-o-belo-e-o-movimento\/","title":{"rendered":"Revestimentos 3D convidam o olhar a contemplar o belo e o movimento"},"content":{"rendered":"<p>Revestimentos 3D \u2013 Usar paredes como ponto focal de um ambiente \u00e9 um recurso cl\u00e1ssico adotado por especificadores que buscam solu\u00e7\u00f5es pr\u00e1ticas, marcantes e que proporcionem diferencia\u00e7\u00e3o aos ambientes projetados para seus clientes.<\/p>\n<p>Se no passado o destaque de uma superf\u00edcie era obtido por meio do uso de cores, mob\u00edlia rebuscada ou especial, ilumina\u00e7\u00e3o complexa ou mesmo pela aplica\u00e7\u00e3o de papeis de parede, que s\u00e3o solu\u00e7\u00f5es sempre interessantes, hoje a aplica\u00e7\u00e3o de revestimentos que mais parecem pe\u00e7as esculturais \u00e9 mais do que uma tend\u00eancia \u2013 \u00e9 uma solu\u00e7\u00e3o muito utilizada.<\/p>\n<p>Os revestimentos tridimensionais em geral apresentam formas, dimens\u00f5es e texturas que criam efeitos est\u00e9ticos e de profundidade \u00e0s paredes. Eles convidam o olhar \u00e0 contempla\u00e7\u00e3o do belo e ao movimento.<\/p>\n<p>A escolha dos modelos deve ser feita sempre, claro, levando-se em conta as caracter\u00edsticas e o uso dos ambientes, o conceito do projeto e o estilo do cliente, mas, \u00e9 fato que paredes revestidas com essas pe\u00e7as ganham mais do que destaque. Ganham status de decora\u00e7\u00e3o dos espa\u00e7os.<\/p>\n<p>A Nina Martinelli possui uma vasta linha de Revestimentos 3D, com diferentes inspira\u00e7\u00f5es, que v\u00e3o de figuras geom\u00e9tricas a elementos da natureza, sempre agregando aos produtos design, inova\u00e7\u00e3o, qualidade e praticidade. Com produ\u00e7\u00e3o artesanal, sempre.<\/p>\n<p>Um exemplo desses atributos muito bem expressos nos Revestimentos 3D est\u00e1 no Dritto 35&#215;70.<\/p>\n<p>Nesse exemplo, temos o belo trabalho da arquiteta Aline Flaminio Machiti, que usou o Dritto Bianco para revestir uma parede de uma sala de jantar residencial. O resultado uniu beleza e sofistica\u00e7\u00e3o, al\u00e9m de muita personalidade.<\/p>\n<p>Veja mais projetos com Revestimentos 3D clicando <a href=\"https:\/\/ninamartinelli.com.br\/blog2\/apia-converte-parede-em-obra-de-arte-em-apartamento-no-maranhao\/\">aqui<\/a><\/p>\n<p><strong>Servi\u00e7o:<\/strong><\/p>\n<p><strong>Revestimentos 3D<\/strong><\/p>\n<p>Dritto \u2013\u00a0 35x70cm<br \/>\nCores: Beige, Concreto, Bianco, Grigio<br \/>\nProjeto: Sala de jantar residencial<br \/>\nAline Flam\u00ednio Machiti Arquiteta e Urbanista<br \/>\nS\u00e3o Jos\u00e9 do Rio Pardo \u2013 SP<br \/>\nInstagram:\u00a0<a href=\"https:\/\/www.instagram.com\/alineflaminio_arquiteta\/\">@alineflaminio_arquiteta<\/a><\/p>\n<p>&nbsp;<\/p>\n","protected":false},"excerpt":{"rendered":"<p>Revestimentos 3D \u2013 Usar paredes como ponto focal de um ambiente \u00e9 um recurso cl\u00e1ssico<\/p>\n","protected":false},"author":2,"featured_media":2243,"comment_status":"open","ping_status":"open","sticky":false,"template":"","format":"standard","meta":{"footnotes":""},"categories":[26],"tags":[40,37,46,67],"class_list":["post-2242","post","type-post","status-publish","format-standard","has-post-thumbnail","hentry","category-revestimentos","tag-area-interna","tag-parede","tag-revestimento","tag-revestimento-3d"],"yoast_head":"<!-- This site is optimized with the Yoast SEO plugin v26.8 - https:\/\/yoast.com\/product\/yoast-seo-wordpress\/ -->\n<title>Revestimentos 3D convidam o olhar a contemplar o belo e o movimento<\/title>\n<meta name=\"description\" content=\"Revestimentos 3D, veja aqui porque eles s\u00e3o mais do que uma tend\u00eancia e se tornaram alternativa para acabamento que tamb\u00e9m \u00e9 decora\u00e7\u00e3o!\" \/>\n<meta name=\"robots\" content=\"index, follow, max-snippet:-1, max-image-preview:large, max-video-preview:-1\" \/>\n<link rel=\"canonical\" href=\"https:\/\/ninamartinelli.com.br\/blog2\/revestimentos-3d-convidam-o-olhar-a-contemplar-o-belo-e-o-movimento\/\" \/>\n<meta property=\"og:locale\" content=\"pt_BR\" \/>\n<meta property=\"og:type\" content=\"article\" \/>\n<meta property=\"og:title\" content=\"Revestimentos 3D convidam o olhar a contemplar o belo e o movimento\" \/>\n<meta property=\"og:description\" content=\"Revestimentos 3D, veja aqui porque eles s\u00e3o mais do que uma tend\u00eancia e se tornaram alternativa para acabamento que tamb\u00e9m \u00e9 decora\u00e7\u00e3o!\" \/>\n<meta property=\"og:url\" content=\"https:\/\/ninamartinelli.com.br\/blog2\/revestimentos-3d-convidam-o-olhar-a-contemplar-o-belo-e-o-movimento\/\" \/>\n<meta property=\"og:site_name\" content=\"Blog Nina\" \/>\n<meta property=\"article:published_time\" content=\"2024-01-31T11:33:33+00:00\" \/>\n<meta property=\"og:image\" content=\"https:\/\/ninamartinelli.com.br\/blog2\/wp-content\/uploads\/2024\/01\/Dritto.jpg\" \/>\n\t<meta property=\"og:image:width\" content=\"800\" \/>\n\t<meta property=\"og:image:height\" content=\"800\" \/>\n\t<meta property=\"og:image:type\" content=\"image\/jpeg\" \/>\n<meta name=\"author\" content=\"Ana Maria Devides\" \/>\n<meta name=\"twitter:card\" content=\"summary_large_image\" \/>\n<meta name=\"twitter:label1\" content=\"Escrito por\" \/>\n\t<meta name=\"twitter:data1\" content=\"Ana Maria Devides\" \/>\n\t<meta name=\"twitter:label2\" content=\"Est. tempo de leitura\" \/>\n\t<meta name=\"twitter:data2\" content=\"2 minutos\" \/>\n<script type=\"application\/ld+json\" class=\"yoast-schema-graph\">{\"@context\":\"https:\/\/schema.org\",\"@graph\":[{\"@type\":\"Article\",\"@id\":\"https:\/\/ninamartinelli.com.br\/blog2\/revestimentos-3d-convidam-o-olhar-a-contemplar-o-belo-e-o-movimento\/#article\",\"isPartOf\":{\"@id\":\"https:\/\/ninamartinelli.com.br\/blog2\/revestimentos-3d-convidam-o-olhar-a-contemplar-o-belo-e-o-movimento\/\"},\"author\":{\"name\":\"Ana Maria Devides\",\"@id\":\"https:\/\/ninamartinelli.com.br\/blog2\/#\/schema\/person\/43fbfb1d4cbe3b472995206b2bb06df5\"},\"headline\":\"Revestimentos 3D convidam o olhar a contemplar o belo e o movimento\",\"datePublished\":\"2024-01-31T11:33:33+00:00\",\"mainEntityOfPage\":{\"@id\":\"https:\/\/ninamartinelli.com.br\/blog2\/revestimentos-3d-convidam-o-olhar-a-contemplar-o-belo-e-o-movimento\/\"},\"wordCount\":329,\"commentCount\":0,\"publisher\":{\"@id\":\"https:\/\/ninamartinelli.com.br\/blog2\/#organization\"},\"image\":{\"@id\":\"https:\/\/ninamartinelli.com.br\/blog2\/revestimentos-3d-convidam-o-olhar-a-contemplar-o-belo-e-o-movimento\/#primaryimage\"},\"thumbnailUrl\":\"https:\/\/ninamartinelli.com.br\/blog2\/wp-content\/uploads\/2024\/01\/Dritto.jpg\",\"keywords\":[\"area interna\",\"parede\",\"revestimento\",\"revestimento 3D\"],\"articleSection\":[\"Revestimentos\"],\"inLanguage\":\"pt-BR\",\"potentialAction\":[{\"@type\":\"CommentAction\",\"name\":\"Comment\",\"target\":[\"https:\/\/ninamartinelli.com.br\/blog2\/revestimentos-3d-convidam-o-olhar-a-contemplar-o-belo-e-o-movimento\/#respond\"]}]},{\"@type\":\"WebPage\",\"@id\":\"https:\/\/ninamartinelli.com.br\/blog2\/revestimentos-3d-convidam-o-olhar-a-contemplar-o-belo-e-o-movimento\/\",\"url\":\"https:\/\/ninamartinelli.com.br\/blog2\/revestimentos-3d-convidam-o-olhar-a-contemplar-o-belo-e-o-movimento\/\",\"name\":\"Revestimentos 3D convidam o olhar a contemplar o belo e o movimento\",\"isPartOf\":{\"@id\":\"https:\/\/ninamartinelli.com.br\/blog2\/#website\"},\"primaryImageOfPage\":{\"@id\":\"https:\/\/ninamartinelli.com.br\/blog2\/revestimentos-3d-convidam-o-olhar-a-contemplar-o-belo-e-o-movimento\/#primaryimage\"},\"image\":{\"@id\":\"https:\/\/ninamartinelli.com.br\/blog2\/revestimentos-3d-convidam-o-olhar-a-contemplar-o-belo-e-o-movimento\/#primaryimage\"},\"thumbnailUrl\":\"https:\/\/ninamartinelli.com.br\/blog2\/wp-content\/uploads\/2024\/01\/Dritto.jpg\",\"datePublished\":\"2024-01-31T11:33:33+00:00\",\"description\":\"Revestimentos 3D, veja aqui porque eles s\u00e3o mais do que uma tend\u00eancia e se tornaram alternativa para acabamento que tamb\u00e9m \u00e9 decora\u00e7\u00e3o!\",\"breadcrumb\":{\"@id\":\"https:\/\/ninamartinelli.com.br\/blog2\/revestimentos-3d-convidam-o-olhar-a-contemplar-o-belo-e-o-movimento\/#breadcrumb\"},\"inLanguage\":\"pt-BR\",\"potentialAction\":[{\"@type\":\"ReadAction\",\"target\":[\"https:\/\/ninamartinelli.com.br\/blog2\/revestimentos-3d-convidam-o-olhar-a-contemplar-o-belo-e-o-movimento\/\"]}]},{\"@type\":\"ImageObject\",\"inLanguage\":\"pt-BR\",\"@id\":\"https:\/\/ninamartinelli.com.br\/blog2\/revestimentos-3d-convidam-o-olhar-a-contemplar-o-belo-e-o-movimento\/#primaryimage\",\"url\":\"https:\/\/ninamartinelli.com.br\/blog2\/wp-content\/uploads\/2024\/01\/Dritto.jpg\",\"contentUrl\":\"https:\/\/ninamartinelli.com.br\/blog2\/wp-content\/uploads\/2024\/01\/Dritto.jpg\",\"width\":800,\"height\":800},{\"@type\":\"BreadcrumbList\",\"@id\":\"https:\/\/ninamartinelli.com.br\/blog2\/revestimentos-3d-convidam-o-olhar-a-contemplar-o-belo-e-o-movimento\/#breadcrumb\",\"itemListElement\":[{\"@type\":\"ListItem\",\"position\":1,\"name\":\"In\u00edcio\",\"item\":\"https:\/\/ninamartinelli.com.br\/blog2\/\"},{\"@type\":\"ListItem\",\"position\":2,\"name\":\"Revestimentos 3D convidam o olhar a contemplar o belo e o movimento\"}]},{\"@type\":\"WebSite\",\"@id\":\"https:\/\/ninamartinelli.com.br\/blog2\/#website\",\"url\":\"https:\/\/ninamartinelli.com.br\/blog2\/\",\"name\":\"Nina Martinelli\",\"description\":\"#Nina_Martinelli\",\"publisher\":{\"@id\":\"https:\/\/ninamartinelli.com.br\/blog2\/#organization\"},\"potentialAction\":[{\"@type\":\"SearchAction\",\"target\":{\"@type\":\"EntryPoint\",\"urlTemplate\":\"https:\/\/ninamartinelli.com.br\/blog2\/?s={search_term_string}\"},\"query-input\":{\"@type\":\"PropertyValueSpecification\",\"valueRequired\":true,\"valueName\":\"search_term_string\"}}],\"inLanguage\":\"pt-BR\"},{\"@type\":\"Organization\",\"@id\":\"https:\/\/ninamartinelli.com.br\/blog2\/#organization\",\"name\":\"Blog Novidades\",\"url\":\"https:\/\/ninamartinelli.com.br\/blog2\/\",\"logo\":{\"@type\":\"ImageObject\",\"inLanguage\":\"pt-BR\",\"@id\":\"https:\/\/ninamartinelli.com.br\/blog2\/#\/schema\/logo\/image\/\",\"url\":\"http:\/\/blog.ninamartinelli.com.br\/wp-content\/uploads\/2022\/03\/logo_nina_blog.png\",\"contentUrl\":\"http:\/\/blog.ninamartinelli.com.br\/wp-content\/uploads\/2022\/03\/logo_nina_blog.png\",\"width\":500,\"height\":104,\"caption\":\"Blog Novidades\"},\"image\":{\"@id\":\"https:\/\/ninamartinelli.com.br\/blog2\/#\/schema\/logo\/image\/\"}},{\"@type\":\"Person\",\"@id\":\"https:\/\/ninamartinelli.com.br\/blog2\/#\/schema\/person\/43fbfb1d4cbe3b472995206b2bb06df5\",\"name\":\"Ana Maria Devides\",\"image\":{\"@type\":\"ImageObject\",\"inLanguage\":\"pt-BR\",\"@id\":\"https:\/\/ninamartinelli.com.br\/blog2\/#\/schema\/person\/image\/\",\"url\":\"https:\/\/secure.gravatar.com\/avatar\/a03a82675d8bb3da8e5c5a6872db97be?s=96&d=mm&r=g\",\"contentUrl\":\"https:\/\/secure.gravatar.com\/avatar\/a03a82675d8bb3da8e5c5a6872db97be?s=96&d=mm&r=g\",\"caption\":\"Ana Maria Devides\"},\"url\":\"https:\/\/ninamartinelli.com.br\/blog2\/author\/assessoria-nina-martinelli\/\"}]}<\/script>\n<!-- \/ Yoast SEO plugin. -->","yoast_head_json":{"title":"Revestimentos 3D convidam o olhar a contemplar o belo e o movimento","description":"Revestimentos 3D, veja aqui porque eles s\u00e3o mais do que uma tend\u00eancia e se tornaram alternativa para acabamento que tamb\u00e9m \u00e9 decora\u00e7\u00e3o!","robots":{"index":"index","follow":"follow","max-snippet":"max-snippet:-1","max-image-preview":"max-image-preview:large","max-video-preview":"max-video-preview:-1"},"canonical":"https:\/\/ninamartinelli.com.br\/blog2\/revestimentos-3d-convidam-o-olhar-a-contemplar-o-belo-e-o-movimento\/","og_locale":"pt_BR","og_type":"article","og_title":"Revestimentos 3D convidam o olhar a contemplar o belo e o movimento","og_description":"Revestimentos 3D, veja aqui porque eles s\u00e3o mais do que uma tend\u00eancia e se tornaram alternativa para acabamento que tamb\u00e9m \u00e9 decora\u00e7\u00e3o!","og_url":"https:\/\/ninamartinelli.com.br\/blog2\/revestimentos-3d-convidam-o-olhar-a-contemplar-o-belo-e-o-movimento\/","og_site_name":"Blog Nina","article_published_time":"2024-01-31T11:33:33+00:00","og_image":[{"width":800,"height":800,"url":"https:\/\/ninamartinelli.com.br\/blog2\/wp-content\/uploads\/2024\/01\/Dritto.jpg","type":"image\/jpeg"}],"author":"Ana Maria Devides","twitter_card":"summary_large_image","twitter_misc":{"Escrito por":"Ana Maria Devides","Est. tempo de leitura":"2 minutos"},"schema":{"@context":"https:\/\/schema.org","@graph":[{"@type":"Article","@id":"https:\/\/ninamartinelli.com.br\/blog2\/revestimentos-3d-convidam-o-olhar-a-contemplar-o-belo-e-o-movimento\/#article","isPartOf":{"@id":"https:\/\/ninamartinelli.com.br\/blog2\/revestimentos-3d-convidam-o-olhar-a-contemplar-o-belo-e-o-movimento\/"},"author":{"name":"Ana Maria Devides","@id":"https:\/\/ninamartinelli.com.br\/blog2\/#\/schema\/person\/43fbfb1d4cbe3b472995206b2bb06df5"},"headline":"Revestimentos 3D convidam o olhar a contemplar o belo e o movimento","datePublished":"2024-01-31T11:33:33+00:00","mainEntityOfPage":{"@id":"https:\/\/ninamartinelli.com.br\/blog2\/revestimentos-3d-convidam-o-olhar-a-contemplar-o-belo-e-o-movimento\/"},"wordCount":329,"commentCount":0,"publisher":{"@id":"https:\/\/ninamartinelli.com.br\/blog2\/#organization"},"image":{"@id":"https:\/\/ninamartinelli.com.br\/blog2\/revestimentos-3d-convidam-o-olhar-a-contemplar-o-belo-e-o-movimento\/#primaryimage"},"thumbnailUrl":"https:\/\/ninamartinelli.com.br\/blog2\/wp-content\/uploads\/2024\/01\/Dritto.jpg","keywords":["area interna","parede","revestimento","revestimento 3D"],"articleSection":["Revestimentos"],"inLanguage":"pt-BR","potentialAction":[{"@type":"CommentAction","name":"Comment","target":["https:\/\/ninamartinelli.com.br\/blog2\/revestimentos-3d-convidam-o-olhar-a-contemplar-o-belo-e-o-movimento\/#respond"]}]},{"@type":"WebPage","@id":"https:\/\/ninamartinelli.com.br\/blog2\/revestimentos-3d-convidam-o-olhar-a-contemplar-o-belo-e-o-movimento\/","url":"https:\/\/ninamartinelli.com.br\/blog2\/revestimentos-3d-convidam-o-olhar-a-contemplar-o-belo-e-o-movimento\/","name":"Revestimentos 3D convidam o olhar a contemplar o belo e o movimento","isPartOf":{"@id":"https:\/\/ninamartinelli.com.br\/blog2\/#website"},"primaryImageOfPage":{"@id":"https:\/\/ninamartinelli.com.br\/blog2\/revestimentos-3d-convidam-o-olhar-a-contemplar-o-belo-e-o-movimento\/#primaryimage"},"image":{"@id":"https:\/\/ninamartinelli.com.br\/blog2\/revestimentos-3d-convidam-o-olhar-a-contemplar-o-belo-e-o-movimento\/#primaryimage"},"thumbnailUrl":"https:\/\/ninamartinelli.com.br\/blog2\/wp-content\/uploads\/2024\/01\/Dritto.jpg","datePublished":"2024-01-31T11:33:33+00:00","description":"Revestimentos 3D, veja aqui porque eles s\u00e3o mais do que uma tend\u00eancia e se tornaram alternativa para acabamento que tamb\u00e9m \u00e9 decora\u00e7\u00e3o!","breadcrumb":{"@id":"https:\/\/ninamartinelli.com.br\/blog2\/revestimentos-3d-convidam-o-olhar-a-contemplar-o-belo-e-o-movimento\/#breadcrumb"},"inLanguage":"pt-BR","potentialAction":[{"@type":"ReadAction","target":["https:\/\/ninamartinelli.com.br\/blog2\/revestimentos-3d-convidam-o-olhar-a-contemplar-o-belo-e-o-movimento\/"]}]},{"@type":"ImageObject","inLanguage":"pt-BR","@id":"https:\/\/ninamartinelli.com.br\/blog2\/revestimentos-3d-convidam-o-olhar-a-contemplar-o-belo-e-o-movimento\/#primaryimage","url":"https:\/\/ninamartinelli.com.br\/blog2\/wp-content\/uploads\/2024\/01\/Dritto.jpg","contentUrl":"https:\/\/ninamartinelli.com.br\/blog2\/wp-content\/uploads\/2024\/01\/Dritto.jpg","width":800,"height":800},{"@type":"BreadcrumbList","@id":"https:\/\/ninamartinelli.com.br\/blog2\/revestimentos-3d-convidam-o-olhar-a-contemplar-o-belo-e-o-movimento\/#breadcrumb","itemListElement":[{"@type":"ListItem","position":1,"name":"In\u00edcio","item":"https:\/\/ninamartinelli.com.br\/blog2\/"},{"@type":"ListItem","position":2,"name":"Revestimentos 3D convidam o olhar a contemplar o belo e o movimento"}]},{"@type":"WebSite","@id":"https:\/\/ninamartinelli.com.br\/blog2\/#website","url":"https:\/\/ninamartinelli.com.br\/blog2\/","name":"Nina Martinelli","description":"#Nina_Martinelli","publisher":{"@id":"https:\/\/ninamartinelli.com.br\/blog2\/#organization"},"potentialAction":[{"@type":"SearchAction","target":{"@type":"EntryPoint","urlTemplate":"https:\/\/ninamartinelli.com.br\/blog2\/?s={search_term_string}"},"query-input":{"@type":"PropertyValueSpecification","valueRequired":true,"valueName":"search_term_string"}}],"inLanguage":"pt-BR"},{"@type":"Organization","@id":"https:\/\/ninamartinelli.com.br\/blog2\/#organization","name":"Blog Novidades","url":"https:\/\/ninamartinelli.com.br\/blog2\/","logo":{"@type":"ImageObject","inLanguage":"pt-BR","@id":"https:\/\/ninamartinelli.com.br\/blog2\/#\/schema\/logo\/image\/","url":"http:\/\/blog.ninamartinelli.com.br\/wp-content\/uploads\/2022\/03\/logo_nina_blog.png","contentUrl":"http:\/\/blog.ninamartinelli.com.br\/wp-content\/uploads\/2022\/03\/logo_nina_blog.png","width":500,"height":104,"caption":"Blog Novidades"},"image":{"@id":"https:\/\/ninamartinelli.com.br\/blog2\/#\/schema\/logo\/image\/"}},{"@type":"Person","@id":"https:\/\/ninamartinelli.com.br\/blog2\/#\/schema\/person\/43fbfb1d4cbe3b472995206b2bb06df5","name":"Ana Maria Devides","image":{"@type":"ImageObject","inLanguage":"pt-BR","@id":"https:\/\/ninamartinelli.com.br\/blog2\/#\/schema\/person\/image\/","url":"https:\/\/secure.gravatar.com\/avatar\/a03a82675d8bb3da8e5c5a6872db97be?s=96&d=mm&r=g","contentUrl":"https:\/\/secure.gravatar.com\/avatar\/a03a82675d8bb3da8e5c5a6872db97be?s=96&d=mm&r=g","caption":"Ana Maria Devides"},"url":"https:\/\/ninamartinelli.com.br\/blog2\/author\/assessoria-nina-martinelli\/"}]}},"_links":{"self":[{"href":"https:\/\/ninamartinelli.com.br\/blog2\/wp-json\/wp\/v2\/posts\/2242","targetHints":{"allow":["GET"]}}],"collection":[{"href":"https:\/\/ninamartinelli.com.br\/blog2\/wp-json\/wp\/v2\/posts"}],"about":[{"href":"https:\/\/ninamartinelli.com.br\/blog2\/wp-json\/wp\/v2\/types\/post"}],"author":[{"embeddable":true,"href":"https:\/\/ninamartinelli.com.br\/blog2\/wp-json\/wp\/v2\/users\/2"}],"replies":[{"embeddable":true,"href":"https:\/\/ninamartinelli.com.br\/blog2\/wp-json\/wp\/v2\/comments?post=2242"}],"version-history":[{"count":1,"href":"https:\/\/ninamartinelli.com.br\/blog2\/wp-json\/wp\/v2\/posts\/2242\/revisions"}],"predecessor-version":[{"id":2244,"href":"https:\/\/ninamartinelli.com.br\/blog2\/wp-json\/wp\/v2\/posts\/2242\/revisions\/2244"}],"wp:featuredmedia":[{"embeddable":true,"href":"https:\/\/ninamartinelli.com.br\/blog2\/wp-json\/wp\/v2\/media\/2243"}],"wp:attachment":[{"href":"https:\/\/ninamartinelli.com.br\/blog2\/wp-json\/wp\/v2\/media?parent=2242"}],"wp:term":[{"taxonomy":"category","embeddable":true,"href":"https:\/\/ninamartinelli.com.br\/blog2\/wp-json\/wp\/v2\/categories?post=2242"},{"taxonomy":"post_tag","embeddable":true,"href":"https:\/\/ninamartinelli.com.br\/blog2\/wp-json\/wp\/v2\/tags?post=2242"}],"curies":[{"name":"wp","href":"https:\/\/api.w.org\/{rel}","templated":true}]}}