{"id":2227,"date":"2024-01-17T08:19:37","date_gmt":"2024-01-17T11:19:37","guid":{"rendered":"https:\/\/ninamartinelli.com.br\/blog2\/?p=2227"},"modified":"2024-01-17T08:19:37","modified_gmt":"2024-01-17T11:19:37","slug":"nobreza-e-harmonia-paralelle-taipa-eleva-hall-de-entrada-a-destaque-em-residencia-de-minas-gerais","status":"publish","type":"post","link":"https:\/\/ninamartinelli.com.br\/blog2\/nobreza-e-harmonia-paralelle-taipa-eleva-hall-de-entrada-a-destaque-em-residencia-de-minas-gerais\/","title":{"rendered":"Nobreza e harmonia \u2013 Paralelle Taipa eleva hall de entrada a destaque em resid\u00eancia de Minas Gerais"},"content":{"rendered":"<p>Nobreza e harmonia \u2013 Uma reforma residencial que exigiu conhecimento t\u00e9cnico e olhar humanizado para reformular um layout que desfavorecia justamente a entrada do im\u00f3vel, ou seja, o espa\u00e7o que causa, junto com a fachada, a primeira impress\u00e3o a quem chega. Isso resume um pouco do desafio encarado pela arquiteta, urbanista e empres\u00e1ria Ana Paula Costa Andrade, que tamb\u00e9m \u00e9 propriet\u00e1ria da <a href=\"https:\/\/www.instagram.com\/opera.do.espaco.loja\/\">\u00d3pera do Espa\u00e7o Design e Decora\u00e7\u00e3o<\/a>, em Diamantina\/MG.<\/p>\n<p>A casa em quest\u00e3o fica em Minas Novas, e a configura\u00e7\u00e3o antiga, segundo Ana Paula, tinha muitas divis\u00f5es e a entrada da casa era pela garagem. \u201cAquilo me incomodava. N\u00e3o havia fluidez, e ent\u00e3o eu girei totalmente o layout, criando um acesso social que harmonizasse com o conceito proposto\u201d, diz ela.<\/p>\n<p>Para revestir uma grande parede desse espa\u00e7o que virou um belo hall social, Ana Paula especificou o revestimento <a href=\"https:\/\/ninamartinelli.com.br\/#!\/pt\/produtos\/1.54.000.203-paralelle-taipa\">Paralelle Taipa<\/a>, da Nina Martinelli. Lan\u00e7ado em 2023 pela marca, o produto tem um design que remete \u00e0s impressionantes e diferentes paisagens que a Natureza oferece, e, tamb\u00e9m, \u00e0s formas arrojadas criadas pelo homem.<\/p>\n<p>Suas pe\u00e7as formam um conjunto com linhas paralelas e obl\u00edquas, em combina\u00e7\u00e3o de tons que, nesse modelo, s\u00e3o terrosos, remetendo \u00e0 taipa, trazendo um efeito arrojado e, ao mesmo tempo, org\u00e2nico \u00e0s superf\u00edcies onde \u00e9 aplicado.<\/p>\n<p>As medidas dele s\u00e3o 7x42cm, 14x42cm e 7x14x42. A Nina tamb\u00e9m disponibiliza o Paralelle nas vers\u00f5es Sepia e Bicolore Blu e s\u00e3o produtos premiados na <a href=\"https:\/\/ninamartinelli.com.br\/blog2\/wp-admin\/post.php?post=1933&amp;action=edit\">Expo Revestir 2023<\/a>. Aplicam-se a \u00e1reas internas e externas, desde que com tratamento adequado.<\/p>\n<p><img loading=\"lazy\" decoding=\"async\" class=\"wp-image-2229 alignright\" src=\"https:\/\/ninamartinelli.com.br\/blog2\/wp-content\/uploads\/2024\/01\/parallele-3-208x300.jpg\" alt=\"\" width=\"288\" height=\"415\" srcset=\"https:\/\/ninamartinelli.com.br\/blog2\/wp-content\/uploads\/2024\/01\/parallele-3-208x300.jpg 208w, https:\/\/ninamartinelli.com.br\/blog2\/wp-content\/uploads\/2024\/01\/parallele-3-710x1024.jpg 710w, https:\/\/ninamartinelli.com.br\/blog2\/wp-content\/uploads\/2024\/01\/parallele-3-768x1107.jpg 768w, https:\/\/ninamartinelli.com.br\/blog2\/wp-content\/uploads\/2024\/01\/parallele-3.jpg 967w\" sizes=\"auto, (max-width: 288px) 100vw, 288px\" \/><\/p>\n<p>Ana Paula se diz satisfeita com a escolha. \u201cEu precisava de um produto que traduzisse a import\u00e2ncia desse acesso, e o Paralelle Taipa cumpre muito bem esse papel\u201d, afirma ela, que incluiu, no fundo desse espa\u00e7o um port\u00e3o vazado em A\u00e7o Corten, dividindo o ambiente e uma \u00e1rea de servi\u00e7o. Ela tamb\u00e9m adicionou uma cobertura de vidro transl\u00facido, protegendo a entrada da chuva e, ao mesmo tempo, permitindo \u00f3tima incid\u00eancia de luz natural.<\/p>\n<p>A pe\u00e7a trouxe ainda mais eleg\u00e2ncia ao espa\u00e7o, e valorizou ainda mais o revestimento da parede, que, incrementada com arandelas pr\u00f3ximas ao piso de porcelanato cinza com efeito marmorizado, forma um conjunto harmonioso, elegante e convidativo.<\/p>\n<p>O Paralelle Taipa foi adquirido para esta obra na revenda parceira \u00d3pera do Espa\u00e7o Design e Decora\u00e7\u00e3o, em Diamantina\/MG.<\/p>\n<p>&nbsp;<\/p>\n<p>&nbsp;<\/p>\n<p><strong>Servi\u00e7o<\/strong><\/p>\n<p>Nobreza e harmonia \u2013 Resid\u00eancia em Minas Novas\/MG<\/p>\n<p>Produto \u2013 Parelelle Taipa 7x42cm, 14x42cm e 7x14x42<\/p>\n<p>Projeto: Ana Paula Costa Andrade<\/p>\n<p>Imagens: Ana Paula Costa Andrade<\/p>\n<p>Revenda parceira: \u00d3pera do Espa\u00e7o Design e Decora\u00e7\u00e3o \u2013 Diamantina MG<\/p>\n<p>Instagram: https:\/\/www.instagram.com\/opera.do.espaco.loja\/<\/p>\n","protected":false},"excerpt":{"rendered":"<p>Nobreza e harmonia \u2013 Uma reforma residencial que exigiu conhecimento t\u00e9cnico e olhar humanizado para<\/p>\n","protected":false},"author":2,"featured_media":2228,"comment_status":"open","ping_status":"open","sticky":false,"template":"","format":"standard","meta":{"footnotes":""},"categories":[153,26,129],"tags":[40,164,82,46],"class_list":["post-2227","post","type-post","status-publish","format-standard","has-post-thumbnail","hentry","category-lancamentos-2023","category-revestimentos","category-sustentabilidade","tag-area-interna","tag-hall-de-entrada","tag-lancamento","tag-revestimento"],"yoast_head":"<!-- This site is optimized with the Yoast SEO plugin v26.8 - https:\/\/yoast.com\/product\/yoast-seo-wordpress\/ -->\n<title>Nobreza e harmonia \u2013 Paralelle Taipa eleva hall de entrada a destaque em resid\u00eancia de Minas Gerais<\/title>\n<meta name=\"description\" content=\"Nobreza e harmonia. O revestimento Paralelle Taipa valorizou a nova entrada social de uma linda casa em Minas Novas-MG, saiba mais aqui!\" \/>\n<meta name=\"robots\" content=\"index, follow, max-snippet:-1, max-image-preview:large, max-video-preview:-1\" \/>\n<link rel=\"canonical\" href=\"https:\/\/ninamartinelli.com.br\/blog2\/nobreza-e-harmonia-paralelle-taipa-eleva-hall-de-entrada-a-destaque-em-residencia-de-minas-gerais\/\" \/>\n<meta property=\"og:locale\" content=\"pt_BR\" \/>\n<meta property=\"og:type\" content=\"article\" \/>\n<meta property=\"og:title\" content=\"Nobreza e harmonia \u2013 Paralelle Taipa eleva hall de entrada a destaque em resid\u00eancia de Minas Gerais\" \/>\n<meta property=\"og:description\" content=\"Nobreza e harmonia. O revestimento Paralelle Taipa valorizou a nova entrada social de uma linda casa em Minas Novas-MG, saiba mais aqui!\" \/>\n<meta property=\"og:url\" content=\"https:\/\/ninamartinelli.com.br\/blog2\/nobreza-e-harmonia-paralelle-taipa-eleva-hall-de-entrada-a-destaque-em-residencia-de-minas-gerais\/\" \/>\n<meta property=\"og:site_name\" content=\"Blog Nina\" \/>\n<meta property=\"article:published_time\" content=\"2024-01-17T11:19:37+00:00\" \/>\n<meta property=\"og:image\" content=\"https:\/\/ninamartinelli.com.br\/blog2\/wp-content\/uploads\/2024\/01\/parallele-1.jpg\" \/>\n\t<meta property=\"og:image:width\" content=\"1044\" \/>\n\t<meta property=\"og:image:height\" content=\"1417\" \/>\n\t<meta property=\"og:image:type\" content=\"image\/jpeg\" \/>\n<meta name=\"author\" content=\"Ana Maria Devides\" \/>\n<meta name=\"twitter:card\" content=\"summary_large_image\" \/>\n<meta name=\"twitter:label1\" content=\"Escrito por\" \/>\n\t<meta name=\"twitter:data1\" content=\"Ana Maria Devides\" \/>\n\t<meta name=\"twitter:label2\" content=\"Est. tempo de leitura\" \/>\n\t<meta name=\"twitter:data2\" content=\"3 minutos\" \/>\n<script type=\"application\/ld+json\" class=\"yoast-schema-graph\">{\"@context\":\"https:\/\/schema.org\",\"@graph\":[{\"@type\":\"Article\",\"@id\":\"https:\/\/ninamartinelli.com.br\/blog2\/nobreza-e-harmonia-paralelle-taipa-eleva-hall-de-entrada-a-destaque-em-residencia-de-minas-gerais\/#article\",\"isPartOf\":{\"@id\":\"https:\/\/ninamartinelli.com.br\/blog2\/nobreza-e-harmonia-paralelle-taipa-eleva-hall-de-entrada-a-destaque-em-residencia-de-minas-gerais\/\"},\"author\":{\"name\":\"Ana Maria Devides\",\"@id\":\"https:\/\/ninamartinelli.com.br\/blog2\/#\/schema\/person\/43fbfb1d4cbe3b472995206b2bb06df5\"},\"headline\":\"Nobreza e harmonia \u2013 Paralelle Taipa eleva hall de entrada a destaque em resid\u00eancia de Minas Gerais\",\"datePublished\":\"2024-01-17T11:19:37+00:00\",\"mainEntityOfPage\":{\"@id\":\"https:\/\/ninamartinelli.com.br\/blog2\/nobreza-e-harmonia-paralelle-taipa-eleva-hall-de-entrada-a-destaque-em-residencia-de-minas-gerais\/\"},\"wordCount\":487,\"commentCount\":0,\"publisher\":{\"@id\":\"https:\/\/ninamartinelli.com.br\/blog2\/#organization\"},\"image\":{\"@id\":\"https:\/\/ninamartinelli.com.br\/blog2\/nobreza-e-harmonia-paralelle-taipa-eleva-hall-de-entrada-a-destaque-em-residencia-de-minas-gerais\/#primaryimage\"},\"thumbnailUrl\":\"https:\/\/ninamartinelli.com.br\/blog2\/wp-content\/uploads\/2024\/01\/parallele-1.jpg\",\"keywords\":[\"area interna\",\"hall de entrada\",\"lan\u00e7amento\",\"revestimento\"],\"articleSection\":[\":: LAN\u00c7AMENTOS 2023 ::\",\"Revestimentos\",\"Sustentabilidade\"],\"inLanguage\":\"pt-BR\",\"potentialAction\":[{\"@type\":\"CommentAction\",\"name\":\"Comment\",\"target\":[\"https:\/\/ninamartinelli.com.br\/blog2\/nobreza-e-harmonia-paralelle-taipa-eleva-hall-de-entrada-a-destaque-em-residencia-de-minas-gerais\/#respond\"]}]},{\"@type\":\"WebPage\",\"@id\":\"https:\/\/ninamartinelli.com.br\/blog2\/nobreza-e-harmonia-paralelle-taipa-eleva-hall-de-entrada-a-destaque-em-residencia-de-minas-gerais\/\",\"url\":\"https:\/\/ninamartinelli.com.br\/blog2\/nobreza-e-harmonia-paralelle-taipa-eleva-hall-de-entrada-a-destaque-em-residencia-de-minas-gerais\/\",\"name\":\"Nobreza e harmonia \u2013 Paralelle Taipa eleva hall de entrada a destaque em resid\u00eancia de Minas Gerais\",\"isPartOf\":{\"@id\":\"https:\/\/ninamartinelli.com.br\/blog2\/#website\"},\"primaryImageOfPage\":{\"@id\":\"https:\/\/ninamartinelli.com.br\/blog2\/nobreza-e-harmonia-paralelle-taipa-eleva-hall-de-entrada-a-destaque-em-residencia-de-minas-gerais\/#primaryimage\"},\"image\":{\"@id\":\"https:\/\/ninamartinelli.com.br\/blog2\/nobreza-e-harmonia-paralelle-taipa-eleva-hall-de-entrada-a-destaque-em-residencia-de-minas-gerais\/#primaryimage\"},\"thumbnailUrl\":\"https:\/\/ninamartinelli.com.br\/blog2\/wp-content\/uploads\/2024\/01\/parallele-1.jpg\",\"datePublished\":\"2024-01-17T11:19:37+00:00\",\"description\":\"Nobreza e harmonia. O revestimento Paralelle Taipa valorizou a nova entrada social de uma linda casa em Minas Novas-MG, saiba mais aqui!\",\"breadcrumb\":{\"@id\":\"https:\/\/ninamartinelli.com.br\/blog2\/nobreza-e-harmonia-paralelle-taipa-eleva-hall-de-entrada-a-destaque-em-residencia-de-minas-gerais\/#breadcrumb\"},\"inLanguage\":\"pt-BR\",\"potentialAction\":[{\"@type\":\"ReadAction\",\"target\":[\"https:\/\/ninamartinelli.com.br\/blog2\/nobreza-e-harmonia-paralelle-taipa-eleva-hall-de-entrada-a-destaque-em-residencia-de-minas-gerais\/\"]}]},{\"@type\":\"ImageObject\",\"inLanguage\":\"pt-BR\",\"@id\":\"https:\/\/ninamartinelli.com.br\/blog2\/nobreza-e-harmonia-paralelle-taipa-eleva-hall-de-entrada-a-destaque-em-residencia-de-minas-gerais\/#primaryimage\",\"url\":\"https:\/\/ninamartinelli.com.br\/blog2\/wp-content\/uploads\/2024\/01\/parallele-1.jpg\",\"contentUrl\":\"https:\/\/ninamartinelli.com.br\/blog2\/wp-content\/uploads\/2024\/01\/parallele-1.jpg\",\"width\":1044,\"height\":1417},{\"@type\":\"BreadcrumbList\",\"@id\":\"https:\/\/ninamartinelli.com.br\/blog2\/nobreza-e-harmonia-paralelle-taipa-eleva-hall-de-entrada-a-destaque-em-residencia-de-minas-gerais\/#breadcrumb\",\"itemListElement\":[{\"@type\":\"ListItem\",\"position\":1,\"name\":\"In\u00edcio\",\"item\":\"https:\/\/ninamartinelli.com.br\/blog2\/\"},{\"@type\":\"ListItem\",\"position\":2,\"name\":\"Nobreza e harmonia \u2013 Paralelle Taipa eleva hall de entrada a destaque em resid\u00eancia de Minas Gerais\"}]},{\"@type\":\"WebSite\",\"@id\":\"https:\/\/ninamartinelli.com.br\/blog2\/#website\",\"url\":\"https:\/\/ninamartinelli.com.br\/blog2\/\",\"name\":\"Nina Martinelli\",\"description\":\"#Nina_Martinelli\",\"publisher\":{\"@id\":\"https:\/\/ninamartinelli.com.br\/blog2\/#organization\"},\"potentialAction\":[{\"@type\":\"SearchAction\",\"target\":{\"@type\":\"EntryPoint\",\"urlTemplate\":\"https:\/\/ninamartinelli.com.br\/blog2\/?s={search_term_string}\"},\"query-input\":{\"@type\":\"PropertyValueSpecification\",\"valueRequired\":true,\"valueName\":\"search_term_string\"}}],\"inLanguage\":\"pt-BR\"},{\"@type\":\"Organization\",\"@id\":\"https:\/\/ninamartinelli.com.br\/blog2\/#organization\",\"name\":\"Blog Novidades\",\"url\":\"https:\/\/ninamartinelli.com.br\/blog2\/\",\"logo\":{\"@type\":\"ImageObject\",\"inLanguage\":\"pt-BR\",\"@id\":\"https:\/\/ninamartinelli.com.br\/blog2\/#\/schema\/logo\/image\/\",\"url\":\"http:\/\/blog.ninamartinelli.com.br\/wp-content\/uploads\/2022\/03\/logo_nina_blog.png\",\"contentUrl\":\"http:\/\/blog.ninamartinelli.com.br\/wp-content\/uploads\/2022\/03\/logo_nina_blog.png\",\"width\":500,\"height\":104,\"caption\":\"Blog Novidades\"},\"image\":{\"@id\":\"https:\/\/ninamartinelli.com.br\/blog2\/#\/schema\/logo\/image\/\"}},{\"@type\":\"Person\",\"@id\":\"https:\/\/ninamartinelli.com.br\/blog2\/#\/schema\/person\/43fbfb1d4cbe3b472995206b2bb06df5\",\"name\":\"Ana Maria Devides\",\"image\":{\"@type\":\"ImageObject\",\"inLanguage\":\"pt-BR\",\"@id\":\"https:\/\/ninamartinelli.com.br\/blog2\/#\/schema\/person\/image\/\",\"url\":\"https:\/\/secure.gravatar.com\/avatar\/a03a82675d8bb3da8e5c5a6872db97be?s=96&d=mm&r=g\",\"contentUrl\":\"https:\/\/secure.gravatar.com\/avatar\/a03a82675d8bb3da8e5c5a6872db97be?s=96&d=mm&r=g\",\"caption\":\"Ana Maria Devides\"},\"url\":\"https:\/\/ninamartinelli.com.br\/blog2\/author\/assessoria-nina-martinelli\/\"}]}<\/script>\n<!-- \/ Yoast SEO plugin. -->","yoast_head_json":{"title":"Nobreza e harmonia \u2013 Paralelle Taipa eleva hall de entrada a destaque em resid\u00eancia de Minas Gerais","description":"Nobreza e harmonia. O revestimento Paralelle Taipa valorizou a nova entrada social de uma linda casa em Minas Novas-MG, saiba mais aqui!","robots":{"index":"index","follow":"follow","max-snippet":"max-snippet:-1","max-image-preview":"max-image-preview:large","max-video-preview":"max-video-preview:-1"},"canonical":"https:\/\/ninamartinelli.com.br\/blog2\/nobreza-e-harmonia-paralelle-taipa-eleva-hall-de-entrada-a-destaque-em-residencia-de-minas-gerais\/","og_locale":"pt_BR","og_type":"article","og_title":"Nobreza e harmonia \u2013 Paralelle Taipa eleva hall de entrada a destaque em resid\u00eancia de Minas Gerais","og_description":"Nobreza e harmonia. O revestimento Paralelle Taipa valorizou a nova entrada social de uma linda casa em Minas Novas-MG, saiba mais aqui!","og_url":"https:\/\/ninamartinelli.com.br\/blog2\/nobreza-e-harmonia-paralelle-taipa-eleva-hall-de-entrada-a-destaque-em-residencia-de-minas-gerais\/","og_site_name":"Blog Nina","article_published_time":"2024-01-17T11:19:37+00:00","og_image":[{"width":1044,"height":1417,"url":"https:\/\/ninamartinelli.com.br\/blog2\/wp-content\/uploads\/2024\/01\/parallele-1.jpg","type":"image\/jpeg"}],"author":"Ana Maria Devides","twitter_card":"summary_large_image","twitter_misc":{"Escrito por":"Ana Maria Devides","Est. tempo de leitura":"3 minutos"},"schema":{"@context":"https:\/\/schema.org","@graph":[{"@type":"Article","@id":"https:\/\/ninamartinelli.com.br\/blog2\/nobreza-e-harmonia-paralelle-taipa-eleva-hall-de-entrada-a-destaque-em-residencia-de-minas-gerais\/#article","isPartOf":{"@id":"https:\/\/ninamartinelli.com.br\/blog2\/nobreza-e-harmonia-paralelle-taipa-eleva-hall-de-entrada-a-destaque-em-residencia-de-minas-gerais\/"},"author":{"name":"Ana Maria Devides","@id":"https:\/\/ninamartinelli.com.br\/blog2\/#\/schema\/person\/43fbfb1d4cbe3b472995206b2bb06df5"},"headline":"Nobreza e harmonia \u2013 Paralelle Taipa eleva hall de entrada a destaque em resid\u00eancia de Minas Gerais","datePublished":"2024-01-17T11:19:37+00:00","mainEntityOfPage":{"@id":"https:\/\/ninamartinelli.com.br\/blog2\/nobreza-e-harmonia-paralelle-taipa-eleva-hall-de-entrada-a-destaque-em-residencia-de-minas-gerais\/"},"wordCount":487,"commentCount":0,"publisher":{"@id":"https:\/\/ninamartinelli.com.br\/blog2\/#organization"},"image":{"@id":"https:\/\/ninamartinelli.com.br\/blog2\/nobreza-e-harmonia-paralelle-taipa-eleva-hall-de-entrada-a-destaque-em-residencia-de-minas-gerais\/#primaryimage"},"thumbnailUrl":"https:\/\/ninamartinelli.com.br\/blog2\/wp-content\/uploads\/2024\/01\/parallele-1.jpg","keywords":["area interna","hall de entrada","lan\u00e7amento","revestimento"],"articleSection":[":: LAN\u00c7AMENTOS 2023 ::","Revestimentos","Sustentabilidade"],"inLanguage":"pt-BR","potentialAction":[{"@type":"CommentAction","name":"Comment","target":["https:\/\/ninamartinelli.com.br\/blog2\/nobreza-e-harmonia-paralelle-taipa-eleva-hall-de-entrada-a-destaque-em-residencia-de-minas-gerais\/#respond"]}]},{"@type":"WebPage","@id":"https:\/\/ninamartinelli.com.br\/blog2\/nobreza-e-harmonia-paralelle-taipa-eleva-hall-de-entrada-a-destaque-em-residencia-de-minas-gerais\/","url":"https:\/\/ninamartinelli.com.br\/blog2\/nobreza-e-harmonia-paralelle-taipa-eleva-hall-de-entrada-a-destaque-em-residencia-de-minas-gerais\/","name":"Nobreza e harmonia \u2013 Paralelle Taipa eleva hall de entrada a destaque em resid\u00eancia de Minas Gerais","isPartOf":{"@id":"https:\/\/ninamartinelli.com.br\/blog2\/#website"},"primaryImageOfPage":{"@id":"https:\/\/ninamartinelli.com.br\/blog2\/nobreza-e-harmonia-paralelle-taipa-eleva-hall-de-entrada-a-destaque-em-residencia-de-minas-gerais\/#primaryimage"},"image":{"@id":"https:\/\/ninamartinelli.com.br\/blog2\/nobreza-e-harmonia-paralelle-taipa-eleva-hall-de-entrada-a-destaque-em-residencia-de-minas-gerais\/#primaryimage"},"thumbnailUrl":"https:\/\/ninamartinelli.com.br\/blog2\/wp-content\/uploads\/2024\/01\/parallele-1.jpg","datePublished":"2024-01-17T11:19:37+00:00","description":"Nobreza e harmonia. O revestimento Paralelle Taipa valorizou a nova entrada social de uma linda casa em Minas Novas-MG, saiba mais aqui!","breadcrumb":{"@id":"https:\/\/ninamartinelli.com.br\/blog2\/nobreza-e-harmonia-paralelle-taipa-eleva-hall-de-entrada-a-destaque-em-residencia-de-minas-gerais\/#breadcrumb"},"inLanguage":"pt-BR","potentialAction":[{"@type":"ReadAction","target":["https:\/\/ninamartinelli.com.br\/blog2\/nobreza-e-harmonia-paralelle-taipa-eleva-hall-de-entrada-a-destaque-em-residencia-de-minas-gerais\/"]}]},{"@type":"ImageObject","inLanguage":"pt-BR","@id":"https:\/\/ninamartinelli.com.br\/blog2\/nobreza-e-harmonia-paralelle-taipa-eleva-hall-de-entrada-a-destaque-em-residencia-de-minas-gerais\/#primaryimage","url":"https:\/\/ninamartinelli.com.br\/blog2\/wp-content\/uploads\/2024\/01\/parallele-1.jpg","contentUrl":"https:\/\/ninamartinelli.com.br\/blog2\/wp-content\/uploads\/2024\/01\/parallele-1.jpg","width":1044,"height":1417},{"@type":"BreadcrumbList","@id":"https:\/\/ninamartinelli.com.br\/blog2\/nobreza-e-harmonia-paralelle-taipa-eleva-hall-de-entrada-a-destaque-em-residencia-de-minas-gerais\/#breadcrumb","itemListElement":[{"@type":"ListItem","position":1,"name":"In\u00edcio","item":"https:\/\/ninamartinelli.com.br\/blog2\/"},{"@type":"ListItem","position":2,"name":"Nobreza e harmonia \u2013 Paralelle Taipa eleva hall de entrada a destaque em resid\u00eancia de Minas Gerais"}]},{"@type":"WebSite","@id":"https:\/\/ninamartinelli.com.br\/blog2\/#website","url":"https:\/\/ninamartinelli.com.br\/blog2\/","name":"Nina Martinelli","description":"#Nina_Martinelli","publisher":{"@id":"https:\/\/ninamartinelli.com.br\/blog2\/#organization"},"potentialAction":[{"@type":"SearchAction","target":{"@type":"EntryPoint","urlTemplate":"https:\/\/ninamartinelli.com.br\/blog2\/?s={search_term_string}"},"query-input":{"@type":"PropertyValueSpecification","valueRequired":true,"valueName":"search_term_string"}}],"inLanguage":"pt-BR"},{"@type":"Organization","@id":"https:\/\/ninamartinelli.com.br\/blog2\/#organization","name":"Blog Novidades","url":"https:\/\/ninamartinelli.com.br\/blog2\/","logo":{"@type":"ImageObject","inLanguage":"pt-BR","@id":"https:\/\/ninamartinelli.com.br\/blog2\/#\/schema\/logo\/image\/","url":"http:\/\/blog.ninamartinelli.com.br\/wp-content\/uploads\/2022\/03\/logo_nina_blog.png","contentUrl":"http:\/\/blog.ninamartinelli.com.br\/wp-content\/uploads\/2022\/03\/logo_nina_blog.png","width":500,"height":104,"caption":"Blog Novidades"},"image":{"@id":"https:\/\/ninamartinelli.com.br\/blog2\/#\/schema\/logo\/image\/"}},{"@type":"Person","@id":"https:\/\/ninamartinelli.com.br\/blog2\/#\/schema\/person\/43fbfb1d4cbe3b472995206b2bb06df5","name":"Ana Maria Devides","image":{"@type":"ImageObject","inLanguage":"pt-BR","@id":"https:\/\/ninamartinelli.com.br\/blog2\/#\/schema\/person\/image\/","url":"https:\/\/secure.gravatar.com\/avatar\/a03a82675d8bb3da8e5c5a6872db97be?s=96&d=mm&r=g","contentUrl":"https:\/\/secure.gravatar.com\/avatar\/a03a82675d8bb3da8e5c5a6872db97be?s=96&d=mm&r=g","caption":"Ana Maria Devides"},"url":"https:\/\/ninamartinelli.com.br\/blog2\/author\/assessoria-nina-martinelli\/"}]}},"_links":{"self":[{"href":"https:\/\/ninamartinelli.com.br\/blog2\/wp-json\/wp\/v2\/posts\/2227","targetHints":{"allow":["GET"]}}],"collection":[{"href":"https:\/\/ninamartinelli.com.br\/blog2\/wp-json\/wp\/v2\/posts"}],"about":[{"href":"https:\/\/ninamartinelli.com.br\/blog2\/wp-json\/wp\/v2\/types\/post"}],"author":[{"embeddable":true,"href":"https:\/\/ninamartinelli.com.br\/blog2\/wp-json\/wp\/v2\/users\/2"}],"replies":[{"embeddable":true,"href":"https:\/\/ninamartinelli.com.br\/blog2\/wp-json\/wp\/v2\/comments?post=2227"}],"version-history":[{"count":3,"href":"https:\/\/ninamartinelli.com.br\/blog2\/wp-json\/wp\/v2\/posts\/2227\/revisions"}],"predecessor-version":[{"id":2232,"href":"https:\/\/ninamartinelli.com.br\/blog2\/wp-json\/wp\/v2\/posts\/2227\/revisions\/2232"}],"wp:featuredmedia":[{"embeddable":true,"href":"https:\/\/ninamartinelli.com.br\/blog2\/wp-json\/wp\/v2\/media\/2228"}],"wp:attachment":[{"href":"https:\/\/ninamartinelli.com.br\/blog2\/wp-json\/wp\/v2\/media?parent=2227"}],"wp:term":[{"taxonomy":"category","embeddable":true,"href":"https:\/\/ninamartinelli.com.br\/blog2\/wp-json\/wp\/v2\/categories?post=2227"},{"taxonomy":"post_tag","embeddable":true,"href":"https:\/\/ninamartinelli.com.br\/blog2\/wp-json\/wp\/v2\/tags?post=2227"}],"curies":[{"name":"wp","href":"https:\/\/api.w.org\/{rel}","templated":true}]}}