{"id":2209,"date":"2023-12-27T08:31:58","date_gmt":"2023-12-27T11:31:58","guid":{"rendered":"https:\/\/ninamartinelli.com.br\/blog2\/?p=2209"},"modified":"2023-12-27T08:31:58","modified_gmt":"2023-12-27T11:31:58","slug":"retrospectiva-2023-nossos-produtos-nos-mais-prestigiados-eventos-e-mostras","status":"publish","type":"post","link":"https:\/\/ninamartinelli.com.br\/blog2\/retrospectiva-2023-nossos-produtos-nos-mais-prestigiados-eventos-e-mostras\/","title":{"rendered":"Retrospectiva 2023 &#8211; Nossos produtos nos mais prestigiados eventos e mostras"},"content":{"rendered":"<p><strong>Retrospectiva 2023 \u2013 <\/strong>Participar de grandes e prestigiados eventos e mostras realizados em todo o Brasil n\u00e3o \u00e9 novidade para a Nina Martinelli. A excel\u00eancia dos nossos produtos, a originalidade, o fato de serem feitos artesanalmente, e de agregarem beleza, qualidade e sustentabilidade \u00e9 algo que, sem falsa mod\u00e9stia, dialoga muito diretamente e converge com os valores de muitos profissionais do segmento \u2013 arquitetos, designers, bem como de respons\u00e1veis por grandes e importantes lojas parceiras que revendem nossos produtos em todas as regi\u00f5es do pa\u00eds.<\/p>\n<p>O resultado disso \u00e9 que sempre estamos marcando presen\u00e7a nesses eventos, como aconteceu ao longo de 2023, ano em que estivemos na CASACOR Goi\u00e1s, com um bel\u00edssimo ambiente idealizado pelo arquiteto <a href=\"https:\/\/www.instagram.com\/arqmarcoslula\/\">Marcos Lula.<\/a><\/p>\n<p><img loading=\"lazy\" decoding=\"async\" class=\"wp-image-2212 alignright\" src=\"https:\/\/ninamartinelli.com.br\/blog2\/wp-content\/uploads\/2023\/12\/casacor-goias-1-300x200.jpg\" alt=\"\" width=\"410\" height=\"273\" srcset=\"https:\/\/ninamartinelli.com.br\/blog2\/wp-content\/uploads\/2023\/12\/casacor-goias-1-300x200.jpg 300w, https:\/\/ninamartinelli.com.br\/blog2\/wp-content\/uploads\/2023\/12\/casacor-goias-1.jpg 768w\" sizes=\"auto, (max-width: 410px) 100vw, 410px\" \/><\/p>\n<p>Ele criou o Lounge Origem, um espa\u00e7o repleto de cuidado est\u00e9tico e funcionalidade, mas, tamb\u00e9m, de refer\u00eancias afetivas. Nosso produto Cotto Vecchio Rosso 11,5&#215;11,5cm foi amplamente aplicado nesse espa\u00e7o incr\u00edvel.<\/p>\n<p>E na vers\u00e3o capixaba desse mesmo renomado evento, ou seja, na CASACOR Esp\u00edrito Santo, a arquiteta <a href=\"https:\/\/www.instagram.com\/thainasantiarquiteta\/\">Thain\u00e1 Santi Roni<\/a> criou o Studio Urbano, onde especificou tamb\u00e9m o Cotto Vecchio em dois tons e formatos &#8211; o Rosso 5,2&#215;11,5cm e o Paglia 11,5&#215;11,5.<\/p>\n<p>Relembre nas fotos que ilustram essa mat\u00e9ria a beleza desses dois projetos, que muito nos orgulham e nos fazem ter ainda mais compromisso de continuar produzindo n\u00e3o s\u00f3 acabamentos, mas verdadeiros sentimentos que enriquecem os mais especiais ambientes.<\/p>\n<p>Tamb\u00e9m participamos da <a href=\"https:\/\/ninamartinelli.com.br\/blog2\/estilos-provencal-europeu-e-colonial-brasileiro-com-cotto-vecchio-rosso-encantam-em-ambiente-da-2a-mostra-designers-de-interiores-de-feira-de-santana-ba\/\">2\u00aa Mostra de Designers de Interiores de Feira de Santana<\/a>, que aconteceu em setembro no Shopping Avenida. Nosso Cotto Vecchio Rosso 24x24cm foi a estrela do ambiente criado por Ramon Noya, a Varanda Jardim, com paisagismo de Izabel Sim\u00f5es.<\/p>\n<p>E tamb\u00e9m marcamos presen\u00e7a em grande estilo na edi\u00e7\u00e3o deste ano da <a href=\"https:\/\/ninamartinelli.com.br\/blog2\/uma-casa-de-verdade-projeto-organico-e-natural-inspira-novo-produto-nina-e-brilha-na-mostra-arq-design-no-riopreto-shopping-center\/\">Mostra Arq Design, no Riopreto Shopping, em S\u00e3o Jos\u00e9 do Rio Preto\/SP,<\/a> com nosso produto Ridotto, que \u00e9 uma vers\u00e3o reduzida do Cotto Vecchio. O produto foi destaque no ambiente Casa Alma, concebido por Marlon Parreira.<\/p>\n<p>Para n\u00f3s o ano termina com muita gratid\u00e3o e orgulho, tamb\u00e9m por esses fatos e participa\u00e7\u00f5es em eventos de tanto prest\u00edgio. O que aumenta nossa responsabilidade para os que vir\u00e3o em 2024!<\/p>\n<p>Obrigado por acompanhar nossa Retrospectiva 2023!<\/p>\n<p><strong>\u00a0<\/strong><\/p>\n","protected":false},"excerpt":{"rendered":"<p>Retrospectiva 2023 \u2013 Participar de grandes e prestigiados eventos e mostras realizados em todo o<\/p>\n","protected":false},"author":2,"featured_media":2211,"comment_status":"open","ping_status":"open","sticky":false,"template":"","format":"standard","meta":{"footnotes":""},"categories":[19,1,21,161,26,129],"tags":[163,5,46],"class_list":["post-2209","post","type-post","status-publish","format-standard","has-post-thumbnail","hentry","category-mostras-e-eventos","category-nina-martinelli","category-pisos","category-retrospectiva-do-ano","category-revestimentos","category-sustentabilidade","tag-casacor-mostras-e-eventos-retrospectiva","tag-projetos","tag-revestimento"],"yoast_head":"<!-- This site is optimized with the Yoast SEO plugin v26.8 - https:\/\/yoast.com\/product\/yoast-seo-wordpress\/ -->\n<title>Retrospectiva 2023 - Nossos produtos nos mais prestigiados eventos e mostras<\/title>\n<meta name=\"description\" content=\"Retrospectiva 2023 - Relembre conosco alguns eventos dos mais prestigiados do Brasil onde nossos produtos brilharam!\" \/>\n<meta name=\"robots\" content=\"index, follow, max-snippet:-1, max-image-preview:large, max-video-preview:-1\" \/>\n<link rel=\"canonical\" href=\"https:\/\/ninamartinelli.com.br\/blog2\/retrospectiva-2023-nossos-produtos-nos-mais-prestigiados-eventos-e-mostras\/\" \/>\n<meta property=\"og:locale\" content=\"pt_BR\" \/>\n<meta property=\"og:type\" content=\"article\" \/>\n<meta property=\"og:title\" content=\"Retrospectiva 2023 - Nossos produtos nos mais prestigiados eventos e mostras\" \/>\n<meta property=\"og:description\" content=\"Retrospectiva 2023 - Relembre conosco alguns eventos dos mais prestigiados do Brasil onde nossos produtos brilharam!\" \/>\n<meta property=\"og:url\" content=\"https:\/\/ninamartinelli.com.br\/blog2\/retrospectiva-2023-nossos-produtos-nos-mais-prestigiados-eventos-e-mostras\/\" \/>\n<meta property=\"og:site_name\" content=\"Blog Nina\" \/>\n<meta property=\"article:published_time\" content=\"2023-12-27T11:31:58+00:00\" \/>\n<meta property=\"og:image\" content=\"https:\/\/ninamartinelli.com.br\/blog2\/wp-content\/uploads\/2023\/12\/casa-cor-es-2.jpg\" \/>\n\t<meta property=\"og:image:width\" content=\"682\" \/>\n\t<meta property=\"og:image:height\" content=\"1024\" \/>\n\t<meta property=\"og:image:type\" content=\"image\/jpeg\" \/>\n<meta name=\"author\" content=\"Ana Maria Devides\" \/>\n<meta name=\"twitter:card\" content=\"summary_large_image\" \/>\n<meta name=\"twitter:label1\" content=\"Escrito por\" \/>\n\t<meta name=\"twitter:data1\" content=\"Ana Maria Devides\" \/>\n\t<meta name=\"twitter:label2\" content=\"Est. tempo de leitura\" \/>\n\t<meta name=\"twitter:data2\" content=\"3 minutos\" \/>\n<script type=\"application\/ld+json\" class=\"yoast-schema-graph\">{\"@context\":\"https:\/\/schema.org\",\"@graph\":[{\"@type\":\"Article\",\"@id\":\"https:\/\/ninamartinelli.com.br\/blog2\/retrospectiva-2023-nossos-produtos-nos-mais-prestigiados-eventos-e-mostras\/#article\",\"isPartOf\":{\"@id\":\"https:\/\/ninamartinelli.com.br\/blog2\/retrospectiva-2023-nossos-produtos-nos-mais-prestigiados-eventos-e-mostras\/\"},\"author\":{\"name\":\"Ana Maria Devides\",\"@id\":\"https:\/\/ninamartinelli.com.br\/blog2\/#\/schema\/person\/43fbfb1d4cbe3b472995206b2bb06df5\"},\"headline\":\"Retrospectiva 2023 &#8211; Nossos produtos nos mais prestigiados eventos e mostras\",\"datePublished\":\"2023-12-27T11:31:58+00:00\",\"mainEntityOfPage\":{\"@id\":\"https:\/\/ninamartinelli.com.br\/blog2\/retrospectiva-2023-nossos-produtos-nos-mais-prestigiados-eventos-e-mostras\/\"},\"wordCount\":392,\"commentCount\":0,\"publisher\":{\"@id\":\"https:\/\/ninamartinelli.com.br\/blog2\/#organization\"},\"image\":{\"@id\":\"https:\/\/ninamartinelli.com.br\/blog2\/retrospectiva-2023-nossos-produtos-nos-mais-prestigiados-eventos-e-mostras\/#primaryimage\"},\"thumbnailUrl\":\"https:\/\/ninamartinelli.com.br\/blog2\/wp-content\/uploads\/2023\/12\/casa-cor-es-2.jpg\",\"keywords\":[\"CASACOR; Mostras e eventos; Retrospectiva\",\"Projetos\",\"revestimento\"],\"articleSection\":[\"Mostras e Eventos\",\"Nina Martinelli\",\"Pisos\",\"Retrospectiva do ano\",\"Revestimentos\",\"Sustentabilidade\"],\"inLanguage\":\"pt-BR\",\"potentialAction\":[{\"@type\":\"CommentAction\",\"name\":\"Comment\",\"target\":[\"https:\/\/ninamartinelli.com.br\/blog2\/retrospectiva-2023-nossos-produtos-nos-mais-prestigiados-eventos-e-mostras\/#respond\"]}]},{\"@type\":\"WebPage\",\"@id\":\"https:\/\/ninamartinelli.com.br\/blog2\/retrospectiva-2023-nossos-produtos-nos-mais-prestigiados-eventos-e-mostras\/\",\"url\":\"https:\/\/ninamartinelli.com.br\/blog2\/retrospectiva-2023-nossos-produtos-nos-mais-prestigiados-eventos-e-mostras\/\",\"name\":\"Retrospectiva 2023 - Nossos produtos nos mais prestigiados eventos e mostras\",\"isPartOf\":{\"@id\":\"https:\/\/ninamartinelli.com.br\/blog2\/#website\"},\"primaryImageOfPage\":{\"@id\":\"https:\/\/ninamartinelli.com.br\/blog2\/retrospectiva-2023-nossos-produtos-nos-mais-prestigiados-eventos-e-mostras\/#primaryimage\"},\"image\":{\"@id\":\"https:\/\/ninamartinelli.com.br\/blog2\/retrospectiva-2023-nossos-produtos-nos-mais-prestigiados-eventos-e-mostras\/#primaryimage\"},\"thumbnailUrl\":\"https:\/\/ninamartinelli.com.br\/blog2\/wp-content\/uploads\/2023\/12\/casa-cor-es-2.jpg\",\"datePublished\":\"2023-12-27T11:31:58+00:00\",\"description\":\"Retrospectiva 2023 - Relembre conosco alguns eventos dos mais prestigiados do Brasil onde nossos produtos brilharam!\",\"breadcrumb\":{\"@id\":\"https:\/\/ninamartinelli.com.br\/blog2\/retrospectiva-2023-nossos-produtos-nos-mais-prestigiados-eventos-e-mostras\/#breadcrumb\"},\"inLanguage\":\"pt-BR\",\"potentialAction\":[{\"@type\":\"ReadAction\",\"target\":[\"https:\/\/ninamartinelli.com.br\/blog2\/retrospectiva-2023-nossos-produtos-nos-mais-prestigiados-eventos-e-mostras\/\"]}]},{\"@type\":\"ImageObject\",\"inLanguage\":\"pt-BR\",\"@id\":\"https:\/\/ninamartinelli.com.br\/blog2\/retrospectiva-2023-nossos-produtos-nos-mais-prestigiados-eventos-e-mostras\/#primaryimage\",\"url\":\"https:\/\/ninamartinelli.com.br\/blog2\/wp-content\/uploads\/2023\/12\/casa-cor-es-2.jpg\",\"contentUrl\":\"https:\/\/ninamartinelli.com.br\/blog2\/wp-content\/uploads\/2023\/12\/casa-cor-es-2.jpg\",\"width\":682,\"height\":1024},{\"@type\":\"BreadcrumbList\",\"@id\":\"https:\/\/ninamartinelli.com.br\/blog2\/retrospectiva-2023-nossos-produtos-nos-mais-prestigiados-eventos-e-mostras\/#breadcrumb\",\"itemListElement\":[{\"@type\":\"ListItem\",\"position\":1,\"name\":\"In\u00edcio\",\"item\":\"https:\/\/ninamartinelli.com.br\/blog2\/\"},{\"@type\":\"ListItem\",\"position\":2,\"name\":\"Retrospectiva 2023 &#8211; Nossos produtos nos mais prestigiados eventos e mostras\"}]},{\"@type\":\"WebSite\",\"@id\":\"https:\/\/ninamartinelli.com.br\/blog2\/#website\",\"url\":\"https:\/\/ninamartinelli.com.br\/blog2\/\",\"name\":\"Nina Martinelli\",\"description\":\"#Nina_Martinelli\",\"publisher\":{\"@id\":\"https:\/\/ninamartinelli.com.br\/blog2\/#organization\"},\"potentialAction\":[{\"@type\":\"SearchAction\",\"target\":{\"@type\":\"EntryPoint\",\"urlTemplate\":\"https:\/\/ninamartinelli.com.br\/blog2\/?s={search_term_string}\"},\"query-input\":{\"@type\":\"PropertyValueSpecification\",\"valueRequired\":true,\"valueName\":\"search_term_string\"}}],\"inLanguage\":\"pt-BR\"},{\"@type\":\"Organization\",\"@id\":\"https:\/\/ninamartinelli.com.br\/blog2\/#organization\",\"name\":\"Blog Novidades\",\"url\":\"https:\/\/ninamartinelli.com.br\/blog2\/\",\"logo\":{\"@type\":\"ImageObject\",\"inLanguage\":\"pt-BR\",\"@id\":\"https:\/\/ninamartinelli.com.br\/blog2\/#\/schema\/logo\/image\/\",\"url\":\"http:\/\/blog.ninamartinelli.com.br\/wp-content\/uploads\/2022\/03\/logo_nina_blog.png\",\"contentUrl\":\"http:\/\/blog.ninamartinelli.com.br\/wp-content\/uploads\/2022\/03\/logo_nina_blog.png\",\"width\":500,\"height\":104,\"caption\":\"Blog Novidades\"},\"image\":{\"@id\":\"https:\/\/ninamartinelli.com.br\/blog2\/#\/schema\/logo\/image\/\"}},{\"@type\":\"Person\",\"@id\":\"https:\/\/ninamartinelli.com.br\/blog2\/#\/schema\/person\/43fbfb1d4cbe3b472995206b2bb06df5\",\"name\":\"Ana Maria Devides\",\"image\":{\"@type\":\"ImageObject\",\"inLanguage\":\"pt-BR\",\"@id\":\"https:\/\/ninamartinelli.com.br\/blog2\/#\/schema\/person\/image\/\",\"url\":\"https:\/\/secure.gravatar.com\/avatar\/a03a82675d8bb3da8e5c5a6872db97be?s=96&d=mm&r=g\",\"contentUrl\":\"https:\/\/secure.gravatar.com\/avatar\/a03a82675d8bb3da8e5c5a6872db97be?s=96&d=mm&r=g\",\"caption\":\"Ana Maria Devides\"},\"url\":\"https:\/\/ninamartinelli.com.br\/blog2\/author\/assessoria-nina-martinelli\/\"}]}<\/script>\n<!-- \/ Yoast SEO plugin. -->","yoast_head_json":{"title":"Retrospectiva 2023 - Nossos produtos nos mais prestigiados eventos e mostras","description":"Retrospectiva 2023 - Relembre conosco alguns eventos dos mais prestigiados do Brasil onde nossos produtos brilharam!","robots":{"index":"index","follow":"follow","max-snippet":"max-snippet:-1","max-image-preview":"max-image-preview:large","max-video-preview":"max-video-preview:-1"},"canonical":"https:\/\/ninamartinelli.com.br\/blog2\/retrospectiva-2023-nossos-produtos-nos-mais-prestigiados-eventos-e-mostras\/","og_locale":"pt_BR","og_type":"article","og_title":"Retrospectiva 2023 - Nossos produtos nos mais prestigiados eventos e mostras","og_description":"Retrospectiva 2023 - Relembre conosco alguns eventos dos mais prestigiados do Brasil onde nossos produtos brilharam!","og_url":"https:\/\/ninamartinelli.com.br\/blog2\/retrospectiva-2023-nossos-produtos-nos-mais-prestigiados-eventos-e-mostras\/","og_site_name":"Blog Nina","article_published_time":"2023-12-27T11:31:58+00:00","og_image":[{"width":682,"height":1024,"url":"https:\/\/ninamartinelli.com.br\/blog2\/wp-content\/uploads\/2023\/12\/casa-cor-es-2.jpg","type":"image\/jpeg"}],"author":"Ana Maria Devides","twitter_card":"summary_large_image","twitter_misc":{"Escrito por":"Ana Maria Devides","Est. tempo de leitura":"3 minutos"},"schema":{"@context":"https:\/\/schema.org","@graph":[{"@type":"Article","@id":"https:\/\/ninamartinelli.com.br\/blog2\/retrospectiva-2023-nossos-produtos-nos-mais-prestigiados-eventos-e-mostras\/#article","isPartOf":{"@id":"https:\/\/ninamartinelli.com.br\/blog2\/retrospectiva-2023-nossos-produtos-nos-mais-prestigiados-eventos-e-mostras\/"},"author":{"name":"Ana Maria Devides","@id":"https:\/\/ninamartinelli.com.br\/blog2\/#\/schema\/person\/43fbfb1d4cbe3b472995206b2bb06df5"},"headline":"Retrospectiva 2023 &#8211; Nossos produtos nos mais prestigiados eventos e mostras","datePublished":"2023-12-27T11:31:58+00:00","mainEntityOfPage":{"@id":"https:\/\/ninamartinelli.com.br\/blog2\/retrospectiva-2023-nossos-produtos-nos-mais-prestigiados-eventos-e-mostras\/"},"wordCount":392,"commentCount":0,"publisher":{"@id":"https:\/\/ninamartinelli.com.br\/blog2\/#organization"},"image":{"@id":"https:\/\/ninamartinelli.com.br\/blog2\/retrospectiva-2023-nossos-produtos-nos-mais-prestigiados-eventos-e-mostras\/#primaryimage"},"thumbnailUrl":"https:\/\/ninamartinelli.com.br\/blog2\/wp-content\/uploads\/2023\/12\/casa-cor-es-2.jpg","keywords":["CASACOR; Mostras e eventos; Retrospectiva","Projetos","revestimento"],"articleSection":["Mostras e Eventos","Nina Martinelli","Pisos","Retrospectiva do ano","Revestimentos","Sustentabilidade"],"inLanguage":"pt-BR","potentialAction":[{"@type":"CommentAction","name":"Comment","target":["https:\/\/ninamartinelli.com.br\/blog2\/retrospectiva-2023-nossos-produtos-nos-mais-prestigiados-eventos-e-mostras\/#respond"]}]},{"@type":"WebPage","@id":"https:\/\/ninamartinelli.com.br\/blog2\/retrospectiva-2023-nossos-produtos-nos-mais-prestigiados-eventos-e-mostras\/","url":"https:\/\/ninamartinelli.com.br\/blog2\/retrospectiva-2023-nossos-produtos-nos-mais-prestigiados-eventos-e-mostras\/","name":"Retrospectiva 2023 - Nossos produtos nos mais prestigiados eventos e mostras","isPartOf":{"@id":"https:\/\/ninamartinelli.com.br\/blog2\/#website"},"primaryImageOfPage":{"@id":"https:\/\/ninamartinelli.com.br\/blog2\/retrospectiva-2023-nossos-produtos-nos-mais-prestigiados-eventos-e-mostras\/#primaryimage"},"image":{"@id":"https:\/\/ninamartinelli.com.br\/blog2\/retrospectiva-2023-nossos-produtos-nos-mais-prestigiados-eventos-e-mostras\/#primaryimage"},"thumbnailUrl":"https:\/\/ninamartinelli.com.br\/blog2\/wp-content\/uploads\/2023\/12\/casa-cor-es-2.jpg","datePublished":"2023-12-27T11:31:58+00:00","description":"Retrospectiva 2023 - Relembre conosco alguns eventos dos mais prestigiados do Brasil onde nossos produtos brilharam!","breadcrumb":{"@id":"https:\/\/ninamartinelli.com.br\/blog2\/retrospectiva-2023-nossos-produtos-nos-mais-prestigiados-eventos-e-mostras\/#breadcrumb"},"inLanguage":"pt-BR","potentialAction":[{"@type":"ReadAction","target":["https:\/\/ninamartinelli.com.br\/blog2\/retrospectiva-2023-nossos-produtos-nos-mais-prestigiados-eventos-e-mostras\/"]}]},{"@type":"ImageObject","inLanguage":"pt-BR","@id":"https:\/\/ninamartinelli.com.br\/blog2\/retrospectiva-2023-nossos-produtos-nos-mais-prestigiados-eventos-e-mostras\/#primaryimage","url":"https:\/\/ninamartinelli.com.br\/blog2\/wp-content\/uploads\/2023\/12\/casa-cor-es-2.jpg","contentUrl":"https:\/\/ninamartinelli.com.br\/blog2\/wp-content\/uploads\/2023\/12\/casa-cor-es-2.jpg","width":682,"height":1024},{"@type":"BreadcrumbList","@id":"https:\/\/ninamartinelli.com.br\/blog2\/retrospectiva-2023-nossos-produtos-nos-mais-prestigiados-eventos-e-mostras\/#breadcrumb","itemListElement":[{"@type":"ListItem","position":1,"name":"In\u00edcio","item":"https:\/\/ninamartinelli.com.br\/blog2\/"},{"@type":"ListItem","position":2,"name":"Retrospectiva 2023 &#8211; Nossos produtos nos mais prestigiados eventos e mostras"}]},{"@type":"WebSite","@id":"https:\/\/ninamartinelli.com.br\/blog2\/#website","url":"https:\/\/ninamartinelli.com.br\/blog2\/","name":"Nina Martinelli","description":"#Nina_Martinelli","publisher":{"@id":"https:\/\/ninamartinelli.com.br\/blog2\/#organization"},"potentialAction":[{"@type":"SearchAction","target":{"@type":"EntryPoint","urlTemplate":"https:\/\/ninamartinelli.com.br\/blog2\/?s={search_term_string}"},"query-input":{"@type":"PropertyValueSpecification","valueRequired":true,"valueName":"search_term_string"}}],"inLanguage":"pt-BR"},{"@type":"Organization","@id":"https:\/\/ninamartinelli.com.br\/blog2\/#organization","name":"Blog Novidades","url":"https:\/\/ninamartinelli.com.br\/blog2\/","logo":{"@type":"ImageObject","inLanguage":"pt-BR","@id":"https:\/\/ninamartinelli.com.br\/blog2\/#\/schema\/logo\/image\/","url":"http:\/\/blog.ninamartinelli.com.br\/wp-content\/uploads\/2022\/03\/logo_nina_blog.png","contentUrl":"http:\/\/blog.ninamartinelli.com.br\/wp-content\/uploads\/2022\/03\/logo_nina_blog.png","width":500,"height":104,"caption":"Blog Novidades"},"image":{"@id":"https:\/\/ninamartinelli.com.br\/blog2\/#\/schema\/logo\/image\/"}},{"@type":"Person","@id":"https:\/\/ninamartinelli.com.br\/blog2\/#\/schema\/person\/43fbfb1d4cbe3b472995206b2bb06df5","name":"Ana Maria Devides","image":{"@type":"ImageObject","inLanguage":"pt-BR","@id":"https:\/\/ninamartinelli.com.br\/blog2\/#\/schema\/person\/image\/","url":"https:\/\/secure.gravatar.com\/avatar\/a03a82675d8bb3da8e5c5a6872db97be?s=96&d=mm&r=g","contentUrl":"https:\/\/secure.gravatar.com\/avatar\/a03a82675d8bb3da8e5c5a6872db97be?s=96&d=mm&r=g","caption":"Ana Maria Devides"},"url":"https:\/\/ninamartinelli.com.br\/blog2\/author\/assessoria-nina-martinelli\/"}]}},"_links":{"self":[{"href":"https:\/\/ninamartinelli.com.br\/blog2\/wp-json\/wp\/v2\/posts\/2209","targetHints":{"allow":["GET"]}}],"collection":[{"href":"https:\/\/ninamartinelli.com.br\/blog2\/wp-json\/wp\/v2\/posts"}],"about":[{"href":"https:\/\/ninamartinelli.com.br\/blog2\/wp-json\/wp\/v2\/types\/post"}],"author":[{"embeddable":true,"href":"https:\/\/ninamartinelli.com.br\/blog2\/wp-json\/wp\/v2\/users\/2"}],"replies":[{"embeddable":true,"href":"https:\/\/ninamartinelli.com.br\/blog2\/wp-json\/wp\/v2\/comments?post=2209"}],"version-history":[{"count":1,"href":"https:\/\/ninamartinelli.com.br\/blog2\/wp-json\/wp\/v2\/posts\/2209\/revisions"}],"predecessor-version":[{"id":2213,"href":"https:\/\/ninamartinelli.com.br\/blog2\/wp-json\/wp\/v2\/posts\/2209\/revisions\/2213"}],"wp:featuredmedia":[{"embeddable":true,"href":"https:\/\/ninamartinelli.com.br\/blog2\/wp-json\/wp\/v2\/media\/2211"}],"wp:attachment":[{"href":"https:\/\/ninamartinelli.com.br\/blog2\/wp-json\/wp\/v2\/media?parent=2209"}],"wp:term":[{"taxonomy":"category","embeddable":true,"href":"https:\/\/ninamartinelli.com.br\/blog2\/wp-json\/wp\/v2\/categories?post=2209"},{"taxonomy":"post_tag","embeddable":true,"href":"https:\/\/ninamartinelli.com.br\/blog2\/wp-json\/wp\/v2\/tags?post=2209"}],"curies":[{"name":"wp","href":"https:\/\/api.w.org\/{rel}","templated":true}]}}