{"id":2203,"date":"2023-12-20T08:16:42","date_gmt":"2023-12-20T11:16:42","guid":{"rendered":"https:\/\/ninamartinelli.com.br\/blog2\/?p=2203"},"modified":"2023-12-20T08:16:42","modified_gmt":"2023-12-20T11:16:42","slug":"retrospectiva-2023-produtos-nina-na-casa-mais-vigiada-do-brasil","status":"publish","type":"post","link":"https:\/\/ninamartinelli.com.br\/blog2\/retrospectiva-2023-produtos-nina-na-casa-mais-vigiada-do-brasil\/","title":{"rendered":"Retrospectiva 2023 &#8211; Produtos Nina na casa mais vigiada do Brasil!"},"content":{"rendered":"<p><strong>Retrospectiva 2023 \u2013 <\/strong>Todo mundo quis dar aquela espiadinha na casa do BBB 23, a edi\u00e7\u00e3o deste ano do <a href=\"https:\/\/gshow.globo.com\/busca\/?q=BBB\">Big Brother Brasil<\/a>, o reality show exibido pela <a href=\"https:\/\/www.globo.com\/\">TV Globo<\/a> e que est\u00e1 entre os mais importantes do mundo.<\/p>\n<p>Pois n\u00e3o \u00e9 que na casa dos \u2018brothers\u2019 havia n\u00e3o um, nem dois, mas tr\u00eas produtos da Nina Martinelli?<\/p>\n<p>Vamos relembrar: na sala de jantar da casa, uma parede de destaque foi toda revestida com o nosso <a href=\"https:\/\/ninamartinelli.com.br\/#!\/pt\/produtos\/156000032-revestimento-ravena\">Mosaicci Madeira Ravena.<\/a> J\u00e1 na cozinha, integrada com esse ambiente de jantar, nosso <a href=\"https:\/\/ninamartinelli.com.br\/#!\/pt\/produtos\/0167-brick-naturalle\">Brick Naturalle<\/a> fez uma linda moldura para a marcenaria que, al\u00e9m de funcional, era tamb\u00e9m cenogr\u00e1fica, super colorida e impactante.<\/p>\n<p><img loading=\"lazy\" decoding=\"async\" class=\"size-medium wp-image-2205 alignright\" src=\"https:\/\/ninamartinelli.com.br\/blog2\/wp-content\/uploads\/2023\/12\/BBB-23-jantar-300x200.jpg\" alt=\"\" width=\"300\" height=\"200\" srcset=\"https:\/\/ninamartinelli.com.br\/blog2\/wp-content\/uploads\/2023\/12\/BBB-23-jantar-300x200.jpg 300w, https:\/\/ninamartinelli.com.br\/blog2\/wp-content\/uploads\/2023\/12\/BBB-23-jantar-768x512.jpg 768w, https:\/\/ninamartinelli.com.br\/blog2\/wp-content\/uploads\/2023\/12\/BBB-23-jantar.jpg 1024w\" sizes=\"auto, (max-width: 300px) 100vw, 300px\" \/><\/p>\n<p>E na academia onde os participantes treinavam para manter a forma e, \u00f3bvio, articular os conchavos e estrat\u00e9gias de vota\u00e7\u00e3o a produ\u00e7\u00e3o do BBB 23 escolheu para dar destaque ao ambiente o nosso <a href=\"https:\/\/ninamartinelli.com.br\/#!\/pt\/produtos\/0020-revestimento-mediterraneo\">Mediterr\u00e2neo Rosso.<\/a><\/p>\n<p><img loading=\"lazy\" decoding=\"async\" class=\"size-medium wp-image-2206 alignleft\" src=\"https:\/\/ninamartinelli.com.br\/blog2\/wp-content\/uploads\/2023\/12\/BBB-23-academia-300x200.jpg\" alt=\"\" width=\"300\" height=\"200\" srcset=\"https:\/\/ninamartinelli.com.br\/blog2\/wp-content\/uploads\/2023\/12\/BBB-23-academia-300x200.jpg 300w, https:\/\/ninamartinelli.com.br\/blog2\/wp-content\/uploads\/2023\/12\/BBB-23-academia.jpg 768w\" sizes=\"auto, (max-width: 300px) 100vw, 300px\" \/><\/p>\n<p>Vale lembrar que produtos da Nina s\u00e3o presen\u00e7a recorrente na telinha da Globo. J\u00e1 estivemos em cen\u00e1rios de novelas, s\u00e9ries, e \u00e9 o nosso <a href=\"https:\/\/ninamartinelli.com.br\/#!\/pt\/produtos\/0141-brick-devon\">Brick Devon<\/a> que reveste uma enorme parede do cen\u00e1rio de nada menos do que o programa <a href=\"https:\/\/gshow.globo.com\/busca\/?q=Mais+Voc%C3%AA\">Mais Voc\u00ea<\/a>, apresentado pela super popular Ana Maria Braga.<\/p>\n<p>Temos muito orgulho dessas parcerias j\u00e1 realizadas, pois elas refor\u00e7am a relev\u00e2ncia da marca e a qualidade daquilo que fazemos com tanto amor. E para 2024, continuamos com os mesmos objetivos de visibilidade!<\/p>\n<p>Continue acompanhando nossa Retrospectiva 2023 aqui no blog e nas nossas redes sociais.<\/p>\n<p>&nbsp;<\/p>\n","protected":false},"excerpt":{"rendered":"<p>Retrospectiva 2023 \u2013 Todo mundo quis dar aquela espiadinha na casa do BBB 23, a<\/p>\n","protected":false},"author":2,"featured_media":2204,"comment_status":"open","ping_status":"open","sticky":false,"template":"","format":"standard","meta":{"footnotes":""},"categories":[61,1,140,161,26,129],"tags":[40,135,50,154,35,37,102,63],"class_list":["post-2203","post","type-post","status-publish","format-standard","has-post-thumbnail","hentry","category-madeira-natural","category-nina-martinelli","category-rede-globo","category-retrospectiva-do-ano","category-revestimentos","category-sustentabilidade","tag-area-interna","tag-bbb","tag-bricks","tag-cozinhas","tag-madeira","tag-parede","tag-rede-globo","tag-tijolinho"],"yoast_head":"<!-- This site is optimized with the Yoast SEO plugin v26.8 - https:\/\/yoast.com\/product\/yoast-seo-wordpress\/ -->\n<title>Retrospectiva 2023 - Produtos Nina na casa mais vigiada do Brasil!<\/title>\n<meta name=\"description\" content=\"Retrospectiva 2023 - O Brasil viu e at\u00e9 mesmo pessoas de outros pa\u00edses que acompanharam mais uma edi\u00e7\u00e3o do BBB tamb\u00e9m deram uma espiadinha!\" \/>\n<meta name=\"robots\" content=\"index, follow, max-snippet:-1, max-image-preview:large, max-video-preview:-1\" \/>\n<link rel=\"canonical\" href=\"https:\/\/ninamartinelli.com.br\/blog2\/retrospectiva-2023-produtos-nina-na-casa-mais-vigiada-do-brasil\/\" \/>\n<meta property=\"og:locale\" content=\"pt_BR\" \/>\n<meta property=\"og:type\" content=\"article\" \/>\n<meta property=\"og:title\" content=\"Retrospectiva 2023 - Produtos Nina na casa mais vigiada do Brasil!\" \/>\n<meta property=\"og:description\" content=\"Retrospectiva 2023 - O Brasil viu e at\u00e9 mesmo pessoas de outros pa\u00edses que acompanharam mais uma edi\u00e7\u00e3o do BBB tamb\u00e9m deram uma espiadinha!\" \/>\n<meta property=\"og:url\" content=\"https:\/\/ninamartinelli.com.br\/blog2\/retrospectiva-2023-produtos-nina-na-casa-mais-vigiada-do-brasil\/\" \/>\n<meta property=\"og:site_name\" content=\"Blog Nina\" \/>\n<meta property=\"article:published_time\" content=\"2023-12-20T11:16:42+00:00\" \/>\n<meta property=\"og:image\" content=\"https:\/\/ninamartinelli.com.br\/blog2\/wp-content\/uploads\/2023\/12\/BBB-23-cozinha.jpg\" \/>\n\t<meta property=\"og:image:width\" content=\"768\" \/>\n\t<meta property=\"og:image:height\" content=\"511\" \/>\n\t<meta property=\"og:image:type\" content=\"image\/jpeg\" \/>\n<meta name=\"author\" content=\"Ana Maria Devides\" \/>\n<meta name=\"twitter:card\" content=\"summary_large_image\" \/>\n<meta name=\"twitter:label1\" content=\"Escrito por\" \/>\n\t<meta name=\"twitter:data1\" content=\"Ana Maria Devides\" \/>\n\t<meta name=\"twitter:label2\" content=\"Est. tempo de leitura\" \/>\n\t<meta name=\"twitter:data2\" content=\"2 minutos\" \/>\n<script type=\"application\/ld+json\" class=\"yoast-schema-graph\">{\"@context\":\"https:\/\/schema.org\",\"@graph\":[{\"@type\":\"Article\",\"@id\":\"https:\/\/ninamartinelli.com.br\/blog2\/retrospectiva-2023-produtos-nina-na-casa-mais-vigiada-do-brasil\/#article\",\"isPartOf\":{\"@id\":\"https:\/\/ninamartinelli.com.br\/blog2\/retrospectiva-2023-produtos-nina-na-casa-mais-vigiada-do-brasil\/\"},\"author\":{\"name\":\"Ana Maria Devides\",\"@id\":\"https:\/\/ninamartinelli.com.br\/blog2\/#\/schema\/person\/43fbfb1d4cbe3b472995206b2bb06df5\"},\"headline\":\"Retrospectiva 2023 &#8211; Produtos Nina na casa mais vigiada do Brasil!\",\"datePublished\":\"2023-12-20T11:16:42+00:00\",\"mainEntityOfPage\":{\"@id\":\"https:\/\/ninamartinelli.com.br\/blog2\/retrospectiva-2023-produtos-nina-na-casa-mais-vigiada-do-brasil\/\"},\"wordCount\":259,\"commentCount\":0,\"publisher\":{\"@id\":\"https:\/\/ninamartinelli.com.br\/blog2\/#organization\"},\"image\":{\"@id\":\"https:\/\/ninamartinelli.com.br\/blog2\/retrospectiva-2023-produtos-nina-na-casa-mais-vigiada-do-brasil\/#primaryimage\"},\"thumbnailUrl\":\"https:\/\/ninamartinelli.com.br\/blog2\/wp-content\/uploads\/2023\/12\/BBB-23-cozinha.jpg\",\"keywords\":[\"area interna\",\"BBB\",\"bricks\",\"cozinhas\",\"madeira\",\"parede\",\"rede globo\",\"tijolinho\"],\"articleSection\":[\"Madeira natural\",\"Nina Martinelli\",\"REDE GLOBO\",\"Retrospectiva do ano\",\"Revestimentos\",\"Sustentabilidade\"],\"inLanguage\":\"pt-BR\",\"potentialAction\":[{\"@type\":\"CommentAction\",\"name\":\"Comment\",\"target\":[\"https:\/\/ninamartinelli.com.br\/blog2\/retrospectiva-2023-produtos-nina-na-casa-mais-vigiada-do-brasil\/#respond\"]}]},{\"@type\":\"WebPage\",\"@id\":\"https:\/\/ninamartinelli.com.br\/blog2\/retrospectiva-2023-produtos-nina-na-casa-mais-vigiada-do-brasil\/\",\"url\":\"https:\/\/ninamartinelli.com.br\/blog2\/retrospectiva-2023-produtos-nina-na-casa-mais-vigiada-do-brasil\/\",\"name\":\"Retrospectiva 2023 - Produtos Nina na casa mais vigiada do Brasil!\",\"isPartOf\":{\"@id\":\"https:\/\/ninamartinelli.com.br\/blog2\/#website\"},\"primaryImageOfPage\":{\"@id\":\"https:\/\/ninamartinelli.com.br\/blog2\/retrospectiva-2023-produtos-nina-na-casa-mais-vigiada-do-brasil\/#primaryimage\"},\"image\":{\"@id\":\"https:\/\/ninamartinelli.com.br\/blog2\/retrospectiva-2023-produtos-nina-na-casa-mais-vigiada-do-brasil\/#primaryimage\"},\"thumbnailUrl\":\"https:\/\/ninamartinelli.com.br\/blog2\/wp-content\/uploads\/2023\/12\/BBB-23-cozinha.jpg\",\"datePublished\":\"2023-12-20T11:16:42+00:00\",\"description\":\"Retrospectiva 2023 - O Brasil viu e at\u00e9 mesmo pessoas de outros pa\u00edses que acompanharam mais uma edi\u00e7\u00e3o do BBB tamb\u00e9m deram uma espiadinha!\",\"breadcrumb\":{\"@id\":\"https:\/\/ninamartinelli.com.br\/blog2\/retrospectiva-2023-produtos-nina-na-casa-mais-vigiada-do-brasil\/#breadcrumb\"},\"inLanguage\":\"pt-BR\",\"potentialAction\":[{\"@type\":\"ReadAction\",\"target\":[\"https:\/\/ninamartinelli.com.br\/blog2\/retrospectiva-2023-produtos-nina-na-casa-mais-vigiada-do-brasil\/\"]}]},{\"@type\":\"ImageObject\",\"inLanguage\":\"pt-BR\",\"@id\":\"https:\/\/ninamartinelli.com.br\/blog2\/retrospectiva-2023-produtos-nina-na-casa-mais-vigiada-do-brasil\/#primaryimage\",\"url\":\"https:\/\/ninamartinelli.com.br\/blog2\/wp-content\/uploads\/2023\/12\/BBB-23-cozinha.jpg\",\"contentUrl\":\"https:\/\/ninamartinelli.com.br\/blog2\/wp-content\/uploads\/2023\/12\/BBB-23-cozinha.jpg\",\"width\":768,\"height\":511},{\"@type\":\"BreadcrumbList\",\"@id\":\"https:\/\/ninamartinelli.com.br\/blog2\/retrospectiva-2023-produtos-nina-na-casa-mais-vigiada-do-brasil\/#breadcrumb\",\"itemListElement\":[{\"@type\":\"ListItem\",\"position\":1,\"name\":\"In\u00edcio\",\"item\":\"https:\/\/ninamartinelli.com.br\/blog2\/\"},{\"@type\":\"ListItem\",\"position\":2,\"name\":\"Retrospectiva 2023 &#8211; Produtos Nina na casa mais vigiada do Brasil!\"}]},{\"@type\":\"WebSite\",\"@id\":\"https:\/\/ninamartinelli.com.br\/blog2\/#website\",\"url\":\"https:\/\/ninamartinelli.com.br\/blog2\/\",\"name\":\"Nina Martinelli\",\"description\":\"#Nina_Martinelli\",\"publisher\":{\"@id\":\"https:\/\/ninamartinelli.com.br\/blog2\/#organization\"},\"potentialAction\":[{\"@type\":\"SearchAction\",\"target\":{\"@type\":\"EntryPoint\",\"urlTemplate\":\"https:\/\/ninamartinelli.com.br\/blog2\/?s={search_term_string}\"},\"query-input\":{\"@type\":\"PropertyValueSpecification\",\"valueRequired\":true,\"valueName\":\"search_term_string\"}}],\"inLanguage\":\"pt-BR\"},{\"@type\":\"Organization\",\"@id\":\"https:\/\/ninamartinelli.com.br\/blog2\/#organization\",\"name\":\"Blog Novidades\",\"url\":\"https:\/\/ninamartinelli.com.br\/blog2\/\",\"logo\":{\"@type\":\"ImageObject\",\"inLanguage\":\"pt-BR\",\"@id\":\"https:\/\/ninamartinelli.com.br\/blog2\/#\/schema\/logo\/image\/\",\"url\":\"http:\/\/blog.ninamartinelli.com.br\/wp-content\/uploads\/2022\/03\/logo_nina_blog.png\",\"contentUrl\":\"http:\/\/blog.ninamartinelli.com.br\/wp-content\/uploads\/2022\/03\/logo_nina_blog.png\",\"width\":500,\"height\":104,\"caption\":\"Blog Novidades\"},\"image\":{\"@id\":\"https:\/\/ninamartinelli.com.br\/blog2\/#\/schema\/logo\/image\/\"}},{\"@type\":\"Person\",\"@id\":\"https:\/\/ninamartinelli.com.br\/blog2\/#\/schema\/person\/43fbfb1d4cbe3b472995206b2bb06df5\",\"name\":\"Ana Maria Devides\",\"image\":{\"@type\":\"ImageObject\",\"inLanguage\":\"pt-BR\",\"@id\":\"https:\/\/ninamartinelli.com.br\/blog2\/#\/schema\/person\/image\/\",\"url\":\"https:\/\/secure.gravatar.com\/avatar\/a03a82675d8bb3da8e5c5a6872db97be?s=96&d=mm&r=g\",\"contentUrl\":\"https:\/\/secure.gravatar.com\/avatar\/a03a82675d8bb3da8e5c5a6872db97be?s=96&d=mm&r=g\",\"caption\":\"Ana Maria Devides\"},\"url\":\"https:\/\/ninamartinelli.com.br\/blog2\/author\/assessoria-nina-martinelli\/\"}]}<\/script>\n<!-- \/ Yoast SEO plugin. -->","yoast_head_json":{"title":"Retrospectiva 2023 - Produtos Nina na casa mais vigiada do Brasil!","description":"Retrospectiva 2023 - O Brasil viu e at\u00e9 mesmo pessoas de outros pa\u00edses que acompanharam mais uma edi\u00e7\u00e3o do BBB tamb\u00e9m deram uma espiadinha!","robots":{"index":"index","follow":"follow","max-snippet":"max-snippet:-1","max-image-preview":"max-image-preview:large","max-video-preview":"max-video-preview:-1"},"canonical":"https:\/\/ninamartinelli.com.br\/blog2\/retrospectiva-2023-produtos-nina-na-casa-mais-vigiada-do-brasil\/","og_locale":"pt_BR","og_type":"article","og_title":"Retrospectiva 2023 - Produtos Nina na casa mais vigiada do Brasil!","og_description":"Retrospectiva 2023 - O Brasil viu e at\u00e9 mesmo pessoas de outros pa\u00edses que acompanharam mais uma edi\u00e7\u00e3o do BBB tamb\u00e9m deram uma espiadinha!","og_url":"https:\/\/ninamartinelli.com.br\/blog2\/retrospectiva-2023-produtos-nina-na-casa-mais-vigiada-do-brasil\/","og_site_name":"Blog Nina","article_published_time":"2023-12-20T11:16:42+00:00","og_image":[{"width":768,"height":511,"url":"https:\/\/ninamartinelli.com.br\/blog2\/wp-content\/uploads\/2023\/12\/BBB-23-cozinha.jpg","type":"image\/jpeg"}],"author":"Ana Maria Devides","twitter_card":"summary_large_image","twitter_misc":{"Escrito por":"Ana Maria Devides","Est. tempo de leitura":"2 minutos"},"schema":{"@context":"https:\/\/schema.org","@graph":[{"@type":"Article","@id":"https:\/\/ninamartinelli.com.br\/blog2\/retrospectiva-2023-produtos-nina-na-casa-mais-vigiada-do-brasil\/#article","isPartOf":{"@id":"https:\/\/ninamartinelli.com.br\/blog2\/retrospectiva-2023-produtos-nina-na-casa-mais-vigiada-do-brasil\/"},"author":{"name":"Ana Maria Devides","@id":"https:\/\/ninamartinelli.com.br\/blog2\/#\/schema\/person\/43fbfb1d4cbe3b472995206b2bb06df5"},"headline":"Retrospectiva 2023 &#8211; Produtos Nina na casa mais vigiada do Brasil!","datePublished":"2023-12-20T11:16:42+00:00","mainEntityOfPage":{"@id":"https:\/\/ninamartinelli.com.br\/blog2\/retrospectiva-2023-produtos-nina-na-casa-mais-vigiada-do-brasil\/"},"wordCount":259,"commentCount":0,"publisher":{"@id":"https:\/\/ninamartinelli.com.br\/blog2\/#organization"},"image":{"@id":"https:\/\/ninamartinelli.com.br\/blog2\/retrospectiva-2023-produtos-nina-na-casa-mais-vigiada-do-brasil\/#primaryimage"},"thumbnailUrl":"https:\/\/ninamartinelli.com.br\/blog2\/wp-content\/uploads\/2023\/12\/BBB-23-cozinha.jpg","keywords":["area interna","BBB","bricks","cozinhas","madeira","parede","rede globo","tijolinho"],"articleSection":["Madeira natural","Nina Martinelli","REDE GLOBO","Retrospectiva do ano","Revestimentos","Sustentabilidade"],"inLanguage":"pt-BR","potentialAction":[{"@type":"CommentAction","name":"Comment","target":["https:\/\/ninamartinelli.com.br\/blog2\/retrospectiva-2023-produtos-nina-na-casa-mais-vigiada-do-brasil\/#respond"]}]},{"@type":"WebPage","@id":"https:\/\/ninamartinelli.com.br\/blog2\/retrospectiva-2023-produtos-nina-na-casa-mais-vigiada-do-brasil\/","url":"https:\/\/ninamartinelli.com.br\/blog2\/retrospectiva-2023-produtos-nina-na-casa-mais-vigiada-do-brasil\/","name":"Retrospectiva 2023 - Produtos Nina na casa mais vigiada do Brasil!","isPartOf":{"@id":"https:\/\/ninamartinelli.com.br\/blog2\/#website"},"primaryImageOfPage":{"@id":"https:\/\/ninamartinelli.com.br\/blog2\/retrospectiva-2023-produtos-nina-na-casa-mais-vigiada-do-brasil\/#primaryimage"},"image":{"@id":"https:\/\/ninamartinelli.com.br\/blog2\/retrospectiva-2023-produtos-nina-na-casa-mais-vigiada-do-brasil\/#primaryimage"},"thumbnailUrl":"https:\/\/ninamartinelli.com.br\/blog2\/wp-content\/uploads\/2023\/12\/BBB-23-cozinha.jpg","datePublished":"2023-12-20T11:16:42+00:00","description":"Retrospectiva 2023 - O Brasil viu e at\u00e9 mesmo pessoas de outros pa\u00edses que acompanharam mais uma edi\u00e7\u00e3o do BBB tamb\u00e9m deram uma espiadinha!","breadcrumb":{"@id":"https:\/\/ninamartinelli.com.br\/blog2\/retrospectiva-2023-produtos-nina-na-casa-mais-vigiada-do-brasil\/#breadcrumb"},"inLanguage":"pt-BR","potentialAction":[{"@type":"ReadAction","target":["https:\/\/ninamartinelli.com.br\/blog2\/retrospectiva-2023-produtos-nina-na-casa-mais-vigiada-do-brasil\/"]}]},{"@type":"ImageObject","inLanguage":"pt-BR","@id":"https:\/\/ninamartinelli.com.br\/blog2\/retrospectiva-2023-produtos-nina-na-casa-mais-vigiada-do-brasil\/#primaryimage","url":"https:\/\/ninamartinelli.com.br\/blog2\/wp-content\/uploads\/2023\/12\/BBB-23-cozinha.jpg","contentUrl":"https:\/\/ninamartinelli.com.br\/blog2\/wp-content\/uploads\/2023\/12\/BBB-23-cozinha.jpg","width":768,"height":511},{"@type":"BreadcrumbList","@id":"https:\/\/ninamartinelli.com.br\/blog2\/retrospectiva-2023-produtos-nina-na-casa-mais-vigiada-do-brasil\/#breadcrumb","itemListElement":[{"@type":"ListItem","position":1,"name":"In\u00edcio","item":"https:\/\/ninamartinelli.com.br\/blog2\/"},{"@type":"ListItem","position":2,"name":"Retrospectiva 2023 &#8211; Produtos Nina na casa mais vigiada do Brasil!"}]},{"@type":"WebSite","@id":"https:\/\/ninamartinelli.com.br\/blog2\/#website","url":"https:\/\/ninamartinelli.com.br\/blog2\/","name":"Nina Martinelli","description":"#Nina_Martinelli","publisher":{"@id":"https:\/\/ninamartinelli.com.br\/blog2\/#organization"},"potentialAction":[{"@type":"SearchAction","target":{"@type":"EntryPoint","urlTemplate":"https:\/\/ninamartinelli.com.br\/blog2\/?s={search_term_string}"},"query-input":{"@type":"PropertyValueSpecification","valueRequired":true,"valueName":"search_term_string"}}],"inLanguage":"pt-BR"},{"@type":"Organization","@id":"https:\/\/ninamartinelli.com.br\/blog2\/#organization","name":"Blog Novidades","url":"https:\/\/ninamartinelli.com.br\/blog2\/","logo":{"@type":"ImageObject","inLanguage":"pt-BR","@id":"https:\/\/ninamartinelli.com.br\/blog2\/#\/schema\/logo\/image\/","url":"http:\/\/blog.ninamartinelli.com.br\/wp-content\/uploads\/2022\/03\/logo_nina_blog.png","contentUrl":"http:\/\/blog.ninamartinelli.com.br\/wp-content\/uploads\/2022\/03\/logo_nina_blog.png","width":500,"height":104,"caption":"Blog Novidades"},"image":{"@id":"https:\/\/ninamartinelli.com.br\/blog2\/#\/schema\/logo\/image\/"}},{"@type":"Person","@id":"https:\/\/ninamartinelli.com.br\/blog2\/#\/schema\/person\/43fbfb1d4cbe3b472995206b2bb06df5","name":"Ana Maria Devides","image":{"@type":"ImageObject","inLanguage":"pt-BR","@id":"https:\/\/ninamartinelli.com.br\/blog2\/#\/schema\/person\/image\/","url":"https:\/\/secure.gravatar.com\/avatar\/a03a82675d8bb3da8e5c5a6872db97be?s=96&d=mm&r=g","contentUrl":"https:\/\/secure.gravatar.com\/avatar\/a03a82675d8bb3da8e5c5a6872db97be?s=96&d=mm&r=g","caption":"Ana Maria Devides"},"url":"https:\/\/ninamartinelli.com.br\/blog2\/author\/assessoria-nina-martinelli\/"}]}},"_links":{"self":[{"href":"https:\/\/ninamartinelli.com.br\/blog2\/wp-json\/wp\/v2\/posts\/2203","targetHints":{"allow":["GET"]}}],"collection":[{"href":"https:\/\/ninamartinelli.com.br\/blog2\/wp-json\/wp\/v2\/posts"}],"about":[{"href":"https:\/\/ninamartinelli.com.br\/blog2\/wp-json\/wp\/v2\/types\/post"}],"author":[{"embeddable":true,"href":"https:\/\/ninamartinelli.com.br\/blog2\/wp-json\/wp\/v2\/users\/2"}],"replies":[{"embeddable":true,"href":"https:\/\/ninamartinelli.com.br\/blog2\/wp-json\/wp\/v2\/comments?post=2203"}],"version-history":[{"count":1,"href":"https:\/\/ninamartinelli.com.br\/blog2\/wp-json\/wp\/v2\/posts\/2203\/revisions"}],"predecessor-version":[{"id":2207,"href":"https:\/\/ninamartinelli.com.br\/blog2\/wp-json\/wp\/v2\/posts\/2203\/revisions\/2207"}],"wp:featuredmedia":[{"embeddable":true,"href":"https:\/\/ninamartinelli.com.br\/blog2\/wp-json\/wp\/v2\/media\/2204"}],"wp:attachment":[{"href":"https:\/\/ninamartinelli.com.br\/blog2\/wp-json\/wp\/v2\/media?parent=2203"}],"wp:term":[{"taxonomy":"category","embeddable":true,"href":"https:\/\/ninamartinelli.com.br\/blog2\/wp-json\/wp\/v2\/categories?post=2203"},{"taxonomy":"post_tag","embeddable":true,"href":"https:\/\/ninamartinelli.com.br\/blog2\/wp-json\/wp\/v2\/tags?post=2203"}],"curies":[{"name":"wp","href":"https:\/\/api.w.org\/{rel}","templated":true}]}}