{"id":2198,"date":"2023-12-13T09:19:42","date_gmt":"2023-12-13T12:19:42","guid":{"rendered":"https:\/\/ninamartinelli.com.br\/blog2\/?p=2198"},"modified":"2023-12-13T09:19:42","modified_gmt":"2023-12-13T12:19:42","slug":"retrospectiva-2023-brilhamos-e-fomos-premiados-na-expo-revestir","status":"publish","type":"post","link":"https:\/\/ninamartinelli.com.br\/blog2\/retrospectiva-2023-brilhamos-e-fomos-premiados-na-expo-revestir\/","title":{"rendered":"Retrospectiva 2023 \u2013 Brilhamos e fomos premiados na Expo Revestir!"},"content":{"rendered":"<p>Retrospectiva 2023 &#8211; Venha conosco fazer uma viagem pelos momentos que marcaram a trajet\u00f3ria da nossa marca durante este ano que est\u00e1 terminando. E essa viagem n\u00e3o poderia come\u00e7ar por outro ponto, sen\u00e3o mar\u00e7o de 2023, quando brilhamos e fomos premiados na Expo Revestir, a maior feira de acabamentos da Am\u00e9rica Latina, que este ano estreou em casa nova, no S\u00e3o Paulo Expo.<\/p>\n<p>Na verdade, essa aventura fascinante come\u00e7ou bem antes da abertura oficial do evento, obviamente, porque j\u00e1 em janeiro est\u00e1vamos preparando nosso estande, que este ano foi inspirado no Museu do Louvre de Abu Dhabi.<\/p>\n<p>Fizemos essa escolha de prop\u00f3sito porque, al\u00e9m de lindo, esse ic\u00f4nico museu no Oriente M\u00e9dio nos inspirou a criar na Revestir um espa\u00e7o que servisse mesmo como uma esp\u00e9cie de galeria, onde expusemos nossos lan\u00e7amentos, que consideramos, por que n\u00e3o? \u2013 verdadeiras obras de arte.<\/p>\n<p><img loading=\"lazy\" decoding=\"async\" class=\" wp-image-2200 alignright\" src=\"https:\/\/ninamartinelli.com.br\/blog2\/wp-content\/uploads\/2023\/12\/PUBLICO__041-300x253.jpg\" alt=\"\" width=\"377\" height=\"318\" srcset=\"https:\/\/ninamartinelli.com.br\/blog2\/wp-content\/uploads\/2023\/12\/PUBLICO__041-300x253.jpg 300w, https:\/\/ninamartinelli.com.br\/blog2\/wp-content\/uploads\/2023\/12\/PUBLICO__041-1024x864.jpg 1024w, https:\/\/ninamartinelli.com.br\/blog2\/wp-content\/uploads\/2023\/12\/PUBLICO__041-768x648.jpg 768w, https:\/\/ninamartinelli.com.br\/blog2\/wp-content\/uploads\/2023\/12\/PUBLICO__041-1536x1296.jpg 1536w, https:\/\/ninamartinelli.com.br\/blog2\/wp-content\/uploads\/2023\/12\/PUBLICO__041.jpg 1633w\" sizes=\"auto, (max-width: 377px) 100vw, 377px\" \/><\/p>\n<p>O resultado foi t\u00e3o incr\u00edvel que convergiu com uma dupla premia\u00e7\u00e3o, in\u00e9dita, que obtivemos com um dos nossos lan\u00e7amentos, o revestimento Paralelle Taipa, que levou os t\u00edtulos e Melhor Pe\u00e7a Especial e Grande Pr\u00eamio do J\u00fari no concurso Best In Show.<\/p>\n<p>S\u00e3o acontecimentos e conquistas para ficar na nossa hist\u00f3ria e para nos encher de orgulho e responsabilidade. Tanto que nosso trabalho para a <a href=\"https:\/\/www.exporevestir.com.br\/\">Expo Revestir 2024<\/a> j\u00e1 pegou embalo, e buscamos nos superar para brilhar novamente no evento e levar o melhor aos especificadores e ao mercado.<\/p>\n<p>Retrospectiva 2023 &#8211; Na pr\u00f3xima semana, vamos relembrar outros marcos da nossa hist\u00f3ria em 2023, n\u00e3o deixe de acompanhar.<\/p>\n<p>Retrospectiva 2023<\/p>\n<p>Nossos melhores momentos do ano!<\/p>\n","protected":false},"excerpt":{"rendered":"<p>Retrospectiva 2023 &#8211; Venha conosco fazer uma viagem pelos momentos que marcaram a trajet\u00f3ria da<\/p>\n","protected":false},"author":2,"featured_media":2199,"comment_status":"open","ping_status":"open","sticky":false,"template":"","format":"standard","meta":{"footnotes":""},"categories":[48,19,1,161],"tags":[98,162],"class_list":["post-2198","post","type-post","status-publish","format-standard","has-post-thumbnail","hentry","category-expo-revestir","category-mostras-e-eventos","category-nina-martinelli","category-retrospectiva-do-ano","tag-expo-revestir","tag-retrospectiva"],"yoast_head":"<!-- This site is optimized with the Yoast SEO plugin v26.8 - https:\/\/yoast.com\/product\/yoast-seo-wordpress\/ -->\n<title>Retrospectiva 2023 \u2013 Brilhamos e fomos premiados na Expo Revestir! - Blog Nina<\/title>\n<meta name=\"description\" content=\"Retrospectiva 2023 - Vamos viajar juntos pelos acontecimentos mais marcantes do ano que est\u00e1 terminando! Foi um ano incr\u00edvel!\" \/>\n<meta name=\"robots\" content=\"index, follow, max-snippet:-1, max-image-preview:large, max-video-preview:-1\" \/>\n<link rel=\"canonical\" href=\"https:\/\/ninamartinelli.com.br\/blog2\/retrospectiva-2023-brilhamos-e-fomos-premiados-na-expo-revestir\/\" \/>\n<meta property=\"og:locale\" content=\"pt_BR\" \/>\n<meta property=\"og:type\" content=\"article\" \/>\n<meta property=\"og:title\" content=\"Retrospectiva 2023 \u2013 Brilhamos e fomos premiados na Expo Revestir! - Blog Nina\" \/>\n<meta property=\"og:description\" content=\"Retrospectiva 2023 - Vamos viajar juntos pelos acontecimentos mais marcantes do ano que est\u00e1 terminando! Foi um ano incr\u00edvel!\" \/>\n<meta property=\"og:url\" content=\"https:\/\/ninamartinelli.com.br\/blog2\/retrospectiva-2023-brilhamos-e-fomos-premiados-na-expo-revestir\/\" \/>\n<meta property=\"og:site_name\" content=\"Blog Nina\" \/>\n<meta property=\"article:published_time\" content=\"2023-12-13T12:19:42+00:00\" \/>\n<meta property=\"og:image\" content=\"https:\/\/ninamartinelli.com.br\/blog2\/wp-content\/uploads\/2023\/12\/PUBLICO__047.jpg\" \/>\n\t<meta property=\"og:image:width\" content=\"1831\" \/>\n\t<meta property=\"og:image:height\" content=\"1378\" \/>\n\t<meta property=\"og:image:type\" content=\"image\/jpeg\" \/>\n<meta name=\"author\" content=\"Ana Maria Devides\" \/>\n<meta name=\"twitter:card\" content=\"summary_large_image\" \/>\n<meta name=\"twitter:label1\" content=\"Escrito por\" \/>\n\t<meta name=\"twitter:data1\" content=\"Ana Maria Devides\" \/>\n\t<meta name=\"twitter:label2\" content=\"Est. tempo de leitura\" \/>\n\t<meta name=\"twitter:data2\" content=\"2 minutos\" \/>\n<script type=\"application\/ld+json\" class=\"yoast-schema-graph\">{\"@context\":\"https:\/\/schema.org\",\"@graph\":[{\"@type\":\"Article\",\"@id\":\"https:\/\/ninamartinelli.com.br\/blog2\/retrospectiva-2023-brilhamos-e-fomos-premiados-na-expo-revestir\/#article\",\"isPartOf\":{\"@id\":\"https:\/\/ninamartinelli.com.br\/blog2\/retrospectiva-2023-brilhamos-e-fomos-premiados-na-expo-revestir\/\"},\"author\":{\"name\":\"Ana Maria Devides\",\"@id\":\"https:\/\/ninamartinelli.com.br\/blog2\/#\/schema\/person\/43fbfb1d4cbe3b472995206b2bb06df5\"},\"headline\":\"Retrospectiva 2023 \u2013 Brilhamos e fomos premiados na Expo Revestir!\",\"datePublished\":\"2023-12-13T12:19:42+00:00\",\"mainEntityOfPage\":{\"@id\":\"https:\/\/ninamartinelli.com.br\/blog2\/retrospectiva-2023-brilhamos-e-fomos-premiados-na-expo-revestir\/\"},\"wordCount\":288,\"commentCount\":0,\"publisher\":{\"@id\":\"https:\/\/ninamartinelli.com.br\/blog2\/#organization\"},\"image\":{\"@id\":\"https:\/\/ninamartinelli.com.br\/blog2\/retrospectiva-2023-brilhamos-e-fomos-premiados-na-expo-revestir\/#primaryimage\"},\"thumbnailUrl\":\"https:\/\/ninamartinelli.com.br\/blog2\/wp-content\/uploads\/2023\/12\/PUBLICO__047.jpg\",\"keywords\":[\"expo revestir\",\"Retrospectiva\"],\"articleSection\":[\"EXPO Revestir\",\"Mostras e Eventos\",\"Nina Martinelli\",\"Retrospectiva do ano\"],\"inLanguage\":\"pt-BR\",\"potentialAction\":[{\"@type\":\"CommentAction\",\"name\":\"Comment\",\"target\":[\"https:\/\/ninamartinelli.com.br\/blog2\/retrospectiva-2023-brilhamos-e-fomos-premiados-na-expo-revestir\/#respond\"]}]},{\"@type\":\"WebPage\",\"@id\":\"https:\/\/ninamartinelli.com.br\/blog2\/retrospectiva-2023-brilhamos-e-fomos-premiados-na-expo-revestir\/\",\"url\":\"https:\/\/ninamartinelli.com.br\/blog2\/retrospectiva-2023-brilhamos-e-fomos-premiados-na-expo-revestir\/\",\"name\":\"Retrospectiva 2023 \u2013 Brilhamos e fomos premiados na Expo Revestir! - Blog Nina\",\"isPartOf\":{\"@id\":\"https:\/\/ninamartinelli.com.br\/blog2\/#website\"},\"primaryImageOfPage\":{\"@id\":\"https:\/\/ninamartinelli.com.br\/blog2\/retrospectiva-2023-brilhamos-e-fomos-premiados-na-expo-revestir\/#primaryimage\"},\"image\":{\"@id\":\"https:\/\/ninamartinelli.com.br\/blog2\/retrospectiva-2023-brilhamos-e-fomos-premiados-na-expo-revestir\/#primaryimage\"},\"thumbnailUrl\":\"https:\/\/ninamartinelli.com.br\/blog2\/wp-content\/uploads\/2023\/12\/PUBLICO__047.jpg\",\"datePublished\":\"2023-12-13T12:19:42+00:00\",\"description\":\"Retrospectiva 2023 - Vamos viajar juntos pelos acontecimentos mais marcantes do ano que est\u00e1 terminando! Foi um ano incr\u00edvel!\",\"breadcrumb\":{\"@id\":\"https:\/\/ninamartinelli.com.br\/blog2\/retrospectiva-2023-brilhamos-e-fomos-premiados-na-expo-revestir\/#breadcrumb\"},\"inLanguage\":\"pt-BR\",\"potentialAction\":[{\"@type\":\"ReadAction\",\"target\":[\"https:\/\/ninamartinelli.com.br\/blog2\/retrospectiva-2023-brilhamos-e-fomos-premiados-na-expo-revestir\/\"]}]},{\"@type\":\"ImageObject\",\"inLanguage\":\"pt-BR\",\"@id\":\"https:\/\/ninamartinelli.com.br\/blog2\/retrospectiva-2023-brilhamos-e-fomos-premiados-na-expo-revestir\/#primaryimage\",\"url\":\"https:\/\/ninamartinelli.com.br\/blog2\/wp-content\/uploads\/2023\/12\/PUBLICO__047.jpg\",\"contentUrl\":\"https:\/\/ninamartinelli.com.br\/blog2\/wp-content\/uploads\/2023\/12\/PUBLICO__047.jpg\",\"width\":1831,\"height\":1378},{\"@type\":\"BreadcrumbList\",\"@id\":\"https:\/\/ninamartinelli.com.br\/blog2\/retrospectiva-2023-brilhamos-e-fomos-premiados-na-expo-revestir\/#breadcrumb\",\"itemListElement\":[{\"@type\":\"ListItem\",\"position\":1,\"name\":\"In\u00edcio\",\"item\":\"https:\/\/ninamartinelli.com.br\/blog2\/\"},{\"@type\":\"ListItem\",\"position\":2,\"name\":\"Retrospectiva 2023 \u2013 Brilhamos e fomos premiados na Expo Revestir!\"}]},{\"@type\":\"WebSite\",\"@id\":\"https:\/\/ninamartinelli.com.br\/blog2\/#website\",\"url\":\"https:\/\/ninamartinelli.com.br\/blog2\/\",\"name\":\"Nina Martinelli\",\"description\":\"#Nina_Martinelli\",\"publisher\":{\"@id\":\"https:\/\/ninamartinelli.com.br\/blog2\/#organization\"},\"potentialAction\":[{\"@type\":\"SearchAction\",\"target\":{\"@type\":\"EntryPoint\",\"urlTemplate\":\"https:\/\/ninamartinelli.com.br\/blog2\/?s={search_term_string}\"},\"query-input\":{\"@type\":\"PropertyValueSpecification\",\"valueRequired\":true,\"valueName\":\"search_term_string\"}}],\"inLanguage\":\"pt-BR\"},{\"@type\":\"Organization\",\"@id\":\"https:\/\/ninamartinelli.com.br\/blog2\/#organization\",\"name\":\"Blog Novidades\",\"url\":\"https:\/\/ninamartinelli.com.br\/blog2\/\",\"logo\":{\"@type\":\"ImageObject\",\"inLanguage\":\"pt-BR\",\"@id\":\"https:\/\/ninamartinelli.com.br\/blog2\/#\/schema\/logo\/image\/\",\"url\":\"http:\/\/blog.ninamartinelli.com.br\/wp-content\/uploads\/2022\/03\/logo_nina_blog.png\",\"contentUrl\":\"http:\/\/blog.ninamartinelli.com.br\/wp-content\/uploads\/2022\/03\/logo_nina_blog.png\",\"width\":500,\"height\":104,\"caption\":\"Blog Novidades\"},\"image\":{\"@id\":\"https:\/\/ninamartinelli.com.br\/blog2\/#\/schema\/logo\/image\/\"}},{\"@type\":\"Person\",\"@id\":\"https:\/\/ninamartinelli.com.br\/blog2\/#\/schema\/person\/43fbfb1d4cbe3b472995206b2bb06df5\",\"name\":\"Ana Maria Devides\",\"image\":{\"@type\":\"ImageObject\",\"inLanguage\":\"pt-BR\",\"@id\":\"https:\/\/ninamartinelli.com.br\/blog2\/#\/schema\/person\/image\/\",\"url\":\"https:\/\/secure.gravatar.com\/avatar\/a03a82675d8bb3da8e5c5a6872db97be?s=96&d=mm&r=g\",\"contentUrl\":\"https:\/\/secure.gravatar.com\/avatar\/a03a82675d8bb3da8e5c5a6872db97be?s=96&d=mm&r=g\",\"caption\":\"Ana Maria Devides\"},\"url\":\"https:\/\/ninamartinelli.com.br\/blog2\/author\/assessoria-nina-martinelli\/\"}]}<\/script>\n<!-- \/ Yoast SEO plugin. -->","yoast_head_json":{"title":"Retrospectiva 2023 \u2013 Brilhamos e fomos premiados na Expo Revestir! - Blog Nina","description":"Retrospectiva 2023 - Vamos viajar juntos pelos acontecimentos mais marcantes do ano que est\u00e1 terminando! Foi um ano incr\u00edvel!","robots":{"index":"index","follow":"follow","max-snippet":"max-snippet:-1","max-image-preview":"max-image-preview:large","max-video-preview":"max-video-preview:-1"},"canonical":"https:\/\/ninamartinelli.com.br\/blog2\/retrospectiva-2023-brilhamos-e-fomos-premiados-na-expo-revestir\/","og_locale":"pt_BR","og_type":"article","og_title":"Retrospectiva 2023 \u2013 Brilhamos e fomos premiados na Expo Revestir! - Blog Nina","og_description":"Retrospectiva 2023 - Vamos viajar juntos pelos acontecimentos mais marcantes do ano que est\u00e1 terminando! Foi um ano incr\u00edvel!","og_url":"https:\/\/ninamartinelli.com.br\/blog2\/retrospectiva-2023-brilhamos-e-fomos-premiados-na-expo-revestir\/","og_site_name":"Blog Nina","article_published_time":"2023-12-13T12:19:42+00:00","og_image":[{"width":1831,"height":1378,"url":"https:\/\/ninamartinelli.com.br\/blog2\/wp-content\/uploads\/2023\/12\/PUBLICO__047.jpg","type":"image\/jpeg"}],"author":"Ana Maria Devides","twitter_card":"summary_large_image","twitter_misc":{"Escrito por":"Ana Maria Devides","Est. tempo de leitura":"2 minutos"},"schema":{"@context":"https:\/\/schema.org","@graph":[{"@type":"Article","@id":"https:\/\/ninamartinelli.com.br\/blog2\/retrospectiva-2023-brilhamos-e-fomos-premiados-na-expo-revestir\/#article","isPartOf":{"@id":"https:\/\/ninamartinelli.com.br\/blog2\/retrospectiva-2023-brilhamos-e-fomos-premiados-na-expo-revestir\/"},"author":{"name":"Ana Maria Devides","@id":"https:\/\/ninamartinelli.com.br\/blog2\/#\/schema\/person\/43fbfb1d4cbe3b472995206b2bb06df5"},"headline":"Retrospectiva 2023 \u2013 Brilhamos e fomos premiados na Expo Revestir!","datePublished":"2023-12-13T12:19:42+00:00","mainEntityOfPage":{"@id":"https:\/\/ninamartinelli.com.br\/blog2\/retrospectiva-2023-brilhamos-e-fomos-premiados-na-expo-revestir\/"},"wordCount":288,"commentCount":0,"publisher":{"@id":"https:\/\/ninamartinelli.com.br\/blog2\/#organization"},"image":{"@id":"https:\/\/ninamartinelli.com.br\/blog2\/retrospectiva-2023-brilhamos-e-fomos-premiados-na-expo-revestir\/#primaryimage"},"thumbnailUrl":"https:\/\/ninamartinelli.com.br\/blog2\/wp-content\/uploads\/2023\/12\/PUBLICO__047.jpg","keywords":["expo revestir","Retrospectiva"],"articleSection":["EXPO Revestir","Mostras e Eventos","Nina Martinelli","Retrospectiva do ano"],"inLanguage":"pt-BR","potentialAction":[{"@type":"CommentAction","name":"Comment","target":["https:\/\/ninamartinelli.com.br\/blog2\/retrospectiva-2023-brilhamos-e-fomos-premiados-na-expo-revestir\/#respond"]}]},{"@type":"WebPage","@id":"https:\/\/ninamartinelli.com.br\/blog2\/retrospectiva-2023-brilhamos-e-fomos-premiados-na-expo-revestir\/","url":"https:\/\/ninamartinelli.com.br\/blog2\/retrospectiva-2023-brilhamos-e-fomos-premiados-na-expo-revestir\/","name":"Retrospectiva 2023 \u2013 Brilhamos e fomos premiados na Expo Revestir! - Blog Nina","isPartOf":{"@id":"https:\/\/ninamartinelli.com.br\/blog2\/#website"},"primaryImageOfPage":{"@id":"https:\/\/ninamartinelli.com.br\/blog2\/retrospectiva-2023-brilhamos-e-fomos-premiados-na-expo-revestir\/#primaryimage"},"image":{"@id":"https:\/\/ninamartinelli.com.br\/blog2\/retrospectiva-2023-brilhamos-e-fomos-premiados-na-expo-revestir\/#primaryimage"},"thumbnailUrl":"https:\/\/ninamartinelli.com.br\/blog2\/wp-content\/uploads\/2023\/12\/PUBLICO__047.jpg","datePublished":"2023-12-13T12:19:42+00:00","description":"Retrospectiva 2023 - Vamos viajar juntos pelos acontecimentos mais marcantes do ano que est\u00e1 terminando! Foi um ano incr\u00edvel!","breadcrumb":{"@id":"https:\/\/ninamartinelli.com.br\/blog2\/retrospectiva-2023-brilhamos-e-fomos-premiados-na-expo-revestir\/#breadcrumb"},"inLanguage":"pt-BR","potentialAction":[{"@type":"ReadAction","target":["https:\/\/ninamartinelli.com.br\/blog2\/retrospectiva-2023-brilhamos-e-fomos-premiados-na-expo-revestir\/"]}]},{"@type":"ImageObject","inLanguage":"pt-BR","@id":"https:\/\/ninamartinelli.com.br\/blog2\/retrospectiva-2023-brilhamos-e-fomos-premiados-na-expo-revestir\/#primaryimage","url":"https:\/\/ninamartinelli.com.br\/blog2\/wp-content\/uploads\/2023\/12\/PUBLICO__047.jpg","contentUrl":"https:\/\/ninamartinelli.com.br\/blog2\/wp-content\/uploads\/2023\/12\/PUBLICO__047.jpg","width":1831,"height":1378},{"@type":"BreadcrumbList","@id":"https:\/\/ninamartinelli.com.br\/blog2\/retrospectiva-2023-brilhamos-e-fomos-premiados-na-expo-revestir\/#breadcrumb","itemListElement":[{"@type":"ListItem","position":1,"name":"In\u00edcio","item":"https:\/\/ninamartinelli.com.br\/blog2\/"},{"@type":"ListItem","position":2,"name":"Retrospectiva 2023 \u2013 Brilhamos e fomos premiados na Expo Revestir!"}]},{"@type":"WebSite","@id":"https:\/\/ninamartinelli.com.br\/blog2\/#website","url":"https:\/\/ninamartinelli.com.br\/blog2\/","name":"Nina Martinelli","description":"#Nina_Martinelli","publisher":{"@id":"https:\/\/ninamartinelli.com.br\/blog2\/#organization"},"potentialAction":[{"@type":"SearchAction","target":{"@type":"EntryPoint","urlTemplate":"https:\/\/ninamartinelli.com.br\/blog2\/?s={search_term_string}"},"query-input":{"@type":"PropertyValueSpecification","valueRequired":true,"valueName":"search_term_string"}}],"inLanguage":"pt-BR"},{"@type":"Organization","@id":"https:\/\/ninamartinelli.com.br\/blog2\/#organization","name":"Blog Novidades","url":"https:\/\/ninamartinelli.com.br\/blog2\/","logo":{"@type":"ImageObject","inLanguage":"pt-BR","@id":"https:\/\/ninamartinelli.com.br\/blog2\/#\/schema\/logo\/image\/","url":"http:\/\/blog.ninamartinelli.com.br\/wp-content\/uploads\/2022\/03\/logo_nina_blog.png","contentUrl":"http:\/\/blog.ninamartinelli.com.br\/wp-content\/uploads\/2022\/03\/logo_nina_blog.png","width":500,"height":104,"caption":"Blog Novidades"},"image":{"@id":"https:\/\/ninamartinelli.com.br\/blog2\/#\/schema\/logo\/image\/"}},{"@type":"Person","@id":"https:\/\/ninamartinelli.com.br\/blog2\/#\/schema\/person\/43fbfb1d4cbe3b472995206b2bb06df5","name":"Ana Maria Devides","image":{"@type":"ImageObject","inLanguage":"pt-BR","@id":"https:\/\/ninamartinelli.com.br\/blog2\/#\/schema\/person\/image\/","url":"https:\/\/secure.gravatar.com\/avatar\/a03a82675d8bb3da8e5c5a6872db97be?s=96&d=mm&r=g","contentUrl":"https:\/\/secure.gravatar.com\/avatar\/a03a82675d8bb3da8e5c5a6872db97be?s=96&d=mm&r=g","caption":"Ana Maria Devides"},"url":"https:\/\/ninamartinelli.com.br\/blog2\/author\/assessoria-nina-martinelli\/"}]}},"_links":{"self":[{"href":"https:\/\/ninamartinelli.com.br\/blog2\/wp-json\/wp\/v2\/posts\/2198","targetHints":{"allow":["GET"]}}],"collection":[{"href":"https:\/\/ninamartinelli.com.br\/blog2\/wp-json\/wp\/v2\/posts"}],"about":[{"href":"https:\/\/ninamartinelli.com.br\/blog2\/wp-json\/wp\/v2\/types\/post"}],"author":[{"embeddable":true,"href":"https:\/\/ninamartinelli.com.br\/blog2\/wp-json\/wp\/v2\/users\/2"}],"replies":[{"embeddable":true,"href":"https:\/\/ninamartinelli.com.br\/blog2\/wp-json\/wp\/v2\/comments?post=2198"}],"version-history":[{"count":1,"href":"https:\/\/ninamartinelli.com.br\/blog2\/wp-json\/wp\/v2\/posts\/2198\/revisions"}],"predecessor-version":[{"id":2201,"href":"https:\/\/ninamartinelli.com.br\/blog2\/wp-json\/wp\/v2\/posts\/2198\/revisions\/2201"}],"wp:featuredmedia":[{"embeddable":true,"href":"https:\/\/ninamartinelli.com.br\/blog2\/wp-json\/wp\/v2\/media\/2199"}],"wp:attachment":[{"href":"https:\/\/ninamartinelli.com.br\/blog2\/wp-json\/wp\/v2\/media?parent=2198"}],"wp:term":[{"taxonomy":"category","embeddable":true,"href":"https:\/\/ninamartinelli.com.br\/blog2\/wp-json\/wp\/v2\/categories?post=2198"},{"taxonomy":"post_tag","embeddable":true,"href":"https:\/\/ninamartinelli.com.br\/blog2\/wp-json\/wp\/v2\/tags?post=2198"}],"curies":[{"name":"wp","href":"https:\/\/api.w.org\/{rel}","templated":true}]}}