{"id":2191,"date":"2023-12-06T07:34:30","date_gmt":"2023-12-06T10:34:30","guid":{"rendered":"https:\/\/ninamartinelli.com.br\/blog2\/?p=2191"},"modified":"2023-12-06T07:34:30","modified_gmt":"2023-12-06T10:34:30","slug":"sofisticacao-e-personalidade-revestimento-rustic-da-nina-martinelli-em-residencia-de-alto-padrao-no-vale-do-paraiba","status":"publish","type":"post","link":"https:\/\/ninamartinelli.com.br\/blog2\/sofisticacao-e-personalidade-revestimento-rustic-da-nina-martinelli-em-residencia-de-alto-padrao-no-vale-do-paraiba\/","title":{"rendered":"Sofistica\u00e7\u00e3o e personalidade \u2013 revestimento Rustic da Nina Martinelli em resid\u00eancia de alto padr\u00e3o no Vale do Para\u00edba"},"content":{"rendered":"<p>Sofistica\u00e7\u00e3o e personalidade. Atributos que podem muito bem resumir um projeto que foi materializado com extrema aten\u00e7\u00e3o aos detalhes, com muito bom gosto e eleg\u00e2ncia \u2013 uma resid\u00eancia de alto padr\u00e3o, cuja obra foi executada por <a href=\"https:\/\/www.instagram.com\/arnautconstrutora\/\">Arnaut Construtora e Incorporadora<\/a> em Ca\u00e7apava, no Vale do Para\u00edba, estado de S\u00e3o Paulo.<\/p>\n<p>O projeto arquitet\u00f4nico e de design de interiores \u00e9 assinado pelo renomado arquiteto Marcelo Ferreira Fortes, da <a href=\"https:\/\/www.instagram.com\/fortesferreira.arquitetura\/\">Fortes Ferreira Arquitetura<\/a>. E enche os olhos j\u00e1 \u00e0 primeira vista, pois \u00e9 uma casa realmente impressionante.<\/p>\n<p>S\u00e3o 187 m<sup>2 <\/sup>muito bem aproveitados num terreno de 360 m<sup>2 <\/sup>, no valorizad\u00edssimo residencial Santa M\u00f4nica, um condom\u00ednio com todas as facilidades buscadas atualmente por mais e mais fam\u00edlias.<\/p>\n<p><strong>Sofistica\u00e7\u00e3o e personalidade, mas com muito conforto e praticidade<\/strong><\/p>\n<p>Alguns detalhes da constru\u00e7\u00e3o, cuja arquitetura segue uma linha clean e contempor\u00e2nea, que explora volumetria reta, p\u00e9-direito alto, amplas janelas, materiais modernos e solu\u00e7\u00f5es de conforto como ambientes integrados, piscina com prainha, cozinha com ilha, \u00e1rea gourmet com churrasqueira, infraestrutura para ar condicionado na casa toda e at\u00e9 mesmo sistema digital de fechadura.<\/p>\n<p>Em meio a todo esse capricho com cada aspecto da constru\u00e7\u00e3o, Marcelo Ferreira Fortes especificou, entre os materiais de alt\u00edssima qualidade, os revestimentos <a href=\"https:\/\/ninamartinelli.com.br\/#!\/pt\/produtos\/154000187-revestimento-rustic\">Rustic e Rustic Stretto<\/a>, da Nina Martinelli.<\/p>\n<p>Os dois modelos s\u00e3o, digamos, deriva\u00e7\u00f5es um do outro, j\u00e1 que o Rustic mede 15x100cm e o Stretto mede 7x100cm. Ambos resgatam a textura e a apar\u00eancia da madeira bruta planificada.<img loading=\"lazy\" decoding=\"async\" class=\"wp-image-2194 alignright\" src=\"https:\/\/ninamartinelli.com.br\/blog2\/wp-content\/uploads\/2023\/12\/casa-carmel-rustic-fachada-2-300x273.jpg\" alt=\"\" width=\"386\" height=\"351\" srcset=\"https:\/\/ninamartinelli.com.br\/blog2\/wp-content\/uploads\/2023\/12\/casa-carmel-rustic-fachada-2-300x273.jpg 300w, https:\/\/ninamartinelli.com.br\/blog2\/wp-content\/uploads\/2023\/12\/casa-carmel-rustic-fachada-2-1024x933.jpg 1024w, https:\/\/ninamartinelli.com.br\/blog2\/wp-content\/uploads\/2023\/12\/casa-carmel-rustic-fachada-2-768x700.jpg 768w, https:\/\/ninamartinelli.com.br\/blog2\/wp-content\/uploads\/2023\/12\/casa-carmel-rustic-fachada-2.jpg 1200w\" sizes=\"auto, (max-width: 386px) 100vw, 386px\" \/><\/p>\n<p>Com um realismo impressionante, proporcionado pelos veios e sinuosidades t\u00edpicas da madeira, em formato de t\u00e1buas que juntas \u2013 como nesse projeto, que usou as duas medidas \u2013 permitem uma pagina\u00e7\u00e3o absolutamente deslumbrante.<\/p>\n<p>Os produtos foram utilizados n\u00e3o em um, mas em dois pontos da constru\u00e7\u00e3o \u2013 na fachada, compondo com outros elementos como porcelanato, texturas e um p\u00f3rtico robusto pintado de preto, e no lavabo, onde recobre toda a parede na qual foram acomodados a pia esculpida em granito S\u00e3o Gabriel escovado e um bel\u00edssimo espelho.<\/p>\n<p><img loading=\"lazy\" decoding=\"async\" class=\"wp-image-2193 alignleft\" src=\"https:\/\/ninamartinelli.com.br\/blog2\/wp-content\/uploads\/2023\/12\/casa-carmel-rustic-lavabo-1-279x300.jpg\" alt=\"\" width=\"358\" height=\"384\" srcset=\"https:\/\/ninamartinelli.com.br\/blog2\/wp-content\/uploads\/2023\/12\/casa-carmel-rustic-lavabo-1-279x300.jpg 279w, https:\/\/ninamartinelli.com.br\/blog2\/wp-content\/uploads\/2023\/12\/casa-carmel-rustic-lavabo-1-952x1024.jpg 952w, https:\/\/ninamartinelli.com.br\/blog2\/wp-content\/uploads\/2023\/12\/casa-carmel-rustic-lavabo-1-768x826.jpg 768w, https:\/\/ninamartinelli.com.br\/blog2\/wp-content\/uploads\/2023\/12\/casa-carmel-rustic-lavabo-1-1024x1102.jpg 1024w, https:\/\/ninamartinelli.com.br\/blog2\/wp-content\/uploads\/2023\/12\/casa-carmel-rustic-lavabo-1.jpg 1200w\" sizes=\"auto, (max-width: 358px) 100vw, 358px\" \/><\/p>\n<p>&nbsp;<\/p>\n<p>&nbsp;<\/p>\n<p>Segundo Caio Arnaut, da construtora respons\u00e1vel pela obra, e como se pode ver pelas fotos desta mat\u00e9ria e tamb\u00e9m no Instagram da construtora, o resultado foi perfeito. \u201cFicou lindo, amamos o resultado\u201d, diz ele.<\/p>\n<p>O produto foi adquirido na revenda parceira <a href=\"https:\/\/www.instagram.com\/japonesapisos\/\">Japonesa Pisos<\/a>, em S\u00e3o Jos\u00e9 dos Campos.<\/p>\n<p>&nbsp;<\/p>\n<p>&nbsp;<\/p>\n<p>&nbsp;<\/p>\n<p>&nbsp;<\/p>\n<p><strong>Servi\u00e7o<\/strong><\/p>\n<p><strong>Sofistica\u00e7\u00e3o e personalidade \u2013 Resid\u00eancia de alto padr\u00e3o em Ca\u00e7apava\/SP<\/strong><\/p>\n<p><strong>Produtos<\/strong> \u2013 Revestimento Rustic e Rustic Stretto \u2013 15x100cm e 7x100cm<\/p>\n<p><strong>Projeto<\/strong>: Marcelo Ferreira Fortes \u2013 Fortes Ferreira Arquitetura<\/p>\n<p><strong>Instagram<\/strong>: @fortesferreira.arquitetura<\/p>\n<p><strong>Execu\u00e7\u00e3o e administra\u00e7\u00e3o<\/strong>: Arnaut Construtora<\/p>\n<p><strong>Instagram<\/strong>: @arnautconstrutora<\/p>\n<p><strong>Imagens<\/strong>: acervo da construtora<\/p>\n<p><strong>Revenda Parceira<\/strong> \u2013 Japonesa Pisos\u2013 S\u00e3o Jos\u00e9 dos Campos\/SP<\/p>\n<p><strong>Instagram<\/strong>: @japonesapisos<\/p>\n","protected":false},"excerpt":{"rendered":"<p>Sofistica\u00e7\u00e3o e personalidade. Atributos que podem muito bem resumir um projeto que foi materializado com<\/p>\n","protected":false},"author":2,"featured_media":2192,"comment_status":"open","ping_status":"open","sticky":false,"template":"","format":"standard","meta":{"footnotes":""},"categories":[26],"tags":[39,66,111,37],"class_list":["post-2191","post","type-post","status-publish","format-standard","has-post-thumbnail","hentry","category-revestimentos","tag-area-externa","tag-fachada","tag-lavabo","tag-parede"],"yoast_head":"<!-- This site is optimized with the Yoast SEO plugin v26.8 - https:\/\/yoast.com\/product\/yoast-seo-wordpress\/ -->\n<title>Sofistica\u00e7\u00e3o e personalidade \u2013 revestimento Rustic da Nina Martinelli em resid\u00eancia de alto padr\u00e3o no Vale do Para\u00edba<\/title>\n<meta name=\"description\" content=\"Sofistica\u00e7\u00e3o e personalidade marcam esse projeto em Ca\u00e7apava, no Vale do Para\u00edba, onde dois produtos Nina s\u00e3o diferenciais\" \/>\n<meta name=\"robots\" content=\"index, follow, max-snippet:-1, max-image-preview:large, max-video-preview:-1\" \/>\n<link rel=\"canonical\" href=\"https:\/\/ninamartinelli.com.br\/blog2\/sofisticacao-e-personalidade-revestimento-rustic-da-nina-martinelli-em-residencia-de-alto-padrao-no-vale-do-paraiba\/\" \/>\n<meta property=\"og:locale\" content=\"pt_BR\" \/>\n<meta property=\"og:type\" content=\"article\" \/>\n<meta property=\"og:title\" content=\"Sofistica\u00e7\u00e3o e personalidade \u2013 revestimento Rustic da Nina Martinelli em resid\u00eancia de alto padr\u00e3o no Vale do Para\u00edba\" \/>\n<meta property=\"og:description\" content=\"Sofistica\u00e7\u00e3o e personalidade marcam esse projeto em Ca\u00e7apava, no Vale do Para\u00edba, onde dois produtos Nina s\u00e3o diferenciais\" \/>\n<meta property=\"og:url\" content=\"https:\/\/ninamartinelli.com.br\/blog2\/sofisticacao-e-personalidade-revestimento-rustic-da-nina-martinelli-em-residencia-de-alto-padrao-no-vale-do-paraiba\/\" \/>\n<meta property=\"og:site_name\" content=\"Blog Nina\" \/>\n<meta property=\"article:published_time\" content=\"2023-12-06T10:34:30+00:00\" \/>\n<meta property=\"og:image\" content=\"https:\/\/ninamartinelli.com.br\/blog2\/wp-content\/uploads\/2023\/12\/casa-carmel-rustic-fachada-1.jpg\" \/>\n\t<meta property=\"og:image:width\" content=\"1200\" \/>\n\t<meta property=\"og:image:height\" content=\"946\" \/>\n\t<meta property=\"og:image:type\" content=\"image\/jpeg\" \/>\n<meta name=\"author\" content=\"Ana Maria Devides\" \/>\n<meta name=\"twitter:card\" content=\"summary_large_image\" \/>\n<meta name=\"twitter:label1\" content=\"Escrito por\" \/>\n\t<meta name=\"twitter:data1\" content=\"Ana Maria Devides\" \/>\n\t<meta name=\"twitter:label2\" content=\"Est. tempo de leitura\" \/>\n\t<meta name=\"twitter:data2\" content=\"3 minutos\" \/>\n<script type=\"application\/ld+json\" class=\"yoast-schema-graph\">{\"@context\":\"https:\/\/schema.org\",\"@graph\":[{\"@type\":\"Article\",\"@id\":\"https:\/\/ninamartinelli.com.br\/blog2\/sofisticacao-e-personalidade-revestimento-rustic-da-nina-martinelli-em-residencia-de-alto-padrao-no-vale-do-paraiba\/#article\",\"isPartOf\":{\"@id\":\"https:\/\/ninamartinelli.com.br\/blog2\/sofisticacao-e-personalidade-revestimento-rustic-da-nina-martinelli-em-residencia-de-alto-padrao-no-vale-do-paraiba\/\"},\"author\":{\"name\":\"Ana Maria Devides\",\"@id\":\"https:\/\/ninamartinelli.com.br\/blog2\/#\/schema\/person\/43fbfb1d4cbe3b472995206b2bb06df5\"},\"headline\":\"Sofistica\u00e7\u00e3o e personalidade \u2013 revestimento Rustic da Nina Martinelli em resid\u00eancia de alto padr\u00e3o no Vale do Para\u00edba\",\"datePublished\":\"2023-12-06T10:34:30+00:00\",\"mainEntityOfPage\":{\"@id\":\"https:\/\/ninamartinelli.com.br\/blog2\/sofisticacao-e-personalidade-revestimento-rustic-da-nina-martinelli-em-residencia-de-alto-padrao-no-vale-do-paraiba\/\"},\"wordCount\":489,\"commentCount\":0,\"publisher\":{\"@id\":\"https:\/\/ninamartinelli.com.br\/blog2\/#organization\"},\"image\":{\"@id\":\"https:\/\/ninamartinelli.com.br\/blog2\/sofisticacao-e-personalidade-revestimento-rustic-da-nina-martinelli-em-residencia-de-alto-padrao-no-vale-do-paraiba\/#primaryimage\"},\"thumbnailUrl\":\"https:\/\/ninamartinelli.com.br\/blog2\/wp-content\/uploads\/2023\/12\/casa-carmel-rustic-fachada-1.jpg\",\"keywords\":[\"area externa\",\"fachada\",\"lavabo\",\"parede\"],\"articleSection\":[\"Revestimentos\"],\"inLanguage\":\"pt-BR\",\"potentialAction\":[{\"@type\":\"CommentAction\",\"name\":\"Comment\",\"target\":[\"https:\/\/ninamartinelli.com.br\/blog2\/sofisticacao-e-personalidade-revestimento-rustic-da-nina-martinelli-em-residencia-de-alto-padrao-no-vale-do-paraiba\/#respond\"]}]},{\"@type\":\"WebPage\",\"@id\":\"https:\/\/ninamartinelli.com.br\/blog2\/sofisticacao-e-personalidade-revestimento-rustic-da-nina-martinelli-em-residencia-de-alto-padrao-no-vale-do-paraiba\/\",\"url\":\"https:\/\/ninamartinelli.com.br\/blog2\/sofisticacao-e-personalidade-revestimento-rustic-da-nina-martinelli-em-residencia-de-alto-padrao-no-vale-do-paraiba\/\",\"name\":\"Sofistica\u00e7\u00e3o e personalidade \u2013 revestimento Rustic da Nina Martinelli em resid\u00eancia de alto padr\u00e3o no Vale do Para\u00edba\",\"isPartOf\":{\"@id\":\"https:\/\/ninamartinelli.com.br\/blog2\/#website\"},\"primaryImageOfPage\":{\"@id\":\"https:\/\/ninamartinelli.com.br\/blog2\/sofisticacao-e-personalidade-revestimento-rustic-da-nina-martinelli-em-residencia-de-alto-padrao-no-vale-do-paraiba\/#primaryimage\"},\"image\":{\"@id\":\"https:\/\/ninamartinelli.com.br\/blog2\/sofisticacao-e-personalidade-revestimento-rustic-da-nina-martinelli-em-residencia-de-alto-padrao-no-vale-do-paraiba\/#primaryimage\"},\"thumbnailUrl\":\"https:\/\/ninamartinelli.com.br\/blog2\/wp-content\/uploads\/2023\/12\/casa-carmel-rustic-fachada-1.jpg\",\"datePublished\":\"2023-12-06T10:34:30+00:00\",\"description\":\"Sofistica\u00e7\u00e3o e personalidade marcam esse projeto em Ca\u00e7apava, no Vale do Para\u00edba, onde dois produtos Nina s\u00e3o diferenciais\",\"breadcrumb\":{\"@id\":\"https:\/\/ninamartinelli.com.br\/blog2\/sofisticacao-e-personalidade-revestimento-rustic-da-nina-martinelli-em-residencia-de-alto-padrao-no-vale-do-paraiba\/#breadcrumb\"},\"inLanguage\":\"pt-BR\",\"potentialAction\":[{\"@type\":\"ReadAction\",\"target\":[\"https:\/\/ninamartinelli.com.br\/blog2\/sofisticacao-e-personalidade-revestimento-rustic-da-nina-martinelli-em-residencia-de-alto-padrao-no-vale-do-paraiba\/\"]}]},{\"@type\":\"ImageObject\",\"inLanguage\":\"pt-BR\",\"@id\":\"https:\/\/ninamartinelli.com.br\/blog2\/sofisticacao-e-personalidade-revestimento-rustic-da-nina-martinelli-em-residencia-de-alto-padrao-no-vale-do-paraiba\/#primaryimage\",\"url\":\"https:\/\/ninamartinelli.com.br\/blog2\/wp-content\/uploads\/2023\/12\/casa-carmel-rustic-fachada-1.jpg\",\"contentUrl\":\"https:\/\/ninamartinelli.com.br\/blog2\/wp-content\/uploads\/2023\/12\/casa-carmel-rustic-fachada-1.jpg\",\"width\":1200,\"height\":946},{\"@type\":\"BreadcrumbList\",\"@id\":\"https:\/\/ninamartinelli.com.br\/blog2\/sofisticacao-e-personalidade-revestimento-rustic-da-nina-martinelli-em-residencia-de-alto-padrao-no-vale-do-paraiba\/#breadcrumb\",\"itemListElement\":[{\"@type\":\"ListItem\",\"position\":1,\"name\":\"In\u00edcio\",\"item\":\"https:\/\/ninamartinelli.com.br\/blog2\/\"},{\"@type\":\"ListItem\",\"position\":2,\"name\":\"Sofistica\u00e7\u00e3o e personalidade \u2013 revestimento Rustic da Nina Martinelli em resid\u00eancia de alto padr\u00e3o no Vale do Para\u00edba\"}]},{\"@type\":\"WebSite\",\"@id\":\"https:\/\/ninamartinelli.com.br\/blog2\/#website\",\"url\":\"https:\/\/ninamartinelli.com.br\/blog2\/\",\"name\":\"Nina Martinelli\",\"description\":\"#Nina_Martinelli\",\"publisher\":{\"@id\":\"https:\/\/ninamartinelli.com.br\/blog2\/#organization\"},\"potentialAction\":[{\"@type\":\"SearchAction\",\"target\":{\"@type\":\"EntryPoint\",\"urlTemplate\":\"https:\/\/ninamartinelli.com.br\/blog2\/?s={search_term_string}\"},\"query-input\":{\"@type\":\"PropertyValueSpecification\",\"valueRequired\":true,\"valueName\":\"search_term_string\"}}],\"inLanguage\":\"pt-BR\"},{\"@type\":\"Organization\",\"@id\":\"https:\/\/ninamartinelli.com.br\/blog2\/#organization\",\"name\":\"Blog Novidades\",\"url\":\"https:\/\/ninamartinelli.com.br\/blog2\/\",\"logo\":{\"@type\":\"ImageObject\",\"inLanguage\":\"pt-BR\",\"@id\":\"https:\/\/ninamartinelli.com.br\/blog2\/#\/schema\/logo\/image\/\",\"url\":\"http:\/\/blog.ninamartinelli.com.br\/wp-content\/uploads\/2022\/03\/logo_nina_blog.png\",\"contentUrl\":\"http:\/\/blog.ninamartinelli.com.br\/wp-content\/uploads\/2022\/03\/logo_nina_blog.png\",\"width\":500,\"height\":104,\"caption\":\"Blog Novidades\"},\"image\":{\"@id\":\"https:\/\/ninamartinelli.com.br\/blog2\/#\/schema\/logo\/image\/\"}},{\"@type\":\"Person\",\"@id\":\"https:\/\/ninamartinelli.com.br\/blog2\/#\/schema\/person\/43fbfb1d4cbe3b472995206b2bb06df5\",\"name\":\"Ana Maria Devides\",\"image\":{\"@type\":\"ImageObject\",\"inLanguage\":\"pt-BR\",\"@id\":\"https:\/\/ninamartinelli.com.br\/blog2\/#\/schema\/person\/image\/\",\"url\":\"https:\/\/secure.gravatar.com\/avatar\/a03a82675d8bb3da8e5c5a6872db97be?s=96&d=mm&r=g\",\"contentUrl\":\"https:\/\/secure.gravatar.com\/avatar\/a03a82675d8bb3da8e5c5a6872db97be?s=96&d=mm&r=g\",\"caption\":\"Ana Maria Devides\"},\"url\":\"https:\/\/ninamartinelli.com.br\/blog2\/author\/assessoria-nina-martinelli\/\"}]}<\/script>\n<!-- \/ Yoast SEO plugin. -->","yoast_head_json":{"title":"Sofistica\u00e7\u00e3o e personalidade \u2013 revestimento Rustic da Nina Martinelli em resid\u00eancia de alto padr\u00e3o no Vale do Para\u00edba","description":"Sofistica\u00e7\u00e3o e personalidade marcam esse projeto em Ca\u00e7apava, no Vale do Para\u00edba, onde dois produtos Nina s\u00e3o diferenciais","robots":{"index":"index","follow":"follow","max-snippet":"max-snippet:-1","max-image-preview":"max-image-preview:large","max-video-preview":"max-video-preview:-1"},"canonical":"https:\/\/ninamartinelli.com.br\/blog2\/sofisticacao-e-personalidade-revestimento-rustic-da-nina-martinelli-em-residencia-de-alto-padrao-no-vale-do-paraiba\/","og_locale":"pt_BR","og_type":"article","og_title":"Sofistica\u00e7\u00e3o e personalidade \u2013 revestimento Rustic da Nina Martinelli em resid\u00eancia de alto padr\u00e3o no Vale do Para\u00edba","og_description":"Sofistica\u00e7\u00e3o e personalidade marcam esse projeto em Ca\u00e7apava, no Vale do Para\u00edba, onde dois produtos Nina s\u00e3o diferenciais","og_url":"https:\/\/ninamartinelli.com.br\/blog2\/sofisticacao-e-personalidade-revestimento-rustic-da-nina-martinelli-em-residencia-de-alto-padrao-no-vale-do-paraiba\/","og_site_name":"Blog Nina","article_published_time":"2023-12-06T10:34:30+00:00","og_image":[{"width":1200,"height":946,"url":"https:\/\/ninamartinelli.com.br\/blog2\/wp-content\/uploads\/2023\/12\/casa-carmel-rustic-fachada-1.jpg","type":"image\/jpeg"}],"author":"Ana Maria Devides","twitter_card":"summary_large_image","twitter_misc":{"Escrito por":"Ana Maria Devides","Est. tempo de leitura":"3 minutos"},"schema":{"@context":"https:\/\/schema.org","@graph":[{"@type":"Article","@id":"https:\/\/ninamartinelli.com.br\/blog2\/sofisticacao-e-personalidade-revestimento-rustic-da-nina-martinelli-em-residencia-de-alto-padrao-no-vale-do-paraiba\/#article","isPartOf":{"@id":"https:\/\/ninamartinelli.com.br\/blog2\/sofisticacao-e-personalidade-revestimento-rustic-da-nina-martinelli-em-residencia-de-alto-padrao-no-vale-do-paraiba\/"},"author":{"name":"Ana Maria Devides","@id":"https:\/\/ninamartinelli.com.br\/blog2\/#\/schema\/person\/43fbfb1d4cbe3b472995206b2bb06df5"},"headline":"Sofistica\u00e7\u00e3o e personalidade \u2013 revestimento Rustic da Nina Martinelli em resid\u00eancia de alto padr\u00e3o no Vale do Para\u00edba","datePublished":"2023-12-06T10:34:30+00:00","mainEntityOfPage":{"@id":"https:\/\/ninamartinelli.com.br\/blog2\/sofisticacao-e-personalidade-revestimento-rustic-da-nina-martinelli-em-residencia-de-alto-padrao-no-vale-do-paraiba\/"},"wordCount":489,"commentCount":0,"publisher":{"@id":"https:\/\/ninamartinelli.com.br\/blog2\/#organization"},"image":{"@id":"https:\/\/ninamartinelli.com.br\/blog2\/sofisticacao-e-personalidade-revestimento-rustic-da-nina-martinelli-em-residencia-de-alto-padrao-no-vale-do-paraiba\/#primaryimage"},"thumbnailUrl":"https:\/\/ninamartinelli.com.br\/blog2\/wp-content\/uploads\/2023\/12\/casa-carmel-rustic-fachada-1.jpg","keywords":["area externa","fachada","lavabo","parede"],"articleSection":["Revestimentos"],"inLanguage":"pt-BR","potentialAction":[{"@type":"CommentAction","name":"Comment","target":["https:\/\/ninamartinelli.com.br\/blog2\/sofisticacao-e-personalidade-revestimento-rustic-da-nina-martinelli-em-residencia-de-alto-padrao-no-vale-do-paraiba\/#respond"]}]},{"@type":"WebPage","@id":"https:\/\/ninamartinelli.com.br\/blog2\/sofisticacao-e-personalidade-revestimento-rustic-da-nina-martinelli-em-residencia-de-alto-padrao-no-vale-do-paraiba\/","url":"https:\/\/ninamartinelli.com.br\/blog2\/sofisticacao-e-personalidade-revestimento-rustic-da-nina-martinelli-em-residencia-de-alto-padrao-no-vale-do-paraiba\/","name":"Sofistica\u00e7\u00e3o e personalidade \u2013 revestimento Rustic da Nina Martinelli em resid\u00eancia de alto padr\u00e3o no Vale do Para\u00edba","isPartOf":{"@id":"https:\/\/ninamartinelli.com.br\/blog2\/#website"},"primaryImageOfPage":{"@id":"https:\/\/ninamartinelli.com.br\/blog2\/sofisticacao-e-personalidade-revestimento-rustic-da-nina-martinelli-em-residencia-de-alto-padrao-no-vale-do-paraiba\/#primaryimage"},"image":{"@id":"https:\/\/ninamartinelli.com.br\/blog2\/sofisticacao-e-personalidade-revestimento-rustic-da-nina-martinelli-em-residencia-de-alto-padrao-no-vale-do-paraiba\/#primaryimage"},"thumbnailUrl":"https:\/\/ninamartinelli.com.br\/blog2\/wp-content\/uploads\/2023\/12\/casa-carmel-rustic-fachada-1.jpg","datePublished":"2023-12-06T10:34:30+00:00","description":"Sofistica\u00e7\u00e3o e personalidade marcam esse projeto em Ca\u00e7apava, no Vale do Para\u00edba, onde dois produtos Nina s\u00e3o diferenciais","breadcrumb":{"@id":"https:\/\/ninamartinelli.com.br\/blog2\/sofisticacao-e-personalidade-revestimento-rustic-da-nina-martinelli-em-residencia-de-alto-padrao-no-vale-do-paraiba\/#breadcrumb"},"inLanguage":"pt-BR","potentialAction":[{"@type":"ReadAction","target":["https:\/\/ninamartinelli.com.br\/blog2\/sofisticacao-e-personalidade-revestimento-rustic-da-nina-martinelli-em-residencia-de-alto-padrao-no-vale-do-paraiba\/"]}]},{"@type":"ImageObject","inLanguage":"pt-BR","@id":"https:\/\/ninamartinelli.com.br\/blog2\/sofisticacao-e-personalidade-revestimento-rustic-da-nina-martinelli-em-residencia-de-alto-padrao-no-vale-do-paraiba\/#primaryimage","url":"https:\/\/ninamartinelli.com.br\/blog2\/wp-content\/uploads\/2023\/12\/casa-carmel-rustic-fachada-1.jpg","contentUrl":"https:\/\/ninamartinelli.com.br\/blog2\/wp-content\/uploads\/2023\/12\/casa-carmel-rustic-fachada-1.jpg","width":1200,"height":946},{"@type":"BreadcrumbList","@id":"https:\/\/ninamartinelli.com.br\/blog2\/sofisticacao-e-personalidade-revestimento-rustic-da-nina-martinelli-em-residencia-de-alto-padrao-no-vale-do-paraiba\/#breadcrumb","itemListElement":[{"@type":"ListItem","position":1,"name":"In\u00edcio","item":"https:\/\/ninamartinelli.com.br\/blog2\/"},{"@type":"ListItem","position":2,"name":"Sofistica\u00e7\u00e3o e personalidade \u2013 revestimento Rustic da Nina Martinelli em resid\u00eancia de alto padr\u00e3o no Vale do Para\u00edba"}]},{"@type":"WebSite","@id":"https:\/\/ninamartinelli.com.br\/blog2\/#website","url":"https:\/\/ninamartinelli.com.br\/blog2\/","name":"Nina Martinelli","description":"#Nina_Martinelli","publisher":{"@id":"https:\/\/ninamartinelli.com.br\/blog2\/#organization"},"potentialAction":[{"@type":"SearchAction","target":{"@type":"EntryPoint","urlTemplate":"https:\/\/ninamartinelli.com.br\/blog2\/?s={search_term_string}"},"query-input":{"@type":"PropertyValueSpecification","valueRequired":true,"valueName":"search_term_string"}}],"inLanguage":"pt-BR"},{"@type":"Organization","@id":"https:\/\/ninamartinelli.com.br\/blog2\/#organization","name":"Blog Novidades","url":"https:\/\/ninamartinelli.com.br\/blog2\/","logo":{"@type":"ImageObject","inLanguage":"pt-BR","@id":"https:\/\/ninamartinelli.com.br\/blog2\/#\/schema\/logo\/image\/","url":"http:\/\/blog.ninamartinelli.com.br\/wp-content\/uploads\/2022\/03\/logo_nina_blog.png","contentUrl":"http:\/\/blog.ninamartinelli.com.br\/wp-content\/uploads\/2022\/03\/logo_nina_blog.png","width":500,"height":104,"caption":"Blog Novidades"},"image":{"@id":"https:\/\/ninamartinelli.com.br\/blog2\/#\/schema\/logo\/image\/"}},{"@type":"Person","@id":"https:\/\/ninamartinelli.com.br\/blog2\/#\/schema\/person\/43fbfb1d4cbe3b472995206b2bb06df5","name":"Ana Maria Devides","image":{"@type":"ImageObject","inLanguage":"pt-BR","@id":"https:\/\/ninamartinelli.com.br\/blog2\/#\/schema\/person\/image\/","url":"https:\/\/secure.gravatar.com\/avatar\/a03a82675d8bb3da8e5c5a6872db97be?s=96&d=mm&r=g","contentUrl":"https:\/\/secure.gravatar.com\/avatar\/a03a82675d8bb3da8e5c5a6872db97be?s=96&d=mm&r=g","caption":"Ana Maria Devides"},"url":"https:\/\/ninamartinelli.com.br\/blog2\/author\/assessoria-nina-martinelli\/"}]}},"_links":{"self":[{"href":"https:\/\/ninamartinelli.com.br\/blog2\/wp-json\/wp\/v2\/posts\/2191","targetHints":{"allow":["GET"]}}],"collection":[{"href":"https:\/\/ninamartinelli.com.br\/blog2\/wp-json\/wp\/v2\/posts"}],"about":[{"href":"https:\/\/ninamartinelli.com.br\/blog2\/wp-json\/wp\/v2\/types\/post"}],"author":[{"embeddable":true,"href":"https:\/\/ninamartinelli.com.br\/blog2\/wp-json\/wp\/v2\/users\/2"}],"replies":[{"embeddable":true,"href":"https:\/\/ninamartinelli.com.br\/blog2\/wp-json\/wp\/v2\/comments?post=2191"}],"version-history":[{"count":2,"href":"https:\/\/ninamartinelli.com.br\/blog2\/wp-json\/wp\/v2\/posts\/2191\/revisions"}],"predecessor-version":[{"id":2196,"href":"https:\/\/ninamartinelli.com.br\/blog2\/wp-json\/wp\/v2\/posts\/2191\/revisions\/2196"}],"wp:featuredmedia":[{"embeddable":true,"href":"https:\/\/ninamartinelli.com.br\/blog2\/wp-json\/wp\/v2\/media\/2192"}],"wp:attachment":[{"href":"https:\/\/ninamartinelli.com.br\/blog2\/wp-json\/wp\/v2\/media?parent=2191"}],"wp:term":[{"taxonomy":"category","embeddable":true,"href":"https:\/\/ninamartinelli.com.br\/blog2\/wp-json\/wp\/v2\/categories?post=2191"},{"taxonomy":"post_tag","embeddable":true,"href":"https:\/\/ninamartinelli.com.br\/blog2\/wp-json\/wp\/v2\/tags?post=2191"}],"curies":[{"name":"wp","href":"https:\/\/api.w.org\/{rel}","templated":true}]}}