{"id":2179,"date":"2023-11-14T17:50:20","date_gmt":"2023-11-14T20:50:20","guid":{"rendered":"https:\/\/ninamartinelli.com.br\/blog2\/?p=2179"},"modified":"2023-11-14T17:50:20","modified_gmt":"2023-11-14T20:50:20","slug":"harmonia-conforto-e-ergonomia-com-piso-verano-fit-em-area-de-lazer-residencial-em-jundiai","status":"publish","type":"post","link":"https:\/\/ninamartinelli.com.br\/blog2\/harmonia-conforto-e-ergonomia-com-piso-verano-fit-em-area-de-lazer-residencial-em-jundiai\/","title":{"rendered":"Harmonia, conforto e ergonomia com Piso Verano Fit em \u00e1rea de lazer residencial em Jundia\u00ed"},"content":{"rendered":"<p><strong>Harmonia, conforto e ergonomia<\/strong> \u2013 Alguns atributos buscados pelo <a href=\"https:\/\/www.instagram.com\/estudio556\/\">Est\u00fadio 556<\/a> para dar forma a um projeto de reforma completa de uma ch\u00e1cara em Jundia\u00ed\/SP.<\/p>\n<p>Os clientes, um casal com filhos adultos que moram fora e que eventualmente se re\u00fanem com os netos, queriam a \u00e1rea externa, a \u00e1rea de lazer, os acessos e jardins refeitos e deram liberdade aos profissionais do escrit\u00f3rio \u2013 as arquitetas e designers de interiores L\u00edgia Abreu e Luciana Tavares e o paisagista e designer de interiores Daniel Cruz.<\/p>\n<p>O casal vive em S\u00e3o Paulo e hoje com a finaliza\u00e7\u00e3o da reforma est\u00e3o migrando para o interior, e como deixaram os profissionais \u00e0 vontade para criar, eles contam que o conceito do projeto foi integrar, de forma harmoniosa, parte da arquitetura existente, mantendo uma coer\u00eancia visual e est\u00e9tica.<\/p>\n<p><strong>Harmonia, conforto e ergonomia<\/strong><\/p>\n<p><img loading=\"lazy\" decoding=\"async\" class=\"wp-image-2181 alignleft\" src=\"https:\/\/ninamartinelli.com.br\/blog2\/wp-content\/uploads\/2023\/11\/estudio5561-169x300.jpg\" alt=\"\" width=\"298\" height=\"529\" srcset=\"https:\/\/ninamartinelli.com.br\/blog2\/wp-content\/uploads\/2023\/11\/estudio5561-169x300.jpg 169w, https:\/\/ninamartinelli.com.br\/blog2\/wp-content\/uploads\/2023\/11\/estudio5561-576x1024.jpg 576w, https:\/\/ninamartinelli.com.br\/blog2\/wp-content\/uploads\/2023\/11\/estudio5561-768x1365.jpg 768w, https:\/\/ninamartinelli.com.br\/blog2\/wp-content\/uploads\/2023\/11\/estudio5561-864x1536.jpg 864w, https:\/\/ninamartinelli.com.br\/blog2\/wp-content\/uploads\/2023\/11\/estudio5561-1152x2048.jpg 1152w, https:\/\/ninamartinelli.com.br\/blog2\/wp-content\/uploads\/2023\/11\/estudio5561-1024x1820.jpg 1024w, https:\/\/ninamartinelli.com.br\/blog2\/wp-content\/uploads\/2023\/11\/estudio5561-scaled.jpg 1440w\" sizes=\"auto, (max-width: 298px) 100vw, 298px\" \/><\/p>\n<p>Para integrar a \u00e1rea do entorno da piscina ao restante dos espa\u00e7os externos renovados, os profissionais especificaram o Piso Verano Fit 50x50x1,5cm, da Nina Martinelli, no tom Beige.<\/p>\n<p>O produto tem propriedades que trazem conforto t\u00e9rmico, absorvendo menos o calor, al\u00e9m de oferecer conforto ao toque, ergonomia e muita beleza e sofistica\u00e7\u00e3o, ainda que com o despojamento que o entorno de uma piscina requer.<\/p>\n<p>O contorno da linha d\u2019\u00e1gua foi feito com a Borda Verano Fit nas mesmas dimens\u00f5es, assegurando um acabamento elegante e perfeito, sem necessidade de cortes complexos.<\/p>\n<p>A Nina disponibiliza esses produtos tamb\u00e9m nos tons Grigio, Bianco, Paglia e Marrone.<\/p>\n<p>Segundo os profissionais do Est\u00fadio 556, a escolha do piso passou justamente pelos netos, pensando na seguran\u00e7a e no conforto t\u00e9rmico no entorno da piscina. \u201cEscolhemos um piso que j\u00e1 conhecemos e estivesse integrado com o restante do projeto\u201d, explicam os profissionais.<\/p>\n<p>O produto foi adquirido na revenda parceira <a href=\"https:\/\/www.instagram.com\/solorevestimentos\/\">Solo Revestimentos<\/a>.<\/p>\n<p><strong>\u00a0<\/strong><\/p>\n<p><strong>Servi\u00e7o<\/strong><\/p>\n<p><strong>Harmonia, conforto e ergonomia<\/strong><\/p>\n<p><strong>\u00c1rea de lazer \u2013 entorno da piscina<\/strong><\/p>\n<p><strong>Resid\u00eancia em ch\u00e1cara em Jundia\u00ed\/SP<\/strong><\/p>\n<p><strong>Produto: <\/strong>Piso Verano Fit 50x50x1,5 e Borda Verano Fit nas mesmas dimens\u00f5es, tom Beige<\/p>\n<p><strong>Projeto: <\/strong>Est\u00fadio 556 &#8211; arquitetas e designers de interiores L\u00edgia Abreu e Luciana Tavares e paisagista e designer de interiores Daniel Cruz.<\/p>\n<p><strong>Instagram: <\/strong>@estudio556<\/p>\n<p><strong>Revenda parceira: <\/strong>Solo Revestimentos<\/p>\n<p><strong>Instagram<\/strong>:@solorevestimentos<\/p>\n<p>&nbsp;<\/p>\n","protected":false},"excerpt":{"rendered":"<p>Harmonia, conforto e ergonomia \u2013 Alguns atributos buscados pelo Est\u00fadio 556 para dar forma a<\/p>\n","protected":false},"author":2,"featured_media":2180,"comment_status":"open","ping_status":"open","sticky":false,"template":"","format":"standard","meta":{"footnotes":""},"categories":[1,21,129],"tags":[62,39,29,24],"class_list":["post-2179","post","type-post","status-publish","format-standard","has-post-thumbnail","hentry","category-nina-martinelli","category-pisos","category-sustentabilidade","tag-area-de-lazer","tag-area-externa","tag-piscina","tag-piso"],"yoast_head":"<!-- This site is optimized with the Yoast SEO plugin v26.8 - https:\/\/yoast.com\/product\/yoast-seo-wordpress\/ -->\n<title>Harmonia, conforto e ergonomia com Piso Verano Fit em \u00e1rea de lazer residencial em Jundia\u00ed<\/title>\n<meta name=\"description\" content=\"Harmonia, conforto e ergonomia foram atributos buscados pelos autores deste lindo projeto em \u00e1rea externa e de lazer\" \/>\n<meta name=\"robots\" content=\"index, follow, max-snippet:-1, max-image-preview:large, max-video-preview:-1\" \/>\n<link rel=\"canonical\" href=\"https:\/\/ninamartinelli.com.br\/blog2\/harmonia-conforto-e-ergonomia-com-piso-verano-fit-em-area-de-lazer-residencial-em-jundiai\/\" \/>\n<meta property=\"og:locale\" content=\"pt_BR\" \/>\n<meta property=\"og:type\" content=\"article\" \/>\n<meta property=\"og:title\" content=\"Harmonia, conforto e ergonomia com Piso Verano Fit em \u00e1rea de lazer residencial em Jundia\u00ed\" \/>\n<meta property=\"og:description\" content=\"Harmonia, conforto e ergonomia foram atributos buscados pelos autores deste lindo projeto em \u00e1rea externa e de lazer\" \/>\n<meta property=\"og:url\" content=\"https:\/\/ninamartinelli.com.br\/blog2\/harmonia-conforto-e-ergonomia-com-piso-verano-fit-em-area-de-lazer-residencial-em-jundiai\/\" \/>\n<meta property=\"og:site_name\" content=\"Blog Nina\" \/>\n<meta property=\"article:published_time\" content=\"2023-11-14T20:50:20+00:00\" \/>\n<meta property=\"og:image\" content=\"https:\/\/ninamartinelli.com.br\/blog2\/wp-content\/uploads\/2023\/11\/estudio5569-scaled.jpg\" \/>\n\t<meta property=\"og:image:width\" content=\"1440\" \/>\n\t<meta property=\"og:image:height\" content=\"2560\" \/>\n\t<meta property=\"og:image:type\" content=\"image\/jpeg\" \/>\n<meta name=\"author\" content=\"Ana Maria Devides\" \/>\n<meta name=\"twitter:card\" content=\"summary_large_image\" \/>\n<meta name=\"twitter:label1\" content=\"Escrito por\" \/>\n\t<meta name=\"twitter:data1\" content=\"Ana Maria Devides\" \/>\n\t<meta name=\"twitter:label2\" content=\"Est. tempo de leitura\" \/>\n\t<meta name=\"twitter:data2\" content=\"3 minutos\" \/>\n<script type=\"application\/ld+json\" class=\"yoast-schema-graph\">{\"@context\":\"https:\/\/schema.org\",\"@graph\":[{\"@type\":\"Article\",\"@id\":\"https:\/\/ninamartinelli.com.br\/blog2\/harmonia-conforto-e-ergonomia-com-piso-verano-fit-em-area-de-lazer-residencial-em-jundiai\/#article\",\"isPartOf\":{\"@id\":\"https:\/\/ninamartinelli.com.br\/blog2\/harmonia-conforto-e-ergonomia-com-piso-verano-fit-em-area-de-lazer-residencial-em-jundiai\/\"},\"author\":{\"name\":\"Ana Maria Devides\",\"@id\":\"https:\/\/ninamartinelli.com.br\/blog2\/#\/schema\/person\/43fbfb1d4cbe3b472995206b2bb06df5\"},\"headline\":\"Harmonia, conforto e ergonomia com Piso Verano Fit em \u00e1rea de lazer residencial em Jundia\u00ed\",\"datePublished\":\"2023-11-14T20:50:20+00:00\",\"mainEntityOfPage\":{\"@id\":\"https:\/\/ninamartinelli.com.br\/blog2\/harmonia-conforto-e-ergonomia-com-piso-verano-fit-em-area-de-lazer-residencial-em-jundiai\/\"},\"wordCount\":392,\"commentCount\":0,\"publisher\":{\"@id\":\"https:\/\/ninamartinelli.com.br\/blog2\/#organization\"},\"image\":{\"@id\":\"https:\/\/ninamartinelli.com.br\/blog2\/harmonia-conforto-e-ergonomia-com-piso-verano-fit-em-area-de-lazer-residencial-em-jundiai\/#primaryimage\"},\"thumbnailUrl\":\"https:\/\/ninamartinelli.com.br\/blog2\/wp-content\/uploads\/2023\/11\/estudio5569-scaled.jpg\",\"keywords\":[\"area de lazer\",\"area externa\",\"piscina\",\"piso\"],\"articleSection\":[\"Nina Martinelli\",\"Pisos\",\"Sustentabilidade\"],\"inLanguage\":\"pt-BR\",\"potentialAction\":[{\"@type\":\"CommentAction\",\"name\":\"Comment\",\"target\":[\"https:\/\/ninamartinelli.com.br\/blog2\/harmonia-conforto-e-ergonomia-com-piso-verano-fit-em-area-de-lazer-residencial-em-jundiai\/#respond\"]}]},{\"@type\":\"WebPage\",\"@id\":\"https:\/\/ninamartinelli.com.br\/blog2\/harmonia-conforto-e-ergonomia-com-piso-verano-fit-em-area-de-lazer-residencial-em-jundiai\/\",\"url\":\"https:\/\/ninamartinelli.com.br\/blog2\/harmonia-conforto-e-ergonomia-com-piso-verano-fit-em-area-de-lazer-residencial-em-jundiai\/\",\"name\":\"Harmonia, conforto e ergonomia com Piso Verano Fit em \u00e1rea de lazer residencial em Jundia\u00ed\",\"isPartOf\":{\"@id\":\"https:\/\/ninamartinelli.com.br\/blog2\/#website\"},\"primaryImageOfPage\":{\"@id\":\"https:\/\/ninamartinelli.com.br\/blog2\/harmonia-conforto-e-ergonomia-com-piso-verano-fit-em-area-de-lazer-residencial-em-jundiai\/#primaryimage\"},\"image\":{\"@id\":\"https:\/\/ninamartinelli.com.br\/blog2\/harmonia-conforto-e-ergonomia-com-piso-verano-fit-em-area-de-lazer-residencial-em-jundiai\/#primaryimage\"},\"thumbnailUrl\":\"https:\/\/ninamartinelli.com.br\/blog2\/wp-content\/uploads\/2023\/11\/estudio5569-scaled.jpg\",\"datePublished\":\"2023-11-14T20:50:20+00:00\",\"description\":\"Harmonia, conforto e ergonomia foram atributos buscados pelos autores deste lindo projeto em \u00e1rea externa e de lazer\",\"breadcrumb\":{\"@id\":\"https:\/\/ninamartinelli.com.br\/blog2\/harmonia-conforto-e-ergonomia-com-piso-verano-fit-em-area-de-lazer-residencial-em-jundiai\/#breadcrumb\"},\"inLanguage\":\"pt-BR\",\"potentialAction\":[{\"@type\":\"ReadAction\",\"target\":[\"https:\/\/ninamartinelli.com.br\/blog2\/harmonia-conforto-e-ergonomia-com-piso-verano-fit-em-area-de-lazer-residencial-em-jundiai\/\"]}]},{\"@type\":\"ImageObject\",\"inLanguage\":\"pt-BR\",\"@id\":\"https:\/\/ninamartinelli.com.br\/blog2\/harmonia-conforto-e-ergonomia-com-piso-verano-fit-em-area-de-lazer-residencial-em-jundiai\/#primaryimage\",\"url\":\"https:\/\/ninamartinelli.com.br\/blog2\/wp-content\/uploads\/2023\/11\/estudio5569-scaled.jpg\",\"contentUrl\":\"https:\/\/ninamartinelli.com.br\/blog2\/wp-content\/uploads\/2023\/11\/estudio5569-scaled.jpg\",\"width\":1440,\"height\":2560},{\"@type\":\"BreadcrumbList\",\"@id\":\"https:\/\/ninamartinelli.com.br\/blog2\/harmonia-conforto-e-ergonomia-com-piso-verano-fit-em-area-de-lazer-residencial-em-jundiai\/#breadcrumb\",\"itemListElement\":[{\"@type\":\"ListItem\",\"position\":1,\"name\":\"In\u00edcio\",\"item\":\"https:\/\/ninamartinelli.com.br\/blog2\/\"},{\"@type\":\"ListItem\",\"position\":2,\"name\":\"Harmonia, conforto e ergonomia com Piso Verano Fit em \u00e1rea de lazer residencial em Jundia\u00ed\"}]},{\"@type\":\"WebSite\",\"@id\":\"https:\/\/ninamartinelli.com.br\/blog2\/#website\",\"url\":\"https:\/\/ninamartinelli.com.br\/blog2\/\",\"name\":\"Nina Martinelli\",\"description\":\"#Nina_Martinelli\",\"publisher\":{\"@id\":\"https:\/\/ninamartinelli.com.br\/blog2\/#organization\"},\"potentialAction\":[{\"@type\":\"SearchAction\",\"target\":{\"@type\":\"EntryPoint\",\"urlTemplate\":\"https:\/\/ninamartinelli.com.br\/blog2\/?s={search_term_string}\"},\"query-input\":{\"@type\":\"PropertyValueSpecification\",\"valueRequired\":true,\"valueName\":\"search_term_string\"}}],\"inLanguage\":\"pt-BR\"},{\"@type\":\"Organization\",\"@id\":\"https:\/\/ninamartinelli.com.br\/blog2\/#organization\",\"name\":\"Blog Novidades\",\"url\":\"https:\/\/ninamartinelli.com.br\/blog2\/\",\"logo\":{\"@type\":\"ImageObject\",\"inLanguage\":\"pt-BR\",\"@id\":\"https:\/\/ninamartinelli.com.br\/blog2\/#\/schema\/logo\/image\/\",\"url\":\"http:\/\/blog.ninamartinelli.com.br\/wp-content\/uploads\/2022\/03\/logo_nina_blog.png\",\"contentUrl\":\"http:\/\/blog.ninamartinelli.com.br\/wp-content\/uploads\/2022\/03\/logo_nina_blog.png\",\"width\":500,\"height\":104,\"caption\":\"Blog Novidades\"},\"image\":{\"@id\":\"https:\/\/ninamartinelli.com.br\/blog2\/#\/schema\/logo\/image\/\"}},{\"@type\":\"Person\",\"@id\":\"https:\/\/ninamartinelli.com.br\/blog2\/#\/schema\/person\/43fbfb1d4cbe3b472995206b2bb06df5\",\"name\":\"Ana Maria Devides\",\"image\":{\"@type\":\"ImageObject\",\"inLanguage\":\"pt-BR\",\"@id\":\"https:\/\/ninamartinelli.com.br\/blog2\/#\/schema\/person\/image\/\",\"url\":\"https:\/\/secure.gravatar.com\/avatar\/a03a82675d8bb3da8e5c5a6872db97be?s=96&d=mm&r=g\",\"contentUrl\":\"https:\/\/secure.gravatar.com\/avatar\/a03a82675d8bb3da8e5c5a6872db97be?s=96&d=mm&r=g\",\"caption\":\"Ana Maria Devides\"},\"url\":\"https:\/\/ninamartinelli.com.br\/blog2\/author\/assessoria-nina-martinelli\/\"}]}<\/script>\n<!-- \/ Yoast SEO plugin. -->","yoast_head_json":{"title":"Harmonia, conforto e ergonomia com Piso Verano Fit em \u00e1rea de lazer residencial em Jundia\u00ed","description":"Harmonia, conforto e ergonomia foram atributos buscados pelos autores deste lindo projeto em \u00e1rea externa e de lazer","robots":{"index":"index","follow":"follow","max-snippet":"max-snippet:-1","max-image-preview":"max-image-preview:large","max-video-preview":"max-video-preview:-1"},"canonical":"https:\/\/ninamartinelli.com.br\/blog2\/harmonia-conforto-e-ergonomia-com-piso-verano-fit-em-area-de-lazer-residencial-em-jundiai\/","og_locale":"pt_BR","og_type":"article","og_title":"Harmonia, conforto e ergonomia com Piso Verano Fit em \u00e1rea de lazer residencial em Jundia\u00ed","og_description":"Harmonia, conforto e ergonomia foram atributos buscados pelos autores deste lindo projeto em \u00e1rea externa e de lazer","og_url":"https:\/\/ninamartinelli.com.br\/blog2\/harmonia-conforto-e-ergonomia-com-piso-verano-fit-em-area-de-lazer-residencial-em-jundiai\/","og_site_name":"Blog Nina","article_published_time":"2023-11-14T20:50:20+00:00","og_image":[{"width":1440,"height":2560,"url":"https:\/\/ninamartinelli.com.br\/blog2\/wp-content\/uploads\/2023\/11\/estudio5569-scaled.jpg","type":"image\/jpeg"}],"author":"Ana Maria Devides","twitter_card":"summary_large_image","twitter_misc":{"Escrito por":"Ana Maria Devides","Est. tempo de leitura":"3 minutos"},"schema":{"@context":"https:\/\/schema.org","@graph":[{"@type":"Article","@id":"https:\/\/ninamartinelli.com.br\/blog2\/harmonia-conforto-e-ergonomia-com-piso-verano-fit-em-area-de-lazer-residencial-em-jundiai\/#article","isPartOf":{"@id":"https:\/\/ninamartinelli.com.br\/blog2\/harmonia-conforto-e-ergonomia-com-piso-verano-fit-em-area-de-lazer-residencial-em-jundiai\/"},"author":{"name":"Ana Maria Devides","@id":"https:\/\/ninamartinelli.com.br\/blog2\/#\/schema\/person\/43fbfb1d4cbe3b472995206b2bb06df5"},"headline":"Harmonia, conforto e ergonomia com Piso Verano Fit em \u00e1rea de lazer residencial em Jundia\u00ed","datePublished":"2023-11-14T20:50:20+00:00","mainEntityOfPage":{"@id":"https:\/\/ninamartinelli.com.br\/blog2\/harmonia-conforto-e-ergonomia-com-piso-verano-fit-em-area-de-lazer-residencial-em-jundiai\/"},"wordCount":392,"commentCount":0,"publisher":{"@id":"https:\/\/ninamartinelli.com.br\/blog2\/#organization"},"image":{"@id":"https:\/\/ninamartinelli.com.br\/blog2\/harmonia-conforto-e-ergonomia-com-piso-verano-fit-em-area-de-lazer-residencial-em-jundiai\/#primaryimage"},"thumbnailUrl":"https:\/\/ninamartinelli.com.br\/blog2\/wp-content\/uploads\/2023\/11\/estudio5569-scaled.jpg","keywords":["area de lazer","area externa","piscina","piso"],"articleSection":["Nina Martinelli","Pisos","Sustentabilidade"],"inLanguage":"pt-BR","potentialAction":[{"@type":"CommentAction","name":"Comment","target":["https:\/\/ninamartinelli.com.br\/blog2\/harmonia-conforto-e-ergonomia-com-piso-verano-fit-em-area-de-lazer-residencial-em-jundiai\/#respond"]}]},{"@type":"WebPage","@id":"https:\/\/ninamartinelli.com.br\/blog2\/harmonia-conforto-e-ergonomia-com-piso-verano-fit-em-area-de-lazer-residencial-em-jundiai\/","url":"https:\/\/ninamartinelli.com.br\/blog2\/harmonia-conforto-e-ergonomia-com-piso-verano-fit-em-area-de-lazer-residencial-em-jundiai\/","name":"Harmonia, conforto e ergonomia com Piso Verano Fit em \u00e1rea de lazer residencial em Jundia\u00ed","isPartOf":{"@id":"https:\/\/ninamartinelli.com.br\/blog2\/#website"},"primaryImageOfPage":{"@id":"https:\/\/ninamartinelli.com.br\/blog2\/harmonia-conforto-e-ergonomia-com-piso-verano-fit-em-area-de-lazer-residencial-em-jundiai\/#primaryimage"},"image":{"@id":"https:\/\/ninamartinelli.com.br\/blog2\/harmonia-conforto-e-ergonomia-com-piso-verano-fit-em-area-de-lazer-residencial-em-jundiai\/#primaryimage"},"thumbnailUrl":"https:\/\/ninamartinelli.com.br\/blog2\/wp-content\/uploads\/2023\/11\/estudio5569-scaled.jpg","datePublished":"2023-11-14T20:50:20+00:00","description":"Harmonia, conforto e ergonomia foram atributos buscados pelos autores deste lindo projeto em \u00e1rea externa e de lazer","breadcrumb":{"@id":"https:\/\/ninamartinelli.com.br\/blog2\/harmonia-conforto-e-ergonomia-com-piso-verano-fit-em-area-de-lazer-residencial-em-jundiai\/#breadcrumb"},"inLanguage":"pt-BR","potentialAction":[{"@type":"ReadAction","target":["https:\/\/ninamartinelli.com.br\/blog2\/harmonia-conforto-e-ergonomia-com-piso-verano-fit-em-area-de-lazer-residencial-em-jundiai\/"]}]},{"@type":"ImageObject","inLanguage":"pt-BR","@id":"https:\/\/ninamartinelli.com.br\/blog2\/harmonia-conforto-e-ergonomia-com-piso-verano-fit-em-area-de-lazer-residencial-em-jundiai\/#primaryimage","url":"https:\/\/ninamartinelli.com.br\/blog2\/wp-content\/uploads\/2023\/11\/estudio5569-scaled.jpg","contentUrl":"https:\/\/ninamartinelli.com.br\/blog2\/wp-content\/uploads\/2023\/11\/estudio5569-scaled.jpg","width":1440,"height":2560},{"@type":"BreadcrumbList","@id":"https:\/\/ninamartinelli.com.br\/blog2\/harmonia-conforto-e-ergonomia-com-piso-verano-fit-em-area-de-lazer-residencial-em-jundiai\/#breadcrumb","itemListElement":[{"@type":"ListItem","position":1,"name":"In\u00edcio","item":"https:\/\/ninamartinelli.com.br\/blog2\/"},{"@type":"ListItem","position":2,"name":"Harmonia, conforto e ergonomia com Piso Verano Fit em \u00e1rea de lazer residencial em Jundia\u00ed"}]},{"@type":"WebSite","@id":"https:\/\/ninamartinelli.com.br\/blog2\/#website","url":"https:\/\/ninamartinelli.com.br\/blog2\/","name":"Nina Martinelli","description":"#Nina_Martinelli","publisher":{"@id":"https:\/\/ninamartinelli.com.br\/blog2\/#organization"},"potentialAction":[{"@type":"SearchAction","target":{"@type":"EntryPoint","urlTemplate":"https:\/\/ninamartinelli.com.br\/blog2\/?s={search_term_string}"},"query-input":{"@type":"PropertyValueSpecification","valueRequired":true,"valueName":"search_term_string"}}],"inLanguage":"pt-BR"},{"@type":"Organization","@id":"https:\/\/ninamartinelli.com.br\/blog2\/#organization","name":"Blog Novidades","url":"https:\/\/ninamartinelli.com.br\/blog2\/","logo":{"@type":"ImageObject","inLanguage":"pt-BR","@id":"https:\/\/ninamartinelli.com.br\/blog2\/#\/schema\/logo\/image\/","url":"http:\/\/blog.ninamartinelli.com.br\/wp-content\/uploads\/2022\/03\/logo_nina_blog.png","contentUrl":"http:\/\/blog.ninamartinelli.com.br\/wp-content\/uploads\/2022\/03\/logo_nina_blog.png","width":500,"height":104,"caption":"Blog Novidades"},"image":{"@id":"https:\/\/ninamartinelli.com.br\/blog2\/#\/schema\/logo\/image\/"}},{"@type":"Person","@id":"https:\/\/ninamartinelli.com.br\/blog2\/#\/schema\/person\/43fbfb1d4cbe3b472995206b2bb06df5","name":"Ana Maria Devides","image":{"@type":"ImageObject","inLanguage":"pt-BR","@id":"https:\/\/ninamartinelli.com.br\/blog2\/#\/schema\/person\/image\/","url":"https:\/\/secure.gravatar.com\/avatar\/a03a82675d8bb3da8e5c5a6872db97be?s=96&d=mm&r=g","contentUrl":"https:\/\/secure.gravatar.com\/avatar\/a03a82675d8bb3da8e5c5a6872db97be?s=96&d=mm&r=g","caption":"Ana Maria Devides"},"url":"https:\/\/ninamartinelli.com.br\/blog2\/author\/assessoria-nina-martinelli\/"}]}},"_links":{"self":[{"href":"https:\/\/ninamartinelli.com.br\/blog2\/wp-json\/wp\/v2\/posts\/2179","targetHints":{"allow":["GET"]}}],"collection":[{"href":"https:\/\/ninamartinelli.com.br\/blog2\/wp-json\/wp\/v2\/posts"}],"about":[{"href":"https:\/\/ninamartinelli.com.br\/blog2\/wp-json\/wp\/v2\/types\/post"}],"author":[{"embeddable":true,"href":"https:\/\/ninamartinelli.com.br\/blog2\/wp-json\/wp\/v2\/users\/2"}],"replies":[{"embeddable":true,"href":"https:\/\/ninamartinelli.com.br\/blog2\/wp-json\/wp\/v2\/comments?post=2179"}],"version-history":[{"count":1,"href":"https:\/\/ninamartinelli.com.br\/blog2\/wp-json\/wp\/v2\/posts\/2179\/revisions"}],"predecessor-version":[{"id":2182,"href":"https:\/\/ninamartinelli.com.br\/blog2\/wp-json\/wp\/v2\/posts\/2179\/revisions\/2182"}],"wp:featuredmedia":[{"embeddable":true,"href":"https:\/\/ninamartinelli.com.br\/blog2\/wp-json\/wp\/v2\/media\/2180"}],"wp:attachment":[{"href":"https:\/\/ninamartinelli.com.br\/blog2\/wp-json\/wp\/v2\/media?parent=2179"}],"wp:term":[{"taxonomy":"category","embeddable":true,"href":"https:\/\/ninamartinelli.com.br\/blog2\/wp-json\/wp\/v2\/categories?post=2179"},{"taxonomy":"post_tag","embeddable":true,"href":"https:\/\/ninamartinelli.com.br\/blog2\/wp-json\/wp\/v2\/tags?post=2179"}],"curies":[{"name":"wp","href":"https:\/\/api.w.org\/{rel}","templated":true}]}}