{"id":2169,"date":"2023-11-08T10:56:43","date_gmt":"2023-11-08T13:56:43","guid":{"rendered":"https:\/\/ninamartinelli.com.br\/blog2\/?p=2169"},"modified":"2023-11-09T10:49:42","modified_gmt":"2023-11-09T13:49:42","slug":"fachada-com-efeito-elegancia-e-impacto-com-revestimento-esagonale","status":"publish","type":"post","link":"https:\/\/ninamartinelli.com.br\/blog2\/fachada-com-efeito-elegancia-e-impacto-com-revestimento-esagonale\/","title":{"rendered":"Fachada com efeito, eleg\u00e2ncia e impacto com revestimento Esagonale"},"content":{"rendered":"<p>Fachada com efeito, eleg\u00e2ncia e impacto, esse era o desejo dos clientes da arquiteta Carolina Vitti, do escrit\u00f3rio <a href=\"https:\/\/www.instagram.com\/sorellearquitetura\/\">Sorelle Arquitetura<\/a>, para uma linda casa num condom\u00ednio em Piracicaba, uma das mais importantes cidades paulistas.<\/p>\n<p>Num terreno com 420 m<sup>2<\/sup>, a constru\u00e7\u00e3o tem 290 m<sup>2, <\/sup>e \u00e9 a realiza\u00e7\u00e3o do sonho de um casal com dois filhos. \u201cS\u00e3o jovens empres\u00e1rios que gostam de curtir a fam\u00edlia e queriam uma casa moderna, com privacidade\u201d, explica a profissional.<\/p>\n<p><img loading=\"lazy\" decoding=\"async\" class=\" wp-image-2176 alignleft\" src=\"https:\/\/ninamartinelli.com.br\/blog2\/wp-content\/uploads\/2023\/11\/sorelle-4-225x300.jpeg\" alt=\"\" width=\"288\" height=\"384\" srcset=\"https:\/\/ninamartinelli.com.br\/blog2\/wp-content\/uploads\/2023\/11\/sorelle-4-225x300.jpeg 225w, https:\/\/ninamartinelli.com.br\/blog2\/wp-content\/uploads\/2023\/11\/sorelle-4-768x1024.jpeg 768w, https:\/\/ninamartinelli.com.br\/blog2\/wp-content\/uploads\/2023\/11\/sorelle-4-1152x1536.jpeg 1152w, https:\/\/ninamartinelli.com.br\/blog2\/wp-content\/uploads\/2023\/11\/sorelle-4-1024x1365.jpeg 1024w, https:\/\/ninamartinelli.com.br\/blog2\/wp-content\/uploads\/2023\/11\/sorelle-4.jpeg 1200w\" sizes=\"auto, (max-width: 288px) 100vw, 288px\" \/><\/p>\n<p>Carolina afirma que o escrit\u00f3rio priorizou, no projeto, o estilo de vida dos clientes. \u201cPensamos no dia a dia da fam\u00edlia, na praticidade e no conv\u00edvio. Por isso criamos espa\u00e7os integrados\u201d, detalha ela.<\/p>\n<p>Para dar personalidade e destaque externo \u00e0 resid\u00eancia, Carolina especificou, para revestir toda a fachada da casa, o <a href=\"https:\/\/ninamartinelli.com.br\/#!\/pt\/produtos\/0064-revestimento-esagonale\">revestimento Esagonale<\/a>, da Nina Martinelli.<\/p>\n<p>Medindo 26x26cm, o Esagonale tem forma geom\u00e9trica hexagonal e relevos que produzem uma bela composi\u00e7\u00e3o, conferindo \u00e0s superf\u00edcies um toque de design e sofistica\u00e7\u00e3o. Ele \u00e9 fabricado em corpo \u00fanico, ou seja, sem emendas, o que garante um acabamento refinado. \u00c9 disponibilizado nas cores Bianco, Concreto, Beige e Grigio \u2013 e esta \u00faltima foi a escolhida por Carolina.<\/p>\n<p>O resultado agradou em cheio. \u201cBusc\u00e1vamos por um revestimento de efeito, que trouxesse eleg\u00e2ncia e impacto para a fachada e ele foi perfeito\u201d, conclui a arquiteta. O produto foi adquirido na revenda parceira <a href=\"https:\/\/www.instagram.com\/villabelaacabamentos\/\">Villa Bela Acabamentos.<\/a><\/p>\n<p><strong>\u00a0<\/strong><\/p>\n<p><strong>Servi\u00e7o<\/strong><\/p>\n<p><strong>Fachada com efeito, eleg\u00e2ncia e impacto<\/strong><\/p>\n<p><strong>Resid\u00eancia em Piracicaba\/SP<\/strong><\/p>\n<p><strong>Produto: <\/strong>Revestimento Esagonale 26x26cm \u2013 tom: Grigio<\/p>\n<p><strong>Projeto: <\/strong>Carolina Vitti \u2013 Sorelle Arquitetura &amp; Interiores<\/p>\n<p><strong>Instagram: <\/strong>@sorellearquitetura<\/p>\n<p><strong>Telefone: <\/strong>19 97403-4123<\/p>\n<p><strong>Revenda parceira: <\/strong>Villa Bela Acabamentos \u2013 Piracicaba\/SP<\/p>\n<p><strong>Instagram: <\/strong>@villabelaacabamentos<\/p>\n","protected":false},"excerpt":{"rendered":"<p>Fachada com efeito, eleg\u00e2ncia e impacto, esse era o desejo dos clientes da arquiteta Carolina<\/p>\n","protected":false},"author":2,"featured_media":2171,"comment_status":"open","ping_status":"open","sticky":false,"template":"","format":"standard","meta":{"footnotes":""},"categories":[26],"tags":[39,69,66,37,67],"class_list":["post-2169","post","type-post","status-publish","format-standard","has-post-thumbnail","hentry","category-revestimentos","tag-area-externa","tag-condominio","tag-fachada","tag-parede","tag-revestimento-3d"],"yoast_head":"<!-- This site is optimized with the Yoast SEO plugin v26.8 - https:\/\/yoast.com\/product\/yoast-seo-wordpress\/ -->\n<title>Fachada com efeito, eleg\u00e2ncia e impacto com revestimento Esagonale<\/title>\n<meta name=\"description\" content=\"Fachada com efeito, eleg\u00e2ncia e impacto, resultado que nosso revestimento Esagonale agregou a um lindo projeto residencial em Piracicaba\/SP\" \/>\n<meta name=\"robots\" content=\"index, follow, max-snippet:-1, max-image-preview:large, max-video-preview:-1\" \/>\n<link rel=\"canonical\" href=\"https:\/\/ninamartinelli.com.br\/blog2\/fachada-com-efeito-elegancia-e-impacto-com-revestimento-esagonale\/\" \/>\n<meta property=\"og:locale\" content=\"pt_BR\" \/>\n<meta property=\"og:type\" content=\"article\" \/>\n<meta property=\"og:title\" content=\"Fachada com efeito, eleg\u00e2ncia e impacto com revestimento Esagonale\" \/>\n<meta property=\"og:description\" content=\"Fachada com efeito, eleg\u00e2ncia e impacto, resultado que nosso revestimento Esagonale agregou a um lindo projeto residencial em Piracicaba\/SP\" \/>\n<meta property=\"og:url\" content=\"https:\/\/ninamartinelli.com.br\/blog2\/fachada-com-efeito-elegancia-e-impacto-com-revestimento-esagonale\/\" \/>\n<meta property=\"og:site_name\" content=\"Blog Nina\" \/>\n<meta property=\"article:published_time\" content=\"2023-11-08T13:56:43+00:00\" \/>\n<meta property=\"article:modified_time\" content=\"2023-11-09T13:49:42+00:00\" \/>\n<meta property=\"og:image\" content=\"https:\/\/ninamartinelli.com.br\/blog2\/wp-content\/uploads\/2023\/11\/sorelle-2.jpeg\" \/>\n\t<meta property=\"og:image:width\" content=\"1200\" \/>\n\t<meta property=\"og:image:height\" content=\"1098\" \/>\n\t<meta property=\"og:image:type\" content=\"image\/jpeg\" \/>\n<meta name=\"author\" content=\"Ana Maria Devides\" \/>\n<meta name=\"twitter:card\" content=\"summary_large_image\" \/>\n<meta name=\"twitter:label1\" content=\"Escrito por\" \/>\n\t<meta name=\"twitter:data1\" content=\"Ana Maria Devides\" \/>\n\t<meta name=\"twitter:label2\" content=\"Est. tempo de leitura\" \/>\n\t<meta name=\"twitter:data2\" content=\"2 minutos\" \/>\n<script type=\"application\/ld+json\" class=\"yoast-schema-graph\">{\"@context\":\"https:\/\/schema.org\",\"@graph\":[{\"@type\":\"Article\",\"@id\":\"https:\/\/ninamartinelli.com.br\/blog2\/fachada-com-efeito-elegancia-e-impacto-com-revestimento-esagonale\/#article\",\"isPartOf\":{\"@id\":\"https:\/\/ninamartinelli.com.br\/blog2\/fachada-com-efeito-elegancia-e-impacto-com-revestimento-esagonale\/\"},\"author\":{\"name\":\"Ana Maria Devides\",\"@id\":\"https:\/\/ninamartinelli.com.br\/blog2\/#\/schema\/person\/43fbfb1d4cbe3b472995206b2bb06df5\"},\"headline\":\"Fachada com efeito, eleg\u00e2ncia e impacto com revestimento Esagonale\",\"datePublished\":\"2023-11-08T13:56:43+00:00\",\"dateModified\":\"2023-11-09T13:49:42+00:00\",\"mainEntityOfPage\":{\"@id\":\"https:\/\/ninamartinelli.com.br\/blog2\/fachada-com-efeito-elegancia-e-impacto-com-revestimento-esagonale\/\"},\"wordCount\":289,\"commentCount\":0,\"publisher\":{\"@id\":\"https:\/\/ninamartinelli.com.br\/blog2\/#organization\"},\"image\":{\"@id\":\"https:\/\/ninamartinelli.com.br\/blog2\/fachada-com-efeito-elegancia-e-impacto-com-revestimento-esagonale\/#primaryimage\"},\"thumbnailUrl\":\"https:\/\/ninamartinelli.com.br\/blog2\/wp-content\/uploads\/2023\/11\/sorelle-2.jpeg\",\"keywords\":[\"area externa\",\"condominio\",\"fachada\",\"parede\",\"revestimento 3D\"],\"articleSection\":[\"Revestimentos\"],\"inLanguage\":\"pt-BR\",\"potentialAction\":[{\"@type\":\"CommentAction\",\"name\":\"Comment\",\"target\":[\"https:\/\/ninamartinelli.com.br\/blog2\/fachada-com-efeito-elegancia-e-impacto-com-revestimento-esagonale\/#respond\"]}]},{\"@type\":\"WebPage\",\"@id\":\"https:\/\/ninamartinelli.com.br\/blog2\/fachada-com-efeito-elegancia-e-impacto-com-revestimento-esagonale\/\",\"url\":\"https:\/\/ninamartinelli.com.br\/blog2\/fachada-com-efeito-elegancia-e-impacto-com-revestimento-esagonale\/\",\"name\":\"Fachada com efeito, eleg\u00e2ncia e impacto com revestimento Esagonale\",\"isPartOf\":{\"@id\":\"https:\/\/ninamartinelli.com.br\/blog2\/#website\"},\"primaryImageOfPage\":{\"@id\":\"https:\/\/ninamartinelli.com.br\/blog2\/fachada-com-efeito-elegancia-e-impacto-com-revestimento-esagonale\/#primaryimage\"},\"image\":{\"@id\":\"https:\/\/ninamartinelli.com.br\/blog2\/fachada-com-efeito-elegancia-e-impacto-com-revestimento-esagonale\/#primaryimage\"},\"thumbnailUrl\":\"https:\/\/ninamartinelli.com.br\/blog2\/wp-content\/uploads\/2023\/11\/sorelle-2.jpeg\",\"datePublished\":\"2023-11-08T13:56:43+00:00\",\"dateModified\":\"2023-11-09T13:49:42+00:00\",\"description\":\"Fachada com efeito, eleg\u00e2ncia e impacto, resultado que nosso revestimento Esagonale agregou a um lindo projeto residencial em Piracicaba\/SP\",\"breadcrumb\":{\"@id\":\"https:\/\/ninamartinelli.com.br\/blog2\/fachada-com-efeito-elegancia-e-impacto-com-revestimento-esagonale\/#breadcrumb\"},\"inLanguage\":\"pt-BR\",\"potentialAction\":[{\"@type\":\"ReadAction\",\"target\":[\"https:\/\/ninamartinelli.com.br\/blog2\/fachada-com-efeito-elegancia-e-impacto-com-revestimento-esagonale\/\"]}]},{\"@type\":\"ImageObject\",\"inLanguage\":\"pt-BR\",\"@id\":\"https:\/\/ninamartinelli.com.br\/blog2\/fachada-com-efeito-elegancia-e-impacto-com-revestimento-esagonale\/#primaryimage\",\"url\":\"https:\/\/ninamartinelli.com.br\/blog2\/wp-content\/uploads\/2023\/11\/sorelle-2.jpeg\",\"contentUrl\":\"https:\/\/ninamartinelli.com.br\/blog2\/wp-content\/uploads\/2023\/11\/sorelle-2.jpeg\",\"width\":1200,\"height\":1098},{\"@type\":\"BreadcrumbList\",\"@id\":\"https:\/\/ninamartinelli.com.br\/blog2\/fachada-com-efeito-elegancia-e-impacto-com-revestimento-esagonale\/#breadcrumb\",\"itemListElement\":[{\"@type\":\"ListItem\",\"position\":1,\"name\":\"In\u00edcio\",\"item\":\"https:\/\/ninamartinelli.com.br\/blog2\/\"},{\"@type\":\"ListItem\",\"position\":2,\"name\":\"Fachada com efeito, eleg\u00e2ncia e impacto com revestimento Esagonale\"}]},{\"@type\":\"WebSite\",\"@id\":\"https:\/\/ninamartinelli.com.br\/blog2\/#website\",\"url\":\"https:\/\/ninamartinelli.com.br\/blog2\/\",\"name\":\"Nina Martinelli\",\"description\":\"#Nina_Martinelli\",\"publisher\":{\"@id\":\"https:\/\/ninamartinelli.com.br\/blog2\/#organization\"},\"potentialAction\":[{\"@type\":\"SearchAction\",\"target\":{\"@type\":\"EntryPoint\",\"urlTemplate\":\"https:\/\/ninamartinelli.com.br\/blog2\/?s={search_term_string}\"},\"query-input\":{\"@type\":\"PropertyValueSpecification\",\"valueRequired\":true,\"valueName\":\"search_term_string\"}}],\"inLanguage\":\"pt-BR\"},{\"@type\":\"Organization\",\"@id\":\"https:\/\/ninamartinelli.com.br\/blog2\/#organization\",\"name\":\"Blog Novidades\",\"url\":\"https:\/\/ninamartinelli.com.br\/blog2\/\",\"logo\":{\"@type\":\"ImageObject\",\"inLanguage\":\"pt-BR\",\"@id\":\"https:\/\/ninamartinelli.com.br\/blog2\/#\/schema\/logo\/image\/\",\"url\":\"http:\/\/blog.ninamartinelli.com.br\/wp-content\/uploads\/2022\/03\/logo_nina_blog.png\",\"contentUrl\":\"http:\/\/blog.ninamartinelli.com.br\/wp-content\/uploads\/2022\/03\/logo_nina_blog.png\",\"width\":500,\"height\":104,\"caption\":\"Blog Novidades\"},\"image\":{\"@id\":\"https:\/\/ninamartinelli.com.br\/blog2\/#\/schema\/logo\/image\/\"}},{\"@type\":\"Person\",\"@id\":\"https:\/\/ninamartinelli.com.br\/blog2\/#\/schema\/person\/43fbfb1d4cbe3b472995206b2bb06df5\",\"name\":\"Ana Maria Devides\",\"image\":{\"@type\":\"ImageObject\",\"inLanguage\":\"pt-BR\",\"@id\":\"https:\/\/ninamartinelli.com.br\/blog2\/#\/schema\/person\/image\/\",\"url\":\"https:\/\/secure.gravatar.com\/avatar\/a03a82675d8bb3da8e5c5a6872db97be?s=96&d=mm&r=g\",\"contentUrl\":\"https:\/\/secure.gravatar.com\/avatar\/a03a82675d8bb3da8e5c5a6872db97be?s=96&d=mm&r=g\",\"caption\":\"Ana Maria Devides\"},\"url\":\"https:\/\/ninamartinelli.com.br\/blog2\/author\/assessoria-nina-martinelli\/\"}]}<\/script>\n<!-- \/ Yoast SEO plugin. -->","yoast_head_json":{"title":"Fachada com efeito, eleg\u00e2ncia e impacto com revestimento Esagonale","description":"Fachada com efeito, eleg\u00e2ncia e impacto, resultado que nosso revestimento Esagonale agregou a um lindo projeto residencial em Piracicaba\/SP","robots":{"index":"index","follow":"follow","max-snippet":"max-snippet:-1","max-image-preview":"max-image-preview:large","max-video-preview":"max-video-preview:-1"},"canonical":"https:\/\/ninamartinelli.com.br\/blog2\/fachada-com-efeito-elegancia-e-impacto-com-revestimento-esagonale\/","og_locale":"pt_BR","og_type":"article","og_title":"Fachada com efeito, eleg\u00e2ncia e impacto com revestimento Esagonale","og_description":"Fachada com efeito, eleg\u00e2ncia e impacto, resultado que nosso revestimento Esagonale agregou a um lindo projeto residencial em Piracicaba\/SP","og_url":"https:\/\/ninamartinelli.com.br\/blog2\/fachada-com-efeito-elegancia-e-impacto-com-revestimento-esagonale\/","og_site_name":"Blog Nina","article_published_time":"2023-11-08T13:56:43+00:00","article_modified_time":"2023-11-09T13:49:42+00:00","og_image":[{"width":1200,"height":1098,"url":"https:\/\/ninamartinelli.com.br\/blog2\/wp-content\/uploads\/2023\/11\/sorelle-2.jpeg","type":"image\/jpeg"}],"author":"Ana Maria Devides","twitter_card":"summary_large_image","twitter_misc":{"Escrito por":"Ana Maria Devides","Est. tempo de leitura":"2 minutos"},"schema":{"@context":"https:\/\/schema.org","@graph":[{"@type":"Article","@id":"https:\/\/ninamartinelli.com.br\/blog2\/fachada-com-efeito-elegancia-e-impacto-com-revestimento-esagonale\/#article","isPartOf":{"@id":"https:\/\/ninamartinelli.com.br\/blog2\/fachada-com-efeito-elegancia-e-impacto-com-revestimento-esagonale\/"},"author":{"name":"Ana Maria Devides","@id":"https:\/\/ninamartinelli.com.br\/blog2\/#\/schema\/person\/43fbfb1d4cbe3b472995206b2bb06df5"},"headline":"Fachada com efeito, eleg\u00e2ncia e impacto com revestimento Esagonale","datePublished":"2023-11-08T13:56:43+00:00","dateModified":"2023-11-09T13:49:42+00:00","mainEntityOfPage":{"@id":"https:\/\/ninamartinelli.com.br\/blog2\/fachada-com-efeito-elegancia-e-impacto-com-revestimento-esagonale\/"},"wordCount":289,"commentCount":0,"publisher":{"@id":"https:\/\/ninamartinelli.com.br\/blog2\/#organization"},"image":{"@id":"https:\/\/ninamartinelli.com.br\/blog2\/fachada-com-efeito-elegancia-e-impacto-com-revestimento-esagonale\/#primaryimage"},"thumbnailUrl":"https:\/\/ninamartinelli.com.br\/blog2\/wp-content\/uploads\/2023\/11\/sorelle-2.jpeg","keywords":["area externa","condominio","fachada","parede","revestimento 3D"],"articleSection":["Revestimentos"],"inLanguage":"pt-BR","potentialAction":[{"@type":"CommentAction","name":"Comment","target":["https:\/\/ninamartinelli.com.br\/blog2\/fachada-com-efeito-elegancia-e-impacto-com-revestimento-esagonale\/#respond"]}]},{"@type":"WebPage","@id":"https:\/\/ninamartinelli.com.br\/blog2\/fachada-com-efeito-elegancia-e-impacto-com-revestimento-esagonale\/","url":"https:\/\/ninamartinelli.com.br\/blog2\/fachada-com-efeito-elegancia-e-impacto-com-revestimento-esagonale\/","name":"Fachada com efeito, eleg\u00e2ncia e impacto com revestimento Esagonale","isPartOf":{"@id":"https:\/\/ninamartinelli.com.br\/blog2\/#website"},"primaryImageOfPage":{"@id":"https:\/\/ninamartinelli.com.br\/blog2\/fachada-com-efeito-elegancia-e-impacto-com-revestimento-esagonale\/#primaryimage"},"image":{"@id":"https:\/\/ninamartinelli.com.br\/blog2\/fachada-com-efeito-elegancia-e-impacto-com-revestimento-esagonale\/#primaryimage"},"thumbnailUrl":"https:\/\/ninamartinelli.com.br\/blog2\/wp-content\/uploads\/2023\/11\/sorelle-2.jpeg","datePublished":"2023-11-08T13:56:43+00:00","dateModified":"2023-11-09T13:49:42+00:00","description":"Fachada com efeito, eleg\u00e2ncia e impacto, resultado que nosso revestimento Esagonale agregou a um lindo projeto residencial em Piracicaba\/SP","breadcrumb":{"@id":"https:\/\/ninamartinelli.com.br\/blog2\/fachada-com-efeito-elegancia-e-impacto-com-revestimento-esagonale\/#breadcrumb"},"inLanguage":"pt-BR","potentialAction":[{"@type":"ReadAction","target":["https:\/\/ninamartinelli.com.br\/blog2\/fachada-com-efeito-elegancia-e-impacto-com-revestimento-esagonale\/"]}]},{"@type":"ImageObject","inLanguage":"pt-BR","@id":"https:\/\/ninamartinelli.com.br\/blog2\/fachada-com-efeito-elegancia-e-impacto-com-revestimento-esagonale\/#primaryimage","url":"https:\/\/ninamartinelli.com.br\/blog2\/wp-content\/uploads\/2023\/11\/sorelle-2.jpeg","contentUrl":"https:\/\/ninamartinelli.com.br\/blog2\/wp-content\/uploads\/2023\/11\/sorelle-2.jpeg","width":1200,"height":1098},{"@type":"BreadcrumbList","@id":"https:\/\/ninamartinelli.com.br\/blog2\/fachada-com-efeito-elegancia-e-impacto-com-revestimento-esagonale\/#breadcrumb","itemListElement":[{"@type":"ListItem","position":1,"name":"In\u00edcio","item":"https:\/\/ninamartinelli.com.br\/blog2\/"},{"@type":"ListItem","position":2,"name":"Fachada com efeito, eleg\u00e2ncia e impacto com revestimento Esagonale"}]},{"@type":"WebSite","@id":"https:\/\/ninamartinelli.com.br\/blog2\/#website","url":"https:\/\/ninamartinelli.com.br\/blog2\/","name":"Nina Martinelli","description":"#Nina_Martinelli","publisher":{"@id":"https:\/\/ninamartinelli.com.br\/blog2\/#organization"},"potentialAction":[{"@type":"SearchAction","target":{"@type":"EntryPoint","urlTemplate":"https:\/\/ninamartinelli.com.br\/blog2\/?s={search_term_string}"},"query-input":{"@type":"PropertyValueSpecification","valueRequired":true,"valueName":"search_term_string"}}],"inLanguage":"pt-BR"},{"@type":"Organization","@id":"https:\/\/ninamartinelli.com.br\/blog2\/#organization","name":"Blog Novidades","url":"https:\/\/ninamartinelli.com.br\/blog2\/","logo":{"@type":"ImageObject","inLanguage":"pt-BR","@id":"https:\/\/ninamartinelli.com.br\/blog2\/#\/schema\/logo\/image\/","url":"http:\/\/blog.ninamartinelli.com.br\/wp-content\/uploads\/2022\/03\/logo_nina_blog.png","contentUrl":"http:\/\/blog.ninamartinelli.com.br\/wp-content\/uploads\/2022\/03\/logo_nina_blog.png","width":500,"height":104,"caption":"Blog Novidades"},"image":{"@id":"https:\/\/ninamartinelli.com.br\/blog2\/#\/schema\/logo\/image\/"}},{"@type":"Person","@id":"https:\/\/ninamartinelli.com.br\/blog2\/#\/schema\/person\/43fbfb1d4cbe3b472995206b2bb06df5","name":"Ana Maria Devides","image":{"@type":"ImageObject","inLanguage":"pt-BR","@id":"https:\/\/ninamartinelli.com.br\/blog2\/#\/schema\/person\/image\/","url":"https:\/\/secure.gravatar.com\/avatar\/a03a82675d8bb3da8e5c5a6872db97be?s=96&d=mm&r=g","contentUrl":"https:\/\/secure.gravatar.com\/avatar\/a03a82675d8bb3da8e5c5a6872db97be?s=96&d=mm&r=g","caption":"Ana Maria Devides"},"url":"https:\/\/ninamartinelli.com.br\/blog2\/author\/assessoria-nina-martinelli\/"}]}},"_links":{"self":[{"href":"https:\/\/ninamartinelli.com.br\/blog2\/wp-json\/wp\/v2\/posts\/2169","targetHints":{"allow":["GET"]}}],"collection":[{"href":"https:\/\/ninamartinelli.com.br\/blog2\/wp-json\/wp\/v2\/posts"}],"about":[{"href":"https:\/\/ninamartinelli.com.br\/blog2\/wp-json\/wp\/v2\/types\/post"}],"author":[{"embeddable":true,"href":"https:\/\/ninamartinelli.com.br\/blog2\/wp-json\/wp\/v2\/users\/2"}],"replies":[{"embeddable":true,"href":"https:\/\/ninamartinelli.com.br\/blog2\/wp-json\/wp\/v2\/comments?post=2169"}],"version-history":[{"count":3,"href":"https:\/\/ninamartinelli.com.br\/blog2\/wp-json\/wp\/v2\/posts\/2169\/revisions"}],"predecessor-version":[{"id":2178,"href":"https:\/\/ninamartinelli.com.br\/blog2\/wp-json\/wp\/v2\/posts\/2169\/revisions\/2178"}],"wp:featuredmedia":[{"embeddable":true,"href":"https:\/\/ninamartinelli.com.br\/blog2\/wp-json\/wp\/v2\/media\/2171"}],"wp:attachment":[{"href":"https:\/\/ninamartinelli.com.br\/blog2\/wp-json\/wp\/v2\/media?parent=2169"}],"wp:term":[{"taxonomy":"category","embeddable":true,"href":"https:\/\/ninamartinelli.com.br\/blog2\/wp-json\/wp\/v2\/categories?post=2169"},{"taxonomy":"post_tag","embeddable":true,"href":"https:\/\/ninamartinelli.com.br\/blog2\/wp-json\/wp\/v2\/tags?post=2169"}],"curies":[{"name":"wp","href":"https:\/\/api.w.org\/{rel}","templated":true}]}}