{"id":2159,"date":"2023-10-25T09:13:21","date_gmt":"2023-10-25T12:13:21","guid":{"rendered":"https:\/\/ninamartinelli.com.br\/blog2\/?p=2159"},"modified":"2023-10-25T09:13:21","modified_gmt":"2023-10-25T12:13:21","slug":"refugio-de-afeto-harmonia-e-praticidade-com-brick-allineato-deserto","status":"publish","type":"post","link":"https:\/\/ninamartinelli.com.br\/blog2\/refugio-de-afeto-harmonia-e-praticidade-com-brick-allineato-deserto\/","title":{"rendered":"Ref\u00fagio de afeto, harmonia e praticidade, com Brick Allineato Deserto"},"content":{"rendered":"<p>Ref\u00fagio de afeto, harmonia e praticidade, uma descri\u00e7\u00e3o que pode muito bem resumir mais do que o resultado est\u00e9tico, o sentimento que permeia o \u2018Apartamento Garden 07\u2019, reformado pela arquiteta <a href=\"https:\/\/www.instagram.com\/amandapisolate.arquitetura\/\">Amanda Pisolate<\/a>, em Bauru, uma das mais importantes cidades do interior paulista.<\/p>\n<p>A pedido de um casal jovem, que desejava personalizar o apartamento a partir da base simples entregue pela construtora, Amanda, que \u00e9 na verdade psicoarquiteta, e por isso leva em conta aspectos sensoriais, comportamentais e emocionais dos clientes para desenvolver seus projetos, aplicou aos ambientes tamb\u00e9m os conceitos da biofilia, que se baseiam na conex\u00e3o das pessoas com a natureza para potencializar o bem-estar no uso dos espa\u00e7os.<\/p>\n<p><em>\u201cOs clientes trabalham fora, e tamb\u00e9m viajam bastante a trabalho e por lazer e, quando est\u00e3o em casa, gostam de receber, cozinhar, ler, degustar bons vinhos, assistir filmes e s\u00e9ries e jogar videogame. Eles pediram um lar aconchegante, com texturas, cores, natureza, rusticidade, simplicidade e praticidade\u201d<\/em>, descreve a profissional.<\/p>\n<p>Com esses elementos Amanda utilizou como guia conceitual o design afetivo e o estilo Boho, inclusive misturando materiais e aproveitando pe\u00e7as que j\u00e1 faziam parte da hist\u00f3ria e da identidade do casal. <em>\u201cNo nosso escrit\u00f3rio sempre levamos em considera\u00e7\u00e3o as pessoas que v\u00e3o habitar os espa\u00e7os projetados\u201d,<\/em> assegura ela.<\/p>\n<p>Na parede da sala onde foi fixada a TV, Amanda e os clientes n\u00e3o queriam um painel convencional. Ao inv\u00e9s disso, a arquiteta especificou para revestir essa superf\u00edcie o <a href=\"https:\/\/ninamartinelli.com.br\/#!\/pt\/produtos\/48-brick-allineato-deserto\">Brick Allineato Deserto<\/a>, da Nina Martinelli.<\/p>\n<p>\u00c9 uma varia\u00e7\u00e3o mais recente, contempor\u00e2nea e impactante dos \u2018tijolinhos\u2019 consagrados pela Nina em diferentes vers\u00f5es. Medindo 7&#215;26 cm, com uma composi\u00e7\u00e3o que lhe d\u00e1 uma textura singular, e tonalidades com nuances que variam delicadamente dentro de um espectro de um cinza quente, salpicado por part\u00edculas em tons claros e escuros, ele \u00e9 exclusivo para paredes e, neste projeto, foi assentado em pagina\u00e7\u00e3o de amarra\u00e7\u00e3o 50% com junta seca.<\/p>\n<p>Segundo Amanda, o brick dialoga perfeitamente com outros elementos como madeira, palhinha e linho, tudo suavemente destacado por um projeto luminot\u00e9cnico cuidadoso.<\/p>\n<p><img loading=\"lazy\" decoding=\"async\" class=\" wp-image-2162 alignleft\" src=\"https:\/\/ninamartinelli.com.br\/blog2\/wp-content\/uploads\/2023\/10\/brick-allineato-deserto-1-225x300.jpg\" alt=\"\" width=\"284\" height=\"379\" srcset=\"https:\/\/ninamartinelli.com.br\/blog2\/wp-content\/uploads\/2023\/10\/brick-allineato-deserto-1-225x300.jpg 225w, https:\/\/ninamartinelli.com.br\/blog2\/wp-content\/uploads\/2023\/10\/brick-allineato-deserto-1-768x1024.jpg 768w, https:\/\/ninamartinelli.com.br\/blog2\/wp-content\/uploads\/2023\/10\/brick-allineato-deserto-1-1152x1536.jpg 1152w, https:\/\/ninamartinelli.com.br\/blog2\/wp-content\/uploads\/2023\/10\/brick-allineato-deserto-1-1536x2048.jpg 1536w, https:\/\/ninamartinelli.com.br\/blog2\/wp-content\/uploads\/2023\/10\/brick-allineato-deserto-1-1024x1365.jpg 1024w, https:\/\/ninamartinelli.com.br\/blog2\/wp-content\/uploads\/2023\/10\/brick-allineato-deserto-1-scaled.jpg 1920w\" sizes=\"auto, (max-width: 284px) 100vw, 284px\" \/><\/p>\n<p>\u201c<em>O Brick Allineato Deserto conversa diretamente com essas decora\u00e7\u00f5es, al\u00e9m da madeira MDF Tauari da Guararapes, a palhinha indiana sextavada, cortina e sof\u00e1 no linho, criando o conceito da biofilia entre todos os elementos. O ponto de modernidade ficou para o puxador BALI da Zen, onde ele possui uma textura que remete muito \u00e0 palhinha sextavada e a tonalidade de puxadores antigos. Os ripados brancos, inclusive no bar, foram pensados para trazer al\u00e9m da modernidade um misto de profundidade e leveza. A ilumina\u00e7\u00e3o indireta da prateleira superior foi pensada estrategicamente para valorizar ainda mais os bricks e demais itens de decora\u00e7\u00e3o\u201d<\/em>, explica.<\/p>\n<p>O resultado agradou em cheio, conforme Amanda. \u201c<em>Amamos o resultado desde o in\u00edcio da reforma, ainda sem nenhum outro elemento. Dos clientes recebemos elogios e a especifica\u00e7\u00e3o foi certa, eles amaram tanto o resultado inicial como agora com tudo pronto exatamente como no projeto, curtem muito mais a sala de TV com toda representatividade que esse revestimento traz para o espa\u00e7o, al\u00e9m da praticidade de manuten\u00e7\u00e3o e limpeza\u201d<\/em>, diz ela.<\/p>\n<p>&nbsp;<\/p>\n<p><img loading=\"lazy\" decoding=\"async\" class=\" wp-image-2163 alignright\" src=\"https:\/\/ninamartinelli.com.br\/blog2\/wp-content\/uploads\/2023\/10\/brick-allineato-deserto-4-199x300.jpg\" alt=\"\" width=\"293\" height=\"442\" srcset=\"https:\/\/ninamartinelli.com.br\/blog2\/wp-content\/uploads\/2023\/10\/brick-allineato-deserto-4-199x300.jpg 199w, https:\/\/ninamartinelli.com.br\/blog2\/wp-content\/uploads\/2023\/10\/brick-allineato-deserto-4-678x1024.jpg 678w, https:\/\/ninamartinelli.com.br\/blog2\/wp-content\/uploads\/2023\/10\/brick-allineato-deserto-4-768x1161.jpg 768w, https:\/\/ninamartinelli.com.br\/blog2\/wp-content\/uploads\/2023\/10\/brick-allineato-deserto-4-1016x1536.jpg 1016w, https:\/\/ninamartinelli.com.br\/blog2\/wp-content\/uploads\/2023\/10\/brick-allineato-deserto-4-1355x2048.jpg 1355w, https:\/\/ninamartinelli.com.br\/blog2\/wp-content\/uploads\/2023\/10\/brick-allineato-deserto-4-1024x1548.jpg 1024w, https:\/\/ninamartinelli.com.br\/blog2\/wp-content\/uploads\/2023\/10\/brick-allineato-deserto-4-scaled.jpg 1694w\" sizes=\"auto, (max-width: 293px) 100vw, 293px\" \/><\/p>\n<p>Resultado potencializado pelos cuidados tomados ao longo de todo o processo. \u201c<em>Na Psicoarquitetura aplicamos t\u00e9cnicas tanto da psicologia quanto da arquitetura na realiza\u00e7\u00e3o de todo projeto, e a partir do\u00a0profundo conhecimento sobre o morador,\u00a0buscamos solu\u00e7\u00f5es que supram n\u00e3o apenas as suas necessidades est\u00e9ticas, pr\u00e1ticas e funcionais, mas tamb\u00e9m suas quest\u00f5es afetivas e emocionais, melhorando a sua identifica\u00e7\u00e3o com os diferentes ambientes do apartamento e, consequentemente, aumentar a sua satisfa\u00e7\u00e3o e a sua qualidade de vida. Assim chegamos com \u00eaxito no nosso prop\u00f3sito que \u00e9 \u2018Projetar ambientes para serem vividos!\u2019,<\/em> conclui. O produto foi adquirido na revenda parceira <a href=\"https:\/\/www.instagram.com\/condecpremium\/\">Condec Premium.<\/a><\/p>\n<p><strong>Servi\u00e7o<\/strong><\/p>\n<p><strong>Ap\u00ea Garden 07 \u2013 <\/strong>Ref\u00fagio de afeto, harmonia e praticidade<\/p>\n<p><strong>Sala do apartamento <\/strong><\/p>\n<p><strong>Produto: <\/strong>Brick Allineato Deserto 7x26cm<\/p>\n<p><strong>Instagram do apartamento: <\/strong>@apegarden07<\/p>\n<p><strong>Projeto: <\/strong>Amanda Pisolate Arquitetura e Interiores<\/p>\n<p><strong>Instagram: <\/strong>@amandapisolate.arquitetura<\/p>\n<p><strong>E-mail: <\/strong><a href=\"mailto:contato@amandapisolate.com.br\">contato@amandapisolate.com.br<\/a><\/p>\n<p><strong>Fotos: <\/strong>Arquivos pessoais da Arquiteta<\/p>\n<p><strong>Loja: <\/strong>Condec Premium<\/p>\n<p><strong>Instagram:<\/strong> @condecpremium<\/p>\n","protected":false},"excerpt":{"rendered":"<p>Ref\u00fagio de afeto, harmonia e praticidade, uma descri\u00e7\u00e3o que pode muito bem resumir mais do<\/p>\n","protected":false},"author":2,"featured_media":2160,"comment_status":"open","ping_status":"open","sticky":false,"template":"","format":"standard","meta":{"footnotes":""},"categories":[16,26,129],"tags":[72,40,50,37,15,76],"class_list":["post-2159","post","type-post","status-publish","format-standard","has-post-thumbnail","hentry","category-colezione-brick","category-revestimentos","category-sustentabilidade","tag-apartamento","tag-area-interna","tag-bricks","tag-parede","tag-revestimento-brick","tag-sala-de-tv"],"yoast_head":"<!-- This site is optimized with the Yoast SEO plugin v26.8 - https:\/\/yoast.com\/product\/yoast-seo-wordpress\/ -->\n<title>Ref\u00fagio de afeto, harmonia e praticidade, com Brick Allineato Deserto<\/title>\n<meta name=\"description\" content=\"Ref\u00fagio de afeto, harmonia e praticidade, num projeto idealizado pela psicoarquiteta Amanda Pisolate com Brick Allineato Deserto\" \/>\n<meta name=\"robots\" content=\"index, follow, max-snippet:-1, max-image-preview:large, max-video-preview:-1\" \/>\n<link rel=\"canonical\" href=\"https:\/\/ninamartinelli.com.br\/blog2\/refugio-de-afeto-harmonia-e-praticidade-com-brick-allineato-deserto\/\" \/>\n<meta property=\"og:locale\" content=\"pt_BR\" \/>\n<meta property=\"og:type\" content=\"article\" \/>\n<meta property=\"og:title\" content=\"Ref\u00fagio de afeto, harmonia e praticidade, com Brick Allineato Deserto\" \/>\n<meta property=\"og:description\" content=\"Ref\u00fagio de afeto, harmonia e praticidade, num projeto idealizado pela psicoarquiteta Amanda Pisolate com Brick Allineato Deserto\" \/>\n<meta property=\"og:url\" content=\"https:\/\/ninamartinelli.com.br\/blog2\/refugio-de-afeto-harmonia-e-praticidade-com-brick-allineato-deserto\/\" \/>\n<meta property=\"og:site_name\" content=\"Blog Nina\" \/>\n<meta property=\"article:published_time\" content=\"2023-10-25T12:13:21+00:00\" \/>\n<meta property=\"og:image\" content=\"https:\/\/ninamartinelli.com.br\/blog2\/wp-content\/uploads\/2023\/10\/brick-allineato-deserto-2-scaled.jpg\" \/>\n\t<meta property=\"og:image:width\" content=\"1920\" \/>\n\t<meta property=\"og:image:height\" content=\"2560\" \/>\n\t<meta property=\"og:image:type\" content=\"image\/jpeg\" \/>\n<meta name=\"author\" content=\"Ana Maria Devides\" \/>\n<meta name=\"twitter:card\" content=\"summary_large_image\" \/>\n<meta name=\"twitter:label1\" content=\"Escrito por\" \/>\n\t<meta name=\"twitter:data1\" content=\"Ana Maria Devides\" \/>\n\t<meta name=\"twitter:label2\" content=\"Est. tempo de leitura\" \/>\n\t<meta name=\"twitter:data2\" content=\"4 minutos\" \/>\n<script type=\"application\/ld+json\" class=\"yoast-schema-graph\">{\"@context\":\"https:\/\/schema.org\",\"@graph\":[{\"@type\":\"Article\",\"@id\":\"https:\/\/ninamartinelli.com.br\/blog2\/refugio-de-afeto-harmonia-e-praticidade-com-brick-allineato-deserto\/#article\",\"isPartOf\":{\"@id\":\"https:\/\/ninamartinelli.com.br\/blog2\/refugio-de-afeto-harmonia-e-praticidade-com-brick-allineato-deserto\/\"},\"author\":{\"name\":\"Ana Maria Devides\",\"@id\":\"https:\/\/ninamartinelli.com.br\/blog2\/#\/schema\/person\/43fbfb1d4cbe3b472995206b2bb06df5\"},\"headline\":\"Ref\u00fagio de afeto, harmonia e praticidade, com Brick Allineato Deserto\",\"datePublished\":\"2023-10-25T12:13:21+00:00\",\"mainEntityOfPage\":{\"@id\":\"https:\/\/ninamartinelli.com.br\/blog2\/refugio-de-afeto-harmonia-e-praticidade-com-brick-allineato-deserto\/\"},\"wordCount\":707,\"commentCount\":0,\"publisher\":{\"@id\":\"https:\/\/ninamartinelli.com.br\/blog2\/#organization\"},\"image\":{\"@id\":\"https:\/\/ninamartinelli.com.br\/blog2\/refugio-de-afeto-harmonia-e-praticidade-com-brick-allineato-deserto\/#primaryimage\"},\"thumbnailUrl\":\"https:\/\/ninamartinelli.com.br\/blog2\/wp-content\/uploads\/2023\/10\/brick-allineato-deserto-2-scaled.jpg\",\"keywords\":[\"apartamento\",\"area interna\",\"bricks\",\"parede\",\"Revestimento Brick\",\"sala de tv\"],\"articleSection\":[\"Colezione Brick\",\"Revestimentos\",\"Sustentabilidade\"],\"inLanguage\":\"pt-BR\",\"potentialAction\":[{\"@type\":\"CommentAction\",\"name\":\"Comment\",\"target\":[\"https:\/\/ninamartinelli.com.br\/blog2\/refugio-de-afeto-harmonia-e-praticidade-com-brick-allineato-deserto\/#respond\"]}]},{\"@type\":\"WebPage\",\"@id\":\"https:\/\/ninamartinelli.com.br\/blog2\/refugio-de-afeto-harmonia-e-praticidade-com-brick-allineato-deserto\/\",\"url\":\"https:\/\/ninamartinelli.com.br\/blog2\/refugio-de-afeto-harmonia-e-praticidade-com-brick-allineato-deserto\/\",\"name\":\"Ref\u00fagio de afeto, harmonia e praticidade, com Brick Allineato Deserto\",\"isPartOf\":{\"@id\":\"https:\/\/ninamartinelli.com.br\/blog2\/#website\"},\"primaryImageOfPage\":{\"@id\":\"https:\/\/ninamartinelli.com.br\/blog2\/refugio-de-afeto-harmonia-e-praticidade-com-brick-allineato-deserto\/#primaryimage\"},\"image\":{\"@id\":\"https:\/\/ninamartinelli.com.br\/blog2\/refugio-de-afeto-harmonia-e-praticidade-com-brick-allineato-deserto\/#primaryimage\"},\"thumbnailUrl\":\"https:\/\/ninamartinelli.com.br\/blog2\/wp-content\/uploads\/2023\/10\/brick-allineato-deserto-2-scaled.jpg\",\"datePublished\":\"2023-10-25T12:13:21+00:00\",\"description\":\"Ref\u00fagio de afeto, harmonia e praticidade, num projeto idealizado pela psicoarquiteta Amanda Pisolate com Brick Allineato Deserto\",\"breadcrumb\":{\"@id\":\"https:\/\/ninamartinelli.com.br\/blog2\/refugio-de-afeto-harmonia-e-praticidade-com-brick-allineato-deserto\/#breadcrumb\"},\"inLanguage\":\"pt-BR\",\"potentialAction\":[{\"@type\":\"ReadAction\",\"target\":[\"https:\/\/ninamartinelli.com.br\/blog2\/refugio-de-afeto-harmonia-e-praticidade-com-brick-allineato-deserto\/\"]}]},{\"@type\":\"ImageObject\",\"inLanguage\":\"pt-BR\",\"@id\":\"https:\/\/ninamartinelli.com.br\/blog2\/refugio-de-afeto-harmonia-e-praticidade-com-brick-allineato-deserto\/#primaryimage\",\"url\":\"https:\/\/ninamartinelli.com.br\/blog2\/wp-content\/uploads\/2023\/10\/brick-allineato-deserto-2-scaled.jpg\",\"contentUrl\":\"https:\/\/ninamartinelli.com.br\/blog2\/wp-content\/uploads\/2023\/10\/brick-allineato-deserto-2-scaled.jpg\",\"width\":1920,\"height\":2560},{\"@type\":\"BreadcrumbList\",\"@id\":\"https:\/\/ninamartinelli.com.br\/blog2\/refugio-de-afeto-harmonia-e-praticidade-com-brick-allineato-deserto\/#breadcrumb\",\"itemListElement\":[{\"@type\":\"ListItem\",\"position\":1,\"name\":\"In\u00edcio\",\"item\":\"https:\/\/ninamartinelli.com.br\/blog2\/\"},{\"@type\":\"ListItem\",\"position\":2,\"name\":\"Ref\u00fagio de afeto, harmonia e praticidade, com Brick Allineato Deserto\"}]},{\"@type\":\"WebSite\",\"@id\":\"https:\/\/ninamartinelli.com.br\/blog2\/#website\",\"url\":\"https:\/\/ninamartinelli.com.br\/blog2\/\",\"name\":\"Nina Martinelli\",\"description\":\"#Nina_Martinelli\",\"publisher\":{\"@id\":\"https:\/\/ninamartinelli.com.br\/blog2\/#organization\"},\"potentialAction\":[{\"@type\":\"SearchAction\",\"target\":{\"@type\":\"EntryPoint\",\"urlTemplate\":\"https:\/\/ninamartinelli.com.br\/blog2\/?s={search_term_string}\"},\"query-input\":{\"@type\":\"PropertyValueSpecification\",\"valueRequired\":true,\"valueName\":\"search_term_string\"}}],\"inLanguage\":\"pt-BR\"},{\"@type\":\"Organization\",\"@id\":\"https:\/\/ninamartinelli.com.br\/blog2\/#organization\",\"name\":\"Blog Novidades\",\"url\":\"https:\/\/ninamartinelli.com.br\/blog2\/\",\"logo\":{\"@type\":\"ImageObject\",\"inLanguage\":\"pt-BR\",\"@id\":\"https:\/\/ninamartinelli.com.br\/blog2\/#\/schema\/logo\/image\/\",\"url\":\"http:\/\/blog.ninamartinelli.com.br\/wp-content\/uploads\/2022\/03\/logo_nina_blog.png\",\"contentUrl\":\"http:\/\/blog.ninamartinelli.com.br\/wp-content\/uploads\/2022\/03\/logo_nina_blog.png\",\"width\":500,\"height\":104,\"caption\":\"Blog Novidades\"},\"image\":{\"@id\":\"https:\/\/ninamartinelli.com.br\/blog2\/#\/schema\/logo\/image\/\"}},{\"@type\":\"Person\",\"@id\":\"https:\/\/ninamartinelli.com.br\/blog2\/#\/schema\/person\/43fbfb1d4cbe3b472995206b2bb06df5\",\"name\":\"Ana Maria Devides\",\"image\":{\"@type\":\"ImageObject\",\"inLanguage\":\"pt-BR\",\"@id\":\"https:\/\/ninamartinelli.com.br\/blog2\/#\/schema\/person\/image\/\",\"url\":\"https:\/\/secure.gravatar.com\/avatar\/a03a82675d8bb3da8e5c5a6872db97be?s=96&d=mm&r=g\",\"contentUrl\":\"https:\/\/secure.gravatar.com\/avatar\/a03a82675d8bb3da8e5c5a6872db97be?s=96&d=mm&r=g\",\"caption\":\"Ana Maria Devides\"},\"url\":\"https:\/\/ninamartinelli.com.br\/blog2\/author\/assessoria-nina-martinelli\/\"}]}<\/script>\n<!-- \/ Yoast SEO plugin. -->","yoast_head_json":{"title":"Ref\u00fagio de afeto, harmonia e praticidade, com Brick Allineato Deserto","description":"Ref\u00fagio de afeto, harmonia e praticidade, num projeto idealizado pela psicoarquiteta Amanda Pisolate com Brick Allineato Deserto","robots":{"index":"index","follow":"follow","max-snippet":"max-snippet:-1","max-image-preview":"max-image-preview:large","max-video-preview":"max-video-preview:-1"},"canonical":"https:\/\/ninamartinelli.com.br\/blog2\/refugio-de-afeto-harmonia-e-praticidade-com-brick-allineato-deserto\/","og_locale":"pt_BR","og_type":"article","og_title":"Ref\u00fagio de afeto, harmonia e praticidade, com Brick Allineato Deserto","og_description":"Ref\u00fagio de afeto, harmonia e praticidade, num projeto idealizado pela psicoarquiteta Amanda Pisolate com Brick Allineato Deserto","og_url":"https:\/\/ninamartinelli.com.br\/blog2\/refugio-de-afeto-harmonia-e-praticidade-com-brick-allineato-deserto\/","og_site_name":"Blog Nina","article_published_time":"2023-10-25T12:13:21+00:00","og_image":[{"width":1920,"height":2560,"url":"https:\/\/ninamartinelli.com.br\/blog2\/wp-content\/uploads\/2023\/10\/brick-allineato-deserto-2-scaled.jpg","type":"image\/jpeg"}],"author":"Ana Maria Devides","twitter_card":"summary_large_image","twitter_misc":{"Escrito por":"Ana Maria Devides","Est. tempo de leitura":"4 minutos"},"schema":{"@context":"https:\/\/schema.org","@graph":[{"@type":"Article","@id":"https:\/\/ninamartinelli.com.br\/blog2\/refugio-de-afeto-harmonia-e-praticidade-com-brick-allineato-deserto\/#article","isPartOf":{"@id":"https:\/\/ninamartinelli.com.br\/blog2\/refugio-de-afeto-harmonia-e-praticidade-com-brick-allineato-deserto\/"},"author":{"name":"Ana Maria Devides","@id":"https:\/\/ninamartinelli.com.br\/blog2\/#\/schema\/person\/43fbfb1d4cbe3b472995206b2bb06df5"},"headline":"Ref\u00fagio de afeto, harmonia e praticidade, com Brick Allineato Deserto","datePublished":"2023-10-25T12:13:21+00:00","mainEntityOfPage":{"@id":"https:\/\/ninamartinelli.com.br\/blog2\/refugio-de-afeto-harmonia-e-praticidade-com-brick-allineato-deserto\/"},"wordCount":707,"commentCount":0,"publisher":{"@id":"https:\/\/ninamartinelli.com.br\/blog2\/#organization"},"image":{"@id":"https:\/\/ninamartinelli.com.br\/blog2\/refugio-de-afeto-harmonia-e-praticidade-com-brick-allineato-deserto\/#primaryimage"},"thumbnailUrl":"https:\/\/ninamartinelli.com.br\/blog2\/wp-content\/uploads\/2023\/10\/brick-allineato-deserto-2-scaled.jpg","keywords":["apartamento","area interna","bricks","parede","Revestimento Brick","sala de tv"],"articleSection":["Colezione Brick","Revestimentos","Sustentabilidade"],"inLanguage":"pt-BR","potentialAction":[{"@type":"CommentAction","name":"Comment","target":["https:\/\/ninamartinelli.com.br\/blog2\/refugio-de-afeto-harmonia-e-praticidade-com-brick-allineato-deserto\/#respond"]}]},{"@type":"WebPage","@id":"https:\/\/ninamartinelli.com.br\/blog2\/refugio-de-afeto-harmonia-e-praticidade-com-brick-allineato-deserto\/","url":"https:\/\/ninamartinelli.com.br\/blog2\/refugio-de-afeto-harmonia-e-praticidade-com-brick-allineato-deserto\/","name":"Ref\u00fagio de afeto, harmonia e praticidade, com Brick Allineato Deserto","isPartOf":{"@id":"https:\/\/ninamartinelli.com.br\/blog2\/#website"},"primaryImageOfPage":{"@id":"https:\/\/ninamartinelli.com.br\/blog2\/refugio-de-afeto-harmonia-e-praticidade-com-brick-allineato-deserto\/#primaryimage"},"image":{"@id":"https:\/\/ninamartinelli.com.br\/blog2\/refugio-de-afeto-harmonia-e-praticidade-com-brick-allineato-deserto\/#primaryimage"},"thumbnailUrl":"https:\/\/ninamartinelli.com.br\/blog2\/wp-content\/uploads\/2023\/10\/brick-allineato-deserto-2-scaled.jpg","datePublished":"2023-10-25T12:13:21+00:00","description":"Ref\u00fagio de afeto, harmonia e praticidade, num projeto idealizado pela psicoarquiteta Amanda Pisolate com Brick Allineato Deserto","breadcrumb":{"@id":"https:\/\/ninamartinelli.com.br\/blog2\/refugio-de-afeto-harmonia-e-praticidade-com-brick-allineato-deserto\/#breadcrumb"},"inLanguage":"pt-BR","potentialAction":[{"@type":"ReadAction","target":["https:\/\/ninamartinelli.com.br\/blog2\/refugio-de-afeto-harmonia-e-praticidade-com-brick-allineato-deserto\/"]}]},{"@type":"ImageObject","inLanguage":"pt-BR","@id":"https:\/\/ninamartinelli.com.br\/blog2\/refugio-de-afeto-harmonia-e-praticidade-com-brick-allineato-deserto\/#primaryimage","url":"https:\/\/ninamartinelli.com.br\/blog2\/wp-content\/uploads\/2023\/10\/brick-allineato-deserto-2-scaled.jpg","contentUrl":"https:\/\/ninamartinelli.com.br\/blog2\/wp-content\/uploads\/2023\/10\/brick-allineato-deserto-2-scaled.jpg","width":1920,"height":2560},{"@type":"BreadcrumbList","@id":"https:\/\/ninamartinelli.com.br\/blog2\/refugio-de-afeto-harmonia-e-praticidade-com-brick-allineato-deserto\/#breadcrumb","itemListElement":[{"@type":"ListItem","position":1,"name":"In\u00edcio","item":"https:\/\/ninamartinelli.com.br\/blog2\/"},{"@type":"ListItem","position":2,"name":"Ref\u00fagio de afeto, harmonia e praticidade, com Brick Allineato Deserto"}]},{"@type":"WebSite","@id":"https:\/\/ninamartinelli.com.br\/blog2\/#website","url":"https:\/\/ninamartinelli.com.br\/blog2\/","name":"Nina Martinelli","description":"#Nina_Martinelli","publisher":{"@id":"https:\/\/ninamartinelli.com.br\/blog2\/#organization"},"potentialAction":[{"@type":"SearchAction","target":{"@type":"EntryPoint","urlTemplate":"https:\/\/ninamartinelli.com.br\/blog2\/?s={search_term_string}"},"query-input":{"@type":"PropertyValueSpecification","valueRequired":true,"valueName":"search_term_string"}}],"inLanguage":"pt-BR"},{"@type":"Organization","@id":"https:\/\/ninamartinelli.com.br\/blog2\/#organization","name":"Blog Novidades","url":"https:\/\/ninamartinelli.com.br\/blog2\/","logo":{"@type":"ImageObject","inLanguage":"pt-BR","@id":"https:\/\/ninamartinelli.com.br\/blog2\/#\/schema\/logo\/image\/","url":"http:\/\/blog.ninamartinelli.com.br\/wp-content\/uploads\/2022\/03\/logo_nina_blog.png","contentUrl":"http:\/\/blog.ninamartinelli.com.br\/wp-content\/uploads\/2022\/03\/logo_nina_blog.png","width":500,"height":104,"caption":"Blog Novidades"},"image":{"@id":"https:\/\/ninamartinelli.com.br\/blog2\/#\/schema\/logo\/image\/"}},{"@type":"Person","@id":"https:\/\/ninamartinelli.com.br\/blog2\/#\/schema\/person\/43fbfb1d4cbe3b472995206b2bb06df5","name":"Ana Maria Devides","image":{"@type":"ImageObject","inLanguage":"pt-BR","@id":"https:\/\/ninamartinelli.com.br\/blog2\/#\/schema\/person\/image\/","url":"https:\/\/secure.gravatar.com\/avatar\/a03a82675d8bb3da8e5c5a6872db97be?s=96&d=mm&r=g","contentUrl":"https:\/\/secure.gravatar.com\/avatar\/a03a82675d8bb3da8e5c5a6872db97be?s=96&d=mm&r=g","caption":"Ana Maria Devides"},"url":"https:\/\/ninamartinelli.com.br\/blog2\/author\/assessoria-nina-martinelli\/"}]}},"_links":{"self":[{"href":"https:\/\/ninamartinelli.com.br\/blog2\/wp-json\/wp\/v2\/posts\/2159","targetHints":{"allow":["GET"]}}],"collection":[{"href":"https:\/\/ninamartinelli.com.br\/blog2\/wp-json\/wp\/v2\/posts"}],"about":[{"href":"https:\/\/ninamartinelli.com.br\/blog2\/wp-json\/wp\/v2\/types\/post"}],"author":[{"embeddable":true,"href":"https:\/\/ninamartinelli.com.br\/blog2\/wp-json\/wp\/v2\/users\/2"}],"replies":[{"embeddable":true,"href":"https:\/\/ninamartinelli.com.br\/blog2\/wp-json\/wp\/v2\/comments?post=2159"}],"version-history":[{"count":1,"href":"https:\/\/ninamartinelli.com.br\/blog2\/wp-json\/wp\/v2\/posts\/2159\/revisions"}],"predecessor-version":[{"id":2164,"href":"https:\/\/ninamartinelli.com.br\/blog2\/wp-json\/wp\/v2\/posts\/2159\/revisions\/2164"}],"wp:featuredmedia":[{"embeddable":true,"href":"https:\/\/ninamartinelli.com.br\/blog2\/wp-json\/wp\/v2\/media\/2160"}],"wp:attachment":[{"href":"https:\/\/ninamartinelli.com.br\/blog2\/wp-json\/wp\/v2\/media?parent=2159"}],"wp:term":[{"taxonomy":"category","embeddable":true,"href":"https:\/\/ninamartinelli.com.br\/blog2\/wp-json\/wp\/v2\/categories?post=2159"},{"taxonomy":"post_tag","embeddable":true,"href":"https:\/\/ninamartinelli.com.br\/blog2\/wp-json\/wp\/v2\/tags?post=2159"}],"curies":[{"name":"wp","href":"https:\/\/api.w.org\/{rel}","templated":true}]}}