{"id":2144,"date":"2023-10-18T10:21:04","date_gmt":"2023-10-18T13:21:04","guid":{"rendered":"https:\/\/ninamartinelli.com.br\/blog2\/?p=2144"},"modified":"2023-10-20T13:56:36","modified_gmt":"2023-10-20T16:56:36","slug":"praticidade-aconchego-e-identidade-com-vinci-cennere-em-linda-residencia-em-londrina-pr","status":"publish","type":"post","link":"https:\/\/ninamartinelli.com.br\/blog2\/praticidade-aconchego-e-identidade-com-vinci-cennere-em-linda-residencia-em-londrina-pr\/","title":{"rendered":"Praticidade, aconchego e identidade com Vinci Cennere em linda resid\u00eancia em Londrina\/PR"},"content":{"rendered":"<p>&nbsp;<\/p>\n<figure id=\"attachment_2157\" aria-describedby=\"caption-attachment-2157\" style=\"width: 440px\" class=\"wp-caption alignnone\"><img loading=\"lazy\" decoding=\"async\" class=\"wp-image-2157\" src=\"https:\/\/ninamartinelli.com.br\/blog2\/wp-content\/uploads\/2023\/10\/20230719-Retrato-Corporativo-Arquiteta-Amanda-Soares-19-300x200.jpg\" alt=\"\" width=\"440\" height=\"293\" srcset=\"https:\/\/ninamartinelli.com.br\/blog2\/wp-content\/uploads\/2023\/10\/20230719-Retrato-Corporativo-Arquiteta-Amanda-Soares-19-300x200.jpg 300w, https:\/\/ninamartinelli.com.br\/blog2\/wp-content\/uploads\/2023\/10\/20230719-Retrato-Corporativo-Arquiteta-Amanda-Soares-19-1024x682.jpg 1024w, https:\/\/ninamartinelli.com.br\/blog2\/wp-content\/uploads\/2023\/10\/20230719-Retrato-Corporativo-Arquiteta-Amanda-Soares-19-768x511.jpg 768w, https:\/\/ninamartinelli.com.br\/blog2\/wp-content\/uploads\/2023\/10\/20230719-Retrato-Corporativo-Arquiteta-Amanda-Soares-19.jpg 1500w\" sizes=\"auto, (max-width: 440px) 100vw, 440px\" \/><figcaption id=\"caption-attachment-2157\" class=\"wp-caption-text\">Amanda Soares, arquiteta. Foto: Jessica Pizza &#8211; Instagram: @jessicapizzafotografia<\/figcaption><\/figure>\n<p>&nbsp;<\/p>\n<p>Praticidade, aconchego e identidade. Esses atributos permeavam os desejos dos clientes da arquiteta <a href=\"https:\/\/www.instagram.com\/amanda_soares.arq\/\">Amanda Soares<\/a>, no momento em que eles, um casal com dois filhos \u2013 menino e menina \u2013 projetavam com a profissional sua nova resid\u00eancia num condom\u00ednio de alto padr\u00e3o em Londrina, uma das mais importantes cidades do estado do Paran\u00e1.<\/p>\n<p>Num terreno de 250m<sup>2<\/sup>, a casa tem 280m<sup>2<\/sup> de \u00e1rea constru\u00edda, e \u00e9 composta por tr\u00eas su\u00edtes, mais uma su\u00edte master, sala, cozinha, sala de jantar e \u00e1rea gourmet, al\u00e9m de piscina e SPA.<\/p>\n<p>Segundo Amanda, os clientes t\u00eam uma vida social intensa, adoram sair e interagir com outras pessoas, bem como amam fazer nossos amigos, participar de eventos sociais e reunir a fam\u00edlia.<\/p>\n<p>At\u00e9 por isso, pediram que a casa remetesse \u00e0 personalidade e o estilo deles, e que acolhesse bem familiares e amigos, tanto na \u00e1rea \u00edntima quanto na \u00e1rea social.<\/p>\n<p>Idealizando um projeto muito bem pensado e no estilo contempor\u00e2neo, entre os materiais especificados, Amanda escolheu para o SPA e piscina o Vinci, da Nina Martinelli, uma cer\u00e2mica r\u00fastica organizada em placas teladas medindo 39x34cm.<\/p>\n<p><img loading=\"lazy\" decoding=\"async\" class=\"wp-image-2147 alignleft\" src=\"https:\/\/ninamartinelli.com.br\/blog2\/wp-content\/uploads\/2023\/10\/amanda-soares-paredes-e-deck-1-300x225.jpg\" alt=\"\" width=\"399\" height=\"299\" srcset=\"https:\/\/ninamartinelli.com.br\/blog2\/wp-content\/uploads\/2023\/10\/amanda-soares-paredes-e-deck-1-300x225.jpg 300w, https:\/\/ninamartinelli.com.br\/blog2\/wp-content\/uploads\/2023\/10\/amanda-soares-paredes-e-deck-1-768x576.jpg 768w, https:\/\/ninamartinelli.com.br\/blog2\/wp-content\/uploads\/2023\/10\/amanda-soares-paredes-e-deck-1.jpg 1024w\" sizes=\"auto, (max-width: 399px) 100vw, 399px\" \/><\/p>\n<p>O tom escolhido por Amanda foi o Cennere, mas a Nina Martinelli disponibiliza esse produto tamb\u00e9m nos tons Scuro, Rossastro e Bianchi.<\/p>\n<p>As pe\u00e7as t\u00eam linhas com cortes angulares, que juntas formam elegantes figuras hexagonais e, no projeto de Amanda, foram assentadas com pagina\u00e7\u00e3o alinhada e junta seca. <em>\u201cO produto foi aplicado cuidadosamente, por m\u00e3o-de-obra especializada, com pe\u00e7as milimetricamente posicionadas e assentadas com argamassa espec\u00edfica\u201d<\/em>, descreve a profissional.<\/p>\n<p><em>\u201cO revestimento Vinci dialoga com a cobertura do SPA em estrutura met\u00e1lica com pintura eletrost\u00e1tica, e, tamb\u00e9m, com um lindo deck de madeira\u201d, explica ela. \u201cEscolhemos esse produto por ele trazer praticidade, aconchego e identidade\u201d<\/em>, acrescenta.<\/p>\n<p><img loading=\"lazy\" decoding=\"async\" class=\"wp-image-2148 alignright\" src=\"https:\/\/ninamartinelli.com.br\/blog2\/wp-content\/uploads\/2023\/10\/amanda-soares-piscina-a-noite-225x300.jpg\" alt=\"\" width=\"336\" height=\"448\" srcset=\"https:\/\/ninamartinelli.com.br\/blog2\/wp-content\/uploads\/2023\/10\/amanda-soares-piscina-a-noite-225x300.jpg 225w, https:\/\/ninamartinelli.com.br\/blog2\/wp-content\/uploads\/2023\/10\/amanda-soares-piscina-a-noite.jpg 768w\" sizes=\"auto, (max-width: 336px) 100vw, 336px\" \/><\/p>\n<p>Segundo Amanda, o resultado encantou a todos. <em>\u201cFicou exuberante, trouxe modernidade e aconchego ao espa\u00e7o social da resid\u00eancia\u201d<\/em>, finaliza a arquiteta.<\/p>\n<p>O produto foi adquirido na revenda parceira <a href=\"https:\/\/www.instagram.com\/grandecasaacabamentos\/\">Grande Casa Acabamentos<\/a>, em Londrina\/PR.<\/p>\n<p><img loading=\"lazy\" decoding=\"async\" class=\"alignnone wp-image-2149\" src=\"https:\/\/ninamartinelli.com.br\/blog2\/wp-content\/uploads\/2023\/10\/amanda-soares-lateral-decorada-300x225.jpg\" alt=\"\" width=\"435\" height=\"326\" srcset=\"https:\/\/ninamartinelli.com.br\/blog2\/wp-content\/uploads\/2023\/10\/amanda-soares-lateral-decorada-300x225.jpg 300w, https:\/\/ninamartinelli.com.br\/blog2\/wp-content\/uploads\/2023\/10\/amanda-soares-lateral-decorada-768x576.jpg 768w, https:\/\/ninamartinelli.com.br\/blog2\/wp-content\/uploads\/2023\/10\/amanda-soares-lateral-decorada.jpg 1024w\" sizes=\"auto, (max-width: 435px) 100vw, 435px\" \/><\/p>\n<p>&nbsp;<\/p>\n<p>&nbsp;<\/p>\n<p><strong>Servi\u00e7o<\/strong><\/p>\n<p><strong>Praticidade, aconchego e identidade \u2013 SPA e piscina de resid\u00eancia em Londrina\/PR<\/strong><\/p>\n<p><strong>Produto \u2013 <\/strong>Vinci \u2013 placas 39x34cm, tom Cennere<\/p>\n<p><strong>Projeto e Execu\u00e7\u00e3o:<\/strong> Amanda Soares Arquitetura &#8211; Londrina\/PR<\/p>\n<p><strong>Instagram:<\/strong> https:\/\/www.instagram.com\/amanda_soares.arq<\/p>\n<p><strong>Imagens dos ambientes:<\/strong> Amanda Soares<\/p>\n<p><strong>Fotografia<\/strong> <strong>da arquiteta<\/strong>: Jessica Pizza<\/p>\n<p><strong>Instagram:<\/strong> https:\/\/www.instagram.com\/jessicapizzafotografia\/<\/p>\n<p><strong>Loja parceira:<\/strong> Grande Casa Acabamentos &#8211; Londrina\/PR<\/p>\n<p><strong>Instagram: <\/strong>https:\/\/www.instagram.com\/grandecasaacabamentos\/<\/p>\n<p>&nbsp;<\/p>\n<p>&nbsp;<\/p>\n","protected":false},"excerpt":{"rendered":"<p>&nbsp; &nbsp; Praticidade, aconchego e identidade. Esses atributos permeavam os desejos dos clientes da arquiteta<\/p>\n","protected":false},"author":2,"featured_media":2146,"comment_status":"open","ping_status":"open","sticky":false,"template":"","format":"standard","meta":{"footnotes":""},"categories":[26],"tags":[62,39,69,37,29,159],"class_list":["post-2144","post","type-post","status-publish","format-standard","has-post-thumbnail","hentry","category-revestimentos","tag-area-de-lazer","tag-area-externa","tag-condominio","tag-parede","tag-piscina","tag-spa"],"yoast_head":"<!-- This site is optimized with the Yoast SEO plugin v26.8 - https:\/\/yoast.com\/product\/yoast-seo-wordpress\/ -->\n<title>Praticidade, aconchego e identidade com Vinci Cennere em linda resid\u00eancia em Londrina\/PR<\/title>\n<meta name=\"description\" content=\"Praticidade, aconchego e identidade, num projeto contempor\u00e2neo assinado e executado por Amanda Soares, que escolheu o Vinci Cennere\" \/>\n<meta name=\"robots\" content=\"index, follow, max-snippet:-1, max-image-preview:large, max-video-preview:-1\" \/>\n<link rel=\"canonical\" href=\"https:\/\/ninamartinelli.com.br\/blog2\/praticidade-aconchego-e-identidade-com-vinci-cennere-em-linda-residencia-em-londrina-pr\/\" \/>\n<meta property=\"og:locale\" content=\"pt_BR\" \/>\n<meta property=\"og:type\" content=\"article\" \/>\n<meta property=\"og:title\" content=\"Praticidade, aconchego e identidade com Vinci Cennere em linda resid\u00eancia em Londrina\/PR\" \/>\n<meta property=\"og:description\" content=\"Praticidade, aconchego e identidade, num projeto contempor\u00e2neo assinado e executado por Amanda Soares, que escolheu o Vinci Cennere\" \/>\n<meta property=\"og:url\" content=\"https:\/\/ninamartinelli.com.br\/blog2\/praticidade-aconchego-e-identidade-com-vinci-cennere-em-linda-residencia-em-londrina-pr\/\" \/>\n<meta property=\"og:site_name\" content=\"Blog Nina\" \/>\n<meta property=\"article:published_time\" content=\"2023-10-18T13:21:04+00:00\" \/>\n<meta property=\"article:modified_time\" content=\"2023-10-20T16:56:36+00:00\" \/>\n<meta property=\"og:image\" content=\"https:\/\/ninamartinelli.com.br\/blog2\/wp-content\/uploads\/2023\/10\/amanda-soares-canto-decorado-noturno.jpg\" \/>\n\t<meta property=\"og:image:width\" content=\"768\" \/>\n\t<meta property=\"og:image:height\" content=\"1024\" \/>\n\t<meta property=\"og:image:type\" content=\"image\/jpeg\" \/>\n<meta name=\"author\" content=\"Ana Maria Devides\" \/>\n<meta name=\"twitter:card\" content=\"summary_large_image\" \/>\n<meta name=\"twitter:label1\" content=\"Escrito por\" \/>\n\t<meta name=\"twitter:data1\" content=\"Ana Maria Devides\" \/>\n\t<meta name=\"twitter:label2\" content=\"Est. tempo de leitura\" \/>\n\t<meta name=\"twitter:data2\" content=\"3 minutos\" \/>\n<script type=\"application\/ld+json\" class=\"yoast-schema-graph\">{\"@context\":\"https:\/\/schema.org\",\"@graph\":[{\"@type\":\"Article\",\"@id\":\"https:\/\/ninamartinelli.com.br\/blog2\/praticidade-aconchego-e-identidade-com-vinci-cennere-em-linda-residencia-em-londrina-pr\/#article\",\"isPartOf\":{\"@id\":\"https:\/\/ninamartinelli.com.br\/blog2\/praticidade-aconchego-e-identidade-com-vinci-cennere-em-linda-residencia-em-londrina-pr\/\"},\"author\":{\"name\":\"Ana Maria Devides\",\"@id\":\"https:\/\/ninamartinelli.com.br\/blog2\/#\/schema\/person\/43fbfb1d4cbe3b472995206b2bb06df5\"},\"headline\":\"Praticidade, aconchego e identidade com Vinci Cennere em linda resid\u00eancia em Londrina\/PR\",\"datePublished\":\"2023-10-18T13:21:04+00:00\",\"dateModified\":\"2023-10-20T16:56:36+00:00\",\"mainEntityOfPage\":{\"@id\":\"https:\/\/ninamartinelli.com.br\/blog2\/praticidade-aconchego-e-identidade-com-vinci-cennere-em-linda-residencia-em-londrina-pr\/\"},\"wordCount\":447,\"commentCount\":0,\"publisher\":{\"@id\":\"https:\/\/ninamartinelli.com.br\/blog2\/#organization\"},\"image\":{\"@id\":\"https:\/\/ninamartinelli.com.br\/blog2\/praticidade-aconchego-e-identidade-com-vinci-cennere-em-linda-residencia-em-londrina-pr\/#primaryimage\"},\"thumbnailUrl\":\"https:\/\/ninamartinelli.com.br\/blog2\/wp-content\/uploads\/2023\/10\/amanda-soares-canto-decorado-noturno.jpg\",\"keywords\":[\"area de lazer\",\"area externa\",\"condominio\",\"parede\",\"piscina\",\"spa\"],\"articleSection\":[\"Revestimentos\"],\"inLanguage\":\"pt-BR\",\"potentialAction\":[{\"@type\":\"CommentAction\",\"name\":\"Comment\",\"target\":[\"https:\/\/ninamartinelli.com.br\/blog2\/praticidade-aconchego-e-identidade-com-vinci-cennere-em-linda-residencia-em-londrina-pr\/#respond\"]}]},{\"@type\":\"WebPage\",\"@id\":\"https:\/\/ninamartinelli.com.br\/blog2\/praticidade-aconchego-e-identidade-com-vinci-cennere-em-linda-residencia-em-londrina-pr\/\",\"url\":\"https:\/\/ninamartinelli.com.br\/blog2\/praticidade-aconchego-e-identidade-com-vinci-cennere-em-linda-residencia-em-londrina-pr\/\",\"name\":\"Praticidade, aconchego e identidade com Vinci Cennere em linda resid\u00eancia em Londrina\/PR\",\"isPartOf\":{\"@id\":\"https:\/\/ninamartinelli.com.br\/blog2\/#website\"},\"primaryImageOfPage\":{\"@id\":\"https:\/\/ninamartinelli.com.br\/blog2\/praticidade-aconchego-e-identidade-com-vinci-cennere-em-linda-residencia-em-londrina-pr\/#primaryimage\"},\"image\":{\"@id\":\"https:\/\/ninamartinelli.com.br\/blog2\/praticidade-aconchego-e-identidade-com-vinci-cennere-em-linda-residencia-em-londrina-pr\/#primaryimage\"},\"thumbnailUrl\":\"https:\/\/ninamartinelli.com.br\/blog2\/wp-content\/uploads\/2023\/10\/amanda-soares-canto-decorado-noturno.jpg\",\"datePublished\":\"2023-10-18T13:21:04+00:00\",\"dateModified\":\"2023-10-20T16:56:36+00:00\",\"description\":\"Praticidade, aconchego e identidade, num projeto contempor\u00e2neo assinado e executado por Amanda Soares, que escolheu o Vinci Cennere\",\"breadcrumb\":{\"@id\":\"https:\/\/ninamartinelli.com.br\/blog2\/praticidade-aconchego-e-identidade-com-vinci-cennere-em-linda-residencia-em-londrina-pr\/#breadcrumb\"},\"inLanguage\":\"pt-BR\",\"potentialAction\":[{\"@type\":\"ReadAction\",\"target\":[\"https:\/\/ninamartinelli.com.br\/blog2\/praticidade-aconchego-e-identidade-com-vinci-cennere-em-linda-residencia-em-londrina-pr\/\"]}]},{\"@type\":\"ImageObject\",\"inLanguage\":\"pt-BR\",\"@id\":\"https:\/\/ninamartinelli.com.br\/blog2\/praticidade-aconchego-e-identidade-com-vinci-cennere-em-linda-residencia-em-londrina-pr\/#primaryimage\",\"url\":\"https:\/\/ninamartinelli.com.br\/blog2\/wp-content\/uploads\/2023\/10\/amanda-soares-canto-decorado-noturno.jpg\",\"contentUrl\":\"https:\/\/ninamartinelli.com.br\/blog2\/wp-content\/uploads\/2023\/10\/amanda-soares-canto-decorado-noturno.jpg\",\"width\":768,\"height\":1024},{\"@type\":\"BreadcrumbList\",\"@id\":\"https:\/\/ninamartinelli.com.br\/blog2\/praticidade-aconchego-e-identidade-com-vinci-cennere-em-linda-residencia-em-londrina-pr\/#breadcrumb\",\"itemListElement\":[{\"@type\":\"ListItem\",\"position\":1,\"name\":\"In\u00edcio\",\"item\":\"https:\/\/ninamartinelli.com.br\/blog2\/\"},{\"@type\":\"ListItem\",\"position\":2,\"name\":\"Praticidade, aconchego e identidade com Vinci Cennere em linda resid\u00eancia em Londrina\/PR\"}]},{\"@type\":\"WebSite\",\"@id\":\"https:\/\/ninamartinelli.com.br\/blog2\/#website\",\"url\":\"https:\/\/ninamartinelli.com.br\/blog2\/\",\"name\":\"Nina Martinelli\",\"description\":\"#Nina_Martinelli\",\"publisher\":{\"@id\":\"https:\/\/ninamartinelli.com.br\/blog2\/#organization\"},\"potentialAction\":[{\"@type\":\"SearchAction\",\"target\":{\"@type\":\"EntryPoint\",\"urlTemplate\":\"https:\/\/ninamartinelli.com.br\/blog2\/?s={search_term_string}\"},\"query-input\":{\"@type\":\"PropertyValueSpecification\",\"valueRequired\":true,\"valueName\":\"search_term_string\"}}],\"inLanguage\":\"pt-BR\"},{\"@type\":\"Organization\",\"@id\":\"https:\/\/ninamartinelli.com.br\/blog2\/#organization\",\"name\":\"Blog Novidades\",\"url\":\"https:\/\/ninamartinelli.com.br\/blog2\/\",\"logo\":{\"@type\":\"ImageObject\",\"inLanguage\":\"pt-BR\",\"@id\":\"https:\/\/ninamartinelli.com.br\/blog2\/#\/schema\/logo\/image\/\",\"url\":\"http:\/\/blog.ninamartinelli.com.br\/wp-content\/uploads\/2022\/03\/logo_nina_blog.png\",\"contentUrl\":\"http:\/\/blog.ninamartinelli.com.br\/wp-content\/uploads\/2022\/03\/logo_nina_blog.png\",\"width\":500,\"height\":104,\"caption\":\"Blog Novidades\"},\"image\":{\"@id\":\"https:\/\/ninamartinelli.com.br\/blog2\/#\/schema\/logo\/image\/\"}},{\"@type\":\"Person\",\"@id\":\"https:\/\/ninamartinelli.com.br\/blog2\/#\/schema\/person\/43fbfb1d4cbe3b472995206b2bb06df5\",\"name\":\"Ana Maria Devides\",\"image\":{\"@type\":\"ImageObject\",\"inLanguage\":\"pt-BR\",\"@id\":\"https:\/\/ninamartinelli.com.br\/blog2\/#\/schema\/person\/image\/\",\"url\":\"https:\/\/secure.gravatar.com\/avatar\/a03a82675d8bb3da8e5c5a6872db97be?s=96&d=mm&r=g\",\"contentUrl\":\"https:\/\/secure.gravatar.com\/avatar\/a03a82675d8bb3da8e5c5a6872db97be?s=96&d=mm&r=g\",\"caption\":\"Ana Maria Devides\"},\"url\":\"https:\/\/ninamartinelli.com.br\/blog2\/author\/assessoria-nina-martinelli\/\"}]}<\/script>\n<!-- \/ Yoast SEO plugin. -->","yoast_head_json":{"title":"Praticidade, aconchego e identidade com Vinci Cennere em linda resid\u00eancia em Londrina\/PR","description":"Praticidade, aconchego e identidade, num projeto contempor\u00e2neo assinado e executado por Amanda Soares, que escolheu o Vinci Cennere","robots":{"index":"index","follow":"follow","max-snippet":"max-snippet:-1","max-image-preview":"max-image-preview:large","max-video-preview":"max-video-preview:-1"},"canonical":"https:\/\/ninamartinelli.com.br\/blog2\/praticidade-aconchego-e-identidade-com-vinci-cennere-em-linda-residencia-em-londrina-pr\/","og_locale":"pt_BR","og_type":"article","og_title":"Praticidade, aconchego e identidade com Vinci Cennere em linda resid\u00eancia em Londrina\/PR","og_description":"Praticidade, aconchego e identidade, num projeto contempor\u00e2neo assinado e executado por Amanda Soares, que escolheu o Vinci Cennere","og_url":"https:\/\/ninamartinelli.com.br\/blog2\/praticidade-aconchego-e-identidade-com-vinci-cennere-em-linda-residencia-em-londrina-pr\/","og_site_name":"Blog Nina","article_published_time":"2023-10-18T13:21:04+00:00","article_modified_time":"2023-10-20T16:56:36+00:00","og_image":[{"width":768,"height":1024,"url":"https:\/\/ninamartinelli.com.br\/blog2\/wp-content\/uploads\/2023\/10\/amanda-soares-canto-decorado-noturno.jpg","type":"image\/jpeg"}],"author":"Ana Maria Devides","twitter_card":"summary_large_image","twitter_misc":{"Escrito por":"Ana Maria Devides","Est. tempo de leitura":"3 minutos"},"schema":{"@context":"https:\/\/schema.org","@graph":[{"@type":"Article","@id":"https:\/\/ninamartinelli.com.br\/blog2\/praticidade-aconchego-e-identidade-com-vinci-cennere-em-linda-residencia-em-londrina-pr\/#article","isPartOf":{"@id":"https:\/\/ninamartinelli.com.br\/blog2\/praticidade-aconchego-e-identidade-com-vinci-cennere-em-linda-residencia-em-londrina-pr\/"},"author":{"name":"Ana Maria Devides","@id":"https:\/\/ninamartinelli.com.br\/blog2\/#\/schema\/person\/43fbfb1d4cbe3b472995206b2bb06df5"},"headline":"Praticidade, aconchego e identidade com Vinci Cennere em linda resid\u00eancia em Londrina\/PR","datePublished":"2023-10-18T13:21:04+00:00","dateModified":"2023-10-20T16:56:36+00:00","mainEntityOfPage":{"@id":"https:\/\/ninamartinelli.com.br\/blog2\/praticidade-aconchego-e-identidade-com-vinci-cennere-em-linda-residencia-em-londrina-pr\/"},"wordCount":447,"commentCount":0,"publisher":{"@id":"https:\/\/ninamartinelli.com.br\/blog2\/#organization"},"image":{"@id":"https:\/\/ninamartinelli.com.br\/blog2\/praticidade-aconchego-e-identidade-com-vinci-cennere-em-linda-residencia-em-londrina-pr\/#primaryimage"},"thumbnailUrl":"https:\/\/ninamartinelli.com.br\/blog2\/wp-content\/uploads\/2023\/10\/amanda-soares-canto-decorado-noturno.jpg","keywords":["area de lazer","area externa","condominio","parede","piscina","spa"],"articleSection":["Revestimentos"],"inLanguage":"pt-BR","potentialAction":[{"@type":"CommentAction","name":"Comment","target":["https:\/\/ninamartinelli.com.br\/blog2\/praticidade-aconchego-e-identidade-com-vinci-cennere-em-linda-residencia-em-londrina-pr\/#respond"]}]},{"@type":"WebPage","@id":"https:\/\/ninamartinelli.com.br\/blog2\/praticidade-aconchego-e-identidade-com-vinci-cennere-em-linda-residencia-em-londrina-pr\/","url":"https:\/\/ninamartinelli.com.br\/blog2\/praticidade-aconchego-e-identidade-com-vinci-cennere-em-linda-residencia-em-londrina-pr\/","name":"Praticidade, aconchego e identidade com Vinci Cennere em linda resid\u00eancia em Londrina\/PR","isPartOf":{"@id":"https:\/\/ninamartinelli.com.br\/blog2\/#website"},"primaryImageOfPage":{"@id":"https:\/\/ninamartinelli.com.br\/blog2\/praticidade-aconchego-e-identidade-com-vinci-cennere-em-linda-residencia-em-londrina-pr\/#primaryimage"},"image":{"@id":"https:\/\/ninamartinelli.com.br\/blog2\/praticidade-aconchego-e-identidade-com-vinci-cennere-em-linda-residencia-em-londrina-pr\/#primaryimage"},"thumbnailUrl":"https:\/\/ninamartinelli.com.br\/blog2\/wp-content\/uploads\/2023\/10\/amanda-soares-canto-decorado-noturno.jpg","datePublished":"2023-10-18T13:21:04+00:00","dateModified":"2023-10-20T16:56:36+00:00","description":"Praticidade, aconchego e identidade, num projeto contempor\u00e2neo assinado e executado por Amanda Soares, que escolheu o Vinci Cennere","breadcrumb":{"@id":"https:\/\/ninamartinelli.com.br\/blog2\/praticidade-aconchego-e-identidade-com-vinci-cennere-em-linda-residencia-em-londrina-pr\/#breadcrumb"},"inLanguage":"pt-BR","potentialAction":[{"@type":"ReadAction","target":["https:\/\/ninamartinelli.com.br\/blog2\/praticidade-aconchego-e-identidade-com-vinci-cennere-em-linda-residencia-em-londrina-pr\/"]}]},{"@type":"ImageObject","inLanguage":"pt-BR","@id":"https:\/\/ninamartinelli.com.br\/blog2\/praticidade-aconchego-e-identidade-com-vinci-cennere-em-linda-residencia-em-londrina-pr\/#primaryimage","url":"https:\/\/ninamartinelli.com.br\/blog2\/wp-content\/uploads\/2023\/10\/amanda-soares-canto-decorado-noturno.jpg","contentUrl":"https:\/\/ninamartinelli.com.br\/blog2\/wp-content\/uploads\/2023\/10\/amanda-soares-canto-decorado-noturno.jpg","width":768,"height":1024},{"@type":"BreadcrumbList","@id":"https:\/\/ninamartinelli.com.br\/blog2\/praticidade-aconchego-e-identidade-com-vinci-cennere-em-linda-residencia-em-londrina-pr\/#breadcrumb","itemListElement":[{"@type":"ListItem","position":1,"name":"In\u00edcio","item":"https:\/\/ninamartinelli.com.br\/blog2\/"},{"@type":"ListItem","position":2,"name":"Praticidade, aconchego e identidade com Vinci Cennere em linda resid\u00eancia em Londrina\/PR"}]},{"@type":"WebSite","@id":"https:\/\/ninamartinelli.com.br\/blog2\/#website","url":"https:\/\/ninamartinelli.com.br\/blog2\/","name":"Nina Martinelli","description":"#Nina_Martinelli","publisher":{"@id":"https:\/\/ninamartinelli.com.br\/blog2\/#organization"},"potentialAction":[{"@type":"SearchAction","target":{"@type":"EntryPoint","urlTemplate":"https:\/\/ninamartinelli.com.br\/blog2\/?s={search_term_string}"},"query-input":{"@type":"PropertyValueSpecification","valueRequired":true,"valueName":"search_term_string"}}],"inLanguage":"pt-BR"},{"@type":"Organization","@id":"https:\/\/ninamartinelli.com.br\/blog2\/#organization","name":"Blog Novidades","url":"https:\/\/ninamartinelli.com.br\/blog2\/","logo":{"@type":"ImageObject","inLanguage":"pt-BR","@id":"https:\/\/ninamartinelli.com.br\/blog2\/#\/schema\/logo\/image\/","url":"http:\/\/blog.ninamartinelli.com.br\/wp-content\/uploads\/2022\/03\/logo_nina_blog.png","contentUrl":"http:\/\/blog.ninamartinelli.com.br\/wp-content\/uploads\/2022\/03\/logo_nina_blog.png","width":500,"height":104,"caption":"Blog Novidades"},"image":{"@id":"https:\/\/ninamartinelli.com.br\/blog2\/#\/schema\/logo\/image\/"}},{"@type":"Person","@id":"https:\/\/ninamartinelli.com.br\/blog2\/#\/schema\/person\/43fbfb1d4cbe3b472995206b2bb06df5","name":"Ana Maria Devides","image":{"@type":"ImageObject","inLanguage":"pt-BR","@id":"https:\/\/ninamartinelli.com.br\/blog2\/#\/schema\/person\/image\/","url":"https:\/\/secure.gravatar.com\/avatar\/a03a82675d8bb3da8e5c5a6872db97be?s=96&d=mm&r=g","contentUrl":"https:\/\/secure.gravatar.com\/avatar\/a03a82675d8bb3da8e5c5a6872db97be?s=96&d=mm&r=g","caption":"Ana Maria Devides"},"url":"https:\/\/ninamartinelli.com.br\/blog2\/author\/assessoria-nina-martinelli\/"}]}},"_links":{"self":[{"href":"https:\/\/ninamartinelli.com.br\/blog2\/wp-json\/wp\/v2\/posts\/2144","targetHints":{"allow":["GET"]}}],"collection":[{"href":"https:\/\/ninamartinelli.com.br\/blog2\/wp-json\/wp\/v2\/posts"}],"about":[{"href":"https:\/\/ninamartinelli.com.br\/blog2\/wp-json\/wp\/v2\/types\/post"}],"author":[{"embeddable":true,"href":"https:\/\/ninamartinelli.com.br\/blog2\/wp-json\/wp\/v2\/users\/2"}],"replies":[{"embeddable":true,"href":"https:\/\/ninamartinelli.com.br\/blog2\/wp-json\/wp\/v2\/comments?post=2144"}],"version-history":[{"count":7,"href":"https:\/\/ninamartinelli.com.br\/blog2\/wp-json\/wp\/v2\/posts\/2144\/revisions"}],"predecessor-version":[{"id":2158,"href":"https:\/\/ninamartinelli.com.br\/blog2\/wp-json\/wp\/v2\/posts\/2144\/revisions\/2158"}],"wp:featuredmedia":[{"embeddable":true,"href":"https:\/\/ninamartinelli.com.br\/blog2\/wp-json\/wp\/v2\/media\/2146"}],"wp:attachment":[{"href":"https:\/\/ninamartinelli.com.br\/blog2\/wp-json\/wp\/v2\/media?parent=2144"}],"wp:term":[{"taxonomy":"category","embeddable":true,"href":"https:\/\/ninamartinelli.com.br\/blog2\/wp-json\/wp\/v2\/categories?post=2144"},{"taxonomy":"post_tag","embeddable":true,"href":"https:\/\/ninamartinelli.com.br\/blog2\/wp-json\/wp\/v2\/tags?post=2144"}],"curies":[{"name":"wp","href":"https:\/\/api.w.org\/{rel}","templated":true}]}}