{"id":2135,"date":"2023-10-11T09:45:14","date_gmt":"2023-10-11T12:45:14","guid":{"rendered":"https:\/\/ninamartinelli.com.br\/blog2\/?p=2135"},"modified":"2023-10-11T09:45:14","modified_gmt":"2023-10-11T12:45:14","slug":"combinacao-de-estilos-rustico-e-moderno-com-cotto-vecchio-na-casacor-es-2023","status":"publish","type":"post","link":"https:\/\/ninamartinelli.com.br\/blog2\/combinacao-de-estilos-rustico-e-moderno-com-cotto-vecchio-na-casacor-es-2023\/","title":{"rendered":"Combina\u00e7\u00e3o de estilos r\u00fastico e moderno com Cotto Vecchio na CASACOR ES 2023"},"content":{"rendered":"<p>Combina\u00e7\u00e3o de estilos r\u00fastico e moderno \u2013 inspira\u00e7\u00e3o que reflete a ess\u00eancia de um jovem casal capixaba: <a href=\"https:\/\/www.instagram.com\/nataliascarpati\/?hl=pt-br\">Nat\u00e1lia Scarpati<\/a>, designer de mobili\u00e1rios e seu marido, o m\u00fasico Marcelo Gomes, que tamb\u00e9m \u00e9 produtor de v\u00eddeo e imagem. S\u00e3o as personas cujos estilos guiaram a arquiteta <a href=\"https:\/\/www.instagram.com\/thainasantiarquiteta\/?hl=pt-br\">Thain\u00e1 Santi Roni<\/a> para projetar o Studio Urbano, um dos 29 ambientes da CASACOR ES 2023, que come\u00e7ou no dia 5 de outubro e vai at\u00e9 29 de novembro, no Clube \u00cdtalo-Brasileiro, na Ilha do Boi, em Vit\u00f3ria\/ES.<\/p>\n<p>Com o tema Corpo &amp; Morada, a mostra \u00e9 um convite inescap\u00e1vel \u00e0 reflex\u00e3o, segundo seu pr\u00f3prio material oficial de divulga\u00e7\u00e3o.\u00a0 \u201cO tema deste ano, <em>&#8220;Corpo e Morada&#8221;, explora a ideia de que uma casa deve ser uma extens\u00e3o natural do indiv\u00edduo e sua conex\u00e3o com o mundo exterior. Esta abordagem se manifesta no pr\u00f3prio layout da mostra, onde casas convencionais com divis\u00f5es r\u00edgidas d\u00e3o lugar a espa\u00e7os integrados, como est\u00fadios com cerca de 40m<sup>2 <\/sup>e lofts com aproximadamente 100m<sup>2<\/sup>. Isso demonstra que as pessoas valorizam mais do que nunca o significado da casa, onde o tamanho n\u00e3o \u00e9 necessariamente sin\u00f4nimo de qualidade de vida. O que \u00e9 inegoci\u00e1vel s\u00e3o os la\u00e7os de conex\u00e3o, mem\u00f3rias afetivas e a sensa\u00e7\u00e3o de pertencimento. A casa e as rela\u00e7\u00f5es interpessoais est\u00e3o moldando uma nova maneira de viver e conviver\u201d.<\/em><\/p>\n<p><img loading=\"lazy\" decoding=\"async\" class=\"wp-image-2136 alignright\" src=\"https:\/\/ninamartinelli.com.br\/blog2\/wp-content\/uploads\/2023\/10\/CASACOR-ES-2023-1-200x300.jpg\" alt=\"\" width=\"309\" height=\"464\" srcset=\"https:\/\/ninamartinelli.com.br\/blog2\/wp-content\/uploads\/2023\/10\/CASACOR-ES-2023-1-200x300.jpg 200w, https:\/\/ninamartinelli.com.br\/blog2\/wp-content\/uploads\/2023\/10\/CASACOR-ES-2023-1-683x1024.jpg 683w, https:\/\/ninamartinelli.com.br\/blog2\/wp-content\/uploads\/2023\/10\/CASACOR-ES-2023-1-768x1152.jpg 768w, https:\/\/ninamartinelli.com.br\/blog2\/wp-content\/uploads\/2023\/10\/CASACOR-ES-2023-1.jpg 1000w\" sizes=\"auto, (max-width: 309px) 100vw, 309px\" \/><\/p>\n<p><strong>Combina\u00e7\u00e3o de estilos r\u00fastico e moderno no Studio Urbano<\/strong><\/p>\n<p>O Studio Urbano, um ambiente integrado setorizado com tudo o que o casal precisa, expressa as individualidades e sensibilidades dos dois. O cuidado na escolha dos mobili\u00e1rios e adornos transmite uma sensa\u00e7\u00e3o de calor e prote\u00e7\u00e3o, valorizando o design brasileiro, especialmente o capixaba.<\/p>\n<p>O Cotto Vecchio, da Nina Martinelli Pisos e Revestimentos, foi especificado por Thain\u00e1 em dois pontos do ambiente \u2013 em algumas paredes e estruturas de bancadas e no piso. Foi usado em dois formatos, tons e pagina\u00e7\u00f5es distintas.<\/p>\n<p>Nas paredes e estruturas de bancadas ela usou o Cotto Vecchio 11,5&#215;11,5, tom Paglia, em pagina\u00e7\u00e3o alinhada. E no piso, o tom Rosso, no formato 5,2&#215;11,5, em pagina\u00e7\u00e3o espinha de peixe.<\/p>\n<p>Os produtos dialogam perfeitamente com outros elementos, tais como pedras, incluindo o m\u00e1rmore colorido, madeira, acess\u00f3rios em fibras naturais, entre outros. At\u00e9 mesmo Nat\u00e1lia Scarpati contribuiu, desenhando algumas pe\u00e7as da marcenaria.<\/p>\n<p><em>\u201cUsamos os produtos em dois tons para brincar um pouco e dar leveza, e optamos por revestir a estrutura das bancadas tamb\u00e9m para dar uma sensa\u00e7\u00e3o de amplitude. Trouxemos o r\u00fastico de uma forma moderna, mostrando que podemos usar um revestimento de \u00e1rea externa dentro de casa e mesmo assim ter um resultado aconchegante\u201d<\/em>, explica Thain\u00e1.<\/p>\n<p><img loading=\"lazy\" decoding=\"async\" class=\"wp-image-2139 alignleft\" src=\"https:\/\/ninamartinelli.com.br\/blog2\/wp-content\/uploads\/2023\/10\/CASACOR-ES-2023-4-200x300.jpg\" alt=\"\" width=\"327\" height=\"491\" srcset=\"https:\/\/ninamartinelli.com.br\/blog2\/wp-content\/uploads\/2023\/10\/CASACOR-ES-2023-4-200x300.jpg 200w, https:\/\/ninamartinelli.com.br\/blog2\/wp-content\/uploads\/2023\/10\/CASACOR-ES-2023-4-682x1024.jpg 682w, https:\/\/ninamartinelli.com.br\/blog2\/wp-content\/uploads\/2023\/10\/CASACOR-ES-2023-4-768x1153.jpg 768w, https:\/\/ninamartinelli.com.br\/blog2\/wp-content\/uploads\/2023\/10\/CASACOR-ES-2023-4-1023x1536.jpg 1023w, https:\/\/ninamartinelli.com.br\/blog2\/wp-content\/uploads\/2023\/10\/CASACOR-ES-2023-4-1024x1537.jpg 1024w, https:\/\/ninamartinelli.com.br\/blog2\/wp-content\/uploads\/2023\/10\/CASACOR-ES-2023-4.jpg 1066w\" sizes=\"auto, (max-width: 327px) 100vw, 327px\" \/><\/p>\n<p>\u201c<em>Mais do que um local para morar, o Studio Urbano que marca a estreia da arquiteta Thain\u00e1 Santi na CASACOR ES \u00e9 um lugar de perman\u00eancia, onde o casal constr\u00f3i mem\u00f3rias e experi\u00eancias significativas. Mobili\u00e1rios, adornos e revestimentos foram produzidos especialmente para o ambiente\u201d<\/em>, informa a organiza\u00e7\u00e3o.<\/p>\n<p>A loja parceira onde os produtos Nina Martinelli foram viabilizados foi a <a href=\"https:\/\/www.instagram.com\/artmento\/?hl=pt-br\">Artmento Vit\u00f3ria.<\/a><\/p>\n<p>&nbsp;<\/p>\n<p><img loading=\"lazy\" decoding=\"async\" class=\"wp-image-2140 aligncenter\" src=\"https:\/\/ninamartinelli.com.br\/blog2\/wp-content\/uploads\/2023\/10\/CASACOR-ES-2023-5-201x300.jpg\" alt=\"\" width=\"306\" height=\"457\" srcset=\"https:\/\/ninamartinelli.com.br\/blog2\/wp-content\/uploads\/2023\/10\/CASACOR-ES-2023-5-201x300.jpg 201w, https:\/\/ninamartinelli.com.br\/blog2\/wp-content\/uploads\/2023\/10\/CASACOR-ES-2023-5-687x1024.jpg 687w, https:\/\/ninamartinelli.com.br\/blog2\/wp-content\/uploads\/2023\/10\/CASACOR-ES-2023-5-768x1144.jpg 768w, https:\/\/ninamartinelli.com.br\/blog2\/wp-content\/uploads\/2023\/10\/CASACOR-ES-2023-5-1031x1536.jpg 1031w, https:\/\/ninamartinelli.com.br\/blog2\/wp-content\/uploads\/2023\/10\/CASACOR-ES-2023-5-1024x1526.jpg 1024w, https:\/\/ninamartinelli.com.br\/blog2\/wp-content\/uploads\/2023\/10\/CASACOR-ES-2023-5.jpg 1074w\" sizes=\"auto, (max-width: 306px) 100vw, 306px\" \/><\/p>\n<p><strong>Servi\u00e7o<\/strong><\/p>\n<p><strong>CASACOR ESP\u00cdRITO SANTO 2023 <\/strong><\/p>\n<p><strong>At\u00e9 29 de novembro \u2013 Clube \u00cdtalo Brasileiro \u2013 Ilha do Boi \u2013 Vit\u00f3ria ES<\/strong><\/p>\n<p><strong>Ambiente:<\/strong> Studio Urbano<\/p>\n<p><strong>Combina\u00e7\u00e3o de estilos r\u00fastico e moderno<\/strong><\/p>\n<p><strong>Projeto:<\/strong> Thain\u00e1 Santi Roni<\/p>\n<p><strong>Instagram:<\/strong> @thainasantiarquiteta<\/p>\n<p><strong>Produtos: <\/strong><\/p>\n<p>Cotto Vecchio Paglia 11,5&#215;11,5cm<\/p>\n<p>Cotto Vecchio Rosso 5,2&#215;11,5 cm<\/p>\n<p><strong>Imagens:<\/strong> Camila Santos Fotografia<\/p>\n<p><strong>Instagram:<\/strong> https:\/\/www.instagram.com\/camilasantos.fot\/?hl=pt-br<\/p>\n<p><strong>Loja parceira:<\/strong> Artmento Vit\u00f3ria ES<\/p>\n<p><strong>Instagram: <\/strong>https:\/\/www.instagram.com\/artmento\/?hl=pt-br<\/p>\n<p>&nbsp;<\/p>\n<p>&nbsp;<\/p>\n","protected":false},"excerpt":{"rendered":"<p>Combina\u00e7\u00e3o de estilos r\u00fastico e moderno \u2013 inspira\u00e7\u00e3o que reflete a ess\u00eancia de um jovem<\/p>\n","protected":false},"author":2,"featured_media":2137,"comment_status":"open","ping_status":"open","sticky":false,"template":"","format":"standard","meta":{"footnotes":""},"categories":[1],"tags":[],"class_list":["post-2135","post","type-post","status-publish","format-standard","has-post-thumbnail","hentry","category-nina-martinelli"],"yoast_head":"<!-- This site is optimized with the Yoast SEO plugin v26.8 - https:\/\/yoast.com\/product\/yoast-seo-wordpress\/ -->\n<title>Combina\u00e7\u00e3o de estilos r\u00fastico e moderno com Cotto Vecchio na CASACOR ES 2023<\/title>\n<meta name=\"description\" content=\"Combina\u00e7\u00e3o de estilos r\u00fastico e moderno, e inspira\u00e7\u00e3o num casal que respira criatividade e arte resumem o Studio Urbano na CASACOR ES\" \/>\n<meta name=\"robots\" content=\"index, follow, max-snippet:-1, max-image-preview:large, max-video-preview:-1\" \/>\n<link rel=\"canonical\" href=\"https:\/\/ninamartinelli.com.br\/blog2\/combinacao-de-estilos-rustico-e-moderno-com-cotto-vecchio-na-casacor-es-2023\/\" \/>\n<meta property=\"og:locale\" content=\"pt_BR\" \/>\n<meta property=\"og:type\" content=\"article\" \/>\n<meta property=\"og:title\" content=\"Combina\u00e7\u00e3o de estilos r\u00fastico e moderno com Cotto Vecchio na CASACOR ES 2023\" \/>\n<meta property=\"og:description\" content=\"Combina\u00e7\u00e3o de estilos r\u00fastico e moderno, e inspira\u00e7\u00e3o num casal que respira criatividade e arte resumem o Studio Urbano na CASACOR ES\" \/>\n<meta property=\"og:url\" content=\"https:\/\/ninamartinelli.com.br\/blog2\/combinacao-de-estilos-rustico-e-moderno-com-cotto-vecchio-na-casacor-es-2023\/\" \/>\n<meta property=\"og:site_name\" content=\"Blog Nina\" \/>\n<meta property=\"article:published_time\" content=\"2023-10-11T12:45:14+00:00\" \/>\n<meta property=\"og:image\" content=\"https:\/\/ninamartinelli.com.br\/blog2\/wp-content\/uploads\/2023\/10\/CASACOR-ES-2023-2.jpg\" \/>\n\t<meta property=\"og:image:width\" content=\"1000\" \/>\n\t<meta property=\"og:image:height\" content=\"1499\" \/>\n\t<meta property=\"og:image:type\" content=\"image\/jpeg\" \/>\n<meta name=\"author\" content=\"Ana Maria Devides\" \/>\n<meta name=\"twitter:card\" content=\"summary_large_image\" \/>\n<meta name=\"twitter:label1\" content=\"Escrito por\" \/>\n\t<meta name=\"twitter:data1\" content=\"Ana Maria Devides\" \/>\n\t<meta name=\"twitter:label2\" content=\"Est. tempo de leitura\" \/>\n\t<meta name=\"twitter:data2\" content=\"4 minutos\" \/>\n<script type=\"application\/ld+json\" class=\"yoast-schema-graph\">{\"@context\":\"https:\/\/schema.org\",\"@graph\":[{\"@type\":\"Article\",\"@id\":\"https:\/\/ninamartinelli.com.br\/blog2\/combinacao-de-estilos-rustico-e-moderno-com-cotto-vecchio-na-casacor-es-2023\/#article\",\"isPartOf\":{\"@id\":\"https:\/\/ninamartinelli.com.br\/blog2\/combinacao-de-estilos-rustico-e-moderno-com-cotto-vecchio-na-casacor-es-2023\/\"},\"author\":{\"name\":\"Ana Maria Devides\",\"@id\":\"https:\/\/ninamartinelli.com.br\/blog2\/#\/schema\/person\/43fbfb1d4cbe3b472995206b2bb06df5\"},\"headline\":\"Combina\u00e7\u00e3o de estilos r\u00fastico e moderno com Cotto Vecchio na CASACOR ES 2023\",\"datePublished\":\"2023-10-11T12:45:14+00:00\",\"mainEntityOfPage\":{\"@id\":\"https:\/\/ninamartinelli.com.br\/blog2\/combinacao-de-estilos-rustico-e-moderno-com-cotto-vecchio-na-casacor-es-2023\/\"},\"wordCount\":624,\"commentCount\":0,\"publisher\":{\"@id\":\"https:\/\/ninamartinelli.com.br\/blog2\/#organization\"},\"image\":{\"@id\":\"https:\/\/ninamartinelli.com.br\/blog2\/combinacao-de-estilos-rustico-e-moderno-com-cotto-vecchio-na-casacor-es-2023\/#primaryimage\"},\"thumbnailUrl\":\"https:\/\/ninamartinelli.com.br\/blog2\/wp-content\/uploads\/2023\/10\/CASACOR-ES-2023-2.jpg\",\"articleSection\":[\"Nina Martinelli\"],\"inLanguage\":\"pt-BR\",\"potentialAction\":[{\"@type\":\"CommentAction\",\"name\":\"Comment\",\"target\":[\"https:\/\/ninamartinelli.com.br\/blog2\/combinacao-de-estilos-rustico-e-moderno-com-cotto-vecchio-na-casacor-es-2023\/#respond\"]}]},{\"@type\":\"WebPage\",\"@id\":\"https:\/\/ninamartinelli.com.br\/blog2\/combinacao-de-estilos-rustico-e-moderno-com-cotto-vecchio-na-casacor-es-2023\/\",\"url\":\"https:\/\/ninamartinelli.com.br\/blog2\/combinacao-de-estilos-rustico-e-moderno-com-cotto-vecchio-na-casacor-es-2023\/\",\"name\":\"Combina\u00e7\u00e3o de estilos r\u00fastico e moderno com Cotto Vecchio na CASACOR ES 2023\",\"isPartOf\":{\"@id\":\"https:\/\/ninamartinelli.com.br\/blog2\/#website\"},\"primaryImageOfPage\":{\"@id\":\"https:\/\/ninamartinelli.com.br\/blog2\/combinacao-de-estilos-rustico-e-moderno-com-cotto-vecchio-na-casacor-es-2023\/#primaryimage\"},\"image\":{\"@id\":\"https:\/\/ninamartinelli.com.br\/blog2\/combinacao-de-estilos-rustico-e-moderno-com-cotto-vecchio-na-casacor-es-2023\/#primaryimage\"},\"thumbnailUrl\":\"https:\/\/ninamartinelli.com.br\/blog2\/wp-content\/uploads\/2023\/10\/CASACOR-ES-2023-2.jpg\",\"datePublished\":\"2023-10-11T12:45:14+00:00\",\"description\":\"Combina\u00e7\u00e3o de estilos r\u00fastico e moderno, e inspira\u00e7\u00e3o num casal que respira criatividade e arte resumem o Studio Urbano na CASACOR ES\",\"breadcrumb\":{\"@id\":\"https:\/\/ninamartinelli.com.br\/blog2\/combinacao-de-estilos-rustico-e-moderno-com-cotto-vecchio-na-casacor-es-2023\/#breadcrumb\"},\"inLanguage\":\"pt-BR\",\"potentialAction\":[{\"@type\":\"ReadAction\",\"target\":[\"https:\/\/ninamartinelli.com.br\/blog2\/combinacao-de-estilos-rustico-e-moderno-com-cotto-vecchio-na-casacor-es-2023\/\"]}]},{\"@type\":\"ImageObject\",\"inLanguage\":\"pt-BR\",\"@id\":\"https:\/\/ninamartinelli.com.br\/blog2\/combinacao-de-estilos-rustico-e-moderno-com-cotto-vecchio-na-casacor-es-2023\/#primaryimage\",\"url\":\"https:\/\/ninamartinelli.com.br\/blog2\/wp-content\/uploads\/2023\/10\/CASACOR-ES-2023-2.jpg\",\"contentUrl\":\"https:\/\/ninamartinelli.com.br\/blog2\/wp-content\/uploads\/2023\/10\/CASACOR-ES-2023-2.jpg\",\"width\":1000,\"height\":1499},{\"@type\":\"BreadcrumbList\",\"@id\":\"https:\/\/ninamartinelli.com.br\/blog2\/combinacao-de-estilos-rustico-e-moderno-com-cotto-vecchio-na-casacor-es-2023\/#breadcrumb\",\"itemListElement\":[{\"@type\":\"ListItem\",\"position\":1,\"name\":\"In\u00edcio\",\"item\":\"https:\/\/ninamartinelli.com.br\/blog2\/\"},{\"@type\":\"ListItem\",\"position\":2,\"name\":\"Combina\u00e7\u00e3o de estilos r\u00fastico e moderno com Cotto Vecchio na CASACOR ES 2023\"}]},{\"@type\":\"WebSite\",\"@id\":\"https:\/\/ninamartinelli.com.br\/blog2\/#website\",\"url\":\"https:\/\/ninamartinelli.com.br\/blog2\/\",\"name\":\"Nina Martinelli\",\"description\":\"#Nina_Martinelli\",\"publisher\":{\"@id\":\"https:\/\/ninamartinelli.com.br\/blog2\/#organization\"},\"potentialAction\":[{\"@type\":\"SearchAction\",\"target\":{\"@type\":\"EntryPoint\",\"urlTemplate\":\"https:\/\/ninamartinelli.com.br\/blog2\/?s={search_term_string}\"},\"query-input\":{\"@type\":\"PropertyValueSpecification\",\"valueRequired\":true,\"valueName\":\"search_term_string\"}}],\"inLanguage\":\"pt-BR\"},{\"@type\":\"Organization\",\"@id\":\"https:\/\/ninamartinelli.com.br\/blog2\/#organization\",\"name\":\"Blog Novidades\",\"url\":\"https:\/\/ninamartinelli.com.br\/blog2\/\",\"logo\":{\"@type\":\"ImageObject\",\"inLanguage\":\"pt-BR\",\"@id\":\"https:\/\/ninamartinelli.com.br\/blog2\/#\/schema\/logo\/image\/\",\"url\":\"http:\/\/blog.ninamartinelli.com.br\/wp-content\/uploads\/2022\/03\/logo_nina_blog.png\",\"contentUrl\":\"http:\/\/blog.ninamartinelli.com.br\/wp-content\/uploads\/2022\/03\/logo_nina_blog.png\",\"width\":500,\"height\":104,\"caption\":\"Blog Novidades\"},\"image\":{\"@id\":\"https:\/\/ninamartinelli.com.br\/blog2\/#\/schema\/logo\/image\/\"}},{\"@type\":\"Person\",\"@id\":\"https:\/\/ninamartinelli.com.br\/blog2\/#\/schema\/person\/43fbfb1d4cbe3b472995206b2bb06df5\",\"name\":\"Ana Maria Devides\",\"image\":{\"@type\":\"ImageObject\",\"inLanguage\":\"pt-BR\",\"@id\":\"https:\/\/ninamartinelli.com.br\/blog2\/#\/schema\/person\/image\/\",\"url\":\"https:\/\/secure.gravatar.com\/avatar\/a03a82675d8bb3da8e5c5a6872db97be?s=96&d=mm&r=g\",\"contentUrl\":\"https:\/\/secure.gravatar.com\/avatar\/a03a82675d8bb3da8e5c5a6872db97be?s=96&d=mm&r=g\",\"caption\":\"Ana Maria Devides\"},\"url\":\"https:\/\/ninamartinelli.com.br\/blog2\/author\/assessoria-nina-martinelli\/\"}]}<\/script>\n<!-- \/ Yoast SEO plugin. -->","yoast_head_json":{"title":"Combina\u00e7\u00e3o de estilos r\u00fastico e moderno com Cotto Vecchio na CASACOR ES 2023","description":"Combina\u00e7\u00e3o de estilos r\u00fastico e moderno, e inspira\u00e7\u00e3o num casal que respira criatividade e arte resumem o Studio Urbano na CASACOR ES","robots":{"index":"index","follow":"follow","max-snippet":"max-snippet:-1","max-image-preview":"max-image-preview:large","max-video-preview":"max-video-preview:-1"},"canonical":"https:\/\/ninamartinelli.com.br\/blog2\/combinacao-de-estilos-rustico-e-moderno-com-cotto-vecchio-na-casacor-es-2023\/","og_locale":"pt_BR","og_type":"article","og_title":"Combina\u00e7\u00e3o de estilos r\u00fastico e moderno com Cotto Vecchio na CASACOR ES 2023","og_description":"Combina\u00e7\u00e3o de estilos r\u00fastico e moderno, e inspira\u00e7\u00e3o num casal que respira criatividade e arte resumem o Studio Urbano na CASACOR ES","og_url":"https:\/\/ninamartinelli.com.br\/blog2\/combinacao-de-estilos-rustico-e-moderno-com-cotto-vecchio-na-casacor-es-2023\/","og_site_name":"Blog Nina","article_published_time":"2023-10-11T12:45:14+00:00","og_image":[{"width":1000,"height":1499,"url":"https:\/\/ninamartinelli.com.br\/blog2\/wp-content\/uploads\/2023\/10\/CASACOR-ES-2023-2.jpg","type":"image\/jpeg"}],"author":"Ana Maria Devides","twitter_card":"summary_large_image","twitter_misc":{"Escrito por":"Ana Maria Devides","Est. tempo de leitura":"4 minutos"},"schema":{"@context":"https:\/\/schema.org","@graph":[{"@type":"Article","@id":"https:\/\/ninamartinelli.com.br\/blog2\/combinacao-de-estilos-rustico-e-moderno-com-cotto-vecchio-na-casacor-es-2023\/#article","isPartOf":{"@id":"https:\/\/ninamartinelli.com.br\/blog2\/combinacao-de-estilos-rustico-e-moderno-com-cotto-vecchio-na-casacor-es-2023\/"},"author":{"name":"Ana Maria Devides","@id":"https:\/\/ninamartinelli.com.br\/blog2\/#\/schema\/person\/43fbfb1d4cbe3b472995206b2bb06df5"},"headline":"Combina\u00e7\u00e3o de estilos r\u00fastico e moderno com Cotto Vecchio na CASACOR ES 2023","datePublished":"2023-10-11T12:45:14+00:00","mainEntityOfPage":{"@id":"https:\/\/ninamartinelli.com.br\/blog2\/combinacao-de-estilos-rustico-e-moderno-com-cotto-vecchio-na-casacor-es-2023\/"},"wordCount":624,"commentCount":0,"publisher":{"@id":"https:\/\/ninamartinelli.com.br\/blog2\/#organization"},"image":{"@id":"https:\/\/ninamartinelli.com.br\/blog2\/combinacao-de-estilos-rustico-e-moderno-com-cotto-vecchio-na-casacor-es-2023\/#primaryimage"},"thumbnailUrl":"https:\/\/ninamartinelli.com.br\/blog2\/wp-content\/uploads\/2023\/10\/CASACOR-ES-2023-2.jpg","articleSection":["Nina Martinelli"],"inLanguage":"pt-BR","potentialAction":[{"@type":"CommentAction","name":"Comment","target":["https:\/\/ninamartinelli.com.br\/blog2\/combinacao-de-estilos-rustico-e-moderno-com-cotto-vecchio-na-casacor-es-2023\/#respond"]}]},{"@type":"WebPage","@id":"https:\/\/ninamartinelli.com.br\/blog2\/combinacao-de-estilos-rustico-e-moderno-com-cotto-vecchio-na-casacor-es-2023\/","url":"https:\/\/ninamartinelli.com.br\/blog2\/combinacao-de-estilos-rustico-e-moderno-com-cotto-vecchio-na-casacor-es-2023\/","name":"Combina\u00e7\u00e3o de estilos r\u00fastico e moderno com Cotto Vecchio na CASACOR ES 2023","isPartOf":{"@id":"https:\/\/ninamartinelli.com.br\/blog2\/#website"},"primaryImageOfPage":{"@id":"https:\/\/ninamartinelli.com.br\/blog2\/combinacao-de-estilos-rustico-e-moderno-com-cotto-vecchio-na-casacor-es-2023\/#primaryimage"},"image":{"@id":"https:\/\/ninamartinelli.com.br\/blog2\/combinacao-de-estilos-rustico-e-moderno-com-cotto-vecchio-na-casacor-es-2023\/#primaryimage"},"thumbnailUrl":"https:\/\/ninamartinelli.com.br\/blog2\/wp-content\/uploads\/2023\/10\/CASACOR-ES-2023-2.jpg","datePublished":"2023-10-11T12:45:14+00:00","description":"Combina\u00e7\u00e3o de estilos r\u00fastico e moderno, e inspira\u00e7\u00e3o num casal que respira criatividade e arte resumem o Studio Urbano na CASACOR ES","breadcrumb":{"@id":"https:\/\/ninamartinelli.com.br\/blog2\/combinacao-de-estilos-rustico-e-moderno-com-cotto-vecchio-na-casacor-es-2023\/#breadcrumb"},"inLanguage":"pt-BR","potentialAction":[{"@type":"ReadAction","target":["https:\/\/ninamartinelli.com.br\/blog2\/combinacao-de-estilos-rustico-e-moderno-com-cotto-vecchio-na-casacor-es-2023\/"]}]},{"@type":"ImageObject","inLanguage":"pt-BR","@id":"https:\/\/ninamartinelli.com.br\/blog2\/combinacao-de-estilos-rustico-e-moderno-com-cotto-vecchio-na-casacor-es-2023\/#primaryimage","url":"https:\/\/ninamartinelli.com.br\/blog2\/wp-content\/uploads\/2023\/10\/CASACOR-ES-2023-2.jpg","contentUrl":"https:\/\/ninamartinelli.com.br\/blog2\/wp-content\/uploads\/2023\/10\/CASACOR-ES-2023-2.jpg","width":1000,"height":1499},{"@type":"BreadcrumbList","@id":"https:\/\/ninamartinelli.com.br\/blog2\/combinacao-de-estilos-rustico-e-moderno-com-cotto-vecchio-na-casacor-es-2023\/#breadcrumb","itemListElement":[{"@type":"ListItem","position":1,"name":"In\u00edcio","item":"https:\/\/ninamartinelli.com.br\/blog2\/"},{"@type":"ListItem","position":2,"name":"Combina\u00e7\u00e3o de estilos r\u00fastico e moderno com Cotto Vecchio na CASACOR ES 2023"}]},{"@type":"WebSite","@id":"https:\/\/ninamartinelli.com.br\/blog2\/#website","url":"https:\/\/ninamartinelli.com.br\/blog2\/","name":"Nina Martinelli","description":"#Nina_Martinelli","publisher":{"@id":"https:\/\/ninamartinelli.com.br\/blog2\/#organization"},"potentialAction":[{"@type":"SearchAction","target":{"@type":"EntryPoint","urlTemplate":"https:\/\/ninamartinelli.com.br\/blog2\/?s={search_term_string}"},"query-input":{"@type":"PropertyValueSpecification","valueRequired":true,"valueName":"search_term_string"}}],"inLanguage":"pt-BR"},{"@type":"Organization","@id":"https:\/\/ninamartinelli.com.br\/blog2\/#organization","name":"Blog Novidades","url":"https:\/\/ninamartinelli.com.br\/blog2\/","logo":{"@type":"ImageObject","inLanguage":"pt-BR","@id":"https:\/\/ninamartinelli.com.br\/blog2\/#\/schema\/logo\/image\/","url":"http:\/\/blog.ninamartinelli.com.br\/wp-content\/uploads\/2022\/03\/logo_nina_blog.png","contentUrl":"http:\/\/blog.ninamartinelli.com.br\/wp-content\/uploads\/2022\/03\/logo_nina_blog.png","width":500,"height":104,"caption":"Blog Novidades"},"image":{"@id":"https:\/\/ninamartinelli.com.br\/blog2\/#\/schema\/logo\/image\/"}},{"@type":"Person","@id":"https:\/\/ninamartinelli.com.br\/blog2\/#\/schema\/person\/43fbfb1d4cbe3b472995206b2bb06df5","name":"Ana Maria Devides","image":{"@type":"ImageObject","inLanguage":"pt-BR","@id":"https:\/\/ninamartinelli.com.br\/blog2\/#\/schema\/person\/image\/","url":"https:\/\/secure.gravatar.com\/avatar\/a03a82675d8bb3da8e5c5a6872db97be?s=96&d=mm&r=g","contentUrl":"https:\/\/secure.gravatar.com\/avatar\/a03a82675d8bb3da8e5c5a6872db97be?s=96&d=mm&r=g","caption":"Ana Maria Devides"},"url":"https:\/\/ninamartinelli.com.br\/blog2\/author\/assessoria-nina-martinelli\/"}]}},"_links":{"self":[{"href":"https:\/\/ninamartinelli.com.br\/blog2\/wp-json\/wp\/v2\/posts\/2135","targetHints":{"allow":["GET"]}}],"collection":[{"href":"https:\/\/ninamartinelli.com.br\/blog2\/wp-json\/wp\/v2\/posts"}],"about":[{"href":"https:\/\/ninamartinelli.com.br\/blog2\/wp-json\/wp\/v2\/types\/post"}],"author":[{"embeddable":true,"href":"https:\/\/ninamartinelli.com.br\/blog2\/wp-json\/wp\/v2\/users\/2"}],"replies":[{"embeddable":true,"href":"https:\/\/ninamartinelli.com.br\/blog2\/wp-json\/wp\/v2\/comments?post=2135"}],"version-history":[{"count":2,"href":"https:\/\/ninamartinelli.com.br\/blog2\/wp-json\/wp\/v2\/posts\/2135\/revisions"}],"predecessor-version":[{"id":2142,"href":"https:\/\/ninamartinelli.com.br\/blog2\/wp-json\/wp\/v2\/posts\/2135\/revisions\/2142"}],"wp:featuredmedia":[{"embeddable":true,"href":"https:\/\/ninamartinelli.com.br\/blog2\/wp-json\/wp\/v2\/media\/2137"}],"wp:attachment":[{"href":"https:\/\/ninamartinelli.com.br\/blog2\/wp-json\/wp\/v2\/media?parent=2135"}],"wp:term":[{"taxonomy":"category","embeddable":true,"href":"https:\/\/ninamartinelli.com.br\/blog2\/wp-json\/wp\/v2\/categories?post=2135"},{"taxonomy":"post_tag","embeddable":true,"href":"https:\/\/ninamartinelli.com.br\/blog2\/wp-json\/wp\/v2\/tags?post=2135"}],"curies":[{"name":"wp","href":"https:\/\/api.w.org\/{rel}","templated":true}]}}