{"id":2127,"date":"2023-10-04T09:49:55","date_gmt":"2023-10-04T12:49:55","guid":{"rendered":"https:\/\/ninamartinelli.com.br\/blog2\/?p=2127"},"modified":"2023-10-04T09:49:55","modified_gmt":"2023-10-04T12:49:55","slug":"privacidade-com-permeabilidade-visual-luz-e-ventilacao-na-medida-certa-com-cobogo-brise-clair-sombre","status":"publish","type":"post","link":"https:\/\/ninamartinelli.com.br\/blog2\/privacidade-com-permeabilidade-visual-luz-e-ventilacao-na-medida-certa-com-cobogo-brise-clair-sombre\/","title":{"rendered":"Privacidade com permeabilidade visual, luz e ventila\u00e7\u00e3o na medida certa com Cobog\u00f3 Brise Clair &#038; Sombre"},"content":{"rendered":"<p>Privacidade com permeabilidade visual. Luz e sombra, boa ventila\u00e7\u00e3o e impacto visual moderno, elegante e discreto. Efeitos distintos que, combinados num projeto extremamente bem pensado, resultaram numa casa bel\u00edssima, original, funcional e que atendeu todas as expectativas dos clientes da arquiteta <a href=\"https:\/\/www.instagram.com\/marinezmarton\/\">Marinez Marton<\/a>.<\/p>\n<p>Com quase 300 m<sup>2<\/sup>, erguida numa \u00e1rea que tem o dobro desse tamanho, ou seja, 600m<sup>2<\/sup>, num condom\u00ednio de alto padr\u00e3o no munic\u00edpio de Piratininga, bem pr\u00f3ximo a Bauru, a casa foi projetada aproveitando-se a declividade do terreno. <em>\u201c\u00c9 uma casa com v\u00e1rios n\u00edveis\u201d<\/em>, explica Marinez.<\/p>\n<p>A profissional lan\u00e7ou m\u00e3o da integra\u00e7\u00e3o e da interliga\u00e7\u00e3o visual de v\u00e1rios ambientes. <em>\u201cA sala de estar \u00e9 interligada com a de TV, que \u00e9 ligada visualmente com a cozinha e a sala de jantar, ligados, por sua vez, \u00e0 \u00e1rea gourmet, piscina, pergolado e \u00e1rea verde\u201d<\/em>, descreve ela, que projetou uma escada vazada com guarda-corpo em vidro temperado transl\u00facido, justamente para que o olhar possa se estender atrav\u00e9s dos v\u00e1rios ambientes.<\/p>\n<p>Para assegurar privacidade no acesso \u00e0 \u00e1rea \u00edntima da su\u00edte e demi-su\u00edtes, que ficam num n\u00edvel acima da sala de jantar, Marinez escolheu preencher uma parede com um lindo painel de cobog\u00f3s <a href=\"https:\/\/ninamartinelli.com.br\/#!\/pt\/produtos\/094-cobogo-brise-clair\">Brise Clair &amp; Sombre<\/a>, da Nina Martinelli.<\/p>\n<p><img loading=\"lazy\" decoding=\"async\" class=\"wp-image-2129 alignleft\" src=\"https:\/\/ninamartinelli.com.br\/blog2\/wp-content\/uploads\/2023\/10\/casa-cobogo-corredor-dormitorios-188x300.jpeg\" alt=\"\" width=\"302\" height=\"482\" srcset=\"https:\/\/ninamartinelli.com.br\/blog2\/wp-content\/uploads\/2023\/10\/casa-cobogo-corredor-dormitorios-188x300.jpeg 188w, https:\/\/ninamartinelli.com.br\/blog2\/wp-content\/uploads\/2023\/10\/casa-cobogo-corredor-dormitorios-642x1024.jpeg 642w, https:\/\/ninamartinelli.com.br\/blog2\/wp-content\/uploads\/2023\/10\/casa-cobogo-corredor-dormitorios-768x1225.jpeg 768w, https:\/\/ninamartinelli.com.br\/blog2\/wp-content\/uploads\/2023\/10\/casa-cobogo-corredor-dormitorios.jpeg 861w\" sizes=\"auto, (max-width: 302px) 100vw, 302px\" \/><\/p>\n<p>O mesmo recurso foi utilizado para preencher uma parte da fachada e para e um peda\u00e7o do muro, visando proteger a casa do ponto de vista de quem olha da rua para dentro do im\u00f3vel, sem que a fam\u00edlia deixasse com isso, de visualizar do outro lado um belo jardim existente na \u00e1rea externa. <em>\u201cEscolhemos o tom concreto por combinar com os tons claros usados na casa, especialmente o cinza\u201d<\/em>, explica Marinez.<\/p>\n<p>Os cobog\u00f3s <a href=\"https:\/\/ninamartinelli.com.br\/#!\/pt\/produtos\/095-cobogo-brise-sombre\">Brise Clair &amp; Sombre<\/a> s\u00e3o pe\u00e7as esculturais, assinadas pela artista pl\u00e1stica designer Rosa Pinc. Medem 30x30x7,5cm, e seguem a linha industrial. A Nina os disponibiliza tamb\u00e9m no tom \u201cbianco\u201d.<\/p>\n<p>Suas formas geom\u00e9tricas s\u00e3o perfeitas para divis\u00f3rias e fachadas, pois oferecem aos ambientes n\u00e3o s\u00f3 um efeito est\u00e9tico marcante, como, tamb\u00e9m, caracter\u00edsticas sustent\u00e1veis.<\/p>\n<p>Cobog\u00f3s tamb\u00e9m s\u00e3o aliados da economia de energia, filtrando a radia\u00e7\u00e3o solar e permitindo a ventila\u00e7\u00e3o cruzada. S\u00e3o solu\u00e7\u00f5es que aliam eleg\u00e2ncia e sustentabilidade.<\/p>\n<p><strong>Privacidade com permeabilidade visual asseguradas!<\/strong><\/p>\n<p><em>\u201cN\u00f3s que j\u00e1 somos da \u00e1rea sab\u00edamos que ia funcionar muito bem, por isso sugerimos esse produto. E para os clientes foi uma grata surpresa, pois os espa\u00e7os n\u00e3o ficaram devassados, a privacidade da fam\u00edlia est\u00e1 protegida sem tirar toda a visibilidade entre os espa\u00e7os\u201d<\/em>, diz Marinez.<\/p>\n<p>Os produtos foram adquiridos na revenda parceira <a href=\"https:\/\/www.instagram.com\/ecoportinari\/\">Eco Portinari<\/a>, de Bauru.<\/p>\n<p>Veja mais produtos com os cobog\u00f3s da Nina Martinelli clicando <a href=\"https:\/\/ninamartinelli.com.br\/blog2\/wp-admin\/post.php?post=1167&amp;action=edit\"><strong>aqui.<\/strong><\/a><\/p>\n<p><img loading=\"lazy\" decoding=\"async\" class=\"alignnone  wp-image-2130\" src=\"https:\/\/ninamartinelli.com.br\/blog2\/wp-content\/uploads\/2023\/10\/casa-cobogo-garagem-300x248.jpg\" alt=\"\" width=\"396\" height=\"327\" srcset=\"https:\/\/ninamartinelli.com.br\/blog2\/wp-content\/uploads\/2023\/10\/casa-cobogo-garagem-300x248.jpg 300w, https:\/\/ninamartinelli.com.br\/blog2\/wp-content\/uploads\/2023\/10\/casa-cobogo-garagem-1024x845.jpg 1024w, https:\/\/ninamartinelli.com.br\/blog2\/wp-content\/uploads\/2023\/10\/casa-cobogo-garagem-768x634.jpg 768w, https:\/\/ninamartinelli.com.br\/blog2\/wp-content\/uploads\/2023\/10\/casa-cobogo-garagem-1536x1268.jpg 1536w, https:\/\/ninamartinelli.com.br\/blog2\/wp-content\/uploads\/2023\/10\/casa-cobogo-garagem-2048x1690.jpg 2048w\" sizes=\"auto, (max-width: 396px) 100vw, 396px\" \/><\/p>\n<p><img loading=\"lazy\" decoding=\"async\" class=\"alignnone  wp-image-2132\" src=\"https:\/\/ninamartinelli.com.br\/blog2\/wp-content\/uploads\/2023\/10\/casa-cobogo-painel-estar-300x168.jpeg\" alt=\"\" width=\"438\" height=\"245\" srcset=\"https:\/\/ninamartinelli.com.br\/blog2\/wp-content\/uploads\/2023\/10\/casa-cobogo-painel-estar-300x168.jpeg 300w, https:\/\/ninamartinelli.com.br\/blog2\/wp-content\/uploads\/2023\/10\/casa-cobogo-painel-estar-1024x573.jpeg 1024w, https:\/\/ninamartinelli.com.br\/blog2\/wp-content\/uploads\/2023\/10\/casa-cobogo-painel-estar-768x430.jpeg 768w, https:\/\/ninamartinelli.com.br\/blog2\/wp-content\/uploads\/2023\/10\/casa-cobogo-painel-estar.jpeg 1359w\" sizes=\"auto, (max-width: 438px) 100vw, 438px\" \/><\/p>\n<p><strong>Servi\u00e7o<\/strong><\/p>\n<p><strong>Privacidade com permeabilidade visual<\/strong><br \/>\n<strong>Resid\u00eancia de alto padr\u00e3o em Piratininga\/SP<\/strong><\/p>\n<p><strong>Produto<\/strong> &#8211; Pain\u00e9is de Cobog\u00f3s Brise Clair &amp; Sombre by Rosa Pinc \u2013 30cx30x7,5cm tom Concreto<\/p>\n<p><strong>Projeto<\/strong>: Marinez Marton \u2013 Marinez Marton Arquitetura<\/p>\n<p><strong>Instagram<\/strong>: @marinezmarton<\/p>\n<p><strong>Telefone\/WhatsApp<\/strong> &#8211; +55 14 98122-8227:<\/p>\n<p><strong>Imagens:<\/strong> Guilherme Marton<\/p>\n<p><strong>Instagram:<\/strong> @guilhermemarton<\/p>\n<p><strong>Loja parceira: <\/strong>Eco Portinari<\/p>\n<p><strong>Instagram: <\/strong>@ecoportinari<\/p>\n<p>&nbsp;<\/p>\n","protected":false},"excerpt":{"rendered":"<p>Privacidade com permeabilidade visual. Luz e sombra, boa ventila\u00e7\u00e3o e impacto visual moderno, elegante e<\/p>\n","protected":false},"author":2,"featured_media":2128,"comment_status":"open","ping_status":"open","sticky":false,"template":"","format":"standard","meta":{"footnotes":""},"categories":[42,129],"tags":[39,40,43,158],"class_list":["post-2127","post","type-post","status-publish","format-standard","has-post-thumbnail","hentry","category-colezione-cobogo","category-sustentabilidade","tag-area-externa","tag-area-interna","tag-cobogo","tag-ventilacao-cruzada-privacidade-iluminacao-natural"],"yoast_head":"<!-- This site is optimized with the Yoast SEO plugin v26.8 - https:\/\/yoast.com\/product\/yoast-seo-wordpress\/ -->\n<title>Privacidade com permeabilidade visual, luz e ventila\u00e7\u00e3o na medida certa com Cobog\u00f3 Brise Clair &amp; Sombre<\/title>\n<meta name=\"robots\" content=\"index, follow, max-snippet:-1, max-image-preview:large, max-video-preview:-1\" \/>\n<link rel=\"canonical\" href=\"https:\/\/ninamartinelli.com.br\/blog2\/privacidade-com-permeabilidade-visual-luz-e-ventilacao-na-medida-certa-com-cobogo-brise-clair-sombre\/\" \/>\n<meta property=\"og:locale\" content=\"pt_BR\" \/>\n<meta property=\"og:type\" content=\"article\" \/>\n<meta property=\"og:title\" content=\"Privacidade com permeabilidade visual, luz e ventila\u00e7\u00e3o na medida certa com Cobog\u00f3 Brise Clair &amp; Sombre\" \/>\n<meta property=\"og:description\" content=\"Privacidade com permeabilidade visual. Luz e sombra, boa ventila\u00e7\u00e3o e impacto visual moderno, elegante e\" \/>\n<meta property=\"og:url\" content=\"https:\/\/ninamartinelli.com.br\/blog2\/privacidade-com-permeabilidade-visual-luz-e-ventilacao-na-medida-certa-com-cobogo-brise-clair-sombre\/\" \/>\n<meta property=\"og:site_name\" content=\"Blog Nina\" \/>\n<meta property=\"article:published_time\" content=\"2023-10-04T12:49:55+00:00\" \/>\n<meta property=\"og:image\" content=\"https:\/\/ninamartinelli.com.br\/blog2\/wp-content\/uploads\/2023\/10\/casa-cobogo-Estar.jpg\" \/>\n\t<meta property=\"og:image:width\" content=\"720\" \/>\n\t<meta property=\"og:image:height\" content=\"405\" \/>\n\t<meta property=\"og:image:type\" content=\"image\/jpeg\" \/>\n<meta name=\"author\" content=\"Ana Maria Devides\" \/>\n<meta name=\"twitter:card\" content=\"summary_large_image\" \/>\n<meta name=\"twitter:label1\" content=\"Escrito por\" \/>\n\t<meta name=\"twitter:data1\" content=\"Ana Maria Devides\" \/>\n\t<meta name=\"twitter:label2\" content=\"Est. tempo de leitura\" \/>\n\t<meta name=\"twitter:data2\" content=\"4 minutos\" \/>\n<script type=\"application\/ld+json\" class=\"yoast-schema-graph\">{\"@context\":\"https:\/\/schema.org\",\"@graph\":[{\"@type\":\"Article\",\"@id\":\"https:\/\/ninamartinelli.com.br\/blog2\/privacidade-com-permeabilidade-visual-luz-e-ventilacao-na-medida-certa-com-cobogo-brise-clair-sombre\/#article\",\"isPartOf\":{\"@id\":\"https:\/\/ninamartinelli.com.br\/blog2\/privacidade-com-permeabilidade-visual-luz-e-ventilacao-na-medida-certa-com-cobogo-brise-clair-sombre\/\"},\"author\":{\"name\":\"Ana Maria Devides\",\"@id\":\"https:\/\/ninamartinelli.com.br\/blog2\/#\/schema\/person\/43fbfb1d4cbe3b472995206b2bb06df5\"},\"headline\":\"Privacidade com permeabilidade visual, luz e ventila\u00e7\u00e3o na medida certa com Cobog\u00f3 Brise Clair &#038; Sombre\",\"datePublished\":\"2023-10-04T12:49:55+00:00\",\"mainEntityOfPage\":{\"@id\":\"https:\/\/ninamartinelli.com.br\/blog2\/privacidade-com-permeabilidade-visual-luz-e-ventilacao-na-medida-certa-com-cobogo-brise-clair-sombre\/\"},\"wordCount\":545,\"commentCount\":0,\"publisher\":{\"@id\":\"https:\/\/ninamartinelli.com.br\/blog2\/#organization\"},\"image\":{\"@id\":\"https:\/\/ninamartinelli.com.br\/blog2\/privacidade-com-permeabilidade-visual-luz-e-ventilacao-na-medida-certa-com-cobogo-brise-clair-sombre\/#primaryimage\"},\"thumbnailUrl\":\"https:\/\/ninamartinelli.com.br\/blog2\/wp-content\/uploads\/2023\/10\/casa-cobogo-Estar.jpg\",\"keywords\":[\"area externa\",\"area interna\",\"cobogo\",\"ventila\u00e7\u00e3o cruzada; privacidade; ilumina\u00e7\u00e3o natural\"],\"articleSection\":[\"Colezione Cobog\u00f3\",\"Sustentabilidade\"],\"inLanguage\":\"pt-BR\",\"potentialAction\":[{\"@type\":\"CommentAction\",\"name\":\"Comment\",\"target\":[\"https:\/\/ninamartinelli.com.br\/blog2\/privacidade-com-permeabilidade-visual-luz-e-ventilacao-na-medida-certa-com-cobogo-brise-clair-sombre\/#respond\"]}]},{\"@type\":\"WebPage\",\"@id\":\"https:\/\/ninamartinelli.com.br\/blog2\/privacidade-com-permeabilidade-visual-luz-e-ventilacao-na-medida-certa-com-cobogo-brise-clair-sombre\/\",\"url\":\"https:\/\/ninamartinelli.com.br\/blog2\/privacidade-com-permeabilidade-visual-luz-e-ventilacao-na-medida-certa-com-cobogo-brise-clair-sombre\/\",\"name\":\"Privacidade com permeabilidade visual, luz e ventila\u00e7\u00e3o na medida certa com Cobog\u00f3 Brise Clair & Sombre\",\"isPartOf\":{\"@id\":\"https:\/\/ninamartinelli.com.br\/blog2\/#website\"},\"primaryImageOfPage\":{\"@id\":\"https:\/\/ninamartinelli.com.br\/blog2\/privacidade-com-permeabilidade-visual-luz-e-ventilacao-na-medida-certa-com-cobogo-brise-clair-sombre\/#primaryimage\"},\"image\":{\"@id\":\"https:\/\/ninamartinelli.com.br\/blog2\/privacidade-com-permeabilidade-visual-luz-e-ventilacao-na-medida-certa-com-cobogo-brise-clair-sombre\/#primaryimage\"},\"thumbnailUrl\":\"https:\/\/ninamartinelli.com.br\/blog2\/wp-content\/uploads\/2023\/10\/casa-cobogo-Estar.jpg\",\"datePublished\":\"2023-10-04T12:49:55+00:00\",\"breadcrumb\":{\"@id\":\"https:\/\/ninamartinelli.com.br\/blog2\/privacidade-com-permeabilidade-visual-luz-e-ventilacao-na-medida-certa-com-cobogo-brise-clair-sombre\/#breadcrumb\"},\"inLanguage\":\"pt-BR\",\"potentialAction\":[{\"@type\":\"ReadAction\",\"target\":[\"https:\/\/ninamartinelli.com.br\/blog2\/privacidade-com-permeabilidade-visual-luz-e-ventilacao-na-medida-certa-com-cobogo-brise-clair-sombre\/\"]}]},{\"@type\":\"ImageObject\",\"inLanguage\":\"pt-BR\",\"@id\":\"https:\/\/ninamartinelli.com.br\/blog2\/privacidade-com-permeabilidade-visual-luz-e-ventilacao-na-medida-certa-com-cobogo-brise-clair-sombre\/#primaryimage\",\"url\":\"https:\/\/ninamartinelli.com.br\/blog2\/wp-content\/uploads\/2023\/10\/casa-cobogo-Estar.jpg\",\"contentUrl\":\"https:\/\/ninamartinelli.com.br\/blog2\/wp-content\/uploads\/2023\/10\/casa-cobogo-Estar.jpg\",\"width\":720,\"height\":405},{\"@type\":\"BreadcrumbList\",\"@id\":\"https:\/\/ninamartinelli.com.br\/blog2\/privacidade-com-permeabilidade-visual-luz-e-ventilacao-na-medida-certa-com-cobogo-brise-clair-sombre\/#breadcrumb\",\"itemListElement\":[{\"@type\":\"ListItem\",\"position\":1,\"name\":\"In\u00edcio\",\"item\":\"https:\/\/ninamartinelli.com.br\/blog2\/\"},{\"@type\":\"ListItem\",\"position\":2,\"name\":\"Privacidade com permeabilidade visual, luz e ventila\u00e7\u00e3o na medida certa com Cobog\u00f3 Brise Clair &#038; Sombre\"}]},{\"@type\":\"WebSite\",\"@id\":\"https:\/\/ninamartinelli.com.br\/blog2\/#website\",\"url\":\"https:\/\/ninamartinelli.com.br\/blog2\/\",\"name\":\"Nina Martinelli\",\"description\":\"#Nina_Martinelli\",\"publisher\":{\"@id\":\"https:\/\/ninamartinelli.com.br\/blog2\/#organization\"},\"potentialAction\":[{\"@type\":\"SearchAction\",\"target\":{\"@type\":\"EntryPoint\",\"urlTemplate\":\"https:\/\/ninamartinelli.com.br\/blog2\/?s={search_term_string}\"},\"query-input\":{\"@type\":\"PropertyValueSpecification\",\"valueRequired\":true,\"valueName\":\"search_term_string\"}}],\"inLanguage\":\"pt-BR\"},{\"@type\":\"Organization\",\"@id\":\"https:\/\/ninamartinelli.com.br\/blog2\/#organization\",\"name\":\"Blog Novidades\",\"url\":\"https:\/\/ninamartinelli.com.br\/blog2\/\",\"logo\":{\"@type\":\"ImageObject\",\"inLanguage\":\"pt-BR\",\"@id\":\"https:\/\/ninamartinelli.com.br\/blog2\/#\/schema\/logo\/image\/\",\"url\":\"http:\/\/blog.ninamartinelli.com.br\/wp-content\/uploads\/2022\/03\/logo_nina_blog.png\",\"contentUrl\":\"http:\/\/blog.ninamartinelli.com.br\/wp-content\/uploads\/2022\/03\/logo_nina_blog.png\",\"width\":500,\"height\":104,\"caption\":\"Blog Novidades\"},\"image\":{\"@id\":\"https:\/\/ninamartinelli.com.br\/blog2\/#\/schema\/logo\/image\/\"}},{\"@type\":\"Person\",\"@id\":\"https:\/\/ninamartinelli.com.br\/blog2\/#\/schema\/person\/43fbfb1d4cbe3b472995206b2bb06df5\",\"name\":\"Ana Maria Devides\",\"image\":{\"@type\":\"ImageObject\",\"inLanguage\":\"pt-BR\",\"@id\":\"https:\/\/ninamartinelli.com.br\/blog2\/#\/schema\/person\/image\/\",\"url\":\"https:\/\/secure.gravatar.com\/avatar\/a03a82675d8bb3da8e5c5a6872db97be?s=96&d=mm&r=g\",\"contentUrl\":\"https:\/\/secure.gravatar.com\/avatar\/a03a82675d8bb3da8e5c5a6872db97be?s=96&d=mm&r=g\",\"caption\":\"Ana Maria Devides\"},\"url\":\"https:\/\/ninamartinelli.com.br\/blog2\/author\/assessoria-nina-martinelli\/\"}]}<\/script>\n<!-- \/ Yoast SEO plugin. -->","yoast_head_json":{"title":"Privacidade com permeabilidade visual, luz e ventila\u00e7\u00e3o na medida certa com Cobog\u00f3 Brise Clair & Sombre","robots":{"index":"index","follow":"follow","max-snippet":"max-snippet:-1","max-image-preview":"max-image-preview:large","max-video-preview":"max-video-preview:-1"},"canonical":"https:\/\/ninamartinelli.com.br\/blog2\/privacidade-com-permeabilidade-visual-luz-e-ventilacao-na-medida-certa-com-cobogo-brise-clair-sombre\/","og_locale":"pt_BR","og_type":"article","og_title":"Privacidade com permeabilidade visual, luz e ventila\u00e7\u00e3o na medida certa com Cobog\u00f3 Brise Clair & Sombre","og_description":"Privacidade com permeabilidade visual. Luz e sombra, boa ventila\u00e7\u00e3o e impacto visual moderno, elegante e","og_url":"https:\/\/ninamartinelli.com.br\/blog2\/privacidade-com-permeabilidade-visual-luz-e-ventilacao-na-medida-certa-com-cobogo-brise-clair-sombre\/","og_site_name":"Blog Nina","article_published_time":"2023-10-04T12:49:55+00:00","og_image":[{"width":720,"height":405,"url":"https:\/\/ninamartinelli.com.br\/blog2\/wp-content\/uploads\/2023\/10\/casa-cobogo-Estar.jpg","type":"image\/jpeg"}],"author":"Ana Maria Devides","twitter_card":"summary_large_image","twitter_misc":{"Escrito por":"Ana Maria Devides","Est. tempo de leitura":"4 minutos"},"schema":{"@context":"https:\/\/schema.org","@graph":[{"@type":"Article","@id":"https:\/\/ninamartinelli.com.br\/blog2\/privacidade-com-permeabilidade-visual-luz-e-ventilacao-na-medida-certa-com-cobogo-brise-clair-sombre\/#article","isPartOf":{"@id":"https:\/\/ninamartinelli.com.br\/blog2\/privacidade-com-permeabilidade-visual-luz-e-ventilacao-na-medida-certa-com-cobogo-brise-clair-sombre\/"},"author":{"name":"Ana Maria Devides","@id":"https:\/\/ninamartinelli.com.br\/blog2\/#\/schema\/person\/43fbfb1d4cbe3b472995206b2bb06df5"},"headline":"Privacidade com permeabilidade visual, luz e ventila\u00e7\u00e3o na medida certa com Cobog\u00f3 Brise Clair &#038; Sombre","datePublished":"2023-10-04T12:49:55+00:00","mainEntityOfPage":{"@id":"https:\/\/ninamartinelli.com.br\/blog2\/privacidade-com-permeabilidade-visual-luz-e-ventilacao-na-medida-certa-com-cobogo-brise-clair-sombre\/"},"wordCount":545,"commentCount":0,"publisher":{"@id":"https:\/\/ninamartinelli.com.br\/blog2\/#organization"},"image":{"@id":"https:\/\/ninamartinelli.com.br\/blog2\/privacidade-com-permeabilidade-visual-luz-e-ventilacao-na-medida-certa-com-cobogo-brise-clair-sombre\/#primaryimage"},"thumbnailUrl":"https:\/\/ninamartinelli.com.br\/blog2\/wp-content\/uploads\/2023\/10\/casa-cobogo-Estar.jpg","keywords":["area externa","area interna","cobogo","ventila\u00e7\u00e3o cruzada; privacidade; ilumina\u00e7\u00e3o natural"],"articleSection":["Colezione Cobog\u00f3","Sustentabilidade"],"inLanguage":"pt-BR","potentialAction":[{"@type":"CommentAction","name":"Comment","target":["https:\/\/ninamartinelli.com.br\/blog2\/privacidade-com-permeabilidade-visual-luz-e-ventilacao-na-medida-certa-com-cobogo-brise-clair-sombre\/#respond"]}]},{"@type":"WebPage","@id":"https:\/\/ninamartinelli.com.br\/blog2\/privacidade-com-permeabilidade-visual-luz-e-ventilacao-na-medida-certa-com-cobogo-brise-clair-sombre\/","url":"https:\/\/ninamartinelli.com.br\/blog2\/privacidade-com-permeabilidade-visual-luz-e-ventilacao-na-medida-certa-com-cobogo-brise-clair-sombre\/","name":"Privacidade com permeabilidade visual, luz e ventila\u00e7\u00e3o na medida certa com Cobog\u00f3 Brise Clair & Sombre","isPartOf":{"@id":"https:\/\/ninamartinelli.com.br\/blog2\/#website"},"primaryImageOfPage":{"@id":"https:\/\/ninamartinelli.com.br\/blog2\/privacidade-com-permeabilidade-visual-luz-e-ventilacao-na-medida-certa-com-cobogo-brise-clair-sombre\/#primaryimage"},"image":{"@id":"https:\/\/ninamartinelli.com.br\/blog2\/privacidade-com-permeabilidade-visual-luz-e-ventilacao-na-medida-certa-com-cobogo-brise-clair-sombre\/#primaryimage"},"thumbnailUrl":"https:\/\/ninamartinelli.com.br\/blog2\/wp-content\/uploads\/2023\/10\/casa-cobogo-Estar.jpg","datePublished":"2023-10-04T12:49:55+00:00","breadcrumb":{"@id":"https:\/\/ninamartinelli.com.br\/blog2\/privacidade-com-permeabilidade-visual-luz-e-ventilacao-na-medida-certa-com-cobogo-brise-clair-sombre\/#breadcrumb"},"inLanguage":"pt-BR","potentialAction":[{"@type":"ReadAction","target":["https:\/\/ninamartinelli.com.br\/blog2\/privacidade-com-permeabilidade-visual-luz-e-ventilacao-na-medida-certa-com-cobogo-brise-clair-sombre\/"]}]},{"@type":"ImageObject","inLanguage":"pt-BR","@id":"https:\/\/ninamartinelli.com.br\/blog2\/privacidade-com-permeabilidade-visual-luz-e-ventilacao-na-medida-certa-com-cobogo-brise-clair-sombre\/#primaryimage","url":"https:\/\/ninamartinelli.com.br\/blog2\/wp-content\/uploads\/2023\/10\/casa-cobogo-Estar.jpg","contentUrl":"https:\/\/ninamartinelli.com.br\/blog2\/wp-content\/uploads\/2023\/10\/casa-cobogo-Estar.jpg","width":720,"height":405},{"@type":"BreadcrumbList","@id":"https:\/\/ninamartinelli.com.br\/blog2\/privacidade-com-permeabilidade-visual-luz-e-ventilacao-na-medida-certa-com-cobogo-brise-clair-sombre\/#breadcrumb","itemListElement":[{"@type":"ListItem","position":1,"name":"In\u00edcio","item":"https:\/\/ninamartinelli.com.br\/blog2\/"},{"@type":"ListItem","position":2,"name":"Privacidade com permeabilidade visual, luz e ventila\u00e7\u00e3o na medida certa com Cobog\u00f3 Brise Clair &#038; Sombre"}]},{"@type":"WebSite","@id":"https:\/\/ninamartinelli.com.br\/blog2\/#website","url":"https:\/\/ninamartinelli.com.br\/blog2\/","name":"Nina Martinelli","description":"#Nina_Martinelli","publisher":{"@id":"https:\/\/ninamartinelli.com.br\/blog2\/#organization"},"potentialAction":[{"@type":"SearchAction","target":{"@type":"EntryPoint","urlTemplate":"https:\/\/ninamartinelli.com.br\/blog2\/?s={search_term_string}"},"query-input":{"@type":"PropertyValueSpecification","valueRequired":true,"valueName":"search_term_string"}}],"inLanguage":"pt-BR"},{"@type":"Organization","@id":"https:\/\/ninamartinelli.com.br\/blog2\/#organization","name":"Blog Novidades","url":"https:\/\/ninamartinelli.com.br\/blog2\/","logo":{"@type":"ImageObject","inLanguage":"pt-BR","@id":"https:\/\/ninamartinelli.com.br\/blog2\/#\/schema\/logo\/image\/","url":"http:\/\/blog.ninamartinelli.com.br\/wp-content\/uploads\/2022\/03\/logo_nina_blog.png","contentUrl":"http:\/\/blog.ninamartinelli.com.br\/wp-content\/uploads\/2022\/03\/logo_nina_blog.png","width":500,"height":104,"caption":"Blog Novidades"},"image":{"@id":"https:\/\/ninamartinelli.com.br\/blog2\/#\/schema\/logo\/image\/"}},{"@type":"Person","@id":"https:\/\/ninamartinelli.com.br\/blog2\/#\/schema\/person\/43fbfb1d4cbe3b472995206b2bb06df5","name":"Ana Maria Devides","image":{"@type":"ImageObject","inLanguage":"pt-BR","@id":"https:\/\/ninamartinelli.com.br\/blog2\/#\/schema\/person\/image\/","url":"https:\/\/secure.gravatar.com\/avatar\/a03a82675d8bb3da8e5c5a6872db97be?s=96&d=mm&r=g","contentUrl":"https:\/\/secure.gravatar.com\/avatar\/a03a82675d8bb3da8e5c5a6872db97be?s=96&d=mm&r=g","caption":"Ana Maria Devides"},"url":"https:\/\/ninamartinelli.com.br\/blog2\/author\/assessoria-nina-martinelli\/"}]}},"_links":{"self":[{"href":"https:\/\/ninamartinelli.com.br\/blog2\/wp-json\/wp\/v2\/posts\/2127","targetHints":{"allow":["GET"]}}],"collection":[{"href":"https:\/\/ninamartinelli.com.br\/blog2\/wp-json\/wp\/v2\/posts"}],"about":[{"href":"https:\/\/ninamartinelli.com.br\/blog2\/wp-json\/wp\/v2\/types\/post"}],"author":[{"embeddable":true,"href":"https:\/\/ninamartinelli.com.br\/blog2\/wp-json\/wp\/v2\/users\/2"}],"replies":[{"embeddable":true,"href":"https:\/\/ninamartinelli.com.br\/blog2\/wp-json\/wp\/v2\/comments?post=2127"}],"version-history":[{"count":2,"href":"https:\/\/ninamartinelli.com.br\/blog2\/wp-json\/wp\/v2\/posts\/2127\/revisions"}],"predecessor-version":[{"id":2134,"href":"https:\/\/ninamartinelli.com.br\/blog2\/wp-json\/wp\/v2\/posts\/2127\/revisions\/2134"}],"wp:featuredmedia":[{"embeddable":true,"href":"https:\/\/ninamartinelli.com.br\/blog2\/wp-json\/wp\/v2\/media\/2128"}],"wp:attachment":[{"href":"https:\/\/ninamartinelli.com.br\/blog2\/wp-json\/wp\/v2\/media?parent=2127"}],"wp:term":[{"taxonomy":"category","embeddable":true,"href":"https:\/\/ninamartinelli.com.br\/blog2\/wp-json\/wp\/v2\/categories?post=2127"},{"taxonomy":"post_tag","embeddable":true,"href":"https:\/\/ninamartinelli.com.br\/blog2\/wp-json\/wp\/v2\/tags?post=2127"}],"curies":[{"name":"wp","href":"https:\/\/api.w.org\/{rel}","templated":true}]}}