{"id":2119,"date":"2023-09-27T09:28:22","date_gmt":"2023-09-27T12:28:22","guid":{"rendered":"https:\/\/ninamartinelli.com.br\/blog2\/?p=2119"},"modified":"2023-09-27T09:28:22","modified_gmt":"2023-09-27T12:28:22","slug":"estilos-provencal-europeu-e-colonial-brasileiro-com-cotto-vecchio-rosso-encantam-em-ambiente-da-2a-mostra-designers-de-interiores-de-feira-de-santana-ba","status":"publish","type":"post","link":"https:\/\/ninamartinelli.com.br\/blog2\/estilos-provencal-europeu-e-colonial-brasileiro-com-cotto-vecchio-rosso-encantam-em-ambiente-da-2a-mostra-designers-de-interiores-de-feira-de-santana-ba\/","title":{"rendered":"Estilos proven\u00e7al europeu e colonial brasileiro com Cotto Vecchio Rosso encantam em ambiente da 2\u00aa Mostra Designers de Interiores de Feira de Santana\/BA"},"content":{"rendered":"<p>Estilos proven\u00e7al europeu e colonial brasileiro, num mix ousado e, ao mesmo tempo, equilibrad\u00edssimo. Resultando num dos ambientes mais apreciados da 2\u00aa Mostra Designers de Interiores de Feira de Santana, evento que durante este m\u00eas de setembro, no <a href=\"https:\/\/www.shoppingavenida.com.br\/\">Shopping Avenida<\/a>, mobilizou profissionais e p\u00fablico, nesta que \u00e9 uma das mais importantes cidades da Bahia.<\/p>\n<p>Esse ambiente \u00e9 a Varanda Jardim, assinada por <a href=\"https:\/\/www.instagram.com\/ramonnoya\/\">Ramon Noya<\/a>, com paisagismo de <a href=\"https:\/\/www.instagram.com\/izabelsimoes_paisagismo\/\">Izabel Sim\u00f5es<\/a>. O piso desse espa\u00e7o, que reflete conceitos de acolhimento, tranquilidade, simplicidade e eleg\u00e2ncia, \u00e9 a cer\u00e2mica <a href=\"https:\/\/ninamartinelli.com.br\/#!\/pt\/produtos\/139000000-piso-cotto-vecchio\">Cotto Vecchio 24x24cm da Nina Martinelli Pisos e Revestimentos.<\/a> O tom escolhido por Noya foi o Rosso, e o produto foi aplicado em pagina\u00e7\u00e3o alinhada.<\/p>\n<p><img loading=\"lazy\" decoding=\"async\" class=\"wp-image-2121 alignleft\" src=\"https:\/\/ninamartinelli.com.br\/blog2\/wp-content\/uploads\/2023\/09\/varanda-jardim-4-209x300.jpg\" alt=\"\" width=\"339\" height=\"486\" srcset=\"https:\/\/ninamartinelli.com.br\/blog2\/wp-content\/uploads\/2023\/09\/varanda-jardim-4-209x300.jpg 209w, https:\/\/ninamartinelli.com.br\/blog2\/wp-content\/uploads\/2023\/09\/varanda-jardim-4-768x1104.jpg 768w, https:\/\/ninamartinelli.com.br\/blog2\/wp-content\/uploads\/2023\/09\/varanda-jardim-4-1024x1472.jpg 1024w, https:\/\/ninamartinelli.com.br\/blog2\/wp-content\/uploads\/2023\/09\/varanda-jardim-4.jpg 1080w\" sizes=\"auto, (max-width: 339px) 100vw, 339px\" \/><\/p>\n<p>Feito em cer\u00e2mica natural, com varia\u00e7\u00f5es t\u00edpicas na tonalidade e superf\u00edcie envelhecida, com arestas levemente desgastadas e nuances originadas no processo de queima, esse \u00e9 um produto exclusivo Nina Martinelli, apresentado em diversas dimens\u00f5es \u2013 5,2&#215;5,2cm, 11,5&#215;11,5cm, 24x24cm, 11,5x24cm, 5,2&#215;11,5 e 5,2x24cm. O produto foi adquirido na revenda parceira <a href=\"https:\/\/www.instagram.com\/salateceng\/\">Sala T\u00e9cnica Eng,<\/a> de Feira de Santana.<\/p>\n<p>Essas diferentes dimens\u00f5es expandem a criatividade dos arquitetos, quando desejam tamb\u00e9m optar por pagina\u00e7\u00f5es diferenciadas, tanto em ambientes internos quanto externos. O produto \u00e9 disponibilizado nos tons Rosso, Nero, Paglia e Sfumato.<\/p>\n<p>Na Varanda Jardim, o piso Cotto Vecchio no tom Rosso acrescentou rusticidade e frescor ao espa\u00e7o, dialogando com m\u00f3veis elegantes, muitas plantas escolhidas a dedo pela paisagista, harmonizando-se tamb\u00e9m com os objetos de decora\u00e7\u00e3o e a ilumina\u00e7\u00e3o caprichada.<br \/>\nInspirados nos estilos proven\u00e7al europeu e colonial brasileiro, a paisagista Izabel Sim\u00f5es e o designer Ramon Noya trouxeram uma releitura do passado com adapta\u00e7\u00f5es \u00e0 Bahia contempor\u00e2nea.<\/p>\n<p><em>\u201cDessa simbiose de linguagem est\u00e9tica e funcionalidade resgatadas, fluiu o projeto, que nos remete ao prazer da varanda e do jardim, com muita simplicidade e eleg\u00e2ncia\u201d<\/em>, explicam os criadores.<\/p>\n<p>Com o tema \u201cEss\u00eancia e Ref\u00fagio\u201d, a mostra \u00e9 organizada pelo grupo <a href=\"https:\/\/www.instagram.com\/grupodifsa\/\">DIFSA (Designers de Interiores de Feira de Santana)<\/a> e reuniu este ano 16 respeitados profissionais que criaram, al\u00e9m da Varanda Jardim, tamb\u00e9m os ambientes sala de estar, sala de jantar, cozinha, quarto e sala t\u00e9cnica.<\/p>\n<p><img loading=\"lazy\" decoding=\"async\" class=\"wp-image-2124 aligncenter\" src=\"https:\/\/ninamartinelli.com.br\/blog2\/wp-content\/uploads\/2023\/09\/varanda-jardim-1-186x300.jpg\" alt=\"\" width=\"267\" height=\"431\" srcset=\"https:\/\/ninamartinelli.com.br\/blog2\/wp-content\/uploads\/2023\/09\/varanda-jardim-1-186x300.jpg 186w, https:\/\/ninamartinelli.com.br\/blog2\/wp-content\/uploads\/2023\/09\/varanda-jardim-1.jpg 994w\" sizes=\"auto, (max-width: 267px) 100vw, 267px\" \/><\/p>\n<p>\u201c<em>Como o nobre Jo\u00e3o de barro molda seu lar com dedica\u00e7\u00e3o e maestria, assim tamb\u00e9m constru\u00edmos este evento com amor e empenho, refletindo o acolhimento e a beleza inerentes ao nosso universo<\/em>\u201d, conclui a organiza\u00e7\u00e3o.<\/p>\n<p>Estilos proven\u00e7al europeu e colonial brasileiro, um mix que deu certo!<\/p>\n<p>&nbsp;<\/p>\n<p><strong>Servi\u00e7o<\/strong> \u2013 <strong>Estilos proven\u00e7al europeu e colonial brasileiro<\/strong><\/p>\n<p>2\u00aa Mostra de Designers de Interiores de Feira de Santana\/Bahia<\/p>\n<p><strong>Realiza\u00e7\u00e3o Grupo Difsa<\/strong> &#8211; <a href=\"https:\/\/www.instagram.com\/grupodifsa\/\">https:\/\/www.instagram.com\/grupodifsa\/<\/a><\/p>\n<p><strong>Shopping Avenida<\/strong><\/p>\n<p><strong>Ambiente Varanda Jardim<\/strong><\/p>\n<p><strong>Produto:<\/strong> Piso Cotto Vecchio Rosso \u2013 24x24cm<\/p>\n<p><strong>Projeto: <\/strong>Ramon Noya<\/p>\n<p><strong>Instagram: <\/strong>@ramonnoya<\/p>\n<p><strong>Paisagismo: <\/strong>Izabel Sim\u00f5es<\/p>\n<p><strong>Instagram: <\/strong>@izabelsimoes_paisagismo<\/p>\n<p><strong>Revenda Parceira<\/strong>: Sala T\u00e9cnica Eng.<\/p>\n<p><strong>Instagram<\/strong>: @salateceng<\/p>\n<p><strong>Imagens:<\/strong> Divulga\u00e7\u00e3o<\/p>\n","protected":false},"excerpt":{"rendered":"<p>Estilos proven\u00e7al europeu e colonial brasileiro, num mix ousado e, ao mesmo tempo, equilibrad\u00edssimo. Resultando<\/p>\n","protected":false},"author":2,"featured_media":2120,"comment_status":"open","ping_status":"open","sticky":false,"template":"","format":"standard","meta":{"footnotes":""},"categories":[59,19,1,21],"tags":[39,45,25,85,5],"class_list":["post-2119","post","type-post","status-publish","format-standard","has-post-thumbnail","hentry","category-ceramica","category-mostras-e-eventos","category-nina-martinelli","category-pisos","tag-area-externa","tag-ceramica","tag-piso-de-ceramica","tag-piso-rustico","tag-projetos"],"yoast_head":"<!-- This site is optimized with the Yoast SEO plugin v26.8 - https:\/\/yoast.com\/product\/yoast-seo-wordpress\/ -->\n<title>Estilos proven\u00e7al europeu e colonial brasileiro com Cotto Vecchio Rosso encantam em ambiente da 2\u00aa Mostra Designers de Interiores de Feira de Santana\/BA<\/title>\n<meta name=\"description\" content=\"Estilos proven\u00e7al europeu e colonial brasileiro, um mix ousado, mas equilibrado, definido para um ambiente super especial, saiba mais!\" \/>\n<meta name=\"robots\" content=\"index, follow, max-snippet:-1, max-image-preview:large, max-video-preview:-1\" \/>\n<link rel=\"canonical\" href=\"https:\/\/ninamartinelli.com.br\/blog2\/estilos-provencal-europeu-e-colonial-brasileiro-com-cotto-vecchio-rosso-encantam-em-ambiente-da-2a-mostra-designers-de-interiores-de-feira-de-santana-ba\/\" \/>\n<meta property=\"og:locale\" content=\"pt_BR\" \/>\n<meta property=\"og:type\" content=\"article\" \/>\n<meta property=\"og:title\" content=\"Estilos proven\u00e7al europeu e colonial brasileiro com Cotto Vecchio Rosso encantam em ambiente da 2\u00aa Mostra Designers de Interiores de Feira de Santana\/BA\" \/>\n<meta property=\"og:description\" content=\"Estilos proven\u00e7al europeu e colonial brasileiro, um mix ousado, mas equilibrado, definido para um ambiente super especial, saiba mais!\" \/>\n<meta property=\"og:url\" content=\"https:\/\/ninamartinelli.com.br\/blog2\/estilos-provencal-europeu-e-colonial-brasileiro-com-cotto-vecchio-rosso-encantam-em-ambiente-da-2a-mostra-designers-de-interiores-de-feira-de-santana-ba\/\" \/>\n<meta property=\"og:site_name\" content=\"Blog Nina\" \/>\n<meta property=\"article:published_time\" content=\"2023-09-27T12:28:22+00:00\" \/>\n<meta property=\"og:image\" content=\"https:\/\/ninamartinelli.com.br\/blog2\/wp-content\/uploads\/2023\/09\/varanda-jardim-5.jpg\" \/>\n\t<meta property=\"og:image:width\" content=\"1080\" \/>\n\t<meta property=\"og:image:height\" content=\"1563\" \/>\n\t<meta property=\"og:image:type\" content=\"image\/jpeg\" \/>\n<meta name=\"author\" content=\"Ana Maria Devides\" \/>\n<meta name=\"twitter:card\" content=\"summary_large_image\" \/>\n<meta name=\"twitter:label1\" content=\"Escrito por\" \/>\n\t<meta name=\"twitter:data1\" content=\"Ana Maria Devides\" \/>\n\t<meta name=\"twitter:label2\" content=\"Est. tempo de leitura\" \/>\n\t<meta name=\"twitter:data2\" content=\"3 minutos\" \/>\n<script type=\"application\/ld+json\" class=\"yoast-schema-graph\">{\"@context\":\"https:\/\/schema.org\",\"@graph\":[{\"@type\":\"Article\",\"@id\":\"https:\/\/ninamartinelli.com.br\/blog2\/estilos-provencal-europeu-e-colonial-brasileiro-com-cotto-vecchio-rosso-encantam-em-ambiente-da-2a-mostra-designers-de-interiores-de-feira-de-santana-ba\/#article\",\"isPartOf\":{\"@id\":\"https:\/\/ninamartinelli.com.br\/blog2\/estilos-provencal-europeu-e-colonial-brasileiro-com-cotto-vecchio-rosso-encantam-em-ambiente-da-2a-mostra-designers-de-interiores-de-feira-de-santana-ba\/\"},\"author\":{\"name\":\"Ana Maria Devides\",\"@id\":\"https:\/\/ninamartinelli.com.br\/blog2\/#\/schema\/person\/43fbfb1d4cbe3b472995206b2bb06df5\"},\"headline\":\"Estilos proven\u00e7al europeu e colonial brasileiro com Cotto Vecchio Rosso encantam em ambiente da 2\u00aa Mostra Designers de Interiores de Feira de Santana\/BA\",\"datePublished\":\"2023-09-27T12:28:22+00:00\",\"mainEntityOfPage\":{\"@id\":\"https:\/\/ninamartinelli.com.br\/blog2\/estilos-provencal-europeu-e-colonial-brasileiro-com-cotto-vecchio-rosso-encantam-em-ambiente-da-2a-mostra-designers-de-interiores-de-feira-de-santana-ba\/\"},\"wordCount\":510,\"commentCount\":0,\"publisher\":{\"@id\":\"https:\/\/ninamartinelli.com.br\/blog2\/#organization\"},\"image\":{\"@id\":\"https:\/\/ninamartinelli.com.br\/blog2\/estilos-provencal-europeu-e-colonial-brasileiro-com-cotto-vecchio-rosso-encantam-em-ambiente-da-2a-mostra-designers-de-interiores-de-feira-de-santana-ba\/#primaryimage\"},\"thumbnailUrl\":\"https:\/\/ninamartinelli.com.br\/blog2\/wp-content\/uploads\/2023\/09\/varanda-jardim-5.jpg\",\"keywords\":[\"area externa\",\"ceramica\",\"piso de ceramica\",\"piso rustico\",\"Projetos\"],\"articleSection\":[\"Cer\u00e2mica\",\"Mostras e Eventos\",\"Nina Martinelli\",\"Pisos\"],\"inLanguage\":\"pt-BR\",\"potentialAction\":[{\"@type\":\"CommentAction\",\"name\":\"Comment\",\"target\":[\"https:\/\/ninamartinelli.com.br\/blog2\/estilos-provencal-europeu-e-colonial-brasileiro-com-cotto-vecchio-rosso-encantam-em-ambiente-da-2a-mostra-designers-de-interiores-de-feira-de-santana-ba\/#respond\"]}]},{\"@type\":\"WebPage\",\"@id\":\"https:\/\/ninamartinelli.com.br\/blog2\/estilos-provencal-europeu-e-colonial-brasileiro-com-cotto-vecchio-rosso-encantam-em-ambiente-da-2a-mostra-designers-de-interiores-de-feira-de-santana-ba\/\",\"url\":\"https:\/\/ninamartinelli.com.br\/blog2\/estilos-provencal-europeu-e-colonial-brasileiro-com-cotto-vecchio-rosso-encantam-em-ambiente-da-2a-mostra-designers-de-interiores-de-feira-de-santana-ba\/\",\"name\":\"Estilos proven\u00e7al europeu e colonial brasileiro com Cotto Vecchio Rosso encantam em ambiente da 2\u00aa Mostra Designers de Interiores de Feira de Santana\/BA\",\"isPartOf\":{\"@id\":\"https:\/\/ninamartinelli.com.br\/blog2\/#website\"},\"primaryImageOfPage\":{\"@id\":\"https:\/\/ninamartinelli.com.br\/blog2\/estilos-provencal-europeu-e-colonial-brasileiro-com-cotto-vecchio-rosso-encantam-em-ambiente-da-2a-mostra-designers-de-interiores-de-feira-de-santana-ba\/#primaryimage\"},\"image\":{\"@id\":\"https:\/\/ninamartinelli.com.br\/blog2\/estilos-provencal-europeu-e-colonial-brasileiro-com-cotto-vecchio-rosso-encantam-em-ambiente-da-2a-mostra-designers-de-interiores-de-feira-de-santana-ba\/#primaryimage\"},\"thumbnailUrl\":\"https:\/\/ninamartinelli.com.br\/blog2\/wp-content\/uploads\/2023\/09\/varanda-jardim-5.jpg\",\"datePublished\":\"2023-09-27T12:28:22+00:00\",\"description\":\"Estilos proven\u00e7al europeu e colonial brasileiro, um mix ousado, mas equilibrado, definido para um ambiente super especial, saiba mais!\",\"breadcrumb\":{\"@id\":\"https:\/\/ninamartinelli.com.br\/blog2\/estilos-provencal-europeu-e-colonial-brasileiro-com-cotto-vecchio-rosso-encantam-em-ambiente-da-2a-mostra-designers-de-interiores-de-feira-de-santana-ba\/#breadcrumb\"},\"inLanguage\":\"pt-BR\",\"potentialAction\":[{\"@type\":\"ReadAction\",\"target\":[\"https:\/\/ninamartinelli.com.br\/blog2\/estilos-provencal-europeu-e-colonial-brasileiro-com-cotto-vecchio-rosso-encantam-em-ambiente-da-2a-mostra-designers-de-interiores-de-feira-de-santana-ba\/\"]}]},{\"@type\":\"ImageObject\",\"inLanguage\":\"pt-BR\",\"@id\":\"https:\/\/ninamartinelli.com.br\/blog2\/estilos-provencal-europeu-e-colonial-brasileiro-com-cotto-vecchio-rosso-encantam-em-ambiente-da-2a-mostra-designers-de-interiores-de-feira-de-santana-ba\/#primaryimage\",\"url\":\"https:\/\/ninamartinelli.com.br\/blog2\/wp-content\/uploads\/2023\/09\/varanda-jardim-5.jpg\",\"contentUrl\":\"https:\/\/ninamartinelli.com.br\/blog2\/wp-content\/uploads\/2023\/09\/varanda-jardim-5.jpg\",\"width\":1080,\"height\":1563},{\"@type\":\"BreadcrumbList\",\"@id\":\"https:\/\/ninamartinelli.com.br\/blog2\/estilos-provencal-europeu-e-colonial-brasileiro-com-cotto-vecchio-rosso-encantam-em-ambiente-da-2a-mostra-designers-de-interiores-de-feira-de-santana-ba\/#breadcrumb\",\"itemListElement\":[{\"@type\":\"ListItem\",\"position\":1,\"name\":\"In\u00edcio\",\"item\":\"https:\/\/ninamartinelli.com.br\/blog2\/\"},{\"@type\":\"ListItem\",\"position\":2,\"name\":\"Estilos proven\u00e7al europeu e colonial brasileiro com Cotto Vecchio Rosso encantam em ambiente da 2\u00aa Mostra Designers de Interiores de Feira de Santana\/BA\"}]},{\"@type\":\"WebSite\",\"@id\":\"https:\/\/ninamartinelli.com.br\/blog2\/#website\",\"url\":\"https:\/\/ninamartinelli.com.br\/blog2\/\",\"name\":\"Nina Martinelli\",\"description\":\"#Nina_Martinelli\",\"publisher\":{\"@id\":\"https:\/\/ninamartinelli.com.br\/blog2\/#organization\"},\"potentialAction\":[{\"@type\":\"SearchAction\",\"target\":{\"@type\":\"EntryPoint\",\"urlTemplate\":\"https:\/\/ninamartinelli.com.br\/blog2\/?s={search_term_string}\"},\"query-input\":{\"@type\":\"PropertyValueSpecification\",\"valueRequired\":true,\"valueName\":\"search_term_string\"}}],\"inLanguage\":\"pt-BR\"},{\"@type\":\"Organization\",\"@id\":\"https:\/\/ninamartinelli.com.br\/blog2\/#organization\",\"name\":\"Blog Novidades\",\"url\":\"https:\/\/ninamartinelli.com.br\/blog2\/\",\"logo\":{\"@type\":\"ImageObject\",\"inLanguage\":\"pt-BR\",\"@id\":\"https:\/\/ninamartinelli.com.br\/blog2\/#\/schema\/logo\/image\/\",\"url\":\"http:\/\/blog.ninamartinelli.com.br\/wp-content\/uploads\/2022\/03\/logo_nina_blog.png\",\"contentUrl\":\"http:\/\/blog.ninamartinelli.com.br\/wp-content\/uploads\/2022\/03\/logo_nina_blog.png\",\"width\":500,\"height\":104,\"caption\":\"Blog Novidades\"},\"image\":{\"@id\":\"https:\/\/ninamartinelli.com.br\/blog2\/#\/schema\/logo\/image\/\"}},{\"@type\":\"Person\",\"@id\":\"https:\/\/ninamartinelli.com.br\/blog2\/#\/schema\/person\/43fbfb1d4cbe3b472995206b2bb06df5\",\"name\":\"Ana Maria Devides\",\"image\":{\"@type\":\"ImageObject\",\"inLanguage\":\"pt-BR\",\"@id\":\"https:\/\/ninamartinelli.com.br\/blog2\/#\/schema\/person\/image\/\",\"url\":\"https:\/\/secure.gravatar.com\/avatar\/a03a82675d8bb3da8e5c5a6872db97be?s=96&d=mm&r=g\",\"contentUrl\":\"https:\/\/secure.gravatar.com\/avatar\/a03a82675d8bb3da8e5c5a6872db97be?s=96&d=mm&r=g\",\"caption\":\"Ana Maria Devides\"},\"url\":\"https:\/\/ninamartinelli.com.br\/blog2\/author\/assessoria-nina-martinelli\/\"}]}<\/script>\n<!-- \/ Yoast SEO plugin. -->","yoast_head_json":{"title":"Estilos proven\u00e7al europeu e colonial brasileiro com Cotto Vecchio Rosso encantam em ambiente da 2\u00aa Mostra Designers de Interiores de Feira de Santana\/BA","description":"Estilos proven\u00e7al europeu e colonial brasileiro, um mix ousado, mas equilibrado, definido para um ambiente super especial, saiba mais!","robots":{"index":"index","follow":"follow","max-snippet":"max-snippet:-1","max-image-preview":"max-image-preview:large","max-video-preview":"max-video-preview:-1"},"canonical":"https:\/\/ninamartinelli.com.br\/blog2\/estilos-provencal-europeu-e-colonial-brasileiro-com-cotto-vecchio-rosso-encantam-em-ambiente-da-2a-mostra-designers-de-interiores-de-feira-de-santana-ba\/","og_locale":"pt_BR","og_type":"article","og_title":"Estilos proven\u00e7al europeu e colonial brasileiro com Cotto Vecchio Rosso encantam em ambiente da 2\u00aa Mostra Designers de Interiores de Feira de Santana\/BA","og_description":"Estilos proven\u00e7al europeu e colonial brasileiro, um mix ousado, mas equilibrado, definido para um ambiente super especial, saiba mais!","og_url":"https:\/\/ninamartinelli.com.br\/blog2\/estilos-provencal-europeu-e-colonial-brasileiro-com-cotto-vecchio-rosso-encantam-em-ambiente-da-2a-mostra-designers-de-interiores-de-feira-de-santana-ba\/","og_site_name":"Blog Nina","article_published_time":"2023-09-27T12:28:22+00:00","og_image":[{"width":1080,"height":1563,"url":"https:\/\/ninamartinelli.com.br\/blog2\/wp-content\/uploads\/2023\/09\/varanda-jardim-5.jpg","type":"image\/jpeg"}],"author":"Ana Maria Devides","twitter_card":"summary_large_image","twitter_misc":{"Escrito por":"Ana Maria Devides","Est. tempo de leitura":"3 minutos"},"schema":{"@context":"https:\/\/schema.org","@graph":[{"@type":"Article","@id":"https:\/\/ninamartinelli.com.br\/blog2\/estilos-provencal-europeu-e-colonial-brasileiro-com-cotto-vecchio-rosso-encantam-em-ambiente-da-2a-mostra-designers-de-interiores-de-feira-de-santana-ba\/#article","isPartOf":{"@id":"https:\/\/ninamartinelli.com.br\/blog2\/estilos-provencal-europeu-e-colonial-brasileiro-com-cotto-vecchio-rosso-encantam-em-ambiente-da-2a-mostra-designers-de-interiores-de-feira-de-santana-ba\/"},"author":{"name":"Ana Maria Devides","@id":"https:\/\/ninamartinelli.com.br\/blog2\/#\/schema\/person\/43fbfb1d4cbe3b472995206b2bb06df5"},"headline":"Estilos proven\u00e7al europeu e colonial brasileiro com Cotto Vecchio Rosso encantam em ambiente da 2\u00aa Mostra Designers de Interiores de Feira de Santana\/BA","datePublished":"2023-09-27T12:28:22+00:00","mainEntityOfPage":{"@id":"https:\/\/ninamartinelli.com.br\/blog2\/estilos-provencal-europeu-e-colonial-brasileiro-com-cotto-vecchio-rosso-encantam-em-ambiente-da-2a-mostra-designers-de-interiores-de-feira-de-santana-ba\/"},"wordCount":510,"commentCount":0,"publisher":{"@id":"https:\/\/ninamartinelli.com.br\/blog2\/#organization"},"image":{"@id":"https:\/\/ninamartinelli.com.br\/blog2\/estilos-provencal-europeu-e-colonial-brasileiro-com-cotto-vecchio-rosso-encantam-em-ambiente-da-2a-mostra-designers-de-interiores-de-feira-de-santana-ba\/#primaryimage"},"thumbnailUrl":"https:\/\/ninamartinelli.com.br\/blog2\/wp-content\/uploads\/2023\/09\/varanda-jardim-5.jpg","keywords":["area externa","ceramica","piso de ceramica","piso rustico","Projetos"],"articleSection":["Cer\u00e2mica","Mostras e Eventos","Nina Martinelli","Pisos"],"inLanguage":"pt-BR","potentialAction":[{"@type":"CommentAction","name":"Comment","target":["https:\/\/ninamartinelli.com.br\/blog2\/estilos-provencal-europeu-e-colonial-brasileiro-com-cotto-vecchio-rosso-encantam-em-ambiente-da-2a-mostra-designers-de-interiores-de-feira-de-santana-ba\/#respond"]}]},{"@type":"WebPage","@id":"https:\/\/ninamartinelli.com.br\/blog2\/estilos-provencal-europeu-e-colonial-brasileiro-com-cotto-vecchio-rosso-encantam-em-ambiente-da-2a-mostra-designers-de-interiores-de-feira-de-santana-ba\/","url":"https:\/\/ninamartinelli.com.br\/blog2\/estilos-provencal-europeu-e-colonial-brasileiro-com-cotto-vecchio-rosso-encantam-em-ambiente-da-2a-mostra-designers-de-interiores-de-feira-de-santana-ba\/","name":"Estilos proven\u00e7al europeu e colonial brasileiro com Cotto Vecchio Rosso encantam em ambiente da 2\u00aa Mostra Designers de Interiores de Feira de Santana\/BA","isPartOf":{"@id":"https:\/\/ninamartinelli.com.br\/blog2\/#website"},"primaryImageOfPage":{"@id":"https:\/\/ninamartinelli.com.br\/blog2\/estilos-provencal-europeu-e-colonial-brasileiro-com-cotto-vecchio-rosso-encantam-em-ambiente-da-2a-mostra-designers-de-interiores-de-feira-de-santana-ba\/#primaryimage"},"image":{"@id":"https:\/\/ninamartinelli.com.br\/blog2\/estilos-provencal-europeu-e-colonial-brasileiro-com-cotto-vecchio-rosso-encantam-em-ambiente-da-2a-mostra-designers-de-interiores-de-feira-de-santana-ba\/#primaryimage"},"thumbnailUrl":"https:\/\/ninamartinelli.com.br\/blog2\/wp-content\/uploads\/2023\/09\/varanda-jardim-5.jpg","datePublished":"2023-09-27T12:28:22+00:00","description":"Estilos proven\u00e7al europeu e colonial brasileiro, um mix ousado, mas equilibrado, definido para um ambiente super especial, saiba mais!","breadcrumb":{"@id":"https:\/\/ninamartinelli.com.br\/blog2\/estilos-provencal-europeu-e-colonial-brasileiro-com-cotto-vecchio-rosso-encantam-em-ambiente-da-2a-mostra-designers-de-interiores-de-feira-de-santana-ba\/#breadcrumb"},"inLanguage":"pt-BR","potentialAction":[{"@type":"ReadAction","target":["https:\/\/ninamartinelli.com.br\/blog2\/estilos-provencal-europeu-e-colonial-brasileiro-com-cotto-vecchio-rosso-encantam-em-ambiente-da-2a-mostra-designers-de-interiores-de-feira-de-santana-ba\/"]}]},{"@type":"ImageObject","inLanguage":"pt-BR","@id":"https:\/\/ninamartinelli.com.br\/blog2\/estilos-provencal-europeu-e-colonial-brasileiro-com-cotto-vecchio-rosso-encantam-em-ambiente-da-2a-mostra-designers-de-interiores-de-feira-de-santana-ba\/#primaryimage","url":"https:\/\/ninamartinelli.com.br\/blog2\/wp-content\/uploads\/2023\/09\/varanda-jardim-5.jpg","contentUrl":"https:\/\/ninamartinelli.com.br\/blog2\/wp-content\/uploads\/2023\/09\/varanda-jardim-5.jpg","width":1080,"height":1563},{"@type":"BreadcrumbList","@id":"https:\/\/ninamartinelli.com.br\/blog2\/estilos-provencal-europeu-e-colonial-brasileiro-com-cotto-vecchio-rosso-encantam-em-ambiente-da-2a-mostra-designers-de-interiores-de-feira-de-santana-ba\/#breadcrumb","itemListElement":[{"@type":"ListItem","position":1,"name":"In\u00edcio","item":"https:\/\/ninamartinelli.com.br\/blog2\/"},{"@type":"ListItem","position":2,"name":"Estilos proven\u00e7al europeu e colonial brasileiro com Cotto Vecchio Rosso encantam em ambiente da 2\u00aa Mostra Designers de Interiores de Feira de Santana\/BA"}]},{"@type":"WebSite","@id":"https:\/\/ninamartinelli.com.br\/blog2\/#website","url":"https:\/\/ninamartinelli.com.br\/blog2\/","name":"Nina Martinelli","description":"#Nina_Martinelli","publisher":{"@id":"https:\/\/ninamartinelli.com.br\/blog2\/#organization"},"potentialAction":[{"@type":"SearchAction","target":{"@type":"EntryPoint","urlTemplate":"https:\/\/ninamartinelli.com.br\/blog2\/?s={search_term_string}"},"query-input":{"@type":"PropertyValueSpecification","valueRequired":true,"valueName":"search_term_string"}}],"inLanguage":"pt-BR"},{"@type":"Organization","@id":"https:\/\/ninamartinelli.com.br\/blog2\/#organization","name":"Blog Novidades","url":"https:\/\/ninamartinelli.com.br\/blog2\/","logo":{"@type":"ImageObject","inLanguage":"pt-BR","@id":"https:\/\/ninamartinelli.com.br\/blog2\/#\/schema\/logo\/image\/","url":"http:\/\/blog.ninamartinelli.com.br\/wp-content\/uploads\/2022\/03\/logo_nina_blog.png","contentUrl":"http:\/\/blog.ninamartinelli.com.br\/wp-content\/uploads\/2022\/03\/logo_nina_blog.png","width":500,"height":104,"caption":"Blog Novidades"},"image":{"@id":"https:\/\/ninamartinelli.com.br\/blog2\/#\/schema\/logo\/image\/"}},{"@type":"Person","@id":"https:\/\/ninamartinelli.com.br\/blog2\/#\/schema\/person\/43fbfb1d4cbe3b472995206b2bb06df5","name":"Ana Maria Devides","image":{"@type":"ImageObject","inLanguage":"pt-BR","@id":"https:\/\/ninamartinelli.com.br\/blog2\/#\/schema\/person\/image\/","url":"https:\/\/secure.gravatar.com\/avatar\/a03a82675d8bb3da8e5c5a6872db97be?s=96&d=mm&r=g","contentUrl":"https:\/\/secure.gravatar.com\/avatar\/a03a82675d8bb3da8e5c5a6872db97be?s=96&d=mm&r=g","caption":"Ana Maria Devides"},"url":"https:\/\/ninamartinelli.com.br\/blog2\/author\/assessoria-nina-martinelli\/"}]}},"_links":{"self":[{"href":"https:\/\/ninamartinelli.com.br\/blog2\/wp-json\/wp\/v2\/posts\/2119","targetHints":{"allow":["GET"]}}],"collection":[{"href":"https:\/\/ninamartinelli.com.br\/blog2\/wp-json\/wp\/v2\/posts"}],"about":[{"href":"https:\/\/ninamartinelli.com.br\/blog2\/wp-json\/wp\/v2\/types\/post"}],"author":[{"embeddable":true,"href":"https:\/\/ninamartinelli.com.br\/blog2\/wp-json\/wp\/v2\/users\/2"}],"replies":[{"embeddable":true,"href":"https:\/\/ninamartinelli.com.br\/blog2\/wp-json\/wp\/v2\/comments?post=2119"}],"version-history":[{"count":1,"href":"https:\/\/ninamartinelli.com.br\/blog2\/wp-json\/wp\/v2\/posts\/2119\/revisions"}],"predecessor-version":[{"id":2125,"href":"https:\/\/ninamartinelli.com.br\/blog2\/wp-json\/wp\/v2\/posts\/2119\/revisions\/2125"}],"wp:featuredmedia":[{"embeddable":true,"href":"https:\/\/ninamartinelli.com.br\/blog2\/wp-json\/wp\/v2\/media\/2120"}],"wp:attachment":[{"href":"https:\/\/ninamartinelli.com.br\/blog2\/wp-json\/wp\/v2\/media?parent=2119"}],"wp:term":[{"taxonomy":"category","embeddable":true,"href":"https:\/\/ninamartinelli.com.br\/blog2\/wp-json\/wp\/v2\/categories?post=2119"},{"taxonomy":"post_tag","embeddable":true,"href":"https:\/\/ninamartinelli.com.br\/blog2\/wp-json\/wp\/v2\/tags?post=2119"}],"curies":[{"name":"wp","href":"https:\/\/api.w.org\/{rel}","templated":true}]}}