{"id":2109,"date":"2023-09-20T09:35:32","date_gmt":"2023-09-20T12:35:32","guid":{"rendered":"https:\/\/ninamartinelli.com.br\/blog2\/?p=2109"},"modified":"2023-09-20T09:35:32","modified_gmt":"2023-09-20T12:35:32","slug":"lancamentos-nina-martinelli-2023-sao-destaque-em-evento-interno-na-mostra-arq-design-s-j-do-rio-preto","status":"publish","type":"post","link":"https:\/\/ninamartinelli.com.br\/blog2\/lancamentos-nina-martinelli-2023-sao-destaque-em-evento-interno-na-mostra-arq-design-s-j-do-rio-preto\/","title":{"rendered":"Lan\u00e7amentos Nina Martinelli 2023 s\u00e3o destaque em evento interno na Mostra Arq Design S. J. do Rio Preto"},"content":{"rendered":"<p>Lan\u00e7amentos Nina Martinelli 2023 foram destaque numa a\u00e7\u00e3o muito especial realizada pela Nina Martinelli durante a Mostra Arq Design Riopreto Shopping, rec\u00e9m-encerrada, ap\u00f3s atrair milhares de visitantes.<\/p>\n<p>Em parceria com o arquiteto <a href=\"https:\/\/www.instagram.com\/marlonparreira\/\">Marlon Parreira<\/a>, que assina a Casa Alma, no ambiente com mais de 120 m<sup>2<\/sup> nessa prestigiada mostra, Nina lan\u00e7ou oficialmente um novo produto, a cer\u00e2mica <a href=\"https:\/\/ninamartinelli.com.br\/#!\/pt\/produtos\/1.36.030.290-ridotto\">Ridotto<\/a>, especificado pelo arquiteto para revestir todo o espa\u00e7o \u2013 paredes e piso.<\/p>\n<p>A Casa Alma \u00e9 \u201cuma casa de verdade\u201d, em que foram priorizados materiais igualmente verdadeiros, feitos com componentes da natureza.\u00a0 \u201c\u00c9 um ambiente que recebe as pessoas nessa \u2018casa de campo\u2019 com toda a sua sobriedade e naturalidade\u201d, orgulha-se Marlon.<\/p>\n<p>Os m\u00f3veis, todos assinados, vieram da <a href=\"https:\/\/www.instagram.com\/aparatointeriores\/\">Aparato Interiores<\/a>. E o produto Nina foi viabilizado pela loja parceira <a href=\"https:\/\/www.instagram.com\/cjoacabamentos\/\">CJ\u00d4 Acabamentos.<\/a><\/p>\n<p>O Ridotto, por sua vez, tem esse nome porque a palavra significa \u201creduzido\u201d, em italiano e esse produto \u00e9, justamente, uma vers\u00e3o menor da j\u00e1 consagrada Cer\u00e2mica Cotto Vecchio.<\/p>\n<p>Medindo 5x5cm, o Ridotto \u00e9 organizado em telas de 32x32cm, o que facilita, e muito, o seu assentamento. Todas as cores, al\u00e9m do Paglia, que foi escolhido por Marlon para esse projeto, foram apresentadas no evento que a Nina realizou no espa\u00e7o da Mostra.<\/p>\n<p>Gerente comercial da Nina, Lucas Dezotti foi que recepcionou dezenas de arquitetos e designers convidados para um coquetel no espa\u00e7o assinado por Marlon, aproveitando o fato de que visitavam a Mostra, apresentando a eles n\u00e3o s\u00f3 o Ridotto mas todos os Lan\u00e7amentos Nina Martinelli 2023.<\/p>\n<p><img loading=\"lazy\" decoding=\"async\" class=\" wp-image-2111 alignleft\" src=\"https:\/\/ninamartinelli.com.br\/blog2\/wp-content\/uploads\/2023\/09\/evento-marlon-5-225x300.jpg\" alt=\"\" width=\"311\" height=\"415\" srcset=\"https:\/\/ninamartinelli.com.br\/blog2\/wp-content\/uploads\/2023\/09\/evento-marlon-5-225x300.jpg 225w, https:\/\/ninamartinelli.com.br\/blog2\/wp-content\/uploads\/2023\/09\/evento-marlon-5-768x1024.jpg 768w, https:\/\/ninamartinelli.com.br\/blog2\/wp-content\/uploads\/2023\/09\/evento-marlon-5-1152x1536.jpg 1152w, https:\/\/ninamartinelli.com.br\/blog2\/wp-content\/uploads\/2023\/09\/evento-marlon-5-1024x1365.jpg 1024w, https:\/\/ninamartinelli.com.br\/blog2\/wp-content\/uploads\/2023\/09\/evento-marlon-5.jpg 1200w\" sizes=\"auto, (max-width: 311px) 100vw, 311px\" \/><\/p>\n<p>\u201cNossa inten\u00e7\u00e3o foi mostrar os produtos, fortalecendo ainda mais nossa parceria com a CJO Acabamentos, nossa revenda parceira em S\u00e3o Jos\u00e9 do Rio Preto, estreitando la\u00e7os tamb\u00e9m com os arquitetos que nos prestigiaram. Eles conheceram nosso portifolio de produtos e trocaram ideias essenciais para agu\u00e7ar ainda mais o dom e a criatividade desses profissionais\u201d, descreve Lucas.<\/p>\n<p><img loading=\"lazy\" decoding=\"async\" class=\"wp-image-2113 alignright\" src=\"https:\/\/ninamartinelli.com.br\/blog2\/wp-content\/uploads\/2023\/09\/evento-marlon-2-225x300.jpg\" alt=\"\" width=\"306\" height=\"408\" srcset=\"https:\/\/ninamartinelli.com.br\/blog2\/wp-content\/uploads\/2023\/09\/evento-marlon-2-225x300.jpg 225w, https:\/\/ninamartinelli.com.br\/blog2\/wp-content\/uploads\/2023\/09\/evento-marlon-2-768x1024.jpg 768w, https:\/\/ninamartinelli.com.br\/blog2\/wp-content\/uploads\/2023\/09\/evento-marlon-2.jpg 960w\" sizes=\"auto, (max-width: 306px) 100vw, 306px\" \/><\/p>\n<p>&nbsp;<\/p>\n<p>&nbsp;<\/p>\n<p>&nbsp;<\/p>\n<p>&nbsp;<\/p>\n<p>&nbsp;<\/p>\n<p>&nbsp;<\/p>\n<p>&nbsp;<\/p>\n<p>&nbsp;<\/p>\n<p><strong>Servi\u00e7o<\/strong> &#8211; Lan\u00e7amentos Nina Martinelli 2023 \u2013 Coquetel especial na Casa Alma, ambiente da Arq Design 2023\u00a0 Riopreto Shopping<\/p>\n<p><strong>Produto:<\/strong> Cer\u00e2mica Ridotto em telas 32x32cm e todos os demais lan\u00e7amentos da marca neste ano<\/p>\n<p><strong>Projeto da Casa Alma:<\/strong> Marlon Parreira<\/p>\n<p>Escrit\u00f3rio MP Arquitetos Associados<\/p>\n<p><strong>Site:<\/strong> <a href=\"http:\/\/www.marlonparreira.com.br\">www.marlonparreira.com.br<\/a><\/p>\n<p><strong>e-mail:<\/strong> <a href=\"mailto:contato@marlonparreira.com.br\">contato@marlonparreira.com.br<\/a><\/p>\n<p><strong>Telefone<\/strong>: 17- 99157-6722<\/p>\n<p><strong>Instagram:<\/strong> https:\/\/www.instagram.com\/marlonparreira\/<\/p>\n<p><strong>M\u00f3veis e acess\u00f3rios<\/strong> \u2013 Aparato Interiores<\/p>\n<p><strong>Instagram<\/strong>: <a href=\"https:\/\/www.instagram.com\/aparatointeriores\/\">https:\/\/www.instagram.com\/aparatointeriores\/<\/a><\/p>\n<p><strong>Revenda Parceira<\/strong> \u2013 CJ\u00d4 Acabamentos<\/p>\n<p><strong>Instagram<\/strong>: <a href=\"https:\/\/www.instagram.com\/cjoacabamentos\/\">https:\/\/www.instagram.com\/cjoacabamentos\/<\/a><\/p>\n<p><strong>Imagens:<\/strong> Divulga\u00e7\u00e3o<\/p>\n<p><img loading=\"lazy\" decoding=\"async\" class=\"wp-image-2114 aligncenter\" src=\"https:\/\/ninamartinelli.com.br\/blog2\/wp-content\/uploads\/2023\/09\/evento-marlon-7-225x300.jpg\" alt=\"\" width=\"357\" height=\"476\" srcset=\"https:\/\/ninamartinelli.com.br\/blog2\/wp-content\/uploads\/2023\/09\/evento-marlon-7-225x300.jpg 225w, https:\/\/ninamartinelli.com.br\/blog2\/wp-content\/uploads\/2023\/09\/evento-marlon-7-768x1024.jpg 768w, https:\/\/ninamartinelli.com.br\/blog2\/wp-content\/uploads\/2023\/09\/evento-marlon-7-1152x1536.jpg 1152w, https:\/\/ninamartinelli.com.br\/blog2\/wp-content\/uploads\/2023\/09\/evento-marlon-7-1024x1365.jpg 1024w, https:\/\/ninamartinelli.com.br\/blog2\/wp-content\/uploads\/2023\/09\/evento-marlon-7.jpg 1200w\" sizes=\"auto, (max-width: 357px) 100vw, 357px\" \/><\/p>\n<p><img loading=\"lazy\" decoding=\"async\" class=\"wp-image-2116 aligncenter\" src=\"https:\/\/ninamartinelli.com.br\/blog2\/wp-content\/uploads\/2023\/09\/evento-marlon-9-225x300.jpg\" alt=\"\" width=\"365\" height=\"487\" srcset=\"https:\/\/ninamartinelli.com.br\/blog2\/wp-content\/uploads\/2023\/09\/evento-marlon-9-225x300.jpg 225w, https:\/\/ninamartinelli.com.br\/blog2\/wp-content\/uploads\/2023\/09\/evento-marlon-9-768x1024.jpg 768w, https:\/\/ninamartinelli.com.br\/blog2\/wp-content\/uploads\/2023\/09\/evento-marlon-9-1152x1536.jpg 1152w, https:\/\/ninamartinelli.com.br\/blog2\/wp-content\/uploads\/2023\/09\/evento-marlon-9-1024x1365.jpg 1024w, https:\/\/ninamartinelli.com.br\/blog2\/wp-content\/uploads\/2023\/09\/evento-marlon-9.jpg 1200w\" sizes=\"auto, (max-width: 365px) 100vw, 365px\" \/><\/p>\n","protected":false},"excerpt":{"rendered":"<p>Lan\u00e7amentos Nina Martinelli 2023 foram destaque numa a\u00e7\u00e3o muito especial realizada pela Nina Martinelli durante<\/p>\n","protected":false},"author":2,"featured_media":2110,"comment_status":"open","ping_status":"open","sticky":false,"template":"","format":"standard","meta":{"footnotes":""},"categories":[153,19,1,21,26,129],"tags":[40,100,37,24,85,5],"class_list":["post-2109","post","type-post","status-publish","format-standard","has-post-thumbnail","hentry","category-lancamentos-2023","category-mostras-e-eventos","category-nina-martinelli","category-pisos","category-revestimentos","category-sustentabilidade","tag-area-interna","tag-lancamentos","tag-parede","tag-piso","tag-piso-rustico","tag-projetos"],"yoast_head":"<!-- This site is optimized with the Yoast SEO plugin v26.8 - https:\/\/yoast.com\/product\/yoast-seo-wordpress\/ -->\n<title>Lan\u00e7amentos Nina Martinelli 2023 s\u00e3o destaque em evento interno na Mostra Arq Design S. Jos\u00e9 do Rio Preto<\/title>\n<meta name=\"description\" content=\"Lan\u00e7amentos Nina Martinelli 2023 puderam ser conhecidos por arquitetos e designers em coquetel promovido em parceria com Marlon Parreira na Arq Design SJ Rio Preto\" \/>\n<meta name=\"robots\" content=\"index, follow, max-snippet:-1, max-image-preview:large, max-video-preview:-1\" \/>\n<link rel=\"canonical\" href=\"https:\/\/ninamartinelli.com.br\/blog2\/lancamentos-nina-martinelli-2023-sao-destaque-em-evento-interno-na-mostra-arq-design-s-j-do-rio-preto\/\" \/>\n<meta property=\"og:locale\" content=\"pt_BR\" \/>\n<meta property=\"og:type\" content=\"article\" \/>\n<meta property=\"og:title\" content=\"Lan\u00e7amentos Nina Martinelli 2023 s\u00e3o destaque em evento interno na Mostra Arq Design S. Jos\u00e9 do Rio Preto\" \/>\n<meta property=\"og:description\" content=\"Lan\u00e7amentos Nina Martinelli 2023 puderam ser conhecidos por arquitetos e designers em coquetel promovido em parceria com Marlon Parreira na Arq Design SJ Rio Preto\" \/>\n<meta property=\"og:url\" content=\"https:\/\/ninamartinelli.com.br\/blog2\/lancamentos-nina-martinelli-2023-sao-destaque-em-evento-interno-na-mostra-arq-design-s-j-do-rio-preto\/\" \/>\n<meta property=\"og:site_name\" content=\"Blog Nina\" \/>\n<meta property=\"article:published_time\" content=\"2023-09-20T12:35:32+00:00\" \/>\n<meta property=\"og:image\" content=\"https:\/\/ninamartinelli.com.br\/blog2\/wp-content\/uploads\/2023\/09\/evento-marlon-10.jpg\" \/>\n\t<meta property=\"og:image:width\" content=\"1200\" \/>\n\t<meta property=\"og:image:height\" content=\"1151\" \/>\n\t<meta property=\"og:image:type\" content=\"image\/jpeg\" \/>\n<meta name=\"author\" content=\"Ana Maria Devides\" \/>\n<meta name=\"twitter:card\" content=\"summary_large_image\" \/>\n<meta name=\"twitter:label1\" content=\"Escrito por\" \/>\n\t<meta name=\"twitter:data1\" content=\"Ana Maria Devides\" \/>\n\t<meta name=\"twitter:label2\" content=\"Est. tempo de leitura\" \/>\n\t<meta name=\"twitter:data2\" content=\"3 minutos\" \/>\n<script type=\"application\/ld+json\" class=\"yoast-schema-graph\">{\"@context\":\"https:\/\/schema.org\",\"@graph\":[{\"@type\":\"Article\",\"@id\":\"https:\/\/ninamartinelli.com.br\/blog2\/lancamentos-nina-martinelli-2023-sao-destaque-em-evento-interno-na-mostra-arq-design-s-j-do-rio-preto\/#article\",\"isPartOf\":{\"@id\":\"https:\/\/ninamartinelli.com.br\/blog2\/lancamentos-nina-martinelli-2023-sao-destaque-em-evento-interno-na-mostra-arq-design-s-j-do-rio-preto\/\"},\"author\":{\"name\":\"Ana Maria Devides\",\"@id\":\"https:\/\/ninamartinelli.com.br\/blog2\/#\/schema\/person\/43fbfb1d4cbe3b472995206b2bb06df5\"},\"headline\":\"Lan\u00e7amentos Nina Martinelli 2023 s\u00e3o destaque em evento interno na Mostra Arq Design S. J. do Rio Preto\",\"datePublished\":\"2023-09-20T12:35:32+00:00\",\"mainEntityOfPage\":{\"@id\":\"https:\/\/ninamartinelli.com.br\/blog2\/lancamentos-nina-martinelli-2023-sao-destaque-em-evento-interno-na-mostra-arq-design-s-j-do-rio-preto\/\"},\"wordCount\":436,\"commentCount\":0,\"publisher\":{\"@id\":\"https:\/\/ninamartinelli.com.br\/blog2\/#organization\"},\"image\":{\"@id\":\"https:\/\/ninamartinelli.com.br\/blog2\/lancamentos-nina-martinelli-2023-sao-destaque-em-evento-interno-na-mostra-arq-design-s-j-do-rio-preto\/#primaryimage\"},\"thumbnailUrl\":\"https:\/\/ninamartinelli.com.br\/blog2\/wp-content\/uploads\/2023\/09\/evento-marlon-10.jpg\",\"keywords\":[\"area interna\",\"lan\u00e7amentos\",\"parede\",\"piso\",\"piso rustico\",\"Projetos\"],\"articleSection\":[\":: LAN\u00c7AMENTOS 2023 ::\",\"Mostras e Eventos\",\"Nina Martinelli\",\"Pisos\",\"Revestimentos\",\"Sustentabilidade\"],\"inLanguage\":\"pt-BR\",\"potentialAction\":[{\"@type\":\"CommentAction\",\"name\":\"Comment\",\"target\":[\"https:\/\/ninamartinelli.com.br\/blog2\/lancamentos-nina-martinelli-2023-sao-destaque-em-evento-interno-na-mostra-arq-design-s-j-do-rio-preto\/#respond\"]}]},{\"@type\":\"WebPage\",\"@id\":\"https:\/\/ninamartinelli.com.br\/blog2\/lancamentos-nina-martinelli-2023-sao-destaque-em-evento-interno-na-mostra-arq-design-s-j-do-rio-preto\/\",\"url\":\"https:\/\/ninamartinelli.com.br\/blog2\/lancamentos-nina-martinelli-2023-sao-destaque-em-evento-interno-na-mostra-arq-design-s-j-do-rio-preto\/\",\"name\":\"Lan\u00e7amentos Nina Martinelli 2023 s\u00e3o destaque em evento interno na Mostra Arq Design S. Jos\u00e9 do Rio Preto\",\"isPartOf\":{\"@id\":\"https:\/\/ninamartinelli.com.br\/blog2\/#website\"},\"primaryImageOfPage\":{\"@id\":\"https:\/\/ninamartinelli.com.br\/blog2\/lancamentos-nina-martinelli-2023-sao-destaque-em-evento-interno-na-mostra-arq-design-s-j-do-rio-preto\/#primaryimage\"},\"image\":{\"@id\":\"https:\/\/ninamartinelli.com.br\/blog2\/lancamentos-nina-martinelli-2023-sao-destaque-em-evento-interno-na-mostra-arq-design-s-j-do-rio-preto\/#primaryimage\"},\"thumbnailUrl\":\"https:\/\/ninamartinelli.com.br\/blog2\/wp-content\/uploads\/2023\/09\/evento-marlon-10.jpg\",\"datePublished\":\"2023-09-20T12:35:32+00:00\",\"description\":\"Lan\u00e7amentos Nina Martinelli 2023 puderam ser conhecidos por arquitetos e designers em coquetel promovido em parceria com Marlon Parreira na Arq Design SJ Rio Preto\",\"breadcrumb\":{\"@id\":\"https:\/\/ninamartinelli.com.br\/blog2\/lancamentos-nina-martinelli-2023-sao-destaque-em-evento-interno-na-mostra-arq-design-s-j-do-rio-preto\/#breadcrumb\"},\"inLanguage\":\"pt-BR\",\"potentialAction\":[{\"@type\":\"ReadAction\",\"target\":[\"https:\/\/ninamartinelli.com.br\/blog2\/lancamentos-nina-martinelli-2023-sao-destaque-em-evento-interno-na-mostra-arq-design-s-j-do-rio-preto\/\"]}]},{\"@type\":\"ImageObject\",\"inLanguage\":\"pt-BR\",\"@id\":\"https:\/\/ninamartinelli.com.br\/blog2\/lancamentos-nina-martinelli-2023-sao-destaque-em-evento-interno-na-mostra-arq-design-s-j-do-rio-preto\/#primaryimage\",\"url\":\"https:\/\/ninamartinelli.com.br\/blog2\/wp-content\/uploads\/2023\/09\/evento-marlon-10.jpg\",\"contentUrl\":\"https:\/\/ninamartinelli.com.br\/blog2\/wp-content\/uploads\/2023\/09\/evento-marlon-10.jpg\",\"width\":1200,\"height\":1151},{\"@type\":\"BreadcrumbList\",\"@id\":\"https:\/\/ninamartinelli.com.br\/blog2\/lancamentos-nina-martinelli-2023-sao-destaque-em-evento-interno-na-mostra-arq-design-s-j-do-rio-preto\/#breadcrumb\",\"itemListElement\":[{\"@type\":\"ListItem\",\"position\":1,\"name\":\"In\u00edcio\",\"item\":\"https:\/\/ninamartinelli.com.br\/blog2\/\"},{\"@type\":\"ListItem\",\"position\":2,\"name\":\"Lan\u00e7amentos Nina Martinelli 2023 s\u00e3o destaque em evento interno na Mostra Arq Design S. J. do Rio Preto\"}]},{\"@type\":\"WebSite\",\"@id\":\"https:\/\/ninamartinelli.com.br\/blog2\/#website\",\"url\":\"https:\/\/ninamartinelli.com.br\/blog2\/\",\"name\":\"Nina Martinelli\",\"description\":\"#Nina_Martinelli\",\"publisher\":{\"@id\":\"https:\/\/ninamartinelli.com.br\/blog2\/#organization\"},\"potentialAction\":[{\"@type\":\"SearchAction\",\"target\":{\"@type\":\"EntryPoint\",\"urlTemplate\":\"https:\/\/ninamartinelli.com.br\/blog2\/?s={search_term_string}\"},\"query-input\":{\"@type\":\"PropertyValueSpecification\",\"valueRequired\":true,\"valueName\":\"search_term_string\"}}],\"inLanguage\":\"pt-BR\"},{\"@type\":\"Organization\",\"@id\":\"https:\/\/ninamartinelli.com.br\/blog2\/#organization\",\"name\":\"Blog Novidades\",\"url\":\"https:\/\/ninamartinelli.com.br\/blog2\/\",\"logo\":{\"@type\":\"ImageObject\",\"inLanguage\":\"pt-BR\",\"@id\":\"https:\/\/ninamartinelli.com.br\/blog2\/#\/schema\/logo\/image\/\",\"url\":\"http:\/\/blog.ninamartinelli.com.br\/wp-content\/uploads\/2022\/03\/logo_nina_blog.png\",\"contentUrl\":\"http:\/\/blog.ninamartinelli.com.br\/wp-content\/uploads\/2022\/03\/logo_nina_blog.png\",\"width\":500,\"height\":104,\"caption\":\"Blog Novidades\"},\"image\":{\"@id\":\"https:\/\/ninamartinelli.com.br\/blog2\/#\/schema\/logo\/image\/\"}},{\"@type\":\"Person\",\"@id\":\"https:\/\/ninamartinelli.com.br\/blog2\/#\/schema\/person\/43fbfb1d4cbe3b472995206b2bb06df5\",\"name\":\"Ana Maria Devides\",\"image\":{\"@type\":\"ImageObject\",\"inLanguage\":\"pt-BR\",\"@id\":\"https:\/\/ninamartinelli.com.br\/blog2\/#\/schema\/person\/image\/\",\"url\":\"https:\/\/secure.gravatar.com\/avatar\/a03a82675d8bb3da8e5c5a6872db97be?s=96&d=mm&r=g\",\"contentUrl\":\"https:\/\/secure.gravatar.com\/avatar\/a03a82675d8bb3da8e5c5a6872db97be?s=96&d=mm&r=g\",\"caption\":\"Ana Maria Devides\"},\"url\":\"https:\/\/ninamartinelli.com.br\/blog2\/author\/assessoria-nina-martinelli\/\"}]}<\/script>\n<!-- \/ Yoast SEO plugin. -->","yoast_head_json":{"title":"Lan\u00e7amentos Nina Martinelli 2023 s\u00e3o destaque em evento interno na Mostra Arq Design S. Jos\u00e9 do Rio Preto","description":"Lan\u00e7amentos Nina Martinelli 2023 puderam ser conhecidos por arquitetos e designers em coquetel promovido em parceria com Marlon Parreira na Arq Design SJ Rio Preto","robots":{"index":"index","follow":"follow","max-snippet":"max-snippet:-1","max-image-preview":"max-image-preview:large","max-video-preview":"max-video-preview:-1"},"canonical":"https:\/\/ninamartinelli.com.br\/blog2\/lancamentos-nina-martinelli-2023-sao-destaque-em-evento-interno-na-mostra-arq-design-s-j-do-rio-preto\/","og_locale":"pt_BR","og_type":"article","og_title":"Lan\u00e7amentos Nina Martinelli 2023 s\u00e3o destaque em evento interno na Mostra Arq Design S. Jos\u00e9 do Rio Preto","og_description":"Lan\u00e7amentos Nina Martinelli 2023 puderam ser conhecidos por arquitetos e designers em coquetel promovido em parceria com Marlon Parreira na Arq Design SJ Rio Preto","og_url":"https:\/\/ninamartinelli.com.br\/blog2\/lancamentos-nina-martinelli-2023-sao-destaque-em-evento-interno-na-mostra-arq-design-s-j-do-rio-preto\/","og_site_name":"Blog Nina","article_published_time":"2023-09-20T12:35:32+00:00","og_image":[{"width":1200,"height":1151,"url":"https:\/\/ninamartinelli.com.br\/blog2\/wp-content\/uploads\/2023\/09\/evento-marlon-10.jpg","type":"image\/jpeg"}],"author":"Ana Maria Devides","twitter_card":"summary_large_image","twitter_misc":{"Escrito por":"Ana Maria Devides","Est. tempo de leitura":"3 minutos"},"schema":{"@context":"https:\/\/schema.org","@graph":[{"@type":"Article","@id":"https:\/\/ninamartinelli.com.br\/blog2\/lancamentos-nina-martinelli-2023-sao-destaque-em-evento-interno-na-mostra-arq-design-s-j-do-rio-preto\/#article","isPartOf":{"@id":"https:\/\/ninamartinelli.com.br\/blog2\/lancamentos-nina-martinelli-2023-sao-destaque-em-evento-interno-na-mostra-arq-design-s-j-do-rio-preto\/"},"author":{"name":"Ana Maria Devides","@id":"https:\/\/ninamartinelli.com.br\/blog2\/#\/schema\/person\/43fbfb1d4cbe3b472995206b2bb06df5"},"headline":"Lan\u00e7amentos Nina Martinelli 2023 s\u00e3o destaque em evento interno na Mostra Arq Design S. J. do Rio Preto","datePublished":"2023-09-20T12:35:32+00:00","mainEntityOfPage":{"@id":"https:\/\/ninamartinelli.com.br\/blog2\/lancamentos-nina-martinelli-2023-sao-destaque-em-evento-interno-na-mostra-arq-design-s-j-do-rio-preto\/"},"wordCount":436,"commentCount":0,"publisher":{"@id":"https:\/\/ninamartinelli.com.br\/blog2\/#organization"},"image":{"@id":"https:\/\/ninamartinelli.com.br\/blog2\/lancamentos-nina-martinelli-2023-sao-destaque-em-evento-interno-na-mostra-arq-design-s-j-do-rio-preto\/#primaryimage"},"thumbnailUrl":"https:\/\/ninamartinelli.com.br\/blog2\/wp-content\/uploads\/2023\/09\/evento-marlon-10.jpg","keywords":["area interna","lan\u00e7amentos","parede","piso","piso rustico","Projetos"],"articleSection":[":: LAN\u00c7AMENTOS 2023 ::","Mostras e Eventos","Nina Martinelli","Pisos","Revestimentos","Sustentabilidade"],"inLanguage":"pt-BR","potentialAction":[{"@type":"CommentAction","name":"Comment","target":["https:\/\/ninamartinelli.com.br\/blog2\/lancamentos-nina-martinelli-2023-sao-destaque-em-evento-interno-na-mostra-arq-design-s-j-do-rio-preto\/#respond"]}]},{"@type":"WebPage","@id":"https:\/\/ninamartinelli.com.br\/blog2\/lancamentos-nina-martinelli-2023-sao-destaque-em-evento-interno-na-mostra-arq-design-s-j-do-rio-preto\/","url":"https:\/\/ninamartinelli.com.br\/blog2\/lancamentos-nina-martinelli-2023-sao-destaque-em-evento-interno-na-mostra-arq-design-s-j-do-rio-preto\/","name":"Lan\u00e7amentos Nina Martinelli 2023 s\u00e3o destaque em evento interno na Mostra Arq Design S. Jos\u00e9 do Rio Preto","isPartOf":{"@id":"https:\/\/ninamartinelli.com.br\/blog2\/#website"},"primaryImageOfPage":{"@id":"https:\/\/ninamartinelli.com.br\/blog2\/lancamentos-nina-martinelli-2023-sao-destaque-em-evento-interno-na-mostra-arq-design-s-j-do-rio-preto\/#primaryimage"},"image":{"@id":"https:\/\/ninamartinelli.com.br\/blog2\/lancamentos-nina-martinelli-2023-sao-destaque-em-evento-interno-na-mostra-arq-design-s-j-do-rio-preto\/#primaryimage"},"thumbnailUrl":"https:\/\/ninamartinelli.com.br\/blog2\/wp-content\/uploads\/2023\/09\/evento-marlon-10.jpg","datePublished":"2023-09-20T12:35:32+00:00","description":"Lan\u00e7amentos Nina Martinelli 2023 puderam ser conhecidos por arquitetos e designers em coquetel promovido em parceria com Marlon Parreira na Arq Design SJ Rio Preto","breadcrumb":{"@id":"https:\/\/ninamartinelli.com.br\/blog2\/lancamentos-nina-martinelli-2023-sao-destaque-em-evento-interno-na-mostra-arq-design-s-j-do-rio-preto\/#breadcrumb"},"inLanguage":"pt-BR","potentialAction":[{"@type":"ReadAction","target":["https:\/\/ninamartinelli.com.br\/blog2\/lancamentos-nina-martinelli-2023-sao-destaque-em-evento-interno-na-mostra-arq-design-s-j-do-rio-preto\/"]}]},{"@type":"ImageObject","inLanguage":"pt-BR","@id":"https:\/\/ninamartinelli.com.br\/blog2\/lancamentos-nina-martinelli-2023-sao-destaque-em-evento-interno-na-mostra-arq-design-s-j-do-rio-preto\/#primaryimage","url":"https:\/\/ninamartinelli.com.br\/blog2\/wp-content\/uploads\/2023\/09\/evento-marlon-10.jpg","contentUrl":"https:\/\/ninamartinelli.com.br\/blog2\/wp-content\/uploads\/2023\/09\/evento-marlon-10.jpg","width":1200,"height":1151},{"@type":"BreadcrumbList","@id":"https:\/\/ninamartinelli.com.br\/blog2\/lancamentos-nina-martinelli-2023-sao-destaque-em-evento-interno-na-mostra-arq-design-s-j-do-rio-preto\/#breadcrumb","itemListElement":[{"@type":"ListItem","position":1,"name":"In\u00edcio","item":"https:\/\/ninamartinelli.com.br\/blog2\/"},{"@type":"ListItem","position":2,"name":"Lan\u00e7amentos Nina Martinelli 2023 s\u00e3o destaque em evento interno na Mostra Arq Design S. J. do Rio Preto"}]},{"@type":"WebSite","@id":"https:\/\/ninamartinelli.com.br\/blog2\/#website","url":"https:\/\/ninamartinelli.com.br\/blog2\/","name":"Nina Martinelli","description":"#Nina_Martinelli","publisher":{"@id":"https:\/\/ninamartinelli.com.br\/blog2\/#organization"},"potentialAction":[{"@type":"SearchAction","target":{"@type":"EntryPoint","urlTemplate":"https:\/\/ninamartinelli.com.br\/blog2\/?s={search_term_string}"},"query-input":{"@type":"PropertyValueSpecification","valueRequired":true,"valueName":"search_term_string"}}],"inLanguage":"pt-BR"},{"@type":"Organization","@id":"https:\/\/ninamartinelli.com.br\/blog2\/#organization","name":"Blog Novidades","url":"https:\/\/ninamartinelli.com.br\/blog2\/","logo":{"@type":"ImageObject","inLanguage":"pt-BR","@id":"https:\/\/ninamartinelli.com.br\/blog2\/#\/schema\/logo\/image\/","url":"http:\/\/blog.ninamartinelli.com.br\/wp-content\/uploads\/2022\/03\/logo_nina_blog.png","contentUrl":"http:\/\/blog.ninamartinelli.com.br\/wp-content\/uploads\/2022\/03\/logo_nina_blog.png","width":500,"height":104,"caption":"Blog Novidades"},"image":{"@id":"https:\/\/ninamartinelli.com.br\/blog2\/#\/schema\/logo\/image\/"}},{"@type":"Person","@id":"https:\/\/ninamartinelli.com.br\/blog2\/#\/schema\/person\/43fbfb1d4cbe3b472995206b2bb06df5","name":"Ana Maria Devides","image":{"@type":"ImageObject","inLanguage":"pt-BR","@id":"https:\/\/ninamartinelli.com.br\/blog2\/#\/schema\/person\/image\/","url":"https:\/\/secure.gravatar.com\/avatar\/a03a82675d8bb3da8e5c5a6872db97be?s=96&d=mm&r=g","contentUrl":"https:\/\/secure.gravatar.com\/avatar\/a03a82675d8bb3da8e5c5a6872db97be?s=96&d=mm&r=g","caption":"Ana Maria Devides"},"url":"https:\/\/ninamartinelli.com.br\/blog2\/author\/assessoria-nina-martinelli\/"}]}},"_links":{"self":[{"href":"https:\/\/ninamartinelli.com.br\/blog2\/wp-json\/wp\/v2\/posts\/2109","targetHints":{"allow":["GET"]}}],"collection":[{"href":"https:\/\/ninamartinelli.com.br\/blog2\/wp-json\/wp\/v2\/posts"}],"about":[{"href":"https:\/\/ninamartinelli.com.br\/blog2\/wp-json\/wp\/v2\/types\/post"}],"author":[{"embeddable":true,"href":"https:\/\/ninamartinelli.com.br\/blog2\/wp-json\/wp\/v2\/users\/2"}],"replies":[{"embeddable":true,"href":"https:\/\/ninamartinelli.com.br\/blog2\/wp-json\/wp\/v2\/comments?post=2109"}],"version-history":[{"count":1,"href":"https:\/\/ninamartinelli.com.br\/blog2\/wp-json\/wp\/v2\/posts\/2109\/revisions"}],"predecessor-version":[{"id":2117,"href":"https:\/\/ninamartinelli.com.br\/blog2\/wp-json\/wp\/v2\/posts\/2109\/revisions\/2117"}],"wp:featuredmedia":[{"embeddable":true,"href":"https:\/\/ninamartinelli.com.br\/blog2\/wp-json\/wp\/v2\/media\/2110"}],"wp:attachment":[{"href":"https:\/\/ninamartinelli.com.br\/blog2\/wp-json\/wp\/v2\/media?parent=2109"}],"wp:term":[{"taxonomy":"category","embeddable":true,"href":"https:\/\/ninamartinelli.com.br\/blog2\/wp-json\/wp\/v2\/categories?post=2109"},{"taxonomy":"post_tag","embeddable":true,"href":"https:\/\/ninamartinelli.com.br\/blog2\/wp-json\/wp\/v2\/tags?post=2109"}],"curies":[{"name":"wp","href":"https:\/\/api.w.org\/{rel}","templated":true}]}}