{"id":2101,"date":"2023-09-13T10:11:17","date_gmt":"2023-09-13T13:11:17","guid":{"rendered":"https:\/\/ninamartinelli.com.br\/blog2\/?p=2101"},"modified":"2023-09-13T10:11:17","modified_gmt":"2023-09-13T13:11:17","slug":"sustentabilidade-e-beleza-piso-drenante-da-nina-martinelli-na-casa-cor-ribeirao-preto-2023","status":"publish","type":"post","link":"https:\/\/ninamartinelli.com.br\/blog2\/sustentabilidade-e-beleza-piso-drenante-da-nina-martinelli-na-casa-cor-ribeirao-preto-2023\/","title":{"rendered":"Sustentabilidade e beleza: piso drenante da Nina Martinelli na Casa Cor Ribeir\u00e3o Preto 2023"},"content":{"rendered":"<p>Sustentabilidade e beleza \u2013 dois dos atributos mais destacados do Piso Drenante da Nina Martinelli motivaram a escolha desse produto para compor o eSPa\u00e7o Abra\u00e7o, projetado pelos arquitetos Mateus Passaglia e Nabila Feij\u00f3, do escrit\u00f3rio <a href=\"https:\/\/www.instagram.com\/majoarquitetura\/\">Maj\u00f3 Arquitetura<\/a> para a<a href=\"https:\/\/casacor.abril.com.br\/ambientes\/casacor-ribeirao-preto-2023\/\"> CASACOR Ribeir\u00e3o Preto 2023.<\/a><\/p>\n<p>Uma das mais prestigiadas mostras de arquitetura, design e decora\u00e7\u00e3o do Brasil, a mostra que come\u00e7ou dia 29 de agosto e vai at\u00e9 22 de outubro, traz 33 ambientes idealizados e assinados por mais de 50 grandes profissionais.<\/p>\n<p>O eSPa\u00e7o Abra\u00e7o \u00e9 uma varanda spa contempor\u00e2nea, por onde os visitantes passam para entrar na CASACOR e foi inspirada na hist\u00f3ria do influenciador <a href=\"https:\/\/www.instagram.com\/danilomagni\/\">Danilo Magni<\/a>.<\/p>\n<p>Magni nasceu em Brodoswki, vizinha a Ribeir\u00e3o Preto, \u00e9 formado em Rela\u00e7\u00f5es Internacionais e atua como influenciador digital, produtor de conte\u00fado, modelo e gerente comercial em Ribeir\u00e3o Preto.<\/p>\n<p>Ele ultrapassou a marca de 1 milh\u00e3o de seguidores no Instagram e mais de 9 milh\u00f5es de curtidas no TikTok.<\/p>\n<p>A varanda spa contempor\u00e2nea criada pelos profissionais da Maj\u00f3 Arquitetura, segundo os arquitetos, \u00e9 um \u201c<em>convite para experimentar conex\u00f5es mais profundas com o autocuidado, o acolhimento e os carinhos que voc\u00ea merece receber da sua casa. Faz um discurso sobre as novas formas de nos relacionarmos com os espa\u00e7os em que vivemos, com as pessoas com as quais convivemos e com a import\u00e2ncia que damos \u00e0s coisas mais importantes para nossas vidas\u201d.<\/em><\/p>\n<p>O conceito do ambiente \u00e9 baseado no carinho e no cuidado. <em>\u201cInvestimos em solu\u00e7\u00f5es inovadoras para transformar o ambiente existente sem demoli\u00e7\u00f5es em um espa\u00e7o acolhedor e relaxante, onde voc\u00ea pode desfrutar de momentos de bem-estar e autocuidado sem precisar sair de casa\u201d<\/em>, explicam os profissionais.<\/p>\n<p><strong>Sustentabilidade e beleza, na pr\u00e1tica<\/strong><\/p>\n<p>Os arquitetos continuam na explica\u00e7\u00e3o do que os moveu para criar o ambiente. <em>\u201cAl\u00e9m disso, prezamos pela sustentabilidade em todas as etapas do processo de constru\u00e7\u00e3o. Utilizamos materiais ecol\u00f3gicos, buscamos alternativas de economia de energia e \u00e1gua, e garantimos uma obra que minimiza o impacto ambiental\u201d.<\/em><\/p>\n<p>Foi a\u00ed que o <a href=\"https:\/\/ninamartinelli.com.br\/#!\/pt\/produtos\/0050-piso-drenante-45x45\">Piso Drenante<\/a> da Nina Martinelli se encaixou com naturalidade, literalmente. Os arquitetos escolheram para esse ambiente a vers\u00e3o que mede 45x45x5cm, nas cores Oliva e Grigio.<\/p>\n<p>O Piso Drenante Nina Martinelli est\u00e1 entre os poucos que oferecem 100% de permeabilidade, ou seja, a \u00e1gua da chuva penetra e perpassa sua textura e se infiltra na terra, beneficiando o len\u00e7ol fre\u00e1tico.<\/p>\n<p>Os arquitetos escolheram, acertadamente, a vers\u00e3o com 5 cent\u00edmetros de espessura, que \u00e9 indicada para \u00e1reas externas com tr\u00e1fego de pedestres. Mas h\u00e1, tamb\u00e9m, a vers\u00e3o com 8 cm de espessura, que suporta tranquilamente o tr\u00e1fego de ve\u00edculos.<\/p>\n<p><img loading=\"lazy\" decoding=\"async\" class=\"wp-image-2104 alignright\" src=\"https:\/\/ninamartinelli.com.br\/blog2\/wp-content\/uploads\/2023\/09\/CASACORRIBEIRAO20232-268x300.jpg\" alt=\"\" width=\"315\" height=\"353\" srcset=\"https:\/\/ninamartinelli.com.br\/blog2\/wp-content\/uploads\/2023\/09\/CASACORRIBEIRAO20232-268x300.jpg 268w, https:\/\/ninamartinelli.com.br\/blog2\/wp-content\/uploads\/2023\/09\/CASACORRIBEIRAO20232.jpg 717w\" sizes=\"auto, (max-width: 315px) 100vw, 315px\" \/><\/p>\n<p>Mateus e Nabila escolheram combinar dois dos tons dispon\u00edveis \u2013 o Oliva e o Grigio, mas Nina Martinelli disponibiliza os drenantes tamb\u00e9m nos tons Azurro, Beige, Bianco, Giallo, Grigio Escuro, Marrone e Rosso. H\u00e1 tamb\u00e9m outros formatos que vale a pena serem conhecidos.<\/p>\n<p>O produto foi aplicado na \u00e1rea que cerca uma linda jacuzzi, em meio a paredes revestidas com pedras naturais, espa\u00e7os preenchidos por seixos, floreiras de alvenaria, vasos e canteiros muito bem planejados e repletos de verde, sob um pergolado de vigas de concreto aparente, tudo com muita luz e texturas naturais e objetos que evocam afeto. <em>\u201cConseguimos um ambiente tranquilo e revigorante\u201d<\/em>, resumem os profissionais.<\/p>\n<p>O pr\u00f3prio homenageado e inspirador do projeto, disse aprovar o resultado. Em seu perfil no Instagram, Danilo Magni disse que <em>\u201cquem vier ver pessoalmente vai sentir essa energia maravilhosa. Mateus e Nabila me deixaram emocionado\u201d.<\/em><\/p>\n<p>O produto Nina Martinelli foi adquirido na revenda parceira <a href=\"https:\/\/www.instagram.com\/espacozenelazer\/\">Espa\u00e7o Zen e Lazer<\/a>, de Ribeir\u00e3o Preto.<\/p>\n<p><img loading=\"lazy\" decoding=\"async\" class=\"wp-image-2105 alignleft\" src=\"https:\/\/ninamartinelli.com.br\/blog2\/wp-content\/uploads\/2023\/09\/CASACORRIBEIRAO20233-290x300.jpg\" alt=\"\" width=\"346\" height=\"358\" srcset=\"https:\/\/ninamartinelli.com.br\/blog2\/wp-content\/uploads\/2023\/09\/CASACORRIBEIRAO20233-290x300.jpg 290w, https:\/\/ninamartinelli.com.br\/blog2\/wp-content\/uploads\/2023\/09\/CASACORRIBEIRAO20233.jpg 717w\" sizes=\"auto, (max-width: 346px) 100vw, 346px\" \/><\/p>\n<p><strong>Servi\u00e7o<\/strong><\/p>\n<p><strong>CASACOR Ribeir\u00e3o Preto 2023 \u2013 Sustentabilidade e beleza &#8211; eSPa\u00e7o Abra\u00e7o \u2013 varanda spa contempor\u00e2nea<\/strong><\/p>\n<p><strong>Produto: <\/strong>Piso Drenante 45x45x5cm \u2013 tons Grigio e Oliva<\/p>\n<p><strong>Projeto: <\/strong>Mateus Passaglia e Nabila Feij\u00f3, do escrit\u00f3rio Maj\u00f3 Arquitetura<\/p>\n<p><strong>Instagram:<\/strong> @majoarquitetura<\/p>\n<p><strong>Imagens: <\/strong>divulga\u00e7\u00e3o<\/p>\n","protected":false},"excerpt":{"rendered":"<p>Sustentabilidade e beleza \u2013 dois dos atributos mais destacados do Piso Drenante da Nina Martinelli<\/p>\n","protected":false},"author":2,"featured_media":2102,"comment_status":"open","ping_status":"open","sticky":false,"template":"","format":"standard","meta":{"footnotes":""},"categories":[27,19,21,129],"tags":[62,39,130,32,157,24],"class_list":["post-2101","post","type-post","status-publish","format-standard","has-post-thumbnail","hentry","category-casa-cor","category-mostras-e-eventos","category-pisos","category-sustentabilidade","tag-area-de-lazer","tag-area-externa","tag-casa-cor-ribeirao-preto","tag-drenagem","tag-drenante","tag-piso"],"yoast_head":"<!-- This site is optimized with the Yoast SEO plugin v26.8 - https:\/\/yoast.com\/product\/yoast-seo-wordpress\/ -->\n<title>Sustentabilidade e beleza: piso drenante da Nina Martinelli na Casa Cor Ribeir\u00e3o Preto 2023<\/title>\n<meta name=\"description\" content=\"Sustentabilidade e beleza marcam esse ambiente na CASACOR Ribeir\u00e3o Preto 2023, e s\u00e3o atributos do piso drenante Nina Martinelli usado no local\" \/>\n<meta name=\"robots\" content=\"index, follow, max-snippet:-1, max-image-preview:large, max-video-preview:-1\" \/>\n<link rel=\"canonical\" href=\"https:\/\/ninamartinelli.com.br\/blog2\/sustentabilidade-e-beleza-piso-drenante-da-nina-martinelli-na-casa-cor-ribeirao-preto-2023\/\" \/>\n<meta property=\"og:locale\" content=\"pt_BR\" \/>\n<meta property=\"og:type\" content=\"article\" \/>\n<meta property=\"og:title\" content=\"Sustentabilidade e beleza: piso drenante da Nina Martinelli na Casa Cor Ribeir\u00e3o Preto 2023\" \/>\n<meta property=\"og:description\" content=\"Sustentabilidade e beleza marcam esse ambiente na CASACOR Ribeir\u00e3o Preto 2023, e s\u00e3o atributos do piso drenante Nina Martinelli usado no local\" \/>\n<meta property=\"og:url\" content=\"https:\/\/ninamartinelli.com.br\/blog2\/sustentabilidade-e-beleza-piso-drenante-da-nina-martinelli-na-casa-cor-ribeirao-preto-2023\/\" \/>\n<meta property=\"og:site_name\" content=\"Blog Nina\" \/>\n<meta property=\"article:published_time\" content=\"2023-09-13T13:11:17+00:00\" \/>\n<meta property=\"og:image\" content=\"https:\/\/ninamartinelli.com.br\/blog2\/wp-content\/uploads\/2023\/09\/CASACORRIBEIRAO20231.jpg\" \/>\n\t<meta property=\"og:image:width\" content=\"717\" \/>\n\t<meta property=\"og:image:height\" content=\"719\" \/>\n\t<meta property=\"og:image:type\" content=\"image\/jpeg\" \/>\n<meta name=\"author\" content=\"Ana Maria Devides\" \/>\n<meta name=\"twitter:card\" content=\"summary_large_image\" \/>\n<meta name=\"twitter:label1\" content=\"Escrito por\" \/>\n\t<meta name=\"twitter:data1\" content=\"Ana Maria Devides\" \/>\n\t<meta name=\"twitter:label2\" content=\"Est. tempo de leitura\" \/>\n\t<meta name=\"twitter:data2\" content=\"4 minutos\" \/>\n<script type=\"application\/ld+json\" class=\"yoast-schema-graph\">{\"@context\":\"https:\/\/schema.org\",\"@graph\":[{\"@type\":\"Article\",\"@id\":\"https:\/\/ninamartinelli.com.br\/blog2\/sustentabilidade-e-beleza-piso-drenante-da-nina-martinelli-na-casa-cor-ribeirao-preto-2023\/#article\",\"isPartOf\":{\"@id\":\"https:\/\/ninamartinelli.com.br\/blog2\/sustentabilidade-e-beleza-piso-drenante-da-nina-martinelli-na-casa-cor-ribeirao-preto-2023\/\"},\"author\":{\"name\":\"Ana Maria Devides\",\"@id\":\"https:\/\/ninamartinelli.com.br\/blog2\/#\/schema\/person\/43fbfb1d4cbe3b472995206b2bb06df5\"},\"headline\":\"Sustentabilidade e beleza: piso drenante da Nina Martinelli na Casa Cor Ribeir\u00e3o Preto 2023\",\"datePublished\":\"2023-09-13T13:11:17+00:00\",\"mainEntityOfPage\":{\"@id\":\"https:\/\/ninamartinelli.com.br\/blog2\/sustentabilidade-e-beleza-piso-drenante-da-nina-martinelli-na-casa-cor-ribeirao-preto-2023\/\"},\"wordCount\":673,\"commentCount\":0,\"publisher\":{\"@id\":\"https:\/\/ninamartinelli.com.br\/blog2\/#organization\"},\"image\":{\"@id\":\"https:\/\/ninamartinelli.com.br\/blog2\/sustentabilidade-e-beleza-piso-drenante-da-nina-martinelli-na-casa-cor-ribeirao-preto-2023\/#primaryimage\"},\"thumbnailUrl\":\"https:\/\/ninamartinelli.com.br\/blog2\/wp-content\/uploads\/2023\/09\/CASACORRIBEIRAO20231.jpg\",\"keywords\":[\"area de lazer\",\"area externa\",\"Casa Cor Ribeir\u00e3o Preto\",\"drenagem\",\"drenante\",\"piso\"],\"articleSection\":[\"CASA COR\",\"Mostras e Eventos\",\"Pisos\",\"Sustentabilidade\"],\"inLanguage\":\"pt-BR\",\"potentialAction\":[{\"@type\":\"CommentAction\",\"name\":\"Comment\",\"target\":[\"https:\/\/ninamartinelli.com.br\/blog2\/sustentabilidade-e-beleza-piso-drenante-da-nina-martinelli-na-casa-cor-ribeirao-preto-2023\/#respond\"]}]},{\"@type\":\"WebPage\",\"@id\":\"https:\/\/ninamartinelli.com.br\/blog2\/sustentabilidade-e-beleza-piso-drenante-da-nina-martinelli-na-casa-cor-ribeirao-preto-2023\/\",\"url\":\"https:\/\/ninamartinelli.com.br\/blog2\/sustentabilidade-e-beleza-piso-drenante-da-nina-martinelli-na-casa-cor-ribeirao-preto-2023\/\",\"name\":\"Sustentabilidade e beleza: piso drenante da Nina Martinelli na Casa Cor Ribeir\u00e3o Preto 2023\",\"isPartOf\":{\"@id\":\"https:\/\/ninamartinelli.com.br\/blog2\/#website\"},\"primaryImageOfPage\":{\"@id\":\"https:\/\/ninamartinelli.com.br\/blog2\/sustentabilidade-e-beleza-piso-drenante-da-nina-martinelli-na-casa-cor-ribeirao-preto-2023\/#primaryimage\"},\"image\":{\"@id\":\"https:\/\/ninamartinelli.com.br\/blog2\/sustentabilidade-e-beleza-piso-drenante-da-nina-martinelli-na-casa-cor-ribeirao-preto-2023\/#primaryimage\"},\"thumbnailUrl\":\"https:\/\/ninamartinelli.com.br\/blog2\/wp-content\/uploads\/2023\/09\/CASACORRIBEIRAO20231.jpg\",\"datePublished\":\"2023-09-13T13:11:17+00:00\",\"description\":\"Sustentabilidade e beleza marcam esse ambiente na CASACOR Ribeir\u00e3o Preto 2023, e s\u00e3o atributos do piso drenante Nina Martinelli usado no local\",\"breadcrumb\":{\"@id\":\"https:\/\/ninamartinelli.com.br\/blog2\/sustentabilidade-e-beleza-piso-drenante-da-nina-martinelli-na-casa-cor-ribeirao-preto-2023\/#breadcrumb\"},\"inLanguage\":\"pt-BR\",\"potentialAction\":[{\"@type\":\"ReadAction\",\"target\":[\"https:\/\/ninamartinelli.com.br\/blog2\/sustentabilidade-e-beleza-piso-drenante-da-nina-martinelli-na-casa-cor-ribeirao-preto-2023\/\"]}]},{\"@type\":\"ImageObject\",\"inLanguage\":\"pt-BR\",\"@id\":\"https:\/\/ninamartinelli.com.br\/blog2\/sustentabilidade-e-beleza-piso-drenante-da-nina-martinelli-na-casa-cor-ribeirao-preto-2023\/#primaryimage\",\"url\":\"https:\/\/ninamartinelli.com.br\/blog2\/wp-content\/uploads\/2023\/09\/CASACORRIBEIRAO20231.jpg\",\"contentUrl\":\"https:\/\/ninamartinelli.com.br\/blog2\/wp-content\/uploads\/2023\/09\/CASACORRIBEIRAO20231.jpg\",\"width\":717,\"height\":719},{\"@type\":\"BreadcrumbList\",\"@id\":\"https:\/\/ninamartinelli.com.br\/blog2\/sustentabilidade-e-beleza-piso-drenante-da-nina-martinelli-na-casa-cor-ribeirao-preto-2023\/#breadcrumb\",\"itemListElement\":[{\"@type\":\"ListItem\",\"position\":1,\"name\":\"In\u00edcio\",\"item\":\"https:\/\/ninamartinelli.com.br\/blog2\/\"},{\"@type\":\"ListItem\",\"position\":2,\"name\":\"Sustentabilidade e beleza: piso drenante da Nina Martinelli na Casa Cor Ribeir\u00e3o Preto 2023\"}]},{\"@type\":\"WebSite\",\"@id\":\"https:\/\/ninamartinelli.com.br\/blog2\/#website\",\"url\":\"https:\/\/ninamartinelli.com.br\/blog2\/\",\"name\":\"Nina Martinelli\",\"description\":\"#Nina_Martinelli\",\"publisher\":{\"@id\":\"https:\/\/ninamartinelli.com.br\/blog2\/#organization\"},\"potentialAction\":[{\"@type\":\"SearchAction\",\"target\":{\"@type\":\"EntryPoint\",\"urlTemplate\":\"https:\/\/ninamartinelli.com.br\/blog2\/?s={search_term_string}\"},\"query-input\":{\"@type\":\"PropertyValueSpecification\",\"valueRequired\":true,\"valueName\":\"search_term_string\"}}],\"inLanguage\":\"pt-BR\"},{\"@type\":\"Organization\",\"@id\":\"https:\/\/ninamartinelli.com.br\/blog2\/#organization\",\"name\":\"Blog Novidades\",\"url\":\"https:\/\/ninamartinelli.com.br\/blog2\/\",\"logo\":{\"@type\":\"ImageObject\",\"inLanguage\":\"pt-BR\",\"@id\":\"https:\/\/ninamartinelli.com.br\/blog2\/#\/schema\/logo\/image\/\",\"url\":\"http:\/\/blog.ninamartinelli.com.br\/wp-content\/uploads\/2022\/03\/logo_nina_blog.png\",\"contentUrl\":\"http:\/\/blog.ninamartinelli.com.br\/wp-content\/uploads\/2022\/03\/logo_nina_blog.png\",\"width\":500,\"height\":104,\"caption\":\"Blog Novidades\"},\"image\":{\"@id\":\"https:\/\/ninamartinelli.com.br\/blog2\/#\/schema\/logo\/image\/\"}},{\"@type\":\"Person\",\"@id\":\"https:\/\/ninamartinelli.com.br\/blog2\/#\/schema\/person\/43fbfb1d4cbe3b472995206b2bb06df5\",\"name\":\"Ana Maria Devides\",\"image\":{\"@type\":\"ImageObject\",\"inLanguage\":\"pt-BR\",\"@id\":\"https:\/\/ninamartinelli.com.br\/blog2\/#\/schema\/person\/image\/\",\"url\":\"https:\/\/secure.gravatar.com\/avatar\/a03a82675d8bb3da8e5c5a6872db97be?s=96&d=mm&r=g\",\"contentUrl\":\"https:\/\/secure.gravatar.com\/avatar\/a03a82675d8bb3da8e5c5a6872db97be?s=96&d=mm&r=g\",\"caption\":\"Ana Maria Devides\"},\"url\":\"https:\/\/ninamartinelli.com.br\/blog2\/author\/assessoria-nina-martinelli\/\"}]}<\/script>\n<!-- \/ Yoast SEO plugin. -->","yoast_head_json":{"title":"Sustentabilidade e beleza: piso drenante da Nina Martinelli na Casa Cor Ribeir\u00e3o Preto 2023","description":"Sustentabilidade e beleza marcam esse ambiente na CASACOR Ribeir\u00e3o Preto 2023, e s\u00e3o atributos do piso drenante Nina Martinelli usado no local","robots":{"index":"index","follow":"follow","max-snippet":"max-snippet:-1","max-image-preview":"max-image-preview:large","max-video-preview":"max-video-preview:-1"},"canonical":"https:\/\/ninamartinelli.com.br\/blog2\/sustentabilidade-e-beleza-piso-drenante-da-nina-martinelli-na-casa-cor-ribeirao-preto-2023\/","og_locale":"pt_BR","og_type":"article","og_title":"Sustentabilidade e beleza: piso drenante da Nina Martinelli na Casa Cor Ribeir\u00e3o Preto 2023","og_description":"Sustentabilidade e beleza marcam esse ambiente na CASACOR Ribeir\u00e3o Preto 2023, e s\u00e3o atributos do piso drenante Nina Martinelli usado no local","og_url":"https:\/\/ninamartinelli.com.br\/blog2\/sustentabilidade-e-beleza-piso-drenante-da-nina-martinelli-na-casa-cor-ribeirao-preto-2023\/","og_site_name":"Blog Nina","article_published_time":"2023-09-13T13:11:17+00:00","og_image":[{"width":717,"height":719,"url":"https:\/\/ninamartinelli.com.br\/blog2\/wp-content\/uploads\/2023\/09\/CASACORRIBEIRAO20231.jpg","type":"image\/jpeg"}],"author":"Ana Maria Devides","twitter_card":"summary_large_image","twitter_misc":{"Escrito por":"Ana Maria Devides","Est. tempo de leitura":"4 minutos"},"schema":{"@context":"https:\/\/schema.org","@graph":[{"@type":"Article","@id":"https:\/\/ninamartinelli.com.br\/blog2\/sustentabilidade-e-beleza-piso-drenante-da-nina-martinelli-na-casa-cor-ribeirao-preto-2023\/#article","isPartOf":{"@id":"https:\/\/ninamartinelli.com.br\/blog2\/sustentabilidade-e-beleza-piso-drenante-da-nina-martinelli-na-casa-cor-ribeirao-preto-2023\/"},"author":{"name":"Ana Maria Devides","@id":"https:\/\/ninamartinelli.com.br\/blog2\/#\/schema\/person\/43fbfb1d4cbe3b472995206b2bb06df5"},"headline":"Sustentabilidade e beleza: piso drenante da Nina Martinelli na Casa Cor Ribeir\u00e3o Preto 2023","datePublished":"2023-09-13T13:11:17+00:00","mainEntityOfPage":{"@id":"https:\/\/ninamartinelli.com.br\/blog2\/sustentabilidade-e-beleza-piso-drenante-da-nina-martinelli-na-casa-cor-ribeirao-preto-2023\/"},"wordCount":673,"commentCount":0,"publisher":{"@id":"https:\/\/ninamartinelli.com.br\/blog2\/#organization"},"image":{"@id":"https:\/\/ninamartinelli.com.br\/blog2\/sustentabilidade-e-beleza-piso-drenante-da-nina-martinelli-na-casa-cor-ribeirao-preto-2023\/#primaryimage"},"thumbnailUrl":"https:\/\/ninamartinelli.com.br\/blog2\/wp-content\/uploads\/2023\/09\/CASACORRIBEIRAO20231.jpg","keywords":["area de lazer","area externa","Casa Cor Ribeir\u00e3o Preto","drenagem","drenante","piso"],"articleSection":["CASA COR","Mostras e Eventos","Pisos","Sustentabilidade"],"inLanguage":"pt-BR","potentialAction":[{"@type":"CommentAction","name":"Comment","target":["https:\/\/ninamartinelli.com.br\/blog2\/sustentabilidade-e-beleza-piso-drenante-da-nina-martinelli-na-casa-cor-ribeirao-preto-2023\/#respond"]}]},{"@type":"WebPage","@id":"https:\/\/ninamartinelli.com.br\/blog2\/sustentabilidade-e-beleza-piso-drenante-da-nina-martinelli-na-casa-cor-ribeirao-preto-2023\/","url":"https:\/\/ninamartinelli.com.br\/blog2\/sustentabilidade-e-beleza-piso-drenante-da-nina-martinelli-na-casa-cor-ribeirao-preto-2023\/","name":"Sustentabilidade e beleza: piso drenante da Nina Martinelli na Casa Cor Ribeir\u00e3o Preto 2023","isPartOf":{"@id":"https:\/\/ninamartinelli.com.br\/blog2\/#website"},"primaryImageOfPage":{"@id":"https:\/\/ninamartinelli.com.br\/blog2\/sustentabilidade-e-beleza-piso-drenante-da-nina-martinelli-na-casa-cor-ribeirao-preto-2023\/#primaryimage"},"image":{"@id":"https:\/\/ninamartinelli.com.br\/blog2\/sustentabilidade-e-beleza-piso-drenante-da-nina-martinelli-na-casa-cor-ribeirao-preto-2023\/#primaryimage"},"thumbnailUrl":"https:\/\/ninamartinelli.com.br\/blog2\/wp-content\/uploads\/2023\/09\/CASACORRIBEIRAO20231.jpg","datePublished":"2023-09-13T13:11:17+00:00","description":"Sustentabilidade e beleza marcam esse ambiente na CASACOR Ribeir\u00e3o Preto 2023, e s\u00e3o atributos do piso drenante Nina Martinelli usado no local","breadcrumb":{"@id":"https:\/\/ninamartinelli.com.br\/blog2\/sustentabilidade-e-beleza-piso-drenante-da-nina-martinelli-na-casa-cor-ribeirao-preto-2023\/#breadcrumb"},"inLanguage":"pt-BR","potentialAction":[{"@type":"ReadAction","target":["https:\/\/ninamartinelli.com.br\/blog2\/sustentabilidade-e-beleza-piso-drenante-da-nina-martinelli-na-casa-cor-ribeirao-preto-2023\/"]}]},{"@type":"ImageObject","inLanguage":"pt-BR","@id":"https:\/\/ninamartinelli.com.br\/blog2\/sustentabilidade-e-beleza-piso-drenante-da-nina-martinelli-na-casa-cor-ribeirao-preto-2023\/#primaryimage","url":"https:\/\/ninamartinelli.com.br\/blog2\/wp-content\/uploads\/2023\/09\/CASACORRIBEIRAO20231.jpg","contentUrl":"https:\/\/ninamartinelli.com.br\/blog2\/wp-content\/uploads\/2023\/09\/CASACORRIBEIRAO20231.jpg","width":717,"height":719},{"@type":"BreadcrumbList","@id":"https:\/\/ninamartinelli.com.br\/blog2\/sustentabilidade-e-beleza-piso-drenante-da-nina-martinelli-na-casa-cor-ribeirao-preto-2023\/#breadcrumb","itemListElement":[{"@type":"ListItem","position":1,"name":"In\u00edcio","item":"https:\/\/ninamartinelli.com.br\/blog2\/"},{"@type":"ListItem","position":2,"name":"Sustentabilidade e beleza: piso drenante da Nina Martinelli na Casa Cor Ribeir\u00e3o Preto 2023"}]},{"@type":"WebSite","@id":"https:\/\/ninamartinelli.com.br\/blog2\/#website","url":"https:\/\/ninamartinelli.com.br\/blog2\/","name":"Nina Martinelli","description":"#Nina_Martinelli","publisher":{"@id":"https:\/\/ninamartinelli.com.br\/blog2\/#organization"},"potentialAction":[{"@type":"SearchAction","target":{"@type":"EntryPoint","urlTemplate":"https:\/\/ninamartinelli.com.br\/blog2\/?s={search_term_string}"},"query-input":{"@type":"PropertyValueSpecification","valueRequired":true,"valueName":"search_term_string"}}],"inLanguage":"pt-BR"},{"@type":"Organization","@id":"https:\/\/ninamartinelli.com.br\/blog2\/#organization","name":"Blog Novidades","url":"https:\/\/ninamartinelli.com.br\/blog2\/","logo":{"@type":"ImageObject","inLanguage":"pt-BR","@id":"https:\/\/ninamartinelli.com.br\/blog2\/#\/schema\/logo\/image\/","url":"http:\/\/blog.ninamartinelli.com.br\/wp-content\/uploads\/2022\/03\/logo_nina_blog.png","contentUrl":"http:\/\/blog.ninamartinelli.com.br\/wp-content\/uploads\/2022\/03\/logo_nina_blog.png","width":500,"height":104,"caption":"Blog Novidades"},"image":{"@id":"https:\/\/ninamartinelli.com.br\/blog2\/#\/schema\/logo\/image\/"}},{"@type":"Person","@id":"https:\/\/ninamartinelli.com.br\/blog2\/#\/schema\/person\/43fbfb1d4cbe3b472995206b2bb06df5","name":"Ana Maria Devides","image":{"@type":"ImageObject","inLanguage":"pt-BR","@id":"https:\/\/ninamartinelli.com.br\/blog2\/#\/schema\/person\/image\/","url":"https:\/\/secure.gravatar.com\/avatar\/a03a82675d8bb3da8e5c5a6872db97be?s=96&d=mm&r=g","contentUrl":"https:\/\/secure.gravatar.com\/avatar\/a03a82675d8bb3da8e5c5a6872db97be?s=96&d=mm&r=g","caption":"Ana Maria Devides"},"url":"https:\/\/ninamartinelli.com.br\/blog2\/author\/assessoria-nina-martinelli\/"}]}},"_links":{"self":[{"href":"https:\/\/ninamartinelli.com.br\/blog2\/wp-json\/wp\/v2\/posts\/2101","targetHints":{"allow":["GET"]}}],"collection":[{"href":"https:\/\/ninamartinelli.com.br\/blog2\/wp-json\/wp\/v2\/posts"}],"about":[{"href":"https:\/\/ninamartinelli.com.br\/blog2\/wp-json\/wp\/v2\/types\/post"}],"author":[{"embeddable":true,"href":"https:\/\/ninamartinelli.com.br\/blog2\/wp-json\/wp\/v2\/users\/2"}],"replies":[{"embeddable":true,"href":"https:\/\/ninamartinelli.com.br\/blog2\/wp-json\/wp\/v2\/comments?post=2101"}],"version-history":[{"count":3,"href":"https:\/\/ninamartinelli.com.br\/blog2\/wp-json\/wp\/v2\/posts\/2101\/revisions"}],"predecessor-version":[{"id":2107,"href":"https:\/\/ninamartinelli.com.br\/blog2\/wp-json\/wp\/v2\/posts\/2101\/revisions\/2107"}],"wp:featuredmedia":[{"embeddable":true,"href":"https:\/\/ninamartinelli.com.br\/blog2\/wp-json\/wp\/v2\/media\/2102"}],"wp:attachment":[{"href":"https:\/\/ninamartinelli.com.br\/blog2\/wp-json\/wp\/v2\/media?parent=2101"}],"wp:term":[{"taxonomy":"category","embeddable":true,"href":"https:\/\/ninamartinelli.com.br\/blog2\/wp-json\/wp\/v2\/categories?post=2101"},{"taxonomy":"post_tag","embeddable":true,"href":"https:\/\/ninamartinelli.com.br\/blog2\/wp-json\/wp\/v2\/tags?post=2101"}],"curies":[{"name":"wp","href":"https:\/\/api.w.org\/{rel}","templated":true}]}}