{"id":2094,"date":"2023-09-06T09:52:22","date_gmt":"2023-09-06T12:52:22","guid":{"rendered":"https:\/\/ninamartinelli.com.br\/blog2\/?p=2094"},"modified":"2023-09-06T09:52:22","modified_gmt":"2023-09-06T12:52:22","slug":"uma-casa-de-verdade-projeto-organico-e-natural-inspira-novo-produto-nina-e-brilha-na-mostra-arq-design-no-riopreto-shopping-center","status":"publish","type":"post","link":"https:\/\/ninamartinelli.com.br\/blog2\/uma-casa-de-verdade-projeto-organico-e-natural-inspira-novo-produto-nina-e-brilha-na-mostra-arq-design-no-riopreto-shopping-center\/","title":{"rendered":"Uma casa de verdade \u2013 projeto org\u00e2nico e natural inspira novo produto Nina e brilha na Mostra Arq Design no Riopreto Shopping Center"},"content":{"rendered":"<p>Uma casa de verdade. Na qual madeira \u00e9 madeira. Vidro \u00e9 vidro e cer\u00e2mica \u00e9 cer\u00e2mica. Da marca Nina Martinelli Pisos e Revestimentos, para ser mais exato. Estamos falando da Casa Alma, um dos mais destacados ambientes da edi\u00e7\u00e3o 2023 da <a href=\"https:\/\/www.mostraarqdesign.com.br\/\">Mostra Arq Design,<\/a> prestigiado evento do segmento, realizado no <a href=\"https:\/\/www.riopretoshopping.com.br\/\">Riopreto Shopping, em S\u00e3o Jos\u00e9 do Rio Preto, em S\u00e3o Paulo.<\/a><\/p>\n<p>Iniciada em julho e terminando agora em meados de setembro, a mostra veio com o prop\u00f3sito de convidar os visitantes da cidade e regi\u00e3o para fazerem uma \u201cimers\u00e3o no jeito de morar brasileiro atrav\u00e9s das cria\u00e7\u00f5es de 30 profissionais, entre arquitetos, designers de interiores e paisagistas\u201d.<\/p>\n<p><img loading=\"lazy\" decoding=\"async\" class=\" wp-image-2097 alignleft\" src=\"https:\/\/ninamartinelli.com.br\/blog2\/wp-content\/uploads\/2023\/09\/casa-alma-1-169x300.jpg\" alt=\"\" width=\"301\" height=\"534\" srcset=\"https:\/\/ninamartinelli.com.br\/blog2\/wp-content\/uploads\/2023\/09\/casa-alma-1-169x300.jpg 169w, https:\/\/ninamartinelli.com.br\/blog2\/wp-content\/uploads\/2023\/09\/casa-alma-1.jpg 288w\" sizes=\"auto, (max-width: 301px) 100vw, 301px\" \/><\/p>\n<p>A Arq Design j\u00e1 se desponta entre os principais eventos do g\u00eanero no estado de S\u00e3o Paulo, sendo considerada a terceira principal mostra de arquitetura e design do interior paulista, junto com Casa Cor Ribeir\u00e3o Preto e Campinas Decor.<\/p>\n<p>S\u00e3o 24 ambientes decorados, que ocupam uma megaestrutura com mais de 2.600 metros quadrados no estacionamento e na \u00e1rea interna do Riopreto Shopping.<\/p>\n<p><strong>Uma casa de verdade, Casa Alma<\/strong><\/p>\n<p>Com mais de 120 m<sup>2<\/sup> a Casa Alma \u00e9 projetada pelo arquiteto <a href=\"https:\/\/www.instagram.com\/marlonparreira\/\">Marlon Parreira<\/a>, para a <a href=\"https:\/\/www.instagram.com\/aparatointeriores\/\">Aparato Interiores<\/a>, uma das parceiras dessa iniciativa. <em>\u201c\u00c9 uma casa de verdade. Os materiais s\u00e3o de verdade, s\u00e3o elementos que guiam a nossa arquitetura\u201d<\/em>, explica Marlon.<\/p>\n<p>Um dos materiais especificados no projeto \u00e9 a cer\u00e2mica <a href=\"https:\/\/ninamartinelli.com.br\/#!\/pt\/produtos\/1.36.030.290-ridotto\">Ridotto<\/a>, da Nina Martinelli. Ridotto, em italiano, significa \u201creduzido\u201d e o modelo nada mais \u00e9 do que uma vers\u00e3o menorzinha da consagrad\u00edssima cer\u00e2mica Cotto Vecchio, da Nina.<\/p>\n<p>Numa interessante invers\u00e3o da ordem dos acontecimentos convencionais que fazem a hist\u00f3ria criativa da Nina, o projeto de Marlon inspirou o desenvolvimento do modelo Ridotto \u2013 que foi sucesso imediato. <em>\u201cTodos que passaram pelo local, j\u00e1 durante as obras, se apaixonaram\u201d<\/em>, conta Marlon.<\/p>\n<p>A grande diferen\u00e7a desse modelo \u00e9 que os pequenos quadrados cer\u00e2micos v\u00eam organizados em telas medindo 32x32cm. No mais, carregam todo o charme, beleza, naturalidade e verdade de seu ancestral. As varia\u00e7\u00f5es t\u00edpicas na tonalidade, a superf\u00edcie envelhecida com arestas levemente desgastadas, os processos de queima e envelhecimento que trazem tanta singularidade.<\/p>\n<p><img loading=\"lazy\" decoding=\"async\" class=\"wp-image-2098 alignright\" src=\"https:\/\/ninamartinelli.com.br\/blog2\/wp-content\/uploads\/2023\/09\/casa-alma-5-169x300.jpg\" alt=\"\" width=\"281\" height=\"499\" srcset=\"https:\/\/ninamartinelli.com.br\/blog2\/wp-content\/uploads\/2023\/09\/casa-alma-5-169x300.jpg 169w, https:\/\/ninamartinelli.com.br\/blog2\/wp-content\/uploads\/2023\/09\/casa-alma-5.jpg 288w\" sizes=\"auto, (max-width: 281px) 100vw, 281px\" \/><\/p>\n<p>Marlon escolheu o tom Rosso, mas o Ridotto tamb\u00e9m \u00e9 oferecido nos tons Nero e Paglia. <em>\u201cComo \u00e9 realmente Uma casa de verdade, ela explora os tons terrosos e nesse sentido, o material da Nina nesse tom encaixou-se perfeitamente\u201d<\/em>, comenta o arquiteto.<\/p>\n<p>O produto reveste totalmente um living gigante, uma esp\u00e9cie de cubo que criou um ambiente de boas-vindas para os visitantes. E dialoga, realmente, com outros elementos naturais como madeira, tramas de tapetes e adere\u00e7os, objetos cer\u00e2micos, plantas escolhidas com muito capricho. Tudo banhado por muita luz natural de grandes e buc\u00f3licas janelas.<\/p>\n<p><em>\u201c\u00c9 um ambiente que recebe as pessoas nessa \u2018casa de campo\u2019 com toda a sua sobriedade e naturalidade\u201d<\/em>, orgulha-se Marlon.<\/p>\n<p>Os m\u00f3veis, todos assinados, vieram da Aparato Interiores. E o produto Nina foi viabilizado pela loja parceira <a href=\"https:\/\/www.instagram.com\/cjoacabamentos\/\">CJ\u00d4 Acabamentos.<\/a><\/p>\n<p>&nbsp;<\/p>\n<p><strong>Servi\u00e7o<\/strong><\/p>\n<p><strong>Uma casa de verdade, Casa Alma \u2013 ambiente da Arq Design 2023\u00a0 Riopreto Shopping<\/strong><\/p>\n<p><strong>Produto:<\/strong><\/p>\n<p><strong>Cer\u00e2mica Ridotto em telas 32x32cm<\/strong><\/p>\n<p><strong>Projeto: <\/strong>Marlon Parreira<\/p>\n<p><strong>Escrit\u00f3rio MP Arquitetos Associados<\/strong><\/p>\n<p><strong>Site: <\/strong><a href=\"http:\/\/www.marlonparreira.com.br\">www.marlonparreira.com.br<\/a><\/p>\n<p><strong>e-mail: <\/strong><a href=\"mailto:contato@marlonparreira.com.br\">contato@marlonparreira.com.br<\/a><\/p>\n<p><strong>Telefone: <\/strong>17- 99157-6722<\/p>\n<p><strong>Instagram:<\/strong> https:\/\/www.instagram.com\/marlonparreira\/<\/p>\n<p><strong>M\u00f3veis e acess\u00f3rios<\/strong> \u2013 Aparato Interiores<\/p>\n<p><strong>Instagram:<\/strong> <a href=\"https:\/\/www.instagram.com\/aparatointeriores\/\">https:\/\/www.instagram.com\/aparatointeriores\/<\/a><\/p>\n<p><strong>Revenda Parceira<\/strong> \u2013 CJ\u00d4 Acabamentos<\/p>\n<p><strong>Instagram<\/strong>: <a href=\"https:\/\/www.instagram.com\/cjoacabamentos\/\">https:\/\/www.instagram.com\/cjoacabamentos\/<\/a><\/p>\n<p><strong>Imagens<\/strong>: MP Arquitetos Associados<\/p>\n<p>&nbsp;<\/p>\n","protected":false},"excerpt":{"rendered":"<p>Uma casa de verdade. Na qual madeira \u00e9 madeira. Vidro \u00e9 vidro e cer\u00e2mica \u00e9<\/p>\n","protected":false},"author":2,"featured_media":2096,"comment_status":"open","ping_status":"open","sticky":false,"template":"","format":"standard","meta":{"footnotes":""},"categories":[59,19,26],"tags":[40,82,5,46],"class_list":["post-2094","post","type-post","status-publish","format-standard","has-post-thumbnail","hentry","category-ceramica","category-mostras-e-eventos","category-revestimentos","tag-area-interna","tag-lancamento","tag-projetos","tag-revestimento"],"yoast_head":"<!-- This site is optimized with the Yoast SEO plugin v26.8 - https:\/\/yoast.com\/product\/yoast-seo-wordpress\/ -->\n<title>Uma casa de verdade \u2013 projeto org\u00e2nico e natural inspira novo produto Nina e brilha na Mostra Arq Design no Riopreto Shopping Center<\/title>\n<meta name=\"description\" content=\"Uma casa de verdade, com cer\u00e2mica Nina Martinelli, explorando tons terrosos, apelo org\u00e2nico e natural, venha saber mais!\" \/>\n<meta name=\"robots\" content=\"index, follow, max-snippet:-1, max-image-preview:large, max-video-preview:-1\" \/>\n<link rel=\"canonical\" href=\"https:\/\/ninamartinelli.com.br\/blog2\/uma-casa-de-verdade-projeto-organico-e-natural-inspira-novo-produto-nina-e-brilha-na-mostra-arq-design-no-riopreto-shopping-center\/\" \/>\n<meta property=\"og:locale\" content=\"pt_BR\" \/>\n<meta property=\"og:type\" content=\"article\" \/>\n<meta property=\"og:title\" content=\"Uma casa de verdade \u2013 projeto org\u00e2nico e natural inspira novo produto Nina e brilha na Mostra Arq Design no Riopreto Shopping Center\" \/>\n<meta property=\"og:description\" content=\"Uma casa de verdade, com cer\u00e2mica Nina Martinelli, explorando tons terrosos, apelo org\u00e2nico e natural, venha saber mais!\" \/>\n<meta property=\"og:url\" content=\"https:\/\/ninamartinelli.com.br\/blog2\/uma-casa-de-verdade-projeto-organico-e-natural-inspira-novo-produto-nina-e-brilha-na-mostra-arq-design-no-riopreto-shopping-center\/\" \/>\n<meta property=\"og:site_name\" content=\"Blog Nina\" \/>\n<meta property=\"article:published_time\" content=\"2023-09-06T12:52:22+00:00\" \/>\n<meta property=\"og:image\" content=\"https:\/\/ninamartinelli.com.br\/blog2\/wp-content\/uploads\/2023\/09\/casa-alma-4.jpg\" \/>\n\t<meta property=\"og:image:width\" content=\"288\" \/>\n\t<meta property=\"og:image:height\" content=\"512\" \/>\n\t<meta property=\"og:image:type\" content=\"image\/jpeg\" \/>\n<meta name=\"author\" content=\"Ana Maria Devides\" \/>\n<meta name=\"twitter:card\" content=\"summary_large_image\" \/>\n<meta name=\"twitter:label1\" content=\"Escrito por\" \/>\n\t<meta name=\"twitter:data1\" content=\"Ana Maria Devides\" \/>\n\t<meta name=\"twitter:label2\" content=\"Est. tempo de leitura\" \/>\n\t<meta name=\"twitter:data2\" content=\"4 minutos\" \/>\n<script type=\"application\/ld+json\" class=\"yoast-schema-graph\">{\"@context\":\"https:\/\/schema.org\",\"@graph\":[{\"@type\":\"Article\",\"@id\":\"https:\/\/ninamartinelli.com.br\/blog2\/uma-casa-de-verdade-projeto-organico-e-natural-inspira-novo-produto-nina-e-brilha-na-mostra-arq-design-no-riopreto-shopping-center\/#article\",\"isPartOf\":{\"@id\":\"https:\/\/ninamartinelli.com.br\/blog2\/uma-casa-de-verdade-projeto-organico-e-natural-inspira-novo-produto-nina-e-brilha-na-mostra-arq-design-no-riopreto-shopping-center\/\"},\"author\":{\"name\":\"Ana Maria Devides\",\"@id\":\"https:\/\/ninamartinelli.com.br\/blog2\/#\/schema\/person\/43fbfb1d4cbe3b472995206b2bb06df5\"},\"headline\":\"Uma casa de verdade \u2013 projeto org\u00e2nico e natural inspira novo produto Nina e brilha na Mostra Arq Design no Riopreto Shopping Center\",\"datePublished\":\"2023-09-06T12:52:22+00:00\",\"mainEntityOfPage\":{\"@id\":\"https:\/\/ninamartinelli.com.br\/blog2\/uma-casa-de-verdade-projeto-organico-e-natural-inspira-novo-produto-nina-e-brilha-na-mostra-arq-design-no-riopreto-shopping-center\/\"},\"wordCount\":600,\"commentCount\":0,\"publisher\":{\"@id\":\"https:\/\/ninamartinelli.com.br\/blog2\/#organization\"},\"image\":{\"@id\":\"https:\/\/ninamartinelli.com.br\/blog2\/uma-casa-de-verdade-projeto-organico-e-natural-inspira-novo-produto-nina-e-brilha-na-mostra-arq-design-no-riopreto-shopping-center\/#primaryimage\"},\"thumbnailUrl\":\"https:\/\/ninamartinelli.com.br\/blog2\/wp-content\/uploads\/2023\/09\/casa-alma-4.jpg\",\"keywords\":[\"area interna\",\"lan\u00e7amento\",\"Projetos\",\"revestimento\"],\"articleSection\":[\"Cer\u00e2mica\",\"Mostras e Eventos\",\"Revestimentos\"],\"inLanguage\":\"pt-BR\",\"potentialAction\":[{\"@type\":\"CommentAction\",\"name\":\"Comment\",\"target\":[\"https:\/\/ninamartinelli.com.br\/blog2\/uma-casa-de-verdade-projeto-organico-e-natural-inspira-novo-produto-nina-e-brilha-na-mostra-arq-design-no-riopreto-shopping-center\/#respond\"]}]},{\"@type\":\"WebPage\",\"@id\":\"https:\/\/ninamartinelli.com.br\/blog2\/uma-casa-de-verdade-projeto-organico-e-natural-inspira-novo-produto-nina-e-brilha-na-mostra-arq-design-no-riopreto-shopping-center\/\",\"url\":\"https:\/\/ninamartinelli.com.br\/blog2\/uma-casa-de-verdade-projeto-organico-e-natural-inspira-novo-produto-nina-e-brilha-na-mostra-arq-design-no-riopreto-shopping-center\/\",\"name\":\"Uma casa de verdade \u2013 projeto org\u00e2nico e natural inspira novo produto Nina e brilha na Mostra Arq Design no Riopreto Shopping Center\",\"isPartOf\":{\"@id\":\"https:\/\/ninamartinelli.com.br\/blog2\/#website\"},\"primaryImageOfPage\":{\"@id\":\"https:\/\/ninamartinelli.com.br\/blog2\/uma-casa-de-verdade-projeto-organico-e-natural-inspira-novo-produto-nina-e-brilha-na-mostra-arq-design-no-riopreto-shopping-center\/#primaryimage\"},\"image\":{\"@id\":\"https:\/\/ninamartinelli.com.br\/blog2\/uma-casa-de-verdade-projeto-organico-e-natural-inspira-novo-produto-nina-e-brilha-na-mostra-arq-design-no-riopreto-shopping-center\/#primaryimage\"},\"thumbnailUrl\":\"https:\/\/ninamartinelli.com.br\/blog2\/wp-content\/uploads\/2023\/09\/casa-alma-4.jpg\",\"datePublished\":\"2023-09-06T12:52:22+00:00\",\"description\":\"Uma casa de verdade, com cer\u00e2mica Nina Martinelli, explorando tons terrosos, apelo org\u00e2nico e natural, venha saber mais!\",\"breadcrumb\":{\"@id\":\"https:\/\/ninamartinelli.com.br\/blog2\/uma-casa-de-verdade-projeto-organico-e-natural-inspira-novo-produto-nina-e-brilha-na-mostra-arq-design-no-riopreto-shopping-center\/#breadcrumb\"},\"inLanguage\":\"pt-BR\",\"potentialAction\":[{\"@type\":\"ReadAction\",\"target\":[\"https:\/\/ninamartinelli.com.br\/blog2\/uma-casa-de-verdade-projeto-organico-e-natural-inspira-novo-produto-nina-e-brilha-na-mostra-arq-design-no-riopreto-shopping-center\/\"]}]},{\"@type\":\"ImageObject\",\"inLanguage\":\"pt-BR\",\"@id\":\"https:\/\/ninamartinelli.com.br\/blog2\/uma-casa-de-verdade-projeto-organico-e-natural-inspira-novo-produto-nina-e-brilha-na-mostra-arq-design-no-riopreto-shopping-center\/#primaryimage\",\"url\":\"https:\/\/ninamartinelli.com.br\/blog2\/wp-content\/uploads\/2023\/09\/casa-alma-4.jpg\",\"contentUrl\":\"https:\/\/ninamartinelli.com.br\/blog2\/wp-content\/uploads\/2023\/09\/casa-alma-4.jpg\",\"width\":288,\"height\":512},{\"@type\":\"BreadcrumbList\",\"@id\":\"https:\/\/ninamartinelli.com.br\/blog2\/uma-casa-de-verdade-projeto-organico-e-natural-inspira-novo-produto-nina-e-brilha-na-mostra-arq-design-no-riopreto-shopping-center\/#breadcrumb\",\"itemListElement\":[{\"@type\":\"ListItem\",\"position\":1,\"name\":\"In\u00edcio\",\"item\":\"https:\/\/ninamartinelli.com.br\/blog2\/\"},{\"@type\":\"ListItem\",\"position\":2,\"name\":\"Uma casa de verdade \u2013 projeto org\u00e2nico e natural inspira novo produto Nina e brilha na Mostra Arq Design no Riopreto Shopping Center\"}]},{\"@type\":\"WebSite\",\"@id\":\"https:\/\/ninamartinelli.com.br\/blog2\/#website\",\"url\":\"https:\/\/ninamartinelli.com.br\/blog2\/\",\"name\":\"Nina Martinelli\",\"description\":\"#Nina_Martinelli\",\"publisher\":{\"@id\":\"https:\/\/ninamartinelli.com.br\/blog2\/#organization\"},\"potentialAction\":[{\"@type\":\"SearchAction\",\"target\":{\"@type\":\"EntryPoint\",\"urlTemplate\":\"https:\/\/ninamartinelli.com.br\/blog2\/?s={search_term_string}\"},\"query-input\":{\"@type\":\"PropertyValueSpecification\",\"valueRequired\":true,\"valueName\":\"search_term_string\"}}],\"inLanguage\":\"pt-BR\"},{\"@type\":\"Organization\",\"@id\":\"https:\/\/ninamartinelli.com.br\/blog2\/#organization\",\"name\":\"Blog Novidades\",\"url\":\"https:\/\/ninamartinelli.com.br\/blog2\/\",\"logo\":{\"@type\":\"ImageObject\",\"inLanguage\":\"pt-BR\",\"@id\":\"https:\/\/ninamartinelli.com.br\/blog2\/#\/schema\/logo\/image\/\",\"url\":\"http:\/\/blog.ninamartinelli.com.br\/wp-content\/uploads\/2022\/03\/logo_nina_blog.png\",\"contentUrl\":\"http:\/\/blog.ninamartinelli.com.br\/wp-content\/uploads\/2022\/03\/logo_nina_blog.png\",\"width\":500,\"height\":104,\"caption\":\"Blog Novidades\"},\"image\":{\"@id\":\"https:\/\/ninamartinelli.com.br\/blog2\/#\/schema\/logo\/image\/\"}},{\"@type\":\"Person\",\"@id\":\"https:\/\/ninamartinelli.com.br\/blog2\/#\/schema\/person\/43fbfb1d4cbe3b472995206b2bb06df5\",\"name\":\"Ana Maria Devides\",\"image\":{\"@type\":\"ImageObject\",\"inLanguage\":\"pt-BR\",\"@id\":\"https:\/\/ninamartinelli.com.br\/blog2\/#\/schema\/person\/image\/\",\"url\":\"https:\/\/secure.gravatar.com\/avatar\/a03a82675d8bb3da8e5c5a6872db97be?s=96&d=mm&r=g\",\"contentUrl\":\"https:\/\/secure.gravatar.com\/avatar\/a03a82675d8bb3da8e5c5a6872db97be?s=96&d=mm&r=g\",\"caption\":\"Ana Maria Devides\"},\"url\":\"https:\/\/ninamartinelli.com.br\/blog2\/author\/assessoria-nina-martinelli\/\"}]}<\/script>\n<!-- \/ Yoast SEO plugin. -->","yoast_head_json":{"title":"Uma casa de verdade \u2013 projeto org\u00e2nico e natural inspira novo produto Nina e brilha na Mostra Arq Design no Riopreto Shopping Center","description":"Uma casa de verdade, com cer\u00e2mica Nina Martinelli, explorando tons terrosos, apelo org\u00e2nico e natural, venha saber mais!","robots":{"index":"index","follow":"follow","max-snippet":"max-snippet:-1","max-image-preview":"max-image-preview:large","max-video-preview":"max-video-preview:-1"},"canonical":"https:\/\/ninamartinelli.com.br\/blog2\/uma-casa-de-verdade-projeto-organico-e-natural-inspira-novo-produto-nina-e-brilha-na-mostra-arq-design-no-riopreto-shopping-center\/","og_locale":"pt_BR","og_type":"article","og_title":"Uma casa de verdade \u2013 projeto org\u00e2nico e natural inspira novo produto Nina e brilha na Mostra Arq Design no Riopreto Shopping Center","og_description":"Uma casa de verdade, com cer\u00e2mica Nina Martinelli, explorando tons terrosos, apelo org\u00e2nico e natural, venha saber mais!","og_url":"https:\/\/ninamartinelli.com.br\/blog2\/uma-casa-de-verdade-projeto-organico-e-natural-inspira-novo-produto-nina-e-brilha-na-mostra-arq-design-no-riopreto-shopping-center\/","og_site_name":"Blog Nina","article_published_time":"2023-09-06T12:52:22+00:00","og_image":[{"width":288,"height":512,"url":"https:\/\/ninamartinelli.com.br\/blog2\/wp-content\/uploads\/2023\/09\/casa-alma-4.jpg","type":"image\/jpeg"}],"author":"Ana Maria Devides","twitter_card":"summary_large_image","twitter_misc":{"Escrito por":"Ana Maria Devides","Est. tempo de leitura":"4 minutos"},"schema":{"@context":"https:\/\/schema.org","@graph":[{"@type":"Article","@id":"https:\/\/ninamartinelli.com.br\/blog2\/uma-casa-de-verdade-projeto-organico-e-natural-inspira-novo-produto-nina-e-brilha-na-mostra-arq-design-no-riopreto-shopping-center\/#article","isPartOf":{"@id":"https:\/\/ninamartinelli.com.br\/blog2\/uma-casa-de-verdade-projeto-organico-e-natural-inspira-novo-produto-nina-e-brilha-na-mostra-arq-design-no-riopreto-shopping-center\/"},"author":{"name":"Ana Maria Devides","@id":"https:\/\/ninamartinelli.com.br\/blog2\/#\/schema\/person\/43fbfb1d4cbe3b472995206b2bb06df5"},"headline":"Uma casa de verdade \u2013 projeto org\u00e2nico e natural inspira novo produto Nina e brilha na Mostra Arq Design no Riopreto Shopping Center","datePublished":"2023-09-06T12:52:22+00:00","mainEntityOfPage":{"@id":"https:\/\/ninamartinelli.com.br\/blog2\/uma-casa-de-verdade-projeto-organico-e-natural-inspira-novo-produto-nina-e-brilha-na-mostra-arq-design-no-riopreto-shopping-center\/"},"wordCount":600,"commentCount":0,"publisher":{"@id":"https:\/\/ninamartinelli.com.br\/blog2\/#organization"},"image":{"@id":"https:\/\/ninamartinelli.com.br\/blog2\/uma-casa-de-verdade-projeto-organico-e-natural-inspira-novo-produto-nina-e-brilha-na-mostra-arq-design-no-riopreto-shopping-center\/#primaryimage"},"thumbnailUrl":"https:\/\/ninamartinelli.com.br\/blog2\/wp-content\/uploads\/2023\/09\/casa-alma-4.jpg","keywords":["area interna","lan\u00e7amento","Projetos","revestimento"],"articleSection":["Cer\u00e2mica","Mostras e Eventos","Revestimentos"],"inLanguage":"pt-BR","potentialAction":[{"@type":"CommentAction","name":"Comment","target":["https:\/\/ninamartinelli.com.br\/blog2\/uma-casa-de-verdade-projeto-organico-e-natural-inspira-novo-produto-nina-e-brilha-na-mostra-arq-design-no-riopreto-shopping-center\/#respond"]}]},{"@type":"WebPage","@id":"https:\/\/ninamartinelli.com.br\/blog2\/uma-casa-de-verdade-projeto-organico-e-natural-inspira-novo-produto-nina-e-brilha-na-mostra-arq-design-no-riopreto-shopping-center\/","url":"https:\/\/ninamartinelli.com.br\/blog2\/uma-casa-de-verdade-projeto-organico-e-natural-inspira-novo-produto-nina-e-brilha-na-mostra-arq-design-no-riopreto-shopping-center\/","name":"Uma casa de verdade \u2013 projeto org\u00e2nico e natural inspira novo produto Nina e brilha na Mostra Arq Design no Riopreto Shopping Center","isPartOf":{"@id":"https:\/\/ninamartinelli.com.br\/blog2\/#website"},"primaryImageOfPage":{"@id":"https:\/\/ninamartinelli.com.br\/blog2\/uma-casa-de-verdade-projeto-organico-e-natural-inspira-novo-produto-nina-e-brilha-na-mostra-arq-design-no-riopreto-shopping-center\/#primaryimage"},"image":{"@id":"https:\/\/ninamartinelli.com.br\/blog2\/uma-casa-de-verdade-projeto-organico-e-natural-inspira-novo-produto-nina-e-brilha-na-mostra-arq-design-no-riopreto-shopping-center\/#primaryimage"},"thumbnailUrl":"https:\/\/ninamartinelli.com.br\/blog2\/wp-content\/uploads\/2023\/09\/casa-alma-4.jpg","datePublished":"2023-09-06T12:52:22+00:00","description":"Uma casa de verdade, com cer\u00e2mica Nina Martinelli, explorando tons terrosos, apelo org\u00e2nico e natural, venha saber mais!","breadcrumb":{"@id":"https:\/\/ninamartinelli.com.br\/blog2\/uma-casa-de-verdade-projeto-organico-e-natural-inspira-novo-produto-nina-e-brilha-na-mostra-arq-design-no-riopreto-shopping-center\/#breadcrumb"},"inLanguage":"pt-BR","potentialAction":[{"@type":"ReadAction","target":["https:\/\/ninamartinelli.com.br\/blog2\/uma-casa-de-verdade-projeto-organico-e-natural-inspira-novo-produto-nina-e-brilha-na-mostra-arq-design-no-riopreto-shopping-center\/"]}]},{"@type":"ImageObject","inLanguage":"pt-BR","@id":"https:\/\/ninamartinelli.com.br\/blog2\/uma-casa-de-verdade-projeto-organico-e-natural-inspira-novo-produto-nina-e-brilha-na-mostra-arq-design-no-riopreto-shopping-center\/#primaryimage","url":"https:\/\/ninamartinelli.com.br\/blog2\/wp-content\/uploads\/2023\/09\/casa-alma-4.jpg","contentUrl":"https:\/\/ninamartinelli.com.br\/blog2\/wp-content\/uploads\/2023\/09\/casa-alma-4.jpg","width":288,"height":512},{"@type":"BreadcrumbList","@id":"https:\/\/ninamartinelli.com.br\/blog2\/uma-casa-de-verdade-projeto-organico-e-natural-inspira-novo-produto-nina-e-brilha-na-mostra-arq-design-no-riopreto-shopping-center\/#breadcrumb","itemListElement":[{"@type":"ListItem","position":1,"name":"In\u00edcio","item":"https:\/\/ninamartinelli.com.br\/blog2\/"},{"@type":"ListItem","position":2,"name":"Uma casa de verdade \u2013 projeto org\u00e2nico e natural inspira novo produto Nina e brilha na Mostra Arq Design no Riopreto Shopping Center"}]},{"@type":"WebSite","@id":"https:\/\/ninamartinelli.com.br\/blog2\/#website","url":"https:\/\/ninamartinelli.com.br\/blog2\/","name":"Nina Martinelli","description":"#Nina_Martinelli","publisher":{"@id":"https:\/\/ninamartinelli.com.br\/blog2\/#organization"},"potentialAction":[{"@type":"SearchAction","target":{"@type":"EntryPoint","urlTemplate":"https:\/\/ninamartinelli.com.br\/blog2\/?s={search_term_string}"},"query-input":{"@type":"PropertyValueSpecification","valueRequired":true,"valueName":"search_term_string"}}],"inLanguage":"pt-BR"},{"@type":"Organization","@id":"https:\/\/ninamartinelli.com.br\/blog2\/#organization","name":"Blog Novidades","url":"https:\/\/ninamartinelli.com.br\/blog2\/","logo":{"@type":"ImageObject","inLanguage":"pt-BR","@id":"https:\/\/ninamartinelli.com.br\/blog2\/#\/schema\/logo\/image\/","url":"http:\/\/blog.ninamartinelli.com.br\/wp-content\/uploads\/2022\/03\/logo_nina_blog.png","contentUrl":"http:\/\/blog.ninamartinelli.com.br\/wp-content\/uploads\/2022\/03\/logo_nina_blog.png","width":500,"height":104,"caption":"Blog Novidades"},"image":{"@id":"https:\/\/ninamartinelli.com.br\/blog2\/#\/schema\/logo\/image\/"}},{"@type":"Person","@id":"https:\/\/ninamartinelli.com.br\/blog2\/#\/schema\/person\/43fbfb1d4cbe3b472995206b2bb06df5","name":"Ana Maria Devides","image":{"@type":"ImageObject","inLanguage":"pt-BR","@id":"https:\/\/ninamartinelli.com.br\/blog2\/#\/schema\/person\/image\/","url":"https:\/\/secure.gravatar.com\/avatar\/a03a82675d8bb3da8e5c5a6872db97be?s=96&d=mm&r=g","contentUrl":"https:\/\/secure.gravatar.com\/avatar\/a03a82675d8bb3da8e5c5a6872db97be?s=96&d=mm&r=g","caption":"Ana Maria Devides"},"url":"https:\/\/ninamartinelli.com.br\/blog2\/author\/assessoria-nina-martinelli\/"}]}},"_links":{"self":[{"href":"https:\/\/ninamartinelli.com.br\/blog2\/wp-json\/wp\/v2\/posts\/2094","targetHints":{"allow":["GET"]}}],"collection":[{"href":"https:\/\/ninamartinelli.com.br\/blog2\/wp-json\/wp\/v2\/posts"}],"about":[{"href":"https:\/\/ninamartinelli.com.br\/blog2\/wp-json\/wp\/v2\/types\/post"}],"author":[{"embeddable":true,"href":"https:\/\/ninamartinelli.com.br\/blog2\/wp-json\/wp\/v2\/users\/2"}],"replies":[{"embeddable":true,"href":"https:\/\/ninamartinelli.com.br\/blog2\/wp-json\/wp\/v2\/comments?post=2094"}],"version-history":[{"count":2,"href":"https:\/\/ninamartinelli.com.br\/blog2\/wp-json\/wp\/v2\/posts\/2094\/revisions"}],"predecessor-version":[{"id":2100,"href":"https:\/\/ninamartinelli.com.br\/blog2\/wp-json\/wp\/v2\/posts\/2094\/revisions\/2100"}],"wp:featuredmedia":[{"embeddable":true,"href":"https:\/\/ninamartinelli.com.br\/blog2\/wp-json\/wp\/v2\/media\/2096"}],"wp:attachment":[{"href":"https:\/\/ninamartinelli.com.br\/blog2\/wp-json\/wp\/v2\/media?parent=2094"}],"wp:term":[{"taxonomy":"category","embeddable":true,"href":"https:\/\/ninamartinelli.com.br\/blog2\/wp-json\/wp\/v2\/categories?post=2094"},{"taxonomy":"post_tag","embeddable":true,"href":"https:\/\/ninamartinelli.com.br\/blog2\/wp-json\/wp\/v2\/tags?post=2094"}],"curies":[{"name":"wp","href":"https:\/\/api.w.org\/{rel}","templated":true}]}}