{"id":2076,"date":"2023-08-23T10:44:38","date_gmt":"2023-08-23T13:44:38","guid":{"rendered":"https:\/\/ninamartinelli.com.br\/blog2\/?p=2076"},"modified":"2023-08-22T11:05:07","modified_gmt":"2023-08-22T14:05:07","slug":"imponencia-e-movimento-ferri-aplicado-em-portico-traz-destaque-a-fachada-residencial-em-cordeiropolis-sp","status":"publish","type":"post","link":"https:\/\/ninamartinelli.com.br\/blog2\/imponencia-e-movimento-ferri-aplicado-em-portico-traz-destaque-a-fachada-residencial-em-cordeiropolis-sp\/","title":{"rendered":"Impon\u00eancia e movimento \u2013 Ferri aplicado em p\u00f3rtico traz destaque a fachada residencial em Cordeir\u00f3polis\/SP"},"content":{"rendered":"<p>Impon\u00eancia e movimento \u2013 uma casa pr\u00e1tica e acolhedora, para um jovem casal sem filhos, que trabalha muito e gosta de desfrutar do conforto e aconchego do lar nos finais de semana. Esses eram os desejos b\u00e1sicos que a arquiteta e empres\u00e1ria Carol Coletta recebeu dos clientes quando concebeu o projeto de uma linda resid\u00eancia em Cordeir\u00f3polis\/SP.<\/p>\n<p>Num terreno de 360 m<sup>2<\/sup> Carol concebeu um im\u00f3vel bem proporcionado, com 223 m<sup>2 <\/sup>cujo impacto inicial j\u00e1 se d\u00e1 pela fachada, que evidencia o estilo contempor\u00e2neo, as linhas retas, os volumes bem dimensionados.<\/p>\n<p>Entretanto, se diferenciando dos projetos desse estilo que se costuma ver em ruas e condom\u00ednios, nessa casa a arquiteta ousou, com muita criatividade, ao criar um p\u00f3rtico que emoldura toda a fachada.<\/p>\n<p>No acabamento desse volume, Carol ousou mais ainda: revestiu toda a parte interna do p\u00f3rtico, tanto suas laterais quanto a laje que as une, com o revestimento <a href=\"https:\/\/ninamartinelli.com.br\/#!\/pt\/produtos\/099-revestimento-ferri\">Ferri<\/a> da Nina Martinelli Pisos e Revestimentos.<\/p>\n<p>Integrante da Colezione Eleganza, o Ferri mede 28,5&#215;28,5cm e sua principal caracter\u00edstica \u00e9 o jogo de relevos composto por quadril\u00e1teros e ret\u00e2ngulos, em diferentes alturas e profundidades, bem como com charmosas varia\u00e7\u00f5es de tonalidades, que v\u00e3o do marrom bem escuro at\u00e9 uma nuance mais avermelhada, criando realmente um movimento ao olhar.<\/p>\n<p>Veja mais projetos com o revestimento Ferri clicando <a href=\"https:\/\/ninamartinelli.com.br\/blog2\/wp-admin\/post.php?post=1135&amp;action=edit\"><strong>aqui<\/strong><\/a><\/p>\n<p><img loading=\"lazy\" decoding=\"async\" class=\" wp-image-2079 alignright\" src=\"https:\/\/ninamartinelli.com.br\/blog2\/wp-content\/uploads\/2023\/08\/Ferri-Carol-Colletta2-225x300.jpg\" alt=\"\" width=\"316\" height=\"422\" srcset=\"https:\/\/ninamartinelli.com.br\/blog2\/wp-content\/uploads\/2023\/08\/Ferri-Carol-Colletta2-225x300.jpg 225w, https:\/\/ninamartinelli.com.br\/blog2\/wp-content\/uploads\/2023\/08\/Ferri-Carol-Colletta2.jpg 768w\" sizes=\"auto, (max-width: 316px) 100vw, 316px\" \/><\/p>\n<p>Ele serve tanto para \u00e1reas internas quanto externas, apresentando um toque r\u00fastico, mas, ao mesmo tempo, bastante sofisticado, exatamente a Impon\u00eancia e movimento que Carol buscava para essa parte da constru\u00e7\u00e3o. <em>\u201cEu queria realmente algo sofisticado, com um aspecto de pagina\u00e7\u00e3o com diferentes tamanhos e espessuras e esse produto se encaixou perfeitamente. Ele dialoga muito bem com os outros elementos da fachada contempor\u00e2nea e, ao mesmo tempo, traz um aquecimento para a entrada da casa\u201d<\/em>, comenta. <em>\u201cO resultado ficou incr\u00edvel\u201d<\/em>, avalia.<\/p>\n<p>Carol lembra, tamb\u00e9m, que a aplica\u00e7\u00e3o foi simples, mas exigiu muito cuidado e responsabilidade na aplica\u00e7\u00e3o no \u2018teto\u2019 do p\u00f3rtico.<\/p>\n<p>O produto Ferri foi comprado pelos clientes de Carol na <a href=\"https:\/\/www.instagram.com\/solorevestimentos\/\">Solo Revestimentos de Campinas\/SP.<\/a><\/p>\n<p><strong> <img loading=\"lazy\" decoding=\"async\" class=\"wp-image-2078 alignleft\" src=\"https:\/\/ninamartinelli.com.br\/blog2\/wp-content\/uploads\/2023\/08\/Ferri-Carol-Colletta-1-225x300.jpg\" alt=\"\" width=\"367\" height=\"489\" srcset=\"https:\/\/ninamartinelli.com.br\/blog2\/wp-content\/uploads\/2023\/08\/Ferri-Carol-Colletta-1-225x300.jpg 225w, https:\/\/ninamartinelli.com.br\/blog2\/wp-content\/uploads\/2023\/08\/Ferri-Carol-Colletta-1.jpg 768w\" sizes=\"auto, (max-width: 367px) 100vw, 367px\" \/><\/strong><\/p>\n<p>&nbsp;<\/p>\n<p>&nbsp;<\/p>\n<p>&nbsp;<\/p>\n<p><strong>Servi\u00e7o:<\/strong><\/p>\n<p><strong>Impon\u00eancia e movimento \u2013 p\u00f3rtico de fachada de resid\u00eancia em Cordeir\u00f3polis\/SP<\/strong><\/p>\n<p><strong>Produto:<\/strong> Ferri 28,5&#215;28,5<\/p>\n<p><strong>Projeto:<\/strong> Carol Coletta<\/p>\n<p><strong>Contato:<\/strong> 19 99479-4141<\/p>\n<p><strong>Fotos<\/strong>: acervo dos clientes<\/p>\n<p><strong>Loja parceira:<\/strong> Solo Revestimentos &#8211; Campinas\/SP<\/p>\n<p><strong>Instagram:<\/strong> @solorevestimentos<\/p>\n","protected":false},"excerpt":{"rendered":"<p>Impon\u00eancia e movimento \u2013 uma casa pr\u00e1tica e acolhedora, para um jovem casal sem filhos,<\/p>\n","protected":false},"author":2,"featured_media":2077,"comment_status":"open","ping_status":"open","sticky":false,"template":"","format":"standard","meta":{"footnotes":""},"categories":[1],"tags":[],"class_list":["post-2076","post","type-post","status-publish","format-standard","has-post-thumbnail","hentry","category-nina-martinelli"],"yoast_head":"<!-- This site is optimized with the Yoast SEO plugin v26.8 - https:\/\/yoast.com\/product\/yoast-seo-wordpress\/ -->\n<title>Impon\u00eancia e movimento \u2013 Ferri aplicado em p\u00f3rtico traz destaque a fachada residencial em Cordeir\u00f3polis\/SP<\/title>\n<meta name=\"description\" content=\"Impon\u00eancia e movimento e eleg\u00e2ncia, atributos trazidos pelo revestimento Ferri aplicado num lind\u00edssimo p\u00f3rtico numa fachada residencial\" \/>\n<meta name=\"robots\" content=\"index, follow, max-snippet:-1, max-image-preview:large, max-video-preview:-1\" \/>\n<link rel=\"canonical\" href=\"https:\/\/ninamartinelli.com.br\/blog2\/imponencia-e-movimento-ferri-aplicado-em-portico-traz-destaque-a-fachada-residencial-em-cordeiropolis-sp\/\" \/>\n<meta property=\"og:locale\" content=\"pt_BR\" \/>\n<meta property=\"og:type\" content=\"article\" \/>\n<meta property=\"og:title\" content=\"Impon\u00eancia e movimento \u2013 Ferri aplicado em p\u00f3rtico traz destaque a fachada residencial em Cordeir\u00f3polis\/SP\" \/>\n<meta property=\"og:description\" content=\"Impon\u00eancia e movimento e eleg\u00e2ncia, atributos trazidos pelo revestimento Ferri aplicado num lind\u00edssimo p\u00f3rtico numa fachada residencial\" \/>\n<meta property=\"og:url\" content=\"https:\/\/ninamartinelli.com.br\/blog2\/imponencia-e-movimento-ferri-aplicado-em-portico-traz-destaque-a-fachada-residencial-em-cordeiropolis-sp\/\" \/>\n<meta property=\"og:site_name\" content=\"Blog Nina\" \/>\n<meta property=\"article:published_time\" content=\"2023-08-23T13:44:38+00:00\" \/>\n<meta property=\"og:image\" content=\"https:\/\/ninamartinelli.com.br\/blog2\/wp-content\/uploads\/2023\/08\/Ferri-Carol-Colletta3.jpg\" \/>\n\t<meta property=\"og:image:width\" content=\"1024\" \/>\n\t<meta property=\"og:image:height\" content=\"768\" \/>\n\t<meta property=\"og:image:type\" content=\"image\/jpeg\" \/>\n<meta name=\"author\" content=\"Ana Maria Devides\" \/>\n<meta name=\"twitter:card\" content=\"summary_large_image\" \/>\n<meta name=\"twitter:label1\" content=\"Escrito por\" \/>\n\t<meta name=\"twitter:data1\" content=\"Ana Maria Devides\" \/>\n\t<meta name=\"twitter:label2\" content=\"Est. tempo de leitura\" \/>\n\t<meta name=\"twitter:data2\" content=\"3 minutos\" \/>\n<script type=\"application\/ld+json\" class=\"yoast-schema-graph\">{\"@context\":\"https:\/\/schema.org\",\"@graph\":[{\"@type\":\"Article\",\"@id\":\"https:\/\/ninamartinelli.com.br\/blog2\/imponencia-e-movimento-ferri-aplicado-em-portico-traz-destaque-a-fachada-residencial-em-cordeiropolis-sp\/#article\",\"isPartOf\":{\"@id\":\"https:\/\/ninamartinelli.com.br\/blog2\/imponencia-e-movimento-ferri-aplicado-em-portico-traz-destaque-a-fachada-residencial-em-cordeiropolis-sp\/\"},\"author\":{\"name\":\"Ana Maria Devides\",\"@id\":\"https:\/\/ninamartinelli.com.br\/blog2\/#\/schema\/person\/43fbfb1d4cbe3b472995206b2bb06df5\"},\"headline\":\"Impon\u00eancia e movimento \u2013 Ferri aplicado em p\u00f3rtico traz destaque a fachada residencial em Cordeir\u00f3polis\/SP\",\"datePublished\":\"2023-08-23T13:44:38+00:00\",\"mainEntityOfPage\":{\"@id\":\"https:\/\/ninamartinelli.com.br\/blog2\/imponencia-e-movimento-ferri-aplicado-em-portico-traz-destaque-a-fachada-residencial-em-cordeiropolis-sp\/\"},\"wordCount\":416,\"commentCount\":0,\"publisher\":{\"@id\":\"https:\/\/ninamartinelli.com.br\/blog2\/#organization\"},\"image\":{\"@id\":\"https:\/\/ninamartinelli.com.br\/blog2\/imponencia-e-movimento-ferri-aplicado-em-portico-traz-destaque-a-fachada-residencial-em-cordeiropolis-sp\/#primaryimage\"},\"thumbnailUrl\":\"https:\/\/ninamartinelli.com.br\/blog2\/wp-content\/uploads\/2023\/08\/Ferri-Carol-Colletta3.jpg\",\"articleSection\":[\"Nina Martinelli\"],\"inLanguage\":\"pt-BR\",\"potentialAction\":[{\"@type\":\"CommentAction\",\"name\":\"Comment\",\"target\":[\"https:\/\/ninamartinelli.com.br\/blog2\/imponencia-e-movimento-ferri-aplicado-em-portico-traz-destaque-a-fachada-residencial-em-cordeiropolis-sp\/#respond\"]}]},{\"@type\":\"WebPage\",\"@id\":\"https:\/\/ninamartinelli.com.br\/blog2\/imponencia-e-movimento-ferri-aplicado-em-portico-traz-destaque-a-fachada-residencial-em-cordeiropolis-sp\/\",\"url\":\"https:\/\/ninamartinelli.com.br\/blog2\/imponencia-e-movimento-ferri-aplicado-em-portico-traz-destaque-a-fachada-residencial-em-cordeiropolis-sp\/\",\"name\":\"Impon\u00eancia e movimento \u2013 Ferri aplicado em p\u00f3rtico traz destaque a fachada residencial em Cordeir\u00f3polis\/SP\",\"isPartOf\":{\"@id\":\"https:\/\/ninamartinelli.com.br\/blog2\/#website\"},\"primaryImageOfPage\":{\"@id\":\"https:\/\/ninamartinelli.com.br\/blog2\/imponencia-e-movimento-ferri-aplicado-em-portico-traz-destaque-a-fachada-residencial-em-cordeiropolis-sp\/#primaryimage\"},\"image\":{\"@id\":\"https:\/\/ninamartinelli.com.br\/blog2\/imponencia-e-movimento-ferri-aplicado-em-portico-traz-destaque-a-fachada-residencial-em-cordeiropolis-sp\/#primaryimage\"},\"thumbnailUrl\":\"https:\/\/ninamartinelli.com.br\/blog2\/wp-content\/uploads\/2023\/08\/Ferri-Carol-Colletta3.jpg\",\"datePublished\":\"2023-08-23T13:44:38+00:00\",\"description\":\"Impon\u00eancia e movimento e eleg\u00e2ncia, atributos trazidos pelo revestimento Ferri aplicado num lind\u00edssimo p\u00f3rtico numa fachada residencial\",\"breadcrumb\":{\"@id\":\"https:\/\/ninamartinelli.com.br\/blog2\/imponencia-e-movimento-ferri-aplicado-em-portico-traz-destaque-a-fachada-residencial-em-cordeiropolis-sp\/#breadcrumb\"},\"inLanguage\":\"pt-BR\",\"potentialAction\":[{\"@type\":\"ReadAction\",\"target\":[\"https:\/\/ninamartinelli.com.br\/blog2\/imponencia-e-movimento-ferri-aplicado-em-portico-traz-destaque-a-fachada-residencial-em-cordeiropolis-sp\/\"]}]},{\"@type\":\"ImageObject\",\"inLanguage\":\"pt-BR\",\"@id\":\"https:\/\/ninamartinelli.com.br\/blog2\/imponencia-e-movimento-ferri-aplicado-em-portico-traz-destaque-a-fachada-residencial-em-cordeiropolis-sp\/#primaryimage\",\"url\":\"https:\/\/ninamartinelli.com.br\/blog2\/wp-content\/uploads\/2023\/08\/Ferri-Carol-Colletta3.jpg\",\"contentUrl\":\"https:\/\/ninamartinelli.com.br\/blog2\/wp-content\/uploads\/2023\/08\/Ferri-Carol-Colletta3.jpg\",\"width\":1024,\"height\":768},{\"@type\":\"BreadcrumbList\",\"@id\":\"https:\/\/ninamartinelli.com.br\/blog2\/imponencia-e-movimento-ferri-aplicado-em-portico-traz-destaque-a-fachada-residencial-em-cordeiropolis-sp\/#breadcrumb\",\"itemListElement\":[{\"@type\":\"ListItem\",\"position\":1,\"name\":\"In\u00edcio\",\"item\":\"https:\/\/ninamartinelli.com.br\/blog2\/\"},{\"@type\":\"ListItem\",\"position\":2,\"name\":\"Impon\u00eancia e movimento \u2013 Ferri aplicado em p\u00f3rtico traz destaque a fachada residencial em Cordeir\u00f3polis\/SP\"}]},{\"@type\":\"WebSite\",\"@id\":\"https:\/\/ninamartinelli.com.br\/blog2\/#website\",\"url\":\"https:\/\/ninamartinelli.com.br\/blog2\/\",\"name\":\"Nina Martinelli\",\"description\":\"#Nina_Martinelli\",\"publisher\":{\"@id\":\"https:\/\/ninamartinelli.com.br\/blog2\/#organization\"},\"potentialAction\":[{\"@type\":\"SearchAction\",\"target\":{\"@type\":\"EntryPoint\",\"urlTemplate\":\"https:\/\/ninamartinelli.com.br\/blog2\/?s={search_term_string}\"},\"query-input\":{\"@type\":\"PropertyValueSpecification\",\"valueRequired\":true,\"valueName\":\"search_term_string\"}}],\"inLanguage\":\"pt-BR\"},{\"@type\":\"Organization\",\"@id\":\"https:\/\/ninamartinelli.com.br\/blog2\/#organization\",\"name\":\"Blog Novidades\",\"url\":\"https:\/\/ninamartinelli.com.br\/blog2\/\",\"logo\":{\"@type\":\"ImageObject\",\"inLanguage\":\"pt-BR\",\"@id\":\"https:\/\/ninamartinelli.com.br\/blog2\/#\/schema\/logo\/image\/\",\"url\":\"http:\/\/blog.ninamartinelli.com.br\/wp-content\/uploads\/2022\/03\/logo_nina_blog.png\",\"contentUrl\":\"http:\/\/blog.ninamartinelli.com.br\/wp-content\/uploads\/2022\/03\/logo_nina_blog.png\",\"width\":500,\"height\":104,\"caption\":\"Blog Novidades\"},\"image\":{\"@id\":\"https:\/\/ninamartinelli.com.br\/blog2\/#\/schema\/logo\/image\/\"}},{\"@type\":\"Person\",\"@id\":\"https:\/\/ninamartinelli.com.br\/blog2\/#\/schema\/person\/43fbfb1d4cbe3b472995206b2bb06df5\",\"name\":\"Ana Maria Devides\",\"image\":{\"@type\":\"ImageObject\",\"inLanguage\":\"pt-BR\",\"@id\":\"https:\/\/ninamartinelli.com.br\/blog2\/#\/schema\/person\/image\/\",\"url\":\"https:\/\/secure.gravatar.com\/avatar\/a03a82675d8bb3da8e5c5a6872db97be?s=96&d=mm&r=g\",\"contentUrl\":\"https:\/\/secure.gravatar.com\/avatar\/a03a82675d8bb3da8e5c5a6872db97be?s=96&d=mm&r=g\",\"caption\":\"Ana Maria Devides\"},\"url\":\"https:\/\/ninamartinelli.com.br\/blog2\/author\/assessoria-nina-martinelli\/\"}]}<\/script>\n<!-- \/ Yoast SEO plugin. -->","yoast_head_json":{"title":"Impon\u00eancia e movimento \u2013 Ferri aplicado em p\u00f3rtico traz destaque a fachada residencial em Cordeir\u00f3polis\/SP","description":"Impon\u00eancia e movimento e eleg\u00e2ncia, atributos trazidos pelo revestimento Ferri aplicado num lind\u00edssimo p\u00f3rtico numa fachada residencial","robots":{"index":"index","follow":"follow","max-snippet":"max-snippet:-1","max-image-preview":"max-image-preview:large","max-video-preview":"max-video-preview:-1"},"canonical":"https:\/\/ninamartinelli.com.br\/blog2\/imponencia-e-movimento-ferri-aplicado-em-portico-traz-destaque-a-fachada-residencial-em-cordeiropolis-sp\/","og_locale":"pt_BR","og_type":"article","og_title":"Impon\u00eancia e movimento \u2013 Ferri aplicado em p\u00f3rtico traz destaque a fachada residencial em Cordeir\u00f3polis\/SP","og_description":"Impon\u00eancia e movimento e eleg\u00e2ncia, atributos trazidos pelo revestimento Ferri aplicado num lind\u00edssimo p\u00f3rtico numa fachada residencial","og_url":"https:\/\/ninamartinelli.com.br\/blog2\/imponencia-e-movimento-ferri-aplicado-em-portico-traz-destaque-a-fachada-residencial-em-cordeiropolis-sp\/","og_site_name":"Blog Nina","article_published_time":"2023-08-23T13:44:38+00:00","og_image":[{"width":1024,"height":768,"url":"https:\/\/ninamartinelli.com.br\/blog2\/wp-content\/uploads\/2023\/08\/Ferri-Carol-Colletta3.jpg","type":"image\/jpeg"}],"author":"Ana Maria Devides","twitter_card":"summary_large_image","twitter_misc":{"Escrito por":"Ana Maria Devides","Est. tempo de leitura":"3 minutos"},"schema":{"@context":"https:\/\/schema.org","@graph":[{"@type":"Article","@id":"https:\/\/ninamartinelli.com.br\/blog2\/imponencia-e-movimento-ferri-aplicado-em-portico-traz-destaque-a-fachada-residencial-em-cordeiropolis-sp\/#article","isPartOf":{"@id":"https:\/\/ninamartinelli.com.br\/blog2\/imponencia-e-movimento-ferri-aplicado-em-portico-traz-destaque-a-fachada-residencial-em-cordeiropolis-sp\/"},"author":{"name":"Ana Maria Devides","@id":"https:\/\/ninamartinelli.com.br\/blog2\/#\/schema\/person\/43fbfb1d4cbe3b472995206b2bb06df5"},"headline":"Impon\u00eancia e movimento \u2013 Ferri aplicado em p\u00f3rtico traz destaque a fachada residencial em Cordeir\u00f3polis\/SP","datePublished":"2023-08-23T13:44:38+00:00","mainEntityOfPage":{"@id":"https:\/\/ninamartinelli.com.br\/blog2\/imponencia-e-movimento-ferri-aplicado-em-portico-traz-destaque-a-fachada-residencial-em-cordeiropolis-sp\/"},"wordCount":416,"commentCount":0,"publisher":{"@id":"https:\/\/ninamartinelli.com.br\/blog2\/#organization"},"image":{"@id":"https:\/\/ninamartinelli.com.br\/blog2\/imponencia-e-movimento-ferri-aplicado-em-portico-traz-destaque-a-fachada-residencial-em-cordeiropolis-sp\/#primaryimage"},"thumbnailUrl":"https:\/\/ninamartinelli.com.br\/blog2\/wp-content\/uploads\/2023\/08\/Ferri-Carol-Colletta3.jpg","articleSection":["Nina Martinelli"],"inLanguage":"pt-BR","potentialAction":[{"@type":"CommentAction","name":"Comment","target":["https:\/\/ninamartinelli.com.br\/blog2\/imponencia-e-movimento-ferri-aplicado-em-portico-traz-destaque-a-fachada-residencial-em-cordeiropolis-sp\/#respond"]}]},{"@type":"WebPage","@id":"https:\/\/ninamartinelli.com.br\/blog2\/imponencia-e-movimento-ferri-aplicado-em-portico-traz-destaque-a-fachada-residencial-em-cordeiropolis-sp\/","url":"https:\/\/ninamartinelli.com.br\/blog2\/imponencia-e-movimento-ferri-aplicado-em-portico-traz-destaque-a-fachada-residencial-em-cordeiropolis-sp\/","name":"Impon\u00eancia e movimento \u2013 Ferri aplicado em p\u00f3rtico traz destaque a fachada residencial em Cordeir\u00f3polis\/SP","isPartOf":{"@id":"https:\/\/ninamartinelli.com.br\/blog2\/#website"},"primaryImageOfPage":{"@id":"https:\/\/ninamartinelli.com.br\/blog2\/imponencia-e-movimento-ferri-aplicado-em-portico-traz-destaque-a-fachada-residencial-em-cordeiropolis-sp\/#primaryimage"},"image":{"@id":"https:\/\/ninamartinelli.com.br\/blog2\/imponencia-e-movimento-ferri-aplicado-em-portico-traz-destaque-a-fachada-residencial-em-cordeiropolis-sp\/#primaryimage"},"thumbnailUrl":"https:\/\/ninamartinelli.com.br\/blog2\/wp-content\/uploads\/2023\/08\/Ferri-Carol-Colletta3.jpg","datePublished":"2023-08-23T13:44:38+00:00","description":"Impon\u00eancia e movimento e eleg\u00e2ncia, atributos trazidos pelo revestimento Ferri aplicado num lind\u00edssimo p\u00f3rtico numa fachada residencial","breadcrumb":{"@id":"https:\/\/ninamartinelli.com.br\/blog2\/imponencia-e-movimento-ferri-aplicado-em-portico-traz-destaque-a-fachada-residencial-em-cordeiropolis-sp\/#breadcrumb"},"inLanguage":"pt-BR","potentialAction":[{"@type":"ReadAction","target":["https:\/\/ninamartinelli.com.br\/blog2\/imponencia-e-movimento-ferri-aplicado-em-portico-traz-destaque-a-fachada-residencial-em-cordeiropolis-sp\/"]}]},{"@type":"ImageObject","inLanguage":"pt-BR","@id":"https:\/\/ninamartinelli.com.br\/blog2\/imponencia-e-movimento-ferri-aplicado-em-portico-traz-destaque-a-fachada-residencial-em-cordeiropolis-sp\/#primaryimage","url":"https:\/\/ninamartinelli.com.br\/blog2\/wp-content\/uploads\/2023\/08\/Ferri-Carol-Colletta3.jpg","contentUrl":"https:\/\/ninamartinelli.com.br\/blog2\/wp-content\/uploads\/2023\/08\/Ferri-Carol-Colletta3.jpg","width":1024,"height":768},{"@type":"BreadcrumbList","@id":"https:\/\/ninamartinelli.com.br\/blog2\/imponencia-e-movimento-ferri-aplicado-em-portico-traz-destaque-a-fachada-residencial-em-cordeiropolis-sp\/#breadcrumb","itemListElement":[{"@type":"ListItem","position":1,"name":"In\u00edcio","item":"https:\/\/ninamartinelli.com.br\/blog2\/"},{"@type":"ListItem","position":2,"name":"Impon\u00eancia e movimento \u2013 Ferri aplicado em p\u00f3rtico traz destaque a fachada residencial em Cordeir\u00f3polis\/SP"}]},{"@type":"WebSite","@id":"https:\/\/ninamartinelli.com.br\/blog2\/#website","url":"https:\/\/ninamartinelli.com.br\/blog2\/","name":"Nina Martinelli","description":"#Nina_Martinelli","publisher":{"@id":"https:\/\/ninamartinelli.com.br\/blog2\/#organization"},"potentialAction":[{"@type":"SearchAction","target":{"@type":"EntryPoint","urlTemplate":"https:\/\/ninamartinelli.com.br\/blog2\/?s={search_term_string}"},"query-input":{"@type":"PropertyValueSpecification","valueRequired":true,"valueName":"search_term_string"}}],"inLanguage":"pt-BR"},{"@type":"Organization","@id":"https:\/\/ninamartinelli.com.br\/blog2\/#organization","name":"Blog Novidades","url":"https:\/\/ninamartinelli.com.br\/blog2\/","logo":{"@type":"ImageObject","inLanguage":"pt-BR","@id":"https:\/\/ninamartinelli.com.br\/blog2\/#\/schema\/logo\/image\/","url":"http:\/\/blog.ninamartinelli.com.br\/wp-content\/uploads\/2022\/03\/logo_nina_blog.png","contentUrl":"http:\/\/blog.ninamartinelli.com.br\/wp-content\/uploads\/2022\/03\/logo_nina_blog.png","width":500,"height":104,"caption":"Blog Novidades"},"image":{"@id":"https:\/\/ninamartinelli.com.br\/blog2\/#\/schema\/logo\/image\/"}},{"@type":"Person","@id":"https:\/\/ninamartinelli.com.br\/blog2\/#\/schema\/person\/43fbfb1d4cbe3b472995206b2bb06df5","name":"Ana Maria Devides","image":{"@type":"ImageObject","inLanguage":"pt-BR","@id":"https:\/\/ninamartinelli.com.br\/blog2\/#\/schema\/person\/image\/","url":"https:\/\/secure.gravatar.com\/avatar\/a03a82675d8bb3da8e5c5a6872db97be?s=96&d=mm&r=g","contentUrl":"https:\/\/secure.gravatar.com\/avatar\/a03a82675d8bb3da8e5c5a6872db97be?s=96&d=mm&r=g","caption":"Ana Maria Devides"},"url":"https:\/\/ninamartinelli.com.br\/blog2\/author\/assessoria-nina-martinelli\/"}]}},"_links":{"self":[{"href":"https:\/\/ninamartinelli.com.br\/blog2\/wp-json\/wp\/v2\/posts\/2076","targetHints":{"allow":["GET"]}}],"collection":[{"href":"https:\/\/ninamartinelli.com.br\/blog2\/wp-json\/wp\/v2\/posts"}],"about":[{"href":"https:\/\/ninamartinelli.com.br\/blog2\/wp-json\/wp\/v2\/types\/post"}],"author":[{"embeddable":true,"href":"https:\/\/ninamartinelli.com.br\/blog2\/wp-json\/wp\/v2\/users\/2"}],"replies":[{"embeddable":true,"href":"https:\/\/ninamartinelli.com.br\/blog2\/wp-json\/wp\/v2\/comments?post=2076"}],"version-history":[{"count":2,"href":"https:\/\/ninamartinelli.com.br\/blog2\/wp-json\/wp\/v2\/posts\/2076\/revisions"}],"predecessor-version":[{"id":2081,"href":"https:\/\/ninamartinelli.com.br\/blog2\/wp-json\/wp\/v2\/posts\/2076\/revisions\/2081"}],"wp:featuredmedia":[{"embeddable":true,"href":"https:\/\/ninamartinelli.com.br\/blog2\/wp-json\/wp\/v2\/media\/2077"}],"wp:attachment":[{"href":"https:\/\/ninamartinelli.com.br\/blog2\/wp-json\/wp\/v2\/media?parent=2076"}],"wp:term":[{"taxonomy":"category","embeddable":true,"href":"https:\/\/ninamartinelli.com.br\/blog2\/wp-json\/wp\/v2\/categories?post=2076"},{"taxonomy":"post_tag","embeddable":true,"href":"https:\/\/ninamartinelli.com.br\/blog2\/wp-json\/wp\/v2\/tags?post=2076"}],"curies":[{"name":"wp","href":"https:\/\/api.w.org\/{rel}","templated":true}]}}