{"id":2071,"date":"2023-08-16T09:53:32","date_gmt":"2023-08-16T12:53:32","guid":{"rendered":"https:\/\/ninamartinelli.com.br\/blog2\/?p=2071"},"modified":"2023-08-16T09:55:23","modified_gmt":"2023-08-16T12:55:23","slug":"acolhimento-e-aconchego-madeira-chevron-personaliza-movel-e-aquece-ambiente-em-apartamento-em-mg","status":"publish","type":"post","link":"https:\/\/ninamartinelli.com.br\/blog2\/acolhimento-e-aconchego-madeira-chevron-personaliza-movel-e-aquece-ambiente-em-apartamento-em-mg\/","title":{"rendered":"Acolhimento e aconchego \u2013 Madeira Chevron personaliza m\u00f3vel e aquece ambiente em apartamento em MG"},"content":{"rendered":"<p>Acolhimento e aconchego. Esses eram atributos desejados pela cliente da arquiteta Mariah Lovisi, do escrit\u00f3rio <a href=\"https:\/\/www.instagram.com\/neway.arq\/\">Neway Arquitetura<\/a>, para um apartamento em Juiz de Fora\/MG.<\/p>\n<p>A cliente, uma jovem m\u00e9dica, se desdobra numa extenuante jornada de trabalho em hospitais, cl\u00ednicas, ambientes que, onde, por defini\u00e7\u00e3o, predominam paredes brancas, luz fria e quase nenhuma decora\u00e7\u00e3o. <em>\u201cAt\u00e9 por isso a gente buscava materiais que trouxessem ao apartamento um clima de Acolhimento e aconchego, para quebrar um pouco a frieza do dia a dia profissional dela\u201d,<\/em> explica Mariah.<\/p>\n<p>O im\u00f3vel, de tr\u00eas dormit\u00f3rios, tem uma boa sala e cozinha integradas, ambiente escolhido para receber cuidado extra de Mariah. Para essa \u00e1rea, ela optou por cores marcantes, como um verde escuro numa das principais paredes da sala.<\/p>\n<p>Em frente a essa parede, Mariah projetou e encomendou uma marcenaria especial. Um arm\u00e1rio baixo, que funciona como buf\u00ea e como aparador, em freij\u00f3. Sobre as portas desse m\u00f3vel, a arquiteta especificou para o marceneiro utilizar o revestimento <a href=\"https:\/\/ninamartinelli.com.br\/#!\/pt\/produtos\/0124-revestimento-chevron\">Madeira Chevron<\/a>, da Nina Martinelli Pisos e Revestimentos.<\/p>\n<p><img loading=\"lazy\" decoding=\"async\" class=\" wp-image-2073 alignleft\" src=\"https:\/\/ninamartinelli.com.br\/blog2\/wp-content\/uploads\/2023\/08\/neway-madeira-2-225x300.jpg\" alt=\"\" width=\"314\" height=\"419\" srcset=\"https:\/\/ninamartinelli.com.br\/blog2\/wp-content\/uploads\/2023\/08\/neway-madeira-2-225x300.jpg 225w, https:\/\/ninamartinelli.com.br\/blog2\/wp-content\/uploads\/2023\/08\/neway-madeira-2-767x1024.jpg 767w, https:\/\/ninamartinelli.com.br\/blog2\/wp-content\/uploads\/2023\/08\/neway-madeira-2-768x1026.jpg 768w, https:\/\/ninamartinelli.com.br\/blog2\/wp-content\/uploads\/2023\/08\/neway-madeira-2.jpg 900w\" sizes=\"auto, (max-width: 314px) 100vw, 314px\" \/><\/p>\n<p>O produto \u00e9 apresentado em um mosaico feito em madeira 100% natural, reciclada, com filetes organizados em placas teladas, medindo 21x39cm, dispostas no cl\u00e1ssico formato V Chevron, com altern\u00e2ncia de relevos e tamb\u00e9m de tonalidades.<\/p>\n<p>\u00c9 indicado exclusivamente para \u00e1reas internas e secas e com frequ\u00eancia, \u00e9 escolhido por profissionais criativos como Mariah para personalizar m\u00f3veis, balc\u00f5es em alvenaria, para composi\u00e7\u00e3o de pain\u00e9is em paredes ou mesmo para revestir paredes inteiras, criando uma superf\u00edcie de textura marcante e de impacto visual.<\/p>\n<p>Tamb\u00e9m nessa sala integrada \u00e0 cozinha, Mariah escolheu complementos como um porta-chap\u00e9us, que muitos chamam de cabideiro, feito em madeira e palhinha. Pe\u00e7a de design da pr\u00f3pria arquiteta, diga-se de passagem.\u00a0 Ela tamb\u00e9m usou apetes com texturas naturais e objetos decorativos em tramas org\u00e2nicas. <em>\u201cA pr\u00f3pria cliente \u00e9 ceramista nas horas vagas, faz artesanato, e escolhemos algumas pe\u00e7as com apelo natural para enriquecer essa pegada de acolhimento\u201d, <\/em>diz.<\/p>\n<p>Vale ressaltar que o m\u00f3vel onde o Madeira Chevron foi aplicado n\u00e3o \u00e9 embutido, ou seja, poder\u00e1 ser levado para outro local se a propriet\u00e1ria tiver que se mudar. <em>\u201cEssa pe\u00e7a ficar\u00e1 com ela por toda a vida, o que refor\u00e7a ainda mais esse conceito de aconchego. O resultado foi incr\u00edvel\u201d,<\/em> conclui Mariah.<\/p>\n<p>Veja mais projetos com produtos em madeira da Nina clicando <a href=\"https:\/\/ninamartinelli.com.br\/blog2\/wp-admin\/post.php?post=1592&amp;action=edit\">aqui.<\/a><\/p>\n<p>&nbsp;<\/p>\n<p><strong>Servi\u00e7o:<\/strong><\/p>\n<p><strong>Acolhimento e aconchego<\/strong><\/p>\n<p><strong>M\u00f3vel personalizado em Apartamento em Juiz de Fora\/MG<\/strong><\/p>\n<p>Produto: Madeira Chevron em telas de 21x39cm<\/p>\n<p>Projeto: Mariah Lovisi \u2013 Neway Aarquitetura<\/p>\n<p>Instagram: <a href=\"https:\/\/www.instagram.com\/neway.arq\/\">@neway.arq<\/a><\/p>\n<p>Fotos: Mariah Lovisi<\/p>\n<p>&nbsp;<\/p>\n","protected":false},"excerpt":{"rendered":"<p>Acolhimento e aconchego. Esses eram atributos desejados pela cliente da arquiteta Mariah Lovisi, do escrit\u00f3rio<\/p>\n","protected":false},"author":2,"featured_media":2072,"comment_status":"open","ping_status":"open","sticky":false,"template":"","format":"standard","meta":{"footnotes":""},"categories":[61,26],"tags":[156,72,40,35,5,67],"class_list":["post-2071","post","type-post","status-publish","format-standard","has-post-thumbnail","hentry","category-madeira-natural","category-revestimentos","tag-ambientes-integrados","tag-apartamento","tag-area-interna","tag-madeira","tag-projetos","tag-revestimento-3d"],"yoast_head":"<!-- This site is optimized with the Yoast SEO plugin v26.8 - https:\/\/yoast.com\/product\/yoast-seo-wordpress\/ -->\n<title>Acolhimento e aconchego \u2013 Madeira Chevron personaliza m\u00f3vel e aquece ambiente em apartamento em MG<\/title>\n<meta name=\"description\" content=\"Acolhimento e aconchego foram alguns dos conceitos que Mariah Lovisi usou para compor o ambiente integrado da sala e cozinha em apartamento\" \/>\n<meta name=\"robots\" content=\"index, follow, max-snippet:-1, max-image-preview:large, max-video-preview:-1\" \/>\n<link rel=\"canonical\" href=\"https:\/\/ninamartinelli.com.br\/blog2\/acolhimento-e-aconchego-madeira-chevron-personaliza-movel-e-aquece-ambiente-em-apartamento-em-mg\/\" \/>\n<meta property=\"og:locale\" content=\"pt_BR\" \/>\n<meta property=\"og:type\" content=\"article\" \/>\n<meta property=\"og:title\" content=\"Acolhimento e aconchego \u2013 Madeira Chevron personaliza m\u00f3vel e aquece ambiente em apartamento em MG\" \/>\n<meta property=\"og:description\" content=\"Acolhimento e aconchego foram alguns dos conceitos que Mariah Lovisi usou para compor o ambiente integrado da sala e cozinha em apartamento\" \/>\n<meta property=\"og:url\" content=\"https:\/\/ninamartinelli.com.br\/blog2\/acolhimento-e-aconchego-madeira-chevron-personaliza-movel-e-aquece-ambiente-em-apartamento-em-mg\/\" \/>\n<meta property=\"og:site_name\" content=\"Blog Nina\" \/>\n<meta property=\"article:published_time\" content=\"2023-08-16T12:53:32+00:00\" \/>\n<meta property=\"article:modified_time\" content=\"2023-08-16T12:55:23+00:00\" \/>\n<meta property=\"og:image\" content=\"https:\/\/ninamartinelli.com.br\/blog2\/wp-content\/uploads\/2023\/08\/neway-madeira-1.jpg\" \/>\n\t<meta property=\"og:image:width\" content=\"788\" \/>\n\t<meta property=\"og:image:height\" content=\"1095\" \/>\n\t<meta property=\"og:image:type\" content=\"image\/jpeg\" \/>\n<meta name=\"author\" content=\"Ana Maria Devides\" \/>\n<meta name=\"twitter:card\" content=\"summary_large_image\" \/>\n<meta name=\"twitter:label1\" content=\"Escrito por\" \/>\n\t<meta name=\"twitter:data1\" content=\"Ana Maria Devides\" \/>\n\t<meta name=\"twitter:label2\" content=\"Est. tempo de leitura\" \/>\n\t<meta name=\"twitter:data2\" content=\"3 minutos\" \/>\n<script type=\"application\/ld+json\" class=\"yoast-schema-graph\">{\"@context\":\"https:\/\/schema.org\",\"@graph\":[{\"@type\":\"Article\",\"@id\":\"https:\/\/ninamartinelli.com.br\/blog2\/acolhimento-e-aconchego-madeira-chevron-personaliza-movel-e-aquece-ambiente-em-apartamento-em-mg\/#article\",\"isPartOf\":{\"@id\":\"https:\/\/ninamartinelli.com.br\/blog2\/acolhimento-e-aconchego-madeira-chevron-personaliza-movel-e-aquece-ambiente-em-apartamento-em-mg\/\"},\"author\":{\"name\":\"Ana Maria Devides\",\"@id\":\"https:\/\/ninamartinelli.com.br\/blog2\/#\/schema\/person\/43fbfb1d4cbe3b472995206b2bb06df5\"},\"headline\":\"Acolhimento e aconchego \u2013 Madeira Chevron personaliza m\u00f3vel e aquece ambiente em apartamento em MG\",\"datePublished\":\"2023-08-16T12:53:32+00:00\",\"dateModified\":\"2023-08-16T12:55:23+00:00\",\"mainEntityOfPage\":{\"@id\":\"https:\/\/ninamartinelli.com.br\/blog2\/acolhimento-e-aconchego-madeira-chevron-personaliza-movel-e-aquece-ambiente-em-apartamento-em-mg\/\"},\"wordCount\":460,\"commentCount\":0,\"publisher\":{\"@id\":\"https:\/\/ninamartinelli.com.br\/blog2\/#organization\"},\"image\":{\"@id\":\"https:\/\/ninamartinelli.com.br\/blog2\/acolhimento-e-aconchego-madeira-chevron-personaliza-movel-e-aquece-ambiente-em-apartamento-em-mg\/#primaryimage\"},\"thumbnailUrl\":\"https:\/\/ninamartinelli.com.br\/blog2\/wp-content\/uploads\/2023\/08\/neway-madeira-1.jpg\",\"keywords\":[\"ambientes integrados\",\"apartamento\",\"area interna\",\"madeira\",\"Projetos\",\"revestimento 3D\"],\"articleSection\":[\"Madeira natural\",\"Revestimentos\"],\"inLanguage\":\"pt-BR\",\"potentialAction\":[{\"@type\":\"CommentAction\",\"name\":\"Comment\",\"target\":[\"https:\/\/ninamartinelli.com.br\/blog2\/acolhimento-e-aconchego-madeira-chevron-personaliza-movel-e-aquece-ambiente-em-apartamento-em-mg\/#respond\"]}]},{\"@type\":\"WebPage\",\"@id\":\"https:\/\/ninamartinelli.com.br\/blog2\/acolhimento-e-aconchego-madeira-chevron-personaliza-movel-e-aquece-ambiente-em-apartamento-em-mg\/\",\"url\":\"https:\/\/ninamartinelli.com.br\/blog2\/acolhimento-e-aconchego-madeira-chevron-personaliza-movel-e-aquece-ambiente-em-apartamento-em-mg\/\",\"name\":\"Acolhimento e aconchego \u2013 Madeira Chevron personaliza m\u00f3vel e aquece ambiente em apartamento em MG\",\"isPartOf\":{\"@id\":\"https:\/\/ninamartinelli.com.br\/blog2\/#website\"},\"primaryImageOfPage\":{\"@id\":\"https:\/\/ninamartinelli.com.br\/blog2\/acolhimento-e-aconchego-madeira-chevron-personaliza-movel-e-aquece-ambiente-em-apartamento-em-mg\/#primaryimage\"},\"image\":{\"@id\":\"https:\/\/ninamartinelli.com.br\/blog2\/acolhimento-e-aconchego-madeira-chevron-personaliza-movel-e-aquece-ambiente-em-apartamento-em-mg\/#primaryimage\"},\"thumbnailUrl\":\"https:\/\/ninamartinelli.com.br\/blog2\/wp-content\/uploads\/2023\/08\/neway-madeira-1.jpg\",\"datePublished\":\"2023-08-16T12:53:32+00:00\",\"dateModified\":\"2023-08-16T12:55:23+00:00\",\"description\":\"Acolhimento e aconchego foram alguns dos conceitos que Mariah Lovisi usou para compor o ambiente integrado da sala e cozinha em apartamento\",\"breadcrumb\":{\"@id\":\"https:\/\/ninamartinelli.com.br\/blog2\/acolhimento-e-aconchego-madeira-chevron-personaliza-movel-e-aquece-ambiente-em-apartamento-em-mg\/#breadcrumb\"},\"inLanguage\":\"pt-BR\",\"potentialAction\":[{\"@type\":\"ReadAction\",\"target\":[\"https:\/\/ninamartinelli.com.br\/blog2\/acolhimento-e-aconchego-madeira-chevron-personaliza-movel-e-aquece-ambiente-em-apartamento-em-mg\/\"]}]},{\"@type\":\"ImageObject\",\"inLanguage\":\"pt-BR\",\"@id\":\"https:\/\/ninamartinelli.com.br\/blog2\/acolhimento-e-aconchego-madeira-chevron-personaliza-movel-e-aquece-ambiente-em-apartamento-em-mg\/#primaryimage\",\"url\":\"https:\/\/ninamartinelli.com.br\/blog2\/wp-content\/uploads\/2023\/08\/neway-madeira-1.jpg\",\"contentUrl\":\"https:\/\/ninamartinelli.com.br\/blog2\/wp-content\/uploads\/2023\/08\/neway-madeira-1.jpg\",\"width\":788,\"height\":1095},{\"@type\":\"BreadcrumbList\",\"@id\":\"https:\/\/ninamartinelli.com.br\/blog2\/acolhimento-e-aconchego-madeira-chevron-personaliza-movel-e-aquece-ambiente-em-apartamento-em-mg\/#breadcrumb\",\"itemListElement\":[{\"@type\":\"ListItem\",\"position\":1,\"name\":\"In\u00edcio\",\"item\":\"https:\/\/ninamartinelli.com.br\/blog2\/\"},{\"@type\":\"ListItem\",\"position\":2,\"name\":\"Acolhimento e aconchego \u2013 Madeira Chevron personaliza m\u00f3vel e aquece ambiente em apartamento em MG\"}]},{\"@type\":\"WebSite\",\"@id\":\"https:\/\/ninamartinelli.com.br\/blog2\/#website\",\"url\":\"https:\/\/ninamartinelli.com.br\/blog2\/\",\"name\":\"Nina Martinelli\",\"description\":\"#Nina_Martinelli\",\"publisher\":{\"@id\":\"https:\/\/ninamartinelli.com.br\/blog2\/#organization\"},\"potentialAction\":[{\"@type\":\"SearchAction\",\"target\":{\"@type\":\"EntryPoint\",\"urlTemplate\":\"https:\/\/ninamartinelli.com.br\/blog2\/?s={search_term_string}\"},\"query-input\":{\"@type\":\"PropertyValueSpecification\",\"valueRequired\":true,\"valueName\":\"search_term_string\"}}],\"inLanguage\":\"pt-BR\"},{\"@type\":\"Organization\",\"@id\":\"https:\/\/ninamartinelli.com.br\/blog2\/#organization\",\"name\":\"Blog Novidades\",\"url\":\"https:\/\/ninamartinelli.com.br\/blog2\/\",\"logo\":{\"@type\":\"ImageObject\",\"inLanguage\":\"pt-BR\",\"@id\":\"https:\/\/ninamartinelli.com.br\/blog2\/#\/schema\/logo\/image\/\",\"url\":\"http:\/\/blog.ninamartinelli.com.br\/wp-content\/uploads\/2022\/03\/logo_nina_blog.png\",\"contentUrl\":\"http:\/\/blog.ninamartinelli.com.br\/wp-content\/uploads\/2022\/03\/logo_nina_blog.png\",\"width\":500,\"height\":104,\"caption\":\"Blog Novidades\"},\"image\":{\"@id\":\"https:\/\/ninamartinelli.com.br\/blog2\/#\/schema\/logo\/image\/\"}},{\"@type\":\"Person\",\"@id\":\"https:\/\/ninamartinelli.com.br\/blog2\/#\/schema\/person\/43fbfb1d4cbe3b472995206b2bb06df5\",\"name\":\"Ana Maria Devides\",\"image\":{\"@type\":\"ImageObject\",\"inLanguage\":\"pt-BR\",\"@id\":\"https:\/\/ninamartinelli.com.br\/blog2\/#\/schema\/person\/image\/\",\"url\":\"https:\/\/secure.gravatar.com\/avatar\/a03a82675d8bb3da8e5c5a6872db97be?s=96&d=mm&r=g\",\"contentUrl\":\"https:\/\/secure.gravatar.com\/avatar\/a03a82675d8bb3da8e5c5a6872db97be?s=96&d=mm&r=g\",\"caption\":\"Ana Maria Devides\"},\"url\":\"https:\/\/ninamartinelli.com.br\/blog2\/author\/assessoria-nina-martinelli\/\"}]}<\/script>\n<!-- \/ Yoast SEO plugin. -->","yoast_head_json":{"title":"Acolhimento e aconchego \u2013 Madeira Chevron personaliza m\u00f3vel e aquece ambiente em apartamento em MG","description":"Acolhimento e aconchego foram alguns dos conceitos que Mariah Lovisi usou para compor o ambiente integrado da sala e cozinha em apartamento","robots":{"index":"index","follow":"follow","max-snippet":"max-snippet:-1","max-image-preview":"max-image-preview:large","max-video-preview":"max-video-preview:-1"},"canonical":"https:\/\/ninamartinelli.com.br\/blog2\/acolhimento-e-aconchego-madeira-chevron-personaliza-movel-e-aquece-ambiente-em-apartamento-em-mg\/","og_locale":"pt_BR","og_type":"article","og_title":"Acolhimento e aconchego \u2013 Madeira Chevron personaliza m\u00f3vel e aquece ambiente em apartamento em MG","og_description":"Acolhimento e aconchego foram alguns dos conceitos que Mariah Lovisi usou para compor o ambiente integrado da sala e cozinha em apartamento","og_url":"https:\/\/ninamartinelli.com.br\/blog2\/acolhimento-e-aconchego-madeira-chevron-personaliza-movel-e-aquece-ambiente-em-apartamento-em-mg\/","og_site_name":"Blog Nina","article_published_time":"2023-08-16T12:53:32+00:00","article_modified_time":"2023-08-16T12:55:23+00:00","og_image":[{"width":788,"height":1095,"url":"https:\/\/ninamartinelli.com.br\/blog2\/wp-content\/uploads\/2023\/08\/neway-madeira-1.jpg","type":"image\/jpeg"}],"author":"Ana Maria Devides","twitter_card":"summary_large_image","twitter_misc":{"Escrito por":"Ana Maria Devides","Est. tempo de leitura":"3 minutos"},"schema":{"@context":"https:\/\/schema.org","@graph":[{"@type":"Article","@id":"https:\/\/ninamartinelli.com.br\/blog2\/acolhimento-e-aconchego-madeira-chevron-personaliza-movel-e-aquece-ambiente-em-apartamento-em-mg\/#article","isPartOf":{"@id":"https:\/\/ninamartinelli.com.br\/blog2\/acolhimento-e-aconchego-madeira-chevron-personaliza-movel-e-aquece-ambiente-em-apartamento-em-mg\/"},"author":{"name":"Ana Maria Devides","@id":"https:\/\/ninamartinelli.com.br\/blog2\/#\/schema\/person\/43fbfb1d4cbe3b472995206b2bb06df5"},"headline":"Acolhimento e aconchego \u2013 Madeira Chevron personaliza m\u00f3vel e aquece ambiente em apartamento em MG","datePublished":"2023-08-16T12:53:32+00:00","dateModified":"2023-08-16T12:55:23+00:00","mainEntityOfPage":{"@id":"https:\/\/ninamartinelli.com.br\/blog2\/acolhimento-e-aconchego-madeira-chevron-personaliza-movel-e-aquece-ambiente-em-apartamento-em-mg\/"},"wordCount":460,"commentCount":0,"publisher":{"@id":"https:\/\/ninamartinelli.com.br\/blog2\/#organization"},"image":{"@id":"https:\/\/ninamartinelli.com.br\/blog2\/acolhimento-e-aconchego-madeira-chevron-personaliza-movel-e-aquece-ambiente-em-apartamento-em-mg\/#primaryimage"},"thumbnailUrl":"https:\/\/ninamartinelli.com.br\/blog2\/wp-content\/uploads\/2023\/08\/neway-madeira-1.jpg","keywords":["ambientes integrados","apartamento","area interna","madeira","Projetos","revestimento 3D"],"articleSection":["Madeira natural","Revestimentos"],"inLanguage":"pt-BR","potentialAction":[{"@type":"CommentAction","name":"Comment","target":["https:\/\/ninamartinelli.com.br\/blog2\/acolhimento-e-aconchego-madeira-chevron-personaliza-movel-e-aquece-ambiente-em-apartamento-em-mg\/#respond"]}]},{"@type":"WebPage","@id":"https:\/\/ninamartinelli.com.br\/blog2\/acolhimento-e-aconchego-madeira-chevron-personaliza-movel-e-aquece-ambiente-em-apartamento-em-mg\/","url":"https:\/\/ninamartinelli.com.br\/blog2\/acolhimento-e-aconchego-madeira-chevron-personaliza-movel-e-aquece-ambiente-em-apartamento-em-mg\/","name":"Acolhimento e aconchego \u2013 Madeira Chevron personaliza m\u00f3vel e aquece ambiente em apartamento em MG","isPartOf":{"@id":"https:\/\/ninamartinelli.com.br\/blog2\/#website"},"primaryImageOfPage":{"@id":"https:\/\/ninamartinelli.com.br\/blog2\/acolhimento-e-aconchego-madeira-chevron-personaliza-movel-e-aquece-ambiente-em-apartamento-em-mg\/#primaryimage"},"image":{"@id":"https:\/\/ninamartinelli.com.br\/blog2\/acolhimento-e-aconchego-madeira-chevron-personaliza-movel-e-aquece-ambiente-em-apartamento-em-mg\/#primaryimage"},"thumbnailUrl":"https:\/\/ninamartinelli.com.br\/blog2\/wp-content\/uploads\/2023\/08\/neway-madeira-1.jpg","datePublished":"2023-08-16T12:53:32+00:00","dateModified":"2023-08-16T12:55:23+00:00","description":"Acolhimento e aconchego foram alguns dos conceitos que Mariah Lovisi usou para compor o ambiente integrado da sala e cozinha em apartamento","breadcrumb":{"@id":"https:\/\/ninamartinelli.com.br\/blog2\/acolhimento-e-aconchego-madeira-chevron-personaliza-movel-e-aquece-ambiente-em-apartamento-em-mg\/#breadcrumb"},"inLanguage":"pt-BR","potentialAction":[{"@type":"ReadAction","target":["https:\/\/ninamartinelli.com.br\/blog2\/acolhimento-e-aconchego-madeira-chevron-personaliza-movel-e-aquece-ambiente-em-apartamento-em-mg\/"]}]},{"@type":"ImageObject","inLanguage":"pt-BR","@id":"https:\/\/ninamartinelli.com.br\/blog2\/acolhimento-e-aconchego-madeira-chevron-personaliza-movel-e-aquece-ambiente-em-apartamento-em-mg\/#primaryimage","url":"https:\/\/ninamartinelli.com.br\/blog2\/wp-content\/uploads\/2023\/08\/neway-madeira-1.jpg","contentUrl":"https:\/\/ninamartinelli.com.br\/blog2\/wp-content\/uploads\/2023\/08\/neway-madeira-1.jpg","width":788,"height":1095},{"@type":"BreadcrumbList","@id":"https:\/\/ninamartinelli.com.br\/blog2\/acolhimento-e-aconchego-madeira-chevron-personaliza-movel-e-aquece-ambiente-em-apartamento-em-mg\/#breadcrumb","itemListElement":[{"@type":"ListItem","position":1,"name":"In\u00edcio","item":"https:\/\/ninamartinelli.com.br\/blog2\/"},{"@type":"ListItem","position":2,"name":"Acolhimento e aconchego \u2013 Madeira Chevron personaliza m\u00f3vel e aquece ambiente em apartamento em MG"}]},{"@type":"WebSite","@id":"https:\/\/ninamartinelli.com.br\/blog2\/#website","url":"https:\/\/ninamartinelli.com.br\/blog2\/","name":"Nina Martinelli","description":"#Nina_Martinelli","publisher":{"@id":"https:\/\/ninamartinelli.com.br\/blog2\/#organization"},"potentialAction":[{"@type":"SearchAction","target":{"@type":"EntryPoint","urlTemplate":"https:\/\/ninamartinelli.com.br\/blog2\/?s={search_term_string}"},"query-input":{"@type":"PropertyValueSpecification","valueRequired":true,"valueName":"search_term_string"}}],"inLanguage":"pt-BR"},{"@type":"Organization","@id":"https:\/\/ninamartinelli.com.br\/blog2\/#organization","name":"Blog Novidades","url":"https:\/\/ninamartinelli.com.br\/blog2\/","logo":{"@type":"ImageObject","inLanguage":"pt-BR","@id":"https:\/\/ninamartinelli.com.br\/blog2\/#\/schema\/logo\/image\/","url":"http:\/\/blog.ninamartinelli.com.br\/wp-content\/uploads\/2022\/03\/logo_nina_blog.png","contentUrl":"http:\/\/blog.ninamartinelli.com.br\/wp-content\/uploads\/2022\/03\/logo_nina_blog.png","width":500,"height":104,"caption":"Blog Novidades"},"image":{"@id":"https:\/\/ninamartinelli.com.br\/blog2\/#\/schema\/logo\/image\/"}},{"@type":"Person","@id":"https:\/\/ninamartinelli.com.br\/blog2\/#\/schema\/person\/43fbfb1d4cbe3b472995206b2bb06df5","name":"Ana Maria Devides","image":{"@type":"ImageObject","inLanguage":"pt-BR","@id":"https:\/\/ninamartinelli.com.br\/blog2\/#\/schema\/person\/image\/","url":"https:\/\/secure.gravatar.com\/avatar\/a03a82675d8bb3da8e5c5a6872db97be?s=96&d=mm&r=g","contentUrl":"https:\/\/secure.gravatar.com\/avatar\/a03a82675d8bb3da8e5c5a6872db97be?s=96&d=mm&r=g","caption":"Ana Maria Devides"},"url":"https:\/\/ninamartinelli.com.br\/blog2\/author\/assessoria-nina-martinelli\/"}]}},"_links":{"self":[{"href":"https:\/\/ninamartinelli.com.br\/blog2\/wp-json\/wp\/v2\/posts\/2071","targetHints":{"allow":["GET"]}}],"collection":[{"href":"https:\/\/ninamartinelli.com.br\/blog2\/wp-json\/wp\/v2\/posts"}],"about":[{"href":"https:\/\/ninamartinelli.com.br\/blog2\/wp-json\/wp\/v2\/types\/post"}],"author":[{"embeddable":true,"href":"https:\/\/ninamartinelli.com.br\/blog2\/wp-json\/wp\/v2\/users\/2"}],"replies":[{"embeddable":true,"href":"https:\/\/ninamartinelli.com.br\/blog2\/wp-json\/wp\/v2\/comments?post=2071"}],"version-history":[{"count":2,"href":"https:\/\/ninamartinelli.com.br\/blog2\/wp-json\/wp\/v2\/posts\/2071\/revisions"}],"predecessor-version":[{"id":2075,"href":"https:\/\/ninamartinelli.com.br\/blog2\/wp-json\/wp\/v2\/posts\/2071\/revisions\/2075"}],"wp:featuredmedia":[{"embeddable":true,"href":"https:\/\/ninamartinelli.com.br\/blog2\/wp-json\/wp\/v2\/media\/2072"}],"wp:attachment":[{"href":"https:\/\/ninamartinelli.com.br\/blog2\/wp-json\/wp\/v2\/media?parent=2071"}],"wp:term":[{"taxonomy":"category","embeddable":true,"href":"https:\/\/ninamartinelli.com.br\/blog2\/wp-json\/wp\/v2\/categories?post=2071"},{"taxonomy":"post_tag","embeddable":true,"href":"https:\/\/ninamartinelli.com.br\/blog2\/wp-json\/wp\/v2\/tags?post=2071"}],"curies":[{"name":"wp","href":"https:\/\/api.w.org\/{rel}","templated":true}]}}