{"id":2064,"date":"2023-08-09T09:40:13","date_gmt":"2023-08-09T12:40:13","guid":{"rendered":"https:\/\/ninamartinelli.com.br\/blog2\/?p=2064"},"modified":"2023-08-09T09:40:13","modified_gmt":"2023-08-09T12:40:13","slug":"cobogos-brise-clair-e-sombre-uma-casa-que-respira-e-equilibra-imponencia-e-aconchego-no-vale-do-paraiba","status":"publish","type":"post","link":"https:\/\/ninamartinelli.com.br\/blog2\/cobogos-brise-clair-e-sombre-uma-casa-que-respira-e-equilibra-imponencia-e-aconchego-no-vale-do-paraiba\/","title":{"rendered":"Cobog\u00f3s Brise Clair e Sombre &#8211; Uma casa que respira e equilibra impon\u00eancia e aconchego, no Vale do Para\u00edba"},"content":{"rendered":"<p>Cobog\u00f3s Brise Clair e Sombre &#8211; O rio Para\u00edba do Sul serpenteia manso, acariciado por uma mata ciliar ainda bem preservada, a poucos metros do Condom\u00ednio Residencial Ch\u00e1cara Serimbura, na regi\u00e3o da Urbanova que, como o nome diz, \u00e9 uma das novas fronteiras imobili\u00e1rias mais valorizadas de S\u00e3o Jos\u00e9 dos Campos, no Vale do Para\u00edba, estado de S\u00e3o Paulo.<\/p>\n<p>Ali, no residencial de alto padr\u00e3o, os clientes do <a href=\"https:\/\/www.instagram.com\/studioarquiteturasjc\/\">Studio Arquitetura<\/a> revelaram seus sonhos: uma casa ampla, mas com ambientes integrados.<\/p>\n<p>Um casal de empres\u00e1rios com uma filha adolescente, vivendo uma rotina de muito trabalho, eles queriam que a nova casa fosse aconchegante e agrad\u00e1vel para receber a fam\u00edlia e os amigos, nos momentos de descanso. Por\u00e9m, ao mesmo tempo, que fosse uma constru\u00e7\u00e3o imponente. E que a impon\u00eancia, por sua vez, n\u00e3o tornasse o projeto simplesmente grandioso e \u00e1rido.<\/p>\n<p>\u201c<em>Eles queriam que ficasse claro a quem olhasse para o im\u00f3vel, que ali vive uma fam\u00edlia<\/em>\u201d, diz o arquiteto Ant\u00f4nio Martinelli, que integra o Studio.<\/p>\n<p>S\u00e3o 563 m<sup>2 <\/sup>de \u00e1rea constru\u00edda, divididos em nada menos do que 25 ambientes, entre espa\u00e7os privativos e sociais. Por ser uma casa t\u00e9rrea e estar locada num terreno urbano de 1200 m<sup>2<\/sup>, os arquitetos desenvolveram uma volumetria diferenciada, buscando dar a amplitude e a grandiosidade que os clientes desejavam.<\/p>\n<p>Ambientes integrados, outro desejo dos futuros moradores, pediam espa\u00e7os com grandes \u00e1reas de ilumina\u00e7\u00e3o e ventila\u00e7\u00e3o, sem, no entanto, perder a privacidade dos ambientes \u00edntimos, ainda que eles sejam pr\u00f3ximos da \u00e1rea social.<\/p>\n<p>Partindo desse conceito de amplitude e acolhimento, os profissionais do Studio Arquitetura criaram um projeto com estilo contempor\u00e2neo, mas utilizaram elementos e materiais aconchegantes ao tato e \u00e0 vis\u00e3o, como os bricks e as pedras que se destacam na volumetria e na composi\u00e7\u00e3o da obra.<\/p>\n<p><strong>Cheios e vazios, harmonia e beleza<\/strong><\/p>\n<p><strong>\u00a0<\/strong>O equil\u00edbrio foi alcan\u00e7ado na medida certa com os Cobog\u00f3s Brise Clair e Sombre, da Nina Martinelli, aplicado na fachada da bel\u00edssima casa. <em>\u201cOs cobog\u00f3s nos ajudaram a compor os \u00e2ngulos cheios e vazios e a pagina\u00e7\u00e3o com os dois modelos, alterna <\/em><em>seus v\u00e3os de luz e produz um efeito de integra\u00e7\u00e3o, sem perder a privacidade do ambiente, j\u00e1 que os clientes queriam essa prote\u00e7\u00e3o da vis\u00e3o da garagem\u201d<\/em>, explicam os profissionais.<\/p>\n<p>Feitas em concreto arquitet\u00f4nico, dispon\u00edveis nas medidas 30 x 30 x 7,5 cm, as pe\u00e7as fazem parte da Colezione Cobog\u00f3, vazadas e com formas geom\u00e9tricas, bastante apreciados para a composi\u00e7\u00e3o de divis\u00f3rias e fachadas, por oferecerem aos ambientes caracter\u00edsticas sustent\u00e1veis. S\u00e3o aliados na economia de energia, filtrando a radia\u00e7\u00e3o solar e permitindo a ventila\u00e7\u00e3o cruzada.<\/p>\n<p><strong>Naturalidade e movimento <\/strong><\/p>\n<p>Nos elementos de veda\u00e7\u00e3o, os muros, os arquitetos aplicaram outro produto Nina Martinelli, o revestimento Dante.<\/p>\n<p>Apresentado em placas teladas com 26,8x28cm, o revestimento Dante \u00e9 organizado em mosaicos, com cortes angulares e retos, resgatando o apelo dos formatos geom\u00e9tricos.<\/p>\n<p>\u00c9 indicado para \u00e1reas internas e externas e est\u00e1 dispon\u00edvel nas cores Cennere, a escolhida para este projeto, e tamb\u00e9m Scuro, Rossastro e Bianchi.<\/p>\n<p>\u201c<em>Escolhemos o Dante para os muros porque ele traz <\/em><em>naturalidade e movimento que complementam os Cobog\u00f3s Brise Clair e Sombre, e a volumetria da fachada, que \u00e9 composta de linhas e profundidades alternadas<\/em>\u201d.<\/p>\n<p>O resultado n\u00e3o poderia ter agradado mais, tanto os clientes quanto os profissionais que o idealizaram e executaram. <em>\u201cPara n\u00f3s \u00e9 sempre uma grande emo\u00e7\u00e3o ver a criatividade proposta pelo projeto ganhando vida ao longo da obra, e notar que a beleza antes vistas apenas em pequenas partes, de acordo com as fases das obras ganham exuber\u00e2ncia e surpreendem definitivamente o cliente quando unidas ao conjunto total da obra\u201d<\/em>, afirmam.<\/p>\n<p>&nbsp;<\/p>\n<p>O paisagismo que d\u00e1 o toque final de acolhimento e beleza foi executado pela empresa Cia. das Plantas, tamb\u00e9m de S\u00e3o Jos\u00e9 dos Campos.<\/p>\n<p><img loading=\"lazy\" decoding=\"async\" class=\"alignnone  wp-image-2067\" src=\"https:\/\/ninamartinelli.com.br\/blog2\/wp-content\/uploads\/2023\/08\/dantevaledoparaiba1-300x199.jpg\" alt=\"\" width=\"614\" height=\"407\" srcset=\"https:\/\/ninamartinelli.com.br\/blog2\/wp-content\/uploads\/2023\/08\/dantevaledoparaiba1-300x200.jpg 300w, https:\/\/ninamartinelli.com.br\/blog2\/wp-content\/uploads\/2023\/08\/dantevaledoparaiba1-1024x678.jpg 1024w, https:\/\/ninamartinelli.com.br\/blog2\/wp-content\/uploads\/2023\/08\/dantevaledoparaiba1-768x509.jpg 768w, https:\/\/ninamartinelli.com.br\/blog2\/wp-content\/uploads\/2023\/08\/dantevaledoparaiba1-1536x1017.jpg 1536w, https:\/\/ninamartinelli.com.br\/blog2\/wp-content\/uploads\/2023\/08\/dantevaledoparaiba1-2048x1356.jpg 2048w\" sizes=\"auto, (max-width: 614px) 100vw, 614px\" \/><\/p>\n<p>A beleza, harmonia e funcionalidade da casa foram destaques de recente edi\u00e7\u00e3o da revista especializada <a href=\"https:\/\/revistainterarq.com.br\/revista\/interarq-interior-sp-32\/\">InterArq,<\/a><\/p>\n<p>Clique <strong><a href=\"https:\/\/ninamartinelli.com.br\/blog2\/privacidade-e-personalidade-na-fachada-com-cobogo-brise\/\">aqui<\/a>\u00a0<\/strong>para ver mais projetos com os cobog\u00f3s da Nina Martinelli.<\/p>\n<p><strong>Servi\u00e7o:<\/strong><\/p>\n<p><strong>Resid\u00eancia em S\u00e3o Jos\u00e9 dos Campos\/SP \u2013 Fachada e muros<\/strong><\/p>\n<p>Cobog\u00f3s Brise Clair e Brise Sombre Nina Martinelli \u2013 cor Bianco<\/p>\n<p>Revestimento Dante \u2013 tom Cennere<\/p>\n<p>Projeto: Studio Arquitetura SJC \u2013 Instagram &#8211; @studioarquiteturasjc<\/p>\n<p>studio@studioarquiteturasjc.com.br<\/p>\n<p>Fotos: Ronaldo Rizzutti &#8211; @ronaldorizzutti<\/p>\n<p>Link para a publica\u00e7\u00e3o\u00a0 &#8211; Revista Interarq &#8211; <a href=\"https:\/\/revistainterarq.com.br\/revista\/interarq-interior-sp-32\/\">https:\/\/revistainterarq.com.br\/revista\/interarq-interior-sp-32\/<\/a><\/p>\n<p>&nbsp;<\/p>\n<p>&nbsp;<\/p>\n<p>&nbsp;<\/p>\n<p>&nbsp;<\/p>\n","protected":false},"excerpt":{"rendered":"<p>Cobog\u00f3s Brise Clair e Sombre &#8211; O rio Para\u00edba do Sul serpenteia manso, acariciado por<\/p>\n","protected":false},"author":2,"featured_media":2065,"comment_status":"open","ping_status":"open","sticky":false,"template":"","format":"standard","meta":{"footnotes":""},"categories":[42],"tags":[62,39,43,66,46],"class_list":["post-2064","post","type-post","status-publish","format-standard","has-post-thumbnail","hentry","category-colezione-cobogo","tag-area-de-lazer","tag-area-externa","tag-cobogo","tag-fachada","tag-revestimento"],"yoast_head":"<!-- This site is optimized with the Yoast SEO plugin v26.8 - https:\/\/yoast.com\/product\/yoast-seo-wordpress\/ -->\n<title>Cobog\u00f3s Brise Clair e Sombre - Uma casa que respira e equilibra impon\u00eancia e aconchego, no Vale do Para\u00edba<\/title>\n<meta name=\"description\" content=\"Cobog\u00f3s Brise Clair e Sombre e revestimento Dante Cennere fazem os diferenciais em linda casa em S\u00e3o Jos\u00e9 dos Campos\/SP\" \/>\n<meta name=\"robots\" content=\"index, follow, max-snippet:-1, max-image-preview:large, max-video-preview:-1\" \/>\n<link rel=\"canonical\" href=\"https:\/\/ninamartinelli.com.br\/blog2\/cobogos-brise-clair-e-sombre-uma-casa-que-respira-e-equilibra-imponencia-e-aconchego-no-vale-do-paraiba\/\" \/>\n<meta property=\"og:locale\" content=\"pt_BR\" \/>\n<meta property=\"og:type\" content=\"article\" \/>\n<meta property=\"og:title\" content=\"Cobog\u00f3s Brise Clair e Sombre - Uma casa que respira e equilibra impon\u00eancia e aconchego, no Vale do Para\u00edba\" \/>\n<meta property=\"og:description\" content=\"Cobog\u00f3s Brise Clair e Sombre e revestimento Dante Cennere fazem os diferenciais em linda casa em S\u00e3o Jos\u00e9 dos Campos\/SP\" \/>\n<meta property=\"og:url\" content=\"https:\/\/ninamartinelli.com.br\/blog2\/cobogos-brise-clair-e-sombre-uma-casa-que-respira-e-equilibra-imponencia-e-aconchego-no-vale-do-paraiba\/\" \/>\n<meta property=\"og:site_name\" content=\"Blog Nina\" \/>\n<meta property=\"article:published_time\" content=\"2023-08-09T12:40:13+00:00\" \/>\n<meta property=\"og:image\" content=\"https:\/\/ninamartinelli.com.br\/blog2\/wp-content\/uploads\/2023\/08\/cobogovaledoparaiba1-1024x678.jpg\" \/>\n\t<meta property=\"og:image:width\" content=\"1024\" \/>\n\t<meta property=\"og:image:height\" content=\"678\" \/>\n\t<meta property=\"og:image:type\" content=\"image\/jpeg\" \/>\n<meta name=\"author\" content=\"Ana Maria Devides\" \/>\n<meta name=\"twitter:card\" content=\"summary_large_image\" \/>\n<meta name=\"twitter:label1\" content=\"Escrito por\" \/>\n\t<meta name=\"twitter:data1\" content=\"Ana Maria Devides\" \/>\n\t<meta name=\"twitter:label2\" content=\"Est. tempo de leitura\" \/>\n\t<meta name=\"twitter:data2\" content=\"5 minutos\" \/>\n<script type=\"application\/ld+json\" class=\"yoast-schema-graph\">{\"@context\":\"https:\/\/schema.org\",\"@graph\":[{\"@type\":\"Article\",\"@id\":\"https:\/\/ninamartinelli.com.br\/blog2\/cobogos-brise-clair-e-sombre-uma-casa-que-respira-e-equilibra-imponencia-e-aconchego-no-vale-do-paraiba\/#article\",\"isPartOf\":{\"@id\":\"https:\/\/ninamartinelli.com.br\/blog2\/cobogos-brise-clair-e-sombre-uma-casa-que-respira-e-equilibra-imponencia-e-aconchego-no-vale-do-paraiba\/\"},\"author\":{\"name\":\"Ana Maria Devides\",\"@id\":\"https:\/\/ninamartinelli.com.br\/blog2\/#\/schema\/person\/43fbfb1d4cbe3b472995206b2bb06df5\"},\"headline\":\"Cobog\u00f3s Brise Clair e Sombre &#8211; Uma casa que respira e equilibra impon\u00eancia e aconchego, no Vale do Para\u00edba\",\"datePublished\":\"2023-08-09T12:40:13+00:00\",\"mainEntityOfPage\":{\"@id\":\"https:\/\/ninamartinelli.com.br\/blog2\/cobogos-brise-clair-e-sombre-uma-casa-que-respira-e-equilibra-imponencia-e-aconchego-no-vale-do-paraiba\/\"},\"wordCount\":788,\"commentCount\":0,\"publisher\":{\"@id\":\"https:\/\/ninamartinelli.com.br\/blog2\/#organization\"},\"image\":{\"@id\":\"https:\/\/ninamartinelli.com.br\/blog2\/cobogos-brise-clair-e-sombre-uma-casa-que-respira-e-equilibra-imponencia-e-aconchego-no-vale-do-paraiba\/#primaryimage\"},\"thumbnailUrl\":\"https:\/\/ninamartinelli.com.br\/blog2\/wp-content\/uploads\/2023\/08\/cobogovaledoparaiba1.jpg\",\"keywords\":[\"area de lazer\",\"area externa\",\"cobogo\",\"fachada\",\"revestimento\"],\"articleSection\":[\"Colezione Cobog\u00f3\"],\"inLanguage\":\"pt-BR\",\"potentialAction\":[{\"@type\":\"CommentAction\",\"name\":\"Comment\",\"target\":[\"https:\/\/ninamartinelli.com.br\/blog2\/cobogos-brise-clair-e-sombre-uma-casa-que-respira-e-equilibra-imponencia-e-aconchego-no-vale-do-paraiba\/#respond\"]}]},{\"@type\":\"WebPage\",\"@id\":\"https:\/\/ninamartinelli.com.br\/blog2\/cobogos-brise-clair-e-sombre-uma-casa-que-respira-e-equilibra-imponencia-e-aconchego-no-vale-do-paraiba\/\",\"url\":\"https:\/\/ninamartinelli.com.br\/blog2\/cobogos-brise-clair-e-sombre-uma-casa-que-respira-e-equilibra-imponencia-e-aconchego-no-vale-do-paraiba\/\",\"name\":\"Cobog\u00f3s Brise Clair e Sombre - Uma casa que respira e equilibra impon\u00eancia e aconchego, no Vale do Para\u00edba\",\"isPartOf\":{\"@id\":\"https:\/\/ninamartinelli.com.br\/blog2\/#website\"},\"primaryImageOfPage\":{\"@id\":\"https:\/\/ninamartinelli.com.br\/blog2\/cobogos-brise-clair-e-sombre-uma-casa-que-respira-e-equilibra-imponencia-e-aconchego-no-vale-do-paraiba\/#primaryimage\"},\"image\":{\"@id\":\"https:\/\/ninamartinelli.com.br\/blog2\/cobogos-brise-clair-e-sombre-uma-casa-que-respira-e-equilibra-imponencia-e-aconchego-no-vale-do-paraiba\/#primaryimage\"},\"thumbnailUrl\":\"https:\/\/ninamartinelli.com.br\/blog2\/wp-content\/uploads\/2023\/08\/cobogovaledoparaiba1.jpg\",\"datePublished\":\"2023-08-09T12:40:13+00:00\",\"description\":\"Cobog\u00f3s Brise Clair e Sombre e revestimento Dante Cennere fazem os diferenciais em linda casa em S\u00e3o Jos\u00e9 dos Campos\/SP\",\"breadcrumb\":{\"@id\":\"https:\/\/ninamartinelli.com.br\/blog2\/cobogos-brise-clair-e-sombre-uma-casa-que-respira-e-equilibra-imponencia-e-aconchego-no-vale-do-paraiba\/#breadcrumb\"},\"inLanguage\":\"pt-BR\",\"potentialAction\":[{\"@type\":\"ReadAction\",\"target\":[\"https:\/\/ninamartinelli.com.br\/blog2\/cobogos-brise-clair-e-sombre-uma-casa-que-respira-e-equilibra-imponencia-e-aconchego-no-vale-do-paraiba\/\"]}]},{\"@type\":\"ImageObject\",\"inLanguage\":\"pt-BR\",\"@id\":\"https:\/\/ninamartinelli.com.br\/blog2\/cobogos-brise-clair-e-sombre-uma-casa-que-respira-e-equilibra-imponencia-e-aconchego-no-vale-do-paraiba\/#primaryimage\",\"url\":\"https:\/\/ninamartinelli.com.br\/blog2\/wp-content\/uploads\/2023\/08\/cobogovaledoparaiba1.jpg\",\"contentUrl\":\"https:\/\/ninamartinelli.com.br\/blog2\/wp-content\/uploads\/2023\/08\/cobogovaledoparaiba1.jpg\",\"width\":2362,\"height\":1565},{\"@type\":\"BreadcrumbList\",\"@id\":\"https:\/\/ninamartinelli.com.br\/blog2\/cobogos-brise-clair-e-sombre-uma-casa-que-respira-e-equilibra-imponencia-e-aconchego-no-vale-do-paraiba\/#breadcrumb\",\"itemListElement\":[{\"@type\":\"ListItem\",\"position\":1,\"name\":\"In\u00edcio\",\"item\":\"https:\/\/ninamartinelli.com.br\/blog2\/\"},{\"@type\":\"ListItem\",\"position\":2,\"name\":\"Cobog\u00f3s Brise Clair e Sombre &#8211; Uma casa que respira e equilibra impon\u00eancia e aconchego, no Vale do Para\u00edba\"}]},{\"@type\":\"WebSite\",\"@id\":\"https:\/\/ninamartinelli.com.br\/blog2\/#website\",\"url\":\"https:\/\/ninamartinelli.com.br\/blog2\/\",\"name\":\"Nina Martinelli\",\"description\":\"#Nina_Martinelli\",\"publisher\":{\"@id\":\"https:\/\/ninamartinelli.com.br\/blog2\/#organization\"},\"potentialAction\":[{\"@type\":\"SearchAction\",\"target\":{\"@type\":\"EntryPoint\",\"urlTemplate\":\"https:\/\/ninamartinelli.com.br\/blog2\/?s={search_term_string}\"},\"query-input\":{\"@type\":\"PropertyValueSpecification\",\"valueRequired\":true,\"valueName\":\"search_term_string\"}}],\"inLanguage\":\"pt-BR\"},{\"@type\":\"Organization\",\"@id\":\"https:\/\/ninamartinelli.com.br\/blog2\/#organization\",\"name\":\"Blog Novidades\",\"url\":\"https:\/\/ninamartinelli.com.br\/blog2\/\",\"logo\":{\"@type\":\"ImageObject\",\"inLanguage\":\"pt-BR\",\"@id\":\"https:\/\/ninamartinelli.com.br\/blog2\/#\/schema\/logo\/image\/\",\"url\":\"http:\/\/blog.ninamartinelli.com.br\/wp-content\/uploads\/2022\/03\/logo_nina_blog.png\",\"contentUrl\":\"http:\/\/blog.ninamartinelli.com.br\/wp-content\/uploads\/2022\/03\/logo_nina_blog.png\",\"width\":500,\"height\":104,\"caption\":\"Blog Novidades\"},\"image\":{\"@id\":\"https:\/\/ninamartinelli.com.br\/blog2\/#\/schema\/logo\/image\/\"}},{\"@type\":\"Person\",\"@id\":\"https:\/\/ninamartinelli.com.br\/blog2\/#\/schema\/person\/43fbfb1d4cbe3b472995206b2bb06df5\",\"name\":\"Ana Maria Devides\",\"image\":{\"@type\":\"ImageObject\",\"inLanguage\":\"pt-BR\",\"@id\":\"https:\/\/ninamartinelli.com.br\/blog2\/#\/schema\/person\/image\/\",\"url\":\"https:\/\/secure.gravatar.com\/avatar\/a03a82675d8bb3da8e5c5a6872db97be?s=96&d=mm&r=g\",\"contentUrl\":\"https:\/\/secure.gravatar.com\/avatar\/a03a82675d8bb3da8e5c5a6872db97be?s=96&d=mm&r=g\",\"caption\":\"Ana Maria Devides\"},\"url\":\"https:\/\/ninamartinelli.com.br\/blog2\/author\/assessoria-nina-martinelli\/\"}]}<\/script>\n<!-- \/ Yoast SEO plugin. -->","yoast_head_json":{"title":"Cobog\u00f3s Brise Clair e Sombre - Uma casa que respira e equilibra impon\u00eancia e aconchego, no Vale do Para\u00edba","description":"Cobog\u00f3s Brise Clair e Sombre e revestimento Dante Cennere fazem os diferenciais em linda casa em S\u00e3o Jos\u00e9 dos Campos\/SP","robots":{"index":"index","follow":"follow","max-snippet":"max-snippet:-1","max-image-preview":"max-image-preview:large","max-video-preview":"max-video-preview:-1"},"canonical":"https:\/\/ninamartinelli.com.br\/blog2\/cobogos-brise-clair-e-sombre-uma-casa-que-respira-e-equilibra-imponencia-e-aconchego-no-vale-do-paraiba\/","og_locale":"pt_BR","og_type":"article","og_title":"Cobog\u00f3s Brise Clair e Sombre - Uma casa que respira e equilibra impon\u00eancia e aconchego, no Vale do Para\u00edba","og_description":"Cobog\u00f3s Brise Clair e Sombre e revestimento Dante Cennere fazem os diferenciais em linda casa em S\u00e3o Jos\u00e9 dos Campos\/SP","og_url":"https:\/\/ninamartinelli.com.br\/blog2\/cobogos-brise-clair-e-sombre-uma-casa-que-respira-e-equilibra-imponencia-e-aconchego-no-vale-do-paraiba\/","og_site_name":"Blog Nina","article_published_time":"2023-08-09T12:40:13+00:00","og_image":[{"width":1024,"height":678,"url":"https:\/\/ninamartinelli.com.br\/blog2\/wp-content\/uploads\/2023\/08\/cobogovaledoparaiba1-1024x678.jpg","type":"image\/jpeg"}],"author":"Ana Maria Devides","twitter_card":"summary_large_image","twitter_misc":{"Escrito por":"Ana Maria Devides","Est. tempo de leitura":"5 minutos"},"schema":{"@context":"https:\/\/schema.org","@graph":[{"@type":"Article","@id":"https:\/\/ninamartinelli.com.br\/blog2\/cobogos-brise-clair-e-sombre-uma-casa-que-respira-e-equilibra-imponencia-e-aconchego-no-vale-do-paraiba\/#article","isPartOf":{"@id":"https:\/\/ninamartinelli.com.br\/blog2\/cobogos-brise-clair-e-sombre-uma-casa-que-respira-e-equilibra-imponencia-e-aconchego-no-vale-do-paraiba\/"},"author":{"name":"Ana Maria Devides","@id":"https:\/\/ninamartinelli.com.br\/blog2\/#\/schema\/person\/43fbfb1d4cbe3b472995206b2bb06df5"},"headline":"Cobog\u00f3s Brise Clair e Sombre &#8211; Uma casa que respira e equilibra impon\u00eancia e aconchego, no Vale do Para\u00edba","datePublished":"2023-08-09T12:40:13+00:00","mainEntityOfPage":{"@id":"https:\/\/ninamartinelli.com.br\/blog2\/cobogos-brise-clair-e-sombre-uma-casa-que-respira-e-equilibra-imponencia-e-aconchego-no-vale-do-paraiba\/"},"wordCount":788,"commentCount":0,"publisher":{"@id":"https:\/\/ninamartinelli.com.br\/blog2\/#organization"},"image":{"@id":"https:\/\/ninamartinelli.com.br\/blog2\/cobogos-brise-clair-e-sombre-uma-casa-que-respira-e-equilibra-imponencia-e-aconchego-no-vale-do-paraiba\/#primaryimage"},"thumbnailUrl":"https:\/\/ninamartinelli.com.br\/blog2\/wp-content\/uploads\/2023\/08\/cobogovaledoparaiba1.jpg","keywords":["area de lazer","area externa","cobogo","fachada","revestimento"],"articleSection":["Colezione Cobog\u00f3"],"inLanguage":"pt-BR","potentialAction":[{"@type":"CommentAction","name":"Comment","target":["https:\/\/ninamartinelli.com.br\/blog2\/cobogos-brise-clair-e-sombre-uma-casa-que-respira-e-equilibra-imponencia-e-aconchego-no-vale-do-paraiba\/#respond"]}]},{"@type":"WebPage","@id":"https:\/\/ninamartinelli.com.br\/blog2\/cobogos-brise-clair-e-sombre-uma-casa-que-respira-e-equilibra-imponencia-e-aconchego-no-vale-do-paraiba\/","url":"https:\/\/ninamartinelli.com.br\/blog2\/cobogos-brise-clair-e-sombre-uma-casa-que-respira-e-equilibra-imponencia-e-aconchego-no-vale-do-paraiba\/","name":"Cobog\u00f3s Brise Clair e Sombre - Uma casa que respira e equilibra impon\u00eancia e aconchego, no Vale do Para\u00edba","isPartOf":{"@id":"https:\/\/ninamartinelli.com.br\/blog2\/#website"},"primaryImageOfPage":{"@id":"https:\/\/ninamartinelli.com.br\/blog2\/cobogos-brise-clair-e-sombre-uma-casa-que-respira-e-equilibra-imponencia-e-aconchego-no-vale-do-paraiba\/#primaryimage"},"image":{"@id":"https:\/\/ninamartinelli.com.br\/blog2\/cobogos-brise-clair-e-sombre-uma-casa-que-respira-e-equilibra-imponencia-e-aconchego-no-vale-do-paraiba\/#primaryimage"},"thumbnailUrl":"https:\/\/ninamartinelli.com.br\/blog2\/wp-content\/uploads\/2023\/08\/cobogovaledoparaiba1.jpg","datePublished":"2023-08-09T12:40:13+00:00","description":"Cobog\u00f3s Brise Clair e Sombre e revestimento Dante Cennere fazem os diferenciais em linda casa em S\u00e3o Jos\u00e9 dos Campos\/SP","breadcrumb":{"@id":"https:\/\/ninamartinelli.com.br\/blog2\/cobogos-brise-clair-e-sombre-uma-casa-que-respira-e-equilibra-imponencia-e-aconchego-no-vale-do-paraiba\/#breadcrumb"},"inLanguage":"pt-BR","potentialAction":[{"@type":"ReadAction","target":["https:\/\/ninamartinelli.com.br\/blog2\/cobogos-brise-clair-e-sombre-uma-casa-que-respira-e-equilibra-imponencia-e-aconchego-no-vale-do-paraiba\/"]}]},{"@type":"ImageObject","inLanguage":"pt-BR","@id":"https:\/\/ninamartinelli.com.br\/blog2\/cobogos-brise-clair-e-sombre-uma-casa-que-respira-e-equilibra-imponencia-e-aconchego-no-vale-do-paraiba\/#primaryimage","url":"https:\/\/ninamartinelli.com.br\/blog2\/wp-content\/uploads\/2023\/08\/cobogovaledoparaiba1.jpg","contentUrl":"https:\/\/ninamartinelli.com.br\/blog2\/wp-content\/uploads\/2023\/08\/cobogovaledoparaiba1.jpg","width":2362,"height":1565},{"@type":"BreadcrumbList","@id":"https:\/\/ninamartinelli.com.br\/blog2\/cobogos-brise-clair-e-sombre-uma-casa-que-respira-e-equilibra-imponencia-e-aconchego-no-vale-do-paraiba\/#breadcrumb","itemListElement":[{"@type":"ListItem","position":1,"name":"In\u00edcio","item":"https:\/\/ninamartinelli.com.br\/blog2\/"},{"@type":"ListItem","position":2,"name":"Cobog\u00f3s Brise Clair e Sombre &#8211; Uma casa que respira e equilibra impon\u00eancia e aconchego, no Vale do Para\u00edba"}]},{"@type":"WebSite","@id":"https:\/\/ninamartinelli.com.br\/blog2\/#website","url":"https:\/\/ninamartinelli.com.br\/blog2\/","name":"Nina Martinelli","description":"#Nina_Martinelli","publisher":{"@id":"https:\/\/ninamartinelli.com.br\/blog2\/#organization"},"potentialAction":[{"@type":"SearchAction","target":{"@type":"EntryPoint","urlTemplate":"https:\/\/ninamartinelli.com.br\/blog2\/?s={search_term_string}"},"query-input":{"@type":"PropertyValueSpecification","valueRequired":true,"valueName":"search_term_string"}}],"inLanguage":"pt-BR"},{"@type":"Organization","@id":"https:\/\/ninamartinelli.com.br\/blog2\/#organization","name":"Blog Novidades","url":"https:\/\/ninamartinelli.com.br\/blog2\/","logo":{"@type":"ImageObject","inLanguage":"pt-BR","@id":"https:\/\/ninamartinelli.com.br\/blog2\/#\/schema\/logo\/image\/","url":"http:\/\/blog.ninamartinelli.com.br\/wp-content\/uploads\/2022\/03\/logo_nina_blog.png","contentUrl":"http:\/\/blog.ninamartinelli.com.br\/wp-content\/uploads\/2022\/03\/logo_nina_blog.png","width":500,"height":104,"caption":"Blog Novidades"},"image":{"@id":"https:\/\/ninamartinelli.com.br\/blog2\/#\/schema\/logo\/image\/"}},{"@type":"Person","@id":"https:\/\/ninamartinelli.com.br\/blog2\/#\/schema\/person\/43fbfb1d4cbe3b472995206b2bb06df5","name":"Ana Maria Devides","image":{"@type":"ImageObject","inLanguage":"pt-BR","@id":"https:\/\/ninamartinelli.com.br\/blog2\/#\/schema\/person\/image\/","url":"https:\/\/secure.gravatar.com\/avatar\/a03a82675d8bb3da8e5c5a6872db97be?s=96&d=mm&r=g","contentUrl":"https:\/\/secure.gravatar.com\/avatar\/a03a82675d8bb3da8e5c5a6872db97be?s=96&d=mm&r=g","caption":"Ana Maria Devides"},"url":"https:\/\/ninamartinelli.com.br\/blog2\/author\/assessoria-nina-martinelli\/"}]}},"_links":{"self":[{"href":"https:\/\/ninamartinelli.com.br\/blog2\/wp-json\/wp\/v2\/posts\/2064","targetHints":{"allow":["GET"]}}],"collection":[{"href":"https:\/\/ninamartinelli.com.br\/blog2\/wp-json\/wp\/v2\/posts"}],"about":[{"href":"https:\/\/ninamartinelli.com.br\/blog2\/wp-json\/wp\/v2\/types\/post"}],"author":[{"embeddable":true,"href":"https:\/\/ninamartinelli.com.br\/blog2\/wp-json\/wp\/v2\/users\/2"}],"replies":[{"embeddable":true,"href":"https:\/\/ninamartinelli.com.br\/blog2\/wp-json\/wp\/v2\/comments?post=2064"}],"version-history":[{"count":1,"href":"https:\/\/ninamartinelli.com.br\/blog2\/wp-json\/wp\/v2\/posts\/2064\/revisions"}],"predecessor-version":[{"id":2069,"href":"https:\/\/ninamartinelli.com.br\/blog2\/wp-json\/wp\/v2\/posts\/2064\/revisions\/2069"}],"wp:featuredmedia":[{"embeddable":true,"href":"https:\/\/ninamartinelli.com.br\/blog2\/wp-json\/wp\/v2\/media\/2065"}],"wp:attachment":[{"href":"https:\/\/ninamartinelli.com.br\/blog2\/wp-json\/wp\/v2\/media?parent=2064"}],"wp:term":[{"taxonomy":"category","embeddable":true,"href":"https:\/\/ninamartinelli.com.br\/blog2\/wp-json\/wp\/v2\/categories?post=2064"},{"taxonomy":"post_tag","embeddable":true,"href":"https:\/\/ninamartinelli.com.br\/blog2\/wp-json\/wp\/v2\/tags?post=2064"}],"curies":[{"name":"wp","href":"https:\/\/api.w.org\/{rel}","templated":true}]}}