{"id":2043,"date":"2023-07-19T10:28:21","date_gmt":"2023-07-19T13:28:21","guid":{"rendered":"https:\/\/ninamartinelli.com.br\/blog2\/?p=2043"},"modified":"2023-07-19T10:28:21","modified_gmt":"2023-07-19T13:28:21","slug":"producao-artesanal-e-sustentavel-surpreende-especificadores-em-visita-a-nina-martinelli","status":"publish","type":"post","link":"https:\/\/ninamartinelli.com.br\/blog2\/producao-artesanal-e-sustentavel-surpreende-especificadores-em-visita-a-nina-martinelli\/","title":{"rendered":"Produ\u00e7\u00e3o artesanal e sustent\u00e1vel surpreende especificadores em visita \u00e0 Nina Martinelli"},"content":{"rendered":"<p>Produ\u00e7\u00e3o artesanal e sustent\u00e1vel \u2013 esse foi o principal ponto de aten\u00e7\u00e3o e que surpreendeu positivamente um grupo de arquitetos, engenheiros e designers de interiores que visitaram a f\u00e1brica da Nina Martinelli Pisos e Revestimentos, agora no in\u00edcio de junho.<\/p>\n<p>A visita t\u00e9cnica \u00e0 cer\u00e2mica em Tamba\u00fa\/SP foi promovida em parceria com a <a href=\"https:\/\/www.instagram.com\/brutalacabamentos\/\">Brutal Acabamentos<\/a>, e significou mais uma oportunidade para a Nina mostrar, na pr\u00e1tica, toda a sua filosofia de trabalho e os cuidados envolvidos na fabrica\u00e7\u00e3o de seus produtos \u2013 pisos, revestimentos, bricks, cobogos, rosones e faixas decorativas, entre muitos outros.<\/p>\n<p><img loading=\"lazy\" decoding=\"async\" class=\"wp-image-2045 alignleft\" src=\"https:\/\/ninamartinelli.com.br\/blog2\/wp-content\/uploads\/2023\/07\/visita-fabrica-embalamento-300x170.jpg\" alt=\"\" width=\"505\" height=\"286\" srcset=\"https:\/\/ninamartinelli.com.br\/blog2\/wp-content\/uploads\/2023\/07\/visita-fabrica-embalamento-300x170.jpg 300w, https:\/\/ninamartinelli.com.br\/blog2\/wp-content\/uploads\/2023\/07\/visita-fabrica-embalamento-1024x582.jpg 1024w, https:\/\/ninamartinelli.com.br\/blog2\/wp-content\/uploads\/2023\/07\/visita-fabrica-embalamento-768x436.jpg 768w, https:\/\/ninamartinelli.com.br\/blog2\/wp-content\/uploads\/2023\/07\/visita-fabrica-embalamento-1536x873.jpg 1536w, https:\/\/ninamartinelli.com.br\/blog2\/wp-content\/uploads\/2023\/07\/visita-fabrica-embalamento-2048x1163.jpg 2048w\" sizes=\"auto, (max-width: 505px) 100vw, 505px\" \/><\/p>\n<p>Durante a visita, os profissionais foram guiados pela consultora de vendas Fl\u00e1via Silva, pelo coordenador de vendas Lucas Dezotti e pela coordenadora de marketing da Nina, a designer de interiores Tamiris Geribola, por um tour completo, que incluiu \u00e1reas de armazenamento de insumos, modelagem, secagem, cura, queima em fornos especiais, telagem, embalagem e expedi\u00e7\u00e3o para centenas de revendas parceiras em diferentes regi\u00f5es do Brasil.<\/p>\n<p>As pr\u00e1ticas de sustentabilidade que a empresa informa em sua comunica\u00e7\u00e3o tamb\u00e9m puderam ser conferidas in loco pelos visitantes, tais como a adi\u00e7\u00e3o de materiais reciclados, como vidros, os cuidados com o uso e reuso da \u00e1gua, entre outros, que garantem um diferencial competitivo de efetiva responsabilidade ambiental da marca.<\/p>\n<p>Ao final da visita, alguns dos participantes fizeram quest\u00e3o de deixar registradas as suas impress\u00f5es sobre o tour e sobre o que conheceram.<\/p>\n<p><a href=\"https:\/\/www.instagram.com\/alineflaminio_arquiteta\/\">Aline Flaminio Machiti,<\/a> arquiteta e urbanista de S\u00e3o Jos\u00e9 do Rio Pardo foi uma das integrantes do grupo e n\u00e3o poupou elogios sobre o que viu. <em>\u201cF\u00e1brica familiar, muito acolhedora e com uma bagagem de 23 anos. Lugar onde a m\u00e3o do ser humano influencia muito na fabrica\u00e7\u00e3o das pe\u00e7as. Isso se torna um grande diferencial. Com revestimentos de concreto arquitet\u00f4nico, design inovador e vers\u00e1til para todos os ambientes e estilos, suas superf\u00edcies expressivas nos transportam atrav\u00e9s do tempo e criam sensa\u00e7\u00f5es \u00fanicas. Por serem de Produ\u00e7\u00e3o artesanal e sustent\u00e1vel, caracterizam o gosto refinado e a eleg\u00e2ncia, al\u00e9m de mostrar a perfeita rela\u00e7\u00e3o entre o homem e a natureza. Cada pe\u00e7a \u00e9 uma obra de arte digna de admira\u00e7\u00e3o\u201d,<\/em> disse ela.<\/p>\n<p><img loading=\"lazy\" decoding=\"async\" class=\"size-medium wp-image-2048 alignleft\" src=\"https:\/\/ninamartinelli.com.br\/blog2\/wp-content\/uploads\/2023\/07\/visita-fabrica-materia-prima-300x186.jpg\" alt=\"\" width=\"300\" height=\"186\" srcset=\"https:\/\/ninamartinelli.com.br\/blog2\/wp-content\/uploads\/2023\/07\/visita-fabrica-materia-prima-300x186.jpg 300w, https:\/\/ninamartinelli.com.br\/blog2\/wp-content\/uploads\/2023\/07\/visita-fabrica-materia-prima-1024x635.jpg 1024w, https:\/\/ninamartinelli.com.br\/blog2\/wp-content\/uploads\/2023\/07\/visita-fabrica-materia-prima-768x476.jpg 768w, https:\/\/ninamartinelli.com.br\/blog2\/wp-content\/uploads\/2023\/07\/visita-fabrica-materia-prima-1536x952.jpg 1536w, https:\/\/ninamartinelli.com.br\/blog2\/wp-content\/uploads\/2023\/07\/visita-fabrica-materia-prima-2048x1270.jpg 2048w\" sizes=\"auto, (max-width: 300px) 100vw, 300px\" \/><\/p>\n<p><strong>Valoriza\u00e7\u00e3o dos produtos<\/strong><\/p>\n<p><a href=\"https:\/\/www.instagram.com\/heignnejardim.arq\/\">Heignne Jardim<\/a>, arquiteta que atua em Esp\u00edrito Santo do Pinhal, disse ter ficado surpresa com o fato da Produ\u00e7\u00e3o artesanal e sustent\u00e1vel ser realmente manual, de ponta a ponta. <em>\u201cPara mim foi algo bem novo, \u00e9 bem artesanal e manual mesmo, inclusive a parte de telados, que eu achava que era feita em m\u00e1quinas, tamb\u00e9m \u00e9 feita \u00e0 m\u00e3o. Pelo menos para mim, na minha vis\u00e3o enquanto profissional, eu valorizo ainda mais esses produtos. E espero ampliar as possibilidades de uso, pois vimos aqui in\u00fameras op\u00e7\u00f5es para explorar nos projetos\u201d<\/em>, afirmou.<\/p>\n<p>Silas de Assis, engenheiro civil da <a href=\"https:\/\/www.instagram.com\/pluralconstroe\/\">Plural Constroe,<\/a> de S\u00e3o Jo\u00e3o da Boa Vista, destacou que esse fator \u00e9 realmente um distintivo da marca. <em>\u201cGostamos muito, inclusive da parte da pintura, dos processos feitos \u00e0 m\u00e3o, isso \u00e9 um diferencial da Nina\u201d<\/em>, comentou.<\/p>\n<p>Na mesma linha foi <a href=\"https:\/\/www.instagram.com\/eng.eliel.tosini.neves\/\">Eliel Tosini,<\/a> engenheiro civil da Santinni Constru\u00e7\u00f5es, de S\u00e3o Jo\u00e3o da Boa Vista, disse ter ficado satisfeito por constatar como acontece todo o processo de Produ\u00e7\u00e3o artesanal e sustent\u00e1vel. <em>\u201cAs pe\u00e7as s\u00e3o individualmente fabricadas, fiquei muito contente por participar dessa visita e conferir\u201d<\/em>, declarou ele.<\/p>\n<p><strong>O diferencial humano e a sustentabilidade<\/strong><\/p>\n<p>Nilza Beatriz Ribeiro Costa, da <a href=\"https:\/\/www.instagram.com\/nbr.engenharia\/\">NBR Engenharia<\/a>, \u00e9 engenheira civil com p\u00f3s-gradua\u00e7\u00e3o em designer de interiores. Ela se impressionou com a a\u00e7\u00e3o humana nos processos fabris da Nina. <em>\u201cHoje a tecnologia est\u00e1 em tudo, e voc\u00ea ver uma mat\u00e9ria prima trabalhada com as m\u00e3os, o fator humano em cada pe\u00e7a, \u00e9 um diferencial espetacular\u201d<\/em>, disse.<\/p>\n<p><img loading=\"lazy\" decoding=\"async\" class=\"wp-image-2047 alignright\" src=\"https:\/\/ninamartinelli.com.br\/blog2\/wp-content\/uploads\/2023\/07\/visita-fabrica-forno-290x300.jpg\" alt=\"\" width=\"395\" height=\"409\" srcset=\"https:\/\/ninamartinelli.com.br\/blog2\/wp-content\/uploads\/2023\/07\/visita-fabrica-forno-290x300.jpg 290w, https:\/\/ninamartinelli.com.br\/blog2\/wp-content\/uploads\/2023\/07\/visita-fabrica-forno-989x1024.jpg 989w, https:\/\/ninamartinelli.com.br\/blog2\/wp-content\/uploads\/2023\/07\/visita-fabrica-forno-768x795.jpg 768w, https:\/\/ninamartinelli.com.br\/blog2\/wp-content\/uploads\/2023\/07\/visita-fabrica-forno-1484x1536.jpg 1484w, https:\/\/ninamartinelli.com.br\/blog2\/wp-content\/uploads\/2023\/07\/visita-fabrica-forno-1978x2048.jpg 1978w, https:\/\/ninamartinelli.com.br\/blog2\/wp-content\/uploads\/2023\/07\/visita-fabrica-forno-1024x1060.jpg 1024w\" sizes=\"auto, (max-width: 395px) 100vw, 395px\" \/><\/p>\n<p>J\u00e1 <a href=\"https:\/\/www.instagram.com\/arq.marceloberti\/\">Marcelo Berti<\/a>, arquiteto, que trabalha com a namorada e tamb\u00e9m arquiteta <a href=\"https:\/\/www.instagram.com\/arq.victoriapaula\/\">Victoria Paula<\/a>, destacou o uso de recicl\u00e1veis nas misturas que comp\u00f5em v\u00e1rios produtos da marca. <em>\u201cA gente adora os produtos da Nina e especifica sempre que poss\u00edvel. Foi muito interessante ver como \u00e9 armazenada a argila, as formas, os fornos, as diferentes queimas para se obter v\u00e1rias tonalidades, e gostei demais de ver a mistura de vidro, por exemplo, pois mostra a preocupa\u00e7\u00e3o com a sustentabilidade. Foi uma visita que agregou muito para o nosso trabalho, um espet\u00e1culo\u201d.<\/em><\/p>\n<p>Paulo Toesca da Brutal Acabamentos de S\u00e3o Jo\u00e3o da Boa Vista destacou a parceria com a Nina. \u201c<em>Somos representantes da marca e trouxemos os profissionais porque consideramos que \u00e9 uma visita maravilhosa, que d\u00e1 oportunidade de conferir esse trabalho manual que \u00e9 incr\u00edvel\u201d<\/em>, disse ele.<\/p>\n<p><a href=\"https:\/\/www.instagram.com\/regismanzotti\/\">R\u00e9gis Manzotti,<\/a> gerente comercial da Brutal Acabamentos de S\u00e3o Jos\u00e9 do Rio Pardo ficou impressionado com a riqueza de detalhes dos processos produtivos da marca. <em>\u201cCada pe\u00e7a passa por muitas m\u00e3os, s\u00e3o muitos detalhezinhos necess\u00e1rios para se chegar aos produtos finais, que s\u00e3o muitos e de diferentes tipos\u201d<\/em>, observou.<\/p>\n<p><img loading=\"lazy\" decoding=\"async\" class=\"wp-image-2046 alignright\" src=\"https:\/\/ninamartinelli.com.br\/blog2\/wp-content\/uploads\/2023\/07\/visita-fabrica-todos-na-frente-2-300x279.jpg\" alt=\"\" width=\"465\" height=\"432\" srcset=\"https:\/\/ninamartinelli.com.br\/blog2\/wp-content\/uploads\/2023\/07\/visita-fabrica-todos-na-frente-2-300x279.jpg 300w, https:\/\/ninamartinelli.com.br\/blog2\/wp-content\/uploads\/2023\/07\/visita-fabrica-todos-na-frente-2-1024x951.jpg 1024w, https:\/\/ninamartinelli.com.br\/blog2\/wp-content\/uploads\/2023\/07\/visita-fabrica-todos-na-frente-2-768x713.jpg 768w, https:\/\/ninamartinelli.com.br\/blog2\/wp-content\/uploads\/2023\/07\/visita-fabrica-todos-na-frente-2-1536x1426.jpg 1536w, https:\/\/ninamartinelli.com.br\/blog2\/wp-content\/uploads\/2023\/07\/visita-fabrica-todos-na-frente-2-2048x1902.jpg 2048w\" sizes=\"auto, (max-width: 465px) 100vw, 465px\" \/><\/p>\n<p><strong>Respeito pelos profissionais<\/strong><\/p>\n<p>Para Jos\u00e9 Renato Videira, um dos fundadores e diretores da Nina Martinelli, receber mais esse grupo de especificadores foi uma reafirma\u00e7\u00e3o do respeito que a empresa tem pelos profissionais. <em>\u201cS\u00e3o tamb\u00e9m nossos parceiros e, como t\u00eam um olhar t\u00e9cnico, al\u00e9m do talento criativo, \u00e9 muito gratificante abrir totalmente nossa f\u00e1brica para eles e ver que reconhecem nosso esfor\u00e7o para produzir e entregar produtos realmente especiais para nossos clientes\u201d.<\/em><\/p>\n<p><strong>Servi\u00e7o:<\/strong><\/p>\n<p><strong>Visita t\u00e9cnica arquitetos, engenheiros e designers \u2013 f\u00e1brica da Nina Martinelli, em Tamba\u00fa SP<\/strong><\/p>\n<p>Parceria \u2013 Brutal Acabamentos S\u00e3o Jo\u00e3o da Boa Vista e Brutal Acabamentos S\u00e3o Jos\u00e9 dos Campos<\/p>\n<p><em>19 de julho de 2023<\/em><\/p>\n<p><em>Nina Martinelli Pisos e Revestimentos<\/em><\/p>\n","protected":false},"excerpt":{"rendered":"<p>Produ\u00e7\u00e3o artesanal e sustent\u00e1vel \u2013 esse foi o principal ponto de aten\u00e7\u00e3o e que surpreendeu<\/p>\n","protected":false},"author":2,"featured_media":2044,"comment_status":"open","ping_status":"open","sticky":false,"template":"","format":"standard","meta":{"footnotes":""},"categories":[1,129,86],"tags":[155],"class_list":["post-2043","post","type-post","status-publish","format-standard","has-post-thumbnail","hentry","category-nina-martinelli","category-sustentabilidade","category-visita-a-empresa","tag-visita-a-empresa-especificadores-visita-tecnica"],"yoast_head":"<!-- This site is optimized with the Yoast SEO plugin v26.8 - https:\/\/yoast.com\/product\/yoast-seo-wordpress\/ -->\n<title>Produ\u00e7\u00e3o artesanal e sustent\u00e1vel surpreende especificadores em visita \u00e0 Nina Martinelli - Blog Nina<\/title>\n<meta name=\"robots\" content=\"index, follow, max-snippet:-1, max-image-preview:large, max-video-preview:-1\" \/>\n<link rel=\"canonical\" href=\"https:\/\/ninamartinelli.com.br\/blog2\/producao-artesanal-e-sustentavel-surpreende-especificadores-em-visita-a-nina-martinelli\/\" \/>\n<meta property=\"og:locale\" content=\"pt_BR\" \/>\n<meta property=\"og:type\" content=\"article\" \/>\n<meta property=\"og:title\" content=\"Produ\u00e7\u00e3o artesanal e sustent\u00e1vel surpreende especificadores em visita \u00e0 Nina Martinelli - Blog Nina\" \/>\n<meta property=\"og:description\" content=\"Produ\u00e7\u00e3o artesanal e sustent\u00e1vel \u2013 esse foi o principal ponto de aten\u00e7\u00e3o e que surpreendeu\" \/>\n<meta property=\"og:url\" content=\"https:\/\/ninamartinelli.com.br\/blog2\/producao-artesanal-e-sustentavel-surpreende-especificadores-em-visita-a-nina-martinelli\/\" \/>\n<meta property=\"og:site_name\" content=\"Blog Nina\" \/>\n<meta property=\"article:published_time\" content=\"2023-07-19T13:28:21+00:00\" \/>\n<meta property=\"og:image\" content=\"https:\/\/ninamartinelli.com.br\/blog2\/wp-content\/uploads\/2023\/07\/visita-fabrica-todos-na-frente-1-scaled.jpg\" \/>\n\t<meta property=\"og:image:width\" content=\"1920\" \/>\n\t<meta property=\"og:image:height\" content=\"2560\" \/>\n\t<meta property=\"og:image:type\" content=\"image\/jpeg\" \/>\n<meta name=\"author\" content=\"Ana Maria Devides\" \/>\n<meta name=\"twitter:card\" content=\"summary_large_image\" \/>\n<meta name=\"twitter:label1\" content=\"Escrito por\" \/>\n\t<meta name=\"twitter:data1\" content=\"Ana Maria Devides\" \/>\n\t<meta name=\"twitter:label2\" content=\"Est. tempo de leitura\" \/>\n\t<meta name=\"twitter:data2\" content=\"6 minutos\" \/>\n<script type=\"application\/ld+json\" class=\"yoast-schema-graph\">{\"@context\":\"https:\/\/schema.org\",\"@graph\":[{\"@type\":\"Article\",\"@id\":\"https:\/\/ninamartinelli.com.br\/blog2\/producao-artesanal-e-sustentavel-surpreende-especificadores-em-visita-a-nina-martinelli\/#article\",\"isPartOf\":{\"@id\":\"https:\/\/ninamartinelli.com.br\/blog2\/producao-artesanal-e-sustentavel-surpreende-especificadores-em-visita-a-nina-martinelli\/\"},\"author\":{\"name\":\"Ana Maria Devides\",\"@id\":\"https:\/\/ninamartinelli.com.br\/blog2\/#\/schema\/person\/43fbfb1d4cbe3b472995206b2bb06df5\"},\"headline\":\"Produ\u00e7\u00e3o artesanal e sustent\u00e1vel surpreende especificadores em visita \u00e0 Nina Martinelli\",\"datePublished\":\"2023-07-19T13:28:21+00:00\",\"mainEntityOfPage\":{\"@id\":\"https:\/\/ninamartinelli.com.br\/blog2\/producao-artesanal-e-sustentavel-surpreende-especificadores-em-visita-a-nina-martinelli\/\"},\"wordCount\":980,\"commentCount\":0,\"publisher\":{\"@id\":\"https:\/\/ninamartinelli.com.br\/blog2\/#organization\"},\"image\":{\"@id\":\"https:\/\/ninamartinelli.com.br\/blog2\/producao-artesanal-e-sustentavel-surpreende-especificadores-em-visita-a-nina-martinelli\/#primaryimage\"},\"thumbnailUrl\":\"https:\/\/ninamartinelli.com.br\/blog2\/wp-content\/uploads\/2023\/07\/visita-fabrica-todos-na-frente-1-scaled.jpg\",\"keywords\":[\"Visita \u00e0 empresa; especificadores; visita t\u00e9cnica;\"],\"articleSection\":[\"Nina Martinelli\",\"Sustentabilidade\",\"Visita \u00e0 empresa\"],\"inLanguage\":\"pt-BR\",\"potentialAction\":[{\"@type\":\"CommentAction\",\"name\":\"Comment\",\"target\":[\"https:\/\/ninamartinelli.com.br\/blog2\/producao-artesanal-e-sustentavel-surpreende-especificadores-em-visita-a-nina-martinelli\/#respond\"]}]},{\"@type\":\"WebPage\",\"@id\":\"https:\/\/ninamartinelli.com.br\/blog2\/producao-artesanal-e-sustentavel-surpreende-especificadores-em-visita-a-nina-martinelli\/\",\"url\":\"https:\/\/ninamartinelli.com.br\/blog2\/producao-artesanal-e-sustentavel-surpreende-especificadores-em-visita-a-nina-martinelli\/\",\"name\":\"Produ\u00e7\u00e3o artesanal e sustent\u00e1vel surpreende especificadores em visita \u00e0 Nina Martinelli - Blog Nina\",\"isPartOf\":{\"@id\":\"https:\/\/ninamartinelli.com.br\/blog2\/#website\"},\"primaryImageOfPage\":{\"@id\":\"https:\/\/ninamartinelli.com.br\/blog2\/producao-artesanal-e-sustentavel-surpreende-especificadores-em-visita-a-nina-martinelli\/#primaryimage\"},\"image\":{\"@id\":\"https:\/\/ninamartinelli.com.br\/blog2\/producao-artesanal-e-sustentavel-surpreende-especificadores-em-visita-a-nina-martinelli\/#primaryimage\"},\"thumbnailUrl\":\"https:\/\/ninamartinelli.com.br\/blog2\/wp-content\/uploads\/2023\/07\/visita-fabrica-todos-na-frente-1-scaled.jpg\",\"datePublished\":\"2023-07-19T13:28:21+00:00\",\"breadcrumb\":{\"@id\":\"https:\/\/ninamartinelli.com.br\/blog2\/producao-artesanal-e-sustentavel-surpreende-especificadores-em-visita-a-nina-martinelli\/#breadcrumb\"},\"inLanguage\":\"pt-BR\",\"potentialAction\":[{\"@type\":\"ReadAction\",\"target\":[\"https:\/\/ninamartinelli.com.br\/blog2\/producao-artesanal-e-sustentavel-surpreende-especificadores-em-visita-a-nina-martinelli\/\"]}]},{\"@type\":\"ImageObject\",\"inLanguage\":\"pt-BR\",\"@id\":\"https:\/\/ninamartinelli.com.br\/blog2\/producao-artesanal-e-sustentavel-surpreende-especificadores-em-visita-a-nina-martinelli\/#primaryimage\",\"url\":\"https:\/\/ninamartinelli.com.br\/blog2\/wp-content\/uploads\/2023\/07\/visita-fabrica-todos-na-frente-1-scaled.jpg\",\"contentUrl\":\"https:\/\/ninamartinelli.com.br\/blog2\/wp-content\/uploads\/2023\/07\/visita-fabrica-todos-na-frente-1-scaled.jpg\",\"width\":1920,\"height\":2560},{\"@type\":\"BreadcrumbList\",\"@id\":\"https:\/\/ninamartinelli.com.br\/blog2\/producao-artesanal-e-sustentavel-surpreende-especificadores-em-visita-a-nina-martinelli\/#breadcrumb\",\"itemListElement\":[{\"@type\":\"ListItem\",\"position\":1,\"name\":\"In\u00edcio\",\"item\":\"https:\/\/ninamartinelli.com.br\/blog2\/\"},{\"@type\":\"ListItem\",\"position\":2,\"name\":\"Produ\u00e7\u00e3o artesanal e sustent\u00e1vel surpreende especificadores em visita \u00e0 Nina Martinelli\"}]},{\"@type\":\"WebSite\",\"@id\":\"https:\/\/ninamartinelli.com.br\/blog2\/#website\",\"url\":\"https:\/\/ninamartinelli.com.br\/blog2\/\",\"name\":\"Nina Martinelli\",\"description\":\"#Nina_Martinelli\",\"publisher\":{\"@id\":\"https:\/\/ninamartinelli.com.br\/blog2\/#organization\"},\"potentialAction\":[{\"@type\":\"SearchAction\",\"target\":{\"@type\":\"EntryPoint\",\"urlTemplate\":\"https:\/\/ninamartinelli.com.br\/blog2\/?s={search_term_string}\"},\"query-input\":{\"@type\":\"PropertyValueSpecification\",\"valueRequired\":true,\"valueName\":\"search_term_string\"}}],\"inLanguage\":\"pt-BR\"},{\"@type\":\"Organization\",\"@id\":\"https:\/\/ninamartinelli.com.br\/blog2\/#organization\",\"name\":\"Blog Novidades\",\"url\":\"https:\/\/ninamartinelli.com.br\/blog2\/\",\"logo\":{\"@type\":\"ImageObject\",\"inLanguage\":\"pt-BR\",\"@id\":\"https:\/\/ninamartinelli.com.br\/blog2\/#\/schema\/logo\/image\/\",\"url\":\"http:\/\/blog.ninamartinelli.com.br\/wp-content\/uploads\/2022\/03\/logo_nina_blog.png\",\"contentUrl\":\"http:\/\/blog.ninamartinelli.com.br\/wp-content\/uploads\/2022\/03\/logo_nina_blog.png\",\"width\":500,\"height\":104,\"caption\":\"Blog Novidades\"},\"image\":{\"@id\":\"https:\/\/ninamartinelli.com.br\/blog2\/#\/schema\/logo\/image\/\"}},{\"@type\":\"Person\",\"@id\":\"https:\/\/ninamartinelli.com.br\/blog2\/#\/schema\/person\/43fbfb1d4cbe3b472995206b2bb06df5\",\"name\":\"Ana Maria Devides\",\"image\":{\"@type\":\"ImageObject\",\"inLanguage\":\"pt-BR\",\"@id\":\"https:\/\/ninamartinelli.com.br\/blog2\/#\/schema\/person\/image\/\",\"url\":\"https:\/\/secure.gravatar.com\/avatar\/a03a82675d8bb3da8e5c5a6872db97be?s=96&d=mm&r=g\",\"contentUrl\":\"https:\/\/secure.gravatar.com\/avatar\/a03a82675d8bb3da8e5c5a6872db97be?s=96&d=mm&r=g\",\"caption\":\"Ana Maria Devides\"},\"url\":\"https:\/\/ninamartinelli.com.br\/blog2\/author\/assessoria-nina-martinelli\/\"}]}<\/script>\n<!-- \/ Yoast SEO plugin. -->","yoast_head_json":{"title":"Produ\u00e7\u00e3o artesanal e sustent\u00e1vel surpreende especificadores em visita \u00e0 Nina Martinelli - Blog Nina","robots":{"index":"index","follow":"follow","max-snippet":"max-snippet:-1","max-image-preview":"max-image-preview:large","max-video-preview":"max-video-preview:-1"},"canonical":"https:\/\/ninamartinelli.com.br\/blog2\/producao-artesanal-e-sustentavel-surpreende-especificadores-em-visita-a-nina-martinelli\/","og_locale":"pt_BR","og_type":"article","og_title":"Produ\u00e7\u00e3o artesanal e sustent\u00e1vel surpreende especificadores em visita \u00e0 Nina Martinelli - Blog Nina","og_description":"Produ\u00e7\u00e3o artesanal e sustent\u00e1vel \u2013 esse foi o principal ponto de aten\u00e7\u00e3o e que surpreendeu","og_url":"https:\/\/ninamartinelli.com.br\/blog2\/producao-artesanal-e-sustentavel-surpreende-especificadores-em-visita-a-nina-martinelli\/","og_site_name":"Blog Nina","article_published_time":"2023-07-19T13:28:21+00:00","og_image":[{"width":1920,"height":2560,"url":"https:\/\/ninamartinelli.com.br\/blog2\/wp-content\/uploads\/2023\/07\/visita-fabrica-todos-na-frente-1-scaled.jpg","type":"image\/jpeg"}],"author":"Ana Maria Devides","twitter_card":"summary_large_image","twitter_misc":{"Escrito por":"Ana Maria Devides","Est. tempo de leitura":"6 minutos"},"schema":{"@context":"https:\/\/schema.org","@graph":[{"@type":"Article","@id":"https:\/\/ninamartinelli.com.br\/blog2\/producao-artesanal-e-sustentavel-surpreende-especificadores-em-visita-a-nina-martinelli\/#article","isPartOf":{"@id":"https:\/\/ninamartinelli.com.br\/blog2\/producao-artesanal-e-sustentavel-surpreende-especificadores-em-visita-a-nina-martinelli\/"},"author":{"name":"Ana Maria Devides","@id":"https:\/\/ninamartinelli.com.br\/blog2\/#\/schema\/person\/43fbfb1d4cbe3b472995206b2bb06df5"},"headline":"Produ\u00e7\u00e3o artesanal e sustent\u00e1vel surpreende especificadores em visita \u00e0 Nina Martinelli","datePublished":"2023-07-19T13:28:21+00:00","mainEntityOfPage":{"@id":"https:\/\/ninamartinelli.com.br\/blog2\/producao-artesanal-e-sustentavel-surpreende-especificadores-em-visita-a-nina-martinelli\/"},"wordCount":980,"commentCount":0,"publisher":{"@id":"https:\/\/ninamartinelli.com.br\/blog2\/#organization"},"image":{"@id":"https:\/\/ninamartinelli.com.br\/blog2\/producao-artesanal-e-sustentavel-surpreende-especificadores-em-visita-a-nina-martinelli\/#primaryimage"},"thumbnailUrl":"https:\/\/ninamartinelli.com.br\/blog2\/wp-content\/uploads\/2023\/07\/visita-fabrica-todos-na-frente-1-scaled.jpg","keywords":["Visita \u00e0 empresa; especificadores; visita t\u00e9cnica;"],"articleSection":["Nina Martinelli","Sustentabilidade","Visita \u00e0 empresa"],"inLanguage":"pt-BR","potentialAction":[{"@type":"CommentAction","name":"Comment","target":["https:\/\/ninamartinelli.com.br\/blog2\/producao-artesanal-e-sustentavel-surpreende-especificadores-em-visita-a-nina-martinelli\/#respond"]}]},{"@type":"WebPage","@id":"https:\/\/ninamartinelli.com.br\/blog2\/producao-artesanal-e-sustentavel-surpreende-especificadores-em-visita-a-nina-martinelli\/","url":"https:\/\/ninamartinelli.com.br\/blog2\/producao-artesanal-e-sustentavel-surpreende-especificadores-em-visita-a-nina-martinelli\/","name":"Produ\u00e7\u00e3o artesanal e sustent\u00e1vel surpreende especificadores em visita \u00e0 Nina Martinelli - Blog Nina","isPartOf":{"@id":"https:\/\/ninamartinelli.com.br\/blog2\/#website"},"primaryImageOfPage":{"@id":"https:\/\/ninamartinelli.com.br\/blog2\/producao-artesanal-e-sustentavel-surpreende-especificadores-em-visita-a-nina-martinelli\/#primaryimage"},"image":{"@id":"https:\/\/ninamartinelli.com.br\/blog2\/producao-artesanal-e-sustentavel-surpreende-especificadores-em-visita-a-nina-martinelli\/#primaryimage"},"thumbnailUrl":"https:\/\/ninamartinelli.com.br\/blog2\/wp-content\/uploads\/2023\/07\/visita-fabrica-todos-na-frente-1-scaled.jpg","datePublished":"2023-07-19T13:28:21+00:00","breadcrumb":{"@id":"https:\/\/ninamartinelli.com.br\/blog2\/producao-artesanal-e-sustentavel-surpreende-especificadores-em-visita-a-nina-martinelli\/#breadcrumb"},"inLanguage":"pt-BR","potentialAction":[{"@type":"ReadAction","target":["https:\/\/ninamartinelli.com.br\/blog2\/producao-artesanal-e-sustentavel-surpreende-especificadores-em-visita-a-nina-martinelli\/"]}]},{"@type":"ImageObject","inLanguage":"pt-BR","@id":"https:\/\/ninamartinelli.com.br\/blog2\/producao-artesanal-e-sustentavel-surpreende-especificadores-em-visita-a-nina-martinelli\/#primaryimage","url":"https:\/\/ninamartinelli.com.br\/blog2\/wp-content\/uploads\/2023\/07\/visita-fabrica-todos-na-frente-1-scaled.jpg","contentUrl":"https:\/\/ninamartinelli.com.br\/blog2\/wp-content\/uploads\/2023\/07\/visita-fabrica-todos-na-frente-1-scaled.jpg","width":1920,"height":2560},{"@type":"BreadcrumbList","@id":"https:\/\/ninamartinelli.com.br\/blog2\/producao-artesanal-e-sustentavel-surpreende-especificadores-em-visita-a-nina-martinelli\/#breadcrumb","itemListElement":[{"@type":"ListItem","position":1,"name":"In\u00edcio","item":"https:\/\/ninamartinelli.com.br\/blog2\/"},{"@type":"ListItem","position":2,"name":"Produ\u00e7\u00e3o artesanal e sustent\u00e1vel surpreende especificadores em visita \u00e0 Nina Martinelli"}]},{"@type":"WebSite","@id":"https:\/\/ninamartinelli.com.br\/blog2\/#website","url":"https:\/\/ninamartinelli.com.br\/blog2\/","name":"Nina Martinelli","description":"#Nina_Martinelli","publisher":{"@id":"https:\/\/ninamartinelli.com.br\/blog2\/#organization"},"potentialAction":[{"@type":"SearchAction","target":{"@type":"EntryPoint","urlTemplate":"https:\/\/ninamartinelli.com.br\/blog2\/?s={search_term_string}"},"query-input":{"@type":"PropertyValueSpecification","valueRequired":true,"valueName":"search_term_string"}}],"inLanguage":"pt-BR"},{"@type":"Organization","@id":"https:\/\/ninamartinelli.com.br\/blog2\/#organization","name":"Blog Novidades","url":"https:\/\/ninamartinelli.com.br\/blog2\/","logo":{"@type":"ImageObject","inLanguage":"pt-BR","@id":"https:\/\/ninamartinelli.com.br\/blog2\/#\/schema\/logo\/image\/","url":"http:\/\/blog.ninamartinelli.com.br\/wp-content\/uploads\/2022\/03\/logo_nina_blog.png","contentUrl":"http:\/\/blog.ninamartinelli.com.br\/wp-content\/uploads\/2022\/03\/logo_nina_blog.png","width":500,"height":104,"caption":"Blog Novidades"},"image":{"@id":"https:\/\/ninamartinelli.com.br\/blog2\/#\/schema\/logo\/image\/"}},{"@type":"Person","@id":"https:\/\/ninamartinelli.com.br\/blog2\/#\/schema\/person\/43fbfb1d4cbe3b472995206b2bb06df5","name":"Ana Maria Devides","image":{"@type":"ImageObject","inLanguage":"pt-BR","@id":"https:\/\/ninamartinelli.com.br\/blog2\/#\/schema\/person\/image\/","url":"https:\/\/secure.gravatar.com\/avatar\/a03a82675d8bb3da8e5c5a6872db97be?s=96&d=mm&r=g","contentUrl":"https:\/\/secure.gravatar.com\/avatar\/a03a82675d8bb3da8e5c5a6872db97be?s=96&d=mm&r=g","caption":"Ana Maria Devides"},"url":"https:\/\/ninamartinelli.com.br\/blog2\/author\/assessoria-nina-martinelli\/"}]}},"_links":{"self":[{"href":"https:\/\/ninamartinelli.com.br\/blog2\/wp-json\/wp\/v2\/posts\/2043","targetHints":{"allow":["GET"]}}],"collection":[{"href":"https:\/\/ninamartinelli.com.br\/blog2\/wp-json\/wp\/v2\/posts"}],"about":[{"href":"https:\/\/ninamartinelli.com.br\/blog2\/wp-json\/wp\/v2\/types\/post"}],"author":[{"embeddable":true,"href":"https:\/\/ninamartinelli.com.br\/blog2\/wp-json\/wp\/v2\/users\/2"}],"replies":[{"embeddable":true,"href":"https:\/\/ninamartinelli.com.br\/blog2\/wp-json\/wp\/v2\/comments?post=2043"}],"version-history":[{"count":3,"href":"https:\/\/ninamartinelli.com.br\/blog2\/wp-json\/wp\/v2\/posts\/2043\/revisions"}],"predecessor-version":[{"id":2051,"href":"https:\/\/ninamartinelli.com.br\/blog2\/wp-json\/wp\/v2\/posts\/2043\/revisions\/2051"}],"wp:featuredmedia":[{"embeddable":true,"href":"https:\/\/ninamartinelli.com.br\/blog2\/wp-json\/wp\/v2\/media\/2044"}],"wp:attachment":[{"href":"https:\/\/ninamartinelli.com.br\/blog2\/wp-json\/wp\/v2\/media?parent=2043"}],"wp:term":[{"taxonomy":"category","embeddable":true,"href":"https:\/\/ninamartinelli.com.br\/blog2\/wp-json\/wp\/v2\/categories?post=2043"},{"taxonomy":"post_tag","embeddable":true,"href":"https:\/\/ninamartinelli.com.br\/blog2\/wp-json\/wp\/v2\/tags?post=2043"}],"curies":[{"name":"wp","href":"https:\/\/api.w.org\/{rel}","templated":true}]}}