{"id":2037,"date":"2023-07-12T09:23:48","date_gmt":"2023-07-12T12:23:48","guid":{"rendered":"https:\/\/ninamartinelli.com.br\/blog2\/?p=2037"},"modified":"2023-07-12T09:23:48","modified_gmt":"2023-07-12T12:23:48","slug":"tropicale-nero-veste-lavabo-e-traz-personalidade-a-amplo-ambiente-integrado-em-residencia-em-minas-gerais","status":"publish","type":"post","link":"https:\/\/ninamartinelli.com.br\/blog2\/tropicale-nero-veste-lavabo-e-traz-personalidade-a-amplo-ambiente-integrado-em-residencia-em-minas-gerais\/","title":{"rendered":"Tropicale Nero \u201cveste\u201d lavabo e traz personalidade a amplo ambiente integrado em resid\u00eancia em Minas Gerais"},"content":{"rendered":"<p>Tropicale Nero \u2013 Uma \u00e1rea social em total harmonia com uma lind\u00edssima cozinha em conceito aberto. Muita amplitude, ressaltada por muita luz natural, gra\u00e7as \u00e0 abund\u00e2ncia de enormes janelas envidra\u00e7adas. Tudo isso numa bel\u00edssima resid\u00eancia, localizada no munic\u00edpio de Turmalina, no norte do estado de Minas Gerais.<\/p>\n<p>Nesse espa\u00e7o generoso, a arquiteta e urbanista Ana Paula Costa Andrade projetou um lavabo cujo volume serve tamb\u00e9m para demarcar onde termina a cozinha e come\u00e7a a sala de estar, e a profissional queria chamar a aten\u00e7\u00e3o para aqueles planos, mas, com discri\u00e7\u00e3o.<\/p>\n<p>A escolha de Ana Paula recaiu sobre o revestimento Tropicale Nero, da Nina Martinelli.<\/p>\n<p><img loading=\"lazy\" decoding=\"async\" class=\" wp-image-2039 alignleft\" src=\"https:\/\/ninamartinelli.com.br\/blog2\/wp-content\/uploads\/2023\/07\/ana-paula-costa1-175x300.jpg\" alt=\"\" width=\"309\" height=\"530\" srcset=\"https:\/\/ninamartinelli.com.br\/blog2\/wp-content\/uploads\/2023\/07\/ana-paula-costa1-175x300.jpg 175w, https:\/\/ninamartinelli.com.br\/blog2\/wp-content\/uploads\/2023\/07\/ana-paula-costa1-597x1024.jpg 597w, https:\/\/ninamartinelli.com.br\/blog2\/wp-content\/uploads\/2023\/07\/ana-paula-costa1-768x1318.jpg 768w, https:\/\/ninamartinelli.com.br\/blog2\/wp-content\/uploads\/2023\/07\/ana-paula-costa1-895x1536.jpg 895w, https:\/\/ninamartinelli.com.br\/blog2\/wp-content\/uploads\/2023\/07\/ana-paula-costa1-1024x1757.jpg 1024w, https:\/\/ninamartinelli.com.br\/blog2\/wp-content\/uploads\/2023\/07\/ana-paula-costa1.jpg 1080w\" sizes=\"auto, (max-width: 309px) 100vw, 309px\" \/><\/p>\n<p>Ele \u00e9 formado por pastilhas com relevos variados, aplicadas artesanalmente numa tela de 20x20cm, com suas ranhuras e relevos posicionados para formar linhas em dire\u00e7\u00f5es alternadas, o que enriquece ainda a textura mais o efeito visual.<\/p>\n<p>As varia\u00e7\u00f5es de tonalidade da cor Nero d\u00e3o um aspecto ainda mais org\u00e2nico e belo \u00e0s superf\u00edcies, que podem ser internas ou externas. Saiba mais sobre o produto <a href=\"https:\/\/ninamartinelli.com.br\/#!\/pt\/produtos\/0025-revestimento-tropicale\">clicando aqui<\/a>, e veja detalhes, inclusive outros tons dispon\u00edveis para este mesmo produto, no nosso blog.<\/p>\n<p><em>\u201cMinha escolha, \u00e0 \u00e9poca, se deu exatamente pela excepcional textura que o produto prop\u00f5e. Minha inten\u00e7\u00e3o era chamar a aten\u00e7\u00e3o para o \u2018corpo\u2019 do lavabo, mas, de uma forma discreta. E com o produto Nina, consegui esse resultado!\u201d,<\/em> comemora a profissional, que complementou o ambiente com m\u00f3veis de design, eletrodom\u00e9sticos de \u00faltima gera\u00e7\u00e3o e plantas que fazem toda a diferen\u00e7a.<\/p>\n<p>Para este projeto, o revestimento Tropicale Nero foi adquirido na revenda parceira \u00d3pera do Espa\u00e7o, em Diamantina\/MG.<\/p>\n<p>&nbsp;<\/p>\n<p>&nbsp;<\/p>\n<p>&nbsp;<\/p>\n<p><img loading=\"lazy\" decoding=\"async\" class=\"wp-image-2040 aligncenter\" src=\"https:\/\/ninamartinelli.com.br\/blog2\/wp-content\/uploads\/2023\/07\/ana-paula-costa-4-300x168.jpg\" alt=\"\" width=\"683\" height=\"382\" srcset=\"https:\/\/ninamartinelli.com.br\/blog2\/wp-content\/uploads\/2023\/07\/ana-paula-costa-4-300x168.jpg 300w, https:\/\/ninamartinelli.com.br\/blog2\/wp-content\/uploads\/2023\/07\/ana-paula-costa-4-1024x572.jpg 1024w, https:\/\/ninamartinelli.com.br\/blog2\/wp-content\/uploads\/2023\/07\/ana-paula-costa-4-768x429.jpg 768w, https:\/\/ninamartinelli.com.br\/blog2\/wp-content\/uploads\/2023\/07\/ana-paula-costa-4.jpg 1080w\" sizes=\"auto, (max-width: 683px) 100vw, 683px\" \/><\/p>\n<p><strong>Servi\u00e7o<\/strong><\/p>\n<p><strong>Lavabo em cozinha\/\u00e1rea social de conceito aberto \u2013 resid\u00eancia em Turmalina\/MG<\/strong><\/p>\n<p><strong>Produto<\/strong> \u2013 Tropicale Nero 20x20cm<\/p>\n<p><strong>Projeto: <\/strong>Ana Paula Costa Andrade, arquiteta e urbanista<\/p>\n<p><strong>Instagram<\/strong>: @ ana_paula_costa_arq<\/p>\n<p><strong>Revenda parceira \u2013 <\/strong>\u00d3pera do Espa\u00e7o \u2013 Diamantina\/MG<\/p>\n<p><strong>Instagram: <\/strong><a href=\"https:\/\/www.instagram.com\/opera.do.espaco.loja\/\">https:\/\/www.instagram.com\/opera.do.espaco.loja\/<\/a><\/p>\n<p><strong>Telefone\/WhatsApp: <\/strong>19 99338-2377<\/p>\n<p><strong>Fotos<\/strong>: Acervo do arquiteto<\/p>\n","protected":false},"excerpt":{"rendered":"<p>Tropicale Nero \u2013 Uma \u00e1rea social em total harmonia com uma lind\u00edssima cozinha em conceito<\/p>\n","protected":false},"author":2,"featured_media":2038,"comment_status":"open","ping_status":"open","sticky":false,"template":"","format":"standard","meta":{"footnotes":""},"categories":[20,26,129],"tags":[40,111,46],"class_list":["post-2037","post","type-post","status-publish","format-standard","has-post-thumbnail","hentry","category-colezione-eleganza","category-revestimentos","category-sustentabilidade","tag-area-interna","tag-lavabo","tag-revestimento"],"yoast_head":"<!-- This site is optimized with the Yoast SEO plugin v26.8 - https:\/\/yoast.com\/product\/yoast-seo-wordpress\/ -->\n<title>Tropicale Nero \u201cveste\u201d lavabo e traz personalidade a amplo ambiente integrado em resid\u00eancia em Minas Gerais<\/title>\n<meta name=\"description\" content=\"Tropicale Nero - o grande volume do lavabo, que delimita a divis\u00e3o de espa\u00e7os integrados deu todo o charme r\u00fastico, elegante e personalizado ao projeto\" \/>\n<meta name=\"robots\" content=\"index, follow, max-snippet:-1, max-image-preview:large, max-video-preview:-1\" \/>\n<link rel=\"canonical\" href=\"https:\/\/ninamartinelli.com.br\/blog2\/tropicale-nero-veste-lavabo-e-traz-personalidade-a-amplo-ambiente-integrado-em-residencia-em-minas-gerais\/\" \/>\n<meta property=\"og:locale\" content=\"pt_BR\" \/>\n<meta property=\"og:type\" content=\"article\" \/>\n<meta property=\"og:title\" content=\"Tropicale Nero \u201cveste\u201d lavabo e traz personalidade a amplo ambiente integrado em resid\u00eancia em Minas Gerais\" \/>\n<meta property=\"og:description\" content=\"Tropicale Nero - o grande volume do lavabo, que delimita a divis\u00e3o de espa\u00e7os integrados deu todo o charme r\u00fastico, elegante e personalizado ao projeto\" \/>\n<meta property=\"og:url\" content=\"https:\/\/ninamartinelli.com.br\/blog2\/tropicale-nero-veste-lavabo-e-traz-personalidade-a-amplo-ambiente-integrado-em-residencia-em-minas-gerais\/\" \/>\n<meta property=\"og:site_name\" content=\"Blog Nina\" \/>\n<meta property=\"article:published_time\" content=\"2023-07-12T12:23:48+00:00\" \/>\n<meta property=\"og:image\" content=\"https:\/\/ninamartinelli.com.br\/blog2\/wp-content\/uploads\/2023\/07\/ana-paula-costa-5.jpg\" \/>\n\t<meta property=\"og:image:width\" content=\"1080\" \/>\n\t<meta property=\"og:image:height\" content=\"602\" \/>\n\t<meta property=\"og:image:type\" content=\"image\/jpeg\" \/>\n<meta name=\"author\" content=\"Ana Maria Devides\" \/>\n<meta name=\"twitter:card\" content=\"summary_large_image\" \/>\n<meta name=\"twitter:label1\" content=\"Escrito por\" \/>\n\t<meta name=\"twitter:data1\" content=\"Ana Maria Devides\" \/>\n\t<meta name=\"twitter:label2\" content=\"Est. tempo de leitura\" \/>\n\t<meta name=\"twitter:data2\" content=\"3 minutos\" \/>\n<script type=\"application\/ld+json\" class=\"yoast-schema-graph\">{\"@context\":\"https:\/\/schema.org\",\"@graph\":[{\"@type\":\"Article\",\"@id\":\"https:\/\/ninamartinelli.com.br\/blog2\/tropicale-nero-veste-lavabo-e-traz-personalidade-a-amplo-ambiente-integrado-em-residencia-em-minas-gerais\/#article\",\"isPartOf\":{\"@id\":\"https:\/\/ninamartinelli.com.br\/blog2\/tropicale-nero-veste-lavabo-e-traz-personalidade-a-amplo-ambiente-integrado-em-residencia-em-minas-gerais\/\"},\"author\":{\"name\":\"Ana Maria Devides\",\"@id\":\"https:\/\/ninamartinelli.com.br\/blog2\/#\/schema\/person\/43fbfb1d4cbe3b472995206b2bb06df5\"},\"headline\":\"Tropicale Nero \u201cveste\u201d lavabo e traz personalidade a amplo ambiente integrado em resid\u00eancia em Minas Gerais\",\"datePublished\":\"2023-07-12T12:23:48+00:00\",\"mainEntityOfPage\":{\"@id\":\"https:\/\/ninamartinelli.com.br\/blog2\/tropicale-nero-veste-lavabo-e-traz-personalidade-a-amplo-ambiente-integrado-em-residencia-em-minas-gerais\/\"},\"wordCount\":362,\"commentCount\":0,\"publisher\":{\"@id\":\"https:\/\/ninamartinelli.com.br\/blog2\/#organization\"},\"image\":{\"@id\":\"https:\/\/ninamartinelli.com.br\/blog2\/tropicale-nero-veste-lavabo-e-traz-personalidade-a-amplo-ambiente-integrado-em-residencia-em-minas-gerais\/#primaryimage\"},\"thumbnailUrl\":\"https:\/\/ninamartinelli.com.br\/blog2\/wp-content\/uploads\/2023\/07\/ana-paula-costa-5.jpg\",\"keywords\":[\"area interna\",\"lavabo\",\"revestimento\"],\"articleSection\":[\"Colezione Eleganza\",\"Revestimentos\",\"Sustentabilidade\"],\"inLanguage\":\"pt-BR\",\"potentialAction\":[{\"@type\":\"CommentAction\",\"name\":\"Comment\",\"target\":[\"https:\/\/ninamartinelli.com.br\/blog2\/tropicale-nero-veste-lavabo-e-traz-personalidade-a-amplo-ambiente-integrado-em-residencia-em-minas-gerais\/#respond\"]}]},{\"@type\":\"WebPage\",\"@id\":\"https:\/\/ninamartinelli.com.br\/blog2\/tropicale-nero-veste-lavabo-e-traz-personalidade-a-amplo-ambiente-integrado-em-residencia-em-minas-gerais\/\",\"url\":\"https:\/\/ninamartinelli.com.br\/blog2\/tropicale-nero-veste-lavabo-e-traz-personalidade-a-amplo-ambiente-integrado-em-residencia-em-minas-gerais\/\",\"name\":\"Tropicale Nero \u201cveste\u201d lavabo e traz personalidade a amplo ambiente integrado em resid\u00eancia em Minas Gerais\",\"isPartOf\":{\"@id\":\"https:\/\/ninamartinelli.com.br\/blog2\/#website\"},\"primaryImageOfPage\":{\"@id\":\"https:\/\/ninamartinelli.com.br\/blog2\/tropicale-nero-veste-lavabo-e-traz-personalidade-a-amplo-ambiente-integrado-em-residencia-em-minas-gerais\/#primaryimage\"},\"image\":{\"@id\":\"https:\/\/ninamartinelli.com.br\/blog2\/tropicale-nero-veste-lavabo-e-traz-personalidade-a-amplo-ambiente-integrado-em-residencia-em-minas-gerais\/#primaryimage\"},\"thumbnailUrl\":\"https:\/\/ninamartinelli.com.br\/blog2\/wp-content\/uploads\/2023\/07\/ana-paula-costa-5.jpg\",\"datePublished\":\"2023-07-12T12:23:48+00:00\",\"description\":\"Tropicale Nero - o grande volume do lavabo, que delimita a divis\u00e3o de espa\u00e7os integrados deu todo o charme r\u00fastico, elegante e personalizado ao projeto\",\"breadcrumb\":{\"@id\":\"https:\/\/ninamartinelli.com.br\/blog2\/tropicale-nero-veste-lavabo-e-traz-personalidade-a-amplo-ambiente-integrado-em-residencia-em-minas-gerais\/#breadcrumb\"},\"inLanguage\":\"pt-BR\",\"potentialAction\":[{\"@type\":\"ReadAction\",\"target\":[\"https:\/\/ninamartinelli.com.br\/blog2\/tropicale-nero-veste-lavabo-e-traz-personalidade-a-amplo-ambiente-integrado-em-residencia-em-minas-gerais\/\"]}]},{\"@type\":\"ImageObject\",\"inLanguage\":\"pt-BR\",\"@id\":\"https:\/\/ninamartinelli.com.br\/blog2\/tropicale-nero-veste-lavabo-e-traz-personalidade-a-amplo-ambiente-integrado-em-residencia-em-minas-gerais\/#primaryimage\",\"url\":\"https:\/\/ninamartinelli.com.br\/blog2\/wp-content\/uploads\/2023\/07\/ana-paula-costa-5.jpg\",\"contentUrl\":\"https:\/\/ninamartinelli.com.br\/blog2\/wp-content\/uploads\/2023\/07\/ana-paula-costa-5.jpg\",\"width\":1080,\"height\":602},{\"@type\":\"BreadcrumbList\",\"@id\":\"https:\/\/ninamartinelli.com.br\/blog2\/tropicale-nero-veste-lavabo-e-traz-personalidade-a-amplo-ambiente-integrado-em-residencia-em-minas-gerais\/#breadcrumb\",\"itemListElement\":[{\"@type\":\"ListItem\",\"position\":1,\"name\":\"In\u00edcio\",\"item\":\"https:\/\/ninamartinelli.com.br\/blog2\/\"},{\"@type\":\"ListItem\",\"position\":2,\"name\":\"Tropicale Nero \u201cveste\u201d lavabo e traz personalidade a amplo ambiente integrado em resid\u00eancia em Minas Gerais\"}]},{\"@type\":\"WebSite\",\"@id\":\"https:\/\/ninamartinelli.com.br\/blog2\/#website\",\"url\":\"https:\/\/ninamartinelli.com.br\/blog2\/\",\"name\":\"Nina Martinelli\",\"description\":\"#Nina_Martinelli\",\"publisher\":{\"@id\":\"https:\/\/ninamartinelli.com.br\/blog2\/#organization\"},\"potentialAction\":[{\"@type\":\"SearchAction\",\"target\":{\"@type\":\"EntryPoint\",\"urlTemplate\":\"https:\/\/ninamartinelli.com.br\/blog2\/?s={search_term_string}\"},\"query-input\":{\"@type\":\"PropertyValueSpecification\",\"valueRequired\":true,\"valueName\":\"search_term_string\"}}],\"inLanguage\":\"pt-BR\"},{\"@type\":\"Organization\",\"@id\":\"https:\/\/ninamartinelli.com.br\/blog2\/#organization\",\"name\":\"Blog Novidades\",\"url\":\"https:\/\/ninamartinelli.com.br\/blog2\/\",\"logo\":{\"@type\":\"ImageObject\",\"inLanguage\":\"pt-BR\",\"@id\":\"https:\/\/ninamartinelli.com.br\/blog2\/#\/schema\/logo\/image\/\",\"url\":\"http:\/\/blog.ninamartinelli.com.br\/wp-content\/uploads\/2022\/03\/logo_nina_blog.png\",\"contentUrl\":\"http:\/\/blog.ninamartinelli.com.br\/wp-content\/uploads\/2022\/03\/logo_nina_blog.png\",\"width\":500,\"height\":104,\"caption\":\"Blog Novidades\"},\"image\":{\"@id\":\"https:\/\/ninamartinelli.com.br\/blog2\/#\/schema\/logo\/image\/\"}},{\"@type\":\"Person\",\"@id\":\"https:\/\/ninamartinelli.com.br\/blog2\/#\/schema\/person\/43fbfb1d4cbe3b472995206b2bb06df5\",\"name\":\"Ana Maria Devides\",\"image\":{\"@type\":\"ImageObject\",\"inLanguage\":\"pt-BR\",\"@id\":\"https:\/\/ninamartinelli.com.br\/blog2\/#\/schema\/person\/image\/\",\"url\":\"https:\/\/secure.gravatar.com\/avatar\/a03a82675d8bb3da8e5c5a6872db97be?s=96&d=mm&r=g\",\"contentUrl\":\"https:\/\/secure.gravatar.com\/avatar\/a03a82675d8bb3da8e5c5a6872db97be?s=96&d=mm&r=g\",\"caption\":\"Ana Maria Devides\"},\"url\":\"https:\/\/ninamartinelli.com.br\/blog2\/author\/assessoria-nina-martinelli\/\"}]}<\/script>\n<!-- \/ Yoast SEO plugin. -->","yoast_head_json":{"title":"Tropicale Nero \u201cveste\u201d lavabo e traz personalidade a amplo ambiente integrado em resid\u00eancia em Minas Gerais","description":"Tropicale Nero - o grande volume do lavabo, que delimita a divis\u00e3o de espa\u00e7os integrados deu todo o charme r\u00fastico, elegante e personalizado ao projeto","robots":{"index":"index","follow":"follow","max-snippet":"max-snippet:-1","max-image-preview":"max-image-preview:large","max-video-preview":"max-video-preview:-1"},"canonical":"https:\/\/ninamartinelli.com.br\/blog2\/tropicale-nero-veste-lavabo-e-traz-personalidade-a-amplo-ambiente-integrado-em-residencia-em-minas-gerais\/","og_locale":"pt_BR","og_type":"article","og_title":"Tropicale Nero \u201cveste\u201d lavabo e traz personalidade a amplo ambiente integrado em resid\u00eancia em Minas Gerais","og_description":"Tropicale Nero - o grande volume do lavabo, que delimita a divis\u00e3o de espa\u00e7os integrados deu todo o charme r\u00fastico, elegante e personalizado ao projeto","og_url":"https:\/\/ninamartinelli.com.br\/blog2\/tropicale-nero-veste-lavabo-e-traz-personalidade-a-amplo-ambiente-integrado-em-residencia-em-minas-gerais\/","og_site_name":"Blog Nina","article_published_time":"2023-07-12T12:23:48+00:00","og_image":[{"width":1080,"height":602,"url":"https:\/\/ninamartinelli.com.br\/blog2\/wp-content\/uploads\/2023\/07\/ana-paula-costa-5.jpg","type":"image\/jpeg"}],"author":"Ana Maria Devides","twitter_card":"summary_large_image","twitter_misc":{"Escrito por":"Ana Maria Devides","Est. tempo de leitura":"3 minutos"},"schema":{"@context":"https:\/\/schema.org","@graph":[{"@type":"Article","@id":"https:\/\/ninamartinelli.com.br\/blog2\/tropicale-nero-veste-lavabo-e-traz-personalidade-a-amplo-ambiente-integrado-em-residencia-em-minas-gerais\/#article","isPartOf":{"@id":"https:\/\/ninamartinelli.com.br\/blog2\/tropicale-nero-veste-lavabo-e-traz-personalidade-a-amplo-ambiente-integrado-em-residencia-em-minas-gerais\/"},"author":{"name":"Ana Maria Devides","@id":"https:\/\/ninamartinelli.com.br\/blog2\/#\/schema\/person\/43fbfb1d4cbe3b472995206b2bb06df5"},"headline":"Tropicale Nero \u201cveste\u201d lavabo e traz personalidade a amplo ambiente integrado em resid\u00eancia em Minas Gerais","datePublished":"2023-07-12T12:23:48+00:00","mainEntityOfPage":{"@id":"https:\/\/ninamartinelli.com.br\/blog2\/tropicale-nero-veste-lavabo-e-traz-personalidade-a-amplo-ambiente-integrado-em-residencia-em-minas-gerais\/"},"wordCount":362,"commentCount":0,"publisher":{"@id":"https:\/\/ninamartinelli.com.br\/blog2\/#organization"},"image":{"@id":"https:\/\/ninamartinelli.com.br\/blog2\/tropicale-nero-veste-lavabo-e-traz-personalidade-a-amplo-ambiente-integrado-em-residencia-em-minas-gerais\/#primaryimage"},"thumbnailUrl":"https:\/\/ninamartinelli.com.br\/blog2\/wp-content\/uploads\/2023\/07\/ana-paula-costa-5.jpg","keywords":["area interna","lavabo","revestimento"],"articleSection":["Colezione Eleganza","Revestimentos","Sustentabilidade"],"inLanguage":"pt-BR","potentialAction":[{"@type":"CommentAction","name":"Comment","target":["https:\/\/ninamartinelli.com.br\/blog2\/tropicale-nero-veste-lavabo-e-traz-personalidade-a-amplo-ambiente-integrado-em-residencia-em-minas-gerais\/#respond"]}]},{"@type":"WebPage","@id":"https:\/\/ninamartinelli.com.br\/blog2\/tropicale-nero-veste-lavabo-e-traz-personalidade-a-amplo-ambiente-integrado-em-residencia-em-minas-gerais\/","url":"https:\/\/ninamartinelli.com.br\/blog2\/tropicale-nero-veste-lavabo-e-traz-personalidade-a-amplo-ambiente-integrado-em-residencia-em-minas-gerais\/","name":"Tropicale Nero \u201cveste\u201d lavabo e traz personalidade a amplo ambiente integrado em resid\u00eancia em Minas Gerais","isPartOf":{"@id":"https:\/\/ninamartinelli.com.br\/blog2\/#website"},"primaryImageOfPage":{"@id":"https:\/\/ninamartinelli.com.br\/blog2\/tropicale-nero-veste-lavabo-e-traz-personalidade-a-amplo-ambiente-integrado-em-residencia-em-minas-gerais\/#primaryimage"},"image":{"@id":"https:\/\/ninamartinelli.com.br\/blog2\/tropicale-nero-veste-lavabo-e-traz-personalidade-a-amplo-ambiente-integrado-em-residencia-em-minas-gerais\/#primaryimage"},"thumbnailUrl":"https:\/\/ninamartinelli.com.br\/blog2\/wp-content\/uploads\/2023\/07\/ana-paula-costa-5.jpg","datePublished":"2023-07-12T12:23:48+00:00","description":"Tropicale Nero - o grande volume do lavabo, que delimita a divis\u00e3o de espa\u00e7os integrados deu todo o charme r\u00fastico, elegante e personalizado ao projeto","breadcrumb":{"@id":"https:\/\/ninamartinelli.com.br\/blog2\/tropicale-nero-veste-lavabo-e-traz-personalidade-a-amplo-ambiente-integrado-em-residencia-em-minas-gerais\/#breadcrumb"},"inLanguage":"pt-BR","potentialAction":[{"@type":"ReadAction","target":["https:\/\/ninamartinelli.com.br\/blog2\/tropicale-nero-veste-lavabo-e-traz-personalidade-a-amplo-ambiente-integrado-em-residencia-em-minas-gerais\/"]}]},{"@type":"ImageObject","inLanguage":"pt-BR","@id":"https:\/\/ninamartinelli.com.br\/blog2\/tropicale-nero-veste-lavabo-e-traz-personalidade-a-amplo-ambiente-integrado-em-residencia-em-minas-gerais\/#primaryimage","url":"https:\/\/ninamartinelli.com.br\/blog2\/wp-content\/uploads\/2023\/07\/ana-paula-costa-5.jpg","contentUrl":"https:\/\/ninamartinelli.com.br\/blog2\/wp-content\/uploads\/2023\/07\/ana-paula-costa-5.jpg","width":1080,"height":602},{"@type":"BreadcrumbList","@id":"https:\/\/ninamartinelli.com.br\/blog2\/tropicale-nero-veste-lavabo-e-traz-personalidade-a-amplo-ambiente-integrado-em-residencia-em-minas-gerais\/#breadcrumb","itemListElement":[{"@type":"ListItem","position":1,"name":"In\u00edcio","item":"https:\/\/ninamartinelli.com.br\/blog2\/"},{"@type":"ListItem","position":2,"name":"Tropicale Nero \u201cveste\u201d lavabo e traz personalidade a amplo ambiente integrado em resid\u00eancia em Minas Gerais"}]},{"@type":"WebSite","@id":"https:\/\/ninamartinelli.com.br\/blog2\/#website","url":"https:\/\/ninamartinelli.com.br\/blog2\/","name":"Nina Martinelli","description":"#Nina_Martinelli","publisher":{"@id":"https:\/\/ninamartinelli.com.br\/blog2\/#organization"},"potentialAction":[{"@type":"SearchAction","target":{"@type":"EntryPoint","urlTemplate":"https:\/\/ninamartinelli.com.br\/blog2\/?s={search_term_string}"},"query-input":{"@type":"PropertyValueSpecification","valueRequired":true,"valueName":"search_term_string"}}],"inLanguage":"pt-BR"},{"@type":"Organization","@id":"https:\/\/ninamartinelli.com.br\/blog2\/#organization","name":"Blog Novidades","url":"https:\/\/ninamartinelli.com.br\/blog2\/","logo":{"@type":"ImageObject","inLanguage":"pt-BR","@id":"https:\/\/ninamartinelli.com.br\/blog2\/#\/schema\/logo\/image\/","url":"http:\/\/blog.ninamartinelli.com.br\/wp-content\/uploads\/2022\/03\/logo_nina_blog.png","contentUrl":"http:\/\/blog.ninamartinelli.com.br\/wp-content\/uploads\/2022\/03\/logo_nina_blog.png","width":500,"height":104,"caption":"Blog Novidades"},"image":{"@id":"https:\/\/ninamartinelli.com.br\/blog2\/#\/schema\/logo\/image\/"}},{"@type":"Person","@id":"https:\/\/ninamartinelli.com.br\/blog2\/#\/schema\/person\/43fbfb1d4cbe3b472995206b2bb06df5","name":"Ana Maria Devides","image":{"@type":"ImageObject","inLanguage":"pt-BR","@id":"https:\/\/ninamartinelli.com.br\/blog2\/#\/schema\/person\/image\/","url":"https:\/\/secure.gravatar.com\/avatar\/a03a82675d8bb3da8e5c5a6872db97be?s=96&d=mm&r=g","contentUrl":"https:\/\/secure.gravatar.com\/avatar\/a03a82675d8bb3da8e5c5a6872db97be?s=96&d=mm&r=g","caption":"Ana Maria Devides"},"url":"https:\/\/ninamartinelli.com.br\/blog2\/author\/assessoria-nina-martinelli\/"}]}},"_links":{"self":[{"href":"https:\/\/ninamartinelli.com.br\/blog2\/wp-json\/wp\/v2\/posts\/2037","targetHints":{"allow":["GET"]}}],"collection":[{"href":"https:\/\/ninamartinelli.com.br\/blog2\/wp-json\/wp\/v2\/posts"}],"about":[{"href":"https:\/\/ninamartinelli.com.br\/blog2\/wp-json\/wp\/v2\/types\/post"}],"author":[{"embeddable":true,"href":"https:\/\/ninamartinelli.com.br\/blog2\/wp-json\/wp\/v2\/users\/2"}],"replies":[{"embeddable":true,"href":"https:\/\/ninamartinelli.com.br\/blog2\/wp-json\/wp\/v2\/comments?post=2037"}],"version-history":[{"count":1,"href":"https:\/\/ninamartinelli.com.br\/blog2\/wp-json\/wp\/v2\/posts\/2037\/revisions"}],"predecessor-version":[{"id":2041,"href":"https:\/\/ninamartinelli.com.br\/blog2\/wp-json\/wp\/v2\/posts\/2037\/revisions\/2041"}],"wp:featuredmedia":[{"embeddable":true,"href":"https:\/\/ninamartinelli.com.br\/blog2\/wp-json\/wp\/v2\/media\/2038"}],"wp:attachment":[{"href":"https:\/\/ninamartinelli.com.br\/blog2\/wp-json\/wp\/v2\/media?parent=2037"}],"wp:term":[{"taxonomy":"category","embeddable":true,"href":"https:\/\/ninamartinelli.com.br\/blog2\/wp-json\/wp\/v2\/categories?post=2037"},{"taxonomy":"post_tag","embeddable":true,"href":"https:\/\/ninamartinelli.com.br\/blog2\/wp-json\/wp\/v2\/tags?post=2037"}],"curies":[{"name":"wp","href":"https:\/\/api.w.org\/{rel}","templated":true}]}}