{"id":2020,"date":"2023-06-21T09:08:46","date_gmt":"2023-06-21T12:08:46","guid":{"rendered":"https:\/\/ninamartinelli.com.br\/blog2\/?p=2020"},"modified":"2023-06-21T09:08:46","modified_gmt":"2023-06-21T12:08:46","slug":"lavabo-atemporal-com-revestimento-roma-em-madeira-natural-da-nina-martinelli","status":"publish","type":"post","link":"https:\/\/ninamartinelli.com.br\/blog2\/lavabo-atemporal-com-revestimento-roma-em-madeira-natural-da-nina-martinelli\/","title":{"rendered":"Lavabo atemporal com revestimento Roma, em madeira natural da Nina Martinelli"},"content":{"rendered":"<p>Lavabo atemporal, sofisticado e, ao mesmo tempo muito acolhedor. Esse foi o resultado obtido pela arquiteta <a href=\"https:\/\/www.instagram.com\/pamelabalassone.arq\/\">Pamela Balassone<\/a>, de S\u00e3o Carlos, ao fazer escolhas ousadas e certeiras para um lavabo num lindo apartamento no <a href=\"https:\/\/www.ebm.com.br\/parquefaber\/\">Wish Parque Faber,<\/a> um dos endere\u00e7os mais celebrados da pujante \u201cCidade do Clima\u201d.<\/p>\n<p>Pamela quis mostrar, com as op\u00e7\u00f5es que fez, que \u00e9 poss\u00edvel ousar. <em>\u201cCriar ambientes super convidativos, combinando cores neutras, com materiais e texturas naturais, e uma boa ilumina\u00e7\u00e3o de destaque\u201d<\/em>, explica.<\/p>\n<p>Ela trabalhou o ambiente com uma paleta mais neutra e explorou diferentes texturas e padr\u00f5es de materiais. <em>\u201cAssim criamos um ambiente mais atrativo aos sentidos, al\u00e9m da vis\u00e3o\u201d<\/em>, argumenta.<\/p>\n<p>Um dos destaques do lavabo \u00e9 um lavat\u00f3rio em forma de torre esculpida em porcelanato marmorizado num cinza muito sutil. O mesmo material ela usou para revestir meia parede atr\u00e1s dessa pe\u00e7a.<\/p>\n<p>E na metade superior desta mesma parede, Pamela usou o <a href=\"https:\/\/ninamartinelli.com.br\/#!\/pt\/produtos\/1.56.000.028-revestimento-roma\">Revestimento Roma<\/a>, feito em madeira natural pela Nina Martinelli Pisos e Revestimentos.<\/p>\n<p>O Lavabo atemporal recebeu o revestimento Roma que mede 22,5&#215;22,5cm, e \u00e9 um mosaico em madeira natural reciclada organizado em placas teladas. Com varia\u00e7\u00f5es t\u00edpicas de tonalidades da madeira, o Roma explora linhas retas alternando alto e baixo relevos e a disposi\u00e7\u00e3o das pe\u00e7as em filetes paralelos incrementa a diferencia\u00e7\u00e3o do modelo e d\u00e1 ainda mais profundidade visual.<\/p>\n<p>Essa parede que ficou absolutamente escultural, recebeu um espelho e ilumina\u00e7\u00e3o em led para dar um clima ainda mais aconchegante, que contrasta com o porcelanato e os metais em preto fosco.<\/p>\n<p>Vale lembrar que ao dividir a parede com os dois tipos de materiais, Pamela respeitou uma regra b\u00e1sica em rela\u00e7\u00e3o ao revestimento Roma \u2013 ele s\u00f3 pode ser aplicado em superf\u00edcies n\u00e3o sujeitas \u00e0 umidade.<\/p>\n<p>O resultado ficou mais do que harmonioso e elegante. O revestimento Roma foi adquirido na loja parceira <a href=\"https:\/\/www.instagram.com\/eccellenzaacabamentos\/\">Eccellenza Acabamentos<\/a>, de S\u00e3o Carlos.<\/p>\n<p><strong>Servi\u00e7o<\/strong><\/p>\n<p><strong>Lavabo atemporal em apartamento Wish Parque Faber \u2013 S\u00e3o Carlos\/SP<\/strong><\/p>\n<p><strong>Produto<\/strong> \u2013 Revestimento Roma, em madeira natural 22,5&#215;22,5cm<\/p>\n<p><strong>Projeto e fotos<\/strong> \u2013 Pamela Balassone, S\u00e3o Carlos\/SP<\/p>\n<p><strong>Instagram<\/strong>: @<a href=\"https:\/\/www.instagram.com\/pamelabalassone.arq\"><strong>pamelabalassone.arq<\/strong><\/a><\/p>\n<p><strong>Revendedora<\/strong> \u2013 Eccellenza Acabamentos<\/p>\n<p><strong>Instagram:<\/strong> @<a href=\"https:\/\/www.instagram.com\/eccellenzaacabamentos\/\">eccellenzaacabamentos<\/a><\/p>\n<p>&nbsp;<\/p>\n","protected":false},"excerpt":{"rendered":"<p>Lavabo atemporal, sofisticado e, ao mesmo tempo muito acolhedor. Esse foi o resultado obtido pela<\/p>\n","protected":false},"author":2,"featured_media":2021,"comment_status":"open","ping_status":"open","sticky":false,"template":"","format":"standard","meta":{"footnotes":""},"categories":[11,1,26,129],"tags":[72,40,111,35,46],"class_list":["post-2020","post","type-post","status-publish","format-standard","has-post-thumbnail","hentry","category-colezione-madeira","category-nina-martinelli","category-revestimentos","category-sustentabilidade","tag-apartamento","tag-area-interna","tag-lavabo","tag-madeira","tag-revestimento"],"yoast_head":"<!-- This site is optimized with the Yoast SEO plugin v26.8 - https:\/\/yoast.com\/product\/yoast-seo-wordpress\/ -->\n<title>Lavabo atemporal com revestimento Roma, em madeira natural da Nina Martinelli<\/title>\n<meta name=\"description\" content=\"Lavabo atemporal, resultante da combina\u00e7\u00e3o de diferentes materiais e texturas, escolhidas a dedo por Pamela Balassone, em S\u00e3o Carlos\" \/>\n<meta name=\"robots\" content=\"index, follow, max-snippet:-1, max-image-preview:large, max-video-preview:-1\" \/>\n<link rel=\"canonical\" href=\"https:\/\/ninamartinelli.com.br\/blog2\/lavabo-atemporal-com-revestimento-roma-em-madeira-natural-da-nina-martinelli\/\" \/>\n<meta property=\"og:locale\" content=\"pt_BR\" \/>\n<meta property=\"og:type\" content=\"article\" \/>\n<meta property=\"og:title\" content=\"Lavabo atemporal com revestimento Roma, em madeira natural da Nina Martinelli\" \/>\n<meta property=\"og:description\" content=\"Lavabo atemporal, resultante da combina\u00e7\u00e3o de diferentes materiais e texturas, escolhidas a dedo por Pamela Balassone, em S\u00e3o Carlos\" \/>\n<meta property=\"og:url\" content=\"https:\/\/ninamartinelli.com.br\/blog2\/lavabo-atemporal-com-revestimento-roma-em-madeira-natural-da-nina-martinelli\/\" \/>\n<meta property=\"og:site_name\" content=\"Blog Nina\" \/>\n<meta property=\"article:published_time\" content=\"2023-06-21T12:08:46+00:00\" \/>\n<meta property=\"og:image\" content=\"https:\/\/ninamartinelli.com.br\/blog2\/wp-content\/uploads\/2023\/06\/lavabo-atemporal-pamela.jpg\" \/>\n\t<meta property=\"og:image:width\" content=\"613\" \/>\n\t<meta property=\"og:image:height\" content=\"799\" \/>\n\t<meta property=\"og:image:type\" content=\"image\/jpeg\" \/>\n<meta name=\"author\" content=\"Ana Maria Devides\" \/>\n<meta name=\"twitter:card\" content=\"summary_large_image\" \/>\n<meta name=\"twitter:label1\" content=\"Escrito por\" \/>\n\t<meta name=\"twitter:data1\" content=\"Ana Maria Devides\" \/>\n\t<meta name=\"twitter:label2\" content=\"Est. tempo de leitura\" \/>\n\t<meta name=\"twitter:data2\" content=\"2 minutos\" \/>\n<script type=\"application\/ld+json\" class=\"yoast-schema-graph\">{\"@context\":\"https:\/\/schema.org\",\"@graph\":[{\"@type\":\"Article\",\"@id\":\"https:\/\/ninamartinelli.com.br\/blog2\/lavabo-atemporal-com-revestimento-roma-em-madeira-natural-da-nina-martinelli\/#article\",\"isPartOf\":{\"@id\":\"https:\/\/ninamartinelli.com.br\/blog2\/lavabo-atemporal-com-revestimento-roma-em-madeira-natural-da-nina-martinelli\/\"},\"author\":{\"name\":\"Ana Maria Devides\",\"@id\":\"https:\/\/ninamartinelli.com.br\/blog2\/#\/schema\/person\/43fbfb1d4cbe3b472995206b2bb06df5\"},\"headline\":\"Lavabo atemporal com revestimento Roma, em madeira natural da Nina Martinelli\",\"datePublished\":\"2023-06-21T12:08:46+00:00\",\"mainEntityOfPage\":{\"@id\":\"https:\/\/ninamartinelli.com.br\/blog2\/lavabo-atemporal-com-revestimento-roma-em-madeira-natural-da-nina-martinelli\/\"},\"wordCount\":375,\"commentCount\":0,\"publisher\":{\"@id\":\"https:\/\/ninamartinelli.com.br\/blog2\/#organization\"},\"image\":{\"@id\":\"https:\/\/ninamartinelli.com.br\/blog2\/lavabo-atemporal-com-revestimento-roma-em-madeira-natural-da-nina-martinelli\/#primaryimage\"},\"thumbnailUrl\":\"https:\/\/ninamartinelli.com.br\/blog2\/wp-content\/uploads\/2023\/06\/lavabo-atemporal-pamela.jpg\",\"keywords\":[\"apartamento\",\"area interna\",\"lavabo\",\"madeira\",\"revestimento\"],\"articleSection\":[\"Colezione Madeira\",\"Nina Martinelli\",\"Revestimentos\",\"Sustentabilidade\"],\"inLanguage\":\"pt-BR\",\"potentialAction\":[{\"@type\":\"CommentAction\",\"name\":\"Comment\",\"target\":[\"https:\/\/ninamartinelli.com.br\/blog2\/lavabo-atemporal-com-revestimento-roma-em-madeira-natural-da-nina-martinelli\/#respond\"]}]},{\"@type\":\"WebPage\",\"@id\":\"https:\/\/ninamartinelli.com.br\/blog2\/lavabo-atemporal-com-revestimento-roma-em-madeira-natural-da-nina-martinelli\/\",\"url\":\"https:\/\/ninamartinelli.com.br\/blog2\/lavabo-atemporal-com-revestimento-roma-em-madeira-natural-da-nina-martinelli\/\",\"name\":\"Lavabo atemporal com revestimento Roma, em madeira natural da Nina Martinelli\",\"isPartOf\":{\"@id\":\"https:\/\/ninamartinelli.com.br\/blog2\/#website\"},\"primaryImageOfPage\":{\"@id\":\"https:\/\/ninamartinelli.com.br\/blog2\/lavabo-atemporal-com-revestimento-roma-em-madeira-natural-da-nina-martinelli\/#primaryimage\"},\"image\":{\"@id\":\"https:\/\/ninamartinelli.com.br\/blog2\/lavabo-atemporal-com-revestimento-roma-em-madeira-natural-da-nina-martinelli\/#primaryimage\"},\"thumbnailUrl\":\"https:\/\/ninamartinelli.com.br\/blog2\/wp-content\/uploads\/2023\/06\/lavabo-atemporal-pamela.jpg\",\"datePublished\":\"2023-06-21T12:08:46+00:00\",\"description\":\"Lavabo atemporal, resultante da combina\u00e7\u00e3o de diferentes materiais e texturas, escolhidas a dedo por Pamela Balassone, em S\u00e3o Carlos\",\"breadcrumb\":{\"@id\":\"https:\/\/ninamartinelli.com.br\/blog2\/lavabo-atemporal-com-revestimento-roma-em-madeira-natural-da-nina-martinelli\/#breadcrumb\"},\"inLanguage\":\"pt-BR\",\"potentialAction\":[{\"@type\":\"ReadAction\",\"target\":[\"https:\/\/ninamartinelli.com.br\/blog2\/lavabo-atemporal-com-revestimento-roma-em-madeira-natural-da-nina-martinelli\/\"]}]},{\"@type\":\"ImageObject\",\"inLanguage\":\"pt-BR\",\"@id\":\"https:\/\/ninamartinelli.com.br\/blog2\/lavabo-atemporal-com-revestimento-roma-em-madeira-natural-da-nina-martinelli\/#primaryimage\",\"url\":\"https:\/\/ninamartinelli.com.br\/blog2\/wp-content\/uploads\/2023\/06\/lavabo-atemporal-pamela.jpg\",\"contentUrl\":\"https:\/\/ninamartinelli.com.br\/blog2\/wp-content\/uploads\/2023\/06\/lavabo-atemporal-pamela.jpg\",\"width\":613,\"height\":799},{\"@type\":\"BreadcrumbList\",\"@id\":\"https:\/\/ninamartinelli.com.br\/blog2\/lavabo-atemporal-com-revestimento-roma-em-madeira-natural-da-nina-martinelli\/#breadcrumb\",\"itemListElement\":[{\"@type\":\"ListItem\",\"position\":1,\"name\":\"In\u00edcio\",\"item\":\"https:\/\/ninamartinelli.com.br\/blog2\/\"},{\"@type\":\"ListItem\",\"position\":2,\"name\":\"Lavabo atemporal com revestimento Roma, em madeira natural da Nina Martinelli\"}]},{\"@type\":\"WebSite\",\"@id\":\"https:\/\/ninamartinelli.com.br\/blog2\/#website\",\"url\":\"https:\/\/ninamartinelli.com.br\/blog2\/\",\"name\":\"Nina Martinelli\",\"description\":\"#Nina_Martinelli\",\"publisher\":{\"@id\":\"https:\/\/ninamartinelli.com.br\/blog2\/#organization\"},\"potentialAction\":[{\"@type\":\"SearchAction\",\"target\":{\"@type\":\"EntryPoint\",\"urlTemplate\":\"https:\/\/ninamartinelli.com.br\/blog2\/?s={search_term_string}\"},\"query-input\":{\"@type\":\"PropertyValueSpecification\",\"valueRequired\":true,\"valueName\":\"search_term_string\"}}],\"inLanguage\":\"pt-BR\"},{\"@type\":\"Organization\",\"@id\":\"https:\/\/ninamartinelli.com.br\/blog2\/#organization\",\"name\":\"Blog Novidades\",\"url\":\"https:\/\/ninamartinelli.com.br\/blog2\/\",\"logo\":{\"@type\":\"ImageObject\",\"inLanguage\":\"pt-BR\",\"@id\":\"https:\/\/ninamartinelli.com.br\/blog2\/#\/schema\/logo\/image\/\",\"url\":\"http:\/\/blog.ninamartinelli.com.br\/wp-content\/uploads\/2022\/03\/logo_nina_blog.png\",\"contentUrl\":\"http:\/\/blog.ninamartinelli.com.br\/wp-content\/uploads\/2022\/03\/logo_nina_blog.png\",\"width\":500,\"height\":104,\"caption\":\"Blog Novidades\"},\"image\":{\"@id\":\"https:\/\/ninamartinelli.com.br\/blog2\/#\/schema\/logo\/image\/\"}},{\"@type\":\"Person\",\"@id\":\"https:\/\/ninamartinelli.com.br\/blog2\/#\/schema\/person\/43fbfb1d4cbe3b472995206b2bb06df5\",\"name\":\"Ana Maria Devides\",\"image\":{\"@type\":\"ImageObject\",\"inLanguage\":\"pt-BR\",\"@id\":\"https:\/\/ninamartinelli.com.br\/blog2\/#\/schema\/person\/image\/\",\"url\":\"https:\/\/secure.gravatar.com\/avatar\/a03a82675d8bb3da8e5c5a6872db97be?s=96&d=mm&r=g\",\"contentUrl\":\"https:\/\/secure.gravatar.com\/avatar\/a03a82675d8bb3da8e5c5a6872db97be?s=96&d=mm&r=g\",\"caption\":\"Ana Maria Devides\"},\"url\":\"https:\/\/ninamartinelli.com.br\/blog2\/author\/assessoria-nina-martinelli\/\"}]}<\/script>\n<!-- \/ Yoast SEO plugin. -->","yoast_head_json":{"title":"Lavabo atemporal com revestimento Roma, em madeira natural da Nina Martinelli","description":"Lavabo atemporal, resultante da combina\u00e7\u00e3o de diferentes materiais e texturas, escolhidas a dedo por Pamela Balassone, em S\u00e3o Carlos","robots":{"index":"index","follow":"follow","max-snippet":"max-snippet:-1","max-image-preview":"max-image-preview:large","max-video-preview":"max-video-preview:-1"},"canonical":"https:\/\/ninamartinelli.com.br\/blog2\/lavabo-atemporal-com-revestimento-roma-em-madeira-natural-da-nina-martinelli\/","og_locale":"pt_BR","og_type":"article","og_title":"Lavabo atemporal com revestimento Roma, em madeira natural da Nina Martinelli","og_description":"Lavabo atemporal, resultante da combina\u00e7\u00e3o de diferentes materiais e texturas, escolhidas a dedo por Pamela Balassone, em S\u00e3o Carlos","og_url":"https:\/\/ninamartinelli.com.br\/blog2\/lavabo-atemporal-com-revestimento-roma-em-madeira-natural-da-nina-martinelli\/","og_site_name":"Blog Nina","article_published_time":"2023-06-21T12:08:46+00:00","og_image":[{"width":613,"height":799,"url":"https:\/\/ninamartinelli.com.br\/blog2\/wp-content\/uploads\/2023\/06\/lavabo-atemporal-pamela.jpg","type":"image\/jpeg"}],"author":"Ana Maria Devides","twitter_card":"summary_large_image","twitter_misc":{"Escrito por":"Ana Maria Devides","Est. tempo de leitura":"2 minutos"},"schema":{"@context":"https:\/\/schema.org","@graph":[{"@type":"Article","@id":"https:\/\/ninamartinelli.com.br\/blog2\/lavabo-atemporal-com-revestimento-roma-em-madeira-natural-da-nina-martinelli\/#article","isPartOf":{"@id":"https:\/\/ninamartinelli.com.br\/blog2\/lavabo-atemporal-com-revestimento-roma-em-madeira-natural-da-nina-martinelli\/"},"author":{"name":"Ana Maria Devides","@id":"https:\/\/ninamartinelli.com.br\/blog2\/#\/schema\/person\/43fbfb1d4cbe3b472995206b2bb06df5"},"headline":"Lavabo atemporal com revestimento Roma, em madeira natural da Nina Martinelli","datePublished":"2023-06-21T12:08:46+00:00","mainEntityOfPage":{"@id":"https:\/\/ninamartinelli.com.br\/blog2\/lavabo-atemporal-com-revestimento-roma-em-madeira-natural-da-nina-martinelli\/"},"wordCount":375,"commentCount":0,"publisher":{"@id":"https:\/\/ninamartinelli.com.br\/blog2\/#organization"},"image":{"@id":"https:\/\/ninamartinelli.com.br\/blog2\/lavabo-atemporal-com-revestimento-roma-em-madeira-natural-da-nina-martinelli\/#primaryimage"},"thumbnailUrl":"https:\/\/ninamartinelli.com.br\/blog2\/wp-content\/uploads\/2023\/06\/lavabo-atemporal-pamela.jpg","keywords":["apartamento","area interna","lavabo","madeira","revestimento"],"articleSection":["Colezione Madeira","Nina Martinelli","Revestimentos","Sustentabilidade"],"inLanguage":"pt-BR","potentialAction":[{"@type":"CommentAction","name":"Comment","target":["https:\/\/ninamartinelli.com.br\/blog2\/lavabo-atemporal-com-revestimento-roma-em-madeira-natural-da-nina-martinelli\/#respond"]}]},{"@type":"WebPage","@id":"https:\/\/ninamartinelli.com.br\/blog2\/lavabo-atemporal-com-revestimento-roma-em-madeira-natural-da-nina-martinelli\/","url":"https:\/\/ninamartinelli.com.br\/blog2\/lavabo-atemporal-com-revestimento-roma-em-madeira-natural-da-nina-martinelli\/","name":"Lavabo atemporal com revestimento Roma, em madeira natural da Nina Martinelli","isPartOf":{"@id":"https:\/\/ninamartinelli.com.br\/blog2\/#website"},"primaryImageOfPage":{"@id":"https:\/\/ninamartinelli.com.br\/blog2\/lavabo-atemporal-com-revestimento-roma-em-madeira-natural-da-nina-martinelli\/#primaryimage"},"image":{"@id":"https:\/\/ninamartinelli.com.br\/blog2\/lavabo-atemporal-com-revestimento-roma-em-madeira-natural-da-nina-martinelli\/#primaryimage"},"thumbnailUrl":"https:\/\/ninamartinelli.com.br\/blog2\/wp-content\/uploads\/2023\/06\/lavabo-atemporal-pamela.jpg","datePublished":"2023-06-21T12:08:46+00:00","description":"Lavabo atemporal, resultante da combina\u00e7\u00e3o de diferentes materiais e texturas, escolhidas a dedo por Pamela Balassone, em S\u00e3o Carlos","breadcrumb":{"@id":"https:\/\/ninamartinelli.com.br\/blog2\/lavabo-atemporal-com-revestimento-roma-em-madeira-natural-da-nina-martinelli\/#breadcrumb"},"inLanguage":"pt-BR","potentialAction":[{"@type":"ReadAction","target":["https:\/\/ninamartinelli.com.br\/blog2\/lavabo-atemporal-com-revestimento-roma-em-madeira-natural-da-nina-martinelli\/"]}]},{"@type":"ImageObject","inLanguage":"pt-BR","@id":"https:\/\/ninamartinelli.com.br\/blog2\/lavabo-atemporal-com-revestimento-roma-em-madeira-natural-da-nina-martinelli\/#primaryimage","url":"https:\/\/ninamartinelli.com.br\/blog2\/wp-content\/uploads\/2023\/06\/lavabo-atemporal-pamela.jpg","contentUrl":"https:\/\/ninamartinelli.com.br\/blog2\/wp-content\/uploads\/2023\/06\/lavabo-atemporal-pamela.jpg","width":613,"height":799},{"@type":"BreadcrumbList","@id":"https:\/\/ninamartinelli.com.br\/blog2\/lavabo-atemporal-com-revestimento-roma-em-madeira-natural-da-nina-martinelli\/#breadcrumb","itemListElement":[{"@type":"ListItem","position":1,"name":"In\u00edcio","item":"https:\/\/ninamartinelli.com.br\/blog2\/"},{"@type":"ListItem","position":2,"name":"Lavabo atemporal com revestimento Roma, em madeira natural da Nina Martinelli"}]},{"@type":"WebSite","@id":"https:\/\/ninamartinelli.com.br\/blog2\/#website","url":"https:\/\/ninamartinelli.com.br\/blog2\/","name":"Nina Martinelli","description":"#Nina_Martinelli","publisher":{"@id":"https:\/\/ninamartinelli.com.br\/blog2\/#organization"},"potentialAction":[{"@type":"SearchAction","target":{"@type":"EntryPoint","urlTemplate":"https:\/\/ninamartinelli.com.br\/blog2\/?s={search_term_string}"},"query-input":{"@type":"PropertyValueSpecification","valueRequired":true,"valueName":"search_term_string"}}],"inLanguage":"pt-BR"},{"@type":"Organization","@id":"https:\/\/ninamartinelli.com.br\/blog2\/#organization","name":"Blog Novidades","url":"https:\/\/ninamartinelli.com.br\/blog2\/","logo":{"@type":"ImageObject","inLanguage":"pt-BR","@id":"https:\/\/ninamartinelli.com.br\/blog2\/#\/schema\/logo\/image\/","url":"http:\/\/blog.ninamartinelli.com.br\/wp-content\/uploads\/2022\/03\/logo_nina_blog.png","contentUrl":"http:\/\/blog.ninamartinelli.com.br\/wp-content\/uploads\/2022\/03\/logo_nina_blog.png","width":500,"height":104,"caption":"Blog Novidades"},"image":{"@id":"https:\/\/ninamartinelli.com.br\/blog2\/#\/schema\/logo\/image\/"}},{"@type":"Person","@id":"https:\/\/ninamartinelli.com.br\/blog2\/#\/schema\/person\/43fbfb1d4cbe3b472995206b2bb06df5","name":"Ana Maria Devides","image":{"@type":"ImageObject","inLanguage":"pt-BR","@id":"https:\/\/ninamartinelli.com.br\/blog2\/#\/schema\/person\/image\/","url":"https:\/\/secure.gravatar.com\/avatar\/a03a82675d8bb3da8e5c5a6872db97be?s=96&d=mm&r=g","contentUrl":"https:\/\/secure.gravatar.com\/avatar\/a03a82675d8bb3da8e5c5a6872db97be?s=96&d=mm&r=g","caption":"Ana Maria Devides"},"url":"https:\/\/ninamartinelli.com.br\/blog2\/author\/assessoria-nina-martinelli\/"}]}},"_links":{"self":[{"href":"https:\/\/ninamartinelli.com.br\/blog2\/wp-json\/wp\/v2\/posts\/2020","targetHints":{"allow":["GET"]}}],"collection":[{"href":"https:\/\/ninamartinelli.com.br\/blog2\/wp-json\/wp\/v2\/posts"}],"about":[{"href":"https:\/\/ninamartinelli.com.br\/blog2\/wp-json\/wp\/v2\/types\/post"}],"author":[{"embeddable":true,"href":"https:\/\/ninamartinelli.com.br\/blog2\/wp-json\/wp\/v2\/users\/2"}],"replies":[{"embeddable":true,"href":"https:\/\/ninamartinelli.com.br\/blog2\/wp-json\/wp\/v2\/comments?post=2020"}],"version-history":[{"count":1,"href":"https:\/\/ninamartinelli.com.br\/blog2\/wp-json\/wp\/v2\/posts\/2020\/revisions"}],"predecessor-version":[{"id":2022,"href":"https:\/\/ninamartinelli.com.br\/blog2\/wp-json\/wp\/v2\/posts\/2020\/revisions\/2022"}],"wp:featuredmedia":[{"embeddable":true,"href":"https:\/\/ninamartinelli.com.br\/blog2\/wp-json\/wp\/v2\/media\/2021"}],"wp:attachment":[{"href":"https:\/\/ninamartinelli.com.br\/blog2\/wp-json\/wp\/v2\/media?parent=2020"}],"wp:term":[{"taxonomy":"category","embeddable":true,"href":"https:\/\/ninamartinelli.com.br\/blog2\/wp-json\/wp\/v2\/categories?post=2020"},{"taxonomy":"post_tag","embeddable":true,"href":"https:\/\/ninamartinelli.com.br\/blog2\/wp-json\/wp\/v2\/tags?post=2020"}],"curies":[{"name":"wp","href":"https:\/\/api.w.org\/{rel}","templated":true}]}}