{"id":2012,"date":"2023-06-14T08:53:33","date_gmt":"2023-06-14T11:53:33","guid":{"rendered":"https:\/\/ninamartinelli.com.br\/blog2\/?p=2012"},"modified":"2023-06-14T16:12:06","modified_gmt":"2023-06-14T19:12:06","slug":"pietra-rosso-e-paglia-compoem-espaco-pe-na-areia-para-eventos-de-sonho-em-caraguatatuba","status":"publish","type":"post","link":"https:\/\/ninamartinelli.com.br\/blog2\/pietra-rosso-e-paglia-compoem-espaco-pe-na-areia-para-eventos-de-sonho-em-caraguatatuba\/","title":{"rendered":"Pietra Rosso e Paglia comp\u00f5em espa\u00e7o \u2018p\u00e9 na areia\u2019 para eventos de sonho em Caraguatatuba"},"content":{"rendered":"<p>Pietra Rosso e Paglia \u2013 os elementos que surpreendem, em uma pagina\u00e7\u00e3o ousada e diferenciada, brincando com os dois tons para agu\u00e7ar ainda mais o aspecto natural e org\u00e2nico, na entrada de um grande espa\u00e7o de eventos \u2018p\u00e9 na areia\u2019, na bela praia de Massagua\u00e7u, em Caraguatatuba, litoral norte de S\u00e3o Paulo.<\/p>\n<p>Isso resume, mas n\u00e3o conta totalmente a hist\u00f3ria de um casamento perfeito, para usar um termo que tem tudo a ver com esse projeto, que torna o <a href=\"https:\/\/www.instagram.com\/ilhadecocagne\/\">Ilha de Cocagne<\/a> um lugar ainda mais especial.<\/p>\n<p>\u00c9 um espa\u00e7o de eventos muito diferenciado, para os casais que buscam realizar seus casamentos, anivers\u00e1rios, ou para quem deseja promover um evento corporativo num verdadeiro para\u00edso, em meio \u00e0 natureza, integrado \u00e0 Mata Atl\u00e2ntica, com vista para o mar e para as ilhas que tornam a paisagem ainda mais incr\u00edvel. Tudo isso sem abrir m\u00e3o do conforto e da funcionalidade.<\/p>\n<p>Assinado e executado pela arquiteta <a href=\"https:\/\/www.instagram.com\/maenacarneiro\/\">Maena Carneiro<\/a>, o projeto em estilo r\u00fastico e acolhedor incluiu o piso cer\u00e2mico Linea Pietra nos tons Rosso e Paglia para cobrir todo o pavimento da entrada principal do espa\u00e7o.<\/p>\n<p>Muito plano e ergon\u00f4mico, largo e confort\u00e1vel, e de contornos delicadamente ondulados nas laterais, onde foram posicionados vasos com plantas tropicais, esse \u2018caminho\u2019 se transformou num charmoso boulevard, que conduz ao espa\u00e7o interno que, por sua vez, se abre majestoso para a praia.<\/p>\n<p>Integrante da Linha Supporto, o Linea Pietra \u00e9 disponibilizado pela Nina Martinelli Pisos e Revestimentos nas dimens\u00f5es 5&#215;2 x 5,2 cm, 5,2&#215;11,5 cm, 5,2 x 24cm, 11,5&#215;11,5 cm, 11,5x24cm e, ainda, 24x24cm, ampliando as op\u00e7\u00f5es para os especificadores explorarem sua criatividade.<\/p>\n<p>Nesse projeto, ele dialoga perfeitamente com outros elementos r\u00fasticos, tais como bambu, pedras, plantas, tijolos, tons terrosos e, claro, com a areia, o c\u00e9u e o mar.<\/p>\n<p>\u201c<em>Todos adoraram, tanto os que escolhem o local para eventos, quanto convidados e at\u00e9 mesmo pedestres que passam pela orla e se surpreendem com o visual dessa entrada. Eles param e tiram at\u00e9 fotos<\/em>\u201d, comentam os respons\u00e1veis pelo Ilha de Cocagne.<\/p>\n<p>O produto Pietra Rosso e Paglia foi adquirido na loja parceira <a href=\"https:\/\/www.instagram.com\/japonesapisos.jdesplanada\/\">Japonesa Pisos,<\/a> especializada em pisos e revestimentos de qualidade, no Jardim Esplanada, em S\u00e3o Jos\u00e9 dos Campos\/SP.<\/p>\n<p>&nbsp;<\/p>\n<p><strong>Servi\u00e7o:<\/strong><\/p>\n<p>Espa\u00e7o de eventos Ilha de Cocagne \u2013 Caraguatatuba\/SP<\/p>\n<p>Acesso ao sal\u00e3o de eventos<\/p>\n<p><strong>Produto<\/strong>: Piso Linea Pietra Rosso e Paglia<\/p>\n<p><strong>Projeto e execu\u00e7\u00e3o<\/strong>: Maena Carneiro &#8211; @maenacarneiro<\/p>\n<p><strong>Imagem<\/strong>: Ilha de Cocagne<\/p>\n<p><strong>Revenda do produto<\/strong> @japonesapisos.jdesplanada<\/p>\n","protected":false},"excerpt":{"rendered":"<p>Pietra Rosso e Paglia \u2013 os elementos que surpreendem, em uma pagina\u00e7\u00e3o ousada e diferenciada,<\/p>\n","protected":false},"author":2,"featured_media":2013,"comment_status":"open","ping_status":"open","sticky":false,"template":"","format":"standard","meta":{"footnotes":""},"categories":[59,12,1,21,129],"tags":[39,45],"class_list":["post-2012","post","type-post","status-publish","format-standard","has-post-thumbnail","hentry","category-ceramica","category-colezione-supporto","category-nina-martinelli","category-pisos","category-sustentabilidade","tag-area-externa","tag-ceramica"],"yoast_head":"<!-- This site is optimized with the Yoast SEO plugin v26.8 - https:\/\/yoast.com\/product\/yoast-seo-wordpress\/ -->\n<title>Pietra Rosso e Paglia comp\u00f5em espa\u00e7o \u2018p\u00e9 na areia\u2019 para eventos de sonho em Caraguatatuba<\/title>\n<meta name=\"description\" content=\"Pietra Rosso e Paglia - o mesmo produto, em dois diferentes tons, levaram beleza, rusticidade e charme \u00e0 entrada principal desse lindo espa\u00e7o\" \/>\n<meta name=\"robots\" content=\"index, follow, max-snippet:-1, max-image-preview:large, max-video-preview:-1\" \/>\n<link rel=\"canonical\" href=\"https:\/\/ninamartinelli.com.br\/blog2\/pietra-rosso-e-paglia-compoem-espaco-pe-na-areia-para-eventos-de-sonho-em-caraguatatuba\/\" \/>\n<meta property=\"og:locale\" content=\"pt_BR\" \/>\n<meta property=\"og:type\" content=\"article\" \/>\n<meta property=\"og:title\" content=\"Pietra Rosso e Paglia comp\u00f5em espa\u00e7o \u2018p\u00e9 na areia\u2019 para eventos de sonho em Caraguatatuba\" \/>\n<meta property=\"og:description\" content=\"Pietra Rosso e Paglia - o mesmo produto, em dois diferentes tons, levaram beleza, rusticidade e charme \u00e0 entrada principal desse lindo espa\u00e7o\" \/>\n<meta property=\"og:url\" content=\"https:\/\/ninamartinelli.com.br\/blog2\/pietra-rosso-e-paglia-compoem-espaco-pe-na-areia-para-eventos-de-sonho-em-caraguatatuba\/\" \/>\n<meta property=\"og:site_name\" content=\"Blog Nina\" \/>\n<meta property=\"article:published_time\" content=\"2023-06-14T11:53:33+00:00\" \/>\n<meta property=\"article:modified_time\" content=\"2023-06-14T19:12:06+00:00\" \/>\n<meta property=\"og:image\" content=\"https:\/\/ninamartinelli.com.br\/blog2\/wp-content\/uploads\/2023\/06\/caragua-1.jpg\" \/>\n\t<meta property=\"og:image:width\" content=\"1200\" \/>\n\t<meta property=\"og:image:height\" content=\"1600\" \/>\n\t<meta property=\"og:image:type\" content=\"image\/jpeg\" \/>\n<meta name=\"author\" content=\"Ana Maria Devides\" \/>\n<meta name=\"twitter:card\" content=\"summary_large_image\" \/>\n<meta name=\"twitter:label1\" content=\"Escrito por\" \/>\n\t<meta name=\"twitter:data1\" content=\"Ana Maria Devides\" \/>\n\t<meta name=\"twitter:label2\" content=\"Est. tempo de leitura\" \/>\n\t<meta name=\"twitter:data2\" content=\"3 minutos\" \/>\n<script type=\"application\/ld+json\" class=\"yoast-schema-graph\">{\"@context\":\"https:\/\/schema.org\",\"@graph\":[{\"@type\":\"Article\",\"@id\":\"https:\/\/ninamartinelli.com.br\/blog2\/pietra-rosso-e-paglia-compoem-espaco-pe-na-areia-para-eventos-de-sonho-em-caraguatatuba\/#article\",\"isPartOf\":{\"@id\":\"https:\/\/ninamartinelli.com.br\/blog2\/pietra-rosso-e-paglia-compoem-espaco-pe-na-areia-para-eventos-de-sonho-em-caraguatatuba\/\"},\"author\":{\"name\":\"Ana Maria Devides\",\"@id\":\"https:\/\/ninamartinelli.com.br\/blog2\/#\/schema\/person\/43fbfb1d4cbe3b472995206b2bb06df5\"},\"headline\":\"Pietra Rosso e Paglia comp\u00f5em espa\u00e7o \u2018p\u00e9 na areia\u2019 para eventos de sonho em Caraguatatuba\",\"datePublished\":\"2023-06-14T11:53:33+00:00\",\"dateModified\":\"2023-06-14T19:12:06+00:00\",\"mainEntityOfPage\":{\"@id\":\"https:\/\/ninamartinelli.com.br\/blog2\/pietra-rosso-e-paglia-compoem-espaco-pe-na-areia-para-eventos-de-sonho-em-caraguatatuba\/\"},\"wordCount\":444,\"commentCount\":0,\"publisher\":{\"@id\":\"https:\/\/ninamartinelli.com.br\/blog2\/#organization\"},\"image\":{\"@id\":\"https:\/\/ninamartinelli.com.br\/blog2\/pietra-rosso-e-paglia-compoem-espaco-pe-na-areia-para-eventos-de-sonho-em-caraguatatuba\/#primaryimage\"},\"thumbnailUrl\":\"https:\/\/ninamartinelli.com.br\/blog2\/wp-content\/uploads\/2023\/06\/caragua-1.jpg\",\"keywords\":[\"area externa\",\"ceramica\"],\"articleSection\":[\"Cer\u00e2mica\",\"Colezione Supporto\",\"Nina Martinelli\",\"Pisos\",\"Sustentabilidade\"],\"inLanguage\":\"pt-BR\",\"potentialAction\":[{\"@type\":\"CommentAction\",\"name\":\"Comment\",\"target\":[\"https:\/\/ninamartinelli.com.br\/blog2\/pietra-rosso-e-paglia-compoem-espaco-pe-na-areia-para-eventos-de-sonho-em-caraguatatuba\/#respond\"]}]},{\"@type\":\"WebPage\",\"@id\":\"https:\/\/ninamartinelli.com.br\/blog2\/pietra-rosso-e-paglia-compoem-espaco-pe-na-areia-para-eventos-de-sonho-em-caraguatatuba\/\",\"url\":\"https:\/\/ninamartinelli.com.br\/blog2\/pietra-rosso-e-paglia-compoem-espaco-pe-na-areia-para-eventos-de-sonho-em-caraguatatuba\/\",\"name\":\"Pietra Rosso e Paglia comp\u00f5em espa\u00e7o \u2018p\u00e9 na areia\u2019 para eventos de sonho em Caraguatatuba\",\"isPartOf\":{\"@id\":\"https:\/\/ninamartinelli.com.br\/blog2\/#website\"},\"primaryImageOfPage\":{\"@id\":\"https:\/\/ninamartinelli.com.br\/blog2\/pietra-rosso-e-paglia-compoem-espaco-pe-na-areia-para-eventos-de-sonho-em-caraguatatuba\/#primaryimage\"},\"image\":{\"@id\":\"https:\/\/ninamartinelli.com.br\/blog2\/pietra-rosso-e-paglia-compoem-espaco-pe-na-areia-para-eventos-de-sonho-em-caraguatatuba\/#primaryimage\"},\"thumbnailUrl\":\"https:\/\/ninamartinelli.com.br\/blog2\/wp-content\/uploads\/2023\/06\/caragua-1.jpg\",\"datePublished\":\"2023-06-14T11:53:33+00:00\",\"dateModified\":\"2023-06-14T19:12:06+00:00\",\"description\":\"Pietra Rosso e Paglia - o mesmo produto, em dois diferentes tons, levaram beleza, rusticidade e charme \u00e0 entrada principal desse lindo espa\u00e7o\",\"breadcrumb\":{\"@id\":\"https:\/\/ninamartinelli.com.br\/blog2\/pietra-rosso-e-paglia-compoem-espaco-pe-na-areia-para-eventos-de-sonho-em-caraguatatuba\/#breadcrumb\"},\"inLanguage\":\"pt-BR\",\"potentialAction\":[{\"@type\":\"ReadAction\",\"target\":[\"https:\/\/ninamartinelli.com.br\/blog2\/pietra-rosso-e-paglia-compoem-espaco-pe-na-areia-para-eventos-de-sonho-em-caraguatatuba\/\"]}]},{\"@type\":\"ImageObject\",\"inLanguage\":\"pt-BR\",\"@id\":\"https:\/\/ninamartinelli.com.br\/blog2\/pietra-rosso-e-paglia-compoem-espaco-pe-na-areia-para-eventos-de-sonho-em-caraguatatuba\/#primaryimage\",\"url\":\"https:\/\/ninamartinelli.com.br\/blog2\/wp-content\/uploads\/2023\/06\/caragua-1.jpg\",\"contentUrl\":\"https:\/\/ninamartinelli.com.br\/blog2\/wp-content\/uploads\/2023\/06\/caragua-1.jpg\",\"width\":1200,\"height\":1600},{\"@type\":\"BreadcrumbList\",\"@id\":\"https:\/\/ninamartinelli.com.br\/blog2\/pietra-rosso-e-paglia-compoem-espaco-pe-na-areia-para-eventos-de-sonho-em-caraguatatuba\/#breadcrumb\",\"itemListElement\":[{\"@type\":\"ListItem\",\"position\":1,\"name\":\"In\u00edcio\",\"item\":\"https:\/\/ninamartinelli.com.br\/blog2\/\"},{\"@type\":\"ListItem\",\"position\":2,\"name\":\"Pietra Rosso e Paglia comp\u00f5em espa\u00e7o \u2018p\u00e9 na areia\u2019 para eventos de sonho em Caraguatatuba\"}]},{\"@type\":\"WebSite\",\"@id\":\"https:\/\/ninamartinelli.com.br\/blog2\/#website\",\"url\":\"https:\/\/ninamartinelli.com.br\/blog2\/\",\"name\":\"Nina Martinelli\",\"description\":\"#Nina_Martinelli\",\"publisher\":{\"@id\":\"https:\/\/ninamartinelli.com.br\/blog2\/#organization\"},\"potentialAction\":[{\"@type\":\"SearchAction\",\"target\":{\"@type\":\"EntryPoint\",\"urlTemplate\":\"https:\/\/ninamartinelli.com.br\/blog2\/?s={search_term_string}\"},\"query-input\":{\"@type\":\"PropertyValueSpecification\",\"valueRequired\":true,\"valueName\":\"search_term_string\"}}],\"inLanguage\":\"pt-BR\"},{\"@type\":\"Organization\",\"@id\":\"https:\/\/ninamartinelli.com.br\/blog2\/#organization\",\"name\":\"Blog Novidades\",\"url\":\"https:\/\/ninamartinelli.com.br\/blog2\/\",\"logo\":{\"@type\":\"ImageObject\",\"inLanguage\":\"pt-BR\",\"@id\":\"https:\/\/ninamartinelli.com.br\/blog2\/#\/schema\/logo\/image\/\",\"url\":\"http:\/\/blog.ninamartinelli.com.br\/wp-content\/uploads\/2022\/03\/logo_nina_blog.png\",\"contentUrl\":\"http:\/\/blog.ninamartinelli.com.br\/wp-content\/uploads\/2022\/03\/logo_nina_blog.png\",\"width\":500,\"height\":104,\"caption\":\"Blog Novidades\"},\"image\":{\"@id\":\"https:\/\/ninamartinelli.com.br\/blog2\/#\/schema\/logo\/image\/\"}},{\"@type\":\"Person\",\"@id\":\"https:\/\/ninamartinelli.com.br\/blog2\/#\/schema\/person\/43fbfb1d4cbe3b472995206b2bb06df5\",\"name\":\"Ana Maria Devides\",\"image\":{\"@type\":\"ImageObject\",\"inLanguage\":\"pt-BR\",\"@id\":\"https:\/\/ninamartinelli.com.br\/blog2\/#\/schema\/person\/image\/\",\"url\":\"https:\/\/secure.gravatar.com\/avatar\/a03a82675d8bb3da8e5c5a6872db97be?s=96&d=mm&r=g\",\"contentUrl\":\"https:\/\/secure.gravatar.com\/avatar\/a03a82675d8bb3da8e5c5a6872db97be?s=96&d=mm&r=g\",\"caption\":\"Ana Maria Devides\"},\"url\":\"https:\/\/ninamartinelli.com.br\/blog2\/author\/assessoria-nina-martinelli\/\"}]}<\/script>\n<!-- \/ Yoast SEO plugin. -->","yoast_head_json":{"title":"Pietra Rosso e Paglia comp\u00f5em espa\u00e7o \u2018p\u00e9 na areia\u2019 para eventos de sonho em Caraguatatuba","description":"Pietra Rosso e Paglia - o mesmo produto, em dois diferentes tons, levaram beleza, rusticidade e charme \u00e0 entrada principal desse lindo espa\u00e7o","robots":{"index":"index","follow":"follow","max-snippet":"max-snippet:-1","max-image-preview":"max-image-preview:large","max-video-preview":"max-video-preview:-1"},"canonical":"https:\/\/ninamartinelli.com.br\/blog2\/pietra-rosso-e-paglia-compoem-espaco-pe-na-areia-para-eventos-de-sonho-em-caraguatatuba\/","og_locale":"pt_BR","og_type":"article","og_title":"Pietra Rosso e Paglia comp\u00f5em espa\u00e7o \u2018p\u00e9 na areia\u2019 para eventos de sonho em Caraguatatuba","og_description":"Pietra Rosso e Paglia - o mesmo produto, em dois diferentes tons, levaram beleza, rusticidade e charme \u00e0 entrada principal desse lindo espa\u00e7o","og_url":"https:\/\/ninamartinelli.com.br\/blog2\/pietra-rosso-e-paglia-compoem-espaco-pe-na-areia-para-eventos-de-sonho-em-caraguatatuba\/","og_site_name":"Blog Nina","article_published_time":"2023-06-14T11:53:33+00:00","article_modified_time":"2023-06-14T19:12:06+00:00","og_image":[{"width":1200,"height":1600,"url":"https:\/\/ninamartinelli.com.br\/blog2\/wp-content\/uploads\/2023\/06\/caragua-1.jpg","type":"image\/jpeg"}],"author":"Ana Maria Devides","twitter_card":"summary_large_image","twitter_misc":{"Escrito por":"Ana Maria Devides","Est. tempo de leitura":"3 minutos"},"schema":{"@context":"https:\/\/schema.org","@graph":[{"@type":"Article","@id":"https:\/\/ninamartinelli.com.br\/blog2\/pietra-rosso-e-paglia-compoem-espaco-pe-na-areia-para-eventos-de-sonho-em-caraguatatuba\/#article","isPartOf":{"@id":"https:\/\/ninamartinelli.com.br\/blog2\/pietra-rosso-e-paglia-compoem-espaco-pe-na-areia-para-eventos-de-sonho-em-caraguatatuba\/"},"author":{"name":"Ana Maria Devides","@id":"https:\/\/ninamartinelli.com.br\/blog2\/#\/schema\/person\/43fbfb1d4cbe3b472995206b2bb06df5"},"headline":"Pietra Rosso e Paglia comp\u00f5em espa\u00e7o \u2018p\u00e9 na areia\u2019 para eventos de sonho em Caraguatatuba","datePublished":"2023-06-14T11:53:33+00:00","dateModified":"2023-06-14T19:12:06+00:00","mainEntityOfPage":{"@id":"https:\/\/ninamartinelli.com.br\/blog2\/pietra-rosso-e-paglia-compoem-espaco-pe-na-areia-para-eventos-de-sonho-em-caraguatatuba\/"},"wordCount":444,"commentCount":0,"publisher":{"@id":"https:\/\/ninamartinelli.com.br\/blog2\/#organization"},"image":{"@id":"https:\/\/ninamartinelli.com.br\/blog2\/pietra-rosso-e-paglia-compoem-espaco-pe-na-areia-para-eventos-de-sonho-em-caraguatatuba\/#primaryimage"},"thumbnailUrl":"https:\/\/ninamartinelli.com.br\/blog2\/wp-content\/uploads\/2023\/06\/caragua-1.jpg","keywords":["area externa","ceramica"],"articleSection":["Cer\u00e2mica","Colezione Supporto","Nina Martinelli","Pisos","Sustentabilidade"],"inLanguage":"pt-BR","potentialAction":[{"@type":"CommentAction","name":"Comment","target":["https:\/\/ninamartinelli.com.br\/blog2\/pietra-rosso-e-paglia-compoem-espaco-pe-na-areia-para-eventos-de-sonho-em-caraguatatuba\/#respond"]}]},{"@type":"WebPage","@id":"https:\/\/ninamartinelli.com.br\/blog2\/pietra-rosso-e-paglia-compoem-espaco-pe-na-areia-para-eventos-de-sonho-em-caraguatatuba\/","url":"https:\/\/ninamartinelli.com.br\/blog2\/pietra-rosso-e-paglia-compoem-espaco-pe-na-areia-para-eventos-de-sonho-em-caraguatatuba\/","name":"Pietra Rosso e Paglia comp\u00f5em espa\u00e7o \u2018p\u00e9 na areia\u2019 para eventos de sonho em Caraguatatuba","isPartOf":{"@id":"https:\/\/ninamartinelli.com.br\/blog2\/#website"},"primaryImageOfPage":{"@id":"https:\/\/ninamartinelli.com.br\/blog2\/pietra-rosso-e-paglia-compoem-espaco-pe-na-areia-para-eventos-de-sonho-em-caraguatatuba\/#primaryimage"},"image":{"@id":"https:\/\/ninamartinelli.com.br\/blog2\/pietra-rosso-e-paglia-compoem-espaco-pe-na-areia-para-eventos-de-sonho-em-caraguatatuba\/#primaryimage"},"thumbnailUrl":"https:\/\/ninamartinelli.com.br\/blog2\/wp-content\/uploads\/2023\/06\/caragua-1.jpg","datePublished":"2023-06-14T11:53:33+00:00","dateModified":"2023-06-14T19:12:06+00:00","description":"Pietra Rosso e Paglia - o mesmo produto, em dois diferentes tons, levaram beleza, rusticidade e charme \u00e0 entrada principal desse lindo espa\u00e7o","breadcrumb":{"@id":"https:\/\/ninamartinelli.com.br\/blog2\/pietra-rosso-e-paglia-compoem-espaco-pe-na-areia-para-eventos-de-sonho-em-caraguatatuba\/#breadcrumb"},"inLanguage":"pt-BR","potentialAction":[{"@type":"ReadAction","target":["https:\/\/ninamartinelli.com.br\/blog2\/pietra-rosso-e-paglia-compoem-espaco-pe-na-areia-para-eventos-de-sonho-em-caraguatatuba\/"]}]},{"@type":"ImageObject","inLanguage":"pt-BR","@id":"https:\/\/ninamartinelli.com.br\/blog2\/pietra-rosso-e-paglia-compoem-espaco-pe-na-areia-para-eventos-de-sonho-em-caraguatatuba\/#primaryimage","url":"https:\/\/ninamartinelli.com.br\/blog2\/wp-content\/uploads\/2023\/06\/caragua-1.jpg","contentUrl":"https:\/\/ninamartinelli.com.br\/blog2\/wp-content\/uploads\/2023\/06\/caragua-1.jpg","width":1200,"height":1600},{"@type":"BreadcrumbList","@id":"https:\/\/ninamartinelli.com.br\/blog2\/pietra-rosso-e-paglia-compoem-espaco-pe-na-areia-para-eventos-de-sonho-em-caraguatatuba\/#breadcrumb","itemListElement":[{"@type":"ListItem","position":1,"name":"In\u00edcio","item":"https:\/\/ninamartinelli.com.br\/blog2\/"},{"@type":"ListItem","position":2,"name":"Pietra Rosso e Paglia comp\u00f5em espa\u00e7o \u2018p\u00e9 na areia\u2019 para eventos de sonho em Caraguatatuba"}]},{"@type":"WebSite","@id":"https:\/\/ninamartinelli.com.br\/blog2\/#website","url":"https:\/\/ninamartinelli.com.br\/blog2\/","name":"Nina Martinelli","description":"#Nina_Martinelli","publisher":{"@id":"https:\/\/ninamartinelli.com.br\/blog2\/#organization"},"potentialAction":[{"@type":"SearchAction","target":{"@type":"EntryPoint","urlTemplate":"https:\/\/ninamartinelli.com.br\/blog2\/?s={search_term_string}"},"query-input":{"@type":"PropertyValueSpecification","valueRequired":true,"valueName":"search_term_string"}}],"inLanguage":"pt-BR"},{"@type":"Organization","@id":"https:\/\/ninamartinelli.com.br\/blog2\/#organization","name":"Blog Novidades","url":"https:\/\/ninamartinelli.com.br\/blog2\/","logo":{"@type":"ImageObject","inLanguage":"pt-BR","@id":"https:\/\/ninamartinelli.com.br\/blog2\/#\/schema\/logo\/image\/","url":"http:\/\/blog.ninamartinelli.com.br\/wp-content\/uploads\/2022\/03\/logo_nina_blog.png","contentUrl":"http:\/\/blog.ninamartinelli.com.br\/wp-content\/uploads\/2022\/03\/logo_nina_blog.png","width":500,"height":104,"caption":"Blog Novidades"},"image":{"@id":"https:\/\/ninamartinelli.com.br\/blog2\/#\/schema\/logo\/image\/"}},{"@type":"Person","@id":"https:\/\/ninamartinelli.com.br\/blog2\/#\/schema\/person\/43fbfb1d4cbe3b472995206b2bb06df5","name":"Ana Maria Devides","image":{"@type":"ImageObject","inLanguage":"pt-BR","@id":"https:\/\/ninamartinelli.com.br\/blog2\/#\/schema\/person\/image\/","url":"https:\/\/secure.gravatar.com\/avatar\/a03a82675d8bb3da8e5c5a6872db97be?s=96&d=mm&r=g","contentUrl":"https:\/\/secure.gravatar.com\/avatar\/a03a82675d8bb3da8e5c5a6872db97be?s=96&d=mm&r=g","caption":"Ana Maria Devides"},"url":"https:\/\/ninamartinelli.com.br\/blog2\/author\/assessoria-nina-martinelli\/"}]}},"_links":{"self":[{"href":"https:\/\/ninamartinelli.com.br\/blog2\/wp-json\/wp\/v2\/posts\/2012","targetHints":{"allow":["GET"]}}],"collection":[{"href":"https:\/\/ninamartinelli.com.br\/blog2\/wp-json\/wp\/v2\/posts"}],"about":[{"href":"https:\/\/ninamartinelli.com.br\/blog2\/wp-json\/wp\/v2\/types\/post"}],"author":[{"embeddable":true,"href":"https:\/\/ninamartinelli.com.br\/blog2\/wp-json\/wp\/v2\/users\/2"}],"replies":[{"embeddable":true,"href":"https:\/\/ninamartinelli.com.br\/blog2\/wp-json\/wp\/v2\/comments?post=2012"}],"version-history":[{"count":4,"href":"https:\/\/ninamartinelli.com.br\/blog2\/wp-json\/wp\/v2\/posts\/2012\/revisions"}],"predecessor-version":[{"id":2018,"href":"https:\/\/ninamartinelli.com.br\/blog2\/wp-json\/wp\/v2\/posts\/2012\/revisions\/2018"}],"wp:featuredmedia":[{"embeddable":true,"href":"https:\/\/ninamartinelli.com.br\/blog2\/wp-json\/wp\/v2\/media\/2013"}],"wp:attachment":[{"href":"https:\/\/ninamartinelli.com.br\/blog2\/wp-json\/wp\/v2\/media?parent=2012"}],"wp:term":[{"taxonomy":"category","embeddable":true,"href":"https:\/\/ninamartinelli.com.br\/blog2\/wp-json\/wp\/v2\/categories?post=2012"},{"taxonomy":"post_tag","embeddable":true,"href":"https:\/\/ninamartinelli.com.br\/blog2\/wp-json\/wp\/v2\/tags?post=2012"}],"curies":[{"name":"wp","href":"https:\/\/api.w.org\/{rel}","templated":true}]}}