{"id":2006,"date":"2023-06-07T09:01:32","date_gmt":"2023-06-07T12:01:32","guid":{"rendered":"https:\/\/ninamartinelli.com.br\/blog2\/?p=2006"},"modified":"2023-06-07T09:01:32","modified_gmt":"2023-06-07T12:01:32","slug":"brick-vecchio-mescolare-traz-aspecto-industrial-e-personalidade-a-academia-no-interior-de-sp","status":"publish","type":"post","link":"https:\/\/ninamartinelli.com.br\/blog2\/brick-vecchio-mescolare-traz-aspecto-industrial-e-personalidade-a-academia-no-interior-de-sp\/","title":{"rendered":"Brick Vecchio Mescolare traz aspecto industrial e personalidade a academia no interior de SP"},"content":{"rendered":"<p>Brick Vecchio Mescolare \u2013 Um prestigiado personal trainer do interior de S\u00e3o Paulo planejava, h\u00e1 cerca de 10 anos, expandir o espa\u00e7o e dar mais conforto para o atendimento de uma demanda crescente de alunos.<\/p>\n<p>Ele entregou ao escrit\u00f3rio <a href=\"https:\/\/www.instagram.com\/art.base_arquitetura\/\">Art.Base Aquitetura<\/a> e Constru\u00e7\u00e3o a tarefa para projetar a amplia\u00e7\u00e3o do espa\u00e7o, transformando-o numa confort\u00e1vel academia, com estilo arquitet\u00f4nico bem definido.<\/p>\n<p>Numa \u00e1rea de aproximadamente 600m\u00b2 e 250m\u00b2 de \u00e1rea constru\u00edda, numa das principais avenidas de Tamba\u00fa\/SP, o espa\u00e7o foi projetado com estilo industrial e o projeto tirou partido de uma bela escada, localizada num ponto estrat\u00e9gico, para funcionar como ponto focal de efeito visual do ambiente.<\/p>\n<p>E foi na parede junto da qual est\u00e1 localizada essa escada que liga tr\u00eas ambientes da academia, que o escrit\u00f3rio especificou o Brick Vecchio Mescolare da Nina Martinelli Pisos e Revestimentos.<\/p>\n<p>Medindo 7x24cm, integrante da Colezione Brick, que tem dezenas de diferentes modelos, o Brick Vecchio Mescolare leva material reciclado em sua composi\u00e7\u00e3o e ganha caracter\u00edsticas muito particulares durante a queima, adquirindo uma charmosa varia\u00e7\u00e3o de tons escuros, que v\u00e3o do marrom bem ao avermelhado, com algumas pe\u00e7as chegando pr\u00f3ximo do tom natural da cer\u00e2mica envelhecida.<\/p>\n<p><img loading=\"lazy\" decoding=\"async\" class=\"wp-image-2009 alignleft\" src=\"https:\/\/ninamartinelli.com.br\/blog2\/wp-content\/uploads\/2023\/06\/academia5-300x169.jpeg\" alt=\"\" width=\"447\" height=\"252\" srcset=\"https:\/\/ninamartinelli.com.br\/blog2\/wp-content\/uploads\/2023\/06\/academia5-300x169.jpeg 300w, https:\/\/ninamartinelli.com.br\/blog2\/wp-content\/uploads\/2023\/06\/academia5-1024x577.jpeg 1024w, https:\/\/ninamartinelli.com.br\/blog2\/wp-content\/uploads\/2023\/06\/academia5-768x432.jpeg 768w, https:\/\/ninamartinelli.com.br\/blog2\/wp-content\/uploads\/2023\/06\/academia5-1536x865.jpeg 1536w, https:\/\/ninamartinelli.com.br\/blog2\/wp-content\/uploads\/2023\/06\/academia5.jpeg 1600w\" sizes=\"auto, (max-width: 447px) 100vw, 447px\" \/><\/p>\n<p>\u201cPela sua tonalidade escura ele formou uma \u00f3tima composi\u00e7\u00e3o com a estrutura met\u00e1lica da escada, com o jardim, trazendo o verde da natureza para o espa\u00e7o, e, tamb\u00e9m, com os pontos de ilumina\u00e7\u00e3o\u201d, explica o escrit\u00f3rio. Foram utilizados no local 65m\u00b2 do produto, em pagina\u00e7\u00e3o de amarra\u00e7\u00e3o.<\/p>\n<h4>Veja mais projetos com este produto clicando <a href=\"https:\/\/ninamartinelli.com.br\/blog2\/estilo-industrial-mas-com-o-aconchego-garantido-pelo-tijolinho-a-vista\/\">aqui<\/a><\/h4>\n<p>O resultado agradou a todos, segundo o escrit\u00f3rio. \u201c<em>Inclusive aos alunos que tamb\u00e9m comentam o qu\u00e3o bonito \u00e9 o produto e como combinou com o espa\u00e7o<\/em>\u201d, complementam os profissionais de arquitetura e designer respons\u00e1veis.<\/p>\n<p><strong>Servi\u00e7o<\/strong><\/p>\n<p><strong>Amplia\u00e7\u00e3o de espa\u00e7o para academia fitness \u2013 Tamba\u00fa\/SP<\/strong><\/p>\n<p><strong>Produto<\/strong> \u2013 Brick Vecchio Mescolare 7x24cm<\/p>\n<p><strong>Projeto e fotos<\/strong> &#8211; Art.Base Arquitetura e Constru\u00e7\u00e3o<\/p>\n<p>Tamba\u00fa \u2013 S\u00e3o Paulo<\/p>\n<p><strong>Cel.<\/strong>: (19) 997026970<\/p>\n<p><strong>Instagram<\/strong>: @art.base_arquitetura<\/p>\n<p>&nbsp;<\/p>\n","protected":false},"excerpt":{"rendered":"<p>Brick Vecchio Mescolare \u2013 Um prestigiado personal trainer do interior de S\u00e3o Paulo planejava, h\u00e1<\/p>\n","protected":false},"author":2,"featured_media":2007,"comment_status":"open","ping_status":"open","sticky":false,"template":"","format":"standard","meta":{"footnotes":""},"categories":[16,26,129],"tags":[40,36,45,63],"class_list":["post-2006","post","type-post","status-publish","format-standard","has-post-thumbnail","hentry","category-colezione-brick","category-revestimentos","category-sustentabilidade","tag-area-interna","tag-brick","tag-ceramica","tag-tijolinho"],"yoast_head":"<!-- This site is optimized with the Yoast SEO plugin v26.8 - https:\/\/yoast.com\/product\/yoast-seo-wordpress\/ -->\n<title>Brick Vecchio Mescolare traz aspecto industrial e personalidade a academia no interior de SP<\/title>\n<meta name=\"description\" content=\"O Brick Vecchio Mescolare foi aplicado na parede atr\u00e1s de uma escada met\u00e1lica, que une ambientes e ajuda a formar um ponto focal de impacto\" \/>\n<meta name=\"robots\" content=\"index, follow, max-snippet:-1, max-image-preview:large, max-video-preview:-1\" \/>\n<link rel=\"canonical\" href=\"https:\/\/ninamartinelli.com.br\/blog2\/brick-vecchio-mescolare-traz-aspecto-industrial-e-personalidade-a-academia-no-interior-de-sp\/\" \/>\n<meta property=\"og:locale\" content=\"pt_BR\" \/>\n<meta property=\"og:type\" content=\"article\" \/>\n<meta property=\"og:title\" content=\"Brick Vecchio Mescolare traz aspecto industrial e personalidade a academia no interior de SP\" \/>\n<meta property=\"og:description\" content=\"O Brick Vecchio Mescolare foi aplicado na parede atr\u00e1s de uma escada met\u00e1lica, que une ambientes e ajuda a formar um ponto focal de impacto\" \/>\n<meta property=\"og:url\" content=\"https:\/\/ninamartinelli.com.br\/blog2\/brick-vecchio-mescolare-traz-aspecto-industrial-e-personalidade-a-academia-no-interior-de-sp\/\" \/>\n<meta property=\"og:site_name\" content=\"Blog Nina\" \/>\n<meta property=\"article:published_time\" content=\"2023-06-07T12:01:32+00:00\" \/>\n<meta property=\"og:image\" content=\"https:\/\/ninamartinelli.com.br\/blog2\/wp-content\/uploads\/2023\/06\/academia2-scaled.jpg\" \/>\n\t<meta property=\"og:image:width\" content=\"1920\" \/>\n\t<meta property=\"og:image:height\" content=\"2560\" \/>\n\t<meta property=\"og:image:type\" content=\"image\/jpeg\" \/>\n<meta name=\"author\" content=\"Ana Maria Devides\" \/>\n<meta name=\"twitter:card\" content=\"summary_large_image\" \/>\n<meta name=\"twitter:label1\" content=\"Escrito por\" \/>\n\t<meta name=\"twitter:data1\" content=\"Ana Maria Devides\" \/>\n\t<meta name=\"twitter:label2\" content=\"Est. tempo de leitura\" \/>\n\t<meta name=\"twitter:data2\" content=\"2 minutos\" \/>\n<script type=\"application\/ld+json\" class=\"yoast-schema-graph\">{\"@context\":\"https:\/\/schema.org\",\"@graph\":[{\"@type\":\"Article\",\"@id\":\"https:\/\/ninamartinelli.com.br\/blog2\/brick-vecchio-mescolare-traz-aspecto-industrial-e-personalidade-a-academia-no-interior-de-sp\/#article\",\"isPartOf\":{\"@id\":\"https:\/\/ninamartinelli.com.br\/blog2\/brick-vecchio-mescolare-traz-aspecto-industrial-e-personalidade-a-academia-no-interior-de-sp\/\"},\"author\":{\"name\":\"Ana Maria Devides\",\"@id\":\"https:\/\/ninamartinelli.com.br\/blog2\/#\/schema\/person\/43fbfb1d4cbe3b472995206b2bb06df5\"},\"headline\":\"Brick Vecchio Mescolare traz aspecto industrial e personalidade a academia no interior de SP\",\"datePublished\":\"2023-06-07T12:01:32+00:00\",\"mainEntityOfPage\":{\"@id\":\"https:\/\/ninamartinelli.com.br\/blog2\/brick-vecchio-mescolare-traz-aspecto-industrial-e-personalidade-a-academia-no-interior-de-sp\/\"},\"wordCount\":366,\"commentCount\":0,\"publisher\":{\"@id\":\"https:\/\/ninamartinelli.com.br\/blog2\/#organization\"},\"image\":{\"@id\":\"https:\/\/ninamartinelli.com.br\/blog2\/brick-vecchio-mescolare-traz-aspecto-industrial-e-personalidade-a-academia-no-interior-de-sp\/#primaryimage\"},\"thumbnailUrl\":\"https:\/\/ninamartinelli.com.br\/blog2\/wp-content\/uploads\/2023\/06\/academia2-scaled.jpg\",\"keywords\":[\"area interna\",\"brick\",\"ceramica\",\"tijolinho\"],\"articleSection\":[\"Colezione Brick\",\"Revestimentos\",\"Sustentabilidade\"],\"inLanguage\":\"pt-BR\",\"potentialAction\":[{\"@type\":\"CommentAction\",\"name\":\"Comment\",\"target\":[\"https:\/\/ninamartinelli.com.br\/blog2\/brick-vecchio-mescolare-traz-aspecto-industrial-e-personalidade-a-academia-no-interior-de-sp\/#respond\"]}]},{\"@type\":\"WebPage\",\"@id\":\"https:\/\/ninamartinelli.com.br\/blog2\/brick-vecchio-mescolare-traz-aspecto-industrial-e-personalidade-a-academia-no-interior-de-sp\/\",\"url\":\"https:\/\/ninamartinelli.com.br\/blog2\/brick-vecchio-mescolare-traz-aspecto-industrial-e-personalidade-a-academia-no-interior-de-sp\/\",\"name\":\"Brick Vecchio Mescolare traz aspecto industrial e personalidade a academia no interior de SP\",\"isPartOf\":{\"@id\":\"https:\/\/ninamartinelli.com.br\/blog2\/#website\"},\"primaryImageOfPage\":{\"@id\":\"https:\/\/ninamartinelli.com.br\/blog2\/brick-vecchio-mescolare-traz-aspecto-industrial-e-personalidade-a-academia-no-interior-de-sp\/#primaryimage\"},\"image\":{\"@id\":\"https:\/\/ninamartinelli.com.br\/blog2\/brick-vecchio-mescolare-traz-aspecto-industrial-e-personalidade-a-academia-no-interior-de-sp\/#primaryimage\"},\"thumbnailUrl\":\"https:\/\/ninamartinelli.com.br\/blog2\/wp-content\/uploads\/2023\/06\/academia2-scaled.jpg\",\"datePublished\":\"2023-06-07T12:01:32+00:00\",\"description\":\"O Brick Vecchio Mescolare foi aplicado na parede atr\u00e1s de uma escada met\u00e1lica, que une ambientes e ajuda a formar um ponto focal de impacto\",\"breadcrumb\":{\"@id\":\"https:\/\/ninamartinelli.com.br\/blog2\/brick-vecchio-mescolare-traz-aspecto-industrial-e-personalidade-a-academia-no-interior-de-sp\/#breadcrumb\"},\"inLanguage\":\"pt-BR\",\"potentialAction\":[{\"@type\":\"ReadAction\",\"target\":[\"https:\/\/ninamartinelli.com.br\/blog2\/brick-vecchio-mescolare-traz-aspecto-industrial-e-personalidade-a-academia-no-interior-de-sp\/\"]}]},{\"@type\":\"ImageObject\",\"inLanguage\":\"pt-BR\",\"@id\":\"https:\/\/ninamartinelli.com.br\/blog2\/brick-vecchio-mescolare-traz-aspecto-industrial-e-personalidade-a-academia-no-interior-de-sp\/#primaryimage\",\"url\":\"https:\/\/ninamartinelli.com.br\/blog2\/wp-content\/uploads\/2023\/06\/academia2-scaled.jpg\",\"contentUrl\":\"https:\/\/ninamartinelli.com.br\/blog2\/wp-content\/uploads\/2023\/06\/academia2-scaled.jpg\",\"width\":1920,\"height\":2560},{\"@type\":\"BreadcrumbList\",\"@id\":\"https:\/\/ninamartinelli.com.br\/blog2\/brick-vecchio-mescolare-traz-aspecto-industrial-e-personalidade-a-academia-no-interior-de-sp\/#breadcrumb\",\"itemListElement\":[{\"@type\":\"ListItem\",\"position\":1,\"name\":\"In\u00edcio\",\"item\":\"https:\/\/ninamartinelli.com.br\/blog2\/\"},{\"@type\":\"ListItem\",\"position\":2,\"name\":\"Brick Vecchio Mescolare traz aspecto industrial e personalidade a academia no interior de SP\"}]},{\"@type\":\"WebSite\",\"@id\":\"https:\/\/ninamartinelli.com.br\/blog2\/#website\",\"url\":\"https:\/\/ninamartinelli.com.br\/blog2\/\",\"name\":\"Nina Martinelli\",\"description\":\"#Nina_Martinelli\",\"publisher\":{\"@id\":\"https:\/\/ninamartinelli.com.br\/blog2\/#organization\"},\"potentialAction\":[{\"@type\":\"SearchAction\",\"target\":{\"@type\":\"EntryPoint\",\"urlTemplate\":\"https:\/\/ninamartinelli.com.br\/blog2\/?s={search_term_string}\"},\"query-input\":{\"@type\":\"PropertyValueSpecification\",\"valueRequired\":true,\"valueName\":\"search_term_string\"}}],\"inLanguage\":\"pt-BR\"},{\"@type\":\"Organization\",\"@id\":\"https:\/\/ninamartinelli.com.br\/blog2\/#organization\",\"name\":\"Blog Novidades\",\"url\":\"https:\/\/ninamartinelli.com.br\/blog2\/\",\"logo\":{\"@type\":\"ImageObject\",\"inLanguage\":\"pt-BR\",\"@id\":\"https:\/\/ninamartinelli.com.br\/blog2\/#\/schema\/logo\/image\/\",\"url\":\"http:\/\/blog.ninamartinelli.com.br\/wp-content\/uploads\/2022\/03\/logo_nina_blog.png\",\"contentUrl\":\"http:\/\/blog.ninamartinelli.com.br\/wp-content\/uploads\/2022\/03\/logo_nina_blog.png\",\"width\":500,\"height\":104,\"caption\":\"Blog Novidades\"},\"image\":{\"@id\":\"https:\/\/ninamartinelli.com.br\/blog2\/#\/schema\/logo\/image\/\"}},{\"@type\":\"Person\",\"@id\":\"https:\/\/ninamartinelli.com.br\/blog2\/#\/schema\/person\/43fbfb1d4cbe3b472995206b2bb06df5\",\"name\":\"Ana Maria Devides\",\"image\":{\"@type\":\"ImageObject\",\"inLanguage\":\"pt-BR\",\"@id\":\"https:\/\/ninamartinelli.com.br\/blog2\/#\/schema\/person\/image\/\",\"url\":\"https:\/\/secure.gravatar.com\/avatar\/a03a82675d8bb3da8e5c5a6872db97be?s=96&d=mm&r=g\",\"contentUrl\":\"https:\/\/secure.gravatar.com\/avatar\/a03a82675d8bb3da8e5c5a6872db97be?s=96&d=mm&r=g\",\"caption\":\"Ana Maria Devides\"},\"url\":\"https:\/\/ninamartinelli.com.br\/blog2\/author\/assessoria-nina-martinelli\/\"}]}<\/script>\n<!-- \/ Yoast SEO plugin. -->","yoast_head_json":{"title":"Brick Vecchio Mescolare traz aspecto industrial e personalidade a academia no interior de SP","description":"O Brick Vecchio Mescolare foi aplicado na parede atr\u00e1s de uma escada met\u00e1lica, que une ambientes e ajuda a formar um ponto focal de impacto","robots":{"index":"index","follow":"follow","max-snippet":"max-snippet:-1","max-image-preview":"max-image-preview:large","max-video-preview":"max-video-preview:-1"},"canonical":"https:\/\/ninamartinelli.com.br\/blog2\/brick-vecchio-mescolare-traz-aspecto-industrial-e-personalidade-a-academia-no-interior-de-sp\/","og_locale":"pt_BR","og_type":"article","og_title":"Brick Vecchio Mescolare traz aspecto industrial e personalidade a academia no interior de SP","og_description":"O Brick Vecchio Mescolare foi aplicado na parede atr\u00e1s de uma escada met\u00e1lica, que une ambientes e ajuda a formar um ponto focal de impacto","og_url":"https:\/\/ninamartinelli.com.br\/blog2\/brick-vecchio-mescolare-traz-aspecto-industrial-e-personalidade-a-academia-no-interior-de-sp\/","og_site_name":"Blog Nina","article_published_time":"2023-06-07T12:01:32+00:00","og_image":[{"width":1920,"height":2560,"url":"https:\/\/ninamartinelli.com.br\/blog2\/wp-content\/uploads\/2023\/06\/academia2-scaled.jpg","type":"image\/jpeg"}],"author":"Ana Maria Devides","twitter_card":"summary_large_image","twitter_misc":{"Escrito por":"Ana Maria Devides","Est. tempo de leitura":"2 minutos"},"schema":{"@context":"https:\/\/schema.org","@graph":[{"@type":"Article","@id":"https:\/\/ninamartinelli.com.br\/blog2\/brick-vecchio-mescolare-traz-aspecto-industrial-e-personalidade-a-academia-no-interior-de-sp\/#article","isPartOf":{"@id":"https:\/\/ninamartinelli.com.br\/blog2\/brick-vecchio-mescolare-traz-aspecto-industrial-e-personalidade-a-academia-no-interior-de-sp\/"},"author":{"name":"Ana Maria Devides","@id":"https:\/\/ninamartinelli.com.br\/blog2\/#\/schema\/person\/43fbfb1d4cbe3b472995206b2bb06df5"},"headline":"Brick Vecchio Mescolare traz aspecto industrial e personalidade a academia no interior de SP","datePublished":"2023-06-07T12:01:32+00:00","mainEntityOfPage":{"@id":"https:\/\/ninamartinelli.com.br\/blog2\/brick-vecchio-mescolare-traz-aspecto-industrial-e-personalidade-a-academia-no-interior-de-sp\/"},"wordCount":366,"commentCount":0,"publisher":{"@id":"https:\/\/ninamartinelli.com.br\/blog2\/#organization"},"image":{"@id":"https:\/\/ninamartinelli.com.br\/blog2\/brick-vecchio-mescolare-traz-aspecto-industrial-e-personalidade-a-academia-no-interior-de-sp\/#primaryimage"},"thumbnailUrl":"https:\/\/ninamartinelli.com.br\/blog2\/wp-content\/uploads\/2023\/06\/academia2-scaled.jpg","keywords":["area interna","brick","ceramica","tijolinho"],"articleSection":["Colezione Brick","Revestimentos","Sustentabilidade"],"inLanguage":"pt-BR","potentialAction":[{"@type":"CommentAction","name":"Comment","target":["https:\/\/ninamartinelli.com.br\/blog2\/brick-vecchio-mescolare-traz-aspecto-industrial-e-personalidade-a-academia-no-interior-de-sp\/#respond"]}]},{"@type":"WebPage","@id":"https:\/\/ninamartinelli.com.br\/blog2\/brick-vecchio-mescolare-traz-aspecto-industrial-e-personalidade-a-academia-no-interior-de-sp\/","url":"https:\/\/ninamartinelli.com.br\/blog2\/brick-vecchio-mescolare-traz-aspecto-industrial-e-personalidade-a-academia-no-interior-de-sp\/","name":"Brick Vecchio Mescolare traz aspecto industrial e personalidade a academia no interior de SP","isPartOf":{"@id":"https:\/\/ninamartinelli.com.br\/blog2\/#website"},"primaryImageOfPage":{"@id":"https:\/\/ninamartinelli.com.br\/blog2\/brick-vecchio-mescolare-traz-aspecto-industrial-e-personalidade-a-academia-no-interior-de-sp\/#primaryimage"},"image":{"@id":"https:\/\/ninamartinelli.com.br\/blog2\/brick-vecchio-mescolare-traz-aspecto-industrial-e-personalidade-a-academia-no-interior-de-sp\/#primaryimage"},"thumbnailUrl":"https:\/\/ninamartinelli.com.br\/blog2\/wp-content\/uploads\/2023\/06\/academia2-scaled.jpg","datePublished":"2023-06-07T12:01:32+00:00","description":"O Brick Vecchio Mescolare foi aplicado na parede atr\u00e1s de uma escada met\u00e1lica, que une ambientes e ajuda a formar um ponto focal de impacto","breadcrumb":{"@id":"https:\/\/ninamartinelli.com.br\/blog2\/brick-vecchio-mescolare-traz-aspecto-industrial-e-personalidade-a-academia-no-interior-de-sp\/#breadcrumb"},"inLanguage":"pt-BR","potentialAction":[{"@type":"ReadAction","target":["https:\/\/ninamartinelli.com.br\/blog2\/brick-vecchio-mescolare-traz-aspecto-industrial-e-personalidade-a-academia-no-interior-de-sp\/"]}]},{"@type":"ImageObject","inLanguage":"pt-BR","@id":"https:\/\/ninamartinelli.com.br\/blog2\/brick-vecchio-mescolare-traz-aspecto-industrial-e-personalidade-a-academia-no-interior-de-sp\/#primaryimage","url":"https:\/\/ninamartinelli.com.br\/blog2\/wp-content\/uploads\/2023\/06\/academia2-scaled.jpg","contentUrl":"https:\/\/ninamartinelli.com.br\/blog2\/wp-content\/uploads\/2023\/06\/academia2-scaled.jpg","width":1920,"height":2560},{"@type":"BreadcrumbList","@id":"https:\/\/ninamartinelli.com.br\/blog2\/brick-vecchio-mescolare-traz-aspecto-industrial-e-personalidade-a-academia-no-interior-de-sp\/#breadcrumb","itemListElement":[{"@type":"ListItem","position":1,"name":"In\u00edcio","item":"https:\/\/ninamartinelli.com.br\/blog2\/"},{"@type":"ListItem","position":2,"name":"Brick Vecchio Mescolare traz aspecto industrial e personalidade a academia no interior de SP"}]},{"@type":"WebSite","@id":"https:\/\/ninamartinelli.com.br\/blog2\/#website","url":"https:\/\/ninamartinelli.com.br\/blog2\/","name":"Nina Martinelli","description":"#Nina_Martinelli","publisher":{"@id":"https:\/\/ninamartinelli.com.br\/blog2\/#organization"},"potentialAction":[{"@type":"SearchAction","target":{"@type":"EntryPoint","urlTemplate":"https:\/\/ninamartinelli.com.br\/blog2\/?s={search_term_string}"},"query-input":{"@type":"PropertyValueSpecification","valueRequired":true,"valueName":"search_term_string"}}],"inLanguage":"pt-BR"},{"@type":"Organization","@id":"https:\/\/ninamartinelli.com.br\/blog2\/#organization","name":"Blog Novidades","url":"https:\/\/ninamartinelli.com.br\/blog2\/","logo":{"@type":"ImageObject","inLanguage":"pt-BR","@id":"https:\/\/ninamartinelli.com.br\/blog2\/#\/schema\/logo\/image\/","url":"http:\/\/blog.ninamartinelli.com.br\/wp-content\/uploads\/2022\/03\/logo_nina_blog.png","contentUrl":"http:\/\/blog.ninamartinelli.com.br\/wp-content\/uploads\/2022\/03\/logo_nina_blog.png","width":500,"height":104,"caption":"Blog Novidades"},"image":{"@id":"https:\/\/ninamartinelli.com.br\/blog2\/#\/schema\/logo\/image\/"}},{"@type":"Person","@id":"https:\/\/ninamartinelli.com.br\/blog2\/#\/schema\/person\/43fbfb1d4cbe3b472995206b2bb06df5","name":"Ana Maria Devides","image":{"@type":"ImageObject","inLanguage":"pt-BR","@id":"https:\/\/ninamartinelli.com.br\/blog2\/#\/schema\/person\/image\/","url":"https:\/\/secure.gravatar.com\/avatar\/a03a82675d8bb3da8e5c5a6872db97be?s=96&d=mm&r=g","contentUrl":"https:\/\/secure.gravatar.com\/avatar\/a03a82675d8bb3da8e5c5a6872db97be?s=96&d=mm&r=g","caption":"Ana Maria Devides"},"url":"https:\/\/ninamartinelli.com.br\/blog2\/author\/assessoria-nina-martinelli\/"}]}},"_links":{"self":[{"href":"https:\/\/ninamartinelli.com.br\/blog2\/wp-json\/wp\/v2\/posts\/2006","targetHints":{"allow":["GET"]}}],"collection":[{"href":"https:\/\/ninamartinelli.com.br\/blog2\/wp-json\/wp\/v2\/posts"}],"about":[{"href":"https:\/\/ninamartinelli.com.br\/blog2\/wp-json\/wp\/v2\/types\/post"}],"author":[{"embeddable":true,"href":"https:\/\/ninamartinelli.com.br\/blog2\/wp-json\/wp\/v2\/users\/2"}],"replies":[{"embeddable":true,"href":"https:\/\/ninamartinelli.com.br\/blog2\/wp-json\/wp\/v2\/comments?post=2006"}],"version-history":[{"count":2,"href":"https:\/\/ninamartinelli.com.br\/blog2\/wp-json\/wp\/v2\/posts\/2006\/revisions"}],"predecessor-version":[{"id":2010,"href":"https:\/\/ninamartinelli.com.br\/blog2\/wp-json\/wp\/v2\/posts\/2006\/revisions\/2010"}],"wp:featuredmedia":[{"embeddable":true,"href":"https:\/\/ninamartinelli.com.br\/blog2\/wp-json\/wp\/v2\/media\/2007"}],"wp:attachment":[{"href":"https:\/\/ninamartinelli.com.br\/blog2\/wp-json\/wp\/v2\/media?parent=2006"}],"wp:term":[{"taxonomy":"category","embeddable":true,"href":"https:\/\/ninamartinelli.com.br\/blog2\/wp-json\/wp\/v2\/categories?post=2006"},{"taxonomy":"post_tag","embeddable":true,"href":"https:\/\/ninamartinelli.com.br\/blog2\/wp-json\/wp\/v2\/tags?post=2006"}],"curies":[{"name":"wp","href":"https:\/\/api.w.org\/{rel}","templated":true}]}}