{"id":2002,"date":"2023-05-31T10:26:28","date_gmt":"2023-05-31T13:26:28","guid":{"rendered":"https:\/\/ninamartinelli.com.br\/blog2\/?p=2002"},"modified":"2023-05-31T10:26:28","modified_gmt":"2023-05-31T13:26:28","slug":"cobogos-brise-clair-e-sombre-trazem-luz-ventilacao-e-elegancia-a-cozinha-contemporanea","status":"publish","type":"post","link":"https:\/\/ninamartinelli.com.br\/blog2\/cobogos-brise-clair-e-sombre-trazem-luz-ventilacao-e-elegancia-a-cozinha-contemporanea\/","title":{"rendered":"Cobog\u00f3s Brise Clair e Sombre trazem luz, ventila\u00e7\u00e3o e eleg\u00e2ncia a cozinha contempor\u00e2nea"},"content":{"rendered":"<p>Cobog\u00f3s Brise Clair e Sombre &#8211; Uma cozinha mais arejada e iluminada, mas sem abrir m\u00e3o da eleg\u00e2ncia. Essa foi a proposta da arquiteta Leila Carlos, do escrit\u00f3rio <a href=\"https:\/\/www.instagram.com\/tramearquitetura\/\">Trame Arquitetura e Interiores<\/a>, de Descalvado\/SP, para a reforma dessa important\u00edssima \u00e1rea em uma resid\u00eancia.<\/p>\n<p>Apostando na sobriedade e no minimalismo visual, mas apostando em elementos de sofistica\u00e7\u00e3o e charme, Leila usou tons claros e neutros na maior parte das superf\u00edcies. Providenciou uma confort\u00e1vel ilha, marcenarias em linhas retas e eletrodom\u00e9sticos modernos para compor o ambiente, que tamb\u00e9m tem elementos como o a\u00e7o inoxid\u00e1vel e o vidro.<\/p>\n<p>Numa das paredes, trazendo muita personalidade ao espa\u00e7o, a arquiteta optou por utilizar os Cobog\u00f3s Brise Clair e Sombre, da Nina Martinelli Pisos e Revestimentos. Eles est\u00e3o dispon\u00edveis nas cores Concreto e Bianco \u2013 esta a escolhida por Leila para este bel\u00edssimo projeto.<\/p>\n<p><img loading=\"lazy\" decoding=\"async\" class=\"wp-image-2004 alignleft\" src=\"https:\/\/ninamartinelli.com.br\/blog2\/wp-content\/uploads\/2023\/05\/cozinha-cobogo1-300x268.jpg\" alt=\"\" width=\"437\" height=\"391\" srcset=\"https:\/\/ninamartinelli.com.br\/blog2\/wp-content\/uploads\/2023\/05\/cozinha-cobogo1-300x268.jpg 300w, https:\/\/ninamartinelli.com.br\/blog2\/wp-content\/uploads\/2023\/05\/cozinha-cobogo1.jpg 717w\" sizes=\"auto, (max-width: 437px) 100vw, 437px\" \/><\/p>\n<p>Medindo 30x30x7,5 cm os cobog\u00f3s t\u00eam design assinado por Rosa Pinc, e s\u00e3o feitos em concreto arquitet\u00f4nico. Suas formas geom\u00e9tricas remetem ao estilo industrial e s\u00e3o usados como divis\u00f3rias e tamb\u00e9m em fachadas, trazendo luz, ventila\u00e7\u00e3o, beleza, privacidade, diferencia\u00e7\u00e3o e sustentabilidade aos ambientes, j\u00e1 que s\u00e3o aliados da redu\u00e7\u00e3o do consumo de energia.<\/p>\n<p>\u201cBuscamos um ambiente mais arejado e iluminado, sem perder a eleg\u00e2ncia. Eu amei\u201d, diz Leila.<\/p>\n<p>&nbsp;<\/p>\n<p>&nbsp;<\/p>\n<p>&nbsp;<\/p>\n<p>&nbsp;<\/p>\n<p><strong>Veja mais projetos com este produto clicando <a href=\"https:\/\/ninamartinelli.com.br\/blog2\/wp-admin\/post.php?post=1167&amp;action=edit\">aqui<\/a><\/strong><\/p>\n<p><strong>Servi\u00e7o<\/strong><\/p>\n<p><strong>Ambiente<\/strong> &#8211; Cozinha reformada em resid\u00eancia<\/p>\n<p><strong>Produto<\/strong> \u2013 Cobog\u00f3s Brise Clair e Sombre<\/p>\n<p>Projeto: Leila Carlos \u2013 Trame Arquitetura e Interiores<\/p>\n<p>Instagram: @tramearquitetura<\/p>\n<p>&nbsp;<\/p>\n<p>&nbsp;<\/p>\n","protected":false},"excerpt":{"rendered":"<p>Cobog\u00f3s Brise Clair e Sombre &#8211; Uma cozinha mais arejada e iluminada, mas sem abrir<\/p>\n","protected":false},"author":2,"featured_media":2003,"comment_status":"open","ping_status":"open","sticky":false,"template":"","format":"standard","meta":{"footnotes":""},"categories":[60,42,129],"tags":[40,54,43,154],"class_list":["post-2002","post","type-post","status-publish","format-standard","has-post-thumbnail","hentry","category-cimento","category-colezione-cobogo","category-sustentabilidade","tag-area-interna","tag-cimenticio","tag-cobogo","tag-cozinhas"],"yoast_head":"<!-- This site is optimized with the Yoast SEO plugin v26.8 - https:\/\/yoast.com\/product\/yoast-seo-wordpress\/ -->\n<title>Cobog\u00f3s Brise Clair e Sombre trazem luz, ventila\u00e7\u00e3o e eleg\u00e2ncia a cozinha contempor\u00e2nea<\/title>\n<meta name=\"description\" content=\"Cobog\u00f3s Brise Clair e Sombre comp\u00f5em o ambiente moderno, sofisticado e elegante criado pela arquiteta Leila Carlos, de Descalvado SP\" \/>\n<meta name=\"robots\" content=\"index, follow, max-snippet:-1, max-image-preview:large, max-video-preview:-1\" \/>\n<link rel=\"canonical\" href=\"https:\/\/ninamartinelli.com.br\/blog2\/cobogos-brise-clair-e-sombre-trazem-luz-ventilacao-e-elegancia-a-cozinha-contemporanea\/\" \/>\n<meta property=\"og:locale\" content=\"pt_BR\" \/>\n<meta property=\"og:type\" content=\"article\" \/>\n<meta property=\"og:title\" content=\"Cobog\u00f3s Brise Clair e Sombre trazem luz, ventila\u00e7\u00e3o e eleg\u00e2ncia a cozinha contempor\u00e2nea\" \/>\n<meta property=\"og:description\" content=\"Cobog\u00f3s Brise Clair e Sombre comp\u00f5em o ambiente moderno, sofisticado e elegante criado pela arquiteta Leila Carlos, de Descalvado SP\" \/>\n<meta property=\"og:url\" content=\"https:\/\/ninamartinelli.com.br\/blog2\/cobogos-brise-clair-e-sombre-trazem-luz-ventilacao-e-elegancia-a-cozinha-contemporanea\/\" \/>\n<meta property=\"og:site_name\" content=\"Blog Nina\" \/>\n<meta property=\"article:published_time\" content=\"2023-05-31T13:26:28+00:00\" \/>\n<meta property=\"og:image\" content=\"https:\/\/ninamartinelli.com.br\/blog2\/wp-content\/uploads\/2023\/05\/cozinha-cobogo2.jpg\" \/>\n\t<meta property=\"og:image:width\" content=\"720\" \/>\n\t<meta property=\"og:image:height\" content=\"613\" \/>\n\t<meta property=\"og:image:type\" content=\"image\/jpeg\" \/>\n<meta name=\"author\" content=\"Ana Maria Devides\" \/>\n<meta name=\"twitter:card\" content=\"summary_large_image\" \/>\n<meta name=\"twitter:label1\" content=\"Escrito por\" \/>\n\t<meta name=\"twitter:data1\" content=\"Ana Maria Devides\" \/>\n\t<meta name=\"twitter:label2\" content=\"Est. tempo de leitura\" \/>\n\t<meta name=\"twitter:data2\" content=\"2 minutos\" \/>\n<script type=\"application\/ld+json\" class=\"yoast-schema-graph\">{\"@context\":\"https:\/\/schema.org\",\"@graph\":[{\"@type\":\"Article\",\"@id\":\"https:\/\/ninamartinelli.com.br\/blog2\/cobogos-brise-clair-e-sombre-trazem-luz-ventilacao-e-elegancia-a-cozinha-contemporanea\/#article\",\"isPartOf\":{\"@id\":\"https:\/\/ninamartinelli.com.br\/blog2\/cobogos-brise-clair-e-sombre-trazem-luz-ventilacao-e-elegancia-a-cozinha-contemporanea\/\"},\"author\":{\"name\":\"Ana Maria Devides\",\"@id\":\"https:\/\/ninamartinelli.com.br\/blog2\/#\/schema\/person\/43fbfb1d4cbe3b472995206b2bb06df5\"},\"headline\":\"Cobog\u00f3s Brise Clair e Sombre trazem luz, ventila\u00e7\u00e3o e eleg\u00e2ncia a cozinha contempor\u00e2nea\",\"datePublished\":\"2023-05-31T13:26:28+00:00\",\"mainEntityOfPage\":{\"@id\":\"https:\/\/ninamartinelli.com.br\/blog2\/cobogos-brise-clair-e-sombre-trazem-luz-ventilacao-e-elegancia-a-cozinha-contemporanea\/\"},\"wordCount\":294,\"commentCount\":0,\"publisher\":{\"@id\":\"https:\/\/ninamartinelli.com.br\/blog2\/#organization\"},\"image\":{\"@id\":\"https:\/\/ninamartinelli.com.br\/blog2\/cobogos-brise-clair-e-sombre-trazem-luz-ventilacao-e-elegancia-a-cozinha-contemporanea\/#primaryimage\"},\"thumbnailUrl\":\"https:\/\/ninamartinelli.com.br\/blog2\/wp-content\/uploads\/2023\/05\/cozinha-cobogo2.jpg\",\"keywords\":[\"area interna\",\"cimenticio\",\"cobogo\",\"cozinhas\"],\"articleSection\":[\"Cimento\",\"Colezione Cobog\u00f3\",\"Sustentabilidade\"],\"inLanguage\":\"pt-BR\",\"potentialAction\":[{\"@type\":\"CommentAction\",\"name\":\"Comment\",\"target\":[\"https:\/\/ninamartinelli.com.br\/blog2\/cobogos-brise-clair-e-sombre-trazem-luz-ventilacao-e-elegancia-a-cozinha-contemporanea\/#respond\"]}]},{\"@type\":\"WebPage\",\"@id\":\"https:\/\/ninamartinelli.com.br\/blog2\/cobogos-brise-clair-e-sombre-trazem-luz-ventilacao-e-elegancia-a-cozinha-contemporanea\/\",\"url\":\"https:\/\/ninamartinelli.com.br\/blog2\/cobogos-brise-clair-e-sombre-trazem-luz-ventilacao-e-elegancia-a-cozinha-contemporanea\/\",\"name\":\"Cobog\u00f3s Brise Clair e Sombre trazem luz, ventila\u00e7\u00e3o e eleg\u00e2ncia a cozinha contempor\u00e2nea\",\"isPartOf\":{\"@id\":\"https:\/\/ninamartinelli.com.br\/blog2\/#website\"},\"primaryImageOfPage\":{\"@id\":\"https:\/\/ninamartinelli.com.br\/blog2\/cobogos-brise-clair-e-sombre-trazem-luz-ventilacao-e-elegancia-a-cozinha-contemporanea\/#primaryimage\"},\"image\":{\"@id\":\"https:\/\/ninamartinelli.com.br\/blog2\/cobogos-brise-clair-e-sombre-trazem-luz-ventilacao-e-elegancia-a-cozinha-contemporanea\/#primaryimage\"},\"thumbnailUrl\":\"https:\/\/ninamartinelli.com.br\/blog2\/wp-content\/uploads\/2023\/05\/cozinha-cobogo2.jpg\",\"datePublished\":\"2023-05-31T13:26:28+00:00\",\"description\":\"Cobog\u00f3s Brise Clair e Sombre comp\u00f5em o ambiente moderno, sofisticado e elegante criado pela arquiteta Leila Carlos, de Descalvado SP\",\"breadcrumb\":{\"@id\":\"https:\/\/ninamartinelli.com.br\/blog2\/cobogos-brise-clair-e-sombre-trazem-luz-ventilacao-e-elegancia-a-cozinha-contemporanea\/#breadcrumb\"},\"inLanguage\":\"pt-BR\",\"potentialAction\":[{\"@type\":\"ReadAction\",\"target\":[\"https:\/\/ninamartinelli.com.br\/blog2\/cobogos-brise-clair-e-sombre-trazem-luz-ventilacao-e-elegancia-a-cozinha-contemporanea\/\"]}]},{\"@type\":\"ImageObject\",\"inLanguage\":\"pt-BR\",\"@id\":\"https:\/\/ninamartinelli.com.br\/blog2\/cobogos-brise-clair-e-sombre-trazem-luz-ventilacao-e-elegancia-a-cozinha-contemporanea\/#primaryimage\",\"url\":\"https:\/\/ninamartinelli.com.br\/blog2\/wp-content\/uploads\/2023\/05\/cozinha-cobogo2.jpg\",\"contentUrl\":\"https:\/\/ninamartinelli.com.br\/blog2\/wp-content\/uploads\/2023\/05\/cozinha-cobogo2.jpg\",\"width\":720,\"height\":613},{\"@type\":\"BreadcrumbList\",\"@id\":\"https:\/\/ninamartinelli.com.br\/blog2\/cobogos-brise-clair-e-sombre-trazem-luz-ventilacao-e-elegancia-a-cozinha-contemporanea\/#breadcrumb\",\"itemListElement\":[{\"@type\":\"ListItem\",\"position\":1,\"name\":\"In\u00edcio\",\"item\":\"https:\/\/ninamartinelli.com.br\/blog2\/\"},{\"@type\":\"ListItem\",\"position\":2,\"name\":\"Cobog\u00f3s Brise Clair e Sombre trazem luz, ventila\u00e7\u00e3o e eleg\u00e2ncia a cozinha contempor\u00e2nea\"}]},{\"@type\":\"WebSite\",\"@id\":\"https:\/\/ninamartinelli.com.br\/blog2\/#website\",\"url\":\"https:\/\/ninamartinelli.com.br\/blog2\/\",\"name\":\"Nina Martinelli\",\"description\":\"#Nina_Martinelli\",\"publisher\":{\"@id\":\"https:\/\/ninamartinelli.com.br\/blog2\/#organization\"},\"potentialAction\":[{\"@type\":\"SearchAction\",\"target\":{\"@type\":\"EntryPoint\",\"urlTemplate\":\"https:\/\/ninamartinelli.com.br\/blog2\/?s={search_term_string}\"},\"query-input\":{\"@type\":\"PropertyValueSpecification\",\"valueRequired\":true,\"valueName\":\"search_term_string\"}}],\"inLanguage\":\"pt-BR\"},{\"@type\":\"Organization\",\"@id\":\"https:\/\/ninamartinelli.com.br\/blog2\/#organization\",\"name\":\"Blog Novidades\",\"url\":\"https:\/\/ninamartinelli.com.br\/blog2\/\",\"logo\":{\"@type\":\"ImageObject\",\"inLanguage\":\"pt-BR\",\"@id\":\"https:\/\/ninamartinelli.com.br\/blog2\/#\/schema\/logo\/image\/\",\"url\":\"http:\/\/blog.ninamartinelli.com.br\/wp-content\/uploads\/2022\/03\/logo_nina_blog.png\",\"contentUrl\":\"http:\/\/blog.ninamartinelli.com.br\/wp-content\/uploads\/2022\/03\/logo_nina_blog.png\",\"width\":500,\"height\":104,\"caption\":\"Blog Novidades\"},\"image\":{\"@id\":\"https:\/\/ninamartinelli.com.br\/blog2\/#\/schema\/logo\/image\/\"}},{\"@type\":\"Person\",\"@id\":\"https:\/\/ninamartinelli.com.br\/blog2\/#\/schema\/person\/43fbfb1d4cbe3b472995206b2bb06df5\",\"name\":\"Ana Maria Devides\",\"image\":{\"@type\":\"ImageObject\",\"inLanguage\":\"pt-BR\",\"@id\":\"https:\/\/ninamartinelli.com.br\/blog2\/#\/schema\/person\/image\/\",\"url\":\"https:\/\/secure.gravatar.com\/avatar\/a03a82675d8bb3da8e5c5a6872db97be?s=96&d=mm&r=g\",\"contentUrl\":\"https:\/\/secure.gravatar.com\/avatar\/a03a82675d8bb3da8e5c5a6872db97be?s=96&d=mm&r=g\",\"caption\":\"Ana Maria Devides\"},\"url\":\"https:\/\/ninamartinelli.com.br\/blog2\/author\/assessoria-nina-martinelli\/\"}]}<\/script>\n<!-- \/ Yoast SEO plugin. -->","yoast_head_json":{"title":"Cobog\u00f3s Brise Clair e Sombre trazem luz, ventila\u00e7\u00e3o e eleg\u00e2ncia a cozinha contempor\u00e2nea","description":"Cobog\u00f3s Brise Clair e Sombre comp\u00f5em o ambiente moderno, sofisticado e elegante criado pela arquiteta Leila Carlos, de Descalvado SP","robots":{"index":"index","follow":"follow","max-snippet":"max-snippet:-1","max-image-preview":"max-image-preview:large","max-video-preview":"max-video-preview:-1"},"canonical":"https:\/\/ninamartinelli.com.br\/blog2\/cobogos-brise-clair-e-sombre-trazem-luz-ventilacao-e-elegancia-a-cozinha-contemporanea\/","og_locale":"pt_BR","og_type":"article","og_title":"Cobog\u00f3s Brise Clair e Sombre trazem luz, ventila\u00e7\u00e3o e eleg\u00e2ncia a cozinha contempor\u00e2nea","og_description":"Cobog\u00f3s Brise Clair e Sombre comp\u00f5em o ambiente moderno, sofisticado e elegante criado pela arquiteta Leila Carlos, de Descalvado SP","og_url":"https:\/\/ninamartinelli.com.br\/blog2\/cobogos-brise-clair-e-sombre-trazem-luz-ventilacao-e-elegancia-a-cozinha-contemporanea\/","og_site_name":"Blog Nina","article_published_time":"2023-05-31T13:26:28+00:00","og_image":[{"width":720,"height":613,"url":"https:\/\/ninamartinelli.com.br\/blog2\/wp-content\/uploads\/2023\/05\/cozinha-cobogo2.jpg","type":"image\/jpeg"}],"author":"Ana Maria Devides","twitter_card":"summary_large_image","twitter_misc":{"Escrito por":"Ana Maria Devides","Est. tempo de leitura":"2 minutos"},"schema":{"@context":"https:\/\/schema.org","@graph":[{"@type":"Article","@id":"https:\/\/ninamartinelli.com.br\/blog2\/cobogos-brise-clair-e-sombre-trazem-luz-ventilacao-e-elegancia-a-cozinha-contemporanea\/#article","isPartOf":{"@id":"https:\/\/ninamartinelli.com.br\/blog2\/cobogos-brise-clair-e-sombre-trazem-luz-ventilacao-e-elegancia-a-cozinha-contemporanea\/"},"author":{"name":"Ana Maria Devides","@id":"https:\/\/ninamartinelli.com.br\/blog2\/#\/schema\/person\/43fbfb1d4cbe3b472995206b2bb06df5"},"headline":"Cobog\u00f3s Brise Clair e Sombre trazem luz, ventila\u00e7\u00e3o e eleg\u00e2ncia a cozinha contempor\u00e2nea","datePublished":"2023-05-31T13:26:28+00:00","mainEntityOfPage":{"@id":"https:\/\/ninamartinelli.com.br\/blog2\/cobogos-brise-clair-e-sombre-trazem-luz-ventilacao-e-elegancia-a-cozinha-contemporanea\/"},"wordCount":294,"commentCount":0,"publisher":{"@id":"https:\/\/ninamartinelli.com.br\/blog2\/#organization"},"image":{"@id":"https:\/\/ninamartinelli.com.br\/blog2\/cobogos-brise-clair-e-sombre-trazem-luz-ventilacao-e-elegancia-a-cozinha-contemporanea\/#primaryimage"},"thumbnailUrl":"https:\/\/ninamartinelli.com.br\/blog2\/wp-content\/uploads\/2023\/05\/cozinha-cobogo2.jpg","keywords":["area interna","cimenticio","cobogo","cozinhas"],"articleSection":["Cimento","Colezione Cobog\u00f3","Sustentabilidade"],"inLanguage":"pt-BR","potentialAction":[{"@type":"CommentAction","name":"Comment","target":["https:\/\/ninamartinelli.com.br\/blog2\/cobogos-brise-clair-e-sombre-trazem-luz-ventilacao-e-elegancia-a-cozinha-contemporanea\/#respond"]}]},{"@type":"WebPage","@id":"https:\/\/ninamartinelli.com.br\/blog2\/cobogos-brise-clair-e-sombre-trazem-luz-ventilacao-e-elegancia-a-cozinha-contemporanea\/","url":"https:\/\/ninamartinelli.com.br\/blog2\/cobogos-brise-clair-e-sombre-trazem-luz-ventilacao-e-elegancia-a-cozinha-contemporanea\/","name":"Cobog\u00f3s Brise Clair e Sombre trazem luz, ventila\u00e7\u00e3o e eleg\u00e2ncia a cozinha contempor\u00e2nea","isPartOf":{"@id":"https:\/\/ninamartinelli.com.br\/blog2\/#website"},"primaryImageOfPage":{"@id":"https:\/\/ninamartinelli.com.br\/blog2\/cobogos-brise-clair-e-sombre-trazem-luz-ventilacao-e-elegancia-a-cozinha-contemporanea\/#primaryimage"},"image":{"@id":"https:\/\/ninamartinelli.com.br\/blog2\/cobogos-brise-clair-e-sombre-trazem-luz-ventilacao-e-elegancia-a-cozinha-contemporanea\/#primaryimage"},"thumbnailUrl":"https:\/\/ninamartinelli.com.br\/blog2\/wp-content\/uploads\/2023\/05\/cozinha-cobogo2.jpg","datePublished":"2023-05-31T13:26:28+00:00","description":"Cobog\u00f3s Brise Clair e Sombre comp\u00f5em o ambiente moderno, sofisticado e elegante criado pela arquiteta Leila Carlos, de Descalvado SP","breadcrumb":{"@id":"https:\/\/ninamartinelli.com.br\/blog2\/cobogos-brise-clair-e-sombre-trazem-luz-ventilacao-e-elegancia-a-cozinha-contemporanea\/#breadcrumb"},"inLanguage":"pt-BR","potentialAction":[{"@type":"ReadAction","target":["https:\/\/ninamartinelli.com.br\/blog2\/cobogos-brise-clair-e-sombre-trazem-luz-ventilacao-e-elegancia-a-cozinha-contemporanea\/"]}]},{"@type":"ImageObject","inLanguage":"pt-BR","@id":"https:\/\/ninamartinelli.com.br\/blog2\/cobogos-brise-clair-e-sombre-trazem-luz-ventilacao-e-elegancia-a-cozinha-contemporanea\/#primaryimage","url":"https:\/\/ninamartinelli.com.br\/blog2\/wp-content\/uploads\/2023\/05\/cozinha-cobogo2.jpg","contentUrl":"https:\/\/ninamartinelli.com.br\/blog2\/wp-content\/uploads\/2023\/05\/cozinha-cobogo2.jpg","width":720,"height":613},{"@type":"BreadcrumbList","@id":"https:\/\/ninamartinelli.com.br\/blog2\/cobogos-brise-clair-e-sombre-trazem-luz-ventilacao-e-elegancia-a-cozinha-contemporanea\/#breadcrumb","itemListElement":[{"@type":"ListItem","position":1,"name":"In\u00edcio","item":"https:\/\/ninamartinelli.com.br\/blog2\/"},{"@type":"ListItem","position":2,"name":"Cobog\u00f3s Brise Clair e Sombre trazem luz, ventila\u00e7\u00e3o e eleg\u00e2ncia a cozinha contempor\u00e2nea"}]},{"@type":"WebSite","@id":"https:\/\/ninamartinelli.com.br\/blog2\/#website","url":"https:\/\/ninamartinelli.com.br\/blog2\/","name":"Nina Martinelli","description":"#Nina_Martinelli","publisher":{"@id":"https:\/\/ninamartinelli.com.br\/blog2\/#organization"},"potentialAction":[{"@type":"SearchAction","target":{"@type":"EntryPoint","urlTemplate":"https:\/\/ninamartinelli.com.br\/blog2\/?s={search_term_string}"},"query-input":{"@type":"PropertyValueSpecification","valueRequired":true,"valueName":"search_term_string"}}],"inLanguage":"pt-BR"},{"@type":"Organization","@id":"https:\/\/ninamartinelli.com.br\/blog2\/#organization","name":"Blog Novidades","url":"https:\/\/ninamartinelli.com.br\/blog2\/","logo":{"@type":"ImageObject","inLanguage":"pt-BR","@id":"https:\/\/ninamartinelli.com.br\/blog2\/#\/schema\/logo\/image\/","url":"http:\/\/blog.ninamartinelli.com.br\/wp-content\/uploads\/2022\/03\/logo_nina_blog.png","contentUrl":"http:\/\/blog.ninamartinelli.com.br\/wp-content\/uploads\/2022\/03\/logo_nina_blog.png","width":500,"height":104,"caption":"Blog Novidades"},"image":{"@id":"https:\/\/ninamartinelli.com.br\/blog2\/#\/schema\/logo\/image\/"}},{"@type":"Person","@id":"https:\/\/ninamartinelli.com.br\/blog2\/#\/schema\/person\/43fbfb1d4cbe3b472995206b2bb06df5","name":"Ana Maria Devides","image":{"@type":"ImageObject","inLanguage":"pt-BR","@id":"https:\/\/ninamartinelli.com.br\/blog2\/#\/schema\/person\/image\/","url":"https:\/\/secure.gravatar.com\/avatar\/a03a82675d8bb3da8e5c5a6872db97be?s=96&d=mm&r=g","contentUrl":"https:\/\/secure.gravatar.com\/avatar\/a03a82675d8bb3da8e5c5a6872db97be?s=96&d=mm&r=g","caption":"Ana Maria Devides"},"url":"https:\/\/ninamartinelli.com.br\/blog2\/author\/assessoria-nina-martinelli\/"}]}},"_links":{"self":[{"href":"https:\/\/ninamartinelli.com.br\/blog2\/wp-json\/wp\/v2\/posts\/2002","targetHints":{"allow":["GET"]}}],"collection":[{"href":"https:\/\/ninamartinelli.com.br\/blog2\/wp-json\/wp\/v2\/posts"}],"about":[{"href":"https:\/\/ninamartinelli.com.br\/blog2\/wp-json\/wp\/v2\/types\/post"}],"author":[{"embeddable":true,"href":"https:\/\/ninamartinelli.com.br\/blog2\/wp-json\/wp\/v2\/users\/2"}],"replies":[{"embeddable":true,"href":"https:\/\/ninamartinelli.com.br\/blog2\/wp-json\/wp\/v2\/comments?post=2002"}],"version-history":[{"count":1,"href":"https:\/\/ninamartinelli.com.br\/blog2\/wp-json\/wp\/v2\/posts\/2002\/revisions"}],"predecessor-version":[{"id":2005,"href":"https:\/\/ninamartinelli.com.br\/blog2\/wp-json\/wp\/v2\/posts\/2002\/revisions\/2005"}],"wp:featuredmedia":[{"embeddable":true,"href":"https:\/\/ninamartinelli.com.br\/blog2\/wp-json\/wp\/v2\/media\/2003"}],"wp:attachment":[{"href":"https:\/\/ninamartinelli.com.br\/blog2\/wp-json\/wp\/v2\/media?parent=2002"}],"wp:term":[{"taxonomy":"category","embeddable":true,"href":"https:\/\/ninamartinelli.com.br\/blog2\/wp-json\/wp\/v2\/categories?post=2002"},{"taxonomy":"post_tag","embeddable":true,"href":"https:\/\/ninamartinelli.com.br\/blog2\/wp-json\/wp\/v2\/tags?post=2002"}],"curies":[{"name":"wp","href":"https:\/\/api.w.org\/{rel}","templated":true}]}}