{"id":1989,"date":"2023-05-17T10:23:12","date_gmt":"2023-05-17T13:23:12","guid":{"rendered":"https:\/\/ninamartinelli.com.br\/blog2\/?p=1989"},"modified":"2023-05-17T10:23:12","modified_gmt":"2023-05-17T13:23:12","slug":"casa-cor-goias-2023-cotto-vecchio-rosso-compoe-ambiente-afetivo-criado-por-marcos-lula","status":"publish","type":"post","link":"https:\/\/ninamartinelli.com.br\/blog2\/casa-cor-goias-2023-cotto-vecchio-rosso-compoe-ambiente-afetivo-criado-por-marcos-lula\/","title":{"rendered":"Casa Cor Goi\u00e1s 2023 \u2013 Cotto Vecchio Rosso comp\u00f5e ambiente afetivo criado por Marcos Lula"},"content":{"rendered":"<p><a href=\"https:\/\/www.instagram.com\/casacorgoias\/\">Casa Cor Goi\u00e1s 2023<\/a> \u2013 A Casa Cor Goi\u00e1s 2023 \u00e9 a 26\u00aa edi\u00e7\u00e3o da mostra, que come\u00e7ou no dia 6 de maio e vai at\u00e9 dia 2 de julho, no Flamboyant Shopping, em Goi\u00e2nia. S\u00e3o 52 profissionais reunidos para dar ao p\u00fablico, aos especificadores e todos os profissionais envolvidos no universo da arquitetura, design e decora\u00e7\u00e3o, experi\u00eancias variadas e \u00fanicas, al\u00e9m de mostrar todas as tend\u00eancias do setor.<\/p>\n<p>Nina Martinelli orgulhosamente se faz presente na mostra, no primeiro ambiente do complexo, o Lounge Origem, criado por <a href=\"https:\/\/www.instagram.com\/arqmarcoslula\/\">Marcos Lula<\/a>. Segundo suas pr\u00f3prias palavras: \u201cAtrelado ao tema da Casa Cor Goi\u00e1s 2023, \u201cCorpo e Morada\u201d, o nosso ambiente representa, atrav\u00e9s da arquitetura, materiais e formas, a nossa primeira morada, o corpo das nossas m\u00e3es. Com o objetivo de ser um ambiente afetuoso e acolhedor, o lounge traz para o espa\u00e7o um equil\u00edbrio entre experi\u00eancia e arquitetura. Como primeiro ambiente da mostra, sentimos a responsabilidade de nos comunicar, despertar mem\u00f3rias, afeto e interesse do p\u00fablico tanto para o tema quanto para o espa\u00e7o. Nosso espa\u00e7o ser\u00e1 uma maneira sutil de homenagear as m\u00e3es e os filhos presentes no evento\u201d, explica o arquiteto.<\/p>\n<p>A cer\u00e2mica <a href=\"https:\/\/ninamartinelli.com.br\/#!\/pt\/produtos\/139000000-piso-cotto-vecchio\">Cotto Vecchio, no tom Rosso<\/a> 11,5&#215;11,5cm, foi escolhida por Marcos Lula para revestir boa parte das paredes do lounge, que tem uma pegada r\u00fastica, por\u00e9m extremamente leve e acolhedora.<\/p>\n<p>O profissional \u00e9 f\u00e3 do produto, que, segundo ele, por ser feito em modo inteiramente artesanal, traz peculiaridades que o tornam muito especial. \u201cCada pe\u00e7a tem sua identidade, nenhuma \u00e9 igual \u00e0 outra\u201d, diz.<\/p>\n<p><img loading=\"lazy\" decoding=\"async\" class=\"wp-image-1991 alignleft\" src=\"https:\/\/ninamartinelli.com.br\/blog2\/wp-content\/uploads\/2023\/05\/casacormarcoslula4-300x200.jpg\" alt=\"\" width=\"523\" height=\"348\" srcset=\"https:\/\/ninamartinelli.com.br\/blog2\/wp-content\/uploads\/2023\/05\/casacormarcoslula4-300x200.jpg 300w, https:\/\/ninamartinelli.com.br\/blog2\/wp-content\/uploads\/2023\/05\/casacormarcoslula4-768x511.jpg 768w, https:\/\/ninamartinelli.com.br\/blog2\/wp-content\/uploads\/2023\/05\/casacormarcoslula4.jpg 1000w\" sizes=\"auto, (max-width: 523px) 100vw, 523px\" \/><\/p>\n<p>Dispon\u00edvel nas dimens\u00f5es 5,2&#215;5,2 &#8211; 5,2&#215;11,5 &#8211; 5,2&#215;24 &#8211; 11,5&#215;11,5 &#8211; 11,5&#215;24 &#8211; 24x24cm, a cer\u00e2mica natural tem varia\u00e7\u00f5es t\u00edpicas de tonalidade e uma superf\u00edcie envelhecida com arestas levemente desgastadas. \u00c9 produzida tamb\u00e9m nos tons Paglia, Nero e Sfumato.<\/p>\n<p>No Lounge Origem de Marcos Lula, o produto da Nina Martinelli ajuda tamb\u00e9m a compor um cen\u00e1rio que foi usado pelo profissional para amplificar o projeto e dar a ele ainda mais significado, com a filmagem em alta defini\u00e7\u00e3o de entrevistas com diferentes m\u00e3es que falam da maternidade e da vida. Fotos bel\u00edssimas tamb\u00e9m foram captadas e podem ser conferidas no Instagram do arquiteto.<\/p>\n<p>O material deu origem a um conte\u00fado ainda mais aprofundado para uma experi\u00eancia sensorial diferenciada, com a edi\u00e7\u00e3o de sons que evocam a gesta\u00e7\u00e3o, os batimentos card\u00edacos de uma crian\u00e7a ainda no \u00fatero da m\u00e3e, entre outros.<\/p>\n<p>A loja parceira onde o produto foi adquirido \u00e9 a <a href=\"https:\/\/www.instagram.com\/viva.revestimentos\/\">Viv\u00e1 Revestimentos<\/a>, especializada em acabamentos de alt\u00edssima qualidade e que fica localizada em Goi\u00e2nia.<\/p>\n<p><strong>Servi\u00e7o<\/strong><\/p>\n<p>Casa Cor Goi\u00e1s 2023<\/p>\n<p>06 de maio a 02 de julho de 2023<\/p>\n<p>Flamboyant Shopping<\/p>\n<p>Av. Dep. Jamel Cec\u00edlio, 3300 &#8211; Jardim Goi\u00e1s, Goi\u00e2nia &#8211; GO<\/p>\n<p>Contato<\/p>\n<p>(62) 3224-2023<\/p>\n<p>Instagram @casacorgoias<\/p>\n<p>Lounge Origem<\/p>\n<p>Projeto &#8211; Marcos Lula<\/p>\n<p>Instagram &#8211; @arqmarcoslula<\/p>\n<p>Produto \u2013 Cer\u00e2mica Cotto Vecchio Rosso 11,5&#215;11,5cm<\/p>\n<p>Fotos: Marcus Camargo<\/p>\n<p>Instragram &#8211; @olharmarcuscamargo<\/p>\n<p>Loja parceira \u2013 Viv\u00e1 Revestimentos<\/p>\n<p>Instagram &#8211; @viva.revestimentos<\/p>\n<p>&nbsp;<\/p>\n<p>&nbsp;<\/p>\n","protected":false},"excerpt":{"rendered":"<p>Casa Cor Goi\u00e1s 2023 \u2013 A Casa Cor Goi\u00e1s 2023 \u00e9 a 26\u00aa edi\u00e7\u00e3o da<\/p>\n","protected":false},"author":2,"featured_media":1990,"comment_status":"open","ping_status":"open","sticky":false,"template":"","format":"standard","meta":{"footnotes":""},"categories":[27,59,19,21,26,129],"tags":[45,38],"class_list":["post-1989","post","type-post","status-publish","format-standard","has-post-thumbnail","hentry","category-casa-cor","category-ceramica","category-mostras-e-eventos","category-pisos","category-revestimentos","category-sustentabilidade","tag-ceramica","tag-cotto-vecchio"],"yoast_head":"<!-- This site is optimized with the Yoast SEO plugin v26.8 - https:\/\/yoast.com\/product\/yoast-seo-wordpress\/ -->\n<title>Casa Cor Goi\u00e1s 2023 \u2013 Cotto Vecchio Rosso comp\u00f5e ambiente afetivo criado por Marcos Lula<\/title>\n<meta name=\"description\" content=\"Casa Cor Goi\u00e1s 2023 - Venha conhecer o Lounge Origem, criado por Marcos Lulla, e que ganhou um toque acolhedor com a cer\u00e2mica Cotto Vecchio\" \/>\n<meta name=\"robots\" content=\"index, follow, max-snippet:-1, max-image-preview:large, max-video-preview:-1\" \/>\n<link rel=\"canonical\" href=\"https:\/\/ninamartinelli.com.br\/blog2\/casa-cor-goias-2023-cotto-vecchio-rosso-compoe-ambiente-afetivo-criado-por-marcos-lula\/\" \/>\n<meta property=\"og:locale\" content=\"pt_BR\" \/>\n<meta property=\"og:type\" content=\"article\" \/>\n<meta property=\"og:title\" content=\"Casa Cor Goi\u00e1s 2023 \u2013 Cotto Vecchio Rosso comp\u00f5e ambiente afetivo criado por Marcos Lula\" \/>\n<meta property=\"og:description\" content=\"Casa Cor Goi\u00e1s 2023 - Venha conhecer o Lounge Origem, criado por Marcos Lulla, e que ganhou um toque acolhedor com a cer\u00e2mica Cotto Vecchio\" \/>\n<meta property=\"og:url\" content=\"https:\/\/ninamartinelli.com.br\/blog2\/casa-cor-goias-2023-cotto-vecchio-rosso-compoe-ambiente-afetivo-criado-por-marcos-lula\/\" \/>\n<meta property=\"og:site_name\" content=\"Blog Nina\" \/>\n<meta property=\"article:published_time\" content=\"2023-05-17T13:23:12+00:00\" \/>\n<meta property=\"og:image\" content=\"https:\/\/ninamartinelli.com.br\/blog2\/wp-content\/uploads\/2023\/05\/casacormarcoslula1.jpg\" \/>\n\t<meta property=\"og:image:width\" content=\"1000\" \/>\n\t<meta property=\"og:image:height\" content=\"666\" \/>\n\t<meta property=\"og:image:type\" content=\"image\/jpeg\" \/>\n<meta name=\"author\" content=\"Ana Maria Devides\" \/>\n<meta name=\"twitter:card\" content=\"summary_large_image\" \/>\n<meta name=\"twitter:label1\" content=\"Escrito por\" \/>\n\t<meta name=\"twitter:data1\" content=\"Ana Maria Devides\" \/>\n\t<meta name=\"twitter:label2\" content=\"Est. tempo de leitura\" \/>\n\t<meta name=\"twitter:data2\" content=\"3 minutos\" \/>\n<script type=\"application\/ld+json\" class=\"yoast-schema-graph\">{\"@context\":\"https:\/\/schema.org\",\"@graph\":[{\"@type\":\"Article\",\"@id\":\"https:\/\/ninamartinelli.com.br\/blog2\/casa-cor-goias-2023-cotto-vecchio-rosso-compoe-ambiente-afetivo-criado-por-marcos-lula\/#article\",\"isPartOf\":{\"@id\":\"https:\/\/ninamartinelli.com.br\/blog2\/casa-cor-goias-2023-cotto-vecchio-rosso-compoe-ambiente-afetivo-criado-por-marcos-lula\/\"},\"author\":{\"name\":\"Ana Maria Devides\",\"@id\":\"https:\/\/ninamartinelli.com.br\/blog2\/#\/schema\/person\/43fbfb1d4cbe3b472995206b2bb06df5\"},\"headline\":\"Casa Cor Goi\u00e1s 2023 \u2013 Cotto Vecchio Rosso comp\u00f5e ambiente afetivo criado por Marcos Lula\",\"datePublished\":\"2023-05-17T13:23:12+00:00\",\"mainEntityOfPage\":{\"@id\":\"https:\/\/ninamartinelli.com.br\/blog2\/casa-cor-goias-2023-cotto-vecchio-rosso-compoe-ambiente-afetivo-criado-por-marcos-lula\/\"},\"wordCount\":535,\"commentCount\":0,\"publisher\":{\"@id\":\"https:\/\/ninamartinelli.com.br\/blog2\/#organization\"},\"image\":{\"@id\":\"https:\/\/ninamartinelli.com.br\/blog2\/casa-cor-goias-2023-cotto-vecchio-rosso-compoe-ambiente-afetivo-criado-por-marcos-lula\/#primaryimage\"},\"thumbnailUrl\":\"https:\/\/ninamartinelli.com.br\/blog2\/wp-content\/uploads\/2023\/05\/casacormarcoslula1.jpg\",\"keywords\":[\"ceramica\",\"cotto vecchio\"],\"articleSection\":[\"CASA COR\",\"Cer\u00e2mica\",\"Mostras e Eventos\",\"Pisos\",\"Revestimentos\",\"Sustentabilidade\"],\"inLanguage\":\"pt-BR\",\"potentialAction\":[{\"@type\":\"CommentAction\",\"name\":\"Comment\",\"target\":[\"https:\/\/ninamartinelli.com.br\/blog2\/casa-cor-goias-2023-cotto-vecchio-rosso-compoe-ambiente-afetivo-criado-por-marcos-lula\/#respond\"]}]},{\"@type\":\"WebPage\",\"@id\":\"https:\/\/ninamartinelli.com.br\/blog2\/casa-cor-goias-2023-cotto-vecchio-rosso-compoe-ambiente-afetivo-criado-por-marcos-lula\/\",\"url\":\"https:\/\/ninamartinelli.com.br\/blog2\/casa-cor-goias-2023-cotto-vecchio-rosso-compoe-ambiente-afetivo-criado-por-marcos-lula\/\",\"name\":\"Casa Cor Goi\u00e1s 2023 \u2013 Cotto Vecchio Rosso comp\u00f5e ambiente afetivo criado por Marcos Lula\",\"isPartOf\":{\"@id\":\"https:\/\/ninamartinelli.com.br\/blog2\/#website\"},\"primaryImageOfPage\":{\"@id\":\"https:\/\/ninamartinelli.com.br\/blog2\/casa-cor-goias-2023-cotto-vecchio-rosso-compoe-ambiente-afetivo-criado-por-marcos-lula\/#primaryimage\"},\"image\":{\"@id\":\"https:\/\/ninamartinelli.com.br\/blog2\/casa-cor-goias-2023-cotto-vecchio-rosso-compoe-ambiente-afetivo-criado-por-marcos-lula\/#primaryimage\"},\"thumbnailUrl\":\"https:\/\/ninamartinelli.com.br\/blog2\/wp-content\/uploads\/2023\/05\/casacormarcoslula1.jpg\",\"datePublished\":\"2023-05-17T13:23:12+00:00\",\"description\":\"Casa Cor Goi\u00e1s 2023 - Venha conhecer o Lounge Origem, criado por Marcos Lulla, e que ganhou um toque acolhedor com a cer\u00e2mica Cotto Vecchio\",\"breadcrumb\":{\"@id\":\"https:\/\/ninamartinelli.com.br\/blog2\/casa-cor-goias-2023-cotto-vecchio-rosso-compoe-ambiente-afetivo-criado-por-marcos-lula\/#breadcrumb\"},\"inLanguage\":\"pt-BR\",\"potentialAction\":[{\"@type\":\"ReadAction\",\"target\":[\"https:\/\/ninamartinelli.com.br\/blog2\/casa-cor-goias-2023-cotto-vecchio-rosso-compoe-ambiente-afetivo-criado-por-marcos-lula\/\"]}]},{\"@type\":\"ImageObject\",\"inLanguage\":\"pt-BR\",\"@id\":\"https:\/\/ninamartinelli.com.br\/blog2\/casa-cor-goias-2023-cotto-vecchio-rosso-compoe-ambiente-afetivo-criado-por-marcos-lula\/#primaryimage\",\"url\":\"https:\/\/ninamartinelli.com.br\/blog2\/wp-content\/uploads\/2023\/05\/casacormarcoslula1.jpg\",\"contentUrl\":\"https:\/\/ninamartinelli.com.br\/blog2\/wp-content\/uploads\/2023\/05\/casacormarcoslula1.jpg\",\"width\":1000,\"height\":666},{\"@type\":\"BreadcrumbList\",\"@id\":\"https:\/\/ninamartinelli.com.br\/blog2\/casa-cor-goias-2023-cotto-vecchio-rosso-compoe-ambiente-afetivo-criado-por-marcos-lula\/#breadcrumb\",\"itemListElement\":[{\"@type\":\"ListItem\",\"position\":1,\"name\":\"In\u00edcio\",\"item\":\"https:\/\/ninamartinelli.com.br\/blog2\/\"},{\"@type\":\"ListItem\",\"position\":2,\"name\":\"Casa Cor Goi\u00e1s 2023 \u2013 Cotto Vecchio Rosso comp\u00f5e ambiente afetivo criado por Marcos Lula\"}]},{\"@type\":\"WebSite\",\"@id\":\"https:\/\/ninamartinelli.com.br\/blog2\/#website\",\"url\":\"https:\/\/ninamartinelli.com.br\/blog2\/\",\"name\":\"Nina Martinelli\",\"description\":\"#Nina_Martinelli\",\"publisher\":{\"@id\":\"https:\/\/ninamartinelli.com.br\/blog2\/#organization\"},\"potentialAction\":[{\"@type\":\"SearchAction\",\"target\":{\"@type\":\"EntryPoint\",\"urlTemplate\":\"https:\/\/ninamartinelli.com.br\/blog2\/?s={search_term_string}\"},\"query-input\":{\"@type\":\"PropertyValueSpecification\",\"valueRequired\":true,\"valueName\":\"search_term_string\"}}],\"inLanguage\":\"pt-BR\"},{\"@type\":\"Organization\",\"@id\":\"https:\/\/ninamartinelli.com.br\/blog2\/#organization\",\"name\":\"Blog Novidades\",\"url\":\"https:\/\/ninamartinelli.com.br\/blog2\/\",\"logo\":{\"@type\":\"ImageObject\",\"inLanguage\":\"pt-BR\",\"@id\":\"https:\/\/ninamartinelli.com.br\/blog2\/#\/schema\/logo\/image\/\",\"url\":\"http:\/\/blog.ninamartinelli.com.br\/wp-content\/uploads\/2022\/03\/logo_nina_blog.png\",\"contentUrl\":\"http:\/\/blog.ninamartinelli.com.br\/wp-content\/uploads\/2022\/03\/logo_nina_blog.png\",\"width\":500,\"height\":104,\"caption\":\"Blog Novidades\"},\"image\":{\"@id\":\"https:\/\/ninamartinelli.com.br\/blog2\/#\/schema\/logo\/image\/\"}},{\"@type\":\"Person\",\"@id\":\"https:\/\/ninamartinelli.com.br\/blog2\/#\/schema\/person\/43fbfb1d4cbe3b472995206b2bb06df5\",\"name\":\"Ana Maria Devides\",\"image\":{\"@type\":\"ImageObject\",\"inLanguage\":\"pt-BR\",\"@id\":\"https:\/\/ninamartinelli.com.br\/blog2\/#\/schema\/person\/image\/\",\"url\":\"https:\/\/secure.gravatar.com\/avatar\/a03a82675d8bb3da8e5c5a6872db97be?s=96&d=mm&r=g\",\"contentUrl\":\"https:\/\/secure.gravatar.com\/avatar\/a03a82675d8bb3da8e5c5a6872db97be?s=96&d=mm&r=g\",\"caption\":\"Ana Maria Devides\"},\"url\":\"https:\/\/ninamartinelli.com.br\/blog2\/author\/assessoria-nina-martinelli\/\"}]}<\/script>\n<!-- \/ Yoast SEO plugin. -->","yoast_head_json":{"title":"Casa Cor Goi\u00e1s 2023 \u2013 Cotto Vecchio Rosso comp\u00f5e ambiente afetivo criado por Marcos Lula","description":"Casa Cor Goi\u00e1s 2023 - Venha conhecer o Lounge Origem, criado por Marcos Lulla, e que ganhou um toque acolhedor com a cer\u00e2mica Cotto Vecchio","robots":{"index":"index","follow":"follow","max-snippet":"max-snippet:-1","max-image-preview":"max-image-preview:large","max-video-preview":"max-video-preview:-1"},"canonical":"https:\/\/ninamartinelli.com.br\/blog2\/casa-cor-goias-2023-cotto-vecchio-rosso-compoe-ambiente-afetivo-criado-por-marcos-lula\/","og_locale":"pt_BR","og_type":"article","og_title":"Casa Cor Goi\u00e1s 2023 \u2013 Cotto Vecchio Rosso comp\u00f5e ambiente afetivo criado por Marcos Lula","og_description":"Casa Cor Goi\u00e1s 2023 - Venha conhecer o Lounge Origem, criado por Marcos Lulla, e que ganhou um toque acolhedor com a cer\u00e2mica Cotto Vecchio","og_url":"https:\/\/ninamartinelli.com.br\/blog2\/casa-cor-goias-2023-cotto-vecchio-rosso-compoe-ambiente-afetivo-criado-por-marcos-lula\/","og_site_name":"Blog Nina","article_published_time":"2023-05-17T13:23:12+00:00","og_image":[{"width":1000,"height":666,"url":"https:\/\/ninamartinelli.com.br\/blog2\/wp-content\/uploads\/2023\/05\/casacormarcoslula1.jpg","type":"image\/jpeg"}],"author":"Ana Maria Devides","twitter_card":"summary_large_image","twitter_misc":{"Escrito por":"Ana Maria Devides","Est. tempo de leitura":"3 minutos"},"schema":{"@context":"https:\/\/schema.org","@graph":[{"@type":"Article","@id":"https:\/\/ninamartinelli.com.br\/blog2\/casa-cor-goias-2023-cotto-vecchio-rosso-compoe-ambiente-afetivo-criado-por-marcos-lula\/#article","isPartOf":{"@id":"https:\/\/ninamartinelli.com.br\/blog2\/casa-cor-goias-2023-cotto-vecchio-rosso-compoe-ambiente-afetivo-criado-por-marcos-lula\/"},"author":{"name":"Ana Maria Devides","@id":"https:\/\/ninamartinelli.com.br\/blog2\/#\/schema\/person\/43fbfb1d4cbe3b472995206b2bb06df5"},"headline":"Casa Cor Goi\u00e1s 2023 \u2013 Cotto Vecchio Rosso comp\u00f5e ambiente afetivo criado por Marcos Lula","datePublished":"2023-05-17T13:23:12+00:00","mainEntityOfPage":{"@id":"https:\/\/ninamartinelli.com.br\/blog2\/casa-cor-goias-2023-cotto-vecchio-rosso-compoe-ambiente-afetivo-criado-por-marcos-lula\/"},"wordCount":535,"commentCount":0,"publisher":{"@id":"https:\/\/ninamartinelli.com.br\/blog2\/#organization"},"image":{"@id":"https:\/\/ninamartinelli.com.br\/blog2\/casa-cor-goias-2023-cotto-vecchio-rosso-compoe-ambiente-afetivo-criado-por-marcos-lula\/#primaryimage"},"thumbnailUrl":"https:\/\/ninamartinelli.com.br\/blog2\/wp-content\/uploads\/2023\/05\/casacormarcoslula1.jpg","keywords":["ceramica","cotto vecchio"],"articleSection":["CASA COR","Cer\u00e2mica","Mostras e Eventos","Pisos","Revestimentos","Sustentabilidade"],"inLanguage":"pt-BR","potentialAction":[{"@type":"CommentAction","name":"Comment","target":["https:\/\/ninamartinelli.com.br\/blog2\/casa-cor-goias-2023-cotto-vecchio-rosso-compoe-ambiente-afetivo-criado-por-marcos-lula\/#respond"]}]},{"@type":"WebPage","@id":"https:\/\/ninamartinelli.com.br\/blog2\/casa-cor-goias-2023-cotto-vecchio-rosso-compoe-ambiente-afetivo-criado-por-marcos-lula\/","url":"https:\/\/ninamartinelli.com.br\/blog2\/casa-cor-goias-2023-cotto-vecchio-rosso-compoe-ambiente-afetivo-criado-por-marcos-lula\/","name":"Casa Cor Goi\u00e1s 2023 \u2013 Cotto Vecchio Rosso comp\u00f5e ambiente afetivo criado por Marcos Lula","isPartOf":{"@id":"https:\/\/ninamartinelli.com.br\/blog2\/#website"},"primaryImageOfPage":{"@id":"https:\/\/ninamartinelli.com.br\/blog2\/casa-cor-goias-2023-cotto-vecchio-rosso-compoe-ambiente-afetivo-criado-por-marcos-lula\/#primaryimage"},"image":{"@id":"https:\/\/ninamartinelli.com.br\/blog2\/casa-cor-goias-2023-cotto-vecchio-rosso-compoe-ambiente-afetivo-criado-por-marcos-lula\/#primaryimage"},"thumbnailUrl":"https:\/\/ninamartinelli.com.br\/blog2\/wp-content\/uploads\/2023\/05\/casacormarcoslula1.jpg","datePublished":"2023-05-17T13:23:12+00:00","description":"Casa Cor Goi\u00e1s 2023 - Venha conhecer o Lounge Origem, criado por Marcos Lulla, e que ganhou um toque acolhedor com a cer\u00e2mica Cotto Vecchio","breadcrumb":{"@id":"https:\/\/ninamartinelli.com.br\/blog2\/casa-cor-goias-2023-cotto-vecchio-rosso-compoe-ambiente-afetivo-criado-por-marcos-lula\/#breadcrumb"},"inLanguage":"pt-BR","potentialAction":[{"@type":"ReadAction","target":["https:\/\/ninamartinelli.com.br\/blog2\/casa-cor-goias-2023-cotto-vecchio-rosso-compoe-ambiente-afetivo-criado-por-marcos-lula\/"]}]},{"@type":"ImageObject","inLanguage":"pt-BR","@id":"https:\/\/ninamartinelli.com.br\/blog2\/casa-cor-goias-2023-cotto-vecchio-rosso-compoe-ambiente-afetivo-criado-por-marcos-lula\/#primaryimage","url":"https:\/\/ninamartinelli.com.br\/blog2\/wp-content\/uploads\/2023\/05\/casacormarcoslula1.jpg","contentUrl":"https:\/\/ninamartinelli.com.br\/blog2\/wp-content\/uploads\/2023\/05\/casacormarcoslula1.jpg","width":1000,"height":666},{"@type":"BreadcrumbList","@id":"https:\/\/ninamartinelli.com.br\/blog2\/casa-cor-goias-2023-cotto-vecchio-rosso-compoe-ambiente-afetivo-criado-por-marcos-lula\/#breadcrumb","itemListElement":[{"@type":"ListItem","position":1,"name":"In\u00edcio","item":"https:\/\/ninamartinelli.com.br\/blog2\/"},{"@type":"ListItem","position":2,"name":"Casa Cor Goi\u00e1s 2023 \u2013 Cotto Vecchio Rosso comp\u00f5e ambiente afetivo criado por Marcos Lula"}]},{"@type":"WebSite","@id":"https:\/\/ninamartinelli.com.br\/blog2\/#website","url":"https:\/\/ninamartinelli.com.br\/blog2\/","name":"Nina Martinelli","description":"#Nina_Martinelli","publisher":{"@id":"https:\/\/ninamartinelli.com.br\/blog2\/#organization"},"potentialAction":[{"@type":"SearchAction","target":{"@type":"EntryPoint","urlTemplate":"https:\/\/ninamartinelli.com.br\/blog2\/?s={search_term_string}"},"query-input":{"@type":"PropertyValueSpecification","valueRequired":true,"valueName":"search_term_string"}}],"inLanguage":"pt-BR"},{"@type":"Organization","@id":"https:\/\/ninamartinelli.com.br\/blog2\/#organization","name":"Blog Novidades","url":"https:\/\/ninamartinelli.com.br\/blog2\/","logo":{"@type":"ImageObject","inLanguage":"pt-BR","@id":"https:\/\/ninamartinelli.com.br\/blog2\/#\/schema\/logo\/image\/","url":"http:\/\/blog.ninamartinelli.com.br\/wp-content\/uploads\/2022\/03\/logo_nina_blog.png","contentUrl":"http:\/\/blog.ninamartinelli.com.br\/wp-content\/uploads\/2022\/03\/logo_nina_blog.png","width":500,"height":104,"caption":"Blog Novidades"},"image":{"@id":"https:\/\/ninamartinelli.com.br\/blog2\/#\/schema\/logo\/image\/"}},{"@type":"Person","@id":"https:\/\/ninamartinelli.com.br\/blog2\/#\/schema\/person\/43fbfb1d4cbe3b472995206b2bb06df5","name":"Ana Maria Devides","image":{"@type":"ImageObject","inLanguage":"pt-BR","@id":"https:\/\/ninamartinelli.com.br\/blog2\/#\/schema\/person\/image\/","url":"https:\/\/secure.gravatar.com\/avatar\/a03a82675d8bb3da8e5c5a6872db97be?s=96&d=mm&r=g","contentUrl":"https:\/\/secure.gravatar.com\/avatar\/a03a82675d8bb3da8e5c5a6872db97be?s=96&d=mm&r=g","caption":"Ana Maria Devides"},"url":"https:\/\/ninamartinelli.com.br\/blog2\/author\/assessoria-nina-martinelli\/"}]}},"_links":{"self":[{"href":"https:\/\/ninamartinelli.com.br\/blog2\/wp-json\/wp\/v2\/posts\/1989","targetHints":{"allow":["GET"]}}],"collection":[{"href":"https:\/\/ninamartinelli.com.br\/blog2\/wp-json\/wp\/v2\/posts"}],"about":[{"href":"https:\/\/ninamartinelli.com.br\/blog2\/wp-json\/wp\/v2\/types\/post"}],"author":[{"embeddable":true,"href":"https:\/\/ninamartinelli.com.br\/blog2\/wp-json\/wp\/v2\/users\/2"}],"replies":[{"embeddable":true,"href":"https:\/\/ninamartinelli.com.br\/blog2\/wp-json\/wp\/v2\/comments?post=1989"}],"version-history":[{"count":2,"href":"https:\/\/ninamartinelli.com.br\/blog2\/wp-json\/wp\/v2\/posts\/1989\/revisions"}],"predecessor-version":[{"id":1993,"href":"https:\/\/ninamartinelli.com.br\/blog2\/wp-json\/wp\/v2\/posts\/1989\/revisions\/1993"}],"wp:featuredmedia":[{"embeddable":true,"href":"https:\/\/ninamartinelli.com.br\/blog2\/wp-json\/wp\/v2\/media\/1990"}],"wp:attachment":[{"href":"https:\/\/ninamartinelli.com.br\/blog2\/wp-json\/wp\/v2\/media?parent=1989"}],"wp:term":[{"taxonomy":"category","embeddable":true,"href":"https:\/\/ninamartinelli.com.br\/blog2\/wp-json\/wp\/v2\/categories?post=1989"},{"taxonomy":"post_tag","embeddable":true,"href":"https:\/\/ninamartinelli.com.br\/blog2\/wp-json\/wp\/v2\/tags?post=1989"}],"curies":[{"name":"wp","href":"https:\/\/api.w.org\/{rel}","templated":true}]}}