{"id":1975,"date":"2023-04-26T08:20:40","date_gmt":"2023-04-26T11:20:40","guid":{"rendered":"https:\/\/ninamartinelli.com.br\/blog2\/?p=1975"},"modified":"2023-04-26T08:20:40","modified_gmt":"2023-04-26T11:20:40","slug":"espacos-integrados-com-naturalidade-e-charme-com-revestimento-mediterraneo","status":"publish","type":"post","link":"https:\/\/ninamartinelli.com.br\/blog2\/espacos-integrados-com-naturalidade-e-charme-com-revestimento-mediterraneo\/","title":{"rendered":"Espa\u00e7os integrados com naturalidade e charme, com revestimento Mediterr\u00e2neo"},"content":{"rendered":"<p>Espa\u00e7os integrados s\u00e3o sempre uma solu\u00e7\u00e3o inteligente para dar a sensa\u00e7\u00e3o de amplitude \u2013 espacial e visual \u2013 a ambientes projetados em espa\u00e7os limitados.<\/p>\n<p>A arquiteta <a href=\"https:\/\/www.instagram.com\/marianacarvalhoarq\/\">Mariana Carvalho<\/a>, de Goi\u00e2nia\/GO, usou esse recurso para atender os desejos e necessidades de uma cliente muito especial, uma ceramista que foi morar sozinha numa casa compacta, ali mesmo, na capital goiana.<\/p>\n<p>Al\u00e9m de desejar a sensa\u00e7\u00e3o de amplitude, ela tamb\u00e9m preferia elementos r\u00fasticos, que dessem \u00e0 morada um aspecto org\u00e2nico e acolhedor, e que fosse de f\u00e1cil manuten\u00e7\u00e3o, para que a moradora n\u00e3o dependesse de terceiros e sim, tivesse autonomia total para cuidar dos espa\u00e7os sozinha.<\/p>\n<p>Mariana Carvalho explorou o terreno compacto deixando corredores para os quais grandes aberturas foram direcionadas. E ao inv\u00e9s de fazer dos muros das divisas superf\u00edcies inteiramente \u00e1ridas de cimento, ou ent\u00e3o totalmente cobertas por jardins verticais, ela decidiu incorporar a eles diferentes texturas e volumes.<\/p>\n<p>E foi a\u00ed que entrou o revestimento Mediterr\u00e2neo, da Nina Martinelli, um dos queridinhos dos arquitetos e designers que buscam originalidade e naturalidade para ambientes com toques r\u00fasticos sob medida.<\/p>\n<p>Produzido artesanalmente em cer\u00e2mica, o Mediterr\u00e2neo \u00e9 feito por pequenos volumes com superf\u00edcies arredondadas, que imitam as paredes de taipa e vem agregadas em uma pe\u00e7a maior, medindo 30x30cm.<\/p>\n<p>Ela pr\u00f3pria conta como foi o processo de escolha do produto. \u201cEsse revestimento foi escolhido com muito cuidado para o ambiente externo paralelo \u00e0 sala de estar. A gente queria algo para humanizar os corredores, para quando abr\u00edssemos as esquadrias, o revestimento entrasse na casa, realmente, dando essa sensa\u00e7\u00e3o de integra\u00e7\u00e3o e, ainda por cima, decorando o espa\u00e7o\u201d, explica ela.<\/p>\n<p>Por falar em decora\u00e7\u00e3o e humaniza\u00e7\u00e3o, Mariana explorou o verde de maneira muito criativa, com uma faixa portentosas samambaias no topo do muro, e um jardim baixo na base, optando por um grande painel feito com o Mediterr\u00e2neo no meio desses dois elementos.<\/p>\n<p>Buscando tamb\u00e9m enriquecer visualmente os Espa\u00e7os integrados, sem dar a sensa\u00e7\u00e3o claustrof\u00f3bica que os espa\u00e7os mais restritos muitas vezes causam, Mariana usou cobog\u00f3s para delimitar a \u00e1rea onde fica o ateli\u00ea da cliente ceramista, e aqueceu o espa\u00e7o com prateleiras e pe\u00e7as complementares em madeira. Alguns objetos em ferro tamb\u00e9m foram incorporados.<\/p>\n<p>Uma bel\u00edssima poltrona no c\u00e9lebre modelo \u201cMole\u201d que o grande designer S\u00e9rgio Rodrigues criou nos anos 1950, complementa o ambiente com muita personalidade. \u201cO resultado n\u00e3o poderia ter sido melhor\u201d, comemora a arquiteta.<\/p>\n<p>O revestimento Mediterr\u00e2neo foi adquirido para a cliente de Mariana na <a href=\"https:\/\/www.instagram.com\/viva.revestimentos\/\">Viv\u00e1 Revestimentos<\/a>, loja especializada em acabamentos de alt\u00edssima qualidade e bom gosto, em Goi\u00e2nia.<\/p>\n<p>&nbsp;<\/p>\n<p><strong>Servi\u00e7o:<\/strong><\/p>\n<p><strong>\u00c1rea externa da sala de estar \u2013 Espa\u00e7os integrados em resid\u00eancia compacta em Goi\u00e2nia\/GO<\/strong><\/p>\n<p><strong>Produto <\/strong>\u2013 Revestimento Mediterr\u00e2neo 30x30cm<\/p>\n<p><strong>Projeto e fotos<\/strong>: Mariana Carvalho Arquitetura<\/p>\n<p><strong>Instagram:<\/strong> @marianacarvalhoarq<\/p>\n<p><strong>Telefone:<\/strong> +55 62 9205-8474<\/p>\n<p><strong>Loja revendedora parceira:<\/strong> Viv\u00e1 Revestimentos Especiais<\/p>\n<p><strong>Instagram:<\/strong> @viva.revestimentos<\/p>\n","protected":false},"excerpt":{"rendered":"<p>Espa\u00e7os integrados s\u00e3o sempre uma solu\u00e7\u00e3o inteligente para dar a sensa\u00e7\u00e3o de amplitude \u2013 espacial<\/p>\n","protected":false},"author":2,"featured_media":1976,"comment_status":"open","ping_status":"open","sticky":false,"template":"","format":"standard","meta":{"footnotes":""},"categories":[59,26],"tags":[39,45,46],"class_list":["post-1975","post","type-post","status-publish","format-standard","has-post-thumbnail","hentry","category-ceramica","category-revestimentos","tag-area-externa","tag-ceramica","tag-revestimento"],"yoast_head":"<!-- This site is optimized with the Yoast SEO plugin v26.8 - https:\/\/yoast.com\/product\/yoast-seo-wordpress\/ -->\n<title>Espa\u00e7os integrados com naturalidade e charme, com revestimento Mediterr\u00e2neo<\/title>\n<meta name=\"description\" content=\"Espa\u00e7os integrados costumam ser uma \u00f3tima solu\u00e7\u00e3o para dar sensa\u00e7\u00e3o de amplitude quando h\u00e1 limita\u00e7\u00e3o na metragem dispon\u00edvel para construir\" \/>\n<meta name=\"robots\" content=\"index, follow, max-snippet:-1, max-image-preview:large, max-video-preview:-1\" \/>\n<link rel=\"canonical\" href=\"https:\/\/ninamartinelli.com.br\/blog2\/espacos-integrados-com-naturalidade-e-charme-com-revestimento-mediterraneo\/\" \/>\n<meta property=\"og:locale\" content=\"pt_BR\" \/>\n<meta property=\"og:type\" content=\"article\" \/>\n<meta property=\"og:title\" content=\"Espa\u00e7os integrados com naturalidade e charme, com revestimento Mediterr\u00e2neo\" \/>\n<meta property=\"og:description\" content=\"Espa\u00e7os integrados costumam ser uma \u00f3tima solu\u00e7\u00e3o para dar sensa\u00e7\u00e3o de amplitude quando h\u00e1 limita\u00e7\u00e3o na metragem dispon\u00edvel para construir\" \/>\n<meta property=\"og:url\" content=\"https:\/\/ninamartinelli.com.br\/blog2\/espacos-integrados-com-naturalidade-e-charme-com-revestimento-mediterraneo\/\" \/>\n<meta property=\"og:site_name\" content=\"Blog Nina\" \/>\n<meta property=\"article:published_time\" content=\"2023-04-26T11:20:40+00:00\" \/>\n<meta property=\"og:image\" content=\"https:\/\/ninamartinelli.com.br\/blog2\/wp-content\/uploads\/2023\/04\/mariana-arquiteta.jpeg\" \/>\n\t<meta property=\"og:image:width\" content=\"1024\" \/>\n\t<meta property=\"og:image:height\" content=\"691\" \/>\n\t<meta property=\"og:image:type\" content=\"image\/jpeg\" \/>\n<meta name=\"author\" content=\"Ana Maria Devides\" \/>\n<meta name=\"twitter:card\" content=\"summary_large_image\" \/>\n<meta name=\"twitter:label1\" content=\"Escrito por\" \/>\n\t<meta name=\"twitter:data1\" content=\"Ana Maria Devides\" \/>\n\t<meta name=\"twitter:label2\" content=\"Est. tempo de leitura\" \/>\n\t<meta name=\"twitter:data2\" content=\"3 minutos\" \/>\n<script type=\"application\/ld+json\" class=\"yoast-schema-graph\">{\"@context\":\"https:\/\/schema.org\",\"@graph\":[{\"@type\":\"Article\",\"@id\":\"https:\/\/ninamartinelli.com.br\/blog2\/espacos-integrados-com-naturalidade-e-charme-com-revestimento-mediterraneo\/#article\",\"isPartOf\":{\"@id\":\"https:\/\/ninamartinelli.com.br\/blog2\/espacos-integrados-com-naturalidade-e-charme-com-revestimento-mediterraneo\/\"},\"author\":{\"name\":\"Ana Maria Devides\",\"@id\":\"https:\/\/ninamartinelli.com.br\/blog2\/#\/schema\/person\/43fbfb1d4cbe3b472995206b2bb06df5\"},\"headline\":\"Espa\u00e7os integrados com naturalidade e charme, com revestimento Mediterr\u00e2neo\",\"datePublished\":\"2023-04-26T11:20:40+00:00\",\"mainEntityOfPage\":{\"@id\":\"https:\/\/ninamartinelli.com.br\/blog2\/espacos-integrados-com-naturalidade-e-charme-com-revestimento-mediterraneo\/\"},\"wordCount\":520,\"commentCount\":0,\"publisher\":{\"@id\":\"https:\/\/ninamartinelli.com.br\/blog2\/#organization\"},\"image\":{\"@id\":\"https:\/\/ninamartinelli.com.br\/blog2\/espacos-integrados-com-naturalidade-e-charme-com-revestimento-mediterraneo\/#primaryimage\"},\"thumbnailUrl\":\"https:\/\/ninamartinelli.com.br\/blog2\/wp-content\/uploads\/2023\/04\/mariana-arquiteta.jpeg\",\"keywords\":[\"area externa\",\"ceramica\",\"revestimento\"],\"articleSection\":[\"Cer\u00e2mica\",\"Revestimentos\"],\"inLanguage\":\"pt-BR\",\"potentialAction\":[{\"@type\":\"CommentAction\",\"name\":\"Comment\",\"target\":[\"https:\/\/ninamartinelli.com.br\/blog2\/espacos-integrados-com-naturalidade-e-charme-com-revestimento-mediterraneo\/#respond\"]}]},{\"@type\":\"WebPage\",\"@id\":\"https:\/\/ninamartinelli.com.br\/blog2\/espacos-integrados-com-naturalidade-e-charme-com-revestimento-mediterraneo\/\",\"url\":\"https:\/\/ninamartinelli.com.br\/blog2\/espacos-integrados-com-naturalidade-e-charme-com-revestimento-mediterraneo\/\",\"name\":\"Espa\u00e7os integrados com naturalidade e charme, com revestimento Mediterr\u00e2neo\",\"isPartOf\":{\"@id\":\"https:\/\/ninamartinelli.com.br\/blog2\/#website\"},\"primaryImageOfPage\":{\"@id\":\"https:\/\/ninamartinelli.com.br\/blog2\/espacos-integrados-com-naturalidade-e-charme-com-revestimento-mediterraneo\/#primaryimage\"},\"image\":{\"@id\":\"https:\/\/ninamartinelli.com.br\/blog2\/espacos-integrados-com-naturalidade-e-charme-com-revestimento-mediterraneo\/#primaryimage\"},\"thumbnailUrl\":\"https:\/\/ninamartinelli.com.br\/blog2\/wp-content\/uploads\/2023\/04\/mariana-arquiteta.jpeg\",\"datePublished\":\"2023-04-26T11:20:40+00:00\",\"description\":\"Espa\u00e7os integrados costumam ser uma \u00f3tima solu\u00e7\u00e3o para dar sensa\u00e7\u00e3o de amplitude quando h\u00e1 limita\u00e7\u00e3o na metragem dispon\u00edvel para construir\",\"breadcrumb\":{\"@id\":\"https:\/\/ninamartinelli.com.br\/blog2\/espacos-integrados-com-naturalidade-e-charme-com-revestimento-mediterraneo\/#breadcrumb\"},\"inLanguage\":\"pt-BR\",\"potentialAction\":[{\"@type\":\"ReadAction\",\"target\":[\"https:\/\/ninamartinelli.com.br\/blog2\/espacos-integrados-com-naturalidade-e-charme-com-revestimento-mediterraneo\/\"]}]},{\"@type\":\"ImageObject\",\"inLanguage\":\"pt-BR\",\"@id\":\"https:\/\/ninamartinelli.com.br\/blog2\/espacos-integrados-com-naturalidade-e-charme-com-revestimento-mediterraneo\/#primaryimage\",\"url\":\"https:\/\/ninamartinelli.com.br\/blog2\/wp-content\/uploads\/2023\/04\/mariana-arquiteta.jpeg\",\"contentUrl\":\"https:\/\/ninamartinelli.com.br\/blog2\/wp-content\/uploads\/2023\/04\/mariana-arquiteta.jpeg\",\"width\":1024,\"height\":691},{\"@type\":\"BreadcrumbList\",\"@id\":\"https:\/\/ninamartinelli.com.br\/blog2\/espacos-integrados-com-naturalidade-e-charme-com-revestimento-mediterraneo\/#breadcrumb\",\"itemListElement\":[{\"@type\":\"ListItem\",\"position\":1,\"name\":\"In\u00edcio\",\"item\":\"https:\/\/ninamartinelli.com.br\/blog2\/\"},{\"@type\":\"ListItem\",\"position\":2,\"name\":\"Espa\u00e7os integrados com naturalidade e charme, com revestimento Mediterr\u00e2neo\"}]},{\"@type\":\"WebSite\",\"@id\":\"https:\/\/ninamartinelli.com.br\/blog2\/#website\",\"url\":\"https:\/\/ninamartinelli.com.br\/blog2\/\",\"name\":\"Nina Martinelli\",\"description\":\"#Nina_Martinelli\",\"publisher\":{\"@id\":\"https:\/\/ninamartinelli.com.br\/blog2\/#organization\"},\"potentialAction\":[{\"@type\":\"SearchAction\",\"target\":{\"@type\":\"EntryPoint\",\"urlTemplate\":\"https:\/\/ninamartinelli.com.br\/blog2\/?s={search_term_string}\"},\"query-input\":{\"@type\":\"PropertyValueSpecification\",\"valueRequired\":true,\"valueName\":\"search_term_string\"}}],\"inLanguage\":\"pt-BR\"},{\"@type\":\"Organization\",\"@id\":\"https:\/\/ninamartinelli.com.br\/blog2\/#organization\",\"name\":\"Blog Novidades\",\"url\":\"https:\/\/ninamartinelli.com.br\/blog2\/\",\"logo\":{\"@type\":\"ImageObject\",\"inLanguage\":\"pt-BR\",\"@id\":\"https:\/\/ninamartinelli.com.br\/blog2\/#\/schema\/logo\/image\/\",\"url\":\"http:\/\/blog.ninamartinelli.com.br\/wp-content\/uploads\/2022\/03\/logo_nina_blog.png\",\"contentUrl\":\"http:\/\/blog.ninamartinelli.com.br\/wp-content\/uploads\/2022\/03\/logo_nina_blog.png\",\"width\":500,\"height\":104,\"caption\":\"Blog Novidades\"},\"image\":{\"@id\":\"https:\/\/ninamartinelli.com.br\/blog2\/#\/schema\/logo\/image\/\"}},{\"@type\":\"Person\",\"@id\":\"https:\/\/ninamartinelli.com.br\/blog2\/#\/schema\/person\/43fbfb1d4cbe3b472995206b2bb06df5\",\"name\":\"Ana Maria Devides\",\"image\":{\"@type\":\"ImageObject\",\"inLanguage\":\"pt-BR\",\"@id\":\"https:\/\/ninamartinelli.com.br\/blog2\/#\/schema\/person\/image\/\",\"url\":\"https:\/\/secure.gravatar.com\/avatar\/a03a82675d8bb3da8e5c5a6872db97be?s=96&d=mm&r=g\",\"contentUrl\":\"https:\/\/secure.gravatar.com\/avatar\/a03a82675d8bb3da8e5c5a6872db97be?s=96&d=mm&r=g\",\"caption\":\"Ana Maria Devides\"},\"url\":\"https:\/\/ninamartinelli.com.br\/blog2\/author\/assessoria-nina-martinelli\/\"}]}<\/script>\n<!-- \/ Yoast SEO plugin. -->","yoast_head_json":{"title":"Espa\u00e7os integrados com naturalidade e charme, com revestimento Mediterr\u00e2neo","description":"Espa\u00e7os integrados costumam ser uma \u00f3tima solu\u00e7\u00e3o para dar sensa\u00e7\u00e3o de amplitude quando h\u00e1 limita\u00e7\u00e3o na metragem dispon\u00edvel para construir","robots":{"index":"index","follow":"follow","max-snippet":"max-snippet:-1","max-image-preview":"max-image-preview:large","max-video-preview":"max-video-preview:-1"},"canonical":"https:\/\/ninamartinelli.com.br\/blog2\/espacos-integrados-com-naturalidade-e-charme-com-revestimento-mediterraneo\/","og_locale":"pt_BR","og_type":"article","og_title":"Espa\u00e7os integrados com naturalidade e charme, com revestimento Mediterr\u00e2neo","og_description":"Espa\u00e7os integrados costumam ser uma \u00f3tima solu\u00e7\u00e3o para dar sensa\u00e7\u00e3o de amplitude quando h\u00e1 limita\u00e7\u00e3o na metragem dispon\u00edvel para construir","og_url":"https:\/\/ninamartinelli.com.br\/blog2\/espacos-integrados-com-naturalidade-e-charme-com-revestimento-mediterraneo\/","og_site_name":"Blog Nina","article_published_time":"2023-04-26T11:20:40+00:00","og_image":[{"width":1024,"height":691,"url":"https:\/\/ninamartinelli.com.br\/blog2\/wp-content\/uploads\/2023\/04\/mariana-arquiteta.jpeg","type":"image\/jpeg"}],"author":"Ana Maria Devides","twitter_card":"summary_large_image","twitter_misc":{"Escrito por":"Ana Maria Devides","Est. tempo de leitura":"3 minutos"},"schema":{"@context":"https:\/\/schema.org","@graph":[{"@type":"Article","@id":"https:\/\/ninamartinelli.com.br\/blog2\/espacos-integrados-com-naturalidade-e-charme-com-revestimento-mediterraneo\/#article","isPartOf":{"@id":"https:\/\/ninamartinelli.com.br\/blog2\/espacos-integrados-com-naturalidade-e-charme-com-revestimento-mediterraneo\/"},"author":{"name":"Ana Maria Devides","@id":"https:\/\/ninamartinelli.com.br\/blog2\/#\/schema\/person\/43fbfb1d4cbe3b472995206b2bb06df5"},"headline":"Espa\u00e7os integrados com naturalidade e charme, com revestimento Mediterr\u00e2neo","datePublished":"2023-04-26T11:20:40+00:00","mainEntityOfPage":{"@id":"https:\/\/ninamartinelli.com.br\/blog2\/espacos-integrados-com-naturalidade-e-charme-com-revestimento-mediterraneo\/"},"wordCount":520,"commentCount":0,"publisher":{"@id":"https:\/\/ninamartinelli.com.br\/blog2\/#organization"},"image":{"@id":"https:\/\/ninamartinelli.com.br\/blog2\/espacos-integrados-com-naturalidade-e-charme-com-revestimento-mediterraneo\/#primaryimage"},"thumbnailUrl":"https:\/\/ninamartinelli.com.br\/blog2\/wp-content\/uploads\/2023\/04\/mariana-arquiteta.jpeg","keywords":["area externa","ceramica","revestimento"],"articleSection":["Cer\u00e2mica","Revestimentos"],"inLanguage":"pt-BR","potentialAction":[{"@type":"CommentAction","name":"Comment","target":["https:\/\/ninamartinelli.com.br\/blog2\/espacos-integrados-com-naturalidade-e-charme-com-revestimento-mediterraneo\/#respond"]}]},{"@type":"WebPage","@id":"https:\/\/ninamartinelli.com.br\/blog2\/espacos-integrados-com-naturalidade-e-charme-com-revestimento-mediterraneo\/","url":"https:\/\/ninamartinelli.com.br\/blog2\/espacos-integrados-com-naturalidade-e-charme-com-revestimento-mediterraneo\/","name":"Espa\u00e7os integrados com naturalidade e charme, com revestimento Mediterr\u00e2neo","isPartOf":{"@id":"https:\/\/ninamartinelli.com.br\/blog2\/#website"},"primaryImageOfPage":{"@id":"https:\/\/ninamartinelli.com.br\/blog2\/espacos-integrados-com-naturalidade-e-charme-com-revestimento-mediterraneo\/#primaryimage"},"image":{"@id":"https:\/\/ninamartinelli.com.br\/blog2\/espacos-integrados-com-naturalidade-e-charme-com-revestimento-mediterraneo\/#primaryimage"},"thumbnailUrl":"https:\/\/ninamartinelli.com.br\/blog2\/wp-content\/uploads\/2023\/04\/mariana-arquiteta.jpeg","datePublished":"2023-04-26T11:20:40+00:00","description":"Espa\u00e7os integrados costumam ser uma \u00f3tima solu\u00e7\u00e3o para dar sensa\u00e7\u00e3o de amplitude quando h\u00e1 limita\u00e7\u00e3o na metragem dispon\u00edvel para construir","breadcrumb":{"@id":"https:\/\/ninamartinelli.com.br\/blog2\/espacos-integrados-com-naturalidade-e-charme-com-revestimento-mediterraneo\/#breadcrumb"},"inLanguage":"pt-BR","potentialAction":[{"@type":"ReadAction","target":["https:\/\/ninamartinelli.com.br\/blog2\/espacos-integrados-com-naturalidade-e-charme-com-revestimento-mediterraneo\/"]}]},{"@type":"ImageObject","inLanguage":"pt-BR","@id":"https:\/\/ninamartinelli.com.br\/blog2\/espacos-integrados-com-naturalidade-e-charme-com-revestimento-mediterraneo\/#primaryimage","url":"https:\/\/ninamartinelli.com.br\/blog2\/wp-content\/uploads\/2023\/04\/mariana-arquiteta.jpeg","contentUrl":"https:\/\/ninamartinelli.com.br\/blog2\/wp-content\/uploads\/2023\/04\/mariana-arquiteta.jpeg","width":1024,"height":691},{"@type":"BreadcrumbList","@id":"https:\/\/ninamartinelli.com.br\/blog2\/espacos-integrados-com-naturalidade-e-charme-com-revestimento-mediterraneo\/#breadcrumb","itemListElement":[{"@type":"ListItem","position":1,"name":"In\u00edcio","item":"https:\/\/ninamartinelli.com.br\/blog2\/"},{"@type":"ListItem","position":2,"name":"Espa\u00e7os integrados com naturalidade e charme, com revestimento Mediterr\u00e2neo"}]},{"@type":"WebSite","@id":"https:\/\/ninamartinelli.com.br\/blog2\/#website","url":"https:\/\/ninamartinelli.com.br\/blog2\/","name":"Nina Martinelli","description":"#Nina_Martinelli","publisher":{"@id":"https:\/\/ninamartinelli.com.br\/blog2\/#organization"},"potentialAction":[{"@type":"SearchAction","target":{"@type":"EntryPoint","urlTemplate":"https:\/\/ninamartinelli.com.br\/blog2\/?s={search_term_string}"},"query-input":{"@type":"PropertyValueSpecification","valueRequired":true,"valueName":"search_term_string"}}],"inLanguage":"pt-BR"},{"@type":"Organization","@id":"https:\/\/ninamartinelli.com.br\/blog2\/#organization","name":"Blog Novidades","url":"https:\/\/ninamartinelli.com.br\/blog2\/","logo":{"@type":"ImageObject","inLanguage":"pt-BR","@id":"https:\/\/ninamartinelli.com.br\/blog2\/#\/schema\/logo\/image\/","url":"http:\/\/blog.ninamartinelli.com.br\/wp-content\/uploads\/2022\/03\/logo_nina_blog.png","contentUrl":"http:\/\/blog.ninamartinelli.com.br\/wp-content\/uploads\/2022\/03\/logo_nina_blog.png","width":500,"height":104,"caption":"Blog Novidades"},"image":{"@id":"https:\/\/ninamartinelli.com.br\/blog2\/#\/schema\/logo\/image\/"}},{"@type":"Person","@id":"https:\/\/ninamartinelli.com.br\/blog2\/#\/schema\/person\/43fbfb1d4cbe3b472995206b2bb06df5","name":"Ana Maria Devides","image":{"@type":"ImageObject","inLanguage":"pt-BR","@id":"https:\/\/ninamartinelli.com.br\/blog2\/#\/schema\/person\/image\/","url":"https:\/\/secure.gravatar.com\/avatar\/a03a82675d8bb3da8e5c5a6872db97be?s=96&d=mm&r=g","contentUrl":"https:\/\/secure.gravatar.com\/avatar\/a03a82675d8bb3da8e5c5a6872db97be?s=96&d=mm&r=g","caption":"Ana Maria Devides"},"url":"https:\/\/ninamartinelli.com.br\/blog2\/author\/assessoria-nina-martinelli\/"}]}},"_links":{"self":[{"href":"https:\/\/ninamartinelli.com.br\/blog2\/wp-json\/wp\/v2\/posts\/1975","targetHints":{"allow":["GET"]}}],"collection":[{"href":"https:\/\/ninamartinelli.com.br\/blog2\/wp-json\/wp\/v2\/posts"}],"about":[{"href":"https:\/\/ninamartinelli.com.br\/blog2\/wp-json\/wp\/v2\/types\/post"}],"author":[{"embeddable":true,"href":"https:\/\/ninamartinelli.com.br\/blog2\/wp-json\/wp\/v2\/users\/2"}],"replies":[{"embeddable":true,"href":"https:\/\/ninamartinelli.com.br\/blog2\/wp-json\/wp\/v2\/comments?post=1975"}],"version-history":[{"count":1,"href":"https:\/\/ninamartinelli.com.br\/blog2\/wp-json\/wp\/v2\/posts\/1975\/revisions"}],"predecessor-version":[{"id":1977,"href":"https:\/\/ninamartinelli.com.br\/blog2\/wp-json\/wp\/v2\/posts\/1975\/revisions\/1977"}],"wp:featuredmedia":[{"embeddable":true,"href":"https:\/\/ninamartinelli.com.br\/blog2\/wp-json\/wp\/v2\/media\/1976"}],"wp:attachment":[{"href":"https:\/\/ninamartinelli.com.br\/blog2\/wp-json\/wp\/v2\/media?parent=1975"}],"wp:term":[{"taxonomy":"category","embeddable":true,"href":"https:\/\/ninamartinelli.com.br\/blog2\/wp-json\/wp\/v2\/categories?post=1975"},{"taxonomy":"post_tag","embeddable":true,"href":"https:\/\/ninamartinelli.com.br\/blog2\/wp-json\/wp\/v2\/tags?post=1975"}],"curies":[{"name":"wp","href":"https:\/\/api.w.org\/{rel}","templated":true}]}}