{"id":1951,"date":"2023-03-29T10:34:57","date_gmt":"2023-03-29T13:34:57","guid":{"rendered":"https:\/\/ninamartinelli.com.br\/blog2\/?p=1951"},"modified":"2023-03-29T10:34:57","modified_gmt":"2023-03-29T13:34:57","slug":"cotto-vecchio-paglia-da-aconchego-e-personalidade-a-escritorio-de-arquitetura-em-goiania","status":"publish","type":"post","link":"https:\/\/ninamartinelli.com.br\/blog2\/cotto-vecchio-paglia-da-aconchego-e-personalidade-a-escritorio-de-arquitetura-em-goiania\/","title":{"rendered":"Cotto Vecchio Paglia d\u00e1 aconchego e personalidade a escrit\u00f3rio de arquitetura em Goi\u00e2nia"},"content":{"rendered":"<p>Cotto Vecchio Paglia &#8211; Ter os produtos Nina Martinelli especificados por renomados profissionais de arquitetura e design de interiores para enriquecer projetos que eles idealizam para seus clientes \u00e9 algo que nos move, afinal, buscamos sempre produzir pisos e revestimentos de alt\u00edssima qualidade, bom gosto e sustentabilidade.<\/p>\n<p>Entretanto, quando a escolha desses profissionais visa atender seus pr\u00f3prios projetos pessoais, ou noutras palavras, quando eles escolhem nossos produtos para seus escrit\u00f3rios ou resid\u00eancias, isso significa uma valida\u00e7\u00e3o incontest\u00e1vel, um reconhecimento incompar\u00e1vel do nosso trabalho.<\/p>\n<p>E o arquiteto goiano Marcos Lula nos honrou com a escolha da cer\u00e2mica <a href=\"https:\/\/www.ninamartinelli.com.br\/#!\/pt\/produtos\/139000000-piso-cotto-vecchio\">Cotto Vecchio Paglia<\/a> para revestir paredes de seu novo escrit\u00f3rio na capital de Goi\u00e1s.<\/p>\n<p><img loading=\"lazy\" decoding=\"async\" class=\" wp-image-1952 alignleft\" src=\"https:\/\/ninamartinelli.com.br\/blog2\/wp-content\/uploads\/2023\/03\/ESCRITORIO-MARCOS-LULA3-300x263.jpg\" alt=\"\" width=\"337\" height=\"295\" srcset=\"https:\/\/ninamartinelli.com.br\/blog2\/wp-content\/uploads\/2023\/03\/ESCRITORIO-MARCOS-LULA3-300x263.jpg 300w, https:\/\/ninamartinelli.com.br\/blog2\/wp-content\/uploads\/2023\/03\/ESCRITORIO-MARCOS-LULA3.jpg 720w\" sizes=\"auto, (max-width: 337px) 100vw, 337px\" \/><\/p>\n<p>Em parceria com a <a href=\"https:\/\/www.instagram.com\/viva.revestimentos\/\">Viv\u00e1 Revestimentos<\/a>, loja especializada em acabamentos de qualidade, o Cotto Vecchio Paglia foi escolhido para ser aplicado em paredes do pr\u00f3prio espa\u00e7o de atendimento de clientes e tamb\u00e9m em um lind\u00edssimo lavabo.<\/p>\n<p>A escolha foi pelo modelo que mede 11,5&#215;11,50 e o assentamento foi feito de duas formas diferentes. Com junta seca no escrit\u00f3rio e com espa\u00e7o para o rejunte nas paredes do lavabo.<\/p>\n<p>Os ambientes contam com v\u00e1rios outros elementos que dialogam com a cer\u00e2mica natural, tais como concreto, madeira clara, fitas de LED, etc. Tudo muito leve e aconchegante.<\/p>\n<p><strong>O produto<\/strong><\/p>\n<p>A cer\u00e2mica Cotto Vecchio est\u00e1 dispon\u00edvel em v\u00e1rios modelos e dimens\u00f5es. Neste, particularmente, \u00e9 disponibilizada tamb\u00e9m nas medidas 5,2&#215;5,2 &#8211; 5,2&#215;11,5 &#8211; 5,2&#215;24 &#8211; 11,5&#215;11,5 &#8211; 11,5&#215;24 &#8211; 24&#215;24 e nos tons Rosso, Paglia, Rosso Ruggine, Paglia Ruggine Nero e Sfumato &#8211; com varia\u00e7\u00f5es de tonalidade t\u00edpicas originadas por processo de queima.<\/p>\n<p>As dimens\u00f5es combinadas formam belas pagina\u00e7\u00f5es no ch\u00e3o do ambiente. O processo de queima, juntamente com o processo de envelhecimento das pe\u00e7as, resulta em materiais com alto grau de singularidade.<\/p>\n<p><img loading=\"lazy\" decoding=\"async\" class=\"size-medium wp-image-1954 alignleft\" src=\"https:\/\/ninamartinelli.com.br\/blog2\/wp-content\/uploads\/2023\/03\/ESCRITORIO-MARCOS-LULA2-300x297.jpg\" alt=\"\" width=\"300\" height=\"297\" srcset=\"https:\/\/ninamartinelli.com.br\/blog2\/wp-content\/uploads\/2023\/03\/ESCRITORIO-MARCOS-LULA2-300x297.jpg 300w, https:\/\/ninamartinelli.com.br\/blog2\/wp-content\/uploads\/2023\/03\/ESCRITORIO-MARCOS-LULA2-150x150.jpg 150w, https:\/\/ninamartinelli.com.br\/blog2\/wp-content\/uploads\/2023\/03\/ESCRITORIO-MARCOS-LULA2-50x50.jpg 50w, https:\/\/ninamartinelli.com.br\/blog2\/wp-content\/uploads\/2023\/03\/ESCRITORIO-MARCOS-LULA2.jpg 720w\" sizes=\"auto, (max-width: 300px) 100vw, 300px\" \/><\/p>\n<p><strong>Servi\u00e7o<\/strong><\/p>\n<p><strong>Escrit\u00f3rio de Arquitetura \u2013 Marcos Lula, Goi\u00e2nia\/GO<\/strong><\/p>\n<p><strong>Produto \u2013 <\/strong>Cotto Vecchio Paglia, 11x5x11,5<\/p>\n<p><strong>Instagram \u2013 <\/strong>@arqmarcoslula<\/p>\n<p><strong>Fotos e loja parceira \u2013 <\/strong>Viv\u00e1 Revestimentos \u2013 Goi\u00e2nia\/GO<\/p>\n<p><strong>Instagram: <\/strong>@viva.revestimentos<\/p>\n","protected":false},"excerpt":{"rendered":"<p>Cotto Vecchio Paglia &#8211; Ter os produtos Nina Martinelli especificados por renomados profissionais de arquitetura<\/p>\n","protected":false},"author":2,"featured_media":1953,"comment_status":"open","ping_status":"open","sticky":false,"template":"","format":"standard","meta":{"footnotes":""},"categories":[59],"tags":[40,45],"class_list":["post-1951","post","type-post","status-publish","format-standard","has-post-thumbnail","hentry","category-ceramica","tag-area-interna","tag-ceramica"],"yoast_head":"<!-- This site is optimized with the Yoast SEO plugin v26.8 - https:\/\/yoast.com\/product\/yoast-seo-wordpress\/ -->\n<title>Cotto Vecchio Paglia d\u00e1 aconchego e personalidade a escrit\u00f3rio de arquitetura em Goi\u00e2nia - Blog Nina Cotto Vecchio Paglia d\u00e1 aconchego e personalidade a escrit\u00f3rio de arquitetura em Goi\u00e2nia<\/title>\n<meta name=\"description\" content=\"Cotto Vecchio Paglia foi aplicado em paredes do lavabo e do pr\u00f3prio escrit\u00f3rio do arquiteto, numa parceria com a Viv\u00e1 Revestimentos\" \/>\n<meta name=\"robots\" content=\"index, follow, max-snippet:-1, max-image-preview:large, max-video-preview:-1\" \/>\n<link rel=\"canonical\" href=\"https:\/\/ninamartinelli.com.br\/blog2\/cotto-vecchio-paglia-da-aconchego-e-personalidade-a-escritorio-de-arquitetura-em-goiania\/\" \/>\n<meta property=\"og:locale\" content=\"pt_BR\" \/>\n<meta property=\"og:type\" content=\"article\" \/>\n<meta property=\"og:title\" content=\"Cotto Vecchio Paglia d\u00e1 aconchego e personalidade a escrit\u00f3rio de arquitetura em Goi\u00e2nia - Blog Nina Cotto Vecchio Paglia d\u00e1 aconchego e personalidade a escrit\u00f3rio de arquitetura em Goi\u00e2nia\" \/>\n<meta property=\"og:description\" content=\"Cotto Vecchio Paglia foi aplicado em paredes do lavabo e do pr\u00f3prio escrit\u00f3rio do arquiteto, numa parceria com a Viv\u00e1 Revestimentos\" \/>\n<meta property=\"og:url\" content=\"https:\/\/ninamartinelli.com.br\/blog2\/cotto-vecchio-paglia-da-aconchego-e-personalidade-a-escritorio-de-arquitetura-em-goiania\/\" \/>\n<meta property=\"og:site_name\" content=\"Blog Nina\" \/>\n<meta property=\"article:published_time\" content=\"2023-03-29T13:34:57+00:00\" \/>\n<meta property=\"og:image\" content=\"https:\/\/ninamartinelli.com.br\/blog2\/wp-content\/uploads\/2023\/03\/LAVABO-MARCOS-LULA1.jpg\" \/>\n\t<meta property=\"og:image:width\" content=\"720\" \/>\n\t<meta property=\"og:image:height\" content=\"690\" \/>\n\t<meta property=\"og:image:type\" content=\"image\/jpeg\" \/>\n<meta name=\"author\" content=\"Ana Maria Devides\" \/>\n<meta name=\"twitter:card\" content=\"summary_large_image\" \/>\n<meta name=\"twitter:label1\" content=\"Escrito por\" \/>\n\t<meta name=\"twitter:data1\" content=\"Ana Maria Devides\" \/>\n\t<meta name=\"twitter:label2\" content=\"Est. tempo de leitura\" \/>\n\t<meta name=\"twitter:data2\" content=\"3 minutos\" \/>\n<script type=\"application\/ld+json\" class=\"yoast-schema-graph\">{\"@context\":\"https:\/\/schema.org\",\"@graph\":[{\"@type\":\"Article\",\"@id\":\"https:\/\/ninamartinelli.com.br\/blog2\/cotto-vecchio-paglia-da-aconchego-e-personalidade-a-escritorio-de-arquitetura-em-goiania\/#article\",\"isPartOf\":{\"@id\":\"https:\/\/ninamartinelli.com.br\/blog2\/cotto-vecchio-paglia-da-aconchego-e-personalidade-a-escritorio-de-arquitetura-em-goiania\/\"},\"author\":{\"name\":\"Ana Maria Devides\",\"@id\":\"https:\/\/ninamartinelli.com.br\/blog2\/#\/schema\/person\/43fbfb1d4cbe3b472995206b2bb06df5\"},\"headline\":\"Cotto Vecchio Paglia d\u00e1 aconchego e personalidade a escrit\u00f3rio de arquitetura em Goi\u00e2nia\",\"datePublished\":\"2023-03-29T13:34:57+00:00\",\"mainEntityOfPage\":{\"@id\":\"https:\/\/ninamartinelli.com.br\/blog2\/cotto-vecchio-paglia-da-aconchego-e-personalidade-a-escritorio-de-arquitetura-em-goiania\/\"},\"wordCount\":362,\"commentCount\":0,\"publisher\":{\"@id\":\"https:\/\/ninamartinelli.com.br\/blog2\/#organization\"},\"image\":{\"@id\":\"https:\/\/ninamartinelli.com.br\/blog2\/cotto-vecchio-paglia-da-aconchego-e-personalidade-a-escritorio-de-arquitetura-em-goiania\/#primaryimage\"},\"thumbnailUrl\":\"https:\/\/ninamartinelli.com.br\/blog2\/wp-content\/uploads\/2023\/03\/LAVABO-MARCOS-LULA1.jpg\",\"keywords\":[\"area interna\",\"ceramica\"],\"articleSection\":[\"Cer\u00e2mica\"],\"inLanguage\":\"pt-BR\",\"potentialAction\":[{\"@type\":\"CommentAction\",\"name\":\"Comment\",\"target\":[\"https:\/\/ninamartinelli.com.br\/blog2\/cotto-vecchio-paglia-da-aconchego-e-personalidade-a-escritorio-de-arquitetura-em-goiania\/#respond\"]}]},{\"@type\":\"WebPage\",\"@id\":\"https:\/\/ninamartinelli.com.br\/blog2\/cotto-vecchio-paglia-da-aconchego-e-personalidade-a-escritorio-de-arquitetura-em-goiania\/\",\"url\":\"https:\/\/ninamartinelli.com.br\/blog2\/cotto-vecchio-paglia-da-aconchego-e-personalidade-a-escritorio-de-arquitetura-em-goiania\/\",\"name\":\"Cotto Vecchio Paglia d\u00e1 aconchego e personalidade a escrit\u00f3rio de arquitetura em Goi\u00e2nia - Blog Nina Cotto Vecchio Paglia d\u00e1 aconchego e personalidade a escrit\u00f3rio de arquitetura em Goi\u00e2nia\",\"isPartOf\":{\"@id\":\"https:\/\/ninamartinelli.com.br\/blog2\/#website\"},\"primaryImageOfPage\":{\"@id\":\"https:\/\/ninamartinelli.com.br\/blog2\/cotto-vecchio-paglia-da-aconchego-e-personalidade-a-escritorio-de-arquitetura-em-goiania\/#primaryimage\"},\"image\":{\"@id\":\"https:\/\/ninamartinelli.com.br\/blog2\/cotto-vecchio-paglia-da-aconchego-e-personalidade-a-escritorio-de-arquitetura-em-goiania\/#primaryimage\"},\"thumbnailUrl\":\"https:\/\/ninamartinelli.com.br\/blog2\/wp-content\/uploads\/2023\/03\/LAVABO-MARCOS-LULA1.jpg\",\"datePublished\":\"2023-03-29T13:34:57+00:00\",\"description\":\"Cotto Vecchio Paglia foi aplicado em paredes do lavabo e do pr\u00f3prio escrit\u00f3rio do arquiteto, numa parceria com a Viv\u00e1 Revestimentos\",\"breadcrumb\":{\"@id\":\"https:\/\/ninamartinelli.com.br\/blog2\/cotto-vecchio-paglia-da-aconchego-e-personalidade-a-escritorio-de-arquitetura-em-goiania\/#breadcrumb\"},\"inLanguage\":\"pt-BR\",\"potentialAction\":[{\"@type\":\"ReadAction\",\"target\":[\"https:\/\/ninamartinelli.com.br\/blog2\/cotto-vecchio-paglia-da-aconchego-e-personalidade-a-escritorio-de-arquitetura-em-goiania\/\"]}]},{\"@type\":\"ImageObject\",\"inLanguage\":\"pt-BR\",\"@id\":\"https:\/\/ninamartinelli.com.br\/blog2\/cotto-vecchio-paglia-da-aconchego-e-personalidade-a-escritorio-de-arquitetura-em-goiania\/#primaryimage\",\"url\":\"https:\/\/ninamartinelli.com.br\/blog2\/wp-content\/uploads\/2023\/03\/LAVABO-MARCOS-LULA1.jpg\",\"contentUrl\":\"https:\/\/ninamartinelli.com.br\/blog2\/wp-content\/uploads\/2023\/03\/LAVABO-MARCOS-LULA1.jpg\",\"width\":720,\"height\":690},{\"@type\":\"BreadcrumbList\",\"@id\":\"https:\/\/ninamartinelli.com.br\/blog2\/cotto-vecchio-paglia-da-aconchego-e-personalidade-a-escritorio-de-arquitetura-em-goiania\/#breadcrumb\",\"itemListElement\":[{\"@type\":\"ListItem\",\"position\":1,\"name\":\"In\u00edcio\",\"item\":\"https:\/\/ninamartinelli.com.br\/blog2\/\"},{\"@type\":\"ListItem\",\"position\":2,\"name\":\"Cotto Vecchio Paglia d\u00e1 aconchego e personalidade a escrit\u00f3rio de arquitetura em Goi\u00e2nia\"}]},{\"@type\":\"WebSite\",\"@id\":\"https:\/\/ninamartinelli.com.br\/blog2\/#website\",\"url\":\"https:\/\/ninamartinelli.com.br\/blog2\/\",\"name\":\"Nina Martinelli\",\"description\":\"#Nina_Martinelli\",\"publisher\":{\"@id\":\"https:\/\/ninamartinelli.com.br\/blog2\/#organization\"},\"potentialAction\":[{\"@type\":\"SearchAction\",\"target\":{\"@type\":\"EntryPoint\",\"urlTemplate\":\"https:\/\/ninamartinelli.com.br\/blog2\/?s={search_term_string}\"},\"query-input\":{\"@type\":\"PropertyValueSpecification\",\"valueRequired\":true,\"valueName\":\"search_term_string\"}}],\"inLanguage\":\"pt-BR\"},{\"@type\":\"Organization\",\"@id\":\"https:\/\/ninamartinelli.com.br\/blog2\/#organization\",\"name\":\"Blog Novidades\",\"url\":\"https:\/\/ninamartinelli.com.br\/blog2\/\",\"logo\":{\"@type\":\"ImageObject\",\"inLanguage\":\"pt-BR\",\"@id\":\"https:\/\/ninamartinelli.com.br\/blog2\/#\/schema\/logo\/image\/\",\"url\":\"http:\/\/blog.ninamartinelli.com.br\/wp-content\/uploads\/2022\/03\/logo_nina_blog.png\",\"contentUrl\":\"http:\/\/blog.ninamartinelli.com.br\/wp-content\/uploads\/2022\/03\/logo_nina_blog.png\",\"width\":500,\"height\":104,\"caption\":\"Blog Novidades\"},\"image\":{\"@id\":\"https:\/\/ninamartinelli.com.br\/blog2\/#\/schema\/logo\/image\/\"}},{\"@type\":\"Person\",\"@id\":\"https:\/\/ninamartinelli.com.br\/blog2\/#\/schema\/person\/43fbfb1d4cbe3b472995206b2bb06df5\",\"name\":\"Ana Maria Devides\",\"image\":{\"@type\":\"ImageObject\",\"inLanguage\":\"pt-BR\",\"@id\":\"https:\/\/ninamartinelli.com.br\/blog2\/#\/schema\/person\/image\/\",\"url\":\"https:\/\/secure.gravatar.com\/avatar\/a03a82675d8bb3da8e5c5a6872db97be?s=96&d=mm&r=g\",\"contentUrl\":\"https:\/\/secure.gravatar.com\/avatar\/a03a82675d8bb3da8e5c5a6872db97be?s=96&d=mm&r=g\",\"caption\":\"Ana Maria Devides\"},\"url\":\"https:\/\/ninamartinelli.com.br\/blog2\/author\/assessoria-nina-martinelli\/\"}]}<\/script>\n<!-- \/ Yoast SEO plugin. -->","yoast_head_json":{"title":"Cotto Vecchio Paglia d\u00e1 aconchego e personalidade a escrit\u00f3rio de arquitetura em Goi\u00e2nia - Blog Nina Cotto Vecchio Paglia d\u00e1 aconchego e personalidade a escrit\u00f3rio de arquitetura em Goi\u00e2nia","description":"Cotto Vecchio Paglia foi aplicado em paredes do lavabo e do pr\u00f3prio escrit\u00f3rio do arquiteto, numa parceria com a Viv\u00e1 Revestimentos","robots":{"index":"index","follow":"follow","max-snippet":"max-snippet:-1","max-image-preview":"max-image-preview:large","max-video-preview":"max-video-preview:-1"},"canonical":"https:\/\/ninamartinelli.com.br\/blog2\/cotto-vecchio-paglia-da-aconchego-e-personalidade-a-escritorio-de-arquitetura-em-goiania\/","og_locale":"pt_BR","og_type":"article","og_title":"Cotto Vecchio Paglia d\u00e1 aconchego e personalidade a escrit\u00f3rio de arquitetura em Goi\u00e2nia - Blog Nina Cotto Vecchio Paglia d\u00e1 aconchego e personalidade a escrit\u00f3rio de arquitetura em Goi\u00e2nia","og_description":"Cotto Vecchio Paglia foi aplicado em paredes do lavabo e do pr\u00f3prio escrit\u00f3rio do arquiteto, numa parceria com a Viv\u00e1 Revestimentos","og_url":"https:\/\/ninamartinelli.com.br\/blog2\/cotto-vecchio-paglia-da-aconchego-e-personalidade-a-escritorio-de-arquitetura-em-goiania\/","og_site_name":"Blog Nina","article_published_time":"2023-03-29T13:34:57+00:00","og_image":[{"width":720,"height":690,"url":"https:\/\/ninamartinelli.com.br\/blog2\/wp-content\/uploads\/2023\/03\/LAVABO-MARCOS-LULA1.jpg","type":"image\/jpeg"}],"author":"Ana Maria Devides","twitter_card":"summary_large_image","twitter_misc":{"Escrito por":"Ana Maria Devides","Est. tempo de leitura":"3 minutos"},"schema":{"@context":"https:\/\/schema.org","@graph":[{"@type":"Article","@id":"https:\/\/ninamartinelli.com.br\/blog2\/cotto-vecchio-paglia-da-aconchego-e-personalidade-a-escritorio-de-arquitetura-em-goiania\/#article","isPartOf":{"@id":"https:\/\/ninamartinelli.com.br\/blog2\/cotto-vecchio-paglia-da-aconchego-e-personalidade-a-escritorio-de-arquitetura-em-goiania\/"},"author":{"name":"Ana Maria Devides","@id":"https:\/\/ninamartinelli.com.br\/blog2\/#\/schema\/person\/43fbfb1d4cbe3b472995206b2bb06df5"},"headline":"Cotto Vecchio Paglia d\u00e1 aconchego e personalidade a escrit\u00f3rio de arquitetura em Goi\u00e2nia","datePublished":"2023-03-29T13:34:57+00:00","mainEntityOfPage":{"@id":"https:\/\/ninamartinelli.com.br\/blog2\/cotto-vecchio-paglia-da-aconchego-e-personalidade-a-escritorio-de-arquitetura-em-goiania\/"},"wordCount":362,"commentCount":0,"publisher":{"@id":"https:\/\/ninamartinelli.com.br\/blog2\/#organization"},"image":{"@id":"https:\/\/ninamartinelli.com.br\/blog2\/cotto-vecchio-paglia-da-aconchego-e-personalidade-a-escritorio-de-arquitetura-em-goiania\/#primaryimage"},"thumbnailUrl":"https:\/\/ninamartinelli.com.br\/blog2\/wp-content\/uploads\/2023\/03\/LAVABO-MARCOS-LULA1.jpg","keywords":["area interna","ceramica"],"articleSection":["Cer\u00e2mica"],"inLanguage":"pt-BR","potentialAction":[{"@type":"CommentAction","name":"Comment","target":["https:\/\/ninamartinelli.com.br\/blog2\/cotto-vecchio-paglia-da-aconchego-e-personalidade-a-escritorio-de-arquitetura-em-goiania\/#respond"]}]},{"@type":"WebPage","@id":"https:\/\/ninamartinelli.com.br\/blog2\/cotto-vecchio-paglia-da-aconchego-e-personalidade-a-escritorio-de-arquitetura-em-goiania\/","url":"https:\/\/ninamartinelli.com.br\/blog2\/cotto-vecchio-paglia-da-aconchego-e-personalidade-a-escritorio-de-arquitetura-em-goiania\/","name":"Cotto Vecchio Paglia d\u00e1 aconchego e personalidade a escrit\u00f3rio de arquitetura em Goi\u00e2nia - Blog Nina Cotto Vecchio Paglia d\u00e1 aconchego e personalidade a escrit\u00f3rio de arquitetura em Goi\u00e2nia","isPartOf":{"@id":"https:\/\/ninamartinelli.com.br\/blog2\/#website"},"primaryImageOfPage":{"@id":"https:\/\/ninamartinelli.com.br\/blog2\/cotto-vecchio-paglia-da-aconchego-e-personalidade-a-escritorio-de-arquitetura-em-goiania\/#primaryimage"},"image":{"@id":"https:\/\/ninamartinelli.com.br\/blog2\/cotto-vecchio-paglia-da-aconchego-e-personalidade-a-escritorio-de-arquitetura-em-goiania\/#primaryimage"},"thumbnailUrl":"https:\/\/ninamartinelli.com.br\/blog2\/wp-content\/uploads\/2023\/03\/LAVABO-MARCOS-LULA1.jpg","datePublished":"2023-03-29T13:34:57+00:00","description":"Cotto Vecchio Paglia foi aplicado em paredes do lavabo e do pr\u00f3prio escrit\u00f3rio do arquiteto, numa parceria com a Viv\u00e1 Revestimentos","breadcrumb":{"@id":"https:\/\/ninamartinelli.com.br\/blog2\/cotto-vecchio-paglia-da-aconchego-e-personalidade-a-escritorio-de-arquitetura-em-goiania\/#breadcrumb"},"inLanguage":"pt-BR","potentialAction":[{"@type":"ReadAction","target":["https:\/\/ninamartinelli.com.br\/blog2\/cotto-vecchio-paglia-da-aconchego-e-personalidade-a-escritorio-de-arquitetura-em-goiania\/"]}]},{"@type":"ImageObject","inLanguage":"pt-BR","@id":"https:\/\/ninamartinelli.com.br\/blog2\/cotto-vecchio-paglia-da-aconchego-e-personalidade-a-escritorio-de-arquitetura-em-goiania\/#primaryimage","url":"https:\/\/ninamartinelli.com.br\/blog2\/wp-content\/uploads\/2023\/03\/LAVABO-MARCOS-LULA1.jpg","contentUrl":"https:\/\/ninamartinelli.com.br\/blog2\/wp-content\/uploads\/2023\/03\/LAVABO-MARCOS-LULA1.jpg","width":720,"height":690},{"@type":"BreadcrumbList","@id":"https:\/\/ninamartinelli.com.br\/blog2\/cotto-vecchio-paglia-da-aconchego-e-personalidade-a-escritorio-de-arquitetura-em-goiania\/#breadcrumb","itemListElement":[{"@type":"ListItem","position":1,"name":"In\u00edcio","item":"https:\/\/ninamartinelli.com.br\/blog2\/"},{"@type":"ListItem","position":2,"name":"Cotto Vecchio Paglia d\u00e1 aconchego e personalidade a escrit\u00f3rio de arquitetura em Goi\u00e2nia"}]},{"@type":"WebSite","@id":"https:\/\/ninamartinelli.com.br\/blog2\/#website","url":"https:\/\/ninamartinelli.com.br\/blog2\/","name":"Nina Martinelli","description":"#Nina_Martinelli","publisher":{"@id":"https:\/\/ninamartinelli.com.br\/blog2\/#organization"},"potentialAction":[{"@type":"SearchAction","target":{"@type":"EntryPoint","urlTemplate":"https:\/\/ninamartinelli.com.br\/blog2\/?s={search_term_string}"},"query-input":{"@type":"PropertyValueSpecification","valueRequired":true,"valueName":"search_term_string"}}],"inLanguage":"pt-BR"},{"@type":"Organization","@id":"https:\/\/ninamartinelli.com.br\/blog2\/#organization","name":"Blog Novidades","url":"https:\/\/ninamartinelli.com.br\/blog2\/","logo":{"@type":"ImageObject","inLanguage":"pt-BR","@id":"https:\/\/ninamartinelli.com.br\/blog2\/#\/schema\/logo\/image\/","url":"http:\/\/blog.ninamartinelli.com.br\/wp-content\/uploads\/2022\/03\/logo_nina_blog.png","contentUrl":"http:\/\/blog.ninamartinelli.com.br\/wp-content\/uploads\/2022\/03\/logo_nina_blog.png","width":500,"height":104,"caption":"Blog Novidades"},"image":{"@id":"https:\/\/ninamartinelli.com.br\/blog2\/#\/schema\/logo\/image\/"}},{"@type":"Person","@id":"https:\/\/ninamartinelli.com.br\/blog2\/#\/schema\/person\/43fbfb1d4cbe3b472995206b2bb06df5","name":"Ana Maria Devides","image":{"@type":"ImageObject","inLanguage":"pt-BR","@id":"https:\/\/ninamartinelli.com.br\/blog2\/#\/schema\/person\/image\/","url":"https:\/\/secure.gravatar.com\/avatar\/a03a82675d8bb3da8e5c5a6872db97be?s=96&d=mm&r=g","contentUrl":"https:\/\/secure.gravatar.com\/avatar\/a03a82675d8bb3da8e5c5a6872db97be?s=96&d=mm&r=g","caption":"Ana Maria Devides"},"url":"https:\/\/ninamartinelli.com.br\/blog2\/author\/assessoria-nina-martinelli\/"}]}},"_links":{"self":[{"href":"https:\/\/ninamartinelli.com.br\/blog2\/wp-json\/wp\/v2\/posts\/1951","targetHints":{"allow":["GET"]}}],"collection":[{"href":"https:\/\/ninamartinelli.com.br\/blog2\/wp-json\/wp\/v2\/posts"}],"about":[{"href":"https:\/\/ninamartinelli.com.br\/blog2\/wp-json\/wp\/v2\/types\/post"}],"author":[{"embeddable":true,"href":"https:\/\/ninamartinelli.com.br\/blog2\/wp-json\/wp\/v2\/users\/2"}],"replies":[{"embeddable":true,"href":"https:\/\/ninamartinelli.com.br\/blog2\/wp-json\/wp\/v2\/comments?post=1951"}],"version-history":[{"count":1,"href":"https:\/\/ninamartinelli.com.br\/blog2\/wp-json\/wp\/v2\/posts\/1951\/revisions"}],"predecessor-version":[{"id":1955,"href":"https:\/\/ninamartinelli.com.br\/blog2\/wp-json\/wp\/v2\/posts\/1951\/revisions\/1955"}],"wp:featuredmedia":[{"embeddable":true,"href":"https:\/\/ninamartinelli.com.br\/blog2\/wp-json\/wp\/v2\/media\/1953"}],"wp:attachment":[{"href":"https:\/\/ninamartinelli.com.br\/blog2\/wp-json\/wp\/v2\/media?parent=1951"}],"wp:term":[{"taxonomy":"category","embeddable":true,"href":"https:\/\/ninamartinelli.com.br\/blog2\/wp-json\/wp\/v2\/categories?post=1951"},{"taxonomy":"post_tag","embeddable":true,"href":"https:\/\/ninamartinelli.com.br\/blog2\/wp-json\/wp\/v2\/tags?post=1951"}],"curies":[{"name":"wp","href":"https:\/\/api.w.org\/{rel}","templated":true}]}}