{"id":1941,"date":"2023-03-22T11:14:58","date_gmt":"2023-03-22T14:14:58","guid":{"rendered":"https:\/\/ninamartinelli.com.br\/blog2\/?p=1941"},"modified":"2023-03-22T11:14:58","modified_gmt":"2023-03-22T14:14:58","slug":"expo-revestir-2023-nina-martinelli-supera-expectativas-e-ve-melhor-edicao-ate-hoje","status":"publish","type":"post","link":"https:\/\/ninamartinelli.com.br\/blog2\/expo-revestir-2023-nina-martinelli-supera-expectativas-e-ve-melhor-edicao-ate-hoje\/","title":{"rendered":"Expo Revestir 2023, Nina Martinelli supera expectativas e v\u00ea melhor edi\u00e7\u00e3o at\u00e9 hoje"},"content":{"rendered":"<p><em>Expo Revestir &#8211; aconteceu de 14 a 17 de mar\u00e7o em S\u00e3o Paulo; empresa ganhou dupla premia\u00e7\u00e3o in\u00e9dita e teve grande fluxo de visitas ao estande<\/em><\/p>\n<p>Expo Revestir 2023 &#8211; o evento que a dire\u00e7\u00e3o e a equipe da Nina Martinelli Pisos e Revestimentos jamais vai esquecer. Pois representou, para a empresa, a coroa\u00e7\u00e3o de um esfor\u00e7o de anos, sempre buscando levar mais e mais inova\u00e7\u00f5es a cada edi\u00e7\u00e3o dessa que \u00e9 a maior feira de acabamentos da Am\u00e9rica Latina.<\/p>\n<p>Este ano, inclusive, a feira estava de \u201ccasa nova\u201d, e foi realizada no <a href=\"https:\/\/www.saopauloexpo.com.br\/pt\/\">S\u00e3o Paulo Expo<\/a>, um gigantesco e modern\u00edssimo espa\u00e7o no quil\u00f4metro 1,5 da Rodovia dos Imigrantes.<\/p>\n<p>Falando em \u201ccasa\u201d, o espa\u00e7o da Nina na Expo Revestir 2023 este ano foi mais do que especial, com uma estrutura leve, moderna e ousada, inspirada na arquitetura do ic\u00f4nico Museu do Louvre de Abu Dhabi.<\/p>\n<p>Durante o evento, a Nina Martinelli perseguiu o objetivo de supera\u00e7\u00e3o, mais uma vez, com muita determina\u00e7\u00e3o. E conseguiu resultados surpreendentes, tanto em visibilidade, quanto em fluxo de visitas ao estande, quanto, tamb\u00e9m, em reconhecimento da excel\u00eancia de suas cria\u00e7\u00f5es.<\/p>\n<p>Al\u00e9m de receber, a cada dia, centenas de lojistas, parceiros, arquitetos, designers de interiores e outros envolvidos no segmento, o que significou o estreitamento de la\u00e7os e o in\u00edcio de articula\u00e7\u00f5es para muitos novos neg\u00f3cios, a Nina Martinelli faturou dois pr\u00eamios no Best In Show, uma competi\u00e7\u00e3o de alt\u00edssimo n\u00edvel realizada anualmente pela organizadora da feira, a <a href=\"https:\/\/www.anfacer.org.br\/\">ANFACER (Associa\u00e7\u00e3o Nacional dos Fabricantes de Cer\u00e2mica para Revestimentos, Lou\u00e7as Sanit\u00e1rias e Cong\u00eaneres).<\/a><\/p>\n<p>A conquista in\u00e9dita na hist\u00f3ria do evento, veio com o lan\u00e7amento <a href=\"https:\/\/www.ninamartinelli.com.br\/#!\/pt\/produtos\/43-paralelle-taipa\">Paralelle Taipa<\/a>, um revestimento que venceu duas categorias da competi\u00e7\u00e3o, levando os pr\u00eamios Melhor Pe\u00e7a Especial e Grande Pr\u00eamio do J\u00fari.<\/p>\n<p>O Paralelle Taipa tem design que remete \u00e0s impressionantes e diferentes paisagens que a Natureza oferece, e tamb\u00e9m \u00e0s formas arrojadas criadas pelo homem.<\/p>\n<p>Suas pe\u00e7as medindo 7&#215;42, 14&#215;42 e 7x14x42cm, formam um conjunto com linhas paralelas e obl\u00edquas, e combina\u00e7\u00e3o de tons \u2013 que neste modelo s\u00e3o terrosos, remetendo \u00e0 taipa, resultando num efeito arrojado e, ao mesmo tempo, org\u00e2nico, nas superf\u00edcies onde \u00e9 aplicado.<\/p>\n<p><img loading=\"lazy\" decoding=\"async\" class=\" wp-image-1944 alignleft\" src=\"https:\/\/ninamartinelli.com.br\/blog2\/wp-content\/uploads\/2023\/03\/ESTANDE_023-300x267.jpg\" alt=\"\" width=\"358\" height=\"319\" srcset=\"https:\/\/ninamartinelli.com.br\/blog2\/wp-content\/uploads\/2023\/03\/ESTANDE_023-300x267.jpg 300w, https:\/\/ninamartinelli.com.br\/blog2\/wp-content\/uploads\/2023\/03\/ESTANDE_023-1024x910.jpg 1024w, https:\/\/ninamartinelli.com.br\/blog2\/wp-content\/uploads\/2023\/03\/ESTANDE_023-768x682.jpg 768w, https:\/\/ninamartinelli.com.br\/blog2\/wp-content\/uploads\/2023\/03\/ESTANDE_023-1536x1365.jpg 1536w, https:\/\/ninamartinelli.com.br\/blog2\/wp-content\/uploads\/2023\/03\/ESTANDE_023.jpg 1551w\" sizes=\"auto, (max-width: 358px) 100vw, 358px\" \/><\/p>\n<p>Al\u00e9m do Paralelle tamb\u00e9m foram destaque na Expo Revestir 2023 os novos modelos de bricks, com texturas e cores inovadoras e exclusivas, pe\u00e7as combinadas em diferentes formatos e dimens\u00f5es, expandindo o universo de criatividade dos arquitetos e designers de interiores, entre outros produtos que captaram a aten\u00e7\u00e3o dos visitantes e geraram muitas e boas conversas para troca de informa\u00e7\u00f5es com o time de vendas e atendimento da Nina Martinelli.<\/p>\n<p><strong>Visibilidade nas redes sociais<\/strong><\/p>\n<p>Durante os quatro dias do evento, especificadores de todo o Brasil postaram dezenas de v\u00eddeos em seus perfis de redes sociais comentando suas impress\u00f5es sobre os lan\u00e7amentos que a Nina Martinelli levou \u00e0 Expo Revestir 2023.<\/p>\n<p><img loading=\"lazy\" decoding=\"async\" class=\" wp-image-1946 alignright\" src=\"https:\/\/ninamartinelli.com.br\/blog2\/wp-content\/uploads\/2023\/03\/PUBLICO__028-300x192.jpg\" alt=\"\" width=\"377\" height=\"241\" srcset=\"https:\/\/ninamartinelli.com.br\/blog2\/wp-content\/uploads\/2023\/03\/PUBLICO__028-300x192.jpg 300w, https:\/\/ninamartinelli.com.br\/blog2\/wp-content\/uploads\/2023\/03\/PUBLICO__028-1024x657.jpg 1024w, https:\/\/ninamartinelli.com.br\/blog2\/wp-content\/uploads\/2023\/03\/PUBLICO__028-768x492.jpg 768w, https:\/\/ninamartinelli.com.br\/blog2\/wp-content\/uploads\/2023\/03\/PUBLICO__028-1536x985.jpg 1536w, https:\/\/ninamartinelli.com.br\/blog2\/wp-content\/uploads\/2023\/03\/PUBLICO__028-2048x1313.jpg 2048w\" sizes=\"auto, (max-width: 377px) 100vw, 377px\" \/><\/p>\n<p>A repercuss\u00e3o foi e vem sendo grande, pelo acompanhamento das postagens com a marca\u00e7\u00e3o da empresa, evidenciando o quanto os profissionais foram receptivos e aprovaram o que viram.<\/p>\n<p>Entre as visitas ilustres, mais uma vez a de Leonardo Spiga Real, prefeito de <a href=\"https:\/\/www.tambau.sp.gov.br\/\">Tamba\u00fa\/SP<\/a>, cidade de origem e onde fica localizada a empresa, que fez quest\u00e3o de passar pelo estande da Nina Martinelli para conferir os produtos e conversar com a dire\u00e7\u00e3o e equipe. \u201cA premia\u00e7\u00e3o da Nina \u00e9 um orgulho para nossa cidade de Tamba\u00fa\u201d, disse ele. \u201cParab\u00e9ns por todas essas conquistas, que s\u00e3o fruto do trabalho e da dedica\u00e7\u00e3o de todos\u201d, acrescentou.<\/p>\n<figure id=\"attachment_1945\" aria-describedby=\"caption-attachment-1945\" style=\"width: 381px\" class=\"wp-caption aligncenter\"><img loading=\"lazy\" decoding=\"async\" class=\"wp-image-1945\" src=\"https:\/\/ninamartinelli.com.br\/blog2\/wp-content\/uploads\/2023\/03\/WhatsApp-Image-2023-03-22-at-08.27.59-1-300x226.jpeg\" alt=\"\" width=\"381\" height=\"287\" srcset=\"https:\/\/ninamartinelli.com.br\/blog2\/wp-content\/uploads\/2023\/03\/WhatsApp-Image-2023-03-22-at-08.27.59-1-300x226.jpeg 300w, https:\/\/ninamartinelli.com.br\/blog2\/wp-content\/uploads\/2023\/03\/WhatsApp-Image-2023-03-22-at-08.27.59-1.jpeg 720w\" sizes=\"auto, (max-width: 381px) 100vw, 381px\" \/><figcaption id=\"caption-attachment-1945\" class=\"wp-caption-text\">Prefeito Leonardo Spiga Real (\u00e0 esquerda), acompanhado de sua assessoria, fez quest\u00e3o de visitar mais uma vez o estande da Nina<\/figcaption><\/figure>\n<p>O balan\u00e7o final da Expo Revestir 2023 \u00e9 absolutamente positivo, como destaca um dos fundadores e diretores da empresa, Jos\u00e9 Renato Videira. \u201cFoi um evento muito organizado, com p\u00fablico bem direcionado e cresceu consideravelmente em n\u00famero de visitantes\u201d, avalia. \u201cConquistamos dois pr\u00eamios e, para n\u00f3s, foi a melhor edi\u00e7\u00e3o de todas\u201d, comemora.<\/p>\n<figure id=\"attachment_1947\" aria-describedby=\"caption-attachment-1947\" style=\"width: 443px\" class=\"wp-caption aligncenter\"><img loading=\"lazy\" decoding=\"async\" class=\"wp-image-1947\" src=\"https:\/\/ninamartinelli.com.br\/blog2\/wp-content\/uploads\/2023\/03\/EQUIPE_01_004-300x211.jpg\" alt=\"\" width=\"443\" height=\"311\" srcset=\"https:\/\/ninamartinelli.com.br\/blog2\/wp-content\/uploads\/2023\/03\/EQUIPE_01_004-300x211.jpg 300w, https:\/\/ninamartinelli.com.br\/blog2\/wp-content\/uploads\/2023\/03\/EQUIPE_01_004-1024x721.jpg 1024w, https:\/\/ninamartinelli.com.br\/blog2\/wp-content\/uploads\/2023\/03\/EQUIPE_01_004-768x541.jpg 768w, https:\/\/ninamartinelli.com.br\/blog2\/wp-content\/uploads\/2023\/03\/EQUIPE_01_004-1536x1082.jpg 1536w, https:\/\/ninamartinelli.com.br\/blog2\/wp-content\/uploads\/2023\/03\/EQUIPE_01_004.jpg 1956w\" sizes=\"auto, (max-width: 443px) 100vw, 443px\" \/><figcaption id=\"caption-attachment-1947\" class=\"wp-caption-text\">Jos\u00e9 Renato Videira, o primeiro \u00e0 direita, com a equipe que recebeu e atendeu os visitantes a Expo Revestir 2023<\/figcaption><\/figure>\n","protected":false},"excerpt":{"rendered":"<p>Expo Revestir &#8211; aconteceu de 14 a 17 de mar\u00e7o em S\u00e3o Paulo; empresa ganhou<\/p>\n","protected":false},"author":2,"featured_media":1943,"comment_status":"open","ping_status":"open","sticky":false,"template":"","format":"standard","meta":{"footnotes":""},"categories":[48,19,1,26],"tags":[98,100,46],"class_list":["post-1941","post","type-post","status-publish","format-standard","has-post-thumbnail","hentry","category-expo-revestir","category-mostras-e-eventos","category-nina-martinelli","category-revestimentos","tag-expo-revestir","tag-lancamentos","tag-revestimento"],"yoast_head":"<!-- This site is optimized with the Yoast SEO plugin v26.8 - https:\/\/yoast.com\/product\/yoast-seo-wordpress\/ -->\n<title>Expo Revestir 2023, Nina Martinelli supera expectativas e v\u00ea melhor edi\u00e7\u00e3o at\u00e9 hoje<\/title>\n<meta name=\"description\" content=\"Expo Revestir 2023, um evento que a Nina jamais vai esquecer, pelos grandes e in\u00e9ditos resultados alcan\u00e7ados pela empresa no evento.\" \/>\n<meta name=\"robots\" content=\"index, follow, max-snippet:-1, max-image-preview:large, max-video-preview:-1\" \/>\n<link rel=\"canonical\" href=\"https:\/\/ninamartinelli.com.br\/blog2\/expo-revestir-2023-nina-martinelli-supera-expectativas-e-ve-melhor-edicao-ate-hoje\/\" \/>\n<meta property=\"og:locale\" content=\"pt_BR\" \/>\n<meta property=\"og:type\" content=\"article\" \/>\n<meta property=\"og:title\" content=\"Expo Revestir 2023, Nina Martinelli supera expectativas e v\u00ea melhor edi\u00e7\u00e3o at\u00e9 hoje\" \/>\n<meta property=\"og:description\" content=\"Expo Revestir 2023, um evento que a Nina jamais vai esquecer, pelos grandes e in\u00e9ditos resultados alcan\u00e7ados pela empresa no evento.\" \/>\n<meta property=\"og:url\" content=\"https:\/\/ninamartinelli.com.br\/blog2\/expo-revestir-2023-nina-martinelli-supera-expectativas-e-ve-melhor-edicao-ate-hoje\/\" \/>\n<meta property=\"og:site_name\" content=\"Blog Nina\" \/>\n<meta property=\"article:published_time\" content=\"2023-03-22T14:14:58+00:00\" \/>\n<meta property=\"og:image\" content=\"https:\/\/ninamartinelli.com.br\/blog2\/wp-content\/uploads\/2023\/03\/PUBLICO__064.jpg\" \/>\n\t<meta property=\"og:image:width\" content=\"1933\" \/>\n\t<meta property=\"og:image:height\" content=\"1378\" \/>\n\t<meta property=\"og:image:type\" content=\"image\/jpeg\" \/>\n<meta name=\"author\" content=\"Ana Maria Devides\" \/>\n<meta name=\"twitter:card\" content=\"summary_large_image\" \/>\n<meta name=\"twitter:label1\" content=\"Escrito por\" \/>\n\t<meta name=\"twitter:data1\" content=\"Ana Maria Devides\" \/>\n\t<meta name=\"twitter:label2\" content=\"Est. tempo de leitura\" \/>\n\t<meta name=\"twitter:data2\" content=\"5 minutos\" \/>\n<script type=\"application\/ld+json\" class=\"yoast-schema-graph\">{\"@context\":\"https:\/\/schema.org\",\"@graph\":[{\"@type\":\"Article\",\"@id\":\"https:\/\/ninamartinelli.com.br\/blog2\/expo-revestir-2023-nina-martinelli-supera-expectativas-e-ve-melhor-edicao-ate-hoje\/#article\",\"isPartOf\":{\"@id\":\"https:\/\/ninamartinelli.com.br\/blog2\/expo-revestir-2023-nina-martinelli-supera-expectativas-e-ve-melhor-edicao-ate-hoje\/\"},\"author\":{\"name\":\"Ana Maria Devides\",\"@id\":\"https:\/\/ninamartinelli.com.br\/blog2\/#\/schema\/person\/43fbfb1d4cbe3b472995206b2bb06df5\"},\"headline\":\"Expo Revestir 2023, Nina Martinelli supera expectativas e v\u00ea melhor edi\u00e7\u00e3o at\u00e9 hoje\",\"datePublished\":\"2023-03-22T14:14:58+00:00\",\"mainEntityOfPage\":{\"@id\":\"https:\/\/ninamartinelli.com.br\/blog2\/expo-revestir-2023-nina-martinelli-supera-expectativas-e-ve-melhor-edicao-ate-hoje\/\"},\"wordCount\":743,\"commentCount\":0,\"publisher\":{\"@id\":\"https:\/\/ninamartinelli.com.br\/blog2\/#organization\"},\"image\":{\"@id\":\"https:\/\/ninamartinelli.com.br\/blog2\/expo-revestir-2023-nina-martinelli-supera-expectativas-e-ve-melhor-edicao-ate-hoje\/#primaryimage\"},\"thumbnailUrl\":\"https:\/\/ninamartinelli.com.br\/blog2\/wp-content\/uploads\/2023\/03\/PUBLICO__064.jpg\",\"keywords\":[\"expo revestir\",\"lan\u00e7amentos\",\"revestimento\"],\"articleSection\":[\"EXPO Revestir\",\"Mostras e Eventos\",\"Nina Martinelli\",\"Revestimentos\"],\"inLanguage\":\"pt-BR\",\"potentialAction\":[{\"@type\":\"CommentAction\",\"name\":\"Comment\",\"target\":[\"https:\/\/ninamartinelli.com.br\/blog2\/expo-revestir-2023-nina-martinelli-supera-expectativas-e-ve-melhor-edicao-ate-hoje\/#respond\"]}]},{\"@type\":\"WebPage\",\"@id\":\"https:\/\/ninamartinelli.com.br\/blog2\/expo-revestir-2023-nina-martinelli-supera-expectativas-e-ve-melhor-edicao-ate-hoje\/\",\"url\":\"https:\/\/ninamartinelli.com.br\/blog2\/expo-revestir-2023-nina-martinelli-supera-expectativas-e-ve-melhor-edicao-ate-hoje\/\",\"name\":\"Expo Revestir 2023, Nina Martinelli supera expectativas e v\u00ea melhor edi\u00e7\u00e3o at\u00e9 hoje\",\"isPartOf\":{\"@id\":\"https:\/\/ninamartinelli.com.br\/blog2\/#website\"},\"primaryImageOfPage\":{\"@id\":\"https:\/\/ninamartinelli.com.br\/blog2\/expo-revestir-2023-nina-martinelli-supera-expectativas-e-ve-melhor-edicao-ate-hoje\/#primaryimage\"},\"image\":{\"@id\":\"https:\/\/ninamartinelli.com.br\/blog2\/expo-revestir-2023-nina-martinelli-supera-expectativas-e-ve-melhor-edicao-ate-hoje\/#primaryimage\"},\"thumbnailUrl\":\"https:\/\/ninamartinelli.com.br\/blog2\/wp-content\/uploads\/2023\/03\/PUBLICO__064.jpg\",\"datePublished\":\"2023-03-22T14:14:58+00:00\",\"description\":\"Expo Revestir 2023, um evento que a Nina jamais vai esquecer, pelos grandes e in\u00e9ditos resultados alcan\u00e7ados pela empresa no evento.\",\"breadcrumb\":{\"@id\":\"https:\/\/ninamartinelli.com.br\/blog2\/expo-revestir-2023-nina-martinelli-supera-expectativas-e-ve-melhor-edicao-ate-hoje\/#breadcrumb\"},\"inLanguage\":\"pt-BR\",\"potentialAction\":[{\"@type\":\"ReadAction\",\"target\":[\"https:\/\/ninamartinelli.com.br\/blog2\/expo-revestir-2023-nina-martinelli-supera-expectativas-e-ve-melhor-edicao-ate-hoje\/\"]}]},{\"@type\":\"ImageObject\",\"inLanguage\":\"pt-BR\",\"@id\":\"https:\/\/ninamartinelli.com.br\/blog2\/expo-revestir-2023-nina-martinelli-supera-expectativas-e-ve-melhor-edicao-ate-hoje\/#primaryimage\",\"url\":\"https:\/\/ninamartinelli.com.br\/blog2\/wp-content\/uploads\/2023\/03\/PUBLICO__064.jpg\",\"contentUrl\":\"https:\/\/ninamartinelli.com.br\/blog2\/wp-content\/uploads\/2023\/03\/PUBLICO__064.jpg\",\"width\":1933,\"height\":1378},{\"@type\":\"BreadcrumbList\",\"@id\":\"https:\/\/ninamartinelli.com.br\/blog2\/expo-revestir-2023-nina-martinelli-supera-expectativas-e-ve-melhor-edicao-ate-hoje\/#breadcrumb\",\"itemListElement\":[{\"@type\":\"ListItem\",\"position\":1,\"name\":\"In\u00edcio\",\"item\":\"https:\/\/ninamartinelli.com.br\/blog2\/\"},{\"@type\":\"ListItem\",\"position\":2,\"name\":\"Expo Revestir 2023, Nina Martinelli supera expectativas e v\u00ea melhor edi\u00e7\u00e3o at\u00e9 hoje\"}]},{\"@type\":\"WebSite\",\"@id\":\"https:\/\/ninamartinelli.com.br\/blog2\/#website\",\"url\":\"https:\/\/ninamartinelli.com.br\/blog2\/\",\"name\":\"Nina Martinelli\",\"description\":\"#Nina_Martinelli\",\"publisher\":{\"@id\":\"https:\/\/ninamartinelli.com.br\/blog2\/#organization\"},\"potentialAction\":[{\"@type\":\"SearchAction\",\"target\":{\"@type\":\"EntryPoint\",\"urlTemplate\":\"https:\/\/ninamartinelli.com.br\/blog2\/?s={search_term_string}\"},\"query-input\":{\"@type\":\"PropertyValueSpecification\",\"valueRequired\":true,\"valueName\":\"search_term_string\"}}],\"inLanguage\":\"pt-BR\"},{\"@type\":\"Organization\",\"@id\":\"https:\/\/ninamartinelli.com.br\/blog2\/#organization\",\"name\":\"Blog Novidades\",\"url\":\"https:\/\/ninamartinelli.com.br\/blog2\/\",\"logo\":{\"@type\":\"ImageObject\",\"inLanguage\":\"pt-BR\",\"@id\":\"https:\/\/ninamartinelli.com.br\/blog2\/#\/schema\/logo\/image\/\",\"url\":\"http:\/\/blog.ninamartinelli.com.br\/wp-content\/uploads\/2022\/03\/logo_nina_blog.png\",\"contentUrl\":\"http:\/\/blog.ninamartinelli.com.br\/wp-content\/uploads\/2022\/03\/logo_nina_blog.png\",\"width\":500,\"height\":104,\"caption\":\"Blog Novidades\"},\"image\":{\"@id\":\"https:\/\/ninamartinelli.com.br\/blog2\/#\/schema\/logo\/image\/\"}},{\"@type\":\"Person\",\"@id\":\"https:\/\/ninamartinelli.com.br\/blog2\/#\/schema\/person\/43fbfb1d4cbe3b472995206b2bb06df5\",\"name\":\"Ana Maria Devides\",\"image\":{\"@type\":\"ImageObject\",\"inLanguage\":\"pt-BR\",\"@id\":\"https:\/\/ninamartinelli.com.br\/blog2\/#\/schema\/person\/image\/\",\"url\":\"https:\/\/secure.gravatar.com\/avatar\/a03a82675d8bb3da8e5c5a6872db97be?s=96&d=mm&r=g\",\"contentUrl\":\"https:\/\/secure.gravatar.com\/avatar\/a03a82675d8bb3da8e5c5a6872db97be?s=96&d=mm&r=g\",\"caption\":\"Ana Maria Devides\"},\"url\":\"https:\/\/ninamartinelli.com.br\/blog2\/author\/assessoria-nina-martinelli\/\"}]}<\/script>\n<!-- \/ Yoast SEO plugin. -->","yoast_head_json":{"title":"Expo Revestir 2023, Nina Martinelli supera expectativas e v\u00ea melhor edi\u00e7\u00e3o at\u00e9 hoje","description":"Expo Revestir 2023, um evento que a Nina jamais vai esquecer, pelos grandes e in\u00e9ditos resultados alcan\u00e7ados pela empresa no evento.","robots":{"index":"index","follow":"follow","max-snippet":"max-snippet:-1","max-image-preview":"max-image-preview:large","max-video-preview":"max-video-preview:-1"},"canonical":"https:\/\/ninamartinelli.com.br\/blog2\/expo-revestir-2023-nina-martinelli-supera-expectativas-e-ve-melhor-edicao-ate-hoje\/","og_locale":"pt_BR","og_type":"article","og_title":"Expo Revestir 2023, Nina Martinelli supera expectativas e v\u00ea melhor edi\u00e7\u00e3o at\u00e9 hoje","og_description":"Expo Revestir 2023, um evento que a Nina jamais vai esquecer, pelos grandes e in\u00e9ditos resultados alcan\u00e7ados pela empresa no evento.","og_url":"https:\/\/ninamartinelli.com.br\/blog2\/expo-revestir-2023-nina-martinelli-supera-expectativas-e-ve-melhor-edicao-ate-hoje\/","og_site_name":"Blog Nina","article_published_time":"2023-03-22T14:14:58+00:00","og_image":[{"width":1933,"height":1378,"url":"https:\/\/ninamartinelli.com.br\/blog2\/wp-content\/uploads\/2023\/03\/PUBLICO__064.jpg","type":"image\/jpeg"}],"author":"Ana Maria Devides","twitter_card":"summary_large_image","twitter_misc":{"Escrito por":"Ana Maria Devides","Est. tempo de leitura":"5 minutos"},"schema":{"@context":"https:\/\/schema.org","@graph":[{"@type":"Article","@id":"https:\/\/ninamartinelli.com.br\/blog2\/expo-revestir-2023-nina-martinelli-supera-expectativas-e-ve-melhor-edicao-ate-hoje\/#article","isPartOf":{"@id":"https:\/\/ninamartinelli.com.br\/blog2\/expo-revestir-2023-nina-martinelli-supera-expectativas-e-ve-melhor-edicao-ate-hoje\/"},"author":{"name":"Ana Maria Devides","@id":"https:\/\/ninamartinelli.com.br\/blog2\/#\/schema\/person\/43fbfb1d4cbe3b472995206b2bb06df5"},"headline":"Expo Revestir 2023, Nina Martinelli supera expectativas e v\u00ea melhor edi\u00e7\u00e3o at\u00e9 hoje","datePublished":"2023-03-22T14:14:58+00:00","mainEntityOfPage":{"@id":"https:\/\/ninamartinelli.com.br\/blog2\/expo-revestir-2023-nina-martinelli-supera-expectativas-e-ve-melhor-edicao-ate-hoje\/"},"wordCount":743,"commentCount":0,"publisher":{"@id":"https:\/\/ninamartinelli.com.br\/blog2\/#organization"},"image":{"@id":"https:\/\/ninamartinelli.com.br\/blog2\/expo-revestir-2023-nina-martinelli-supera-expectativas-e-ve-melhor-edicao-ate-hoje\/#primaryimage"},"thumbnailUrl":"https:\/\/ninamartinelli.com.br\/blog2\/wp-content\/uploads\/2023\/03\/PUBLICO__064.jpg","keywords":["expo revestir","lan\u00e7amentos","revestimento"],"articleSection":["EXPO Revestir","Mostras e Eventos","Nina Martinelli","Revestimentos"],"inLanguage":"pt-BR","potentialAction":[{"@type":"CommentAction","name":"Comment","target":["https:\/\/ninamartinelli.com.br\/blog2\/expo-revestir-2023-nina-martinelli-supera-expectativas-e-ve-melhor-edicao-ate-hoje\/#respond"]}]},{"@type":"WebPage","@id":"https:\/\/ninamartinelli.com.br\/blog2\/expo-revestir-2023-nina-martinelli-supera-expectativas-e-ve-melhor-edicao-ate-hoje\/","url":"https:\/\/ninamartinelli.com.br\/blog2\/expo-revestir-2023-nina-martinelli-supera-expectativas-e-ve-melhor-edicao-ate-hoje\/","name":"Expo Revestir 2023, Nina Martinelli supera expectativas e v\u00ea melhor edi\u00e7\u00e3o at\u00e9 hoje","isPartOf":{"@id":"https:\/\/ninamartinelli.com.br\/blog2\/#website"},"primaryImageOfPage":{"@id":"https:\/\/ninamartinelli.com.br\/blog2\/expo-revestir-2023-nina-martinelli-supera-expectativas-e-ve-melhor-edicao-ate-hoje\/#primaryimage"},"image":{"@id":"https:\/\/ninamartinelli.com.br\/blog2\/expo-revestir-2023-nina-martinelli-supera-expectativas-e-ve-melhor-edicao-ate-hoje\/#primaryimage"},"thumbnailUrl":"https:\/\/ninamartinelli.com.br\/blog2\/wp-content\/uploads\/2023\/03\/PUBLICO__064.jpg","datePublished":"2023-03-22T14:14:58+00:00","description":"Expo Revestir 2023, um evento que a Nina jamais vai esquecer, pelos grandes e in\u00e9ditos resultados alcan\u00e7ados pela empresa no evento.","breadcrumb":{"@id":"https:\/\/ninamartinelli.com.br\/blog2\/expo-revestir-2023-nina-martinelli-supera-expectativas-e-ve-melhor-edicao-ate-hoje\/#breadcrumb"},"inLanguage":"pt-BR","potentialAction":[{"@type":"ReadAction","target":["https:\/\/ninamartinelli.com.br\/blog2\/expo-revestir-2023-nina-martinelli-supera-expectativas-e-ve-melhor-edicao-ate-hoje\/"]}]},{"@type":"ImageObject","inLanguage":"pt-BR","@id":"https:\/\/ninamartinelli.com.br\/blog2\/expo-revestir-2023-nina-martinelli-supera-expectativas-e-ve-melhor-edicao-ate-hoje\/#primaryimage","url":"https:\/\/ninamartinelli.com.br\/blog2\/wp-content\/uploads\/2023\/03\/PUBLICO__064.jpg","contentUrl":"https:\/\/ninamartinelli.com.br\/blog2\/wp-content\/uploads\/2023\/03\/PUBLICO__064.jpg","width":1933,"height":1378},{"@type":"BreadcrumbList","@id":"https:\/\/ninamartinelli.com.br\/blog2\/expo-revestir-2023-nina-martinelli-supera-expectativas-e-ve-melhor-edicao-ate-hoje\/#breadcrumb","itemListElement":[{"@type":"ListItem","position":1,"name":"In\u00edcio","item":"https:\/\/ninamartinelli.com.br\/blog2\/"},{"@type":"ListItem","position":2,"name":"Expo Revestir 2023, Nina Martinelli supera expectativas e v\u00ea melhor edi\u00e7\u00e3o at\u00e9 hoje"}]},{"@type":"WebSite","@id":"https:\/\/ninamartinelli.com.br\/blog2\/#website","url":"https:\/\/ninamartinelli.com.br\/blog2\/","name":"Nina Martinelli","description":"#Nina_Martinelli","publisher":{"@id":"https:\/\/ninamartinelli.com.br\/blog2\/#organization"},"potentialAction":[{"@type":"SearchAction","target":{"@type":"EntryPoint","urlTemplate":"https:\/\/ninamartinelli.com.br\/blog2\/?s={search_term_string}"},"query-input":{"@type":"PropertyValueSpecification","valueRequired":true,"valueName":"search_term_string"}}],"inLanguage":"pt-BR"},{"@type":"Organization","@id":"https:\/\/ninamartinelli.com.br\/blog2\/#organization","name":"Blog Novidades","url":"https:\/\/ninamartinelli.com.br\/blog2\/","logo":{"@type":"ImageObject","inLanguage":"pt-BR","@id":"https:\/\/ninamartinelli.com.br\/blog2\/#\/schema\/logo\/image\/","url":"http:\/\/blog.ninamartinelli.com.br\/wp-content\/uploads\/2022\/03\/logo_nina_blog.png","contentUrl":"http:\/\/blog.ninamartinelli.com.br\/wp-content\/uploads\/2022\/03\/logo_nina_blog.png","width":500,"height":104,"caption":"Blog Novidades"},"image":{"@id":"https:\/\/ninamartinelli.com.br\/blog2\/#\/schema\/logo\/image\/"}},{"@type":"Person","@id":"https:\/\/ninamartinelli.com.br\/blog2\/#\/schema\/person\/43fbfb1d4cbe3b472995206b2bb06df5","name":"Ana Maria Devides","image":{"@type":"ImageObject","inLanguage":"pt-BR","@id":"https:\/\/ninamartinelli.com.br\/blog2\/#\/schema\/person\/image\/","url":"https:\/\/secure.gravatar.com\/avatar\/a03a82675d8bb3da8e5c5a6872db97be?s=96&d=mm&r=g","contentUrl":"https:\/\/secure.gravatar.com\/avatar\/a03a82675d8bb3da8e5c5a6872db97be?s=96&d=mm&r=g","caption":"Ana Maria Devides"},"url":"https:\/\/ninamartinelli.com.br\/blog2\/author\/assessoria-nina-martinelli\/"}]}},"_links":{"self":[{"href":"https:\/\/ninamartinelli.com.br\/blog2\/wp-json\/wp\/v2\/posts\/1941","targetHints":{"allow":["GET"]}}],"collection":[{"href":"https:\/\/ninamartinelli.com.br\/blog2\/wp-json\/wp\/v2\/posts"}],"about":[{"href":"https:\/\/ninamartinelli.com.br\/blog2\/wp-json\/wp\/v2\/types\/post"}],"author":[{"embeddable":true,"href":"https:\/\/ninamartinelli.com.br\/blog2\/wp-json\/wp\/v2\/users\/2"}],"replies":[{"embeddable":true,"href":"https:\/\/ninamartinelli.com.br\/blog2\/wp-json\/wp\/v2\/comments?post=1941"}],"version-history":[{"count":1,"href":"https:\/\/ninamartinelli.com.br\/blog2\/wp-json\/wp\/v2\/posts\/1941\/revisions"}],"predecessor-version":[{"id":1948,"href":"https:\/\/ninamartinelli.com.br\/blog2\/wp-json\/wp\/v2\/posts\/1941\/revisions\/1948"}],"wp:featuredmedia":[{"embeddable":true,"href":"https:\/\/ninamartinelli.com.br\/blog2\/wp-json\/wp\/v2\/media\/1943"}],"wp:attachment":[{"href":"https:\/\/ninamartinelli.com.br\/blog2\/wp-json\/wp\/v2\/media?parent=1941"}],"wp:term":[{"taxonomy":"category","embeddable":true,"href":"https:\/\/ninamartinelli.com.br\/blog2\/wp-json\/wp\/v2\/categories?post=1941"},{"taxonomy":"post_tag","embeddable":true,"href":"https:\/\/ninamartinelli.com.br\/blog2\/wp-json\/wp\/v2\/tags?post=1941"}],"curies":[{"name":"wp","href":"https:\/\/api.w.org\/{rel}","templated":true}]}}