{"id":1928,"date":"2023-03-08T08:38:14","date_gmt":"2023-03-08T11:38:14","guid":{"rendered":"http:\/\/blog.ninamartinelli.com.br\/?p=1928"},"modified":"2023-03-10T13:16:22","modified_gmt":"2023-03-10T16:16:22","slug":"louvre-de-abu-dhabi-inspira-estande-que-ambienta-lancamentos-da-nina-martinelli-na-expo-revestir-2023","status":"publish","type":"post","link":"https:\/\/ninamartinelli.com.br\/blog2\/louvre-de-abu-dhabi-inspira-estande-que-ambienta-lancamentos-da-nina-martinelli-na-expo-revestir-2023\/","title":{"rendered":"Louvre de Abu Dhabi inspira estande que ambienta lan\u00e7amentos da Nina Martinelli na Expo Revestir 2023"},"content":{"rendered":"<p>Logo na entrada do Pavilh\u00e3o 1 do S\u00e3o Paulo Expo, onde acontecer\u00e1 de 14 a 17 de mar\u00e7o a <a href=\"https:\/\/www.exporevestir.com.br\/\">Expo Revestir 2023<\/a>, os visitantes v\u00e3o se deparar com uma imagem familiar para quem aprecia arquitetura e arte: o estande C11, da Nina Martinelli Pisos e Revestimentos, evoca uma refer\u00eancia entre os mais renomados e badalados museus do mundo \u2013 o Louvre de Abu Dhabi, esp\u00e9cie de \u2018irm\u00e3ozinho mais novo\u2019 do Louvre de Paris.<\/p>\n<p>A estrutura do estande da Nina Martinelli foi inspirada na ic\u00f4nica c\u00fapula met\u00e1lica do Louvre desse Emirado \u00c1rabe. L\u00e1, o que chama mais a aten\u00e7\u00e3o no projeto arquitet\u00f4nico do franc\u00eas Jean Nouvel, \u00e9 uma estrutura impressionante, formada por 7850 estrelas de metal, que formam uma esp\u00e9cie de trama que filtra a luz do sol e cria um efeito extremamente peculiar.<\/p>\n<p>O estande da Nina Martinelli na maior mostra de acabamentos da Am\u00e9rica Latina foi concebido para embalar a inspira\u00e7\u00e3o que moveu a marca na cria\u00e7\u00e3o de diversos lan\u00e7amentos que est\u00e3o sendo apresentados no evento.<\/p>\n<p><em>\u201cS\u00e3o modelos e pe\u00e7as que ao serem escolhidas e aplicadas nos mais diversos ambientes, levam para esses espa\u00e7os nossa hist\u00f3ria de amor \u00e0 Natureza e ao que ela nos oferece para materializar nossas cria\u00e7\u00f5es\u201d<\/em>, conta Jos\u00e9 Renato Videira, um dos fundadores e diretores da empresa.<\/p>\n<p>Nina leva para o evento novos modelos que incrementam cole\u00e7\u00f5es j\u00e1 bastante consagradas. Eles estar\u00e3o expostos na \u2018galeria\u2019 inspirada no Louvre, ou seja, no estande carinhosamente preparado para receber representantes das lojas parceiras, dos especificadores e de todos os envolvidos no segmento.<\/p>\n<p><em>\u201cEstamos animad\u00edssimos. Demos o nosso melhor e temos certeza de que ser\u00e1 mais uma grande oportunidade de estreitarmos la\u00e7os com os nossos parceiros, demonstrar nosso compromisso com os especificadores e a qualidade daquilo que colocamos no mercado<\/em>\u201d, diz Videira.<\/p>\n<p><strong>Colezione Cemento<\/strong><\/p>\n<p>A Colezione Cemento ganha o refor\u00e7o de modelos com design que remete \u00e0s impressionantes e diferentes paisagens que a Natureza oferece, e tamb\u00e9m \u00e0s formas arrojadas criadas pelo homem. S\u00e3o pisos e revestimentos em dimens\u00f5es e formas pensadas para expandir a criatividade e estimular a ousadia que tornam cada projeto \u00fanico e encantador.<\/p>\n<p><strong>Colezione Brick<\/strong><\/p>\n<p>A explora\u00e7\u00e3o da plasticidade, rusticidade e apelo org\u00e2nico da Cer\u00e2mica foi elevada a outro patamar nesses novos modelos, com cores, detalhes e texturas que ampliam possibilidades e produzem resultados incr\u00edveis.<\/p>\n<p><strong>Colezione Eleganza<\/strong><\/p>\n<p>Nina domou a f\u00faria e a brutalidade do cimento, transformando-o em pe\u00e7as que unem for\u00e7a, delicadeza, inova\u00e7\u00e3o, funcionalidade e complementaridade. Tamanhos muito variados, formatos diferenciados e op\u00e7\u00f5es de cores expandem o universo de alternativas para tornar os ambientes ainda mais especiais.<\/p>\n<p><strong>Colezione Supporto<\/strong><\/p>\n<p>Nesta cole\u00e7\u00e3o, destaque para novos Rosones com at\u00e9 dois metros de di\u00e2metro, com mosaicos formando desenhos ainda mais variados e detalhes customiz\u00e1veis, para acrescentar ainda mais personalidade aos projetos.<\/p>\n<p>&nbsp;<\/p>\n<p><strong>Servi\u00e7o: <\/strong><\/p>\n<p>21\u00aa Expo Revestir &#8211; 2023<\/p>\n<p>14 a 16 de mar\u00e7o: das 10h \u00e0s 19h<\/p>\n<p>17 de mar\u00e7o: 10h \u00e0s 17h<\/p>\n<p>S\u00e3o Paulo Expo<\/p>\n<p>Rodovia Imigrantes, 1,5 Km | S\u00e3o Paulo<\/p>\n<p>Nina Martinelli \u2013 Estande C 11 \u2013 Pavilh\u00e3o 1 \u2013 pr\u00f3ximo \u00e0 entrada<\/p>\n<p><a href=\"http:\/\/www.ninamartinelli.com.br\">www.ninamartinelli.com.br<\/a><\/p>\n","protected":false},"excerpt":{"rendered":"<p>Logo na entrada do Pavilh\u00e3o 1 do S\u00e3o Paulo Expo, onde acontecer\u00e1 de 14 a<\/p>\n","protected":false},"author":2,"featured_media":1929,"comment_status":"open","ping_status":"open","sticky":false,"template":"","format":"standard","meta":{"footnotes":""},"categories":[153,48,19,1],"tags":[],"class_list":["post-1928","post","type-post","status-publish","format-standard","has-post-thumbnail","hentry","category-lancamentos-2023","category-expo-revestir","category-mostras-e-eventos","category-nina-martinelli"],"yoast_head":"<!-- This site is optimized with the Yoast SEO plugin v26.8 - https:\/\/yoast.com\/product\/yoast-seo-wordpress\/ -->\n<title>Louvre de Abu Dhabi inspira estande que ambienta lan\u00e7amentos da Nina Martinelli na Expo Revestir 2023 - Blog Nina<\/title>\n<meta name=\"robots\" content=\"index, follow, max-snippet:-1, max-image-preview:large, max-video-preview:-1\" \/>\n<link rel=\"canonical\" href=\"https:\/\/ninamartinelli.com.br\/blog2\/louvre-de-abu-dhabi-inspira-estande-que-ambienta-lancamentos-da-nina-martinelli-na-expo-revestir-2023\/\" \/>\n<meta property=\"og:locale\" content=\"pt_BR\" \/>\n<meta property=\"og:type\" content=\"article\" \/>\n<meta property=\"og:title\" content=\"Louvre de Abu Dhabi inspira estande que ambienta lan\u00e7amentos da Nina Martinelli na Expo Revestir 2023 - Blog Nina\" \/>\n<meta property=\"og:description\" content=\"Logo na entrada do Pavilh\u00e3o 1 do S\u00e3o Paulo Expo, onde acontecer\u00e1 de 14 a\" \/>\n<meta property=\"og:url\" content=\"https:\/\/ninamartinelli.com.br\/blog2\/louvre-de-abu-dhabi-inspira-estande-que-ambienta-lancamentos-da-nina-martinelli-na-expo-revestir-2023\/\" \/>\n<meta property=\"og:site_name\" content=\"Blog Nina\" \/>\n<meta property=\"article:published_time\" content=\"2023-03-08T11:38:14+00:00\" \/>\n<meta property=\"article:modified_time\" content=\"2023-03-10T16:16:22+00:00\" \/>\n<meta property=\"og:image\" content=\"https:\/\/ninamartinelli.com.br\/blog2\/wp-content\/uploads\/2023\/03\/louvre-abu-dhabi.jpg\" \/>\n\t<meta property=\"og:image:width\" content=\"1000\" \/>\n\t<meta property=\"og:image:height\" content=\"562\" \/>\n\t<meta property=\"og:image:type\" content=\"image\/jpeg\" \/>\n<meta name=\"author\" content=\"Ana Maria Devides\" \/>\n<meta name=\"twitter:card\" content=\"summary_large_image\" \/>\n<meta name=\"twitter:label1\" content=\"Escrito por\" \/>\n\t<meta name=\"twitter:data1\" content=\"Ana Maria Devides\" \/>\n\t<meta name=\"twitter:label2\" content=\"Est. tempo de leitura\" \/>\n\t<meta name=\"twitter:data2\" content=\"3 minutos\" \/>\n<script type=\"application\/ld+json\" class=\"yoast-schema-graph\">{\"@context\":\"https:\/\/schema.org\",\"@graph\":[{\"@type\":\"Article\",\"@id\":\"https:\/\/ninamartinelli.com.br\/blog2\/louvre-de-abu-dhabi-inspira-estande-que-ambienta-lancamentos-da-nina-martinelli-na-expo-revestir-2023\/#article\",\"isPartOf\":{\"@id\":\"https:\/\/ninamartinelli.com.br\/blog2\/louvre-de-abu-dhabi-inspira-estande-que-ambienta-lancamentos-da-nina-martinelli-na-expo-revestir-2023\/\"},\"author\":{\"name\":\"Ana Maria Devides\",\"@id\":\"https:\/\/ninamartinelli.com.br\/blog2\/#\/schema\/person\/43fbfb1d4cbe3b472995206b2bb06df5\"},\"headline\":\"Louvre de Abu Dhabi inspira estande que ambienta lan\u00e7amentos da Nina Martinelli na Expo Revestir 2023\",\"datePublished\":\"2023-03-08T11:38:14+00:00\",\"dateModified\":\"2023-03-10T16:16:22+00:00\",\"mainEntityOfPage\":{\"@id\":\"https:\/\/ninamartinelli.com.br\/blog2\/louvre-de-abu-dhabi-inspira-estande-que-ambienta-lancamentos-da-nina-martinelli-na-expo-revestir-2023\/\"},\"wordCount\":549,\"commentCount\":0,\"publisher\":{\"@id\":\"https:\/\/ninamartinelli.com.br\/blog2\/#organization\"},\"image\":{\"@id\":\"https:\/\/ninamartinelli.com.br\/blog2\/louvre-de-abu-dhabi-inspira-estande-que-ambienta-lancamentos-da-nina-martinelli-na-expo-revestir-2023\/#primaryimage\"},\"thumbnailUrl\":\"https:\/\/ninamartinelli.com.br\/blog2\/wp-content\/uploads\/2023\/03\/louvre-abu-dhabi.jpg\",\"articleSection\":[\":: LAN\u00c7AMENTOS 2023 ::\",\"EXPO Revestir\",\"Mostras e Eventos\",\"Nina Martinelli\"],\"inLanguage\":\"pt-BR\",\"potentialAction\":[{\"@type\":\"CommentAction\",\"name\":\"Comment\",\"target\":[\"https:\/\/ninamartinelli.com.br\/blog2\/louvre-de-abu-dhabi-inspira-estande-que-ambienta-lancamentos-da-nina-martinelli-na-expo-revestir-2023\/#respond\"]}]},{\"@type\":\"WebPage\",\"@id\":\"https:\/\/ninamartinelli.com.br\/blog2\/louvre-de-abu-dhabi-inspira-estande-que-ambienta-lancamentos-da-nina-martinelli-na-expo-revestir-2023\/\",\"url\":\"https:\/\/ninamartinelli.com.br\/blog2\/louvre-de-abu-dhabi-inspira-estande-que-ambienta-lancamentos-da-nina-martinelli-na-expo-revestir-2023\/\",\"name\":\"Louvre de Abu Dhabi inspira estande que ambienta lan\u00e7amentos da Nina Martinelli na Expo Revestir 2023 - Blog Nina\",\"isPartOf\":{\"@id\":\"https:\/\/ninamartinelli.com.br\/blog2\/#website\"},\"primaryImageOfPage\":{\"@id\":\"https:\/\/ninamartinelli.com.br\/blog2\/louvre-de-abu-dhabi-inspira-estande-que-ambienta-lancamentos-da-nina-martinelli-na-expo-revestir-2023\/#primaryimage\"},\"image\":{\"@id\":\"https:\/\/ninamartinelli.com.br\/blog2\/louvre-de-abu-dhabi-inspira-estande-que-ambienta-lancamentos-da-nina-martinelli-na-expo-revestir-2023\/#primaryimage\"},\"thumbnailUrl\":\"https:\/\/ninamartinelli.com.br\/blog2\/wp-content\/uploads\/2023\/03\/louvre-abu-dhabi.jpg\",\"datePublished\":\"2023-03-08T11:38:14+00:00\",\"dateModified\":\"2023-03-10T16:16:22+00:00\",\"breadcrumb\":{\"@id\":\"https:\/\/ninamartinelli.com.br\/blog2\/louvre-de-abu-dhabi-inspira-estande-que-ambienta-lancamentos-da-nina-martinelli-na-expo-revestir-2023\/#breadcrumb\"},\"inLanguage\":\"pt-BR\",\"potentialAction\":[{\"@type\":\"ReadAction\",\"target\":[\"https:\/\/ninamartinelli.com.br\/blog2\/louvre-de-abu-dhabi-inspira-estande-que-ambienta-lancamentos-da-nina-martinelli-na-expo-revestir-2023\/\"]}]},{\"@type\":\"ImageObject\",\"inLanguage\":\"pt-BR\",\"@id\":\"https:\/\/ninamartinelli.com.br\/blog2\/louvre-de-abu-dhabi-inspira-estande-que-ambienta-lancamentos-da-nina-martinelli-na-expo-revestir-2023\/#primaryimage\",\"url\":\"https:\/\/ninamartinelli.com.br\/blog2\/wp-content\/uploads\/2023\/03\/louvre-abu-dhabi.jpg\",\"contentUrl\":\"https:\/\/ninamartinelli.com.br\/blog2\/wp-content\/uploads\/2023\/03\/louvre-abu-dhabi.jpg\",\"width\":1000,\"height\":562},{\"@type\":\"BreadcrumbList\",\"@id\":\"https:\/\/ninamartinelli.com.br\/blog2\/louvre-de-abu-dhabi-inspira-estande-que-ambienta-lancamentos-da-nina-martinelli-na-expo-revestir-2023\/#breadcrumb\",\"itemListElement\":[{\"@type\":\"ListItem\",\"position\":1,\"name\":\"In\u00edcio\",\"item\":\"https:\/\/ninamartinelli.com.br\/blog2\/\"},{\"@type\":\"ListItem\",\"position\":2,\"name\":\"Louvre de Abu Dhabi inspira estande que ambienta lan\u00e7amentos da Nina Martinelli na Expo Revestir 2023\"}]},{\"@type\":\"WebSite\",\"@id\":\"https:\/\/ninamartinelli.com.br\/blog2\/#website\",\"url\":\"https:\/\/ninamartinelli.com.br\/blog2\/\",\"name\":\"Nina Martinelli\",\"description\":\"#Nina_Martinelli\",\"publisher\":{\"@id\":\"https:\/\/ninamartinelli.com.br\/blog2\/#organization\"},\"potentialAction\":[{\"@type\":\"SearchAction\",\"target\":{\"@type\":\"EntryPoint\",\"urlTemplate\":\"https:\/\/ninamartinelli.com.br\/blog2\/?s={search_term_string}\"},\"query-input\":{\"@type\":\"PropertyValueSpecification\",\"valueRequired\":true,\"valueName\":\"search_term_string\"}}],\"inLanguage\":\"pt-BR\"},{\"@type\":\"Organization\",\"@id\":\"https:\/\/ninamartinelli.com.br\/blog2\/#organization\",\"name\":\"Blog Novidades\",\"url\":\"https:\/\/ninamartinelli.com.br\/blog2\/\",\"logo\":{\"@type\":\"ImageObject\",\"inLanguage\":\"pt-BR\",\"@id\":\"https:\/\/ninamartinelli.com.br\/blog2\/#\/schema\/logo\/image\/\",\"url\":\"http:\/\/blog.ninamartinelli.com.br\/wp-content\/uploads\/2022\/03\/logo_nina_blog.png\",\"contentUrl\":\"http:\/\/blog.ninamartinelli.com.br\/wp-content\/uploads\/2022\/03\/logo_nina_blog.png\",\"width\":500,\"height\":104,\"caption\":\"Blog Novidades\"},\"image\":{\"@id\":\"https:\/\/ninamartinelli.com.br\/blog2\/#\/schema\/logo\/image\/\"}},{\"@type\":\"Person\",\"@id\":\"https:\/\/ninamartinelli.com.br\/blog2\/#\/schema\/person\/43fbfb1d4cbe3b472995206b2bb06df5\",\"name\":\"Ana Maria Devides\",\"image\":{\"@type\":\"ImageObject\",\"inLanguage\":\"pt-BR\",\"@id\":\"https:\/\/ninamartinelli.com.br\/blog2\/#\/schema\/person\/image\/\",\"url\":\"https:\/\/secure.gravatar.com\/avatar\/a03a82675d8bb3da8e5c5a6872db97be?s=96&d=mm&r=g\",\"contentUrl\":\"https:\/\/secure.gravatar.com\/avatar\/a03a82675d8bb3da8e5c5a6872db97be?s=96&d=mm&r=g\",\"caption\":\"Ana Maria Devides\"},\"url\":\"https:\/\/ninamartinelli.com.br\/blog2\/author\/assessoria-nina-martinelli\/\"}]}<\/script>\n<!-- \/ Yoast SEO plugin. -->","yoast_head_json":{"title":"Louvre de Abu Dhabi inspira estande que ambienta lan\u00e7amentos da Nina Martinelli na Expo Revestir 2023 - Blog Nina","robots":{"index":"index","follow":"follow","max-snippet":"max-snippet:-1","max-image-preview":"max-image-preview:large","max-video-preview":"max-video-preview:-1"},"canonical":"https:\/\/ninamartinelli.com.br\/blog2\/louvre-de-abu-dhabi-inspira-estande-que-ambienta-lancamentos-da-nina-martinelli-na-expo-revestir-2023\/","og_locale":"pt_BR","og_type":"article","og_title":"Louvre de Abu Dhabi inspira estande que ambienta lan\u00e7amentos da Nina Martinelli na Expo Revestir 2023 - Blog Nina","og_description":"Logo na entrada do Pavilh\u00e3o 1 do S\u00e3o Paulo Expo, onde acontecer\u00e1 de 14 a","og_url":"https:\/\/ninamartinelli.com.br\/blog2\/louvre-de-abu-dhabi-inspira-estande-que-ambienta-lancamentos-da-nina-martinelli-na-expo-revestir-2023\/","og_site_name":"Blog Nina","article_published_time":"2023-03-08T11:38:14+00:00","article_modified_time":"2023-03-10T16:16:22+00:00","og_image":[{"width":1000,"height":562,"url":"https:\/\/ninamartinelli.com.br\/blog2\/wp-content\/uploads\/2023\/03\/louvre-abu-dhabi.jpg","type":"image\/jpeg"}],"author":"Ana Maria Devides","twitter_card":"summary_large_image","twitter_misc":{"Escrito por":"Ana Maria Devides","Est. tempo de leitura":"3 minutos"},"schema":{"@context":"https:\/\/schema.org","@graph":[{"@type":"Article","@id":"https:\/\/ninamartinelli.com.br\/blog2\/louvre-de-abu-dhabi-inspira-estande-que-ambienta-lancamentos-da-nina-martinelli-na-expo-revestir-2023\/#article","isPartOf":{"@id":"https:\/\/ninamartinelli.com.br\/blog2\/louvre-de-abu-dhabi-inspira-estande-que-ambienta-lancamentos-da-nina-martinelli-na-expo-revestir-2023\/"},"author":{"name":"Ana Maria Devides","@id":"https:\/\/ninamartinelli.com.br\/blog2\/#\/schema\/person\/43fbfb1d4cbe3b472995206b2bb06df5"},"headline":"Louvre de Abu Dhabi inspira estande que ambienta lan\u00e7amentos da Nina Martinelli na Expo Revestir 2023","datePublished":"2023-03-08T11:38:14+00:00","dateModified":"2023-03-10T16:16:22+00:00","mainEntityOfPage":{"@id":"https:\/\/ninamartinelli.com.br\/blog2\/louvre-de-abu-dhabi-inspira-estande-que-ambienta-lancamentos-da-nina-martinelli-na-expo-revestir-2023\/"},"wordCount":549,"commentCount":0,"publisher":{"@id":"https:\/\/ninamartinelli.com.br\/blog2\/#organization"},"image":{"@id":"https:\/\/ninamartinelli.com.br\/blog2\/louvre-de-abu-dhabi-inspira-estande-que-ambienta-lancamentos-da-nina-martinelli-na-expo-revestir-2023\/#primaryimage"},"thumbnailUrl":"https:\/\/ninamartinelli.com.br\/blog2\/wp-content\/uploads\/2023\/03\/louvre-abu-dhabi.jpg","articleSection":[":: LAN\u00c7AMENTOS 2023 ::","EXPO Revestir","Mostras e Eventos","Nina Martinelli"],"inLanguage":"pt-BR","potentialAction":[{"@type":"CommentAction","name":"Comment","target":["https:\/\/ninamartinelli.com.br\/blog2\/louvre-de-abu-dhabi-inspira-estande-que-ambienta-lancamentos-da-nina-martinelli-na-expo-revestir-2023\/#respond"]}]},{"@type":"WebPage","@id":"https:\/\/ninamartinelli.com.br\/blog2\/louvre-de-abu-dhabi-inspira-estande-que-ambienta-lancamentos-da-nina-martinelli-na-expo-revestir-2023\/","url":"https:\/\/ninamartinelli.com.br\/blog2\/louvre-de-abu-dhabi-inspira-estande-que-ambienta-lancamentos-da-nina-martinelli-na-expo-revestir-2023\/","name":"Louvre de Abu Dhabi inspira estande que ambienta lan\u00e7amentos da Nina Martinelli na Expo Revestir 2023 - Blog Nina","isPartOf":{"@id":"https:\/\/ninamartinelli.com.br\/blog2\/#website"},"primaryImageOfPage":{"@id":"https:\/\/ninamartinelli.com.br\/blog2\/louvre-de-abu-dhabi-inspira-estande-que-ambienta-lancamentos-da-nina-martinelli-na-expo-revestir-2023\/#primaryimage"},"image":{"@id":"https:\/\/ninamartinelli.com.br\/blog2\/louvre-de-abu-dhabi-inspira-estande-que-ambienta-lancamentos-da-nina-martinelli-na-expo-revestir-2023\/#primaryimage"},"thumbnailUrl":"https:\/\/ninamartinelli.com.br\/blog2\/wp-content\/uploads\/2023\/03\/louvre-abu-dhabi.jpg","datePublished":"2023-03-08T11:38:14+00:00","dateModified":"2023-03-10T16:16:22+00:00","breadcrumb":{"@id":"https:\/\/ninamartinelli.com.br\/blog2\/louvre-de-abu-dhabi-inspira-estande-que-ambienta-lancamentos-da-nina-martinelli-na-expo-revestir-2023\/#breadcrumb"},"inLanguage":"pt-BR","potentialAction":[{"@type":"ReadAction","target":["https:\/\/ninamartinelli.com.br\/blog2\/louvre-de-abu-dhabi-inspira-estande-que-ambienta-lancamentos-da-nina-martinelli-na-expo-revestir-2023\/"]}]},{"@type":"ImageObject","inLanguage":"pt-BR","@id":"https:\/\/ninamartinelli.com.br\/blog2\/louvre-de-abu-dhabi-inspira-estande-que-ambienta-lancamentos-da-nina-martinelli-na-expo-revestir-2023\/#primaryimage","url":"https:\/\/ninamartinelli.com.br\/blog2\/wp-content\/uploads\/2023\/03\/louvre-abu-dhabi.jpg","contentUrl":"https:\/\/ninamartinelli.com.br\/blog2\/wp-content\/uploads\/2023\/03\/louvre-abu-dhabi.jpg","width":1000,"height":562},{"@type":"BreadcrumbList","@id":"https:\/\/ninamartinelli.com.br\/blog2\/louvre-de-abu-dhabi-inspira-estande-que-ambienta-lancamentos-da-nina-martinelli-na-expo-revestir-2023\/#breadcrumb","itemListElement":[{"@type":"ListItem","position":1,"name":"In\u00edcio","item":"https:\/\/ninamartinelli.com.br\/blog2\/"},{"@type":"ListItem","position":2,"name":"Louvre de Abu Dhabi inspira estande que ambienta lan\u00e7amentos da Nina Martinelli na Expo Revestir 2023"}]},{"@type":"WebSite","@id":"https:\/\/ninamartinelli.com.br\/blog2\/#website","url":"https:\/\/ninamartinelli.com.br\/blog2\/","name":"Nina Martinelli","description":"#Nina_Martinelli","publisher":{"@id":"https:\/\/ninamartinelli.com.br\/blog2\/#organization"},"potentialAction":[{"@type":"SearchAction","target":{"@type":"EntryPoint","urlTemplate":"https:\/\/ninamartinelli.com.br\/blog2\/?s={search_term_string}"},"query-input":{"@type":"PropertyValueSpecification","valueRequired":true,"valueName":"search_term_string"}}],"inLanguage":"pt-BR"},{"@type":"Organization","@id":"https:\/\/ninamartinelli.com.br\/blog2\/#organization","name":"Blog Novidades","url":"https:\/\/ninamartinelli.com.br\/blog2\/","logo":{"@type":"ImageObject","inLanguage":"pt-BR","@id":"https:\/\/ninamartinelli.com.br\/blog2\/#\/schema\/logo\/image\/","url":"http:\/\/blog.ninamartinelli.com.br\/wp-content\/uploads\/2022\/03\/logo_nina_blog.png","contentUrl":"http:\/\/blog.ninamartinelli.com.br\/wp-content\/uploads\/2022\/03\/logo_nina_blog.png","width":500,"height":104,"caption":"Blog Novidades"},"image":{"@id":"https:\/\/ninamartinelli.com.br\/blog2\/#\/schema\/logo\/image\/"}},{"@type":"Person","@id":"https:\/\/ninamartinelli.com.br\/blog2\/#\/schema\/person\/43fbfb1d4cbe3b472995206b2bb06df5","name":"Ana Maria Devides","image":{"@type":"ImageObject","inLanguage":"pt-BR","@id":"https:\/\/ninamartinelli.com.br\/blog2\/#\/schema\/person\/image\/","url":"https:\/\/secure.gravatar.com\/avatar\/a03a82675d8bb3da8e5c5a6872db97be?s=96&d=mm&r=g","contentUrl":"https:\/\/secure.gravatar.com\/avatar\/a03a82675d8bb3da8e5c5a6872db97be?s=96&d=mm&r=g","caption":"Ana Maria Devides"},"url":"https:\/\/ninamartinelli.com.br\/blog2\/author\/assessoria-nina-martinelli\/"}]}},"_links":{"self":[{"href":"https:\/\/ninamartinelli.com.br\/blog2\/wp-json\/wp\/v2\/posts\/1928","targetHints":{"allow":["GET"]}}],"collection":[{"href":"https:\/\/ninamartinelli.com.br\/blog2\/wp-json\/wp\/v2\/posts"}],"about":[{"href":"https:\/\/ninamartinelli.com.br\/blog2\/wp-json\/wp\/v2\/types\/post"}],"author":[{"embeddable":true,"href":"https:\/\/ninamartinelli.com.br\/blog2\/wp-json\/wp\/v2\/users\/2"}],"replies":[{"embeddable":true,"href":"https:\/\/ninamartinelli.com.br\/blog2\/wp-json\/wp\/v2\/comments?post=1928"}],"version-history":[{"count":1,"href":"https:\/\/ninamartinelli.com.br\/blog2\/wp-json\/wp\/v2\/posts\/1928\/revisions"}],"predecessor-version":[{"id":1930,"href":"https:\/\/ninamartinelli.com.br\/blog2\/wp-json\/wp\/v2\/posts\/1928\/revisions\/1930"}],"wp:featuredmedia":[{"embeddable":true,"href":"https:\/\/ninamartinelli.com.br\/blog2\/wp-json\/wp\/v2\/media\/1929"}],"wp:attachment":[{"href":"https:\/\/ninamartinelli.com.br\/blog2\/wp-json\/wp\/v2\/media?parent=1928"}],"wp:term":[{"taxonomy":"category","embeddable":true,"href":"https:\/\/ninamartinelli.com.br\/blog2\/wp-json\/wp\/v2\/categories?post=1928"},{"taxonomy":"post_tag","embeddable":true,"href":"https:\/\/ninamartinelli.com.br\/blog2\/wp-json\/wp\/v2\/tags?post=1928"}],"curies":[{"name":"wp","href":"https:\/\/api.w.org\/{rel}","templated":true}]}}