{"id":1911,"date":"2023-02-15T09:21:13","date_gmt":"2023-02-15T12:21:13","guid":{"rendered":"http:\/\/blog.ninamartinelli.com.br\/?p=1911"},"modified":"2023-02-10T08:22:29","modified_gmt":"2023-02-10T11:22:29","slug":"rusticidade-e-conforto-marcam-areas-de-lazer-e-gourmet-em-s-joao-da-boa-vista-sp","status":"publish","type":"post","link":"https:\/\/ninamartinelli.com.br\/blog2\/rusticidade-e-conforto-marcam-areas-de-lazer-e-gourmet-em-s-joao-da-boa-vista-sp\/","title":{"rendered":"Rusticidade e conforto marcam \u00e1reas de lazer e gourmet em S. Jo\u00e3o da Boa Vista\/SP"},"content":{"rendered":"<p>Um casal de empres\u00e1rios com um sonho: morar numa ch\u00e1cara, numa casa avarandada, com estilo r\u00fastico. Um arquiteto atento aos detalhes. Combina\u00e7\u00e3o ideal para a concep\u00e7\u00e3o do projeto de reforma da casa dos clientes, na Serra da Paulista, em S\u00e3o Jo\u00e3o da Boa Vista\/SP.<\/p>\n<p>A alma da reforma foi a cria\u00e7\u00e3o de uma enorme varanda, contornando quase toda a bela resid\u00eancia, que fica numa \u00e1rea verde extremamente bela e bem cuidada.<\/p>\n<p>A estrutura, toda de eucalipto roli\u00e7o tratado, foi incrementada com um pergolado que foi recoberto por delicadas telhas de polipropileno leitoso, que deixam passar a luz natural filtrando-a levemente, sem gerar peso \u2013 inclusive visual.<\/p>\n<p>O projeto, do arquiteto <a href=\"https:\/\/www.instagram.com\/lucianoparziale\/?hl=en\">Luciano Parziale<\/a>, tirou proveito do desn\u00edvel entre o terreno e a casa, e a varanda toda foi transformada em um imenso mirante, de onde se contempla a natureza exuberante ao redor do im\u00f3vel.<\/p>\n<p><strong>Detalhes que encantam<\/strong><\/p>\n<p>As paredes externas t\u00eam reboque e pintura r\u00fastica, em tom terroso claro, como as casas da m\u00e1gica regi\u00e3o da Toscana, na It\u00e1lia, com aquele charme do desgaste do tempo. Algumas partes das paredes exibem um bel\u00edssimo trabalho tradicional com tijolos \u00e0 vista, assentados em amarra\u00e7\u00e3o com juntas mais largas.<\/p>\n<p>O piso da varanda \u00e9 um espet\u00e1culo \u00e0 parte. E recebeu o <a href=\"https:\/\/www.ninamartinelli.com.br\/#!\/pt\/produtos\/1.39.000.000-piso-cotto-vecchio-nobile\">Piso Cotto Vecchio Nobile Sfumato<\/a> 15&#215;15 cm, ou, a famosa e adorada \u2018lajotinha\u2019 da Nina Martinelli Pisos e Revestimentos. \u00c9 um piso que apresenta varia\u00e7\u00f5es de tonalidade t\u00edpicas, originadas no processo de queima.<\/p>\n<p>Al\u00e9m do formato 15&#215;15 cm, ele tamb\u00e9m \u00e9 disponibilizado em 15&#215;30 cm, 30&#215;30 cm, 15&#215;45 cm e ainda 30&#215;45 cm. H\u00e1 projetos, inclusive, que misturam todas essas medidas em pagina\u00e7\u00f5es incr\u00edveis. Outros tons dispon\u00edveis s\u00e3o Rosso, Paglia e Nero.<\/p>\n<p><img loading=\"lazy\" decoding=\"async\" class=\"wp-image-1913 alignleft\" src=\"http:\/\/blog.ninamartinelli.com.br\/wp-content\/uploads\/2023\/02\/20230202_154758-1-300x140.jpg\" alt=\"\" width=\"555\" height=\"259\" srcset=\"https:\/\/ninamartinelli.com.br\/blog2\/wp-content\/uploads\/2023\/02\/20230202_154758-1-300x140.jpg 300w, https:\/\/ninamartinelli.com.br\/blog2\/wp-content\/uploads\/2023\/02\/20230202_154758-1-1024x478.jpg 1024w, https:\/\/ninamartinelli.com.br\/blog2\/wp-content\/uploads\/2023\/02\/20230202_154758-1-768x359.jpg 768w, https:\/\/ninamartinelli.com.br\/blog2\/wp-content\/uploads\/2023\/02\/20230202_154758-1-1536x717.jpg 1536w, https:\/\/ninamartinelli.com.br\/blog2\/wp-content\/uploads\/2023\/02\/20230202_154758-1-2048x956.jpg 2048w\" sizes=\"auto, (max-width: 555px) 100vw, 555px\" \/><\/p>\n<h3>Veja mais projetos com o Cotto Vecchio Nobile clicando <a href=\"http:\/\/blog.ninamartinelli.com.br\/wp-admin\/post.php?post=1036&amp;action=edit\">aqui<\/a><\/h3>\n<p>Voltando a essa po\u00e9tica casa, o piso ficou com um aspecto r\u00fastico extremamente equilibrado, e que conversa harmonicamente com as paredes, a madeira, as amplas janelas em vidro transl\u00facido, as pedras do entorno, o verde e a mob\u00edlia.<\/p>\n<p>O acabamento ficou ainda mais primoroso com a Pingadeira Vecchio Nobile 15&#215;30, tamb\u00e9m no tom Sfumato, que garantiu um contorno perfeito e a seguran\u00e7a de que o escoamento da \u00e1gua em dias chuvosos ser\u00e1 perfeito, conservando todo o conjunto.<\/p>\n<p>A obra envolveu tamb\u00e9m a cria\u00e7\u00e3o de um lavabo que recebeu, al\u00e9m do piso Cotto Vecchio, tamb\u00e9m uma parede revestida com o ciment\u00edcio <a href=\"https:\/\/www.ninamartinelli.com.br\/#!\/pt\/produtos\/0049-revestimento-madeira-vecchio\">Madeira Vecchio<\/a>, placas que impressionam pelo realismo, inspiradas em produtos naturais, como madeira de demoli\u00e7\u00e3o, dando um efeito surpreendente aos projetos, podendo ser utilizadas como pisos ou revestimento em \u00e1reas internas ou externas.<\/p>\n<p>Segundo o arquiteto, os clientes amaram o resultado. \u201cEles sempre quiseram morar numa casa com esse estilo, adoraram o piso e acharam que a composi\u00e7\u00e3o foi perfeita e garantiu um resultado extremamente natural\u201d, diz o profissional.<\/p>\n<p>Todo o material para a obra veio da <a href=\"http:\/\/brutalacabamentos.com.br\/site\/\">Brutal Acabamentos<\/a>, de S\u00e3o Jo\u00e3o da Boa Vista.<\/p>\n<p><img loading=\"lazy\" decoding=\"async\" class=\"wp-image-1914 alignleft\" src=\"http:\/\/blog.ninamartinelli.com.br\/wp-content\/uploads\/2023\/02\/20230124_182243-140x300.jpg\" alt=\"\" width=\"210\" height=\"450\" srcset=\"https:\/\/ninamartinelli.com.br\/blog2\/wp-content\/uploads\/2023\/02\/20230124_182243-140x300.jpg 140w, https:\/\/ninamartinelli.com.br\/blog2\/wp-content\/uploads\/2023\/02\/20230124_182243-478x1024.jpg 478w, https:\/\/ninamartinelli.com.br\/blog2\/wp-content\/uploads\/2023\/02\/20230124_182243-768x1645.jpg 768w, https:\/\/ninamartinelli.com.br\/blog2\/wp-content\/uploads\/2023\/02\/20230124_182243-717x1536.jpg 717w, https:\/\/ninamartinelli.com.br\/blog2\/wp-content\/uploads\/2023\/02\/20230124_182243-956x2048.jpg 956w, https:\/\/ninamartinelli.com.br\/blog2\/wp-content\/uploads\/2023\/02\/20230124_182243-1024x2193.jpg 1024w, https:\/\/ninamartinelli.com.br\/blog2\/wp-content\/uploads\/2023\/02\/20230124_182243-scaled.jpg 1196w\" sizes=\"auto, (max-width: 210px) 100vw, 210px\" \/><\/p>\n<p>&nbsp;<\/p>\n<p><strong>Servi\u00e7o<\/strong>: Reforma e cria\u00e7\u00e3o de varanda em casa de campo em S\u00e3o Jo\u00e3o da Boa Vista\/SP<\/p>\n<p><strong>Produtos:<\/strong> Piso Cotto Vecchio Nobile e Pingadeira Cotto Vecchio Nobile Sfumato, al\u00e9m de piso\/revestimento Madeira Vecchio<\/p>\n<p><strong>Projeto:<\/strong> Luciano Parziale<\/p>\n<p><strong>Telefone<\/strong>: +55 19 99775-4653<\/p>\n<p><strong>Fotos:<\/strong> Acervo do cliente<\/p>\n<p>&nbsp;<\/p>\n<p>&nbsp;<\/p>\n<p>&nbsp;<\/p>\n","protected":false},"excerpt":{"rendered":"<p>Um casal de empres\u00e1rios com um sonho: morar numa ch\u00e1cara, numa casa avarandada, com estilo<\/p>\n","protected":false},"author":2,"featured_media":1912,"comment_status":"open","ping_status":"open","sticky":false,"template":"","format":"standard","meta":{"footnotes":""},"categories":[59,21,129],"tags":[39,115,25,85],"class_list":["post-1911","post","type-post","status-publish","format-standard","has-post-thumbnail","hentry","category-ceramica","category-pisos","category-sustentabilidade","tag-area-externa","tag-area-gourmet","tag-piso-de-ceramica","tag-piso-rustico"],"yoast_head":"<!-- This site is optimized with the Yoast SEO plugin v26.8 - https:\/\/yoast.com\/product\/yoast-seo-wordpress\/ -->\n<title>Rusticidade e conforto marcam \u00e1reas de lazer e gourmet em S. Jo\u00e3o da Boa Vista\/SP - Blog Nina<\/title>\n<meta name=\"robots\" content=\"index, follow, max-snippet:-1, max-image-preview:large, max-video-preview:-1\" \/>\n<link rel=\"canonical\" href=\"https:\/\/ninamartinelli.com.br\/blog2\/rusticidade-e-conforto-marcam-areas-de-lazer-e-gourmet-em-s-joao-da-boa-vista-sp\/\" \/>\n<meta property=\"og:locale\" content=\"pt_BR\" \/>\n<meta property=\"og:type\" content=\"article\" \/>\n<meta property=\"og:title\" content=\"Rusticidade e conforto marcam \u00e1reas de lazer e gourmet em S. Jo\u00e3o da Boa Vista\/SP - Blog Nina\" \/>\n<meta property=\"og:description\" content=\"Um casal de empres\u00e1rios com um sonho: morar numa ch\u00e1cara, numa casa avarandada, com estilo\" \/>\n<meta property=\"og:url\" content=\"https:\/\/ninamartinelli.com.br\/blog2\/rusticidade-e-conforto-marcam-areas-de-lazer-e-gourmet-em-s-joao-da-boa-vista-sp\/\" \/>\n<meta property=\"og:site_name\" content=\"Blog Nina\" \/>\n<meta property=\"article:published_time\" content=\"2023-02-15T12:21:13+00:00\" \/>\n<meta property=\"og:image\" content=\"https:\/\/ninamartinelli.com.br\/blog2\/wp-content\/uploads\/2023\/02\/20230202_154847-scaled.jpg\" \/>\n\t<meta property=\"og:image:width\" content=\"2560\" \/>\n\t<meta property=\"og:image:height\" content=\"1196\" \/>\n\t<meta property=\"og:image:type\" content=\"image\/jpeg\" \/>\n<meta name=\"author\" content=\"Ana Maria Devides\" \/>\n<meta name=\"twitter:card\" content=\"summary_large_image\" \/>\n<meta name=\"twitter:label1\" content=\"Escrito por\" \/>\n\t<meta name=\"twitter:data1\" content=\"Ana Maria Devides\" \/>\n\t<meta name=\"twitter:label2\" content=\"Est. tempo de leitura\" \/>\n\t<meta name=\"twitter:data2\" content=\"3 minutos\" \/>\n<script type=\"application\/ld+json\" class=\"yoast-schema-graph\">{\"@context\":\"https:\/\/schema.org\",\"@graph\":[{\"@type\":\"Article\",\"@id\":\"https:\/\/ninamartinelli.com.br\/blog2\/rusticidade-e-conforto-marcam-areas-de-lazer-e-gourmet-em-s-joao-da-boa-vista-sp\/#article\",\"isPartOf\":{\"@id\":\"https:\/\/ninamartinelli.com.br\/blog2\/rusticidade-e-conforto-marcam-areas-de-lazer-e-gourmet-em-s-joao-da-boa-vista-sp\/\"},\"author\":{\"name\":\"Ana Maria Devides\",\"@id\":\"https:\/\/ninamartinelli.com.br\/blog2\/#\/schema\/person\/43fbfb1d4cbe3b472995206b2bb06df5\"},\"headline\":\"Rusticidade e conforto marcam \u00e1reas de lazer e gourmet em S. Jo\u00e3o da Boa Vista\/SP\",\"datePublished\":\"2023-02-15T12:21:13+00:00\",\"mainEntityOfPage\":{\"@id\":\"https:\/\/ninamartinelli.com.br\/blog2\/rusticidade-e-conforto-marcam-areas-de-lazer-e-gourmet-em-s-joao-da-boa-vista-sp\/\"},\"wordCount\":581,\"commentCount\":0,\"publisher\":{\"@id\":\"https:\/\/ninamartinelli.com.br\/blog2\/#organization\"},\"image\":{\"@id\":\"https:\/\/ninamartinelli.com.br\/blog2\/rusticidade-e-conforto-marcam-areas-de-lazer-e-gourmet-em-s-joao-da-boa-vista-sp\/#primaryimage\"},\"thumbnailUrl\":\"https:\/\/ninamartinelli.com.br\/blog2\/wp-content\/uploads\/2023\/02\/20230202_154847-scaled.jpg\",\"keywords\":[\"area externa\",\"area gourmet\",\"piso de ceramica\",\"piso rustico\"],\"articleSection\":[\"Cer\u00e2mica\",\"Pisos\",\"Sustentabilidade\"],\"inLanguage\":\"pt-BR\",\"potentialAction\":[{\"@type\":\"CommentAction\",\"name\":\"Comment\",\"target\":[\"https:\/\/ninamartinelli.com.br\/blog2\/rusticidade-e-conforto-marcam-areas-de-lazer-e-gourmet-em-s-joao-da-boa-vista-sp\/#respond\"]}]},{\"@type\":\"WebPage\",\"@id\":\"https:\/\/ninamartinelli.com.br\/blog2\/rusticidade-e-conforto-marcam-areas-de-lazer-e-gourmet-em-s-joao-da-boa-vista-sp\/\",\"url\":\"https:\/\/ninamartinelli.com.br\/blog2\/rusticidade-e-conforto-marcam-areas-de-lazer-e-gourmet-em-s-joao-da-boa-vista-sp\/\",\"name\":\"Rusticidade e conforto marcam \u00e1reas de lazer e gourmet em S. Jo\u00e3o da Boa Vista\/SP - Blog Nina\",\"isPartOf\":{\"@id\":\"https:\/\/ninamartinelli.com.br\/blog2\/#website\"},\"primaryImageOfPage\":{\"@id\":\"https:\/\/ninamartinelli.com.br\/blog2\/rusticidade-e-conforto-marcam-areas-de-lazer-e-gourmet-em-s-joao-da-boa-vista-sp\/#primaryimage\"},\"image\":{\"@id\":\"https:\/\/ninamartinelli.com.br\/blog2\/rusticidade-e-conforto-marcam-areas-de-lazer-e-gourmet-em-s-joao-da-boa-vista-sp\/#primaryimage\"},\"thumbnailUrl\":\"https:\/\/ninamartinelli.com.br\/blog2\/wp-content\/uploads\/2023\/02\/20230202_154847-scaled.jpg\",\"datePublished\":\"2023-02-15T12:21:13+00:00\",\"breadcrumb\":{\"@id\":\"https:\/\/ninamartinelli.com.br\/blog2\/rusticidade-e-conforto-marcam-areas-de-lazer-e-gourmet-em-s-joao-da-boa-vista-sp\/#breadcrumb\"},\"inLanguage\":\"pt-BR\",\"potentialAction\":[{\"@type\":\"ReadAction\",\"target\":[\"https:\/\/ninamartinelli.com.br\/blog2\/rusticidade-e-conforto-marcam-areas-de-lazer-e-gourmet-em-s-joao-da-boa-vista-sp\/\"]}]},{\"@type\":\"ImageObject\",\"inLanguage\":\"pt-BR\",\"@id\":\"https:\/\/ninamartinelli.com.br\/blog2\/rusticidade-e-conforto-marcam-areas-de-lazer-e-gourmet-em-s-joao-da-boa-vista-sp\/#primaryimage\",\"url\":\"https:\/\/ninamartinelli.com.br\/blog2\/wp-content\/uploads\/2023\/02\/20230202_154847-scaled.jpg\",\"contentUrl\":\"https:\/\/ninamartinelli.com.br\/blog2\/wp-content\/uploads\/2023\/02\/20230202_154847-scaled.jpg\",\"width\":2560,\"height\":1196},{\"@type\":\"BreadcrumbList\",\"@id\":\"https:\/\/ninamartinelli.com.br\/blog2\/rusticidade-e-conforto-marcam-areas-de-lazer-e-gourmet-em-s-joao-da-boa-vista-sp\/#breadcrumb\",\"itemListElement\":[{\"@type\":\"ListItem\",\"position\":1,\"name\":\"In\u00edcio\",\"item\":\"https:\/\/ninamartinelli.com.br\/blog2\/\"},{\"@type\":\"ListItem\",\"position\":2,\"name\":\"Rusticidade e conforto marcam \u00e1reas de lazer e gourmet em S. Jo\u00e3o da Boa Vista\/SP\"}]},{\"@type\":\"WebSite\",\"@id\":\"https:\/\/ninamartinelli.com.br\/blog2\/#website\",\"url\":\"https:\/\/ninamartinelli.com.br\/blog2\/\",\"name\":\"Nina Martinelli\",\"description\":\"#Nina_Martinelli\",\"publisher\":{\"@id\":\"https:\/\/ninamartinelli.com.br\/blog2\/#organization\"},\"potentialAction\":[{\"@type\":\"SearchAction\",\"target\":{\"@type\":\"EntryPoint\",\"urlTemplate\":\"https:\/\/ninamartinelli.com.br\/blog2\/?s={search_term_string}\"},\"query-input\":{\"@type\":\"PropertyValueSpecification\",\"valueRequired\":true,\"valueName\":\"search_term_string\"}}],\"inLanguage\":\"pt-BR\"},{\"@type\":\"Organization\",\"@id\":\"https:\/\/ninamartinelli.com.br\/blog2\/#organization\",\"name\":\"Blog Novidades\",\"url\":\"https:\/\/ninamartinelli.com.br\/blog2\/\",\"logo\":{\"@type\":\"ImageObject\",\"inLanguage\":\"pt-BR\",\"@id\":\"https:\/\/ninamartinelli.com.br\/blog2\/#\/schema\/logo\/image\/\",\"url\":\"http:\/\/blog.ninamartinelli.com.br\/wp-content\/uploads\/2022\/03\/logo_nina_blog.png\",\"contentUrl\":\"http:\/\/blog.ninamartinelli.com.br\/wp-content\/uploads\/2022\/03\/logo_nina_blog.png\",\"width\":500,\"height\":104,\"caption\":\"Blog Novidades\"},\"image\":{\"@id\":\"https:\/\/ninamartinelli.com.br\/blog2\/#\/schema\/logo\/image\/\"}},{\"@type\":\"Person\",\"@id\":\"https:\/\/ninamartinelli.com.br\/blog2\/#\/schema\/person\/43fbfb1d4cbe3b472995206b2bb06df5\",\"name\":\"Ana Maria Devides\",\"image\":{\"@type\":\"ImageObject\",\"inLanguage\":\"pt-BR\",\"@id\":\"https:\/\/ninamartinelli.com.br\/blog2\/#\/schema\/person\/image\/\",\"url\":\"https:\/\/secure.gravatar.com\/avatar\/a03a82675d8bb3da8e5c5a6872db97be?s=96&d=mm&r=g\",\"contentUrl\":\"https:\/\/secure.gravatar.com\/avatar\/a03a82675d8bb3da8e5c5a6872db97be?s=96&d=mm&r=g\",\"caption\":\"Ana Maria Devides\"},\"url\":\"https:\/\/ninamartinelli.com.br\/blog2\/author\/assessoria-nina-martinelli\/\"}]}<\/script>\n<!-- \/ Yoast SEO plugin. -->","yoast_head_json":{"title":"Rusticidade e conforto marcam \u00e1reas de lazer e gourmet em S. Jo\u00e3o da Boa Vista\/SP - Blog Nina","robots":{"index":"index","follow":"follow","max-snippet":"max-snippet:-1","max-image-preview":"max-image-preview:large","max-video-preview":"max-video-preview:-1"},"canonical":"https:\/\/ninamartinelli.com.br\/blog2\/rusticidade-e-conforto-marcam-areas-de-lazer-e-gourmet-em-s-joao-da-boa-vista-sp\/","og_locale":"pt_BR","og_type":"article","og_title":"Rusticidade e conforto marcam \u00e1reas de lazer e gourmet em S. Jo\u00e3o da Boa Vista\/SP - Blog Nina","og_description":"Um casal de empres\u00e1rios com um sonho: morar numa ch\u00e1cara, numa casa avarandada, com estilo","og_url":"https:\/\/ninamartinelli.com.br\/blog2\/rusticidade-e-conforto-marcam-areas-de-lazer-e-gourmet-em-s-joao-da-boa-vista-sp\/","og_site_name":"Blog Nina","article_published_time":"2023-02-15T12:21:13+00:00","og_image":[{"width":2560,"height":1196,"url":"https:\/\/ninamartinelli.com.br\/blog2\/wp-content\/uploads\/2023\/02\/20230202_154847-scaled.jpg","type":"image\/jpeg"}],"author":"Ana Maria Devides","twitter_card":"summary_large_image","twitter_misc":{"Escrito por":"Ana Maria Devides","Est. tempo de leitura":"3 minutos"},"schema":{"@context":"https:\/\/schema.org","@graph":[{"@type":"Article","@id":"https:\/\/ninamartinelli.com.br\/blog2\/rusticidade-e-conforto-marcam-areas-de-lazer-e-gourmet-em-s-joao-da-boa-vista-sp\/#article","isPartOf":{"@id":"https:\/\/ninamartinelli.com.br\/blog2\/rusticidade-e-conforto-marcam-areas-de-lazer-e-gourmet-em-s-joao-da-boa-vista-sp\/"},"author":{"name":"Ana Maria Devides","@id":"https:\/\/ninamartinelli.com.br\/blog2\/#\/schema\/person\/43fbfb1d4cbe3b472995206b2bb06df5"},"headline":"Rusticidade e conforto marcam \u00e1reas de lazer e gourmet em S. Jo\u00e3o da Boa Vista\/SP","datePublished":"2023-02-15T12:21:13+00:00","mainEntityOfPage":{"@id":"https:\/\/ninamartinelli.com.br\/blog2\/rusticidade-e-conforto-marcam-areas-de-lazer-e-gourmet-em-s-joao-da-boa-vista-sp\/"},"wordCount":581,"commentCount":0,"publisher":{"@id":"https:\/\/ninamartinelli.com.br\/blog2\/#organization"},"image":{"@id":"https:\/\/ninamartinelli.com.br\/blog2\/rusticidade-e-conforto-marcam-areas-de-lazer-e-gourmet-em-s-joao-da-boa-vista-sp\/#primaryimage"},"thumbnailUrl":"https:\/\/ninamartinelli.com.br\/blog2\/wp-content\/uploads\/2023\/02\/20230202_154847-scaled.jpg","keywords":["area externa","area gourmet","piso de ceramica","piso rustico"],"articleSection":["Cer\u00e2mica","Pisos","Sustentabilidade"],"inLanguage":"pt-BR","potentialAction":[{"@type":"CommentAction","name":"Comment","target":["https:\/\/ninamartinelli.com.br\/blog2\/rusticidade-e-conforto-marcam-areas-de-lazer-e-gourmet-em-s-joao-da-boa-vista-sp\/#respond"]}]},{"@type":"WebPage","@id":"https:\/\/ninamartinelli.com.br\/blog2\/rusticidade-e-conforto-marcam-areas-de-lazer-e-gourmet-em-s-joao-da-boa-vista-sp\/","url":"https:\/\/ninamartinelli.com.br\/blog2\/rusticidade-e-conforto-marcam-areas-de-lazer-e-gourmet-em-s-joao-da-boa-vista-sp\/","name":"Rusticidade e conforto marcam \u00e1reas de lazer e gourmet em S. Jo\u00e3o da Boa Vista\/SP - Blog Nina","isPartOf":{"@id":"https:\/\/ninamartinelli.com.br\/blog2\/#website"},"primaryImageOfPage":{"@id":"https:\/\/ninamartinelli.com.br\/blog2\/rusticidade-e-conforto-marcam-areas-de-lazer-e-gourmet-em-s-joao-da-boa-vista-sp\/#primaryimage"},"image":{"@id":"https:\/\/ninamartinelli.com.br\/blog2\/rusticidade-e-conforto-marcam-areas-de-lazer-e-gourmet-em-s-joao-da-boa-vista-sp\/#primaryimage"},"thumbnailUrl":"https:\/\/ninamartinelli.com.br\/blog2\/wp-content\/uploads\/2023\/02\/20230202_154847-scaled.jpg","datePublished":"2023-02-15T12:21:13+00:00","breadcrumb":{"@id":"https:\/\/ninamartinelli.com.br\/blog2\/rusticidade-e-conforto-marcam-areas-de-lazer-e-gourmet-em-s-joao-da-boa-vista-sp\/#breadcrumb"},"inLanguage":"pt-BR","potentialAction":[{"@type":"ReadAction","target":["https:\/\/ninamartinelli.com.br\/blog2\/rusticidade-e-conforto-marcam-areas-de-lazer-e-gourmet-em-s-joao-da-boa-vista-sp\/"]}]},{"@type":"ImageObject","inLanguage":"pt-BR","@id":"https:\/\/ninamartinelli.com.br\/blog2\/rusticidade-e-conforto-marcam-areas-de-lazer-e-gourmet-em-s-joao-da-boa-vista-sp\/#primaryimage","url":"https:\/\/ninamartinelli.com.br\/blog2\/wp-content\/uploads\/2023\/02\/20230202_154847-scaled.jpg","contentUrl":"https:\/\/ninamartinelli.com.br\/blog2\/wp-content\/uploads\/2023\/02\/20230202_154847-scaled.jpg","width":2560,"height":1196},{"@type":"BreadcrumbList","@id":"https:\/\/ninamartinelli.com.br\/blog2\/rusticidade-e-conforto-marcam-areas-de-lazer-e-gourmet-em-s-joao-da-boa-vista-sp\/#breadcrumb","itemListElement":[{"@type":"ListItem","position":1,"name":"In\u00edcio","item":"https:\/\/ninamartinelli.com.br\/blog2\/"},{"@type":"ListItem","position":2,"name":"Rusticidade e conforto marcam \u00e1reas de lazer e gourmet em S. Jo\u00e3o da Boa Vista\/SP"}]},{"@type":"WebSite","@id":"https:\/\/ninamartinelli.com.br\/blog2\/#website","url":"https:\/\/ninamartinelli.com.br\/blog2\/","name":"Nina Martinelli","description":"#Nina_Martinelli","publisher":{"@id":"https:\/\/ninamartinelli.com.br\/blog2\/#organization"},"potentialAction":[{"@type":"SearchAction","target":{"@type":"EntryPoint","urlTemplate":"https:\/\/ninamartinelli.com.br\/blog2\/?s={search_term_string}"},"query-input":{"@type":"PropertyValueSpecification","valueRequired":true,"valueName":"search_term_string"}}],"inLanguage":"pt-BR"},{"@type":"Organization","@id":"https:\/\/ninamartinelli.com.br\/blog2\/#organization","name":"Blog Novidades","url":"https:\/\/ninamartinelli.com.br\/blog2\/","logo":{"@type":"ImageObject","inLanguage":"pt-BR","@id":"https:\/\/ninamartinelli.com.br\/blog2\/#\/schema\/logo\/image\/","url":"http:\/\/blog.ninamartinelli.com.br\/wp-content\/uploads\/2022\/03\/logo_nina_blog.png","contentUrl":"http:\/\/blog.ninamartinelli.com.br\/wp-content\/uploads\/2022\/03\/logo_nina_blog.png","width":500,"height":104,"caption":"Blog Novidades"},"image":{"@id":"https:\/\/ninamartinelli.com.br\/blog2\/#\/schema\/logo\/image\/"}},{"@type":"Person","@id":"https:\/\/ninamartinelli.com.br\/blog2\/#\/schema\/person\/43fbfb1d4cbe3b472995206b2bb06df5","name":"Ana Maria Devides","image":{"@type":"ImageObject","inLanguage":"pt-BR","@id":"https:\/\/ninamartinelli.com.br\/blog2\/#\/schema\/person\/image\/","url":"https:\/\/secure.gravatar.com\/avatar\/a03a82675d8bb3da8e5c5a6872db97be?s=96&d=mm&r=g","contentUrl":"https:\/\/secure.gravatar.com\/avatar\/a03a82675d8bb3da8e5c5a6872db97be?s=96&d=mm&r=g","caption":"Ana Maria Devides"},"url":"https:\/\/ninamartinelli.com.br\/blog2\/author\/assessoria-nina-martinelli\/"}]}},"_links":{"self":[{"href":"https:\/\/ninamartinelli.com.br\/blog2\/wp-json\/wp\/v2\/posts\/1911","targetHints":{"allow":["GET"]}}],"collection":[{"href":"https:\/\/ninamartinelli.com.br\/blog2\/wp-json\/wp\/v2\/posts"}],"about":[{"href":"https:\/\/ninamartinelli.com.br\/blog2\/wp-json\/wp\/v2\/types\/post"}],"author":[{"embeddable":true,"href":"https:\/\/ninamartinelli.com.br\/blog2\/wp-json\/wp\/v2\/users\/2"}],"replies":[{"embeddable":true,"href":"https:\/\/ninamartinelli.com.br\/blog2\/wp-json\/wp\/v2\/comments?post=1911"}],"version-history":[{"count":2,"href":"https:\/\/ninamartinelli.com.br\/blog2\/wp-json\/wp\/v2\/posts\/1911\/revisions"}],"predecessor-version":[{"id":1916,"href":"https:\/\/ninamartinelli.com.br\/blog2\/wp-json\/wp\/v2\/posts\/1911\/revisions\/1916"}],"wp:featuredmedia":[{"embeddable":true,"href":"https:\/\/ninamartinelli.com.br\/blog2\/wp-json\/wp\/v2\/media\/1912"}],"wp:attachment":[{"href":"https:\/\/ninamartinelli.com.br\/blog2\/wp-json\/wp\/v2\/media?parent=1911"}],"wp:term":[{"taxonomy":"category","embeddable":true,"href":"https:\/\/ninamartinelli.com.br\/blog2\/wp-json\/wp\/v2\/categories?post=1911"},{"taxonomy":"post_tag","embeddable":true,"href":"https:\/\/ninamartinelli.com.br\/blog2\/wp-json\/wp\/v2\/tags?post=1911"}],"curies":[{"name":"wp","href":"https:\/\/api.w.org\/{rel}","templated":true}]}}