{"id":1891,"date":"2023-01-25T10:06:25","date_gmt":"2023-01-25T13:06:25","guid":{"rendered":"http:\/\/blog.ninamartinelli.com.br\/?p=1891"},"modified":"2023-01-25T10:06:25","modified_gmt":"2023-01-25T13:06:25","slug":"bricks-inovadores-pisos-e-revestimentos-que-inspiram-e-muita-sustentabilidade-e-o-que-a-nina-martinelli-traz-para-a-expo-revestir-2023","status":"publish","type":"post","link":"https:\/\/ninamartinelli.com.br\/blog2\/bricks-inovadores-pisos-e-revestimentos-que-inspiram-e-muita-sustentabilidade-e-o-que-a-nina-martinelli-traz-para-a-expo-revestir-2023\/","title":{"rendered":"Bricks inovadores, pisos e revestimentos que inspiram e muita sustentabilidade, \u00e9 o que a Nina Martinelli traz para a Expo Revestir 2023"},"content":{"rendered":"<p>A fama e o prest\u00edgio dos Bricks da Nina Martinelli andam \u00e0 frente de sua presen\u00e7a no mercado, e falam por si, sustentando o sucesso das cole\u00e7\u00f5es ao longo de anos. Outros produtos cer\u00e2micos, como o Piso Volti, que permite diferentes e exclusivas pagina\u00e7\u00f5es, tamb\u00e9m s\u00e3o consagrados.<\/p>\n<p>Suas texturas, seu toque org\u00e2nico, r\u00fastico e elegante, e sua versatilidade e sustentabilidade s\u00e3o reconhecidas e, este ano, ser\u00e3o evidenciadas na Expo Revestir 2023, de 14 a 17 de mar\u00e7o, com modelos inovadores, tanto na vers\u00e3o cer\u00e2mica quanto na ciment\u00edcia.<\/p>\n<p>Pisos e revestimentos nesses dois materiais, as belas e funcionais bordas ciment\u00edcias para piscinas, com propriedades t\u00e9rmicas especiais, bem como modelos de revestimentos exclusivos em madeira, tamb\u00e9m v\u00e3o enriquecer o rol de lan\u00e7amentos que a empresa leva para a mostra.<\/p>\n<p>No novo espa\u00e7o da Expo Revestir, o complexo S\u00e3o Paulo Expo, no km 1,5 da Rodovia dos Imigrantes, a Nina Martinelli receber\u00e1 clientes, especificadores e parceiros no Estande C11, no Pavilh\u00e3o 1, pr\u00f3ximo da entrada, num confort\u00e1vel e criativo espa\u00e7o de 50m\u00b2.<\/p>\n<p>\u201cInspirar e agregar valor aos projetos nos quais arquitetos e designers especificam nossos produtos \u00e9 uma das nossas premissas, que queremos evidenciar nesta edi\u00e7\u00e3o t\u00e3o especial da Revestir. Novamente nosso espa\u00e7o no evento vai primar pela beleza, acolhimento, e muito profissionalismo para exibir nossos produtos e, com nossa equipe de vendas e atendimento, informar e engajar nossos visitantes, abrindo, mais uma vez, excelentes perspectivas de neg\u00f3cios para o novo ano\u201d, diz Jos\u00e9 Renato Videira, um dos fundadores e diretores da empresa.<\/p>\n<p>&nbsp;<\/p>\n<p><strong>Servi\u00e7o: <\/strong><\/p>\n<p>21\u00aa Expo Revestir &#8211; 2023<\/p>\n<p>14 a 16 de mar\u00e7o: das 10h \u00e0s 19h<\/p>\n<p>17 de mar\u00e7o: 10h \u00e0s 17h<\/p>\n<p>S\u00e3o Paulo Expo<\/p>\n<p>Rodovia Imigrantes, 1,5 Km | S\u00e3o Paulo<\/p>\n<p>Nina Martinelli \u2013 Estande C 11 \u2013 Pavilh\u00e3o 1 \u2013 pr\u00f3ximo \u00e0 entrada<\/p>\n<p><a href=\"http:\/\/www.ninamartinelli.com.br\">www.ninamartinelli.com.br<\/a><\/p>\n<p>&nbsp;<\/p>\n<p>&nbsp;<\/p>\n","protected":false},"excerpt":{"rendered":"<p>A fama e o prest\u00edgio dos Bricks da Nina Martinelli andam \u00e0 frente de sua<\/p>\n","protected":false},"author":2,"featured_media":1894,"comment_status":"open","ping_status":"open","sticky":false,"template":"","format":"standard","meta":{"footnotes":""},"categories":[60,16,42,48,19],"tags":[50,45,54,43,98,100],"class_list":["post-1891","post","type-post","status-publish","format-standard","has-post-thumbnail","hentry","category-cimento","category-colezione-brick","category-colezione-cobogo","category-expo-revestir","category-mostras-e-eventos","tag-bricks","tag-ceramica","tag-cimenticio","tag-cobogo","tag-expo-revestir","tag-lancamentos"],"yoast_head":"<!-- This site is optimized with the Yoast SEO plugin v26.8 - https:\/\/yoast.com\/product\/yoast-seo-wordpress\/ -->\n<title>Bricks inovadores, pisos e revestimentos que inspiram e muita sustentabilidade, \u00e9 o que a Nina Martinelli traz para a Expo Revestir 2023 - Blog Nina<\/title>\n<meta name=\"robots\" content=\"index, follow, max-snippet:-1, max-image-preview:large, max-video-preview:-1\" \/>\n<link rel=\"canonical\" href=\"https:\/\/ninamartinelli.com.br\/blog2\/bricks-inovadores-pisos-e-revestimentos-que-inspiram-e-muita-sustentabilidade-e-o-que-a-nina-martinelli-traz-para-a-expo-revestir-2023\/\" \/>\n<meta property=\"og:locale\" content=\"pt_BR\" \/>\n<meta property=\"og:type\" content=\"article\" \/>\n<meta property=\"og:title\" content=\"Bricks inovadores, pisos e revestimentos que inspiram e muita sustentabilidade, \u00e9 o que a Nina Martinelli traz para a Expo Revestir 2023 - Blog Nina\" \/>\n<meta property=\"og:description\" content=\"A fama e o prest\u00edgio dos Bricks da Nina Martinelli andam \u00e0 frente de sua\" \/>\n<meta property=\"og:url\" content=\"https:\/\/ninamartinelli.com.br\/blog2\/bricks-inovadores-pisos-e-revestimentos-que-inspiram-e-muita-sustentabilidade-e-o-que-a-nina-martinelli-traz-para-a-expo-revestir-2023\/\" \/>\n<meta property=\"og:site_name\" content=\"Blog Nina\" \/>\n<meta property=\"article:published_time\" content=\"2023-01-25T13:06:25+00:00\" \/>\n<meta property=\"og:image\" content=\"https:\/\/ninamartinelli.com.br\/blog2\/wp-content\/uploads\/2023\/01\/2saopauloexpo.jpg\" \/>\n\t<meta property=\"og:image:width\" content=\"1853\" \/>\n\t<meta property=\"og:image:height\" content=\"1106\" \/>\n\t<meta property=\"og:image:type\" content=\"image\/jpeg\" \/>\n<meta name=\"author\" content=\"Ana Maria Devides\" \/>\n<meta name=\"twitter:card\" content=\"summary_large_image\" \/>\n<meta name=\"twitter:label1\" content=\"Escrito por\" \/>\n\t<meta name=\"twitter:data1\" content=\"Ana Maria Devides\" \/>\n\t<meta name=\"twitter:label2\" content=\"Est. tempo de leitura\" \/>\n\t<meta name=\"twitter:data2\" content=\"2 minutos\" \/>\n<script type=\"application\/ld+json\" class=\"yoast-schema-graph\">{\"@context\":\"https:\/\/schema.org\",\"@graph\":[{\"@type\":\"Article\",\"@id\":\"https:\/\/ninamartinelli.com.br\/blog2\/bricks-inovadores-pisos-e-revestimentos-que-inspiram-e-muita-sustentabilidade-e-o-que-a-nina-martinelli-traz-para-a-expo-revestir-2023\/#article\",\"isPartOf\":{\"@id\":\"https:\/\/ninamartinelli.com.br\/blog2\/bricks-inovadores-pisos-e-revestimentos-que-inspiram-e-muita-sustentabilidade-e-o-que-a-nina-martinelli-traz-para-a-expo-revestir-2023\/\"},\"author\":{\"name\":\"Ana Maria Devides\",\"@id\":\"https:\/\/ninamartinelli.com.br\/blog2\/#\/schema\/person\/43fbfb1d4cbe3b472995206b2bb06df5\"},\"headline\":\"Bricks inovadores, pisos e revestimentos que inspiram e muita sustentabilidade, \u00e9 o que a Nina Martinelli traz para a Expo Revestir 2023\",\"datePublished\":\"2023-01-25T13:06:25+00:00\",\"mainEntityOfPage\":{\"@id\":\"https:\/\/ninamartinelli.com.br\/blog2\/bricks-inovadores-pisos-e-revestimentos-que-inspiram-e-muita-sustentabilidade-e-o-que-a-nina-martinelli-traz-para-a-expo-revestir-2023\/\"},\"wordCount\":338,\"commentCount\":0,\"publisher\":{\"@id\":\"https:\/\/ninamartinelli.com.br\/blog2\/#organization\"},\"image\":{\"@id\":\"https:\/\/ninamartinelli.com.br\/blog2\/bricks-inovadores-pisos-e-revestimentos-que-inspiram-e-muita-sustentabilidade-e-o-que-a-nina-martinelli-traz-para-a-expo-revestir-2023\/#primaryimage\"},\"thumbnailUrl\":\"https:\/\/ninamartinelli.com.br\/blog2\/wp-content\/uploads\/2023\/01\/2saopauloexpo.jpg\",\"keywords\":[\"bricks\",\"ceramica\",\"cimenticio\",\"cobogo\",\"expo revestir\",\"lan\u00e7amentos\"],\"articleSection\":[\"Cimento\",\"Colezione Brick\",\"Colezione Cobog\u00f3\",\"EXPO Revestir\",\"Mostras e Eventos\"],\"inLanguage\":\"pt-BR\",\"potentialAction\":[{\"@type\":\"CommentAction\",\"name\":\"Comment\",\"target\":[\"https:\/\/ninamartinelli.com.br\/blog2\/bricks-inovadores-pisos-e-revestimentos-que-inspiram-e-muita-sustentabilidade-e-o-que-a-nina-martinelli-traz-para-a-expo-revestir-2023\/#respond\"]}]},{\"@type\":\"WebPage\",\"@id\":\"https:\/\/ninamartinelli.com.br\/blog2\/bricks-inovadores-pisos-e-revestimentos-que-inspiram-e-muita-sustentabilidade-e-o-que-a-nina-martinelli-traz-para-a-expo-revestir-2023\/\",\"url\":\"https:\/\/ninamartinelli.com.br\/blog2\/bricks-inovadores-pisos-e-revestimentos-que-inspiram-e-muita-sustentabilidade-e-o-que-a-nina-martinelli-traz-para-a-expo-revestir-2023\/\",\"name\":\"Bricks inovadores, pisos e revestimentos que inspiram e muita sustentabilidade, \u00e9 o que a Nina Martinelli traz para a Expo Revestir 2023 - Blog Nina\",\"isPartOf\":{\"@id\":\"https:\/\/ninamartinelli.com.br\/blog2\/#website\"},\"primaryImageOfPage\":{\"@id\":\"https:\/\/ninamartinelli.com.br\/blog2\/bricks-inovadores-pisos-e-revestimentos-que-inspiram-e-muita-sustentabilidade-e-o-que-a-nina-martinelli-traz-para-a-expo-revestir-2023\/#primaryimage\"},\"image\":{\"@id\":\"https:\/\/ninamartinelli.com.br\/blog2\/bricks-inovadores-pisos-e-revestimentos-que-inspiram-e-muita-sustentabilidade-e-o-que-a-nina-martinelli-traz-para-a-expo-revestir-2023\/#primaryimage\"},\"thumbnailUrl\":\"https:\/\/ninamartinelli.com.br\/blog2\/wp-content\/uploads\/2023\/01\/2saopauloexpo.jpg\",\"datePublished\":\"2023-01-25T13:06:25+00:00\",\"breadcrumb\":{\"@id\":\"https:\/\/ninamartinelli.com.br\/blog2\/bricks-inovadores-pisos-e-revestimentos-que-inspiram-e-muita-sustentabilidade-e-o-que-a-nina-martinelli-traz-para-a-expo-revestir-2023\/#breadcrumb\"},\"inLanguage\":\"pt-BR\",\"potentialAction\":[{\"@type\":\"ReadAction\",\"target\":[\"https:\/\/ninamartinelli.com.br\/blog2\/bricks-inovadores-pisos-e-revestimentos-que-inspiram-e-muita-sustentabilidade-e-o-que-a-nina-martinelli-traz-para-a-expo-revestir-2023\/\"]}]},{\"@type\":\"ImageObject\",\"inLanguage\":\"pt-BR\",\"@id\":\"https:\/\/ninamartinelli.com.br\/blog2\/bricks-inovadores-pisos-e-revestimentos-que-inspiram-e-muita-sustentabilidade-e-o-que-a-nina-martinelli-traz-para-a-expo-revestir-2023\/#primaryimage\",\"url\":\"https:\/\/ninamartinelli.com.br\/blog2\/wp-content\/uploads\/2023\/01\/2saopauloexpo.jpg\",\"contentUrl\":\"https:\/\/ninamartinelli.com.br\/blog2\/wp-content\/uploads\/2023\/01\/2saopauloexpo.jpg\",\"width\":1853,\"height\":1106},{\"@type\":\"BreadcrumbList\",\"@id\":\"https:\/\/ninamartinelli.com.br\/blog2\/bricks-inovadores-pisos-e-revestimentos-que-inspiram-e-muita-sustentabilidade-e-o-que-a-nina-martinelli-traz-para-a-expo-revestir-2023\/#breadcrumb\",\"itemListElement\":[{\"@type\":\"ListItem\",\"position\":1,\"name\":\"In\u00edcio\",\"item\":\"https:\/\/ninamartinelli.com.br\/blog2\/\"},{\"@type\":\"ListItem\",\"position\":2,\"name\":\"Bricks inovadores, pisos e revestimentos que inspiram e muita sustentabilidade, \u00e9 o que a Nina Martinelli traz para a Expo Revestir 2023\"}]},{\"@type\":\"WebSite\",\"@id\":\"https:\/\/ninamartinelli.com.br\/blog2\/#website\",\"url\":\"https:\/\/ninamartinelli.com.br\/blog2\/\",\"name\":\"Nina Martinelli\",\"description\":\"#Nina_Martinelli\",\"publisher\":{\"@id\":\"https:\/\/ninamartinelli.com.br\/blog2\/#organization\"},\"potentialAction\":[{\"@type\":\"SearchAction\",\"target\":{\"@type\":\"EntryPoint\",\"urlTemplate\":\"https:\/\/ninamartinelli.com.br\/blog2\/?s={search_term_string}\"},\"query-input\":{\"@type\":\"PropertyValueSpecification\",\"valueRequired\":true,\"valueName\":\"search_term_string\"}}],\"inLanguage\":\"pt-BR\"},{\"@type\":\"Organization\",\"@id\":\"https:\/\/ninamartinelli.com.br\/blog2\/#organization\",\"name\":\"Blog Novidades\",\"url\":\"https:\/\/ninamartinelli.com.br\/blog2\/\",\"logo\":{\"@type\":\"ImageObject\",\"inLanguage\":\"pt-BR\",\"@id\":\"https:\/\/ninamartinelli.com.br\/blog2\/#\/schema\/logo\/image\/\",\"url\":\"http:\/\/blog.ninamartinelli.com.br\/wp-content\/uploads\/2022\/03\/logo_nina_blog.png\",\"contentUrl\":\"http:\/\/blog.ninamartinelli.com.br\/wp-content\/uploads\/2022\/03\/logo_nina_blog.png\",\"width\":500,\"height\":104,\"caption\":\"Blog Novidades\"},\"image\":{\"@id\":\"https:\/\/ninamartinelli.com.br\/blog2\/#\/schema\/logo\/image\/\"}},{\"@type\":\"Person\",\"@id\":\"https:\/\/ninamartinelli.com.br\/blog2\/#\/schema\/person\/43fbfb1d4cbe3b472995206b2bb06df5\",\"name\":\"Ana Maria Devides\",\"image\":{\"@type\":\"ImageObject\",\"inLanguage\":\"pt-BR\",\"@id\":\"https:\/\/ninamartinelli.com.br\/blog2\/#\/schema\/person\/image\/\",\"url\":\"https:\/\/secure.gravatar.com\/avatar\/a03a82675d8bb3da8e5c5a6872db97be?s=96&d=mm&r=g\",\"contentUrl\":\"https:\/\/secure.gravatar.com\/avatar\/a03a82675d8bb3da8e5c5a6872db97be?s=96&d=mm&r=g\",\"caption\":\"Ana Maria Devides\"},\"url\":\"https:\/\/ninamartinelli.com.br\/blog2\/author\/assessoria-nina-martinelli\/\"}]}<\/script>\n<!-- \/ Yoast SEO plugin. -->","yoast_head_json":{"title":"Bricks inovadores, pisos e revestimentos que inspiram e muita sustentabilidade, \u00e9 o que a Nina Martinelli traz para a Expo Revestir 2023 - Blog Nina","robots":{"index":"index","follow":"follow","max-snippet":"max-snippet:-1","max-image-preview":"max-image-preview:large","max-video-preview":"max-video-preview:-1"},"canonical":"https:\/\/ninamartinelli.com.br\/blog2\/bricks-inovadores-pisos-e-revestimentos-que-inspiram-e-muita-sustentabilidade-e-o-que-a-nina-martinelli-traz-para-a-expo-revestir-2023\/","og_locale":"pt_BR","og_type":"article","og_title":"Bricks inovadores, pisos e revestimentos que inspiram e muita sustentabilidade, \u00e9 o que a Nina Martinelli traz para a Expo Revestir 2023 - Blog Nina","og_description":"A fama e o prest\u00edgio dos Bricks da Nina Martinelli andam \u00e0 frente de sua","og_url":"https:\/\/ninamartinelli.com.br\/blog2\/bricks-inovadores-pisos-e-revestimentos-que-inspiram-e-muita-sustentabilidade-e-o-que-a-nina-martinelli-traz-para-a-expo-revestir-2023\/","og_site_name":"Blog Nina","article_published_time":"2023-01-25T13:06:25+00:00","og_image":[{"width":1853,"height":1106,"url":"https:\/\/ninamartinelli.com.br\/blog2\/wp-content\/uploads\/2023\/01\/2saopauloexpo.jpg","type":"image\/jpeg"}],"author":"Ana Maria Devides","twitter_card":"summary_large_image","twitter_misc":{"Escrito por":"Ana Maria Devides","Est. tempo de leitura":"2 minutos"},"schema":{"@context":"https:\/\/schema.org","@graph":[{"@type":"Article","@id":"https:\/\/ninamartinelli.com.br\/blog2\/bricks-inovadores-pisos-e-revestimentos-que-inspiram-e-muita-sustentabilidade-e-o-que-a-nina-martinelli-traz-para-a-expo-revestir-2023\/#article","isPartOf":{"@id":"https:\/\/ninamartinelli.com.br\/blog2\/bricks-inovadores-pisos-e-revestimentos-que-inspiram-e-muita-sustentabilidade-e-o-que-a-nina-martinelli-traz-para-a-expo-revestir-2023\/"},"author":{"name":"Ana Maria Devides","@id":"https:\/\/ninamartinelli.com.br\/blog2\/#\/schema\/person\/43fbfb1d4cbe3b472995206b2bb06df5"},"headline":"Bricks inovadores, pisos e revestimentos que inspiram e muita sustentabilidade, \u00e9 o que a Nina Martinelli traz para a Expo Revestir 2023","datePublished":"2023-01-25T13:06:25+00:00","mainEntityOfPage":{"@id":"https:\/\/ninamartinelli.com.br\/blog2\/bricks-inovadores-pisos-e-revestimentos-que-inspiram-e-muita-sustentabilidade-e-o-que-a-nina-martinelli-traz-para-a-expo-revestir-2023\/"},"wordCount":338,"commentCount":0,"publisher":{"@id":"https:\/\/ninamartinelli.com.br\/blog2\/#organization"},"image":{"@id":"https:\/\/ninamartinelli.com.br\/blog2\/bricks-inovadores-pisos-e-revestimentos-que-inspiram-e-muita-sustentabilidade-e-o-que-a-nina-martinelli-traz-para-a-expo-revestir-2023\/#primaryimage"},"thumbnailUrl":"https:\/\/ninamartinelli.com.br\/blog2\/wp-content\/uploads\/2023\/01\/2saopauloexpo.jpg","keywords":["bricks","ceramica","cimenticio","cobogo","expo revestir","lan\u00e7amentos"],"articleSection":["Cimento","Colezione Brick","Colezione Cobog\u00f3","EXPO Revestir","Mostras e Eventos"],"inLanguage":"pt-BR","potentialAction":[{"@type":"CommentAction","name":"Comment","target":["https:\/\/ninamartinelli.com.br\/blog2\/bricks-inovadores-pisos-e-revestimentos-que-inspiram-e-muita-sustentabilidade-e-o-que-a-nina-martinelli-traz-para-a-expo-revestir-2023\/#respond"]}]},{"@type":"WebPage","@id":"https:\/\/ninamartinelli.com.br\/blog2\/bricks-inovadores-pisos-e-revestimentos-que-inspiram-e-muita-sustentabilidade-e-o-que-a-nina-martinelli-traz-para-a-expo-revestir-2023\/","url":"https:\/\/ninamartinelli.com.br\/blog2\/bricks-inovadores-pisos-e-revestimentos-que-inspiram-e-muita-sustentabilidade-e-o-que-a-nina-martinelli-traz-para-a-expo-revestir-2023\/","name":"Bricks inovadores, pisos e revestimentos que inspiram e muita sustentabilidade, \u00e9 o que a Nina Martinelli traz para a Expo Revestir 2023 - Blog Nina","isPartOf":{"@id":"https:\/\/ninamartinelli.com.br\/blog2\/#website"},"primaryImageOfPage":{"@id":"https:\/\/ninamartinelli.com.br\/blog2\/bricks-inovadores-pisos-e-revestimentos-que-inspiram-e-muita-sustentabilidade-e-o-que-a-nina-martinelli-traz-para-a-expo-revestir-2023\/#primaryimage"},"image":{"@id":"https:\/\/ninamartinelli.com.br\/blog2\/bricks-inovadores-pisos-e-revestimentos-que-inspiram-e-muita-sustentabilidade-e-o-que-a-nina-martinelli-traz-para-a-expo-revestir-2023\/#primaryimage"},"thumbnailUrl":"https:\/\/ninamartinelli.com.br\/blog2\/wp-content\/uploads\/2023\/01\/2saopauloexpo.jpg","datePublished":"2023-01-25T13:06:25+00:00","breadcrumb":{"@id":"https:\/\/ninamartinelli.com.br\/blog2\/bricks-inovadores-pisos-e-revestimentos-que-inspiram-e-muita-sustentabilidade-e-o-que-a-nina-martinelli-traz-para-a-expo-revestir-2023\/#breadcrumb"},"inLanguage":"pt-BR","potentialAction":[{"@type":"ReadAction","target":["https:\/\/ninamartinelli.com.br\/blog2\/bricks-inovadores-pisos-e-revestimentos-que-inspiram-e-muita-sustentabilidade-e-o-que-a-nina-martinelli-traz-para-a-expo-revestir-2023\/"]}]},{"@type":"ImageObject","inLanguage":"pt-BR","@id":"https:\/\/ninamartinelli.com.br\/blog2\/bricks-inovadores-pisos-e-revestimentos-que-inspiram-e-muita-sustentabilidade-e-o-que-a-nina-martinelli-traz-para-a-expo-revestir-2023\/#primaryimage","url":"https:\/\/ninamartinelli.com.br\/blog2\/wp-content\/uploads\/2023\/01\/2saopauloexpo.jpg","contentUrl":"https:\/\/ninamartinelli.com.br\/blog2\/wp-content\/uploads\/2023\/01\/2saopauloexpo.jpg","width":1853,"height":1106},{"@type":"BreadcrumbList","@id":"https:\/\/ninamartinelli.com.br\/blog2\/bricks-inovadores-pisos-e-revestimentos-que-inspiram-e-muita-sustentabilidade-e-o-que-a-nina-martinelli-traz-para-a-expo-revestir-2023\/#breadcrumb","itemListElement":[{"@type":"ListItem","position":1,"name":"In\u00edcio","item":"https:\/\/ninamartinelli.com.br\/blog2\/"},{"@type":"ListItem","position":2,"name":"Bricks inovadores, pisos e revestimentos que inspiram e muita sustentabilidade, \u00e9 o que a Nina Martinelli traz para a Expo Revestir 2023"}]},{"@type":"WebSite","@id":"https:\/\/ninamartinelli.com.br\/blog2\/#website","url":"https:\/\/ninamartinelli.com.br\/blog2\/","name":"Nina Martinelli","description":"#Nina_Martinelli","publisher":{"@id":"https:\/\/ninamartinelli.com.br\/blog2\/#organization"},"potentialAction":[{"@type":"SearchAction","target":{"@type":"EntryPoint","urlTemplate":"https:\/\/ninamartinelli.com.br\/blog2\/?s={search_term_string}"},"query-input":{"@type":"PropertyValueSpecification","valueRequired":true,"valueName":"search_term_string"}}],"inLanguage":"pt-BR"},{"@type":"Organization","@id":"https:\/\/ninamartinelli.com.br\/blog2\/#organization","name":"Blog Novidades","url":"https:\/\/ninamartinelli.com.br\/blog2\/","logo":{"@type":"ImageObject","inLanguage":"pt-BR","@id":"https:\/\/ninamartinelli.com.br\/blog2\/#\/schema\/logo\/image\/","url":"http:\/\/blog.ninamartinelli.com.br\/wp-content\/uploads\/2022\/03\/logo_nina_blog.png","contentUrl":"http:\/\/blog.ninamartinelli.com.br\/wp-content\/uploads\/2022\/03\/logo_nina_blog.png","width":500,"height":104,"caption":"Blog Novidades"},"image":{"@id":"https:\/\/ninamartinelli.com.br\/blog2\/#\/schema\/logo\/image\/"}},{"@type":"Person","@id":"https:\/\/ninamartinelli.com.br\/blog2\/#\/schema\/person\/43fbfb1d4cbe3b472995206b2bb06df5","name":"Ana Maria Devides","image":{"@type":"ImageObject","inLanguage":"pt-BR","@id":"https:\/\/ninamartinelli.com.br\/blog2\/#\/schema\/person\/image\/","url":"https:\/\/secure.gravatar.com\/avatar\/a03a82675d8bb3da8e5c5a6872db97be?s=96&d=mm&r=g","contentUrl":"https:\/\/secure.gravatar.com\/avatar\/a03a82675d8bb3da8e5c5a6872db97be?s=96&d=mm&r=g","caption":"Ana Maria Devides"},"url":"https:\/\/ninamartinelli.com.br\/blog2\/author\/assessoria-nina-martinelli\/"}]}},"_links":{"self":[{"href":"https:\/\/ninamartinelli.com.br\/blog2\/wp-json\/wp\/v2\/posts\/1891","targetHints":{"allow":["GET"]}}],"collection":[{"href":"https:\/\/ninamartinelli.com.br\/blog2\/wp-json\/wp\/v2\/posts"}],"about":[{"href":"https:\/\/ninamartinelli.com.br\/blog2\/wp-json\/wp\/v2\/types\/post"}],"author":[{"embeddable":true,"href":"https:\/\/ninamartinelli.com.br\/blog2\/wp-json\/wp\/v2\/users\/2"}],"replies":[{"embeddable":true,"href":"https:\/\/ninamartinelli.com.br\/blog2\/wp-json\/wp\/v2\/comments?post=1891"}],"version-history":[{"count":1,"href":"https:\/\/ninamartinelli.com.br\/blog2\/wp-json\/wp\/v2\/posts\/1891\/revisions"}],"predecessor-version":[{"id":1893,"href":"https:\/\/ninamartinelli.com.br\/blog2\/wp-json\/wp\/v2\/posts\/1891\/revisions\/1893"}],"wp:featuredmedia":[{"embeddable":true,"href":"https:\/\/ninamartinelli.com.br\/blog2\/wp-json\/wp\/v2\/media\/1894"}],"wp:attachment":[{"href":"https:\/\/ninamartinelli.com.br\/blog2\/wp-json\/wp\/v2\/media?parent=1891"}],"wp:term":[{"taxonomy":"category","embeddable":true,"href":"https:\/\/ninamartinelli.com.br\/blog2\/wp-json\/wp\/v2\/categories?post=1891"},{"taxonomy":"post_tag","embeddable":true,"href":"https:\/\/ninamartinelli.com.br\/blog2\/wp-json\/wp\/v2\/tags?post=1891"}],"curies":[{"name":"wp","href":"https:\/\/api.w.org\/{rel}","templated":true}]}}