{"id":1876,"date":"2023-01-10T13:03:02","date_gmt":"2023-01-10T16:03:02","guid":{"rendered":"http:\/\/blog.ninamartinelli.com.br\/?p=1876"},"modified":"2023-01-10T13:03:02","modified_gmt":"2023-01-10T16:03:02","slug":"luz-sombra-ar-e-beleza-a-magia-dos-cobogos-que-trazem-conforto-e-personalidade-aos-ambientes","status":"publish","type":"post","link":"https:\/\/ninamartinelli.com.br\/blog2\/luz-sombra-ar-e-beleza-a-magia-dos-cobogos-que-trazem-conforto-e-personalidade-aos-ambientes\/","title":{"rendered":"Luz, sombra, ar e beleza \u2013 a magia dos cobog\u00f3s que trazem conforto e personalidade aos ambientes"},"content":{"rendered":"<p>Um pa\u00eds tropical como o Brasil tem sol e calor praticamente o ano inteiro. A arquitetura tira partido dessa caracter\u00edstica, com projetos que aproveitam a luz e a ventila\u00e7\u00e3o naturais, mas, quando o objetivo \u00e9 equacionar tudo isso com beleza e privacidade, os cobog\u00f3s s\u00e3o a escolha natural e perfeita.<\/p>\n<p>Os \u2018elementos vazados\u2019 criados no Brasil, mais precisamente em Recibe\/PE, na d\u00e9cada de 1920, acabaram ganhando o nome de \u2018cobog\u00f3\u2019 pela jun\u00e7\u00e3o das s\u00edlabas iniciais dos sobrenomes dos engenheiros Amadeu Oliveira Coimbra, portugu\u00eas, Ernest August Boeckman, alem\u00e3o, e Ant\u00f4nio de G\u00f3is, brasileiro.<\/p>\n<p>Lembram, e muito, os inconfund\u00edveis pain\u00e9is de madeira vazada conhecidos como muxarabis, usados na arquitetura \u00e1rabe e que, assim como o cobog\u00f3, servem para fazer um fechamento de ambientes que n\u00e3o impe\u00e7a a circula\u00e7\u00e3o de ar.<\/p>\n<p>Atenta a essa demanda, a Nina Martinelli oferece, j\u00e1 h\u00e1 algum tempo, sua Cole\u00e7\u00e3o Cobog\u00f3, formada pelos modelos Luce, Rarus e ainda Brise Clair e Brise Sombre, estes \u00faltimos assinados pela artista pl\u00e1stica Rosa Pinc.<\/p>\n<p>Feitos em concreto arquitet\u00f4nico, seguindo a tend\u00eancia do estilo industrial, os modelos s\u00e3o especificados por arquitetos que buscam uma alternativa esteticamente harm\u00f4nica para diferenciar fachadas e divis\u00f3rias de ambientes, obtendo, al\u00e9m de beleza e personalidade, tamb\u00e9m um resultado sustent\u00e1vel, j\u00e1 o cobog\u00f3 \u00e9 um aliado na economia de energia, filtra a radia\u00e7\u00e3o solar e permite a ventila\u00e7\u00e3o cruzada.<\/p>\n<p>Na foto que ilustra esta mat\u00e9ria, um projeto de Samira Rahal, que optou pelos cobog\u00f3s Brise Clair e Sombre na fachada dessa bel\u00edssima resid\u00eancia.<\/p>\n<p>Explore e conhe\u00e7a melhor a Cole\u00e7\u00e3o Cobog\u00f3 navegando no nosso site e pesquisando na lupa pelos nossos produtos. Voc\u00ea tamb\u00e9m vai se encantar.<\/p>\n<p><strong>A magia dos cobog\u00f3s<\/strong><\/p>\n<p>Um jogo sedutor entre luz, sombra, ar e beleza&#8230;Feitos em concreto arquitet\u00f4nico, seguindo a tend\u00eancia do estilo industrial, os cobog\u00f3s s\u00e3o especificados por arquitetos que buscam uma alternativa esteticamente harm\u00f4nica para diferenciar fachadas e divis\u00f3rias de ambientes. Com isso, garantem, al\u00e9m de beleza e personalidade, tamb\u00e9m um resultado sustent\u00e1vel, j\u00e1 o cobog\u00f3 \u00e9 um aliado na economia de energia, filtra a radia\u00e7\u00e3o solar e permite a ventila\u00e7\u00e3o cruzada.<\/p>\n<p>Conhe\u00e7a mais sobre os modelos de cobog\u00f3s dispon\u00edveis buscando nossos produtos no <a href=\"https:\/\/www.ninamartinelli.com.br\/#!\/\">nosso site<\/a> pela lupa.<\/p>\n<p>&nbsp;<\/p>\n<p>Projeto: Samira Rahal \u2013 Instagram &#8211; <a href=\"https:\/\/www.instagram.com\/samira.rahal.arquitetura\/\">@samira.arq.rahal<\/a><\/p>\n<p>Foto: Marcelo Gimenes &#8211; Instagram-\u00a0 <a href=\"http:\/\/www.instagram.com\/marcelogimenes.fotografia\" target=\"_blank\" rel=\"noopener noreferrer\">@marcelogimenes.fotografia<\/a><\/p>\n","protected":false},"excerpt":{"rendered":"<p>Um pa\u00eds tropical como o Brasil tem sol e calor praticamente o ano inteiro. A<\/p>\n","protected":false},"author":2,"featured_media":1877,"comment_status":"open","ping_status":"open","sticky":false,"template":"","format":"standard","meta":{"footnotes":""},"categories":[60,42],"tags":[54,43,66],"class_list":["post-1876","post","type-post","status-publish","format-standard","has-post-thumbnail","hentry","category-cimento","category-colezione-cobogo","tag-cimenticio","tag-cobogo","tag-fachada"],"yoast_head":"<!-- This site is optimized with the Yoast SEO plugin v26.8 - https:\/\/yoast.com\/product\/yoast-seo-wordpress\/ -->\n<title>Luz, sombra, ar e beleza \u2013 a magia dos cobog\u00f3s que trazem conforto e personalidade aos ambientes - Blog Nina<\/title>\n<meta name=\"robots\" content=\"index, follow, max-snippet:-1, max-image-preview:large, max-video-preview:-1\" \/>\n<link rel=\"canonical\" href=\"https:\/\/ninamartinelli.com.br\/blog2\/luz-sombra-ar-e-beleza-a-magia-dos-cobogos-que-trazem-conforto-e-personalidade-aos-ambientes\/\" \/>\n<meta property=\"og:locale\" content=\"pt_BR\" \/>\n<meta property=\"og:type\" content=\"article\" \/>\n<meta property=\"og:title\" content=\"Luz, sombra, ar e beleza \u2013 a magia dos cobog\u00f3s que trazem conforto e personalidade aos ambientes - Blog Nina\" \/>\n<meta property=\"og:description\" content=\"Um pa\u00eds tropical como o Brasil tem sol e calor praticamente o ano inteiro. A\" \/>\n<meta property=\"og:url\" content=\"https:\/\/ninamartinelli.com.br\/blog2\/luz-sombra-ar-e-beleza-a-magia-dos-cobogos-que-trazem-conforto-e-personalidade-aos-ambientes\/\" \/>\n<meta property=\"og:site_name\" content=\"Blog Nina\" \/>\n<meta property=\"article:published_time\" content=\"2023-01-10T16:03:02+00:00\" \/>\n<meta property=\"og:image\" content=\"https:\/\/ninamartinelli.com.br\/blog2\/wp-content\/uploads\/2023\/01\/cobogo1.jpg\" \/>\n\t<meta property=\"og:image:width\" content=\"987\" \/>\n\t<meta property=\"og:image:height\" content=\"657\" \/>\n\t<meta property=\"og:image:type\" content=\"image\/jpeg\" \/>\n<meta name=\"author\" content=\"Ana Maria Devides\" \/>\n<meta name=\"twitter:card\" content=\"summary_large_image\" \/>\n<meta name=\"twitter:label1\" content=\"Escrito por\" \/>\n\t<meta name=\"twitter:data1\" content=\"Ana Maria Devides\" \/>\n\t<meta name=\"twitter:label2\" content=\"Est. tempo de leitura\" \/>\n\t<meta name=\"twitter:data2\" content=\"2 minutos\" \/>\n<script type=\"application\/ld+json\" class=\"yoast-schema-graph\">{\"@context\":\"https:\/\/schema.org\",\"@graph\":[{\"@type\":\"Article\",\"@id\":\"https:\/\/ninamartinelli.com.br\/blog2\/luz-sombra-ar-e-beleza-a-magia-dos-cobogos-que-trazem-conforto-e-personalidade-aos-ambientes\/#article\",\"isPartOf\":{\"@id\":\"https:\/\/ninamartinelli.com.br\/blog2\/luz-sombra-ar-e-beleza-a-magia-dos-cobogos-que-trazem-conforto-e-personalidade-aos-ambientes\/\"},\"author\":{\"name\":\"Ana Maria Devides\",\"@id\":\"https:\/\/ninamartinelli.com.br\/blog2\/#\/schema\/person\/43fbfb1d4cbe3b472995206b2bb06df5\"},\"headline\":\"Luz, sombra, ar e beleza \u2013 a magia dos cobog\u00f3s que trazem conforto e personalidade aos ambientes\",\"datePublished\":\"2023-01-10T16:03:02+00:00\",\"mainEntityOfPage\":{\"@id\":\"https:\/\/ninamartinelli.com.br\/blog2\/luz-sombra-ar-e-beleza-a-magia-dos-cobogos-que-trazem-conforto-e-personalidade-aos-ambientes\/\"},\"wordCount\":438,\"commentCount\":0,\"publisher\":{\"@id\":\"https:\/\/ninamartinelli.com.br\/blog2\/#organization\"},\"image\":{\"@id\":\"https:\/\/ninamartinelli.com.br\/blog2\/luz-sombra-ar-e-beleza-a-magia-dos-cobogos-que-trazem-conforto-e-personalidade-aos-ambientes\/#primaryimage\"},\"thumbnailUrl\":\"https:\/\/ninamartinelli.com.br\/blog2\/wp-content\/uploads\/2023\/01\/cobogo1.jpg\",\"keywords\":[\"cimenticio\",\"cobogo\",\"fachada\"],\"articleSection\":[\"Cimento\",\"Colezione Cobog\u00f3\"],\"inLanguage\":\"pt-BR\",\"potentialAction\":[{\"@type\":\"CommentAction\",\"name\":\"Comment\",\"target\":[\"https:\/\/ninamartinelli.com.br\/blog2\/luz-sombra-ar-e-beleza-a-magia-dos-cobogos-que-trazem-conforto-e-personalidade-aos-ambientes\/#respond\"]}]},{\"@type\":\"WebPage\",\"@id\":\"https:\/\/ninamartinelli.com.br\/blog2\/luz-sombra-ar-e-beleza-a-magia-dos-cobogos-que-trazem-conforto-e-personalidade-aos-ambientes\/\",\"url\":\"https:\/\/ninamartinelli.com.br\/blog2\/luz-sombra-ar-e-beleza-a-magia-dos-cobogos-que-trazem-conforto-e-personalidade-aos-ambientes\/\",\"name\":\"Luz, sombra, ar e beleza \u2013 a magia dos cobog\u00f3s que trazem conforto e personalidade aos ambientes - Blog Nina\",\"isPartOf\":{\"@id\":\"https:\/\/ninamartinelli.com.br\/blog2\/#website\"},\"primaryImageOfPage\":{\"@id\":\"https:\/\/ninamartinelli.com.br\/blog2\/luz-sombra-ar-e-beleza-a-magia-dos-cobogos-que-trazem-conforto-e-personalidade-aos-ambientes\/#primaryimage\"},\"image\":{\"@id\":\"https:\/\/ninamartinelli.com.br\/blog2\/luz-sombra-ar-e-beleza-a-magia-dos-cobogos-que-trazem-conforto-e-personalidade-aos-ambientes\/#primaryimage\"},\"thumbnailUrl\":\"https:\/\/ninamartinelli.com.br\/blog2\/wp-content\/uploads\/2023\/01\/cobogo1.jpg\",\"datePublished\":\"2023-01-10T16:03:02+00:00\",\"breadcrumb\":{\"@id\":\"https:\/\/ninamartinelli.com.br\/blog2\/luz-sombra-ar-e-beleza-a-magia-dos-cobogos-que-trazem-conforto-e-personalidade-aos-ambientes\/#breadcrumb\"},\"inLanguage\":\"pt-BR\",\"potentialAction\":[{\"@type\":\"ReadAction\",\"target\":[\"https:\/\/ninamartinelli.com.br\/blog2\/luz-sombra-ar-e-beleza-a-magia-dos-cobogos-que-trazem-conforto-e-personalidade-aos-ambientes\/\"]}]},{\"@type\":\"ImageObject\",\"inLanguage\":\"pt-BR\",\"@id\":\"https:\/\/ninamartinelli.com.br\/blog2\/luz-sombra-ar-e-beleza-a-magia-dos-cobogos-que-trazem-conforto-e-personalidade-aos-ambientes\/#primaryimage\",\"url\":\"https:\/\/ninamartinelli.com.br\/blog2\/wp-content\/uploads\/2023\/01\/cobogo1.jpg\",\"contentUrl\":\"https:\/\/ninamartinelli.com.br\/blog2\/wp-content\/uploads\/2023\/01\/cobogo1.jpg\",\"width\":987,\"height\":657},{\"@type\":\"BreadcrumbList\",\"@id\":\"https:\/\/ninamartinelli.com.br\/blog2\/luz-sombra-ar-e-beleza-a-magia-dos-cobogos-que-trazem-conforto-e-personalidade-aos-ambientes\/#breadcrumb\",\"itemListElement\":[{\"@type\":\"ListItem\",\"position\":1,\"name\":\"In\u00edcio\",\"item\":\"https:\/\/ninamartinelli.com.br\/blog2\/\"},{\"@type\":\"ListItem\",\"position\":2,\"name\":\"Luz, sombra, ar e beleza \u2013 a magia dos cobog\u00f3s que trazem conforto e personalidade aos ambientes\"}]},{\"@type\":\"WebSite\",\"@id\":\"https:\/\/ninamartinelli.com.br\/blog2\/#website\",\"url\":\"https:\/\/ninamartinelli.com.br\/blog2\/\",\"name\":\"Nina Martinelli\",\"description\":\"#Nina_Martinelli\",\"publisher\":{\"@id\":\"https:\/\/ninamartinelli.com.br\/blog2\/#organization\"},\"potentialAction\":[{\"@type\":\"SearchAction\",\"target\":{\"@type\":\"EntryPoint\",\"urlTemplate\":\"https:\/\/ninamartinelli.com.br\/blog2\/?s={search_term_string}\"},\"query-input\":{\"@type\":\"PropertyValueSpecification\",\"valueRequired\":true,\"valueName\":\"search_term_string\"}}],\"inLanguage\":\"pt-BR\"},{\"@type\":\"Organization\",\"@id\":\"https:\/\/ninamartinelli.com.br\/blog2\/#organization\",\"name\":\"Blog Novidades\",\"url\":\"https:\/\/ninamartinelli.com.br\/blog2\/\",\"logo\":{\"@type\":\"ImageObject\",\"inLanguage\":\"pt-BR\",\"@id\":\"https:\/\/ninamartinelli.com.br\/blog2\/#\/schema\/logo\/image\/\",\"url\":\"http:\/\/blog.ninamartinelli.com.br\/wp-content\/uploads\/2022\/03\/logo_nina_blog.png\",\"contentUrl\":\"http:\/\/blog.ninamartinelli.com.br\/wp-content\/uploads\/2022\/03\/logo_nina_blog.png\",\"width\":500,\"height\":104,\"caption\":\"Blog Novidades\"},\"image\":{\"@id\":\"https:\/\/ninamartinelli.com.br\/blog2\/#\/schema\/logo\/image\/\"}},{\"@type\":\"Person\",\"@id\":\"https:\/\/ninamartinelli.com.br\/blog2\/#\/schema\/person\/43fbfb1d4cbe3b472995206b2bb06df5\",\"name\":\"Ana Maria Devides\",\"image\":{\"@type\":\"ImageObject\",\"inLanguage\":\"pt-BR\",\"@id\":\"https:\/\/ninamartinelli.com.br\/blog2\/#\/schema\/person\/image\/\",\"url\":\"https:\/\/secure.gravatar.com\/avatar\/a03a82675d8bb3da8e5c5a6872db97be?s=96&d=mm&r=g\",\"contentUrl\":\"https:\/\/secure.gravatar.com\/avatar\/a03a82675d8bb3da8e5c5a6872db97be?s=96&d=mm&r=g\",\"caption\":\"Ana Maria Devides\"},\"url\":\"https:\/\/ninamartinelli.com.br\/blog2\/author\/assessoria-nina-martinelli\/\"}]}<\/script>\n<!-- \/ Yoast SEO plugin. -->","yoast_head_json":{"title":"Luz, sombra, ar e beleza \u2013 a magia dos cobog\u00f3s que trazem conforto e personalidade aos ambientes - Blog Nina","robots":{"index":"index","follow":"follow","max-snippet":"max-snippet:-1","max-image-preview":"max-image-preview:large","max-video-preview":"max-video-preview:-1"},"canonical":"https:\/\/ninamartinelli.com.br\/blog2\/luz-sombra-ar-e-beleza-a-magia-dos-cobogos-que-trazem-conforto-e-personalidade-aos-ambientes\/","og_locale":"pt_BR","og_type":"article","og_title":"Luz, sombra, ar e beleza \u2013 a magia dos cobog\u00f3s que trazem conforto e personalidade aos ambientes - Blog Nina","og_description":"Um pa\u00eds tropical como o Brasil tem sol e calor praticamente o ano inteiro. A","og_url":"https:\/\/ninamartinelli.com.br\/blog2\/luz-sombra-ar-e-beleza-a-magia-dos-cobogos-que-trazem-conforto-e-personalidade-aos-ambientes\/","og_site_name":"Blog Nina","article_published_time":"2023-01-10T16:03:02+00:00","og_image":[{"width":987,"height":657,"url":"https:\/\/ninamartinelli.com.br\/blog2\/wp-content\/uploads\/2023\/01\/cobogo1.jpg","type":"image\/jpeg"}],"author":"Ana Maria Devides","twitter_card":"summary_large_image","twitter_misc":{"Escrito por":"Ana Maria Devides","Est. tempo de leitura":"2 minutos"},"schema":{"@context":"https:\/\/schema.org","@graph":[{"@type":"Article","@id":"https:\/\/ninamartinelli.com.br\/blog2\/luz-sombra-ar-e-beleza-a-magia-dos-cobogos-que-trazem-conforto-e-personalidade-aos-ambientes\/#article","isPartOf":{"@id":"https:\/\/ninamartinelli.com.br\/blog2\/luz-sombra-ar-e-beleza-a-magia-dos-cobogos-que-trazem-conforto-e-personalidade-aos-ambientes\/"},"author":{"name":"Ana Maria Devides","@id":"https:\/\/ninamartinelli.com.br\/blog2\/#\/schema\/person\/43fbfb1d4cbe3b472995206b2bb06df5"},"headline":"Luz, sombra, ar e beleza \u2013 a magia dos cobog\u00f3s que trazem conforto e personalidade aos ambientes","datePublished":"2023-01-10T16:03:02+00:00","mainEntityOfPage":{"@id":"https:\/\/ninamartinelli.com.br\/blog2\/luz-sombra-ar-e-beleza-a-magia-dos-cobogos-que-trazem-conforto-e-personalidade-aos-ambientes\/"},"wordCount":438,"commentCount":0,"publisher":{"@id":"https:\/\/ninamartinelli.com.br\/blog2\/#organization"},"image":{"@id":"https:\/\/ninamartinelli.com.br\/blog2\/luz-sombra-ar-e-beleza-a-magia-dos-cobogos-que-trazem-conforto-e-personalidade-aos-ambientes\/#primaryimage"},"thumbnailUrl":"https:\/\/ninamartinelli.com.br\/blog2\/wp-content\/uploads\/2023\/01\/cobogo1.jpg","keywords":["cimenticio","cobogo","fachada"],"articleSection":["Cimento","Colezione Cobog\u00f3"],"inLanguage":"pt-BR","potentialAction":[{"@type":"CommentAction","name":"Comment","target":["https:\/\/ninamartinelli.com.br\/blog2\/luz-sombra-ar-e-beleza-a-magia-dos-cobogos-que-trazem-conforto-e-personalidade-aos-ambientes\/#respond"]}]},{"@type":"WebPage","@id":"https:\/\/ninamartinelli.com.br\/blog2\/luz-sombra-ar-e-beleza-a-magia-dos-cobogos-que-trazem-conforto-e-personalidade-aos-ambientes\/","url":"https:\/\/ninamartinelli.com.br\/blog2\/luz-sombra-ar-e-beleza-a-magia-dos-cobogos-que-trazem-conforto-e-personalidade-aos-ambientes\/","name":"Luz, sombra, ar e beleza \u2013 a magia dos cobog\u00f3s que trazem conforto e personalidade aos ambientes - Blog Nina","isPartOf":{"@id":"https:\/\/ninamartinelli.com.br\/blog2\/#website"},"primaryImageOfPage":{"@id":"https:\/\/ninamartinelli.com.br\/blog2\/luz-sombra-ar-e-beleza-a-magia-dos-cobogos-que-trazem-conforto-e-personalidade-aos-ambientes\/#primaryimage"},"image":{"@id":"https:\/\/ninamartinelli.com.br\/blog2\/luz-sombra-ar-e-beleza-a-magia-dos-cobogos-que-trazem-conforto-e-personalidade-aos-ambientes\/#primaryimage"},"thumbnailUrl":"https:\/\/ninamartinelli.com.br\/blog2\/wp-content\/uploads\/2023\/01\/cobogo1.jpg","datePublished":"2023-01-10T16:03:02+00:00","breadcrumb":{"@id":"https:\/\/ninamartinelli.com.br\/blog2\/luz-sombra-ar-e-beleza-a-magia-dos-cobogos-que-trazem-conforto-e-personalidade-aos-ambientes\/#breadcrumb"},"inLanguage":"pt-BR","potentialAction":[{"@type":"ReadAction","target":["https:\/\/ninamartinelli.com.br\/blog2\/luz-sombra-ar-e-beleza-a-magia-dos-cobogos-que-trazem-conforto-e-personalidade-aos-ambientes\/"]}]},{"@type":"ImageObject","inLanguage":"pt-BR","@id":"https:\/\/ninamartinelli.com.br\/blog2\/luz-sombra-ar-e-beleza-a-magia-dos-cobogos-que-trazem-conforto-e-personalidade-aos-ambientes\/#primaryimage","url":"https:\/\/ninamartinelli.com.br\/blog2\/wp-content\/uploads\/2023\/01\/cobogo1.jpg","contentUrl":"https:\/\/ninamartinelli.com.br\/blog2\/wp-content\/uploads\/2023\/01\/cobogo1.jpg","width":987,"height":657},{"@type":"BreadcrumbList","@id":"https:\/\/ninamartinelli.com.br\/blog2\/luz-sombra-ar-e-beleza-a-magia-dos-cobogos-que-trazem-conforto-e-personalidade-aos-ambientes\/#breadcrumb","itemListElement":[{"@type":"ListItem","position":1,"name":"In\u00edcio","item":"https:\/\/ninamartinelli.com.br\/blog2\/"},{"@type":"ListItem","position":2,"name":"Luz, sombra, ar e beleza \u2013 a magia dos cobog\u00f3s que trazem conforto e personalidade aos ambientes"}]},{"@type":"WebSite","@id":"https:\/\/ninamartinelli.com.br\/blog2\/#website","url":"https:\/\/ninamartinelli.com.br\/blog2\/","name":"Nina Martinelli","description":"#Nina_Martinelli","publisher":{"@id":"https:\/\/ninamartinelli.com.br\/blog2\/#organization"},"potentialAction":[{"@type":"SearchAction","target":{"@type":"EntryPoint","urlTemplate":"https:\/\/ninamartinelli.com.br\/blog2\/?s={search_term_string}"},"query-input":{"@type":"PropertyValueSpecification","valueRequired":true,"valueName":"search_term_string"}}],"inLanguage":"pt-BR"},{"@type":"Organization","@id":"https:\/\/ninamartinelli.com.br\/blog2\/#organization","name":"Blog Novidades","url":"https:\/\/ninamartinelli.com.br\/blog2\/","logo":{"@type":"ImageObject","inLanguage":"pt-BR","@id":"https:\/\/ninamartinelli.com.br\/blog2\/#\/schema\/logo\/image\/","url":"http:\/\/blog.ninamartinelli.com.br\/wp-content\/uploads\/2022\/03\/logo_nina_blog.png","contentUrl":"http:\/\/blog.ninamartinelli.com.br\/wp-content\/uploads\/2022\/03\/logo_nina_blog.png","width":500,"height":104,"caption":"Blog Novidades"},"image":{"@id":"https:\/\/ninamartinelli.com.br\/blog2\/#\/schema\/logo\/image\/"}},{"@type":"Person","@id":"https:\/\/ninamartinelli.com.br\/blog2\/#\/schema\/person\/43fbfb1d4cbe3b472995206b2bb06df5","name":"Ana Maria Devides","image":{"@type":"ImageObject","inLanguage":"pt-BR","@id":"https:\/\/ninamartinelli.com.br\/blog2\/#\/schema\/person\/image\/","url":"https:\/\/secure.gravatar.com\/avatar\/a03a82675d8bb3da8e5c5a6872db97be?s=96&d=mm&r=g","contentUrl":"https:\/\/secure.gravatar.com\/avatar\/a03a82675d8bb3da8e5c5a6872db97be?s=96&d=mm&r=g","caption":"Ana Maria Devides"},"url":"https:\/\/ninamartinelli.com.br\/blog2\/author\/assessoria-nina-martinelli\/"}]}},"_links":{"self":[{"href":"https:\/\/ninamartinelli.com.br\/blog2\/wp-json\/wp\/v2\/posts\/1876","targetHints":{"allow":["GET"]}}],"collection":[{"href":"https:\/\/ninamartinelli.com.br\/blog2\/wp-json\/wp\/v2\/posts"}],"about":[{"href":"https:\/\/ninamartinelli.com.br\/blog2\/wp-json\/wp\/v2\/types\/post"}],"author":[{"embeddable":true,"href":"https:\/\/ninamartinelli.com.br\/blog2\/wp-json\/wp\/v2\/users\/2"}],"replies":[{"embeddable":true,"href":"https:\/\/ninamartinelli.com.br\/blog2\/wp-json\/wp\/v2\/comments?post=1876"}],"version-history":[{"count":4,"href":"https:\/\/ninamartinelli.com.br\/blog2\/wp-json\/wp\/v2\/posts\/1876\/revisions"}],"predecessor-version":[{"id":1881,"href":"https:\/\/ninamartinelli.com.br\/blog2\/wp-json\/wp\/v2\/posts\/1876\/revisions\/1881"}],"wp:featuredmedia":[{"embeddable":true,"href":"https:\/\/ninamartinelli.com.br\/blog2\/wp-json\/wp\/v2\/media\/1877"}],"wp:attachment":[{"href":"https:\/\/ninamartinelli.com.br\/blog2\/wp-json\/wp\/v2\/media?parent=1876"}],"wp:term":[{"taxonomy":"category","embeddable":true,"href":"https:\/\/ninamartinelli.com.br\/blog2\/wp-json\/wp\/v2\/categories?post=1876"},{"taxonomy":"post_tag","embeddable":true,"href":"https:\/\/ninamartinelli.com.br\/blog2\/wp-json\/wp\/v2\/tags?post=1876"}],"curies":[{"name":"wp","href":"https:\/\/api.w.org\/{rel}","templated":true}]}}