{"id":1872,"date":"2023-01-04T10:58:28","date_gmt":"2023-01-04T13:58:28","guid":{"rendered":"http:\/\/blog.ninamartinelli.com.br\/?p=1872"},"modified":"2023-01-04T10:58:28","modified_gmt":"2023-01-04T13:58:28","slug":"decoratto-indigena-expressoes-da-terra-e-dos-povos-originarios-para-os-ambientes-mais-especiais","status":"publish","type":"post","link":"https:\/\/ninamartinelli.com.br\/blog2\/decoratto-indigena-expressoes-da-terra-e-dos-povos-originarios-para-os-ambientes-mais-especiais\/","title":{"rendered":"Decoratto Indigena \u2013 express\u00f5es da terra e dos povos origin\u00e1rios para os ambientes mais especiais"},"content":{"rendered":"<p>A cultura brasileira \u00e9 um caldo riqu\u00edssimo, resultante da combina\u00e7\u00e3o de diversas influ\u00eancias, incluindo as que s\u00e3o traduzidas a partir das express\u00f5es da terra, das florestas, dos rios, e dos povos origin\u00e1rios \u2013 os ind\u00edgenas que, desde sempre, manifestam suas cren\u00e7as e caracter\u00edsticas atrav\u00e9s de pinturas corporais, esculturas, adere\u00e7os e outros tipos de arte.<\/p>\n<p>O tra\u00e7ado forte, e ao mesmo tempo delicad\u00edssimo, os grafismos inconfund\u00edveis, os padr\u00f5es que remetem aos elementos \u2013 ar, terra, fogo, \u00e1gua, bem como celebram a natureza e tudo o que nela respira, s\u00e3o a inspira\u00e7\u00e3o para os modelos do revestimento cer\u00e2mico Decoratto Indigena, integrante da linha Supporto.<\/p>\n<p>S\u00e3o, ao todo, 15 modelos diferentes, medindo 11,5&#215;11,5cm, decorados com desenhos em preto sobre cer\u00e2mica em tom natural, embelezada pelas nuances levemente diferenciadas pela queima.<\/p>\n<p>A combina\u00e7\u00e3o das estampas proporciona um resultado org\u00e2nico, marcante e muito elegante, criando pontos focais em ambientes nos quais o objetivo \u00e9 celebrar a Natureza.<\/p>\n<p>Procure <a href=\"https:\/\/www.ninamartinelli.com.br\/#!\/\">aqui<\/a> no nosso site pelos modelos Decoratto Indigena. Explore cada tra\u00e7o, cada padronagem, e inspire-se.<\/p>\n<p>&nbsp;<\/p>\n","protected":false},"excerpt":{"rendered":"<p>A cultura brasileira \u00e9 um caldo riqu\u00edssimo, resultante da combina\u00e7\u00e3o de diversas influ\u00eancias, incluindo as<\/p>\n","protected":false},"author":2,"featured_media":1874,"comment_status":"open","ping_status":"open","sticky":false,"template":"","format":"standard","meta":{"footnotes":""},"categories":[59,1,26],"tags":[45,46],"class_list":["post-1872","post","type-post","status-publish","format-standard","has-post-thumbnail","hentry","category-ceramica","category-nina-martinelli","category-revestimentos","tag-ceramica","tag-revestimento"],"yoast_head":"<!-- This site is optimized with the Yoast SEO plugin v26.8 - https:\/\/yoast.com\/product\/yoast-seo-wordpress\/ -->\n<title>Decoratto Indigena \u2013 express\u00f5es da terra e dos povos origin\u00e1rios para os ambientes mais especiais - Blog Nina<\/title>\n<meta name=\"robots\" content=\"index, follow, max-snippet:-1, max-image-preview:large, max-video-preview:-1\" \/>\n<link rel=\"canonical\" href=\"https:\/\/ninamartinelli.com.br\/blog2\/decoratto-indigena-expressoes-da-terra-e-dos-povos-originarios-para-os-ambientes-mais-especiais\/\" \/>\n<meta property=\"og:locale\" content=\"pt_BR\" \/>\n<meta property=\"og:type\" content=\"article\" \/>\n<meta property=\"og:title\" content=\"Decoratto Indigena \u2013 express\u00f5es da terra e dos povos origin\u00e1rios para os ambientes mais especiais - Blog Nina\" \/>\n<meta property=\"og:description\" content=\"A cultura brasileira \u00e9 um caldo riqu\u00edssimo, resultante da combina\u00e7\u00e3o de diversas influ\u00eancias, incluindo as\" \/>\n<meta property=\"og:url\" content=\"https:\/\/ninamartinelli.com.br\/blog2\/decoratto-indigena-expressoes-da-terra-e-dos-povos-originarios-para-os-ambientes-mais-especiais\/\" \/>\n<meta property=\"og:site_name\" content=\"Blog Nina\" \/>\n<meta property=\"article:published_time\" content=\"2023-01-04T13:58:28+00:00\" \/>\n<meta property=\"og:image\" content=\"https:\/\/ninamartinelli.com.br\/blog2\/wp-content\/uploads\/2023\/01\/decoratto-indigena.jpeg\" \/>\n\t<meta property=\"og:image:width\" content=\"909\" \/>\n\t<meta property=\"og:image:height\" content=\"557\" \/>\n\t<meta property=\"og:image:type\" content=\"image\/jpeg\" \/>\n<meta name=\"author\" content=\"Ana Maria Devides\" \/>\n<meta name=\"twitter:card\" content=\"summary_large_image\" \/>\n<meta name=\"twitter:label1\" content=\"Escrito por\" \/>\n\t<meta name=\"twitter:data1\" content=\"Ana Maria Devides\" \/>\n\t<meta name=\"twitter:label2\" content=\"Est. tempo de leitura\" \/>\n\t<meta name=\"twitter:data2\" content=\"1 minuto\" \/>\n<script type=\"application\/ld+json\" class=\"yoast-schema-graph\">{\"@context\":\"https:\/\/schema.org\",\"@graph\":[{\"@type\":\"Article\",\"@id\":\"https:\/\/ninamartinelli.com.br\/blog2\/decoratto-indigena-expressoes-da-terra-e-dos-povos-originarios-para-os-ambientes-mais-especiais\/#article\",\"isPartOf\":{\"@id\":\"https:\/\/ninamartinelli.com.br\/blog2\/decoratto-indigena-expressoes-da-terra-e-dos-povos-originarios-para-os-ambientes-mais-especiais\/\"},\"author\":{\"name\":\"Ana Maria Devides\",\"@id\":\"https:\/\/ninamartinelli.com.br\/blog2\/#\/schema\/person\/43fbfb1d4cbe3b472995206b2bb06df5\"},\"headline\":\"Decoratto Indigena \u2013 express\u00f5es da terra e dos povos origin\u00e1rios para os ambientes mais especiais\",\"datePublished\":\"2023-01-04T13:58:28+00:00\",\"mainEntityOfPage\":{\"@id\":\"https:\/\/ninamartinelli.com.br\/blog2\/decoratto-indigena-expressoes-da-terra-e-dos-povos-originarios-para-os-ambientes-mais-especiais\/\"},\"wordCount\":204,\"commentCount\":0,\"publisher\":{\"@id\":\"https:\/\/ninamartinelli.com.br\/blog2\/#organization\"},\"image\":{\"@id\":\"https:\/\/ninamartinelli.com.br\/blog2\/decoratto-indigena-expressoes-da-terra-e-dos-povos-originarios-para-os-ambientes-mais-especiais\/#primaryimage\"},\"thumbnailUrl\":\"https:\/\/ninamartinelli.com.br\/blog2\/wp-content\/uploads\/2023\/01\/decoratto-indigena.jpeg\",\"keywords\":[\"ceramica\",\"revestimento\"],\"articleSection\":[\"Cer\u00e2mica\",\"Nina Martinelli\",\"Revestimentos\"],\"inLanguage\":\"pt-BR\",\"potentialAction\":[{\"@type\":\"CommentAction\",\"name\":\"Comment\",\"target\":[\"https:\/\/ninamartinelli.com.br\/blog2\/decoratto-indigena-expressoes-da-terra-e-dos-povos-originarios-para-os-ambientes-mais-especiais\/#respond\"]}]},{\"@type\":\"WebPage\",\"@id\":\"https:\/\/ninamartinelli.com.br\/blog2\/decoratto-indigena-expressoes-da-terra-e-dos-povos-originarios-para-os-ambientes-mais-especiais\/\",\"url\":\"https:\/\/ninamartinelli.com.br\/blog2\/decoratto-indigena-expressoes-da-terra-e-dos-povos-originarios-para-os-ambientes-mais-especiais\/\",\"name\":\"Decoratto Indigena \u2013 express\u00f5es da terra e dos povos origin\u00e1rios para os ambientes mais especiais - Blog Nina\",\"isPartOf\":{\"@id\":\"https:\/\/ninamartinelli.com.br\/blog2\/#website\"},\"primaryImageOfPage\":{\"@id\":\"https:\/\/ninamartinelli.com.br\/blog2\/decoratto-indigena-expressoes-da-terra-e-dos-povos-originarios-para-os-ambientes-mais-especiais\/#primaryimage\"},\"image\":{\"@id\":\"https:\/\/ninamartinelli.com.br\/blog2\/decoratto-indigena-expressoes-da-terra-e-dos-povos-originarios-para-os-ambientes-mais-especiais\/#primaryimage\"},\"thumbnailUrl\":\"https:\/\/ninamartinelli.com.br\/blog2\/wp-content\/uploads\/2023\/01\/decoratto-indigena.jpeg\",\"datePublished\":\"2023-01-04T13:58:28+00:00\",\"breadcrumb\":{\"@id\":\"https:\/\/ninamartinelli.com.br\/blog2\/decoratto-indigena-expressoes-da-terra-e-dos-povos-originarios-para-os-ambientes-mais-especiais\/#breadcrumb\"},\"inLanguage\":\"pt-BR\",\"potentialAction\":[{\"@type\":\"ReadAction\",\"target\":[\"https:\/\/ninamartinelli.com.br\/blog2\/decoratto-indigena-expressoes-da-terra-e-dos-povos-originarios-para-os-ambientes-mais-especiais\/\"]}]},{\"@type\":\"ImageObject\",\"inLanguage\":\"pt-BR\",\"@id\":\"https:\/\/ninamartinelli.com.br\/blog2\/decoratto-indigena-expressoes-da-terra-e-dos-povos-originarios-para-os-ambientes-mais-especiais\/#primaryimage\",\"url\":\"https:\/\/ninamartinelli.com.br\/blog2\/wp-content\/uploads\/2023\/01\/decoratto-indigena.jpeg\",\"contentUrl\":\"https:\/\/ninamartinelli.com.br\/blog2\/wp-content\/uploads\/2023\/01\/decoratto-indigena.jpeg\",\"width\":909,\"height\":557},{\"@type\":\"BreadcrumbList\",\"@id\":\"https:\/\/ninamartinelli.com.br\/blog2\/decoratto-indigena-expressoes-da-terra-e-dos-povos-originarios-para-os-ambientes-mais-especiais\/#breadcrumb\",\"itemListElement\":[{\"@type\":\"ListItem\",\"position\":1,\"name\":\"In\u00edcio\",\"item\":\"https:\/\/ninamartinelli.com.br\/blog2\/\"},{\"@type\":\"ListItem\",\"position\":2,\"name\":\"Decoratto Indigena \u2013 express\u00f5es da terra e dos povos origin\u00e1rios para os ambientes mais especiais\"}]},{\"@type\":\"WebSite\",\"@id\":\"https:\/\/ninamartinelli.com.br\/blog2\/#website\",\"url\":\"https:\/\/ninamartinelli.com.br\/blog2\/\",\"name\":\"Nina Martinelli\",\"description\":\"#Nina_Martinelli\",\"publisher\":{\"@id\":\"https:\/\/ninamartinelli.com.br\/blog2\/#organization\"},\"potentialAction\":[{\"@type\":\"SearchAction\",\"target\":{\"@type\":\"EntryPoint\",\"urlTemplate\":\"https:\/\/ninamartinelli.com.br\/blog2\/?s={search_term_string}\"},\"query-input\":{\"@type\":\"PropertyValueSpecification\",\"valueRequired\":true,\"valueName\":\"search_term_string\"}}],\"inLanguage\":\"pt-BR\"},{\"@type\":\"Organization\",\"@id\":\"https:\/\/ninamartinelli.com.br\/blog2\/#organization\",\"name\":\"Blog Novidades\",\"url\":\"https:\/\/ninamartinelli.com.br\/blog2\/\",\"logo\":{\"@type\":\"ImageObject\",\"inLanguage\":\"pt-BR\",\"@id\":\"https:\/\/ninamartinelli.com.br\/blog2\/#\/schema\/logo\/image\/\",\"url\":\"http:\/\/blog.ninamartinelli.com.br\/wp-content\/uploads\/2022\/03\/logo_nina_blog.png\",\"contentUrl\":\"http:\/\/blog.ninamartinelli.com.br\/wp-content\/uploads\/2022\/03\/logo_nina_blog.png\",\"width\":500,\"height\":104,\"caption\":\"Blog Novidades\"},\"image\":{\"@id\":\"https:\/\/ninamartinelli.com.br\/blog2\/#\/schema\/logo\/image\/\"}},{\"@type\":\"Person\",\"@id\":\"https:\/\/ninamartinelli.com.br\/blog2\/#\/schema\/person\/43fbfb1d4cbe3b472995206b2bb06df5\",\"name\":\"Ana Maria Devides\",\"image\":{\"@type\":\"ImageObject\",\"inLanguage\":\"pt-BR\",\"@id\":\"https:\/\/ninamartinelli.com.br\/blog2\/#\/schema\/person\/image\/\",\"url\":\"https:\/\/secure.gravatar.com\/avatar\/a03a82675d8bb3da8e5c5a6872db97be?s=96&d=mm&r=g\",\"contentUrl\":\"https:\/\/secure.gravatar.com\/avatar\/a03a82675d8bb3da8e5c5a6872db97be?s=96&d=mm&r=g\",\"caption\":\"Ana Maria Devides\"},\"url\":\"https:\/\/ninamartinelli.com.br\/blog2\/author\/assessoria-nina-martinelli\/\"}]}<\/script>\n<!-- \/ Yoast SEO plugin. -->","yoast_head_json":{"title":"Decoratto Indigena \u2013 express\u00f5es da terra e dos povos origin\u00e1rios para os ambientes mais especiais - Blog Nina","robots":{"index":"index","follow":"follow","max-snippet":"max-snippet:-1","max-image-preview":"max-image-preview:large","max-video-preview":"max-video-preview:-1"},"canonical":"https:\/\/ninamartinelli.com.br\/blog2\/decoratto-indigena-expressoes-da-terra-e-dos-povos-originarios-para-os-ambientes-mais-especiais\/","og_locale":"pt_BR","og_type":"article","og_title":"Decoratto Indigena \u2013 express\u00f5es da terra e dos povos origin\u00e1rios para os ambientes mais especiais - Blog Nina","og_description":"A cultura brasileira \u00e9 um caldo riqu\u00edssimo, resultante da combina\u00e7\u00e3o de diversas influ\u00eancias, incluindo as","og_url":"https:\/\/ninamartinelli.com.br\/blog2\/decoratto-indigena-expressoes-da-terra-e-dos-povos-originarios-para-os-ambientes-mais-especiais\/","og_site_name":"Blog Nina","article_published_time":"2023-01-04T13:58:28+00:00","og_image":[{"width":909,"height":557,"url":"https:\/\/ninamartinelli.com.br\/blog2\/wp-content\/uploads\/2023\/01\/decoratto-indigena.jpeg","type":"image\/jpeg"}],"author":"Ana Maria Devides","twitter_card":"summary_large_image","twitter_misc":{"Escrito por":"Ana Maria Devides","Est. tempo de leitura":"1 minuto"},"schema":{"@context":"https:\/\/schema.org","@graph":[{"@type":"Article","@id":"https:\/\/ninamartinelli.com.br\/blog2\/decoratto-indigena-expressoes-da-terra-e-dos-povos-originarios-para-os-ambientes-mais-especiais\/#article","isPartOf":{"@id":"https:\/\/ninamartinelli.com.br\/blog2\/decoratto-indigena-expressoes-da-terra-e-dos-povos-originarios-para-os-ambientes-mais-especiais\/"},"author":{"name":"Ana Maria Devides","@id":"https:\/\/ninamartinelli.com.br\/blog2\/#\/schema\/person\/43fbfb1d4cbe3b472995206b2bb06df5"},"headline":"Decoratto Indigena \u2013 express\u00f5es da terra e dos povos origin\u00e1rios para os ambientes mais especiais","datePublished":"2023-01-04T13:58:28+00:00","mainEntityOfPage":{"@id":"https:\/\/ninamartinelli.com.br\/blog2\/decoratto-indigena-expressoes-da-terra-e-dos-povos-originarios-para-os-ambientes-mais-especiais\/"},"wordCount":204,"commentCount":0,"publisher":{"@id":"https:\/\/ninamartinelli.com.br\/blog2\/#organization"},"image":{"@id":"https:\/\/ninamartinelli.com.br\/blog2\/decoratto-indigena-expressoes-da-terra-e-dos-povos-originarios-para-os-ambientes-mais-especiais\/#primaryimage"},"thumbnailUrl":"https:\/\/ninamartinelli.com.br\/blog2\/wp-content\/uploads\/2023\/01\/decoratto-indigena.jpeg","keywords":["ceramica","revestimento"],"articleSection":["Cer\u00e2mica","Nina Martinelli","Revestimentos"],"inLanguage":"pt-BR","potentialAction":[{"@type":"CommentAction","name":"Comment","target":["https:\/\/ninamartinelli.com.br\/blog2\/decoratto-indigena-expressoes-da-terra-e-dos-povos-originarios-para-os-ambientes-mais-especiais\/#respond"]}]},{"@type":"WebPage","@id":"https:\/\/ninamartinelli.com.br\/blog2\/decoratto-indigena-expressoes-da-terra-e-dos-povos-originarios-para-os-ambientes-mais-especiais\/","url":"https:\/\/ninamartinelli.com.br\/blog2\/decoratto-indigena-expressoes-da-terra-e-dos-povos-originarios-para-os-ambientes-mais-especiais\/","name":"Decoratto Indigena \u2013 express\u00f5es da terra e dos povos origin\u00e1rios para os ambientes mais especiais - Blog Nina","isPartOf":{"@id":"https:\/\/ninamartinelli.com.br\/blog2\/#website"},"primaryImageOfPage":{"@id":"https:\/\/ninamartinelli.com.br\/blog2\/decoratto-indigena-expressoes-da-terra-e-dos-povos-originarios-para-os-ambientes-mais-especiais\/#primaryimage"},"image":{"@id":"https:\/\/ninamartinelli.com.br\/blog2\/decoratto-indigena-expressoes-da-terra-e-dos-povos-originarios-para-os-ambientes-mais-especiais\/#primaryimage"},"thumbnailUrl":"https:\/\/ninamartinelli.com.br\/blog2\/wp-content\/uploads\/2023\/01\/decoratto-indigena.jpeg","datePublished":"2023-01-04T13:58:28+00:00","breadcrumb":{"@id":"https:\/\/ninamartinelli.com.br\/blog2\/decoratto-indigena-expressoes-da-terra-e-dos-povos-originarios-para-os-ambientes-mais-especiais\/#breadcrumb"},"inLanguage":"pt-BR","potentialAction":[{"@type":"ReadAction","target":["https:\/\/ninamartinelli.com.br\/blog2\/decoratto-indigena-expressoes-da-terra-e-dos-povos-originarios-para-os-ambientes-mais-especiais\/"]}]},{"@type":"ImageObject","inLanguage":"pt-BR","@id":"https:\/\/ninamartinelli.com.br\/blog2\/decoratto-indigena-expressoes-da-terra-e-dos-povos-originarios-para-os-ambientes-mais-especiais\/#primaryimage","url":"https:\/\/ninamartinelli.com.br\/blog2\/wp-content\/uploads\/2023\/01\/decoratto-indigena.jpeg","contentUrl":"https:\/\/ninamartinelli.com.br\/blog2\/wp-content\/uploads\/2023\/01\/decoratto-indigena.jpeg","width":909,"height":557},{"@type":"BreadcrumbList","@id":"https:\/\/ninamartinelli.com.br\/blog2\/decoratto-indigena-expressoes-da-terra-e-dos-povos-originarios-para-os-ambientes-mais-especiais\/#breadcrumb","itemListElement":[{"@type":"ListItem","position":1,"name":"In\u00edcio","item":"https:\/\/ninamartinelli.com.br\/blog2\/"},{"@type":"ListItem","position":2,"name":"Decoratto Indigena \u2013 express\u00f5es da terra e dos povos origin\u00e1rios para os ambientes mais especiais"}]},{"@type":"WebSite","@id":"https:\/\/ninamartinelli.com.br\/blog2\/#website","url":"https:\/\/ninamartinelli.com.br\/blog2\/","name":"Nina Martinelli","description":"#Nina_Martinelli","publisher":{"@id":"https:\/\/ninamartinelli.com.br\/blog2\/#organization"},"potentialAction":[{"@type":"SearchAction","target":{"@type":"EntryPoint","urlTemplate":"https:\/\/ninamartinelli.com.br\/blog2\/?s={search_term_string}"},"query-input":{"@type":"PropertyValueSpecification","valueRequired":true,"valueName":"search_term_string"}}],"inLanguage":"pt-BR"},{"@type":"Organization","@id":"https:\/\/ninamartinelli.com.br\/blog2\/#organization","name":"Blog Novidades","url":"https:\/\/ninamartinelli.com.br\/blog2\/","logo":{"@type":"ImageObject","inLanguage":"pt-BR","@id":"https:\/\/ninamartinelli.com.br\/blog2\/#\/schema\/logo\/image\/","url":"http:\/\/blog.ninamartinelli.com.br\/wp-content\/uploads\/2022\/03\/logo_nina_blog.png","contentUrl":"http:\/\/blog.ninamartinelli.com.br\/wp-content\/uploads\/2022\/03\/logo_nina_blog.png","width":500,"height":104,"caption":"Blog Novidades"},"image":{"@id":"https:\/\/ninamartinelli.com.br\/blog2\/#\/schema\/logo\/image\/"}},{"@type":"Person","@id":"https:\/\/ninamartinelli.com.br\/blog2\/#\/schema\/person\/43fbfb1d4cbe3b472995206b2bb06df5","name":"Ana Maria Devides","image":{"@type":"ImageObject","inLanguage":"pt-BR","@id":"https:\/\/ninamartinelli.com.br\/blog2\/#\/schema\/person\/image\/","url":"https:\/\/secure.gravatar.com\/avatar\/a03a82675d8bb3da8e5c5a6872db97be?s=96&d=mm&r=g","contentUrl":"https:\/\/secure.gravatar.com\/avatar\/a03a82675d8bb3da8e5c5a6872db97be?s=96&d=mm&r=g","caption":"Ana Maria Devides"},"url":"https:\/\/ninamartinelli.com.br\/blog2\/author\/assessoria-nina-martinelli\/"}]}},"_links":{"self":[{"href":"https:\/\/ninamartinelli.com.br\/blog2\/wp-json\/wp\/v2\/posts\/1872","targetHints":{"allow":["GET"]}}],"collection":[{"href":"https:\/\/ninamartinelli.com.br\/blog2\/wp-json\/wp\/v2\/posts"}],"about":[{"href":"https:\/\/ninamartinelli.com.br\/blog2\/wp-json\/wp\/v2\/types\/post"}],"author":[{"embeddable":true,"href":"https:\/\/ninamartinelli.com.br\/blog2\/wp-json\/wp\/v2\/users\/2"}],"replies":[{"embeddable":true,"href":"https:\/\/ninamartinelli.com.br\/blog2\/wp-json\/wp\/v2\/comments?post=1872"}],"version-history":[{"count":1,"href":"https:\/\/ninamartinelli.com.br\/blog2\/wp-json\/wp\/v2\/posts\/1872\/revisions"}],"predecessor-version":[{"id":1875,"href":"https:\/\/ninamartinelli.com.br\/blog2\/wp-json\/wp\/v2\/posts\/1872\/revisions\/1875"}],"wp:featuredmedia":[{"embeddable":true,"href":"https:\/\/ninamartinelli.com.br\/blog2\/wp-json\/wp\/v2\/media\/1874"}],"wp:attachment":[{"href":"https:\/\/ninamartinelli.com.br\/blog2\/wp-json\/wp\/v2\/media?parent=1872"}],"wp:term":[{"taxonomy":"category","embeddable":true,"href":"https:\/\/ninamartinelli.com.br\/blog2\/wp-json\/wp\/v2\/categories?post=1872"},{"taxonomy":"post_tag","embeddable":true,"href":"https:\/\/ninamartinelli.com.br\/blog2\/wp-json\/wp\/v2\/tags?post=1872"}],"curies":[{"name":"wp","href":"https:\/\/api.w.org\/{rel}","templated":true}]}}