{"id":185,"date":"2017-03-31T09:04:03","date_gmt":"2017-03-31T12:04:03","guid":{"rendered":"http:\/\/ninamartinelli.com.br\/imprensa\/?p=185"},"modified":"2019-09-12T09:37:41","modified_gmt":"2019-09-12T12:37:41","slug":"paredes-rendadas","status":"publish","type":"post","link":"https:\/\/ninamartinelli.com.br\/blog2\/paredes-rendadas\/","title":{"rendered":"Paredes rendadas"},"content":{"rendered":"<p>A designer Laura Gransotto, duplamente premiada na Casa Cor Florian\u00f3polis, elevou a outro patamar sua paix\u00e3o pelas rendas, mat\u00e9ria-prima fartamente explorada no antol\u00f3gico ambiente \u201c50 tons de branco\u201d na edi\u00e7\u00e3o de 2015. A partir de uma parceria com a empresa de revestimentos Nina Martinelli, Laura assina um revestimento ciment\u00edcio com relevos que mimetiza as rendas de bilro, e que j\u00e1 foi apresentado nacionalmente na Expo Revestir 2017.<\/p>\n<p>&nbsp;<\/p>\n<p>FONTE:\u00a0http:\/\/acontecendoaqui.com.br\/colunas\/coluna-ana-lavratti-renda-nas-paredes-agenda-de-palestras-tango-e-jazz<\/p>\n","protected":false},"excerpt":{"rendered":"<p>A designer Laura Gransotto, duplamente premiada na Casa Cor Florian\u00f3polis, elevou a outro patamar sua<\/p>\n","protected":false},"author":1,"featured_media":186,"comment_status":"open","ping_status":"open","sticky":false,"template":"","format":"standard","meta":{"footnotes":""},"categories":[8,26],"tags":[],"class_list":["post-185","post","type-post","status-publish","format-standard","has-post-thumbnail","hentry","category-colezione-cemento","category-revestimentos"],"yoast_head":"<!-- This site is optimized with the Yoast SEO plugin v26.8 - https:\/\/yoast.com\/product\/yoast-seo-wordpress\/ -->\n<title>Paredes rendadas - Blog Nina<\/title>\n<meta name=\"robots\" content=\"index, follow, max-snippet:-1, max-image-preview:large, max-video-preview:-1\" \/>\n<link rel=\"canonical\" href=\"https:\/\/ninamartinelli.com.br\/blog2\/paredes-rendadas\/\" \/>\n<meta property=\"og:locale\" content=\"pt_BR\" \/>\n<meta property=\"og:type\" content=\"article\" \/>\n<meta property=\"og:title\" content=\"Paredes rendadas - Blog Nina\" \/>\n<meta property=\"og:description\" content=\"A designer Laura Gransotto, duplamente premiada na Casa Cor Florian\u00f3polis, elevou a outro patamar sua\" \/>\n<meta property=\"og:url\" content=\"https:\/\/ninamartinelli.com.br\/blog2\/paredes-rendadas\/\" \/>\n<meta property=\"og:site_name\" content=\"Blog Nina\" \/>\n<meta property=\"article:author\" content=\"http:\/\/facebook.com.br\/ninamartinellioficial\" \/>\n<meta property=\"article:published_time\" content=\"2017-03-31T12:04:03+00:00\" \/>\n<meta property=\"article:modified_time\" content=\"2019-09-12T12:37:41+00:00\" \/>\n<meta property=\"og:image\" content=\"https:\/\/ninamartinelli.com.br\/blog2\/wp-content\/uploads\/2017\/03\/nina_martinelli_rendas_by_laura_gransotto.jpg\" \/>\n\t<meta property=\"og:image:width\" content=\"864\" \/>\n\t<meta property=\"og:image:height\" content=\"500\" \/>\n\t<meta property=\"og:image:type\" content=\"image\/jpeg\" \/>\n<meta name=\"author\" content=\"Comunica\u00e7\u00e3o Nina\" \/>\n<meta name=\"twitter:card\" content=\"summary_large_image\" \/>\n<meta name=\"twitter:label1\" content=\"Escrito por\" \/>\n\t<meta name=\"twitter:data1\" content=\"Comunica\u00e7\u00e3o Nina\" \/>\n<script type=\"application\/ld+json\" class=\"yoast-schema-graph\">{\"@context\":\"https:\/\/schema.org\",\"@graph\":[{\"@type\":\"Article\",\"@id\":\"https:\/\/ninamartinelli.com.br\/blog2\/paredes-rendadas\/#article\",\"isPartOf\":{\"@id\":\"https:\/\/ninamartinelli.com.br\/blog2\/paredes-rendadas\/\"},\"author\":{\"name\":\"Comunica\u00e7\u00e3o Nina\",\"@id\":\"https:\/\/ninamartinelli.com.br\/blog2\/#\/schema\/person\/880a2cdee0a047e9b55254085d24f922\"},\"headline\":\"Paredes rendadas\",\"datePublished\":\"2017-03-31T12:04:03+00:00\",\"dateModified\":\"2019-09-12T12:37:41+00:00\",\"mainEntityOfPage\":{\"@id\":\"https:\/\/ninamartinelli.com.br\/blog2\/paredes-rendadas\/\"},\"wordCount\":80,\"commentCount\":0,\"publisher\":{\"@id\":\"https:\/\/ninamartinelli.com.br\/blog2\/#organization\"},\"image\":{\"@id\":\"https:\/\/ninamartinelli.com.br\/blog2\/paredes-rendadas\/#primaryimage\"},\"thumbnailUrl\":\"https:\/\/ninamartinelli.com.br\/blog2\/wp-content\/uploads\/2017\/03\/nina_martinelli_rendas_by_laura_gransotto.jpg\",\"articleSection\":[\"Colezione Cemento\",\"Revestimentos\"],\"inLanguage\":\"pt-BR\",\"potentialAction\":[{\"@type\":\"CommentAction\",\"name\":\"Comment\",\"target\":[\"https:\/\/ninamartinelli.com.br\/blog2\/paredes-rendadas\/#respond\"]}]},{\"@type\":\"WebPage\",\"@id\":\"https:\/\/ninamartinelli.com.br\/blog2\/paredes-rendadas\/\",\"url\":\"https:\/\/ninamartinelli.com.br\/blog2\/paredes-rendadas\/\",\"name\":\"Paredes rendadas - Blog Nina\",\"isPartOf\":{\"@id\":\"https:\/\/ninamartinelli.com.br\/blog2\/#website\"},\"primaryImageOfPage\":{\"@id\":\"https:\/\/ninamartinelli.com.br\/blog2\/paredes-rendadas\/#primaryimage\"},\"image\":{\"@id\":\"https:\/\/ninamartinelli.com.br\/blog2\/paredes-rendadas\/#primaryimage\"},\"thumbnailUrl\":\"https:\/\/ninamartinelli.com.br\/blog2\/wp-content\/uploads\/2017\/03\/nina_martinelli_rendas_by_laura_gransotto.jpg\",\"datePublished\":\"2017-03-31T12:04:03+00:00\",\"dateModified\":\"2019-09-12T12:37:41+00:00\",\"breadcrumb\":{\"@id\":\"https:\/\/ninamartinelli.com.br\/blog2\/paredes-rendadas\/#breadcrumb\"},\"inLanguage\":\"pt-BR\",\"potentialAction\":[{\"@type\":\"ReadAction\",\"target\":[\"https:\/\/ninamartinelli.com.br\/blog2\/paredes-rendadas\/\"]}]},{\"@type\":\"ImageObject\",\"inLanguage\":\"pt-BR\",\"@id\":\"https:\/\/ninamartinelli.com.br\/blog2\/paredes-rendadas\/#primaryimage\",\"url\":\"https:\/\/ninamartinelli.com.br\/blog2\/wp-content\/uploads\/2017\/03\/nina_martinelli_rendas_by_laura_gransotto.jpg\",\"contentUrl\":\"https:\/\/ninamartinelli.com.br\/blog2\/wp-content\/uploads\/2017\/03\/nina_martinelli_rendas_by_laura_gransotto.jpg\",\"width\":864,\"height\":500},{\"@type\":\"BreadcrumbList\",\"@id\":\"https:\/\/ninamartinelli.com.br\/blog2\/paredes-rendadas\/#breadcrumb\",\"itemListElement\":[{\"@type\":\"ListItem\",\"position\":1,\"name\":\"In\u00edcio\",\"item\":\"https:\/\/ninamartinelli.com.br\/blog2\/\"},{\"@type\":\"ListItem\",\"position\":2,\"name\":\"Paredes rendadas\"}]},{\"@type\":\"WebSite\",\"@id\":\"https:\/\/ninamartinelli.com.br\/blog2\/#website\",\"url\":\"https:\/\/ninamartinelli.com.br\/blog2\/\",\"name\":\"Nina Martinelli\",\"description\":\"#Nina_Martinelli\",\"publisher\":{\"@id\":\"https:\/\/ninamartinelli.com.br\/blog2\/#organization\"},\"potentialAction\":[{\"@type\":\"SearchAction\",\"target\":{\"@type\":\"EntryPoint\",\"urlTemplate\":\"https:\/\/ninamartinelli.com.br\/blog2\/?s={search_term_string}\"},\"query-input\":{\"@type\":\"PropertyValueSpecification\",\"valueRequired\":true,\"valueName\":\"search_term_string\"}}],\"inLanguage\":\"pt-BR\"},{\"@type\":\"Organization\",\"@id\":\"https:\/\/ninamartinelli.com.br\/blog2\/#organization\",\"name\":\"Blog Novidades\",\"url\":\"https:\/\/ninamartinelli.com.br\/blog2\/\",\"logo\":{\"@type\":\"ImageObject\",\"inLanguage\":\"pt-BR\",\"@id\":\"https:\/\/ninamartinelli.com.br\/blog2\/#\/schema\/logo\/image\/\",\"url\":\"http:\/\/blog.ninamartinelli.com.br\/wp-content\/uploads\/2022\/03\/logo_nina_blog.png\",\"contentUrl\":\"http:\/\/blog.ninamartinelli.com.br\/wp-content\/uploads\/2022\/03\/logo_nina_blog.png\",\"width\":500,\"height\":104,\"caption\":\"Blog Novidades\"},\"image\":{\"@id\":\"https:\/\/ninamartinelli.com.br\/blog2\/#\/schema\/logo\/image\/\"}},{\"@type\":\"Person\",\"@id\":\"https:\/\/ninamartinelli.com.br\/blog2\/#\/schema\/person\/880a2cdee0a047e9b55254085d24f922\",\"name\":\"Comunica\u00e7\u00e3o Nina\",\"image\":{\"@type\":\"ImageObject\",\"inLanguage\":\"pt-BR\",\"@id\":\"https:\/\/ninamartinelli.com.br\/blog2\/#\/schema\/person\/image\/\",\"url\":\"https:\/\/secure.gravatar.com\/avatar\/0d3d763fb83768dd001497d074d4c4f6?s=96&d=mm&r=g\",\"contentUrl\":\"https:\/\/secure.gravatar.com\/avatar\/0d3d763fb83768dd001497d074d4c4f6?s=96&d=mm&r=g\",\"caption\":\"Comunica\u00e7\u00e3o Nina\"},\"sameAs\":[\"http:\/\/ninamartinelli.com.br\",\"http:\/\/facebook.com.br\/ninamartinellioficial\",\"http:\/\/instagram.com\/ninamartinellioficial\"],\"url\":\"https:\/\/ninamartinelli.com.br\/blog2\/author\/nina\/\"}]}<\/script>\n<!-- \/ Yoast SEO plugin. -->","yoast_head_json":{"title":"Paredes rendadas - Blog Nina","robots":{"index":"index","follow":"follow","max-snippet":"max-snippet:-1","max-image-preview":"max-image-preview:large","max-video-preview":"max-video-preview:-1"},"canonical":"https:\/\/ninamartinelli.com.br\/blog2\/paredes-rendadas\/","og_locale":"pt_BR","og_type":"article","og_title":"Paredes rendadas - Blog Nina","og_description":"A designer Laura Gransotto, duplamente premiada na Casa Cor Florian\u00f3polis, elevou a outro patamar sua","og_url":"https:\/\/ninamartinelli.com.br\/blog2\/paredes-rendadas\/","og_site_name":"Blog Nina","article_author":"http:\/\/facebook.com.br\/ninamartinellioficial","article_published_time":"2017-03-31T12:04:03+00:00","article_modified_time":"2019-09-12T12:37:41+00:00","og_image":[{"width":864,"height":500,"url":"https:\/\/ninamartinelli.com.br\/blog2\/wp-content\/uploads\/2017\/03\/nina_martinelli_rendas_by_laura_gransotto.jpg","type":"image\/jpeg"}],"author":"Comunica\u00e7\u00e3o Nina","twitter_card":"summary_large_image","twitter_misc":{"Escrito por":"Comunica\u00e7\u00e3o Nina"},"schema":{"@context":"https:\/\/schema.org","@graph":[{"@type":"Article","@id":"https:\/\/ninamartinelli.com.br\/blog2\/paredes-rendadas\/#article","isPartOf":{"@id":"https:\/\/ninamartinelli.com.br\/blog2\/paredes-rendadas\/"},"author":{"name":"Comunica\u00e7\u00e3o Nina","@id":"https:\/\/ninamartinelli.com.br\/blog2\/#\/schema\/person\/880a2cdee0a047e9b55254085d24f922"},"headline":"Paredes rendadas","datePublished":"2017-03-31T12:04:03+00:00","dateModified":"2019-09-12T12:37:41+00:00","mainEntityOfPage":{"@id":"https:\/\/ninamartinelli.com.br\/blog2\/paredes-rendadas\/"},"wordCount":80,"commentCount":0,"publisher":{"@id":"https:\/\/ninamartinelli.com.br\/blog2\/#organization"},"image":{"@id":"https:\/\/ninamartinelli.com.br\/blog2\/paredes-rendadas\/#primaryimage"},"thumbnailUrl":"https:\/\/ninamartinelli.com.br\/blog2\/wp-content\/uploads\/2017\/03\/nina_martinelli_rendas_by_laura_gransotto.jpg","articleSection":["Colezione Cemento","Revestimentos"],"inLanguage":"pt-BR","potentialAction":[{"@type":"CommentAction","name":"Comment","target":["https:\/\/ninamartinelli.com.br\/blog2\/paredes-rendadas\/#respond"]}]},{"@type":"WebPage","@id":"https:\/\/ninamartinelli.com.br\/blog2\/paredes-rendadas\/","url":"https:\/\/ninamartinelli.com.br\/blog2\/paredes-rendadas\/","name":"Paredes rendadas - Blog Nina","isPartOf":{"@id":"https:\/\/ninamartinelli.com.br\/blog2\/#website"},"primaryImageOfPage":{"@id":"https:\/\/ninamartinelli.com.br\/blog2\/paredes-rendadas\/#primaryimage"},"image":{"@id":"https:\/\/ninamartinelli.com.br\/blog2\/paredes-rendadas\/#primaryimage"},"thumbnailUrl":"https:\/\/ninamartinelli.com.br\/blog2\/wp-content\/uploads\/2017\/03\/nina_martinelli_rendas_by_laura_gransotto.jpg","datePublished":"2017-03-31T12:04:03+00:00","dateModified":"2019-09-12T12:37:41+00:00","breadcrumb":{"@id":"https:\/\/ninamartinelli.com.br\/blog2\/paredes-rendadas\/#breadcrumb"},"inLanguage":"pt-BR","potentialAction":[{"@type":"ReadAction","target":["https:\/\/ninamartinelli.com.br\/blog2\/paredes-rendadas\/"]}]},{"@type":"ImageObject","inLanguage":"pt-BR","@id":"https:\/\/ninamartinelli.com.br\/blog2\/paredes-rendadas\/#primaryimage","url":"https:\/\/ninamartinelli.com.br\/blog2\/wp-content\/uploads\/2017\/03\/nina_martinelli_rendas_by_laura_gransotto.jpg","contentUrl":"https:\/\/ninamartinelli.com.br\/blog2\/wp-content\/uploads\/2017\/03\/nina_martinelli_rendas_by_laura_gransotto.jpg","width":864,"height":500},{"@type":"BreadcrumbList","@id":"https:\/\/ninamartinelli.com.br\/blog2\/paredes-rendadas\/#breadcrumb","itemListElement":[{"@type":"ListItem","position":1,"name":"In\u00edcio","item":"https:\/\/ninamartinelli.com.br\/blog2\/"},{"@type":"ListItem","position":2,"name":"Paredes rendadas"}]},{"@type":"WebSite","@id":"https:\/\/ninamartinelli.com.br\/blog2\/#website","url":"https:\/\/ninamartinelli.com.br\/blog2\/","name":"Nina Martinelli","description":"#Nina_Martinelli","publisher":{"@id":"https:\/\/ninamartinelli.com.br\/blog2\/#organization"},"potentialAction":[{"@type":"SearchAction","target":{"@type":"EntryPoint","urlTemplate":"https:\/\/ninamartinelli.com.br\/blog2\/?s={search_term_string}"},"query-input":{"@type":"PropertyValueSpecification","valueRequired":true,"valueName":"search_term_string"}}],"inLanguage":"pt-BR"},{"@type":"Organization","@id":"https:\/\/ninamartinelli.com.br\/blog2\/#organization","name":"Blog Novidades","url":"https:\/\/ninamartinelli.com.br\/blog2\/","logo":{"@type":"ImageObject","inLanguage":"pt-BR","@id":"https:\/\/ninamartinelli.com.br\/blog2\/#\/schema\/logo\/image\/","url":"http:\/\/blog.ninamartinelli.com.br\/wp-content\/uploads\/2022\/03\/logo_nina_blog.png","contentUrl":"http:\/\/blog.ninamartinelli.com.br\/wp-content\/uploads\/2022\/03\/logo_nina_blog.png","width":500,"height":104,"caption":"Blog Novidades"},"image":{"@id":"https:\/\/ninamartinelli.com.br\/blog2\/#\/schema\/logo\/image\/"}},{"@type":"Person","@id":"https:\/\/ninamartinelli.com.br\/blog2\/#\/schema\/person\/880a2cdee0a047e9b55254085d24f922","name":"Comunica\u00e7\u00e3o Nina","image":{"@type":"ImageObject","inLanguage":"pt-BR","@id":"https:\/\/ninamartinelli.com.br\/blog2\/#\/schema\/person\/image\/","url":"https:\/\/secure.gravatar.com\/avatar\/0d3d763fb83768dd001497d074d4c4f6?s=96&d=mm&r=g","contentUrl":"https:\/\/secure.gravatar.com\/avatar\/0d3d763fb83768dd001497d074d4c4f6?s=96&d=mm&r=g","caption":"Comunica\u00e7\u00e3o Nina"},"sameAs":["http:\/\/ninamartinelli.com.br","http:\/\/facebook.com.br\/ninamartinellioficial","http:\/\/instagram.com\/ninamartinellioficial"],"url":"https:\/\/ninamartinelli.com.br\/blog2\/author\/nina\/"}]}},"_links":{"self":[{"href":"https:\/\/ninamartinelli.com.br\/blog2\/wp-json\/wp\/v2\/posts\/185","targetHints":{"allow":["GET"]}}],"collection":[{"href":"https:\/\/ninamartinelli.com.br\/blog2\/wp-json\/wp\/v2\/posts"}],"about":[{"href":"https:\/\/ninamartinelli.com.br\/blog2\/wp-json\/wp\/v2\/types\/post"}],"author":[{"embeddable":true,"href":"https:\/\/ninamartinelli.com.br\/blog2\/wp-json\/wp\/v2\/users\/1"}],"replies":[{"embeddable":true,"href":"https:\/\/ninamartinelli.com.br\/blog2\/wp-json\/wp\/v2\/comments?post=185"}],"version-history":[{"count":1,"href":"https:\/\/ninamartinelli.com.br\/blog2\/wp-json\/wp\/v2\/posts\/185\/revisions"}],"predecessor-version":[{"id":187,"href":"https:\/\/ninamartinelli.com.br\/blog2\/wp-json\/wp\/v2\/posts\/185\/revisions\/187"}],"wp:featuredmedia":[{"embeddable":true,"href":"https:\/\/ninamartinelli.com.br\/blog2\/wp-json\/wp\/v2\/media\/186"}],"wp:attachment":[{"href":"https:\/\/ninamartinelli.com.br\/blog2\/wp-json\/wp\/v2\/media?parent=185"}],"wp:term":[{"taxonomy":"category","embeddable":true,"href":"https:\/\/ninamartinelli.com.br\/blog2\/wp-json\/wp\/v2\/categories?post=185"},{"taxonomy":"post_tag","embeddable":true,"href":"https:\/\/ninamartinelli.com.br\/blog2\/wp-json\/wp\/v2\/tags?post=185"}],"curies":[{"name":"wp","href":"https:\/\/api.w.org\/{rel}","templated":true}]}}