{"id":1834,"date":"2022-11-16T16:38:09","date_gmt":"2022-11-16T19:38:09","guid":{"rendered":"http:\/\/blog.ninamartinelli.com.br\/?p=1834"},"modified":"2024-12-04T09:13:20","modified_gmt":"2024-12-04T12:13:20","slug":"borda-verano-charme-e-conforto-termico-a-piscina-em-sao-jose-dos-campos-sp","status":"publish","type":"post","link":"https:\/\/ninamartinelli.com.br\/blog2\/borda-verano-charme-e-conforto-termico-a-piscina-em-sao-jose-dos-campos-sp\/","title":{"rendered":"Borda Verano &#8211; charme e conforto t\u00e9rmico \u00e0 piscina em S\u00e3o Jos\u00e9 dos Campos\/SP"},"content":{"rendered":"<p>Borda Verano &#8211; Clima praiano, leveza, eleg\u00e2ncia e charme minimalista. Atributos que se combinam com muita harmonia na bel\u00edssima resid\u00eancia projetada por Tattiana Otta e Eduardo Albernaz, do escrit\u00f3rio <a href=\"http:\/\/ottaalbernaz.com.br\/\">Otta Albernaz Arquitetura<\/a>, em S\u00e3o Jos\u00e9 dos Campos\/SP.<\/p>\n<p>A casa, constru\u00edda num condom\u00ednio nobre da mesma cidade, tem aproximadamente 550m<sup>2<\/sup> e tira partido de uma volumetria limpa e de alguns Pilotis, colunas de sustenta\u00e7\u00e3o, para criar espa\u00e7os livres para a circula\u00e7\u00e3o, o uso e o olhar.<\/p>\n<p>Na \u00e1rea de lazer e espa\u00e7o gourmet, os arquitetos, em conjunto com os propriet\u00e1rios, um casal com estilo de vida leve e que adora receber, criaram ambientes despojados, que incluem um deck flutuante e a piscina com bordas inclinadas, que em v\u00e1rios momentos, ficam parcialmente submersas.<\/p>\n<h3>Borda Verano, a escolha perfeita<\/h3>\n<p>As bordas s\u00e3o da Nina Martinelli Pisos e Revestimentos. O modelo especificado pelos arquitetos foi a Verano plana, que, no entanto, foi assentada com uma suave inclina\u00e7\u00e3o, para que as pe\u00e7as, que j\u00e1 oferecem muito conforto t\u00e9rmico, por absorverem pouco calor, permane\u00e7am molhadas e tornem ainda mais agrad\u00e1vel o entrar, sair ou simplesmente se sentar \u00e0 beira d\u2019\u00e1gua.<\/p>\n<p>\u201c<em>Funcionou muito bem, ficou elegante, confort\u00e1vel. A aplica\u00e7\u00e3o foi sem problemas e ap\u00f3s um bom tempo, n\u00e3o tivemos qualquer problema com o fato de a borda ficar parcialmente submersa<\/em>\u201d, diz Eduardo.<\/p>\n<p>As bordas de piscina da Nina Martinelli s\u00e3o feitas cimento branco e t\u00eam mais quatro cores exclusivas. Tamb\u00e9m s\u00e3o oferecidas em v\u00e1rias medidas e na vers\u00e3o Degrau, com cantos redondos, quinas retas, vers\u00e3o c\u00f4ncava e convexa, para atender aos mais diversos tipos de projetos.<\/p>\n<p>Vale uma consulta para verificar as cores dispon\u00edveis para cada modelo.<\/p>\n<p>Veja mais projetos com bordas Nina Martinelli clicando <a href=\"http:\/\/blog.ninamartinelli.com.br\/wp-admin\/post.php?post=1822&amp;action=edit\">aqui.<\/a><\/p>\n<p>Para esse projeto, o produto especificado foi adquirido na loja <a href=\"https:\/\/www.toquefinalsjc.com.br\/\">Toque Final Acabamentos<\/a>, de S\u00e3o Jos\u00e9 dos Campos.<\/p>\n<p><strong>\u00a0<\/strong><\/p>\n<p><strong>Servi\u00e7o:<\/strong><\/p>\n<p><strong>Piscina em resid\u00eancia de alto padr\u00e3o em S\u00e3o Jos\u00e9 do dos Campos \/SP<\/strong><\/p>\n<p><strong>Projeto arquitet\u00f4nico:<\/strong> Tattiana Otta e Eduardo Albernaz \u2013 Otta Albernaz Arquitetura<\/p>\n<p><strong>Produto:<\/strong> Borda Verano Plana Grigio<\/p>\n<p><strong>Loja Revendedora<\/strong>: Toque Final Acabamentos \u2013 S\u00e3o Jos\u00e9 dos Campos\/SP<\/p>\n<p><strong>Contato: 12 \u2013 3322-9291 \/ 12-98892-6407 \/12-98892-5087<\/strong><\/p>\n<p><strong>Instagram: @<\/strong>ottaalbernaz<\/p>\n<p><strong>Site<\/strong>: www.ottaalbernaz.com.br<\/p>\n","protected":false},"excerpt":{"rendered":"<p>Borda Verano &#8211; Clima praiano, leveza, eleg\u00e2ncia e charme minimalista. Atributos que se combinam com<\/p>\n","protected":false},"author":2,"featured_media":1837,"comment_status":"open","ping_status":"open","sticky":false,"template":"","format":"standard","meta":{"footnotes":""},"categories":[60],"tags":[62,39,54,29],"class_list":["post-1834","post","type-post","status-publish","format-standard","has-post-thumbnail","hentry","category-cimento","tag-area-de-lazer","tag-area-externa","tag-cimenticio","tag-piscina"],"yoast_head":"<!-- This site is optimized with the Yoast SEO plugin v26.8 - https:\/\/yoast.com\/product\/yoast-seo-wordpress\/ -->\n<title>Borda Verano - charme e conforto t\u00e9rmico \u00e0 piscina em S\u00e3o Jos\u00e9 dos Campos\/SP<\/title>\n<meta name=\"description\" content=\"Borda Verano, escolhia pelos arquitetos Tattiana Otta e Eduardo Albernaz, foi assentada com leve inclina\u00e7\u00e3o e fica parcialmente submersa, veja mais\" \/>\n<meta name=\"robots\" content=\"index, follow, max-snippet:-1, max-image-preview:large, max-video-preview:-1\" \/>\n<link rel=\"canonical\" href=\"https:\/\/ninamartinelli.com.br\/blog2\/borda-verano-charme-e-conforto-termico-a-piscina-em-sao-jose-dos-campos-sp\/\" \/>\n<meta property=\"og:locale\" content=\"pt_BR\" \/>\n<meta property=\"og:type\" content=\"article\" \/>\n<meta property=\"og:title\" content=\"Borda Verano - charme e conforto t\u00e9rmico \u00e0 piscina em S\u00e3o Jos\u00e9 dos Campos\/SP\" \/>\n<meta property=\"og:description\" content=\"Borda Verano, escolhia pelos arquitetos Tattiana Otta e Eduardo Albernaz, foi assentada com leve inclina\u00e7\u00e3o e fica parcialmente submersa, veja mais\" \/>\n<meta property=\"og:url\" content=\"https:\/\/ninamartinelli.com.br\/blog2\/borda-verano-charme-e-conforto-termico-a-piscina-em-sao-jose-dos-campos-sp\/\" \/>\n<meta property=\"og:site_name\" content=\"Blog Nina\" \/>\n<meta property=\"article:published_time\" content=\"2022-11-16T19:38:09+00:00\" \/>\n<meta property=\"article:modified_time\" content=\"2024-12-04T12:13:20+00:00\" \/>\n<meta property=\"og:image\" content=\"https:\/\/ninamartinelli.com.br\/blog2\/wp-content\/uploads\/2022\/11\/IMG_2999-Copia.jpg\" \/>\n\t<meta property=\"og:image:width\" content=\"1000\" \/>\n\t<meta property=\"og:image:height\" content=\"1333\" \/>\n\t<meta property=\"og:image:type\" content=\"image\/jpeg\" \/>\n<meta name=\"author\" content=\"Ana Maria Devides\" \/>\n<meta name=\"twitter:card\" content=\"summary_large_image\" \/>\n<meta name=\"twitter:label1\" content=\"Escrito por\" \/>\n\t<meta name=\"twitter:data1\" content=\"Ana Maria Devides\" \/>\n\t<meta name=\"twitter:label2\" content=\"Est. tempo de leitura\" \/>\n\t<meta name=\"twitter:data2\" content=\"2 minutos\" \/>\n<script type=\"application\/ld+json\" class=\"yoast-schema-graph\">{\"@context\":\"https:\/\/schema.org\",\"@graph\":[{\"@type\":\"Article\",\"@id\":\"https:\/\/ninamartinelli.com.br\/blog2\/borda-verano-charme-e-conforto-termico-a-piscina-em-sao-jose-dos-campos-sp\/#article\",\"isPartOf\":{\"@id\":\"https:\/\/ninamartinelli.com.br\/blog2\/borda-verano-charme-e-conforto-termico-a-piscina-em-sao-jose-dos-campos-sp\/\"},\"author\":{\"name\":\"Ana Maria Devides\",\"@id\":\"https:\/\/ninamartinelli.com.br\/blog2\/#\/schema\/person\/43fbfb1d4cbe3b472995206b2bb06df5\"},\"headline\":\"Borda Verano &#8211; charme e conforto t\u00e9rmico \u00e0 piscina em S\u00e3o Jos\u00e9 dos Campos\/SP\",\"datePublished\":\"2022-11-16T19:38:09+00:00\",\"dateModified\":\"2024-12-04T12:13:20+00:00\",\"mainEntityOfPage\":{\"@id\":\"https:\/\/ninamartinelli.com.br\/blog2\/borda-verano-charme-e-conforto-termico-a-piscina-em-sao-jose-dos-campos-sp\/\"},\"wordCount\":405,\"commentCount\":0,\"publisher\":{\"@id\":\"https:\/\/ninamartinelli.com.br\/blog2\/#organization\"},\"image\":{\"@id\":\"https:\/\/ninamartinelli.com.br\/blog2\/borda-verano-charme-e-conforto-termico-a-piscina-em-sao-jose-dos-campos-sp\/#primaryimage\"},\"thumbnailUrl\":\"https:\/\/ninamartinelli.com.br\/blog2\/wp-content\/uploads\/2022\/11\/IMG_2999-Copia.jpg\",\"keywords\":[\"area de lazer\",\"area externa\",\"cimenticio\",\"piscina\"],\"articleSection\":[\"Cimento\"],\"inLanguage\":\"pt-BR\",\"potentialAction\":[{\"@type\":\"CommentAction\",\"name\":\"Comment\",\"target\":[\"https:\/\/ninamartinelli.com.br\/blog2\/borda-verano-charme-e-conforto-termico-a-piscina-em-sao-jose-dos-campos-sp\/#respond\"]}]},{\"@type\":\"WebPage\",\"@id\":\"https:\/\/ninamartinelli.com.br\/blog2\/borda-verano-charme-e-conforto-termico-a-piscina-em-sao-jose-dos-campos-sp\/\",\"url\":\"https:\/\/ninamartinelli.com.br\/blog2\/borda-verano-charme-e-conforto-termico-a-piscina-em-sao-jose-dos-campos-sp\/\",\"name\":\"Borda Verano - charme e conforto t\u00e9rmico \u00e0 piscina em S\u00e3o Jos\u00e9 dos Campos\/SP\",\"isPartOf\":{\"@id\":\"https:\/\/ninamartinelli.com.br\/blog2\/#website\"},\"primaryImageOfPage\":{\"@id\":\"https:\/\/ninamartinelli.com.br\/blog2\/borda-verano-charme-e-conforto-termico-a-piscina-em-sao-jose-dos-campos-sp\/#primaryimage\"},\"image\":{\"@id\":\"https:\/\/ninamartinelli.com.br\/blog2\/borda-verano-charme-e-conforto-termico-a-piscina-em-sao-jose-dos-campos-sp\/#primaryimage\"},\"thumbnailUrl\":\"https:\/\/ninamartinelli.com.br\/blog2\/wp-content\/uploads\/2022\/11\/IMG_2999-Copia.jpg\",\"datePublished\":\"2022-11-16T19:38:09+00:00\",\"dateModified\":\"2024-12-04T12:13:20+00:00\",\"description\":\"Borda Verano, escolhia pelos arquitetos Tattiana Otta e Eduardo Albernaz, foi assentada com leve inclina\u00e7\u00e3o e fica parcialmente submersa, veja mais\",\"breadcrumb\":{\"@id\":\"https:\/\/ninamartinelli.com.br\/blog2\/borda-verano-charme-e-conforto-termico-a-piscina-em-sao-jose-dos-campos-sp\/#breadcrumb\"},\"inLanguage\":\"pt-BR\",\"potentialAction\":[{\"@type\":\"ReadAction\",\"target\":[\"https:\/\/ninamartinelli.com.br\/blog2\/borda-verano-charme-e-conforto-termico-a-piscina-em-sao-jose-dos-campos-sp\/\"]}]},{\"@type\":\"ImageObject\",\"inLanguage\":\"pt-BR\",\"@id\":\"https:\/\/ninamartinelli.com.br\/blog2\/borda-verano-charme-e-conforto-termico-a-piscina-em-sao-jose-dos-campos-sp\/#primaryimage\",\"url\":\"https:\/\/ninamartinelli.com.br\/blog2\/wp-content\/uploads\/2022\/11\/IMG_2999-Copia.jpg\",\"contentUrl\":\"https:\/\/ninamartinelli.com.br\/blog2\/wp-content\/uploads\/2022\/11\/IMG_2999-Copia.jpg\",\"width\":1000,\"height\":1333},{\"@type\":\"BreadcrumbList\",\"@id\":\"https:\/\/ninamartinelli.com.br\/blog2\/borda-verano-charme-e-conforto-termico-a-piscina-em-sao-jose-dos-campos-sp\/#breadcrumb\",\"itemListElement\":[{\"@type\":\"ListItem\",\"position\":1,\"name\":\"In\u00edcio\",\"item\":\"https:\/\/ninamartinelli.com.br\/blog2\/\"},{\"@type\":\"ListItem\",\"position\":2,\"name\":\"Borda Verano &#8211; charme e conforto t\u00e9rmico \u00e0 piscina em S\u00e3o Jos\u00e9 dos Campos\/SP\"}]},{\"@type\":\"WebSite\",\"@id\":\"https:\/\/ninamartinelli.com.br\/blog2\/#website\",\"url\":\"https:\/\/ninamartinelli.com.br\/blog2\/\",\"name\":\"Nina Martinelli\",\"description\":\"#Nina_Martinelli\",\"publisher\":{\"@id\":\"https:\/\/ninamartinelli.com.br\/blog2\/#organization\"},\"potentialAction\":[{\"@type\":\"SearchAction\",\"target\":{\"@type\":\"EntryPoint\",\"urlTemplate\":\"https:\/\/ninamartinelli.com.br\/blog2\/?s={search_term_string}\"},\"query-input\":{\"@type\":\"PropertyValueSpecification\",\"valueRequired\":true,\"valueName\":\"search_term_string\"}}],\"inLanguage\":\"pt-BR\"},{\"@type\":\"Organization\",\"@id\":\"https:\/\/ninamartinelli.com.br\/blog2\/#organization\",\"name\":\"Blog Novidades\",\"url\":\"https:\/\/ninamartinelli.com.br\/blog2\/\",\"logo\":{\"@type\":\"ImageObject\",\"inLanguage\":\"pt-BR\",\"@id\":\"https:\/\/ninamartinelli.com.br\/blog2\/#\/schema\/logo\/image\/\",\"url\":\"http:\/\/blog.ninamartinelli.com.br\/wp-content\/uploads\/2022\/03\/logo_nina_blog.png\",\"contentUrl\":\"http:\/\/blog.ninamartinelli.com.br\/wp-content\/uploads\/2022\/03\/logo_nina_blog.png\",\"width\":500,\"height\":104,\"caption\":\"Blog Novidades\"},\"image\":{\"@id\":\"https:\/\/ninamartinelli.com.br\/blog2\/#\/schema\/logo\/image\/\"}},{\"@type\":\"Person\",\"@id\":\"https:\/\/ninamartinelli.com.br\/blog2\/#\/schema\/person\/43fbfb1d4cbe3b472995206b2bb06df5\",\"name\":\"Ana Maria Devides\",\"image\":{\"@type\":\"ImageObject\",\"inLanguage\":\"pt-BR\",\"@id\":\"https:\/\/ninamartinelli.com.br\/blog2\/#\/schema\/person\/image\/\",\"url\":\"https:\/\/secure.gravatar.com\/avatar\/a03a82675d8bb3da8e5c5a6872db97be?s=96&d=mm&r=g\",\"contentUrl\":\"https:\/\/secure.gravatar.com\/avatar\/a03a82675d8bb3da8e5c5a6872db97be?s=96&d=mm&r=g\",\"caption\":\"Ana Maria Devides\"},\"url\":\"https:\/\/ninamartinelli.com.br\/blog2\/author\/assessoria-nina-martinelli\/\"}]}<\/script>\n<!-- \/ Yoast SEO plugin. -->","yoast_head_json":{"title":"Borda Verano - charme e conforto t\u00e9rmico \u00e0 piscina em S\u00e3o Jos\u00e9 dos Campos\/SP","description":"Borda Verano, escolhia pelos arquitetos Tattiana Otta e Eduardo Albernaz, foi assentada com leve inclina\u00e7\u00e3o e fica parcialmente submersa, veja mais","robots":{"index":"index","follow":"follow","max-snippet":"max-snippet:-1","max-image-preview":"max-image-preview:large","max-video-preview":"max-video-preview:-1"},"canonical":"https:\/\/ninamartinelli.com.br\/blog2\/borda-verano-charme-e-conforto-termico-a-piscina-em-sao-jose-dos-campos-sp\/","og_locale":"pt_BR","og_type":"article","og_title":"Borda Verano - charme e conforto t\u00e9rmico \u00e0 piscina em S\u00e3o Jos\u00e9 dos Campos\/SP","og_description":"Borda Verano, escolhia pelos arquitetos Tattiana Otta e Eduardo Albernaz, foi assentada com leve inclina\u00e7\u00e3o e fica parcialmente submersa, veja mais","og_url":"https:\/\/ninamartinelli.com.br\/blog2\/borda-verano-charme-e-conforto-termico-a-piscina-em-sao-jose-dos-campos-sp\/","og_site_name":"Blog Nina","article_published_time":"2022-11-16T19:38:09+00:00","article_modified_time":"2024-12-04T12:13:20+00:00","og_image":[{"width":1000,"height":1333,"url":"https:\/\/ninamartinelli.com.br\/blog2\/wp-content\/uploads\/2022\/11\/IMG_2999-Copia.jpg","type":"image\/jpeg"}],"author":"Ana Maria Devides","twitter_card":"summary_large_image","twitter_misc":{"Escrito por":"Ana Maria Devides","Est. tempo de leitura":"2 minutos"},"schema":{"@context":"https:\/\/schema.org","@graph":[{"@type":"Article","@id":"https:\/\/ninamartinelli.com.br\/blog2\/borda-verano-charme-e-conforto-termico-a-piscina-em-sao-jose-dos-campos-sp\/#article","isPartOf":{"@id":"https:\/\/ninamartinelli.com.br\/blog2\/borda-verano-charme-e-conforto-termico-a-piscina-em-sao-jose-dos-campos-sp\/"},"author":{"name":"Ana Maria Devides","@id":"https:\/\/ninamartinelli.com.br\/blog2\/#\/schema\/person\/43fbfb1d4cbe3b472995206b2bb06df5"},"headline":"Borda Verano &#8211; charme e conforto t\u00e9rmico \u00e0 piscina em S\u00e3o Jos\u00e9 dos Campos\/SP","datePublished":"2022-11-16T19:38:09+00:00","dateModified":"2024-12-04T12:13:20+00:00","mainEntityOfPage":{"@id":"https:\/\/ninamartinelli.com.br\/blog2\/borda-verano-charme-e-conforto-termico-a-piscina-em-sao-jose-dos-campos-sp\/"},"wordCount":405,"commentCount":0,"publisher":{"@id":"https:\/\/ninamartinelli.com.br\/blog2\/#organization"},"image":{"@id":"https:\/\/ninamartinelli.com.br\/blog2\/borda-verano-charme-e-conforto-termico-a-piscina-em-sao-jose-dos-campos-sp\/#primaryimage"},"thumbnailUrl":"https:\/\/ninamartinelli.com.br\/blog2\/wp-content\/uploads\/2022\/11\/IMG_2999-Copia.jpg","keywords":["area de lazer","area externa","cimenticio","piscina"],"articleSection":["Cimento"],"inLanguage":"pt-BR","potentialAction":[{"@type":"CommentAction","name":"Comment","target":["https:\/\/ninamartinelli.com.br\/blog2\/borda-verano-charme-e-conforto-termico-a-piscina-em-sao-jose-dos-campos-sp\/#respond"]}]},{"@type":"WebPage","@id":"https:\/\/ninamartinelli.com.br\/blog2\/borda-verano-charme-e-conforto-termico-a-piscina-em-sao-jose-dos-campos-sp\/","url":"https:\/\/ninamartinelli.com.br\/blog2\/borda-verano-charme-e-conforto-termico-a-piscina-em-sao-jose-dos-campos-sp\/","name":"Borda Verano - charme e conforto t\u00e9rmico \u00e0 piscina em S\u00e3o Jos\u00e9 dos Campos\/SP","isPartOf":{"@id":"https:\/\/ninamartinelli.com.br\/blog2\/#website"},"primaryImageOfPage":{"@id":"https:\/\/ninamartinelli.com.br\/blog2\/borda-verano-charme-e-conforto-termico-a-piscina-em-sao-jose-dos-campos-sp\/#primaryimage"},"image":{"@id":"https:\/\/ninamartinelli.com.br\/blog2\/borda-verano-charme-e-conforto-termico-a-piscina-em-sao-jose-dos-campos-sp\/#primaryimage"},"thumbnailUrl":"https:\/\/ninamartinelli.com.br\/blog2\/wp-content\/uploads\/2022\/11\/IMG_2999-Copia.jpg","datePublished":"2022-11-16T19:38:09+00:00","dateModified":"2024-12-04T12:13:20+00:00","description":"Borda Verano, escolhia pelos arquitetos Tattiana Otta e Eduardo Albernaz, foi assentada com leve inclina\u00e7\u00e3o e fica parcialmente submersa, veja mais","breadcrumb":{"@id":"https:\/\/ninamartinelli.com.br\/blog2\/borda-verano-charme-e-conforto-termico-a-piscina-em-sao-jose-dos-campos-sp\/#breadcrumb"},"inLanguage":"pt-BR","potentialAction":[{"@type":"ReadAction","target":["https:\/\/ninamartinelli.com.br\/blog2\/borda-verano-charme-e-conforto-termico-a-piscina-em-sao-jose-dos-campos-sp\/"]}]},{"@type":"ImageObject","inLanguage":"pt-BR","@id":"https:\/\/ninamartinelli.com.br\/blog2\/borda-verano-charme-e-conforto-termico-a-piscina-em-sao-jose-dos-campos-sp\/#primaryimage","url":"https:\/\/ninamartinelli.com.br\/blog2\/wp-content\/uploads\/2022\/11\/IMG_2999-Copia.jpg","contentUrl":"https:\/\/ninamartinelli.com.br\/blog2\/wp-content\/uploads\/2022\/11\/IMG_2999-Copia.jpg","width":1000,"height":1333},{"@type":"BreadcrumbList","@id":"https:\/\/ninamartinelli.com.br\/blog2\/borda-verano-charme-e-conforto-termico-a-piscina-em-sao-jose-dos-campos-sp\/#breadcrumb","itemListElement":[{"@type":"ListItem","position":1,"name":"In\u00edcio","item":"https:\/\/ninamartinelli.com.br\/blog2\/"},{"@type":"ListItem","position":2,"name":"Borda Verano &#8211; charme e conforto t\u00e9rmico \u00e0 piscina em S\u00e3o Jos\u00e9 dos Campos\/SP"}]},{"@type":"WebSite","@id":"https:\/\/ninamartinelli.com.br\/blog2\/#website","url":"https:\/\/ninamartinelli.com.br\/blog2\/","name":"Nina Martinelli","description":"#Nina_Martinelli","publisher":{"@id":"https:\/\/ninamartinelli.com.br\/blog2\/#organization"},"potentialAction":[{"@type":"SearchAction","target":{"@type":"EntryPoint","urlTemplate":"https:\/\/ninamartinelli.com.br\/blog2\/?s={search_term_string}"},"query-input":{"@type":"PropertyValueSpecification","valueRequired":true,"valueName":"search_term_string"}}],"inLanguage":"pt-BR"},{"@type":"Organization","@id":"https:\/\/ninamartinelli.com.br\/blog2\/#organization","name":"Blog Novidades","url":"https:\/\/ninamartinelli.com.br\/blog2\/","logo":{"@type":"ImageObject","inLanguage":"pt-BR","@id":"https:\/\/ninamartinelli.com.br\/blog2\/#\/schema\/logo\/image\/","url":"http:\/\/blog.ninamartinelli.com.br\/wp-content\/uploads\/2022\/03\/logo_nina_blog.png","contentUrl":"http:\/\/blog.ninamartinelli.com.br\/wp-content\/uploads\/2022\/03\/logo_nina_blog.png","width":500,"height":104,"caption":"Blog Novidades"},"image":{"@id":"https:\/\/ninamartinelli.com.br\/blog2\/#\/schema\/logo\/image\/"}},{"@type":"Person","@id":"https:\/\/ninamartinelli.com.br\/blog2\/#\/schema\/person\/43fbfb1d4cbe3b472995206b2bb06df5","name":"Ana Maria Devides","image":{"@type":"ImageObject","inLanguage":"pt-BR","@id":"https:\/\/ninamartinelli.com.br\/blog2\/#\/schema\/person\/image\/","url":"https:\/\/secure.gravatar.com\/avatar\/a03a82675d8bb3da8e5c5a6872db97be?s=96&d=mm&r=g","contentUrl":"https:\/\/secure.gravatar.com\/avatar\/a03a82675d8bb3da8e5c5a6872db97be?s=96&d=mm&r=g","caption":"Ana Maria Devides"},"url":"https:\/\/ninamartinelli.com.br\/blog2\/author\/assessoria-nina-martinelli\/"}]}},"_links":{"self":[{"href":"https:\/\/ninamartinelli.com.br\/blog2\/wp-json\/wp\/v2\/posts\/1834","targetHints":{"allow":["GET"]}}],"collection":[{"href":"https:\/\/ninamartinelli.com.br\/blog2\/wp-json\/wp\/v2\/posts"}],"about":[{"href":"https:\/\/ninamartinelli.com.br\/blog2\/wp-json\/wp\/v2\/types\/post"}],"author":[{"embeddable":true,"href":"https:\/\/ninamartinelli.com.br\/blog2\/wp-json\/wp\/v2\/users\/2"}],"replies":[{"embeddable":true,"href":"https:\/\/ninamartinelli.com.br\/blog2\/wp-json\/wp\/v2\/comments?post=1834"}],"version-history":[{"count":1,"href":"https:\/\/ninamartinelli.com.br\/blog2\/wp-json\/wp\/v2\/posts\/1834\/revisions"}],"predecessor-version":[{"id":1838,"href":"https:\/\/ninamartinelli.com.br\/blog2\/wp-json\/wp\/v2\/posts\/1834\/revisions\/1838"}],"wp:featuredmedia":[{"embeddable":true,"href":"https:\/\/ninamartinelli.com.br\/blog2\/wp-json\/wp\/v2\/media\/1837"}],"wp:attachment":[{"href":"https:\/\/ninamartinelli.com.br\/blog2\/wp-json\/wp\/v2\/media?parent=1834"}],"wp:term":[{"taxonomy":"category","embeddable":true,"href":"https:\/\/ninamartinelli.com.br\/blog2\/wp-json\/wp\/v2\/categories?post=1834"},{"taxonomy":"post_tag","embeddable":true,"href":"https:\/\/ninamartinelli.com.br\/blog2\/wp-json\/wp\/v2\/tags?post=1834"}],"curies":[{"name":"wp","href":"https:\/\/api.w.org\/{rel}","templated":true}]}}